{"id":15479,"date":"2026-09-02T09:37:20","date_gmt":"2026-09-02T13:37:20","guid":{"rendered":"https:\/\/innoticiasbo.com\/?p=15479"},"modified":"2026-09-02T09:39:43","modified_gmt":"2026-09-02T13:39:43","slug":"tuto-pide-acuerdo-politico-y-plazo-de-dos-meses-para-reformar-la-constitucion","status":"publish","type":"post","link":"https:\/\/innoticiasbo.com\/index.php\/2026\/09\/02\/tuto-pide-acuerdo-politico-y-plazo-de-dos-meses-para-reformar-la-constitucion\/","title":{"rendered":"TUTO PIDE ACUERDO POL\u00cdTICO Y PLAZO DE DOS MESES PARA REFORMAR LA CONSTITUCI\u00d3N"},"content":{"rendered":"\n<figure class=\"wp-block-image size-large\"><img data-recalc-dims=\"1\" loading=\"lazy\" decoding=\"async\" width=\"640\" height=\"358\" src=\"https:\/\/i0.wp.com\/innoticiasbo.com\/wp-content\/uploads\/2026\/09\/image_editor_output_image-1002396274-1788356174550897888527046868386.jpg?resize=640%2C358&#038;ssl=1\" alt=\"\" class=\"wp-image-15477\" srcset=\"https:\/\/i0.wp.com\/innoticiasbo.com\/wp-content\/uploads\/2026\/09\/image_editor_output_image-1002396274-1788356174550897888527046868386.jpg?w=991&amp;ssl=1 991w, https:\/\/i0.wp.com\/innoticiasbo.com\/wp-content\/uploads\/2026\/09\/image_editor_output_image-1002396274-1788356174550897888527046868386.jpg?resize=300%2C168&amp;ssl=1 300w, https:\/\/i0.wp.com\/innoticiasbo.com\/wp-content\/uploads\/2026\/09\/image_editor_output_image-1002396274-1788356174550897888527046868386.jpg?resize=768%2C429&amp;ssl=1 768w\" sizes=\"auto, (max-width: 640px) 100vw, 640px\" \/><\/figure>\n\n\n\n<p>2 de septiembre.- Los frentes Unidad Nacional y S\u00famate respaldan el di\u00e1logo por acuerdos para modificar la CPE. Quiroga ve indispensable la participaci\u00f3n del presidente de la Asamblea Edmand Lara y de los presidentes del Senado y de Diputados.<\/p>\n\n\n\n<p>El expresidente y l\u00edder de Libertad y Democracia (Libre), Jorge Tuto Quiroga, plante\u00f3 una ruta cr\u00edtica para viabilizar la reforma de la Constituci\u00f3n Pol\u00edtica del Estado (CPE), sustentada en tres pilares: alcanzar acuerdos entre todos los actores pol\u00edticos, garantizar el respaldo de dos tercios de la Asamblea Legislativa y fijar un plazo de dos meses para concretar estos avances.<br><br>\u201cYo propongo que trabajemos hasta el 8 de noviembre o hasta fin de a\u00f1o m\u00e1ximo, pero mejor si es hasta el 8 de noviembre y vamos a hablar con todos, con los legisladores del PDC, con los de Lara, con el presidente del Senado, de Diputados\u201d, plante\u00f3.<br><br>As\u00ed, el exmandatario, quien hace dos semanas present\u00f3 su propuesta de reforma constitucional, respondi\u00f3 al presidente Rodrigo Paz que el 31 de agosto anunciaba su \u201cplena apertura\u201d a dialogar con los l\u00edderes pol\u00edticos para reformar la CPE. Dijo que llamar\u00eda a Tuto.<\/p>\n\n\n\n<p>Quiroga, mostr\u00f3 su predisposici\u00f3n al di\u00e1logo, pero dijo que ya no es tiempo de cumbres pol\u00edticas ni anuncios sino que es hora de ponerse a trabajar sobre hechos concretos.\u201cEstoy a disposici\u00f3n para conversar sobre esto con quien quiera conversar, pero pido que cualquier reuni\u00f3n que se haga sea sin shows, sin fotocracias. La hora de la cumbre (pol\u00edtica), ya pas\u00f3\u201d, dijo.<br><br>En ese marco, Quiroga anot\u00f3 puntos clave para el avance de la reforma constitucional: socializar la propuesta con todos los sectores para tener m\u00e1s propuestas, lograr dos tercios en la Asamblea Legislativa o lo que es lo mismo, garantizar el respaldo de 111 votos, y coordinar el trabajo con el presidente de la Asamblea Legislativa, Edmand Lara.<br><br>Para el exmandatario no es posible \u201cpretender que este trabajo se haga sin el concurso del vicepresidente Edmand Lara que es el que preside la Asamblea Legislativa\u201d, afirm\u00f3 Quiroga y sum\u00f3 a ello los aportes de los presidentes del Senado y Diputados, pero destac\u00f3 el rol de Lara porque un proyecto de reforma constitucional se resuelve en sesi\u00f3n de la Asamblea Legislativa.<\/p>\n\n\n\n<p>\u201cSi \u00e9l (Edmand Lara) no est\u00e1 presidiendo la sesi\u00f3n con la voluntad de aprobar, toca el timbre y (decidir cuarto intermedio) una semana y otra y puede sabotear. Hay que hablar con todos los que puedan aportar a este proceso. El rol de los presidentes de las c\u00e1maras y del vicepresidente son determinantes\u201d, subray\u00f3.<br><br>UN y\u00a0 S\u00famate<br><br>Desde los frentes pol\u00edticos de Unidad Nacional (UN) de Samuel Doria Medina y S\u00famate de Manfred Reyes Villa, ven con buenos ojos la apertura de Paz al di\u00e1logo con los l\u00edderes pol\u00edticos.<br><br>El vocero de UN, Roberto Moscoso, indic\u00f3 a EL DEBER que el partido va a esperar que el anuncio de Paz se haga formal.<br><br>\u201cTodas las instancias de di\u00e1logo ser\u00e1n bienvenidas porque el di\u00e1logo es parte de un instrumento esencial de la democracia y si nosotros podemos coadyuvar a la soluci\u00f3n de la crisis en beneficio del Estado y la poblaci\u00f3n, estaremos all\u00e1 con nuestras propuestas y visi\u00f3n de pa\u00eds\u201d, dijo.<br><br> De su parte, el jefe de bancada de S\u00famate, el diputado Diego Bra\u00f1ez, destac\u00f3 la apertura del Gobierno de Paz de iniciar un di\u00e1logo entre l\u00edderes pol\u00edticos lo que no significa para S\u00famate alinearse al Gobierno.<br><br>\u201cSe ha dado cuenta que el camino siempre va por el respeto a las instituciones y las organizaciones pol\u00edticas. Nosotros vemos con buenos ojos que se empiecen a reunir y que estas acciones puedan llevar a tener una Asamblea m\u00e1s fortalecida y un Ejecutivo que empiece a accionar\u201d, dijo.<\/p>\n\n\n\n<p>Fuente: El Deber <\/p>\n","protected":false},"excerpt":{"rendered":"<p>2 de septiembre.- Los frentes Unidad Nacional y S\u00famate respaldan el di\u00e1logo por acuerdos para modificar la CPE. Quiroga ve indispensable la participaci\u00f3n del presidente de la Asamblea Edmand Lara y de los presidentes del Senado y de Diputados. El expresidente y l\u00edder de Libertad y Democracia (Libre), Jorge Tuto Quiroga, plante\u00f3 una ruta cr\u00edtica&#8230;<\/p>\n","protected":false},"author":12,"featured_media":15478,"comment_status":"open","ping_status":"open","sticky":false,"template":"","format":"standard","meta":{"_jetpack_memberships_contains_paid_content":false,"footnotes":"","jetpack_publicize_message":"","jetpack_publicize_feature_enabled":true,"jetpack_social_post_already_shared":true,"jetpack_social_options":{"image_generator_settings":{"template":"highway","enabled":false},"version":2}},"categories":[1,3],"tags":[1104,7,2007,992,411,3806],"class_list":["post-15479","post","type-post","status-publish","format-standard","has-post-thumbnail","hentry","category-bolivia","category-politica","tag-acuerdo","tag-bolivia","tag-constitucion-politica-del-estado","tag-jorge-tuto-quiroga","tag-politico","tag-reformar"],"jetpack_publicize_connections":[],"yoast_head":"<!-- This site is optimized with the Yoast SEO plugin v23.4 - https:\/\/yoast.com\/wordpress\/plugins\/seo\/ -->\n<title>TUTO PIDE ACUERDO POL\u00cdTICO Y PLAZO DE DOS MESES PARA REFORMAR LA CONSTITUCI\u00d3N - innoticiasbo.com<\/title>\n<meta name=\"robots\" content=\"index, follow, max-snippet:-1, max-image-preview:large, max-video-preview:-1\" \/>\n<link rel=\"canonical\" href=\"https:\/\/innoticiasbo.com\/index.php\/2026\/09\/02\/tuto-pide-acuerdo-politico-y-plazo-de-dos-meses-para-reformar-la-constitucion\/\" \/>\n<meta property=\"og:locale\" content=\"es_ES\" \/>\n<meta property=\"og:type\" content=\"article\" \/>\n<meta property=\"og:title\" content=\"TUTO PIDE ACUERDO POL\u00cdTICO Y PLAZO DE DOS MESES PARA REFORMAR LA CONSTITUCI\u00d3N - innoticiasbo.com\" \/>\n<meta property=\"og:description\" content=\"2 de septiembre.- Los frentes Unidad Nacional y S\u00famate respaldan el di\u00e1logo por acuerdos para modificar la CPE. Quiroga ve indispensable la participaci\u00f3n del presidente de la Asamblea Edmand Lara y de los presidentes del Senado y de Diputados. El expresidente y l\u00edder de Libertad y Democracia (Libre), Jorge Tuto Quiroga, plante\u00f3 una ruta cr\u00edtica...\" \/>\n<meta property=\"og:url\" content=\"https:\/\/innoticiasbo.com\/index.php\/2026\/09\/02\/tuto-pide-acuerdo-politico-y-plazo-de-dos-meses-para-reformar-la-constitucion\/\" \/>\n<meta property=\"og:site_name\" content=\"innoticiasbo.com\" \/>\n<meta property=\"article:publisher\" content=\"https:\/\/www.facebook.com\/innoticiasbolivia\" \/>\n<meta property=\"article:published_time\" content=\"2026-09-02T13:37:20+00:00\" \/>\n<meta property=\"article:modified_time\" content=\"2026-09-02T13:39:43+00:00\" \/>\n<meta property=\"og:image\" content=\"https:\/\/i0.wp.com\/innoticiasbo.com\/wp-content\/uploads\/2026\/09\/image_editor_output_image-1002396274-1788356363714.jpg?fit=998%2C563&ssl=1\" \/>\n\t<meta property=\"og:image:width\" content=\"998\" \/>\n\t<meta property=\"og:image:height\" content=\"563\" \/>\n\t<meta property=\"og:image:type\" content=\"image\/jpeg\" \/>\n<meta name=\"author\" content=\"Jason Gonzales\" \/>\n<meta name=\"twitter:card\" content=\"summary_large_image\" \/>\n<meta name=\"twitter:creator\" content=\"@innoticiasbo\" \/>\n<meta name=\"twitter:site\" content=\"@innoticiasbo\" \/>\n<meta name=\"twitter:label1\" content=\"Escrito por\" \/>\n\t<meta name=\"twitter:data1\" content=\"Jason Gonzales\" \/>\n\t<meta name=\"twitter:label2\" content=\"Tiempo de lectura\" \/>\n\t<meta name=\"twitter:data2\" content=\"3 minutos\" \/>\n<script type=\"application\/ld+json\" class=\"yoast-schema-graph\">{\"@context\":\"https:\/\/schema.org\",\"@graph\":[{\"@type\":\"Article\",\"@id\":\"https:\/\/innoticiasbo.com\/index.php\/2026\/09\/02\/tuto-pide-acuerdo-politico-y-plazo-de-dos-meses-para-reformar-la-constitucion\/#article\",\"isPartOf\":{\"@id\":\"https:\/\/innoticiasbo.com\/index.php\/2026\/09\/02\/tuto-pide-acuerdo-politico-y-plazo-de-dos-meses-para-reformar-la-constitucion\/\"},\"author\":{\"name\":\"Jason Gonzales\",\"@id\":\"https:\/\/innoticiasbo.com\/#\/schema\/person\/9af0c49836719fb5d47b55cc879140ce\"},\"headline\":\"TUTO PIDE ACUERDO POL\u00cdTICO Y PLAZO DE DOS MESES PARA REFORMAR LA CONSTITUCI\u00d3N\",\"datePublished\":\"2026-09-02T13:37:20+00:00\",\"dateModified\":\"2026-09-02T13:39:43+00:00\",\"mainEntityOfPage\":{\"@id\":\"https:\/\/innoticiasbo.com\/index.php\/2026\/09\/02\/tuto-pide-acuerdo-politico-y-plazo-de-dos-meses-para-reformar-la-constitucion\/\"},\"wordCount\":671,\"commentCount\":0,\"publisher\":{\"@id\":\"https:\/\/innoticiasbo.com\/#organization\"},\"image\":{\"@id\":\"https:\/\/innoticiasbo.com\/index.php\/2026\/09\/02\/tuto-pide-acuerdo-politico-y-plazo-de-dos-meses-para-reformar-la-constitucion\/#primaryimage\"},\"thumbnailUrl\":\"https:\/\/i0.wp.com\/innoticiasbo.com\/wp-content\/uploads\/2026\/09\/image_editor_output_image-1002396274-1788356363714.jpg?fit=998%2C563&ssl=1\",\"keywords\":[\"acuerdo\",\"Bolivia\",\"Constituci\u00f3n Pol\u00edtica del Estado\",\"Jorge Tuto Quiroga\",\"pol\u00edtico\",\"Reformar\"],\"articleSection\":[\"Bolivia\",\"Pol\u00edtica\"],\"inLanguage\":\"es\",\"potentialAction\":[{\"@type\":\"CommentAction\",\"name\":\"Comment\",\"target\":[\"https:\/\/innoticiasbo.com\/index.php\/2026\/09\/02\/tuto-pide-acuerdo-politico-y-plazo-de-dos-meses-para-reformar-la-constitucion\/#respond\"]}]},{\"@type\":\"WebPage\",\"@id\":\"https:\/\/innoticiasbo.com\/index.php\/2026\/09\/02\/tuto-pide-acuerdo-politico-y-plazo-de-dos-meses-para-reformar-la-constitucion\/\",\"url\":\"https:\/\/innoticiasbo.com\/index.php\/2026\/09\/02\/tuto-pide-acuerdo-politico-y-plazo-de-dos-meses-para-reformar-la-constitucion\/\",\"name\":\"TUTO PIDE ACUERDO POL\u00cdTICO Y PLAZO DE DOS MESES PARA REFORMAR LA CONSTITUCI\u00d3N - innoticiasbo.com\",\"isPartOf\":{\"@id\":\"https:\/\/innoticiasbo.com\/#website\"},\"primaryImageOfPage\":{\"@id\":\"https:\/\/innoticiasbo.com\/index.php\/2026\/09\/02\/tuto-pide-acuerdo-politico-y-plazo-de-dos-meses-para-reformar-la-constitucion\/#primaryimage\"},\"image\":{\"@id\":\"https:\/\/innoticiasbo.com\/index.php\/2026\/09\/02\/tuto-pide-acuerdo-politico-y-plazo-de-dos-meses-para-reformar-la-constitucion\/#primaryimage\"},\"thumbnailUrl\":\"https:\/\/i0.wp.com\/innoticiasbo.com\/wp-content\/uploads\/2026\/09\/image_editor_output_image-1002396274-1788356363714.jpg?fit=998%2C563&ssl=1\",\"datePublished\":\"2026-09-02T13:37:20+00:00\",\"dateModified\":\"2026-09-02T13:39:43+00:00\",\"breadcrumb\":{\"@id\":\"https:\/\/innoticiasbo.com\/index.php\/2026\/09\/02\/tuto-pide-acuerdo-politico-y-plazo-de-dos-meses-para-reformar-la-constitucion\/#breadcrumb\"},\"inLanguage\":\"es\",\"potentialAction\":[{\"@type\":\"ReadAction\",\"target\":[\"https:\/\/innoticiasbo.com\/index.php\/2026\/09\/02\/tuto-pide-acuerdo-politico-y-plazo-de-dos-meses-para-reformar-la-constitucion\/\"]}]},{\"@type\":\"ImageObject\",\"inLanguage\":\"es\",\"@id\":\"https:\/\/innoticiasbo.com\/index.php\/2026\/09\/02\/tuto-pide-acuerdo-politico-y-plazo-de-dos-meses-para-reformar-la-constitucion\/#primaryimage\",\"url\":\"https:\/\/i0.wp.com\/innoticiasbo.com\/wp-content\/uploads\/2026\/09\/image_editor_output_image-1002396274-1788356363714.jpg?fit=998%2C563&ssl=1\",\"contentUrl\":\"https:\/\/i0.wp.com\/innoticiasbo.com\/wp-content\/uploads\/2026\/09\/image_editor_output_image-1002396274-1788356363714.jpg?fit=998%2C563&ssl=1\",\"width\":998,\"height\":563},{\"@type\":\"BreadcrumbList\",\"@id\":\"https:\/\/innoticiasbo.com\/index.php\/2026\/09\/02\/tuto-pide-acuerdo-politico-y-plazo-de-dos-meses-para-reformar-la-constitucion\/#breadcrumb\",\"itemListElement\":[{\"@type\":\"ListItem\",\"position\":1,\"name\":\"Portada\",\"item\":\"https:\/\/innoticiasbo.com\/\"},{\"@type\":\"ListItem\",\"position\":2,\"name\":\"TUTO PIDE ACUERDO POL\u00cdTICO Y PLAZO DE DOS MESES PARA REFORMAR LA CONSTITUCI\u00d3N\"}]},{\"@type\":\"WebSite\",\"@id\":\"https:\/\/innoticiasbo.com\/#website\",\"url\":\"https:\/\/innoticiasbo.com\/\",\"name\":\"innoticiasbo.com\",\"description\":\"\",\"publisher\":{\"@id\":\"https:\/\/innoticiasbo.com\/#organization\"},\"potentialAction\":[{\"@type\":\"SearchAction\",\"target\":{\"@type\":\"EntryPoint\",\"urlTemplate\":\"https:\/\/innoticiasbo.com\/?s={search_term_string}\"},\"query-input\":{\"@type\":\"PropertyValueSpecification\",\"valueRequired\":true,\"valueName\":\"search_term_string\"}}],\"inLanguage\":\"es\"},{\"@type\":\"Organization\",\"@id\":\"https:\/\/innoticiasbo.com\/#organization\",\"name\":\"innoticiasbo.com\",\"url\":\"https:\/\/innoticiasbo.com\/\",\"logo\":{\"@type\":\"ImageObject\",\"inLanguage\":\"es\",\"@id\":\"https:\/\/innoticiasbo.com\/#\/schema\/logo\/image\/\",\"url\":\"https:\/\/i0.wp.com\/innoticiasbo.com\/wp-content\/uploads\/2026\/04\/cropped-IN-LOGO.png?fit=1476%2C1476&ssl=1\",\"contentUrl\":\"https:\/\/i0.wp.com\/innoticiasbo.com\/wp-content\/uploads\/2026\/04\/cropped-IN-LOGO.png?fit=1476%2C1476&ssl=1\",\"width\":1476,\"height\":1476,\"caption\":\"innoticiasbo.com\"},\"image\":{\"@id\":\"https:\/\/innoticiasbo.com\/#\/schema\/logo\/image\/\"},\"sameAs\":[\"https:\/\/www.facebook.com\/innoticiasbolivia\",\"https:\/\/x.com\/innoticiasbo\",\"https:\/\/www.instagram.com\/innoticiasbo\",\"https:\/\/www.youtube.com\/innoticiasbo\"]},{\"@type\":\"Person\",\"@id\":\"https:\/\/innoticiasbo.com\/#\/schema\/person\/9af0c49836719fb5d47b55cc879140ce\",\"name\":\"Jason Gonzales\",\"image\":{\"@type\":\"ImageObject\",\"inLanguage\":\"es\",\"@id\":\"https:\/\/innoticiasbo.com\/#\/schema\/person\/image\/\",\"url\":\"https:\/\/secure.gravatar.com\/avatar\/ff64cacc93e8658997d62d298b4dff23?s=96&d=mm&r=g\",\"contentUrl\":\"https:\/\/secure.gravatar.com\/avatar\/ff64cacc93e8658997d62d298b4dff23?s=96&d=mm&r=g\",\"caption\":\"Jason Gonzales\"},\"sameAs\":[\"http:\/\/www.innoticiasbo.com\"],\"url\":\"https:\/\/innoticiasbo.com\/index.php\/author\/prensa-8\/\"}]}<\/script>\n<!-- \/ Yoast SEO plugin. -->","yoast_head_json":{"title":"TUTO PIDE ACUERDO POL\u00cdTICO Y PLAZO DE DOS MESES PARA REFORMAR LA CONSTITUCI\u00d3N - innoticiasbo.com","robots":{"index":"index","follow":"follow","max-snippet":"max-snippet:-1","max-image-preview":"max-image-preview:large","max-video-preview":"max-video-preview:-1"},"canonical":"https:\/\/innoticiasbo.com\/index.php\/2026\/09\/02\/tuto-pide-acuerdo-politico-y-plazo-de-dos-meses-para-reformar-la-constitucion\/","og_locale":"es_ES","og_type":"article","og_title":"TUTO PIDE ACUERDO POL\u00cdTICO Y PLAZO DE DOS MESES PARA REFORMAR LA CONSTITUCI\u00d3N - innoticiasbo.com","og_description":"2 de septiembre.- Los frentes Unidad Nacional y S\u00famate respaldan el di\u00e1logo por acuerdos para modificar la CPE. Quiroga ve indispensable la participaci\u00f3n del presidente de la Asamblea Edmand Lara y de los presidentes del Senado y de Diputados. El expresidente y l\u00edder de Libertad y Democracia (Libre), Jorge Tuto Quiroga, plante\u00f3 una ruta cr\u00edtica...","og_url":"https:\/\/innoticiasbo.com\/index.php\/2026\/09\/02\/tuto-pide-acuerdo-politico-y-plazo-de-dos-meses-para-reformar-la-constitucion\/","og_site_name":"innoticiasbo.com","article_publisher":"https:\/\/www.facebook.com\/innoticiasbolivia","article_published_time":"2026-09-02T13:37:20+00:00","article_modified_time":"2026-09-02T13:39:43+00:00","og_image":[{"width":998,"height":563,"url":"https:\/\/i0.wp.com\/innoticiasbo.com\/wp-content\/uploads\/2026\/09\/image_editor_output_image-1002396274-1788356363714.jpg?fit=998%2C563&ssl=1","type":"image\/jpeg"}],"author":"Jason Gonzales","twitter_card":"summary_large_image","twitter_creator":"@innoticiasbo","twitter_site":"@innoticiasbo","twitter_misc":{"Escrito por":"Jason Gonzales","Tiempo de lectura":"3 minutos"},"schema":{"@context":"https:\/\/schema.org","@graph":[{"@type":"Article","@id":"https:\/\/innoticiasbo.com\/index.php\/2026\/09\/02\/tuto-pide-acuerdo-politico-y-plazo-de-dos-meses-para-reformar-la-constitucion\/#article","isPartOf":{"@id":"https:\/\/innoticiasbo.com\/index.php\/2026\/09\/02\/tuto-pide-acuerdo-politico-y-plazo-de-dos-meses-para-reformar-la-constitucion\/"},"author":{"name":"Jason Gonzales","@id":"https:\/\/innoticiasbo.com\/#\/schema\/person\/9af0c49836719fb5d47b55cc879140ce"},"headline":"TUTO PIDE ACUERDO POL\u00cdTICO Y PLAZO DE DOS MESES PARA REFORMAR LA CONSTITUCI\u00d3N","datePublished":"2026-09-02T13:37:20+00:00","dateModified":"2026-09-02T13:39:43+00:00","mainEntityOfPage":{"@id":"https:\/\/innoticiasbo.com\/index.php\/2026\/09\/02\/tuto-pide-acuerdo-politico-y-plazo-de-dos-meses-para-reformar-la-constitucion\/"},"wordCount":671,"commentCount":0,"publisher":{"@id":"https:\/\/innoticiasbo.com\/#organization"},"image":{"@id":"https:\/\/innoticiasbo.com\/index.php\/2026\/09\/02\/tuto-pide-acuerdo-politico-y-plazo-de-dos-meses-para-reformar-la-constitucion\/#primaryimage"},"thumbnailUrl":"https:\/\/i0.wp.com\/innoticiasbo.com\/wp-content\/uploads\/2026\/09\/image_editor_output_image-1002396274-1788356363714.jpg?fit=998%2C563&ssl=1","keywords":["acuerdo","Bolivia","Constituci\u00f3n Pol\u00edtica del Estado","Jorge Tuto Quiroga","pol\u00edtico","Reformar"],"articleSection":["Bolivia","Pol\u00edtica"],"inLanguage":"es","potentialAction":[{"@type":"CommentAction","name":"Comment","target":["https:\/\/innoticiasbo.com\/index.php\/2026\/09\/02\/tuto-pide-acuerdo-politico-y-plazo-de-dos-meses-para-reformar-la-constitucion\/#respond"]}]},{"@type":"WebPage","@id":"https:\/\/innoticiasbo.com\/index.php\/2026\/09\/02\/tuto-pide-acuerdo-politico-y-plazo-de-dos-meses-para-reformar-la-constitucion\/","url":"https:\/\/innoticiasbo.com\/index.php\/2026\/09\/02\/tuto-pide-acuerdo-politico-y-plazo-de-dos-meses-para-reformar-la-constitucion\/","name":"TUTO PIDE ACUERDO POL\u00cdTICO Y PLAZO DE DOS MESES PARA REFORMAR LA CONSTITUCI\u00d3N - innoticiasbo.com","isPartOf":{"@id":"https:\/\/innoticiasbo.com\/#website"},"primaryImageOfPage":{"@id":"https:\/\/innoticiasbo.com\/index.php\/2026\/09\/02\/tuto-pide-acuerdo-politico-y-plazo-de-dos-meses-para-reformar-la-constitucion\/#primaryimage"},"image":{"@id":"https:\/\/innoticiasbo.com\/index.php\/2026\/09\/02\/tuto-pide-acuerdo-politico-y-plazo-de-dos-meses-para-reformar-la-constitucion\/#primaryimage"},"thumbnailUrl":"https:\/\/i0.wp.com\/innoticiasbo.com\/wp-content\/uploads\/2026\/09\/image_editor_output_image-1002396274-1788356363714.jpg?fit=998%2C563&ssl=1","datePublished":"2026-09-02T13:37:20+00:00","dateModified":"2026-09-02T13:39:43+00:00","breadcrumb":{"@id":"https:\/\/innoticiasbo.com\/index.php\/2026\/09\/02\/tuto-pide-acuerdo-politico-y-plazo-de-dos-meses-para-reformar-la-constitucion\/#breadcrumb"},"inLanguage":"es","potentialAction":[{"@type":"ReadAction","target":["https:\/\/innoticiasbo.com\/index.php\/2026\/09\/02\/tuto-pide-acuerdo-politico-y-plazo-de-dos-meses-para-reformar-la-constitucion\/"]}]},{"@type":"ImageObject","inLanguage":"es","@id":"https:\/\/innoticiasbo.com\/index.php\/2026\/09\/02\/tuto-pide-acuerdo-politico-y-plazo-de-dos-meses-para-reformar-la-constitucion\/#primaryimage","url":"https:\/\/i0.wp.com\/innoticiasbo.com\/wp-content\/uploads\/2026\/09\/image_editor_output_image-1002396274-1788356363714.jpg?fit=998%2C563&ssl=1","contentUrl":"https:\/\/i0.wp.com\/innoticiasbo.com\/wp-content\/uploads\/2026\/09\/image_editor_output_image-1002396274-1788356363714.jpg?fit=998%2C563&ssl=1","width":998,"height":563},{"@type":"BreadcrumbList","@id":"https:\/\/innoticiasbo.com\/index.php\/2026\/09\/02\/tuto-pide-acuerdo-politico-y-plazo-de-dos-meses-para-reformar-la-constitucion\/#breadcrumb","itemListElement":[{"@type":"ListItem","position":1,"name":"Portada","item":"https:\/\/innoticiasbo.com\/"},{"@type":"ListItem","position":2,"name":"TUTO PIDE ACUERDO POL\u00cdTICO Y PLAZO DE DOS MESES PARA REFORMAR LA CONSTITUCI\u00d3N"}]},{"@type":"WebSite","@id":"https:\/\/innoticiasbo.com\/#website","url":"https:\/\/innoticiasbo.com\/","name":"innoticiasbo.com","description":"","publisher":{"@id":"https:\/\/innoticiasbo.com\/#organization"},"potentialAction":[{"@type":"SearchAction","target":{"@type":"EntryPoint","urlTemplate":"https:\/\/innoticiasbo.com\/?s={search_term_string}"},"query-input":{"@type":"PropertyValueSpecification","valueRequired":true,"valueName":"search_term_string"}}],"inLanguage":"es"},{"@type":"Organization","@id":"https:\/\/innoticiasbo.com\/#organization","name":"innoticiasbo.com","url":"https:\/\/innoticiasbo.com\/","logo":{"@type":"ImageObject","inLanguage":"es","@id":"https:\/\/innoticiasbo.com\/#\/schema\/logo\/image\/","url":"https:\/\/i0.wp.com\/innoticiasbo.com\/wp-content\/uploads\/2026\/04\/cropped-IN-LOGO.png?fit=1476%2C1476&ssl=1","contentUrl":"https:\/\/i0.wp.com\/innoticiasbo.com\/wp-content\/uploads\/2026\/04\/cropped-IN-LOGO.png?fit=1476%2C1476&ssl=1","width":1476,"height":1476,"caption":"innoticiasbo.com"},"image":{"@id":"https:\/\/innoticiasbo.com\/#\/schema\/logo\/image\/"},"sameAs":["https:\/\/www.facebook.com\/innoticiasbolivia","https:\/\/x.com\/innoticiasbo","https:\/\/www.instagram.com\/innoticiasbo","https:\/\/www.youtube.com\/innoticiasbo"]},{"@type":"Person","@id":"https:\/\/innoticiasbo.com\/#\/schema\/person\/9af0c49836719fb5d47b55cc879140ce","name":"Jason Gonzales","image":{"@type":"ImageObject","inLanguage":"es","@id":"https:\/\/innoticiasbo.com\/#\/schema\/person\/image\/","url":"https:\/\/secure.gravatar.com\/avatar\/ff64cacc93e8658997d62d298b4dff23?s=96&d=mm&r=g","contentUrl":"https:\/\/secure.gravatar.com\/avatar\/ff64cacc93e8658997d62d298b4dff23?s=96&d=mm&r=g","caption":"Jason Gonzales"},"sameAs":["http:\/\/www.innoticiasbo.com"],"url":"https:\/\/innoticiasbo.com\/index.php\/author\/prensa-8\/"}]}},"jetpack_featured_media_url":"https:\/\/i0.wp.com\/innoticiasbo.com\/wp-content\/uploads\/2026\/09\/image_editor_output_image-1002396274-1788356363714.jpg?fit=998%2C563&ssl=1","jetpack_likes_enabled":true,"jetpack_sharing_enabled":true,"jetpack_shortlink":"https:\/\/wp.me\/pg298x-41F","_links":{"self":[{"href":"https:\/\/innoticiasbo.com\/index.php\/wp-json\/wp\/v2\/posts\/15479","targetHints":{"allow":["GET"]}}],"collection":[{"href":"https:\/\/innoticiasbo.com\/index.php\/wp-json\/wp\/v2\/posts"}],"about":[{"href":"https:\/\/innoticiasbo.com\/index.php\/wp-json\/wp\/v2\/types\/post"}],"author":[{"embeddable":true,"href":"https:\/\/innoticiasbo.com\/index.php\/wp-json\/wp\/v2\/users\/12"}],"replies":[{"embeddable":true,"href":"https:\/\/innoticiasbo.com\/index.php\/wp-json\/wp\/v2\/comments?post=15479"}],"version-history":[{"count":1,"href":"https:\/\/innoticiasbo.com\/index.php\/wp-json\/wp\/v2\/posts\/15479\/revisions"}],"predecessor-version":[{"id":15480,"href":"https:\/\/innoticiasbo.com\/index.php\/wp-json\/wp\/v2\/posts\/15479\/revisions\/15480"}],"wp:featuredmedia":[{"embeddable":true,"href":"https:\/\/innoticiasbo.com\/index.php\/wp-json\/wp\/v2\/media\/15478"}],"wp:attachment":[{"href":"https:\/\/innoticiasbo.com\/index.php\/wp-json\/wp\/v2\/media?parent=15479"}],"wp:term":[{"taxonomy":"category","embeddable":true,"href":"https:\/\/innoticiasbo.com\/index.php\/wp-json\/wp\/v2\/categories?post=15479"},{"taxonomy":"post_tag","embeddable":true,"href":"https:\/\/innoticiasbo.com\/index.php\/wp-json\/wp\/v2\/tags?post=15479"}],"curies":[{"name":"wp","href":"https:\/\/api.w.org\/{rel}","templated":true}]}}