{"id":15475,"date":"2026-09-02T09:28:04","date_gmt":"2026-09-02T13:28:04","guid":{"rendered":"https:\/\/innoticiasbo.com\/?p=15475"},"modified":"2026-09-02T09:29:45","modified_gmt":"2026-09-02T13:29:45","slug":"comite-pide-a-paz-recapacitar-y-convoca-a-asamblea-contra-ds-5676","status":"publish","type":"post","link":"https:\/\/innoticiasbo.com\/index.php\/2026\/09\/02\/comite-pide-a-paz-recapacitar-y-convoca-a-asamblea-contra-ds-5676\/","title":{"rendered":"COMIT\u00c9 PIDE A PAZ RECAPACITAR Y CONVOCA A ASAMBLEA CONTRA DS 5676"},"content":{"rendered":"\n<figure class=\"wp-block-image size-large\"><img data-recalc-dims=\"1\" loading=\"lazy\" decoding=\"async\" width=\"640\" height=\"362\" src=\"https:\/\/i0.wp.com\/innoticiasbo.com\/wp-content\/uploads\/2026\/09\/image_editor_output_image1751727117-17883556025037543526240826618543.jpg?resize=640%2C362&#038;ssl=1\" alt=\"\" class=\"wp-image-15473\" srcset=\"https:\/\/i0.wp.com\/innoticiasbo.com\/wp-content\/uploads\/2026\/09\/image_editor_output_image1751727117-17883556025037543526240826618543.jpg?w=996&amp;ssl=1 996w, https:\/\/i0.wp.com\/innoticiasbo.com\/wp-content\/uploads\/2026\/09\/image_editor_output_image1751727117-17883556025037543526240826618543.jpg?resize=300%2C170&amp;ssl=1 300w, https:\/\/i0.wp.com\/innoticiasbo.com\/wp-content\/uploads\/2026\/09\/image_editor_output_image1751727117-17883556025037543526240826618543.jpg?resize=768%2C434&amp;ssl=1 768w\" sizes=\"auto, (max-width: 640px) 100vw, 640px\" \/><\/figure>\n\n\n\n<p>Santa Cruz, 2 de septiembre.- El Comit\u00e9 pro Santa Cruz presentar\u00e1 una propuesta t\u00e9cnica. Entretanto, tres municipios cruce\u00f1os anuncian bloqueos y la C\u00e1mara de Comercio plantea precio \u00fanico e importaci\u00f3n por privados<\/p>\n\n\n\n<p>El conflicto por el Decreto Supremo 5676 abre una semana decisiva. El Comit\u00e9 pro Santa Cruz convoc\u00f3 a una Asamblea de la Cruce\u00f1idad para el mi\u00e9rcoles 9 de septiembre, anunci\u00f3 que presentar\u00e1 una propuesta t\u00e9cnica para garantizar el abastecimiento de combustibles y dirigi\u00f3 un mensaje pol\u00edtico al presidente Rodrigo Paz: que recapacite y comprenda que la producci\u00f3n no se sostiene solamente con decretos.<br><br>\u201cSanta Cruz quiere trabajar y producir por Bolivia. No es con decretos que se va a solucionar el problema de los alimentos en el pa\u00eds. Es con hechos\u201d, afirm\u00f3 el presidente del Comit\u00e9 pro Santa Cruz, Stello Cochamanidis.<br><br>\u201cPresidente, recapacite en las medidas que ha tomado. La \u00fanica forma de salir de esta crisis es trabajando en unidad, dej\u00e1ndose ayudar y haciendo que trabajemos todos juntos\u201d, manifest\u00f3.<\/p>\n\n\n\n<p>La propuesta ser\u00e1 elaborada con los sectores productivos, instituciones y provincias afectadas. Cochamanidis adelant\u00f3 que tendr\u00e1 una visi\u00f3n nacional, buscar\u00e1 garantizar el suministro permanente y enfrentar\u00e1 las distorsiones provocadas por los dos precios del di\u00e9sel.<br><br>Antes de la Asamblea, hoy se realizar\u00e1 una reuni\u00f3n del Movimiento C\u00edvico Nacional. Los comit\u00e9s c\u00edvicos del pa\u00eds abordar\u00e1n la escasez, el DS 5676 y las acciones que pueden asumir frente a un problema que afecta a todas las regiones.<br><br>\u201cMa\u00f1ana (hoy) todos los comit\u00e9s c\u00edvicos del pa\u00eds tomaremos una decisi\u00f3n sobre c\u00f3mo vamos a avanzar. Lo que est\u00e1 claro es que el Gobierno solo no va a poder\u201d, afirm\u00f3 Cochamanidis.<\/p>\n\n\n\n<p>Anuncio de movilizaciones<br><br>Mientras los c\u00edvicos preparan su propuesta, organizaciones sindicales, campesinas y productivas de Yapacan\u00ed, San Juli\u00e1n y Cuatro Ca\u00f1adas anunciaron bloqueos desde las cero horas de hoy, pese a la vigencia del estado de excepci\u00f3n que proh\u00edbe interrumpir la libre circulaci\u00f3n en las carreteras.<br><br>En Cuatro Ca\u00f1adas, la Federaci\u00f3n Sindical de Comunidades Interculturales de Productores Agropecuarios convoc\u00f3 a un bloqueo de 24 horas ante la falta de respuesta gubernamental.<br><br>En San Juli\u00e1n, organizaciones sociales resolvieron bloquear las carreteras. Sus dirigentes aseguran que el decreto perjudica a los peque\u00f1os productores durante la cosecha de invierno de girasol y sorgo, y cuestionan el l\u00edmite mensual para acceder al combustible subvencionado.<\/p>\n\n\n\n<p>El alcalde Carlos Vaca anunci\u00f3 que acompa\u00f1ar\u00e1 la protesta. \u201cComo autoridad tambi\u00e9n nos ponemos al lado del pueblo\u201d, afirm\u00f3, al confirmar que la medida tendr\u00e1 inicialmente una duraci\u00f3n de 24 horas.<br><br>En Yapacan\u00ed, productores interculturales anunciaron el cierre del puente que conecta Santa Cruz con Cochabamba. El sector hab\u00eda concedido al Gobierno 48 horas para dejar sin efecto el decreto, despu\u00e9s de un di\u00e1logo con autoridades nacionales, pero sostiene que el plazo concluy\u00f3 sin una respuesta favorable.<br><br>Stello Cochamanidis aclar\u00f3 que el Comit\u00e9 pro Santa Cruz no respalda movilizaciones que vulneren el estado de excepci\u00f3n. \u201cSomos respetuosos de la ley, de la Constituci\u00f3n y todav\u00eda estamos en un estado de excepci\u00f3n. Es responsabilidad de la Polic\u00eda y de las Fuerzas Armadas hacer respetar ese estado de excepci\u00f3n\u201d, puntualiz\u00f3.<\/p>\n\n\n\n<p>CNC plantea sustituir el decreto<br><br>En paralelo, la C\u00e1mara Nacional de Comercio present\u00f3 una propuesta para reemplazar el DS 5676 por otra norma que establezca un precio \u00fanico para el di\u00e9sel, libere la importaci\u00f3n y comercializaci\u00f3n privada de combustibles y elimine el Impuesto a las Transacciones sobre los carburantes.<br><br>Su presidente, Eduardo Olivo, sostuvo que el problema no es solamente cu\u00e1nto cuesta el di\u00e9sel, sino que un mismo producto tenga dos precios. La diferencia entre Bs 18 y Bs 9,80 alcanza a Bs 8,20 por litro y, seg\u00fan el empresario, garantiza una ganancia para quien desv\u00ede el carburante hacia el mercado ilegal.<br><br>\u201cNo combate el mercado negro, lo financia\u201d, afirm\u00f3 Olivo.<br><br>La entidad cuestiona el umbral de 20.000 litros mensuales porque considera que premia a las empresas que dividen sus operaciones y castiga a las que se consolidan y facturan formalmente. \u201cEl Estado ha puesto un incentivo para desformalizarse dentro de su propia norma\u201d, se\u00f1al\u00f3.<br><br>Olivo descart\u00f3 que las distorsiones puedan resolverse \u00fanicamente mediante la reglamentaci\u00f3n. \u201cLa dualidad de precios no es un error de esta norma, es su arquitectura\u201d, sostuvo.<br><br>As\u00ed, el rechazo al DS 5676 avanza por tres caminos: la salida institucional encabezada por el Comit\u00e9, los bloqueos anunciados en tres municipios y la propuesta empresarial para modificar el esquema de abastecimiento y precios.<\/p>\n\n\n\n<p>Fuente: El Deber <\/p>\n","protected":false},"excerpt":{"rendered":"<p>Santa Cruz, 2 de septiembre.- El Comit\u00e9 pro Santa Cruz presentar\u00e1 una propuesta t\u00e9cnica. Entretanto, tres municipios cruce\u00f1os anuncian bloqueos y la C\u00e1mara de Comercio plantea precio \u00fanico e importaci\u00f3n por privados El conflicto por el Decreto Supremo 5676 abre una semana decisiva. El Comit\u00e9 pro Santa Cruz convoc\u00f3 a una Asamblea de la Cruce\u00f1idad&#8230;<\/p>\n","protected":false},"author":12,"featured_media":15474,"comment_status":"open","ping_status":"open","sticky":false,"template":"","format":"standard","meta":{"_jetpack_memberships_contains_paid_content":false,"footnotes":"","jetpack_publicize_message":"","jetpack_publicize_feature_enabled":true,"jetpack_social_post_already_shared":true,"jetpack_social_options":{"image_generator_settings":{"template":"highway","enabled":false},"version":2}},"categories":[1,3],"tags":[2010,7,3618,4012,3975,177,345],"class_list":["post-15475","post","type-post","status-publish","format-standard","has-post-thumbnail","hentry","category-bolivia","category-politica","tag-asamblea","tag-bolivia","tag-comite-pro-santa-cruz","tag-convoca","tag-decreto-supremo-5676","tag-gobierno","tag-rodrigo-paz"],"jetpack_publicize_connections":[],"yoast_head":"<!-- This site is optimized with the Yoast SEO plugin v23.4 - https:\/\/yoast.com\/wordpress\/plugins\/seo\/ -->\n<title>COMIT\u00c9 PIDE A PAZ RECAPACITAR Y CONVOCA A ASAMBLEA CONTRA DS 5676 - innoticiasbo.com<\/title>\n<meta name=\"robots\" content=\"index, follow, max-snippet:-1, max-image-preview:large, max-video-preview:-1\" \/>\n<link rel=\"canonical\" href=\"https:\/\/innoticiasbo.com\/index.php\/2026\/09\/02\/comite-pide-a-paz-recapacitar-y-convoca-a-asamblea-contra-ds-5676\/\" \/>\n<meta property=\"og:locale\" content=\"es_ES\" \/>\n<meta property=\"og:type\" content=\"article\" \/>\n<meta property=\"og:title\" content=\"COMIT\u00c9 PIDE A PAZ RECAPACITAR Y CONVOCA A ASAMBLEA CONTRA DS 5676 - innoticiasbo.com\" \/>\n<meta property=\"og:description\" content=\"Santa Cruz, 2 de septiembre.- El Comit\u00e9 pro Santa Cruz presentar\u00e1 una propuesta t\u00e9cnica. Entretanto, tres municipios cruce\u00f1os anuncian bloqueos y la C\u00e1mara de Comercio plantea precio \u00fanico e importaci\u00f3n por privados El conflicto por el Decreto Supremo 5676 abre una semana decisiva. El Comit\u00e9 pro Santa Cruz convoc\u00f3 a una Asamblea de la Cruce\u00f1idad...\" \/>\n<meta property=\"og:url\" content=\"https:\/\/innoticiasbo.com\/index.php\/2026\/09\/02\/comite-pide-a-paz-recapacitar-y-convoca-a-asamblea-contra-ds-5676\/\" \/>\n<meta property=\"og:site_name\" content=\"innoticiasbo.com\" \/>\n<meta property=\"article:publisher\" content=\"https:\/\/www.facebook.com\/innoticiasbolivia\" \/>\n<meta property=\"article:published_time\" content=\"2026-09-02T13:28:04+00:00\" \/>\n<meta property=\"article:modified_time\" content=\"2026-09-02T13:29:45+00:00\" \/>\n<meta property=\"og:image\" content=\"https:\/\/i0.wp.com\/innoticiasbo.com\/wp-content\/uploads\/2026\/09\/image_editor_output_image1751727117-1788355755570.jpg?fit=999%2C565&ssl=1\" \/>\n\t<meta property=\"og:image:width\" content=\"999\" \/>\n\t<meta property=\"og:image:height\" content=\"565\" \/>\n\t<meta property=\"og:image:type\" content=\"image\/jpeg\" \/>\n<meta name=\"author\" content=\"Jason Gonzales\" \/>\n<meta name=\"twitter:card\" content=\"summary_large_image\" \/>\n<meta name=\"twitter:creator\" content=\"@innoticiasbo\" \/>\n<meta name=\"twitter:site\" content=\"@innoticiasbo\" \/>\n<meta name=\"twitter:label1\" content=\"Escrito por\" \/>\n\t<meta name=\"twitter:data1\" content=\"Jason Gonzales\" \/>\n\t<meta name=\"twitter:label2\" content=\"Tiempo de lectura\" \/>\n\t<meta name=\"twitter:data2\" content=\"4 minutos\" \/>\n<script type=\"application\/ld+json\" class=\"yoast-schema-graph\">{\"@context\":\"https:\/\/schema.org\",\"@graph\":[{\"@type\":\"Article\",\"@id\":\"https:\/\/innoticiasbo.com\/index.php\/2026\/09\/02\/comite-pide-a-paz-recapacitar-y-convoca-a-asamblea-contra-ds-5676\/#article\",\"isPartOf\":{\"@id\":\"https:\/\/innoticiasbo.com\/index.php\/2026\/09\/02\/comite-pide-a-paz-recapacitar-y-convoca-a-asamblea-contra-ds-5676\/\"},\"author\":{\"name\":\"Jason Gonzales\",\"@id\":\"https:\/\/innoticiasbo.com\/#\/schema\/person\/9af0c49836719fb5d47b55cc879140ce\"},\"headline\":\"COMIT\u00c9 PIDE A PAZ RECAPACITAR Y CONVOCA A ASAMBLEA CONTRA DS 5676\",\"datePublished\":\"2026-09-02T13:28:04+00:00\",\"dateModified\":\"2026-09-02T13:29:45+00:00\",\"mainEntityOfPage\":{\"@id\":\"https:\/\/innoticiasbo.com\/index.php\/2026\/09\/02\/comite-pide-a-paz-recapacitar-y-convoca-a-asamblea-contra-ds-5676\/\"},\"wordCount\":782,\"commentCount\":0,\"publisher\":{\"@id\":\"https:\/\/innoticiasbo.com\/#organization\"},\"image\":{\"@id\":\"https:\/\/innoticiasbo.com\/index.php\/2026\/09\/02\/comite-pide-a-paz-recapacitar-y-convoca-a-asamblea-contra-ds-5676\/#primaryimage\"},\"thumbnailUrl\":\"https:\/\/i0.wp.com\/innoticiasbo.com\/wp-content\/uploads\/2026\/09\/image_editor_output_image1751727117-1788355755570.jpg?fit=999%2C565&ssl=1\",\"keywords\":[\"Asamblea\",\"Bolivia\",\"Comit\u00e9 pro Santa Cruz\",\"Convoca\",\"Decret\u00f3 Supremo 5676\",\"gobierno\",\"Rodrigo Paz\"],\"articleSection\":[\"Bolivia\",\"Pol\u00edtica\"],\"inLanguage\":\"es\",\"potentialAction\":[{\"@type\":\"CommentAction\",\"name\":\"Comment\",\"target\":[\"https:\/\/innoticiasbo.com\/index.php\/2026\/09\/02\/comite-pide-a-paz-recapacitar-y-convoca-a-asamblea-contra-ds-5676\/#respond\"]}]},{\"@type\":\"WebPage\",\"@id\":\"https:\/\/innoticiasbo.com\/index.php\/2026\/09\/02\/comite-pide-a-paz-recapacitar-y-convoca-a-asamblea-contra-ds-5676\/\",\"url\":\"https:\/\/innoticiasbo.com\/index.php\/2026\/09\/02\/comite-pide-a-paz-recapacitar-y-convoca-a-asamblea-contra-ds-5676\/\",\"name\":\"COMIT\u00c9 PIDE A PAZ RECAPACITAR Y CONVOCA A ASAMBLEA CONTRA DS 5676 - innoticiasbo.com\",\"isPartOf\":{\"@id\":\"https:\/\/innoticiasbo.com\/#website\"},\"primaryImageOfPage\":{\"@id\":\"https:\/\/innoticiasbo.com\/index.php\/2026\/09\/02\/comite-pide-a-paz-recapacitar-y-convoca-a-asamblea-contra-ds-5676\/#primaryimage\"},\"image\":{\"@id\":\"https:\/\/innoticiasbo.com\/index.php\/2026\/09\/02\/comite-pide-a-paz-recapacitar-y-convoca-a-asamblea-contra-ds-5676\/#primaryimage\"},\"thumbnailUrl\":\"https:\/\/i0.wp.com\/innoticiasbo.com\/wp-content\/uploads\/2026\/09\/image_editor_output_image1751727117-1788355755570.jpg?fit=999%2C565&ssl=1\",\"datePublished\":\"2026-09-02T13:28:04+00:00\",\"dateModified\":\"2026-09-02T13:29:45+00:00\",\"breadcrumb\":{\"@id\":\"https:\/\/innoticiasbo.com\/index.php\/2026\/09\/02\/comite-pide-a-paz-recapacitar-y-convoca-a-asamblea-contra-ds-5676\/#breadcrumb\"},\"inLanguage\":\"es\",\"potentialAction\":[{\"@type\":\"ReadAction\",\"target\":[\"https:\/\/innoticiasbo.com\/index.php\/2026\/09\/02\/comite-pide-a-paz-recapacitar-y-convoca-a-asamblea-contra-ds-5676\/\"]}]},{\"@type\":\"ImageObject\",\"inLanguage\":\"es\",\"@id\":\"https:\/\/innoticiasbo.com\/index.php\/2026\/09\/02\/comite-pide-a-paz-recapacitar-y-convoca-a-asamblea-contra-ds-5676\/#primaryimage\",\"url\":\"https:\/\/i0.wp.com\/innoticiasbo.com\/wp-content\/uploads\/2026\/09\/image_editor_output_image1751727117-1788355755570.jpg?fit=999%2C565&ssl=1\",\"contentUrl\":\"https:\/\/i0.wp.com\/innoticiasbo.com\/wp-content\/uploads\/2026\/09\/image_editor_output_image1751727117-1788355755570.jpg?fit=999%2C565&ssl=1\",\"width\":999,\"height\":565},{\"@type\":\"BreadcrumbList\",\"@id\":\"https:\/\/innoticiasbo.com\/index.php\/2026\/09\/02\/comite-pide-a-paz-recapacitar-y-convoca-a-asamblea-contra-ds-5676\/#breadcrumb\",\"itemListElement\":[{\"@type\":\"ListItem\",\"position\":1,\"name\":\"Portada\",\"item\":\"https:\/\/innoticiasbo.com\/\"},{\"@type\":\"ListItem\",\"position\":2,\"name\":\"COMIT\u00c9 PIDE A PAZ RECAPACITAR Y CONVOCA A ASAMBLEA CONTRA DS 5676\"}]},{\"@type\":\"WebSite\",\"@id\":\"https:\/\/innoticiasbo.com\/#website\",\"url\":\"https:\/\/innoticiasbo.com\/\",\"name\":\"innoticiasbo.com\",\"description\":\"\",\"publisher\":{\"@id\":\"https:\/\/innoticiasbo.com\/#organization\"},\"potentialAction\":[{\"@type\":\"SearchAction\",\"target\":{\"@type\":\"EntryPoint\",\"urlTemplate\":\"https:\/\/innoticiasbo.com\/?s={search_term_string}\"},\"query-input\":{\"@type\":\"PropertyValueSpecification\",\"valueRequired\":true,\"valueName\":\"search_term_string\"}}],\"inLanguage\":\"es\"},{\"@type\":\"Organization\",\"@id\":\"https:\/\/innoticiasbo.com\/#organization\",\"name\":\"innoticiasbo.com\",\"url\":\"https:\/\/innoticiasbo.com\/\",\"logo\":{\"@type\":\"ImageObject\",\"inLanguage\":\"es\",\"@id\":\"https:\/\/innoticiasbo.com\/#\/schema\/logo\/image\/\",\"url\":\"https:\/\/i0.wp.com\/innoticiasbo.com\/wp-content\/uploads\/2026\/04\/cropped-IN-LOGO.png?fit=1476%2C1476&ssl=1\",\"contentUrl\":\"https:\/\/i0.wp.com\/innoticiasbo.com\/wp-content\/uploads\/2026\/04\/cropped-IN-LOGO.png?fit=1476%2C1476&ssl=1\",\"width\":1476,\"height\":1476,\"caption\":\"innoticiasbo.com\"},\"image\":{\"@id\":\"https:\/\/innoticiasbo.com\/#\/schema\/logo\/image\/\"},\"sameAs\":[\"https:\/\/www.facebook.com\/innoticiasbolivia\",\"https:\/\/x.com\/innoticiasbo\",\"https:\/\/www.instagram.com\/innoticiasbo\",\"https:\/\/www.youtube.com\/innoticiasbo\"]},{\"@type\":\"Person\",\"@id\":\"https:\/\/innoticiasbo.com\/#\/schema\/person\/9af0c49836719fb5d47b55cc879140ce\",\"name\":\"Jason Gonzales\",\"image\":{\"@type\":\"ImageObject\",\"inLanguage\":\"es\",\"@id\":\"https:\/\/innoticiasbo.com\/#\/schema\/person\/image\/\",\"url\":\"https:\/\/secure.gravatar.com\/avatar\/ff64cacc93e8658997d62d298b4dff23?s=96&d=mm&r=g\",\"contentUrl\":\"https:\/\/secure.gravatar.com\/avatar\/ff64cacc93e8658997d62d298b4dff23?s=96&d=mm&r=g\",\"caption\":\"Jason Gonzales\"},\"sameAs\":[\"http:\/\/www.innoticiasbo.com\"],\"url\":\"https:\/\/innoticiasbo.com\/index.php\/author\/prensa-8\/\"}]}<\/script>\n<!-- \/ Yoast SEO plugin. -->","yoast_head_json":{"title":"COMIT\u00c9 PIDE A PAZ RECAPACITAR Y CONVOCA A ASAMBLEA CONTRA DS 5676 - innoticiasbo.com","robots":{"index":"index","follow":"follow","max-snippet":"max-snippet:-1","max-image-preview":"max-image-preview:large","max-video-preview":"max-video-preview:-1"},"canonical":"https:\/\/innoticiasbo.com\/index.php\/2026\/09\/02\/comite-pide-a-paz-recapacitar-y-convoca-a-asamblea-contra-ds-5676\/","og_locale":"es_ES","og_type":"article","og_title":"COMIT\u00c9 PIDE A PAZ RECAPACITAR Y CONVOCA A ASAMBLEA CONTRA DS 5676 - innoticiasbo.com","og_description":"Santa Cruz, 2 de septiembre.- El Comit\u00e9 pro Santa Cruz presentar\u00e1 una propuesta t\u00e9cnica. Entretanto, tres municipios cruce\u00f1os anuncian bloqueos y la C\u00e1mara de Comercio plantea precio \u00fanico e importaci\u00f3n por privados El conflicto por el Decreto Supremo 5676 abre una semana decisiva. El Comit\u00e9 pro Santa Cruz convoc\u00f3 a una Asamblea de la Cruce\u00f1idad...","og_url":"https:\/\/innoticiasbo.com\/index.php\/2026\/09\/02\/comite-pide-a-paz-recapacitar-y-convoca-a-asamblea-contra-ds-5676\/","og_site_name":"innoticiasbo.com","article_publisher":"https:\/\/www.facebook.com\/innoticiasbolivia","article_published_time":"2026-09-02T13:28:04+00:00","article_modified_time":"2026-09-02T13:29:45+00:00","og_image":[{"width":999,"height":565,"url":"https:\/\/i0.wp.com\/innoticiasbo.com\/wp-content\/uploads\/2026\/09\/image_editor_output_image1751727117-1788355755570.jpg?fit=999%2C565&ssl=1","type":"image\/jpeg"}],"author":"Jason Gonzales","twitter_card":"summary_large_image","twitter_creator":"@innoticiasbo","twitter_site":"@innoticiasbo","twitter_misc":{"Escrito por":"Jason Gonzales","Tiempo de lectura":"4 minutos"},"schema":{"@context":"https:\/\/schema.org","@graph":[{"@type":"Article","@id":"https:\/\/innoticiasbo.com\/index.php\/2026\/09\/02\/comite-pide-a-paz-recapacitar-y-convoca-a-asamblea-contra-ds-5676\/#article","isPartOf":{"@id":"https:\/\/innoticiasbo.com\/index.php\/2026\/09\/02\/comite-pide-a-paz-recapacitar-y-convoca-a-asamblea-contra-ds-5676\/"},"author":{"name":"Jason Gonzales","@id":"https:\/\/innoticiasbo.com\/#\/schema\/person\/9af0c49836719fb5d47b55cc879140ce"},"headline":"COMIT\u00c9 PIDE A PAZ RECAPACITAR Y CONVOCA A ASAMBLEA CONTRA DS 5676","datePublished":"2026-09-02T13:28:04+00:00","dateModified":"2026-09-02T13:29:45+00:00","mainEntityOfPage":{"@id":"https:\/\/innoticiasbo.com\/index.php\/2026\/09\/02\/comite-pide-a-paz-recapacitar-y-convoca-a-asamblea-contra-ds-5676\/"},"wordCount":782,"commentCount":0,"publisher":{"@id":"https:\/\/innoticiasbo.com\/#organization"},"image":{"@id":"https:\/\/innoticiasbo.com\/index.php\/2026\/09\/02\/comite-pide-a-paz-recapacitar-y-convoca-a-asamblea-contra-ds-5676\/#primaryimage"},"thumbnailUrl":"https:\/\/i0.wp.com\/innoticiasbo.com\/wp-content\/uploads\/2026\/09\/image_editor_output_image1751727117-1788355755570.jpg?fit=999%2C565&ssl=1","keywords":["Asamblea","Bolivia","Comit\u00e9 pro Santa Cruz","Convoca","Decret\u00f3 Supremo 5676","gobierno","Rodrigo Paz"],"articleSection":["Bolivia","Pol\u00edtica"],"inLanguage":"es","potentialAction":[{"@type":"CommentAction","name":"Comment","target":["https:\/\/innoticiasbo.com\/index.php\/2026\/09\/02\/comite-pide-a-paz-recapacitar-y-convoca-a-asamblea-contra-ds-5676\/#respond"]}]},{"@type":"WebPage","@id":"https:\/\/innoticiasbo.com\/index.php\/2026\/09\/02\/comite-pide-a-paz-recapacitar-y-convoca-a-asamblea-contra-ds-5676\/","url":"https:\/\/innoticiasbo.com\/index.php\/2026\/09\/02\/comite-pide-a-paz-recapacitar-y-convoca-a-asamblea-contra-ds-5676\/","name":"COMIT\u00c9 PIDE A PAZ RECAPACITAR Y CONVOCA A ASAMBLEA CONTRA DS 5676 - innoticiasbo.com","isPartOf":{"@id":"https:\/\/innoticiasbo.com\/#website"},"primaryImageOfPage":{"@id":"https:\/\/innoticiasbo.com\/index.php\/2026\/09\/02\/comite-pide-a-paz-recapacitar-y-convoca-a-asamblea-contra-ds-5676\/#primaryimage"},"image":{"@id":"https:\/\/innoticiasbo.com\/index.php\/2026\/09\/02\/comite-pide-a-paz-recapacitar-y-convoca-a-asamblea-contra-ds-5676\/#primaryimage"},"thumbnailUrl":"https:\/\/i0.wp.com\/innoticiasbo.com\/wp-content\/uploads\/2026\/09\/image_editor_output_image1751727117-1788355755570.jpg?fit=999%2C565&ssl=1","datePublished":"2026-09-02T13:28:04+00:00","dateModified":"2026-09-02T13:29:45+00:00","breadcrumb":{"@id":"https:\/\/innoticiasbo.com\/index.php\/2026\/09\/02\/comite-pide-a-paz-recapacitar-y-convoca-a-asamblea-contra-ds-5676\/#breadcrumb"},"inLanguage":"es","potentialAction":[{"@type":"ReadAction","target":["https:\/\/innoticiasbo.com\/index.php\/2026\/09\/02\/comite-pide-a-paz-recapacitar-y-convoca-a-asamblea-contra-ds-5676\/"]}]},{"@type":"ImageObject","inLanguage":"es","@id":"https:\/\/innoticiasbo.com\/index.php\/2026\/09\/02\/comite-pide-a-paz-recapacitar-y-convoca-a-asamblea-contra-ds-5676\/#primaryimage","url":"https:\/\/i0.wp.com\/innoticiasbo.com\/wp-content\/uploads\/2026\/09\/image_editor_output_image1751727117-1788355755570.jpg?fit=999%2C565&ssl=1","contentUrl":"https:\/\/i0.wp.com\/innoticiasbo.com\/wp-content\/uploads\/2026\/09\/image_editor_output_image1751727117-1788355755570.jpg?fit=999%2C565&ssl=1","width":999,"height":565},{"@type":"BreadcrumbList","@id":"https:\/\/innoticiasbo.com\/index.php\/2026\/09\/02\/comite-pide-a-paz-recapacitar-y-convoca-a-asamblea-contra-ds-5676\/#breadcrumb","itemListElement":[{"@type":"ListItem","position":1,"name":"Portada","item":"https:\/\/innoticiasbo.com\/"},{"@type":"ListItem","position":2,"name":"COMIT\u00c9 PIDE A PAZ RECAPACITAR Y CONVOCA A ASAMBLEA CONTRA DS 5676"}]},{"@type":"WebSite","@id":"https:\/\/innoticiasbo.com\/#website","url":"https:\/\/innoticiasbo.com\/","name":"innoticiasbo.com","description":"","publisher":{"@id":"https:\/\/innoticiasbo.com\/#organization"},"potentialAction":[{"@type":"SearchAction","target":{"@type":"EntryPoint","urlTemplate":"https:\/\/innoticiasbo.com\/?s={search_term_string}"},"query-input":{"@type":"PropertyValueSpecification","valueRequired":true,"valueName":"search_term_string"}}],"inLanguage":"es"},{"@type":"Organization","@id":"https:\/\/innoticiasbo.com\/#organization","name":"innoticiasbo.com","url":"https:\/\/innoticiasbo.com\/","logo":{"@type":"ImageObject","inLanguage":"es","@id":"https:\/\/innoticiasbo.com\/#\/schema\/logo\/image\/","url":"https:\/\/i0.wp.com\/innoticiasbo.com\/wp-content\/uploads\/2026\/04\/cropped-IN-LOGO.png?fit=1476%2C1476&ssl=1","contentUrl":"https:\/\/i0.wp.com\/innoticiasbo.com\/wp-content\/uploads\/2026\/04\/cropped-IN-LOGO.png?fit=1476%2C1476&ssl=1","width":1476,"height":1476,"caption":"innoticiasbo.com"},"image":{"@id":"https:\/\/innoticiasbo.com\/#\/schema\/logo\/image\/"},"sameAs":["https:\/\/www.facebook.com\/innoticiasbolivia","https:\/\/x.com\/innoticiasbo","https:\/\/www.instagram.com\/innoticiasbo","https:\/\/www.youtube.com\/innoticiasbo"]},{"@type":"Person","@id":"https:\/\/innoticiasbo.com\/#\/schema\/person\/9af0c49836719fb5d47b55cc879140ce","name":"Jason Gonzales","image":{"@type":"ImageObject","inLanguage":"es","@id":"https:\/\/innoticiasbo.com\/#\/schema\/person\/image\/","url":"https:\/\/secure.gravatar.com\/avatar\/ff64cacc93e8658997d62d298b4dff23?s=96&d=mm&r=g","contentUrl":"https:\/\/secure.gravatar.com\/avatar\/ff64cacc93e8658997d62d298b4dff23?s=96&d=mm&r=g","caption":"Jason Gonzales"},"sameAs":["http:\/\/www.innoticiasbo.com"],"url":"https:\/\/innoticiasbo.com\/index.php\/author\/prensa-8\/"}]}},"jetpack_featured_media_url":"https:\/\/i0.wp.com\/innoticiasbo.com\/wp-content\/uploads\/2026\/09\/image_editor_output_image1751727117-1788355755570.jpg?fit=999%2C565&ssl=1","jetpack_likes_enabled":true,"jetpack_sharing_enabled":true,"jetpack_shortlink":"https:\/\/wp.me\/pg298x-41B","_links":{"self":[{"href":"https:\/\/innoticiasbo.com\/index.php\/wp-json\/wp\/v2\/posts\/15475","targetHints":{"allow":["GET"]}}],"collection":[{"href":"https:\/\/innoticiasbo.com\/index.php\/wp-json\/wp\/v2\/posts"}],"about":[{"href":"https:\/\/innoticiasbo.com\/index.php\/wp-json\/wp\/v2\/types\/post"}],"author":[{"embeddable":true,"href":"https:\/\/innoticiasbo.com\/index.php\/wp-json\/wp\/v2\/users\/12"}],"replies":[{"embeddable":true,"href":"https:\/\/innoticiasbo.com\/index.php\/wp-json\/wp\/v2\/comments?post=15475"}],"version-history":[{"count":1,"href":"https:\/\/innoticiasbo.com\/index.php\/wp-json\/wp\/v2\/posts\/15475\/revisions"}],"predecessor-version":[{"id":15476,"href":"https:\/\/innoticiasbo.com\/index.php\/wp-json\/wp\/v2\/posts\/15475\/revisions\/15476"}],"wp:featuredmedia":[{"embeddable":true,"href":"https:\/\/innoticiasbo.com\/index.php\/wp-json\/wp\/v2\/media\/15474"}],"wp:attachment":[{"href":"https:\/\/innoticiasbo.com\/index.php\/wp-json\/wp\/v2\/media?parent=15475"}],"wp:term":[{"taxonomy":"category","embeddable":true,"href":"https:\/\/innoticiasbo.com\/index.php\/wp-json\/wp\/v2\/categories?post=15475"},{"taxonomy":"post_tag","embeddable":true,"href":"https:\/\/innoticiasbo.com\/index.php\/wp-json\/wp\/v2\/tags?post=15475"}],"curies":[{"name":"wp","href":"https:\/\/api.w.org\/{rel}","templated":true}]}}