{"id":15463,"date":"2026-09-02T09:13:07","date_gmt":"2026-09-02T13:13:07","guid":{"rendered":"https:\/\/innoticiasbo.com\/?p=15463"},"modified":"2026-09-02T09:14:51","modified_gmt":"2026-09-02T13:14:51","slug":"santa-cruz-amanece-con-al-menos-cuatro-bloqueos-en-sus-rutas-y-la-policia-prepara-su-despliegue","status":"publish","type":"post","link":"https:\/\/innoticiasbo.com\/index.php\/2026\/09\/02\/santa-cruz-amanece-con-al-menos-cuatro-bloqueos-en-sus-rutas-y-la-policia-prepara-su-despliegue\/","title":{"rendered":"SANTA CRUZ AMANECE CON AL MENOS CUATRO BLOQUEOS EN SUS RUTAS Y LA POLIC\u00cdA PREPARA SU DESPLIEGUE"},"content":{"rendered":"\n<figure class=\"wp-block-image size-large\"><img data-recalc-dims=\"1\" loading=\"lazy\" decoding=\"async\" width=\"640\" height=\"363\" src=\"https:\/\/i0.wp.com\/innoticiasbo.com\/wp-content\/uploads\/2026\/09\/image_editor_output_image1573521917-17883546781582881569733942787794.jpg?resize=640%2C363&#038;ssl=1\" alt=\"\" class=\"wp-image-15461\" srcset=\"https:\/\/i0.wp.com\/innoticiasbo.com\/wp-content\/uploads\/2026\/09\/image_editor_output_image1573521917-17883546781582881569733942787794.jpg?w=999&amp;ssl=1 999w, https:\/\/i0.wp.com\/innoticiasbo.com\/wp-content\/uploads\/2026\/09\/image_editor_output_image1573521917-17883546781582881569733942787794.jpg?resize=300%2C170&amp;ssl=1 300w, https:\/\/i0.wp.com\/innoticiasbo.com\/wp-content\/uploads\/2026\/09\/image_editor_output_image1573521917-17883546781582881569733942787794.jpg?resize=768%2C436&amp;ssl=1 768w\" sizes=\"auto, (max-width: 640px) 100vw, 640px\" \/><\/figure>\n\n\n\n<p>Santa Cruz, 2 de septiembre.- Yapacan\u00ed, San Juli\u00e1n, Cuatro Ca\u00f1adas y Villa Para\u00edso amanecieron con bloqueos por el rechazo al Decreto 5676.<\/p>\n\n\n\n<p>Al menos cuatro puntos de bloqueo afectan este martes las carreteras de Santa Cruz. Productores de Yapacan\u00ed, San Juli\u00e1n, Cuatro Ca\u00f1adas y Villa Para\u00edso instalaron, desde la madrugada, cortes de ruta como medida de presi\u00f3n para exigir la abrogaci\u00f3n del Decreto Supremo 5676, que establece un precio referencial de Bs 18 por litro de di\u00e9sel para grandes consumidores, mientras mantiene la subvenci\u00f3n de Bs 9,80 para ciudadanos y el transporte p\u00fablico.<\/p>\n\n\n\n<p>Los bloqueos se concentran en diferentes tramos de la red vial departamental.<br><br>En San Juli\u00e1n, uno de los puntos se encuentra en el tramo Los Troncos &#8211; Comunidad N\u00facleo I, mientras que otro fue instalado en Villa Para\u00edso, tambi\u00e9n dentro de ese municipio.<br><br>En Cuatro Ca\u00f1adas, el corte se registra en la carretera Cuatro Ca\u00f1adas &#8211; Los Troncos. En tanto, en Yapacan\u00ed, la protesta se instal\u00f3 en el tramo Yapacan\u00ed (fin de puente) &#8211; San Germ\u00e1n.<br><br>La carretera Santa Cruz-Beni reporta tres puntos de bloqueo: uno en Cuatro Ca\u00f1adas y dos en San Juli\u00e1n; por su lado, el bloqueo en Yapacan\u00ed afecta a la ruta que conecta a Santa Cruz con Cochabamba. <br><br>Desde el Comando Departamental de la Polic\u00eda de Santa Cruz se observ\u00f3 la salida de un contingente policial que ser\u00e1 desplazado hacia los diferentes puntos de bloqueo. La movilizaci\u00f3n se realiza bajo la instrucci\u00f3n de que Bolivia contin\u00faa en estado de excepci\u00f3n, medida que proh\u00edbe expresamente los cortes de ruta y bloqueos que afectan la libre circulaci\u00f3n.<\/p>\n\n\n\n<p>Pasajes se venden de manera condicionada<br><br>La medida de presi\u00f3n tambi\u00e9n comenz\u00f3 a generar dificultades para los pasajeros que se trasladan desde Santa Cruz de la Sierra a los distintos municipios. En la Terminal Bimodal, un vendedor de pasajes inform\u00f3 que un bus se encuentra varado en Yapacan\u00ed, mientras que pasajeros provenientes de Trinidad permanecen retenidos en San Juli\u00e1n.<br><br>Ante esta situaci\u00f3n, las empresas de transporte interdepartamental venden los pasajes de manera condicionada y advierten a los pasajeros sobre el estado de las carreteras para que puedan tomar sus previsiones antes de emprender el viaje.<br><br>En los sectores afectados por las movilizaciones se reportan pasajeros realizando transbordos, camiones y veh\u00edculos varados y buses atrapados con pasajeros, entre otras dificultades.<br><br>Municipios bloquean las carreteras cruce\u00f1as<br><br>La principal demanda de los dirigentes y productores movilizados es la abrogaci\u00f3n del Decreto Supremo 5676. Sin embargo, el Gobierno manifest\u00f3 que la norma puede ser ajustada, pero descart\u00f3 su abrogaci\u00f3n.<\/p>\n\n\n\n<p>En Cuatro Ca\u00f1adas, los productores ratificaron que mantendr\u00e1n la medida de presi\u00f3n por 24 horas, a la espera de que se atienda su pedido. \u00abCon esta medida de presi\u00f3n estamos pidiendo la abrogaci\u00f3n y anulaci\u00f3n de este DS. Con esto est\u00e1n golpeando al bolsillo del productor. Con el alza de precio de 18 Bs el litro de di\u00e9sel, el peque\u00f1o productor est\u00e1 gestion\u00e1ndose y requiriendo 120 litros por mes\u00bb, lament\u00f3.<\/p>\n\n\n\n<p>Adem\u00e1s, el productor apunt\u00f3 que el Gobierno no atiende las necesidades de los productores. Asimismo, el dirigente tampoco descart\u00f3 que otros sectores, entre ellos el transporte, se sumen a las movilizaciones.<\/p>\n\n\n\n<p>Por su parte, el alcalde de Cuatro Ca\u00f1adas, Johan Bergen, lament\u00f3 que la situaci\u00f3n haya quedado fuera de sus manos y se\u00f1al\u00f3 que no logr\u00f3 establecer un di\u00e1logo con los productores, quienes mantienen su postura ante los que consideran incumplimientos del Gobierno. \u00abYo tambi\u00e9n he metido varias notas al Gobierno nacional y sus ministros para que nos atiendan y no tuvimos respuesta\u00bb, indic\u00f3.<\/p>\n\n\n\n<p>Yapacan\u00ed<br><br>En Yapacan\u00ed, la corresponsal de EL DEBER, Soledad Prado, inform\u00f3 que otro punto de bloqueo fue instalado en ese municipio. Los productores coordinaron la medida con representantes de otras localidades movilizadas y determinaron iniciar el corte de ruta durante la madrugada. El bloqueo comenz\u00f3 a la 01:00 de este mi\u00e9rcoles y tiene como principal demanda la abrogaci\u00f3n del Decreto Supremo 5676.<\/p>\n\n\n\n<p>Seg\u00fan el reporte, las demandas de los productores son similares a las planteadas en otros municipios. La crisis del combustible ha afectado profundamente al sector productivo de la zona, que adem\u00e1s enfrenta las consecuencias de las inundaciones registradas anteriormente. Los productores se\u00f1alan que las p\u00e9rdidas productivas se agravaron por estos factores y recuerdan que el municipio de Yapacan\u00ed ya fue declarado zona de desastre.<\/p>\n\n\n\n<p>San Juli\u00e1n<br><br>En San Juli\u00e1n, el bloqueo de 24 horas se realiza en dos puntos y ya genera perjuicios entre los pasajeros que intentan llegar a sus destinos. Una mujer que qued\u00f3 varada junto a sus dos hijos explic\u00f3 que debe atravesar dos puntos de bloqueo para llegar hasta Santa Cruz de la Sierra y posteriormente continuar su viaje hacia Camiri.<\/p>\n\n\n\n<p>\u00abEn Trinidad nos mintieron, nos dijeron que otra flota nos esperar\u00eda (&#8230;) Yo estoy con mi beb\u00e9, voy a un tratamiento de salud, as\u00ed que es un perjuicio. Como mam\u00e1, como una persona enferma, llamo a la reflexi\u00f3n al Gobierno y que nos escuche a la parte m\u00e1s vulnerables que somos las personas que reicben tratamiento\u00bb, indic\u00f3 la mujer, acompa\u00f1ada de sus dos hijos.<\/p>\n\n\n\n<p>La situaci\u00f3n mantiene en alerta a los transportistas y pasajeros, mientras los productores de los diferentes municipios sostienen su pedido de abrogaci\u00f3n del Decreto Supremo 5676 y no descartan nuevas medidas de presi\u00f3n.<\/p>\n\n\n\n<p>Fuente: El Deber <\/p>\n","protected":false},"excerpt":{"rendered":"<p>Santa Cruz, 2 de septiembre.- Yapacan\u00ed, San Juli\u00e1n, Cuatro Ca\u00f1adas y Villa Para\u00edso amanecieron con bloqueos por el rechazo al Decreto 5676. Al menos cuatro puntos de bloqueo afectan este martes las carreteras de Santa Cruz. Productores de Yapacan\u00ed, San Juli\u00e1n, Cuatro Ca\u00f1adas y Villa Para\u00edso instalaron, desde la madrugada, cortes de ruta como medida&#8230;<\/p>\n","protected":false},"author":12,"featured_media":15462,"comment_status":"open","ping_status":"open","sticky":false,"template":"","format":"standard","meta":{"_jetpack_memberships_contains_paid_content":false,"footnotes":"","jetpack_publicize_message":"","jetpack_publicize_feature_enabled":true,"jetpack_social_post_already_shared":true,"jetpack_social_options":{"image_generator_settings":{"template":"highway","enabled":false},"version":2}},"categories":[1],"tags":[339,7,285,1287,4008,83,3049,167,1353],"class_list":["post-15463","post","type-post","status-publish","format-standard","has-post-thumbnail","hentry","category-bolivia","tag-bloqueos","tag-bolivia","tag-camiri","tag-carreteras","tag-pasajes-condicionados","tag-policia","tag-san-julian","tag-santa-cruz","tag-yapacani"],"jetpack_publicize_connections":[],"yoast_head":"<!-- This site is optimized with the Yoast SEO plugin v23.4 - https:\/\/yoast.com\/wordpress\/plugins\/seo\/ -->\n<title>SANTA CRUZ AMANECE CON AL MENOS CUATRO BLOQUEOS EN SUS RUTAS Y LA POLIC\u00cdA PREPARA SU DESPLIEGUE - innoticiasbo.com<\/title>\n<meta name=\"robots\" content=\"index, follow, max-snippet:-1, max-image-preview:large, max-video-preview:-1\" \/>\n<link rel=\"canonical\" href=\"https:\/\/innoticiasbo.com\/index.php\/2026\/09\/02\/santa-cruz-amanece-con-al-menos-cuatro-bloqueos-en-sus-rutas-y-la-policia-prepara-su-despliegue\/\" \/>\n<meta property=\"og:locale\" content=\"es_ES\" \/>\n<meta property=\"og:type\" content=\"article\" \/>\n<meta property=\"og:title\" content=\"SANTA CRUZ AMANECE CON AL MENOS CUATRO BLOQUEOS EN SUS RUTAS Y LA POLIC\u00cdA PREPARA SU DESPLIEGUE - innoticiasbo.com\" \/>\n<meta property=\"og:description\" content=\"Santa Cruz, 2 de septiembre.- Yapacan\u00ed, San Juli\u00e1n, Cuatro Ca\u00f1adas y Villa Para\u00edso amanecieron con bloqueos por el rechazo al Decreto 5676. Al menos cuatro puntos de bloqueo afectan este martes las carreteras de Santa Cruz. Productores de Yapacan\u00ed, San Juli\u00e1n, Cuatro Ca\u00f1adas y Villa Para\u00edso instalaron, desde la madrugada, cortes de ruta como medida...\" \/>\n<meta property=\"og:url\" content=\"https:\/\/innoticiasbo.com\/index.php\/2026\/09\/02\/santa-cruz-amanece-con-al-menos-cuatro-bloqueos-en-sus-rutas-y-la-policia-prepara-su-despliegue\/\" \/>\n<meta property=\"og:site_name\" content=\"innoticiasbo.com\" \/>\n<meta property=\"article:publisher\" content=\"https:\/\/www.facebook.com\/innoticiasbolivia\" \/>\n<meta property=\"article:published_time\" content=\"2026-09-02T13:13:07+00:00\" \/>\n<meta property=\"article:modified_time\" content=\"2026-09-02T13:14:51+00:00\" \/>\n<meta property=\"og:image\" content=\"https:\/\/i0.wp.com\/innoticiasbo.com\/wp-content\/uploads\/2026\/09\/image_editor_output_image1573521917-1788354857506.jpg?fit=1000%2C557&ssl=1\" \/>\n\t<meta property=\"og:image:width\" content=\"1000\" \/>\n\t<meta property=\"og:image:height\" content=\"557\" \/>\n\t<meta property=\"og:image:type\" content=\"image\/jpeg\" \/>\n<meta name=\"author\" content=\"Jason Gonzales\" \/>\n<meta name=\"twitter:card\" content=\"summary_large_image\" \/>\n<meta name=\"twitter:creator\" content=\"@innoticiasbo\" \/>\n<meta name=\"twitter:site\" content=\"@innoticiasbo\" \/>\n<meta name=\"twitter:label1\" content=\"Escrito por\" \/>\n\t<meta name=\"twitter:data1\" content=\"Jason Gonzales\" \/>\n\t<meta name=\"twitter:label2\" content=\"Tiempo de lectura\" \/>\n\t<meta name=\"twitter:data2\" content=\"5 minutos\" \/>\n<script type=\"application\/ld+json\" class=\"yoast-schema-graph\">{\"@context\":\"https:\/\/schema.org\",\"@graph\":[{\"@type\":\"Article\",\"@id\":\"https:\/\/innoticiasbo.com\/index.php\/2026\/09\/02\/santa-cruz-amanece-con-al-menos-cuatro-bloqueos-en-sus-rutas-y-la-policia-prepara-su-despliegue\/#article\",\"isPartOf\":{\"@id\":\"https:\/\/innoticiasbo.com\/index.php\/2026\/09\/02\/santa-cruz-amanece-con-al-menos-cuatro-bloqueos-en-sus-rutas-y-la-policia-prepara-su-despliegue\/\"},\"author\":{\"name\":\"Jason Gonzales\",\"@id\":\"https:\/\/innoticiasbo.com\/#\/schema\/person\/9af0c49836719fb5d47b55cc879140ce\"},\"headline\":\"SANTA CRUZ AMANECE CON AL MENOS CUATRO BLOQUEOS EN SUS RUTAS Y LA POLIC\u00cdA PREPARA SU DESPLIEGUE\",\"datePublished\":\"2026-09-02T13:13:07+00:00\",\"dateModified\":\"2026-09-02T13:14:51+00:00\",\"mainEntityOfPage\":{\"@id\":\"https:\/\/innoticiasbo.com\/index.php\/2026\/09\/02\/santa-cruz-amanece-con-al-menos-cuatro-bloqueos-en-sus-rutas-y-la-policia-prepara-su-despliegue\/\"},\"wordCount\":939,\"commentCount\":0,\"publisher\":{\"@id\":\"https:\/\/innoticiasbo.com\/#organization\"},\"image\":{\"@id\":\"https:\/\/innoticiasbo.com\/index.php\/2026\/09\/02\/santa-cruz-amanece-con-al-menos-cuatro-bloqueos-en-sus-rutas-y-la-policia-prepara-su-despliegue\/#primaryimage\"},\"thumbnailUrl\":\"https:\/\/i0.wp.com\/innoticiasbo.com\/wp-content\/uploads\/2026\/09\/image_editor_output_image1573521917-1788354857506.jpg?fit=1000%2C557&ssl=1\",\"keywords\":[\"bloqueos\",\"Bolivia\",\"Camiri\",\"Carreteras\",\"Pasajes condicionados\",\"polic\u00eda\",\"San Juli\u00e1n\",\"Santa Cruz\",\"Yapacan\u00ed\"],\"articleSection\":[\"Bolivia\"],\"inLanguage\":\"es\",\"potentialAction\":[{\"@type\":\"CommentAction\",\"name\":\"Comment\",\"target\":[\"https:\/\/innoticiasbo.com\/index.php\/2026\/09\/02\/santa-cruz-amanece-con-al-menos-cuatro-bloqueos-en-sus-rutas-y-la-policia-prepara-su-despliegue\/#respond\"]}]},{\"@type\":\"WebPage\",\"@id\":\"https:\/\/innoticiasbo.com\/index.php\/2026\/09\/02\/santa-cruz-amanece-con-al-menos-cuatro-bloqueos-en-sus-rutas-y-la-policia-prepara-su-despliegue\/\",\"url\":\"https:\/\/innoticiasbo.com\/index.php\/2026\/09\/02\/santa-cruz-amanece-con-al-menos-cuatro-bloqueos-en-sus-rutas-y-la-policia-prepara-su-despliegue\/\",\"name\":\"SANTA CRUZ AMANECE CON AL MENOS CUATRO BLOQUEOS EN SUS RUTAS Y LA POLIC\u00cdA PREPARA SU DESPLIEGUE - innoticiasbo.com\",\"isPartOf\":{\"@id\":\"https:\/\/innoticiasbo.com\/#website\"},\"primaryImageOfPage\":{\"@id\":\"https:\/\/innoticiasbo.com\/index.php\/2026\/09\/02\/santa-cruz-amanece-con-al-menos-cuatro-bloqueos-en-sus-rutas-y-la-policia-prepara-su-despliegue\/#primaryimage\"},\"image\":{\"@id\":\"https:\/\/innoticiasbo.com\/index.php\/2026\/09\/02\/santa-cruz-amanece-con-al-menos-cuatro-bloqueos-en-sus-rutas-y-la-policia-prepara-su-despliegue\/#primaryimage\"},\"thumbnailUrl\":\"https:\/\/i0.wp.com\/innoticiasbo.com\/wp-content\/uploads\/2026\/09\/image_editor_output_image1573521917-1788354857506.jpg?fit=1000%2C557&ssl=1\",\"datePublished\":\"2026-09-02T13:13:07+00:00\",\"dateModified\":\"2026-09-02T13:14:51+00:00\",\"breadcrumb\":{\"@id\":\"https:\/\/innoticiasbo.com\/index.php\/2026\/09\/02\/santa-cruz-amanece-con-al-menos-cuatro-bloqueos-en-sus-rutas-y-la-policia-prepara-su-despliegue\/#breadcrumb\"},\"inLanguage\":\"es\",\"potentialAction\":[{\"@type\":\"ReadAction\",\"target\":[\"https:\/\/innoticiasbo.com\/index.php\/2026\/09\/02\/santa-cruz-amanece-con-al-menos-cuatro-bloqueos-en-sus-rutas-y-la-policia-prepara-su-despliegue\/\"]}]},{\"@type\":\"ImageObject\",\"inLanguage\":\"es\",\"@id\":\"https:\/\/innoticiasbo.com\/index.php\/2026\/09\/02\/santa-cruz-amanece-con-al-menos-cuatro-bloqueos-en-sus-rutas-y-la-policia-prepara-su-despliegue\/#primaryimage\",\"url\":\"https:\/\/i0.wp.com\/innoticiasbo.com\/wp-content\/uploads\/2026\/09\/image_editor_output_image1573521917-1788354857506.jpg?fit=1000%2C557&ssl=1\",\"contentUrl\":\"https:\/\/i0.wp.com\/innoticiasbo.com\/wp-content\/uploads\/2026\/09\/image_editor_output_image1573521917-1788354857506.jpg?fit=1000%2C557&ssl=1\",\"width\":1000,\"height\":557},{\"@type\":\"BreadcrumbList\",\"@id\":\"https:\/\/innoticiasbo.com\/index.php\/2026\/09\/02\/santa-cruz-amanece-con-al-menos-cuatro-bloqueos-en-sus-rutas-y-la-policia-prepara-su-despliegue\/#breadcrumb\",\"itemListElement\":[{\"@type\":\"ListItem\",\"position\":1,\"name\":\"Portada\",\"item\":\"https:\/\/innoticiasbo.com\/\"},{\"@type\":\"ListItem\",\"position\":2,\"name\":\"SANTA CRUZ AMANECE CON AL MENOS CUATRO BLOQUEOS EN SUS RUTAS Y LA POLIC\u00cdA PREPARA SU DESPLIEGUE\"}]},{\"@type\":\"WebSite\",\"@id\":\"https:\/\/innoticiasbo.com\/#website\",\"url\":\"https:\/\/innoticiasbo.com\/\",\"name\":\"innoticiasbo.com\",\"description\":\"\",\"publisher\":{\"@id\":\"https:\/\/innoticiasbo.com\/#organization\"},\"potentialAction\":[{\"@type\":\"SearchAction\",\"target\":{\"@type\":\"EntryPoint\",\"urlTemplate\":\"https:\/\/innoticiasbo.com\/?s={search_term_string}\"},\"query-input\":{\"@type\":\"PropertyValueSpecification\",\"valueRequired\":true,\"valueName\":\"search_term_string\"}}],\"inLanguage\":\"es\"},{\"@type\":\"Organization\",\"@id\":\"https:\/\/innoticiasbo.com\/#organization\",\"name\":\"innoticiasbo.com\",\"url\":\"https:\/\/innoticiasbo.com\/\",\"logo\":{\"@type\":\"ImageObject\",\"inLanguage\":\"es\",\"@id\":\"https:\/\/innoticiasbo.com\/#\/schema\/logo\/image\/\",\"url\":\"https:\/\/i0.wp.com\/innoticiasbo.com\/wp-content\/uploads\/2026\/04\/cropped-IN-LOGO.png?fit=1476%2C1476&ssl=1\",\"contentUrl\":\"https:\/\/i0.wp.com\/innoticiasbo.com\/wp-content\/uploads\/2026\/04\/cropped-IN-LOGO.png?fit=1476%2C1476&ssl=1\",\"width\":1476,\"height\":1476,\"caption\":\"innoticiasbo.com\"},\"image\":{\"@id\":\"https:\/\/innoticiasbo.com\/#\/schema\/logo\/image\/\"},\"sameAs\":[\"https:\/\/www.facebook.com\/innoticiasbolivia\",\"https:\/\/x.com\/innoticiasbo\",\"https:\/\/www.instagram.com\/innoticiasbo\",\"https:\/\/www.youtube.com\/innoticiasbo\"]},{\"@type\":\"Person\",\"@id\":\"https:\/\/innoticiasbo.com\/#\/schema\/person\/9af0c49836719fb5d47b55cc879140ce\",\"name\":\"Jason Gonzales\",\"image\":{\"@type\":\"ImageObject\",\"inLanguage\":\"es\",\"@id\":\"https:\/\/innoticiasbo.com\/#\/schema\/person\/image\/\",\"url\":\"https:\/\/secure.gravatar.com\/avatar\/ff64cacc93e8658997d62d298b4dff23?s=96&d=mm&r=g\",\"contentUrl\":\"https:\/\/secure.gravatar.com\/avatar\/ff64cacc93e8658997d62d298b4dff23?s=96&d=mm&r=g\",\"caption\":\"Jason Gonzales\"},\"sameAs\":[\"http:\/\/www.innoticiasbo.com\"],\"url\":\"https:\/\/innoticiasbo.com\/index.php\/author\/prensa-8\/\"}]}<\/script>\n<!-- \/ Yoast SEO plugin. -->","yoast_head_json":{"title":"SANTA CRUZ AMANECE CON AL MENOS CUATRO BLOQUEOS EN SUS RUTAS Y LA POLIC\u00cdA PREPARA SU DESPLIEGUE - innoticiasbo.com","robots":{"index":"index","follow":"follow","max-snippet":"max-snippet:-1","max-image-preview":"max-image-preview:large","max-video-preview":"max-video-preview:-1"},"canonical":"https:\/\/innoticiasbo.com\/index.php\/2026\/09\/02\/santa-cruz-amanece-con-al-menos-cuatro-bloqueos-en-sus-rutas-y-la-policia-prepara-su-despliegue\/","og_locale":"es_ES","og_type":"article","og_title":"SANTA CRUZ AMANECE CON AL MENOS CUATRO BLOQUEOS EN SUS RUTAS Y LA POLIC\u00cdA PREPARA SU DESPLIEGUE - innoticiasbo.com","og_description":"Santa Cruz, 2 de septiembre.- Yapacan\u00ed, San Juli\u00e1n, Cuatro Ca\u00f1adas y Villa Para\u00edso amanecieron con bloqueos por el rechazo al Decreto 5676. Al menos cuatro puntos de bloqueo afectan este martes las carreteras de Santa Cruz. Productores de Yapacan\u00ed, San Juli\u00e1n, Cuatro Ca\u00f1adas y Villa Para\u00edso instalaron, desde la madrugada, cortes de ruta como medida...","og_url":"https:\/\/innoticiasbo.com\/index.php\/2026\/09\/02\/santa-cruz-amanece-con-al-menos-cuatro-bloqueos-en-sus-rutas-y-la-policia-prepara-su-despliegue\/","og_site_name":"innoticiasbo.com","article_publisher":"https:\/\/www.facebook.com\/innoticiasbolivia","article_published_time":"2026-09-02T13:13:07+00:00","article_modified_time":"2026-09-02T13:14:51+00:00","og_image":[{"width":1000,"height":557,"url":"https:\/\/i0.wp.com\/innoticiasbo.com\/wp-content\/uploads\/2026\/09\/image_editor_output_image1573521917-1788354857506.jpg?fit=1000%2C557&ssl=1","type":"image\/jpeg"}],"author":"Jason Gonzales","twitter_card":"summary_large_image","twitter_creator":"@innoticiasbo","twitter_site":"@innoticiasbo","twitter_misc":{"Escrito por":"Jason Gonzales","Tiempo de lectura":"5 minutos"},"schema":{"@context":"https:\/\/schema.org","@graph":[{"@type":"Article","@id":"https:\/\/innoticiasbo.com\/index.php\/2026\/09\/02\/santa-cruz-amanece-con-al-menos-cuatro-bloqueos-en-sus-rutas-y-la-policia-prepara-su-despliegue\/#article","isPartOf":{"@id":"https:\/\/innoticiasbo.com\/index.php\/2026\/09\/02\/santa-cruz-amanece-con-al-menos-cuatro-bloqueos-en-sus-rutas-y-la-policia-prepara-su-despliegue\/"},"author":{"name":"Jason Gonzales","@id":"https:\/\/innoticiasbo.com\/#\/schema\/person\/9af0c49836719fb5d47b55cc879140ce"},"headline":"SANTA CRUZ AMANECE CON AL MENOS CUATRO BLOQUEOS EN SUS RUTAS Y LA POLIC\u00cdA PREPARA SU DESPLIEGUE","datePublished":"2026-09-02T13:13:07+00:00","dateModified":"2026-09-02T13:14:51+00:00","mainEntityOfPage":{"@id":"https:\/\/innoticiasbo.com\/index.php\/2026\/09\/02\/santa-cruz-amanece-con-al-menos-cuatro-bloqueos-en-sus-rutas-y-la-policia-prepara-su-despliegue\/"},"wordCount":939,"commentCount":0,"publisher":{"@id":"https:\/\/innoticiasbo.com\/#organization"},"image":{"@id":"https:\/\/innoticiasbo.com\/index.php\/2026\/09\/02\/santa-cruz-amanece-con-al-menos-cuatro-bloqueos-en-sus-rutas-y-la-policia-prepara-su-despliegue\/#primaryimage"},"thumbnailUrl":"https:\/\/i0.wp.com\/innoticiasbo.com\/wp-content\/uploads\/2026\/09\/image_editor_output_image1573521917-1788354857506.jpg?fit=1000%2C557&ssl=1","keywords":["bloqueos","Bolivia","Camiri","Carreteras","Pasajes condicionados","polic\u00eda","San Juli\u00e1n","Santa Cruz","Yapacan\u00ed"],"articleSection":["Bolivia"],"inLanguage":"es","potentialAction":[{"@type":"CommentAction","name":"Comment","target":["https:\/\/innoticiasbo.com\/index.php\/2026\/09\/02\/santa-cruz-amanece-con-al-menos-cuatro-bloqueos-en-sus-rutas-y-la-policia-prepara-su-despliegue\/#respond"]}]},{"@type":"WebPage","@id":"https:\/\/innoticiasbo.com\/index.php\/2026\/09\/02\/santa-cruz-amanece-con-al-menos-cuatro-bloqueos-en-sus-rutas-y-la-policia-prepara-su-despliegue\/","url":"https:\/\/innoticiasbo.com\/index.php\/2026\/09\/02\/santa-cruz-amanece-con-al-menos-cuatro-bloqueos-en-sus-rutas-y-la-policia-prepara-su-despliegue\/","name":"SANTA CRUZ AMANECE CON AL MENOS CUATRO BLOQUEOS EN SUS RUTAS Y LA POLIC\u00cdA PREPARA SU DESPLIEGUE - innoticiasbo.com","isPartOf":{"@id":"https:\/\/innoticiasbo.com\/#website"},"primaryImageOfPage":{"@id":"https:\/\/innoticiasbo.com\/index.php\/2026\/09\/02\/santa-cruz-amanece-con-al-menos-cuatro-bloqueos-en-sus-rutas-y-la-policia-prepara-su-despliegue\/#primaryimage"},"image":{"@id":"https:\/\/innoticiasbo.com\/index.php\/2026\/09\/02\/santa-cruz-amanece-con-al-menos-cuatro-bloqueos-en-sus-rutas-y-la-policia-prepara-su-despliegue\/#primaryimage"},"thumbnailUrl":"https:\/\/i0.wp.com\/innoticiasbo.com\/wp-content\/uploads\/2026\/09\/image_editor_output_image1573521917-1788354857506.jpg?fit=1000%2C557&ssl=1","datePublished":"2026-09-02T13:13:07+00:00","dateModified":"2026-09-02T13:14:51+00:00","breadcrumb":{"@id":"https:\/\/innoticiasbo.com\/index.php\/2026\/09\/02\/santa-cruz-amanece-con-al-menos-cuatro-bloqueos-en-sus-rutas-y-la-policia-prepara-su-despliegue\/#breadcrumb"},"inLanguage":"es","potentialAction":[{"@type":"ReadAction","target":["https:\/\/innoticiasbo.com\/index.php\/2026\/09\/02\/santa-cruz-amanece-con-al-menos-cuatro-bloqueos-en-sus-rutas-y-la-policia-prepara-su-despliegue\/"]}]},{"@type":"ImageObject","inLanguage":"es","@id":"https:\/\/innoticiasbo.com\/index.php\/2026\/09\/02\/santa-cruz-amanece-con-al-menos-cuatro-bloqueos-en-sus-rutas-y-la-policia-prepara-su-despliegue\/#primaryimage","url":"https:\/\/i0.wp.com\/innoticiasbo.com\/wp-content\/uploads\/2026\/09\/image_editor_output_image1573521917-1788354857506.jpg?fit=1000%2C557&ssl=1","contentUrl":"https:\/\/i0.wp.com\/innoticiasbo.com\/wp-content\/uploads\/2026\/09\/image_editor_output_image1573521917-1788354857506.jpg?fit=1000%2C557&ssl=1","width":1000,"height":557},{"@type":"BreadcrumbList","@id":"https:\/\/innoticiasbo.com\/index.php\/2026\/09\/02\/santa-cruz-amanece-con-al-menos-cuatro-bloqueos-en-sus-rutas-y-la-policia-prepara-su-despliegue\/#breadcrumb","itemListElement":[{"@type":"ListItem","position":1,"name":"Portada","item":"https:\/\/innoticiasbo.com\/"},{"@type":"ListItem","position":2,"name":"SANTA CRUZ AMANECE CON AL MENOS CUATRO BLOQUEOS EN SUS RUTAS Y LA POLIC\u00cdA PREPARA SU DESPLIEGUE"}]},{"@type":"WebSite","@id":"https:\/\/innoticiasbo.com\/#website","url":"https:\/\/innoticiasbo.com\/","name":"innoticiasbo.com","description":"","publisher":{"@id":"https:\/\/innoticiasbo.com\/#organization"},"potentialAction":[{"@type":"SearchAction","target":{"@type":"EntryPoint","urlTemplate":"https:\/\/innoticiasbo.com\/?s={search_term_string}"},"query-input":{"@type":"PropertyValueSpecification","valueRequired":true,"valueName":"search_term_string"}}],"inLanguage":"es"},{"@type":"Organization","@id":"https:\/\/innoticiasbo.com\/#organization","name":"innoticiasbo.com","url":"https:\/\/innoticiasbo.com\/","logo":{"@type":"ImageObject","inLanguage":"es","@id":"https:\/\/innoticiasbo.com\/#\/schema\/logo\/image\/","url":"https:\/\/i0.wp.com\/innoticiasbo.com\/wp-content\/uploads\/2026\/04\/cropped-IN-LOGO.png?fit=1476%2C1476&ssl=1","contentUrl":"https:\/\/i0.wp.com\/innoticiasbo.com\/wp-content\/uploads\/2026\/04\/cropped-IN-LOGO.png?fit=1476%2C1476&ssl=1","width":1476,"height":1476,"caption":"innoticiasbo.com"},"image":{"@id":"https:\/\/innoticiasbo.com\/#\/schema\/logo\/image\/"},"sameAs":["https:\/\/www.facebook.com\/innoticiasbolivia","https:\/\/x.com\/innoticiasbo","https:\/\/www.instagram.com\/innoticiasbo","https:\/\/www.youtube.com\/innoticiasbo"]},{"@type":"Person","@id":"https:\/\/innoticiasbo.com\/#\/schema\/person\/9af0c49836719fb5d47b55cc879140ce","name":"Jason Gonzales","image":{"@type":"ImageObject","inLanguage":"es","@id":"https:\/\/innoticiasbo.com\/#\/schema\/person\/image\/","url":"https:\/\/secure.gravatar.com\/avatar\/ff64cacc93e8658997d62d298b4dff23?s=96&d=mm&r=g","contentUrl":"https:\/\/secure.gravatar.com\/avatar\/ff64cacc93e8658997d62d298b4dff23?s=96&d=mm&r=g","caption":"Jason Gonzales"},"sameAs":["http:\/\/www.innoticiasbo.com"],"url":"https:\/\/innoticiasbo.com\/index.php\/author\/prensa-8\/"}]}},"jetpack_featured_media_url":"https:\/\/i0.wp.com\/innoticiasbo.com\/wp-content\/uploads\/2026\/09\/image_editor_output_image1573521917-1788354857506.jpg?fit=1000%2C557&ssl=1","jetpack_likes_enabled":true,"jetpack_sharing_enabled":true,"jetpack_shortlink":"https:\/\/wp.me\/pg298x-41p","_links":{"self":[{"href":"https:\/\/innoticiasbo.com\/index.php\/wp-json\/wp\/v2\/posts\/15463","targetHints":{"allow":["GET"]}}],"collection":[{"href":"https:\/\/innoticiasbo.com\/index.php\/wp-json\/wp\/v2\/posts"}],"about":[{"href":"https:\/\/innoticiasbo.com\/index.php\/wp-json\/wp\/v2\/types\/post"}],"author":[{"embeddable":true,"href":"https:\/\/innoticiasbo.com\/index.php\/wp-json\/wp\/v2\/users\/12"}],"replies":[{"embeddable":true,"href":"https:\/\/innoticiasbo.com\/index.php\/wp-json\/wp\/v2\/comments?post=15463"}],"version-history":[{"count":1,"href":"https:\/\/innoticiasbo.com\/index.php\/wp-json\/wp\/v2\/posts\/15463\/revisions"}],"predecessor-version":[{"id":15464,"href":"https:\/\/innoticiasbo.com\/index.php\/wp-json\/wp\/v2\/posts\/15463\/revisions\/15464"}],"wp:featuredmedia":[{"embeddable":true,"href":"https:\/\/innoticiasbo.com\/index.php\/wp-json\/wp\/v2\/media\/15462"}],"wp:attachment":[{"href":"https:\/\/innoticiasbo.com\/index.php\/wp-json\/wp\/v2\/media?parent=15463"}],"wp:term":[{"taxonomy":"category","embeddable":true,"href":"https:\/\/innoticiasbo.com\/index.php\/wp-json\/wp\/v2\/categories?post=15463"},{"taxonomy":"post_tag","embeddable":true,"href":"https:\/\/innoticiasbo.com\/index.php\/wp-json\/wp\/v2\/tags?post=15463"}],"curies":[{"name":"wp","href":"https:\/\/api.w.org\/{rel}","templated":true}]}}