{"id":15455,"date":"2026-09-01T11:03:14","date_gmt":"2026-09-01T15:03:14","guid":{"rendered":"https:\/\/innoticiasbo.com\/?p=15455"},"modified":"2026-09-01T11:09:32","modified_gmt":"2026-09-01T15:09:32","slug":"las-orillas-y-el-abismo","status":"publish","type":"post","link":"https:\/\/innoticiasbo.com\/index.php\/2026\/09\/01\/las-orillas-y-el-abismo\/","title":{"rendered":"LAS ORILLAS Y EL ABISMO"},"content":{"rendered":"<p><img data-recalc-dims=\"1\" loading=\"lazy\" decoding=\"async\" src=\"https:\/\/i0.wp.com\/innoticiasbo.com\/wp-content\/uploads\/2026\/09\/img-20260901-wa01339002303993799890818.jpg?resize=640%2C640&#038;ssl=1\" class=\"wp-image-15453 alignnone size-full\" width=\"640\" height=\"640\" srcset=\"https:\/\/i0.wp.com\/innoticiasbo.com\/wp-content\/uploads\/2026\/09\/img-20260901-wa01339002303993799890818.jpg?w=1080&amp;ssl=1 1080w, https:\/\/i0.wp.com\/innoticiasbo.com\/wp-content\/uploads\/2026\/09\/img-20260901-wa01339002303993799890818.jpg?resize=300%2C300&amp;ssl=1 300w, https:\/\/i0.wp.com\/innoticiasbo.com\/wp-content\/uploads\/2026\/09\/img-20260901-wa01339002303993799890818.jpg?resize=1024%2C1024&amp;ssl=1 1024w, https:\/\/i0.wp.com\/innoticiasbo.com\/wp-content\/uploads\/2026\/09\/img-20260901-wa01339002303993799890818.jpg?resize=150%2C150&amp;ssl=1 150w, https:\/\/i0.wp.com\/innoticiasbo.com\/wp-content\/uploads\/2026\/09\/img-20260901-wa01339002303993799890818.jpg?resize=768%2C768&amp;ssl=1 768w\" sizes=\"auto, (max-width: 640px) 100vw, 640px\" \/><\/p>\n<p>Hastiado de tanto fervor patri\u00f3tico \u2014\u201c\u00a1Bolivia, Bolivia, Bolivia!\u201d\u2014, recuerdo una frase de Felipe Delgado (1979) que ajusto a nuestro miserable contexto: \u00bfQu\u00e9 saca la gente del patriotismo si lo que necesita es pan?<\/p>\n<p>El cierre del disparatado Ministerio de Culturas, Turismo Sostenible, Folklore, Gastronom\u00eda, Dactilograf\u00eda, Artes Oscuras, Corte y Confecci\u00f3n\u2026 coincidi\u00f3 con la fecha en que termin\u00e9 esa gran novela de Jaime S\u00e1enz (1921-1986), sobre aquel memorable personaje \u201cque se arriesga en las tinieblas y emprende la gran aventura, despidi\u00e9ndose de la vida con la misma tranquilidad con que lo har\u00eda de una enamorada cualquiera\u201d.<\/p>\n<p>En palabras del escritor pace\u00f1o, el presidente Paz desapareci\u00f3 el Ministerio \u201cun d\u00eda gris, triste y h\u00famedo, como mandado a hacer para un entierro\u201d. Justific\u00f3 su decisi\u00f3n pregonando una austeridad que, ir\u00f3nicamente, no practic\u00f3 su exministro de Econom\u00eda.<br \/>\nEntre todas sus medidas de \u201csinceramiento\u201d, para m\u00ed \u00e9sta es la \u00fanica honesta. Porque un gobierno accidental, hecho de remiendos y retazos de m\u00faltiples colores y texturas \u2014como el saco de los aparapitas que acompa\u00f1an en la bodega a Delgado y a su tropa de antih\u00e9roes\u2014, caracterizado por la ineficiencia t\u00e9cnica y la ligereza \u00e9tica, \u00bfc\u00f3mo podr\u00eda ser competente en gesti\u00f3n cultural? \u00bfA qui\u00e9n de esa fauna de buscalinajes, advenedizos, tr\u00e1nsfugas, pesos pluma y mercenarios for\u00e1neos que est\u00e1n a cargo de la administraci\u00f3n del Estado podr\u00eda interesarle realmente la cultura?<\/p>\n<p>Ese ministerio fue siempre una cartera para pagar favores o un hueco para rellenar con un incauto que adornara la foto del gabinete y lo hiciera parecer plural. Salvo alguna excepci\u00f3n que no recuerdo, basta ver a los personajes que ocuparon este cargo: todos tan inc\u00f3modos como el simpatizante nazi Jaime S\u00e1enz en la URSS de Stalin; tan desorientados como Felipe Delgado en el lujoso bar de La Suisse.<br \/>\nEn dictadura y democracia, los gobernantes han puesto al arte y al artista en un lugar marginal, destinado al entretenimiento. Para los pol\u00edticos tradicionales, la cultura solo vale si genera r\u00e9dito, por eso buscan folklorizarla y vaciarla de contenido para reducirla a espect\u00e1culo de masas.<\/p>\n<p>Ahora criticamos a Paz \u2014que antes bailaba por notoriedad y ahora lo hace por aprobaci\u00f3n\u2014, pero no olvidemos que Evo construy\u00f3 en Oruro un bodrio de siete millones de d\u00f3lares para exhibir sus poleras de f\u00fatbol y otros souvenirs, y tuvo la osad\u00eda de llamarlo museo.<\/p>\n<p>Tambi\u00e9n hay muchos ejemplos burdos en el \u00e1mbito municipal: alcaldes que despliegan pasos arr\u00edtmicos delante de bandas folkl\u00f3ricas; o que encargan, sin criterio, esculturas toscas para emplazar en las plazuelas \u2014obras sin alma, como dir\u00eda S\u00e1enz, obras sin gemido, que no transmiten el dolor del artista\u2014; o que en efem\u00e9rides condecoran a artistas menores que beben de la miel del poder. En mi ciudad, la m\u00e1xima expresi\u00f3n cultural del alcalde es subirse al escenario en carnaval y, explotando su parecido con Freddy Mercury, gritarle \u201c\u00a1eeeo!\u201d a una multitud boquiabierta.<\/p>\n<p>La sociedad tampoco ayuda. Exige cultura gratis o a centavos. Pide pel\u00edculas dobladas, huye de los libros como si fueran lepra, confunde cultura con fanatismo religioso y siempre encuentra modo de meter la bebida. Sus est\u00e1ndares est\u00e1n por los suelos. Por ejemplo, en Cochabamba, si se repite la historia, pronto tendremos una feria del libro plagada de escritos de autoayuda, mangas, stickers, bandas folkl\u00f3ricas, shows de skateboard y lucha libre de cholitas (\u00a1!). Al salir de all\u00ed dan ganas de encerrarse en una bodega y \u201csacarse el cuerpo\u201d como los personajes de aquella potente novela que no hizo ruido mundial porque proven\u00eda de la silenciosa Bolivia.<\/p>\n<p>Pero el cierre del Ministerio sirve para rayar la cancha. Reconocer que pol\u00edticos tradicionales y artistas e intelectuales aut\u00e9nticos est\u00e1n en orillas opuestas, separadas por el abismo. No hay puente que los una. Est\u00e1n enfrentados, no coinciden en nada, no tienen voluntad para coordinar ni se tienen el menor aprecio. Unos son creadores; otros, depredadores. Unos son cr\u00edticos y frontales; otros, esquivos y farsantes. Unos defienden el desarrollo humano; otros apuestan por el desarrollo material porque ah\u00ed est\u00e1 el sobreprecio.<\/p>\n<p>Y ante tanta farsa y decepci\u00f3n, me quedo con una aguda afirmaci\u00f3n del querido Felipe: \u201cLo \u00fanico honesto es la muerte. La \u00fanica amistad, la \u00fanica verdad, el \u00fanico refugio\u201d.<\/p>\n","protected":false},"excerpt":{"rendered":"<p>Hastiado de tanto fervor patri\u00f3tico \u2014\u201c\u00a1Bolivia, Bolivia, Bolivia!\u201d\u2014, recuerdo una frase de Felipe Delgado (1979) que ajusto a nuestro miserable contexto: \u00bfQu\u00e9 saca la gente del patriotismo si lo que necesita es pan? El cierre del disparatado Ministerio de Culturas, Turismo Sostenible, Folklore, Gastronom\u00eda, Dactilograf\u00eda, Artes Oscuras, Corte y Confecci\u00f3n\u2026 coincidi\u00f3 con la fecha en&#8230;<\/p>\n","protected":false},"author":2,"featured_media":15454,"comment_status":"open","ping_status":"open","sticky":false,"template":"","format":"standard","meta":{"_jetpack_memberships_contains_paid_content":false,"footnotes":"","jetpack_publicize_message":"","jetpack_publicize_feature_enabled":true,"jetpack_social_post_already_shared":true,"jetpack_social_options":{"image_generator_settings":{"template":"highway","enabled":false},"version":2}},"categories":[1,17,3],"tags":[7,1093,345,4006],"class_list":["post-15455","post","type-post","status-publish","format-standard","has-post-thumbnail","hentry","category-bolivia","category-opinion","category-politica","tag-bolivia","tag-dennis-lema-andrade","tag-rodrigo-paz","tag-sinceramiento"],"jetpack_publicize_connections":[],"yoast_head":"<!-- This site is optimized with the Yoast SEO plugin v23.4 - https:\/\/yoast.com\/wordpress\/plugins\/seo\/ -->\n<title>LAS ORILLAS Y EL ABISMO - innoticiasbo.com<\/title>\n<meta name=\"robots\" content=\"index, follow, max-snippet:-1, max-image-preview:large, max-video-preview:-1\" \/>\n<link rel=\"canonical\" href=\"https:\/\/innoticiasbo.com\/index.php\/2026\/09\/01\/las-orillas-y-el-abismo\/\" \/>\n<meta property=\"og:locale\" content=\"es_ES\" \/>\n<meta property=\"og:type\" content=\"article\" \/>\n<meta property=\"og:title\" content=\"LAS ORILLAS Y EL ABISMO - innoticiasbo.com\" \/>\n<meta property=\"og:description\" content=\"Hastiado de tanto fervor patri\u00f3tico \u2014\u201c\u00a1Bolivia, Bolivia, Bolivia!\u201d\u2014, recuerdo una frase de Felipe Delgado (1979) que ajusto a nuestro miserable contexto: \u00bfQu\u00e9 saca la gente del patriotismo si lo que necesita es pan? El cierre del disparatado Ministerio de Culturas, Turismo Sostenible, Folklore, Gastronom\u00eda, Dactilograf\u00eda, Artes Oscuras, Corte y Confecci\u00f3n\u2026 coincidi\u00f3 con la fecha en...\" \/>\n<meta property=\"og:url\" content=\"https:\/\/innoticiasbo.com\/index.php\/2026\/09\/01\/las-orillas-y-el-abismo\/\" \/>\n<meta property=\"og:site_name\" content=\"innoticiasbo.com\" \/>\n<meta property=\"article:publisher\" content=\"https:\/\/www.facebook.com\/innoticiasbolivia\" \/>\n<meta property=\"article:published_time\" content=\"2026-09-01T15:03:14+00:00\" \/>\n<meta property=\"article:modified_time\" content=\"2026-09-01T15:09:32+00:00\" \/>\n<meta property=\"og:image\" content=\"https:\/\/i0.wp.com\/innoticiasbo.com\/wp-content\/uploads\/2026\/09\/IMG-20260901-WA0133.jpg?fit=1080%2C1080&ssl=1\" \/>\n\t<meta property=\"og:image:width\" content=\"1080\" \/>\n\t<meta property=\"og:image:height\" content=\"1080\" \/>\n\t<meta property=\"og:image:type\" content=\"image\/jpeg\" \/>\n<meta name=\"author\" content=\"Prensa\" \/>\n<meta name=\"twitter:card\" content=\"summary_large_image\" \/>\n<meta name=\"twitter:creator\" content=\"@innoticiasbo\" \/>\n<meta name=\"twitter:site\" content=\"@innoticiasbo\" \/>\n<meta name=\"twitter:label1\" content=\"Escrito por\" \/>\n\t<meta name=\"twitter:data1\" content=\"Prensa\" \/>\n\t<meta name=\"twitter:label2\" content=\"Tiempo de lectura\" \/>\n\t<meta name=\"twitter:data2\" content=\"4 minutos\" \/>\n<script type=\"application\/ld+json\" class=\"yoast-schema-graph\">{\"@context\":\"https:\/\/schema.org\",\"@graph\":[{\"@type\":\"Article\",\"@id\":\"https:\/\/innoticiasbo.com\/index.php\/2026\/09\/01\/las-orillas-y-el-abismo\/#article\",\"isPartOf\":{\"@id\":\"https:\/\/innoticiasbo.com\/index.php\/2026\/09\/01\/las-orillas-y-el-abismo\/\"},\"author\":{\"name\":\"Prensa\",\"@id\":\"https:\/\/innoticiasbo.com\/#\/schema\/person\/589cd527c4211df1b943bdad85ec07ce\"},\"headline\":\"LAS ORILLAS Y EL ABISMO\",\"datePublished\":\"2026-09-01T15:03:14+00:00\",\"dateModified\":\"2026-09-01T15:09:32+00:00\",\"mainEntityOfPage\":{\"@id\":\"https:\/\/innoticiasbo.com\/index.php\/2026\/09\/01\/las-orillas-y-el-abismo\/\"},\"wordCount\":747,\"commentCount\":0,\"publisher\":{\"@id\":\"https:\/\/innoticiasbo.com\/#organization\"},\"image\":{\"@id\":\"https:\/\/innoticiasbo.com\/index.php\/2026\/09\/01\/las-orillas-y-el-abismo\/#primaryimage\"},\"thumbnailUrl\":\"https:\/\/i0.wp.com\/innoticiasbo.com\/wp-content\/uploads\/2026\/09\/IMG-20260901-WA0133.jpg?fit=1080%2C1080&ssl=1\",\"keywords\":[\"Bolivia\",\"Dennis Lema Andrade\",\"Rodrigo Paz\",\"sinceramiento\"],\"articleSection\":[\"Bolivia\",\"Opini\u00f3n\",\"Pol\u00edtica\"],\"inLanguage\":\"es\",\"potentialAction\":[{\"@type\":\"CommentAction\",\"name\":\"Comment\",\"target\":[\"https:\/\/innoticiasbo.com\/index.php\/2026\/09\/01\/las-orillas-y-el-abismo\/#respond\"]}]},{\"@type\":\"WebPage\",\"@id\":\"https:\/\/innoticiasbo.com\/index.php\/2026\/09\/01\/las-orillas-y-el-abismo\/\",\"url\":\"https:\/\/innoticiasbo.com\/index.php\/2026\/09\/01\/las-orillas-y-el-abismo\/\",\"name\":\"LAS ORILLAS Y EL ABISMO - innoticiasbo.com\",\"isPartOf\":{\"@id\":\"https:\/\/innoticiasbo.com\/#website\"},\"primaryImageOfPage\":{\"@id\":\"https:\/\/innoticiasbo.com\/index.php\/2026\/09\/01\/las-orillas-y-el-abismo\/#primaryimage\"},\"image\":{\"@id\":\"https:\/\/innoticiasbo.com\/index.php\/2026\/09\/01\/las-orillas-y-el-abismo\/#primaryimage\"},\"thumbnailUrl\":\"https:\/\/i0.wp.com\/innoticiasbo.com\/wp-content\/uploads\/2026\/09\/IMG-20260901-WA0133.jpg?fit=1080%2C1080&ssl=1\",\"datePublished\":\"2026-09-01T15:03:14+00:00\",\"dateModified\":\"2026-09-01T15:09:32+00:00\",\"breadcrumb\":{\"@id\":\"https:\/\/innoticiasbo.com\/index.php\/2026\/09\/01\/las-orillas-y-el-abismo\/#breadcrumb\"},\"inLanguage\":\"es\",\"potentialAction\":[{\"@type\":\"ReadAction\",\"target\":[\"https:\/\/innoticiasbo.com\/index.php\/2026\/09\/01\/las-orillas-y-el-abismo\/\"]}]},{\"@type\":\"ImageObject\",\"inLanguage\":\"es\",\"@id\":\"https:\/\/innoticiasbo.com\/index.php\/2026\/09\/01\/las-orillas-y-el-abismo\/#primaryimage\",\"url\":\"https:\/\/i0.wp.com\/innoticiasbo.com\/wp-content\/uploads\/2026\/09\/IMG-20260901-WA0133.jpg?fit=1080%2C1080&ssl=1\",\"contentUrl\":\"https:\/\/i0.wp.com\/innoticiasbo.com\/wp-content\/uploads\/2026\/09\/IMG-20260901-WA0133.jpg?fit=1080%2C1080&ssl=1\",\"width\":1080,\"height\":1080},{\"@type\":\"BreadcrumbList\",\"@id\":\"https:\/\/innoticiasbo.com\/index.php\/2026\/09\/01\/las-orillas-y-el-abismo\/#breadcrumb\",\"itemListElement\":[{\"@type\":\"ListItem\",\"position\":1,\"name\":\"Portada\",\"item\":\"https:\/\/innoticiasbo.com\/\"},{\"@type\":\"ListItem\",\"position\":2,\"name\":\"LAS ORILLAS Y EL ABISMO\"}]},{\"@type\":\"WebSite\",\"@id\":\"https:\/\/innoticiasbo.com\/#website\",\"url\":\"https:\/\/innoticiasbo.com\/\",\"name\":\"innoticiasbo.com\",\"description\":\"\",\"publisher\":{\"@id\":\"https:\/\/innoticiasbo.com\/#organization\"},\"potentialAction\":[{\"@type\":\"SearchAction\",\"target\":{\"@type\":\"EntryPoint\",\"urlTemplate\":\"https:\/\/innoticiasbo.com\/?s={search_term_string}\"},\"query-input\":{\"@type\":\"PropertyValueSpecification\",\"valueRequired\":true,\"valueName\":\"search_term_string\"}}],\"inLanguage\":\"es\"},{\"@type\":\"Organization\",\"@id\":\"https:\/\/innoticiasbo.com\/#organization\",\"name\":\"innoticiasbo.com\",\"url\":\"https:\/\/innoticiasbo.com\/\",\"logo\":{\"@type\":\"ImageObject\",\"inLanguage\":\"es\",\"@id\":\"https:\/\/innoticiasbo.com\/#\/schema\/logo\/image\/\",\"url\":\"https:\/\/i0.wp.com\/innoticiasbo.com\/wp-content\/uploads\/2026\/04\/cropped-IN-LOGO.png?fit=1476%2C1476&ssl=1\",\"contentUrl\":\"https:\/\/i0.wp.com\/innoticiasbo.com\/wp-content\/uploads\/2026\/04\/cropped-IN-LOGO.png?fit=1476%2C1476&ssl=1\",\"width\":1476,\"height\":1476,\"caption\":\"innoticiasbo.com\"},\"image\":{\"@id\":\"https:\/\/innoticiasbo.com\/#\/schema\/logo\/image\/\"},\"sameAs\":[\"https:\/\/www.facebook.com\/innoticiasbolivia\",\"https:\/\/x.com\/innoticiasbo\",\"https:\/\/www.instagram.com\/innoticiasbo\",\"https:\/\/www.youtube.com\/innoticiasbo\"]},{\"@type\":\"Person\",\"@id\":\"https:\/\/innoticiasbo.com\/#\/schema\/person\/589cd527c4211df1b943bdad85ec07ce\",\"name\":\"Prensa\",\"image\":{\"@type\":\"ImageObject\",\"inLanguage\":\"es\",\"@id\":\"https:\/\/innoticiasbo.com\/#\/schema\/person\/image\/\",\"url\":\"https:\/\/secure.gravatar.com\/avatar\/d359bbdf112023c1c0a3ec7fe1600657?s=96&d=mm&r=g\",\"contentUrl\":\"https:\/\/secure.gravatar.com\/avatar\/d359bbdf112023c1c0a3ec7fe1600657?s=96&d=mm&r=g\",\"caption\":\"Prensa\"},\"sameAs\":[\"http:\/\/www.innoticiasbo.com\"],\"url\":\"https:\/\/innoticiasbo.com\/index.php\/author\/prensa\/\"}]}<\/script>\n<!-- \/ Yoast SEO plugin. -->","yoast_head_json":{"title":"LAS ORILLAS Y EL ABISMO - innoticiasbo.com","robots":{"index":"index","follow":"follow","max-snippet":"max-snippet:-1","max-image-preview":"max-image-preview:large","max-video-preview":"max-video-preview:-1"},"canonical":"https:\/\/innoticiasbo.com\/index.php\/2026\/09\/01\/las-orillas-y-el-abismo\/","og_locale":"es_ES","og_type":"article","og_title":"LAS ORILLAS Y EL ABISMO - innoticiasbo.com","og_description":"Hastiado de tanto fervor patri\u00f3tico \u2014\u201c\u00a1Bolivia, Bolivia, Bolivia!\u201d\u2014, recuerdo una frase de Felipe Delgado (1979) que ajusto a nuestro miserable contexto: \u00bfQu\u00e9 saca la gente del patriotismo si lo que necesita es pan? El cierre del disparatado Ministerio de Culturas, Turismo Sostenible, Folklore, Gastronom\u00eda, Dactilograf\u00eda, Artes Oscuras, Corte y Confecci\u00f3n\u2026 coincidi\u00f3 con la fecha en...","og_url":"https:\/\/innoticiasbo.com\/index.php\/2026\/09\/01\/las-orillas-y-el-abismo\/","og_site_name":"innoticiasbo.com","article_publisher":"https:\/\/www.facebook.com\/innoticiasbolivia","article_published_time":"2026-09-01T15:03:14+00:00","article_modified_time":"2026-09-01T15:09:32+00:00","og_image":[{"width":1080,"height":1080,"url":"https:\/\/i0.wp.com\/innoticiasbo.com\/wp-content\/uploads\/2026\/09\/IMG-20260901-WA0133.jpg?fit=1080%2C1080&ssl=1","type":"image\/jpeg"}],"author":"Prensa","twitter_card":"summary_large_image","twitter_creator":"@innoticiasbo","twitter_site":"@innoticiasbo","twitter_misc":{"Escrito por":"Prensa","Tiempo de lectura":"4 minutos"},"schema":{"@context":"https:\/\/schema.org","@graph":[{"@type":"Article","@id":"https:\/\/innoticiasbo.com\/index.php\/2026\/09\/01\/las-orillas-y-el-abismo\/#article","isPartOf":{"@id":"https:\/\/innoticiasbo.com\/index.php\/2026\/09\/01\/las-orillas-y-el-abismo\/"},"author":{"name":"Prensa","@id":"https:\/\/innoticiasbo.com\/#\/schema\/person\/589cd527c4211df1b943bdad85ec07ce"},"headline":"LAS ORILLAS Y EL ABISMO","datePublished":"2026-09-01T15:03:14+00:00","dateModified":"2026-09-01T15:09:32+00:00","mainEntityOfPage":{"@id":"https:\/\/innoticiasbo.com\/index.php\/2026\/09\/01\/las-orillas-y-el-abismo\/"},"wordCount":747,"commentCount":0,"publisher":{"@id":"https:\/\/innoticiasbo.com\/#organization"},"image":{"@id":"https:\/\/innoticiasbo.com\/index.php\/2026\/09\/01\/las-orillas-y-el-abismo\/#primaryimage"},"thumbnailUrl":"https:\/\/i0.wp.com\/innoticiasbo.com\/wp-content\/uploads\/2026\/09\/IMG-20260901-WA0133.jpg?fit=1080%2C1080&ssl=1","keywords":["Bolivia","Dennis Lema Andrade","Rodrigo Paz","sinceramiento"],"articleSection":["Bolivia","Opini\u00f3n","Pol\u00edtica"],"inLanguage":"es","potentialAction":[{"@type":"CommentAction","name":"Comment","target":["https:\/\/innoticiasbo.com\/index.php\/2026\/09\/01\/las-orillas-y-el-abismo\/#respond"]}]},{"@type":"WebPage","@id":"https:\/\/innoticiasbo.com\/index.php\/2026\/09\/01\/las-orillas-y-el-abismo\/","url":"https:\/\/innoticiasbo.com\/index.php\/2026\/09\/01\/las-orillas-y-el-abismo\/","name":"LAS ORILLAS Y EL ABISMO - innoticiasbo.com","isPartOf":{"@id":"https:\/\/innoticiasbo.com\/#website"},"primaryImageOfPage":{"@id":"https:\/\/innoticiasbo.com\/index.php\/2026\/09\/01\/las-orillas-y-el-abismo\/#primaryimage"},"image":{"@id":"https:\/\/innoticiasbo.com\/index.php\/2026\/09\/01\/las-orillas-y-el-abismo\/#primaryimage"},"thumbnailUrl":"https:\/\/i0.wp.com\/innoticiasbo.com\/wp-content\/uploads\/2026\/09\/IMG-20260901-WA0133.jpg?fit=1080%2C1080&ssl=1","datePublished":"2026-09-01T15:03:14+00:00","dateModified":"2026-09-01T15:09:32+00:00","breadcrumb":{"@id":"https:\/\/innoticiasbo.com\/index.php\/2026\/09\/01\/las-orillas-y-el-abismo\/#breadcrumb"},"inLanguage":"es","potentialAction":[{"@type":"ReadAction","target":["https:\/\/innoticiasbo.com\/index.php\/2026\/09\/01\/las-orillas-y-el-abismo\/"]}]},{"@type":"ImageObject","inLanguage":"es","@id":"https:\/\/innoticiasbo.com\/index.php\/2026\/09\/01\/las-orillas-y-el-abismo\/#primaryimage","url":"https:\/\/i0.wp.com\/innoticiasbo.com\/wp-content\/uploads\/2026\/09\/IMG-20260901-WA0133.jpg?fit=1080%2C1080&ssl=1","contentUrl":"https:\/\/i0.wp.com\/innoticiasbo.com\/wp-content\/uploads\/2026\/09\/IMG-20260901-WA0133.jpg?fit=1080%2C1080&ssl=1","width":1080,"height":1080},{"@type":"BreadcrumbList","@id":"https:\/\/innoticiasbo.com\/index.php\/2026\/09\/01\/las-orillas-y-el-abismo\/#breadcrumb","itemListElement":[{"@type":"ListItem","position":1,"name":"Portada","item":"https:\/\/innoticiasbo.com\/"},{"@type":"ListItem","position":2,"name":"LAS ORILLAS Y EL ABISMO"}]},{"@type":"WebSite","@id":"https:\/\/innoticiasbo.com\/#website","url":"https:\/\/innoticiasbo.com\/","name":"innoticiasbo.com","description":"","publisher":{"@id":"https:\/\/innoticiasbo.com\/#organization"},"potentialAction":[{"@type":"SearchAction","target":{"@type":"EntryPoint","urlTemplate":"https:\/\/innoticiasbo.com\/?s={search_term_string}"},"query-input":{"@type":"PropertyValueSpecification","valueRequired":true,"valueName":"search_term_string"}}],"inLanguage":"es"},{"@type":"Organization","@id":"https:\/\/innoticiasbo.com\/#organization","name":"innoticiasbo.com","url":"https:\/\/innoticiasbo.com\/","logo":{"@type":"ImageObject","inLanguage":"es","@id":"https:\/\/innoticiasbo.com\/#\/schema\/logo\/image\/","url":"https:\/\/i0.wp.com\/innoticiasbo.com\/wp-content\/uploads\/2026\/04\/cropped-IN-LOGO.png?fit=1476%2C1476&ssl=1","contentUrl":"https:\/\/i0.wp.com\/innoticiasbo.com\/wp-content\/uploads\/2026\/04\/cropped-IN-LOGO.png?fit=1476%2C1476&ssl=1","width":1476,"height":1476,"caption":"innoticiasbo.com"},"image":{"@id":"https:\/\/innoticiasbo.com\/#\/schema\/logo\/image\/"},"sameAs":["https:\/\/www.facebook.com\/innoticiasbolivia","https:\/\/x.com\/innoticiasbo","https:\/\/www.instagram.com\/innoticiasbo","https:\/\/www.youtube.com\/innoticiasbo"]},{"@type":"Person","@id":"https:\/\/innoticiasbo.com\/#\/schema\/person\/589cd527c4211df1b943bdad85ec07ce","name":"Prensa","image":{"@type":"ImageObject","inLanguage":"es","@id":"https:\/\/innoticiasbo.com\/#\/schema\/person\/image\/","url":"https:\/\/secure.gravatar.com\/avatar\/d359bbdf112023c1c0a3ec7fe1600657?s=96&d=mm&r=g","contentUrl":"https:\/\/secure.gravatar.com\/avatar\/d359bbdf112023c1c0a3ec7fe1600657?s=96&d=mm&r=g","caption":"Prensa"},"sameAs":["http:\/\/www.innoticiasbo.com"],"url":"https:\/\/innoticiasbo.com\/index.php\/author\/prensa\/"}]}},"jetpack_featured_media_url":"https:\/\/i0.wp.com\/innoticiasbo.com\/wp-content\/uploads\/2026\/09\/IMG-20260901-WA0133.jpg?fit=1080%2C1080&ssl=1","jetpack_likes_enabled":true,"jetpack_sharing_enabled":true,"jetpack_shortlink":"https:\/\/wp.me\/pg298x-41h","_links":{"self":[{"href":"https:\/\/innoticiasbo.com\/index.php\/wp-json\/wp\/v2\/posts\/15455","targetHints":{"allow":["GET"]}}],"collection":[{"href":"https:\/\/innoticiasbo.com\/index.php\/wp-json\/wp\/v2\/posts"}],"about":[{"href":"https:\/\/innoticiasbo.com\/index.php\/wp-json\/wp\/v2\/types\/post"}],"author":[{"embeddable":true,"href":"https:\/\/innoticiasbo.com\/index.php\/wp-json\/wp\/v2\/users\/2"}],"replies":[{"embeddable":true,"href":"https:\/\/innoticiasbo.com\/index.php\/wp-json\/wp\/v2\/comments?post=15455"}],"version-history":[{"count":1,"href":"https:\/\/innoticiasbo.com\/index.php\/wp-json\/wp\/v2\/posts\/15455\/revisions"}],"predecessor-version":[{"id":15456,"href":"https:\/\/innoticiasbo.com\/index.php\/wp-json\/wp\/v2\/posts\/15455\/revisions\/15456"}],"wp:featuredmedia":[{"embeddable":true,"href":"https:\/\/innoticiasbo.com\/index.php\/wp-json\/wp\/v2\/media\/15454"}],"wp:attachment":[{"href":"https:\/\/innoticiasbo.com\/index.php\/wp-json\/wp\/v2\/media?parent=15455"}],"wp:term":[{"taxonomy":"category","embeddable":true,"href":"https:\/\/innoticiasbo.com\/index.php\/wp-json\/wp\/v2\/categories?post=15455"},{"taxonomy":"post_tag","embeddable":true,"href":"https:\/\/innoticiasbo.com\/index.php\/wp-json\/wp\/v2\/tags?post=15455"}],"curies":[{"name":"wp","href":"https:\/\/api.w.org\/{rel}","templated":true}]}}