{"id":15451,"date":"2026-09-01T10:00:52","date_gmt":"2026-09-01T14:00:52","guid":{"rendered":"https:\/\/innoticiasbo.com\/?p=15451"},"modified":"2026-09-01T10:01:43","modified_gmt":"2026-09-01T14:01:43","slug":"el-nuevo-comandante-policial-promete-lucha-frontal-contra-cuatro-males","status":"publish","type":"post","link":"https:\/\/innoticiasbo.com\/index.php\/2026\/09\/01\/el-nuevo-comandante-policial-promete-lucha-frontal-contra-cuatro-males\/","title":{"rendered":"EL NUEVO COMANDANTE POLICIAL PROMETE LUCHA FRONTAL CONTRA CUATRO MALES"},"content":{"rendered":"\n<figure class=\"wp-block-image size-large\"><img data-recalc-dims=\"1\" loading=\"lazy\" decoding=\"async\" width=\"640\" height=\"369\" src=\"https:\/\/i0.wp.com\/innoticiasbo.com\/wp-content\/uploads\/2026\/09\/image_editor_output_image-1563237550-17882712056928570056926932864578.jpg?resize=640%2C369&#038;ssl=1\" alt=\"\" class=\"wp-image-15449\" srcset=\"https:\/\/i0.wp.com\/innoticiasbo.com\/wp-content\/uploads\/2026\/09\/image_editor_output_image-1563237550-17882712056928570056926932864578.jpg?resize=1024%2C591&amp;ssl=1 1024w, https:\/\/i0.wp.com\/innoticiasbo.com\/wp-content\/uploads\/2026\/09\/image_editor_output_image-1563237550-17882712056928570056926932864578.jpg?resize=300%2C173&amp;ssl=1 300w, https:\/\/i0.wp.com\/innoticiasbo.com\/wp-content\/uploads\/2026\/09\/image_editor_output_image-1563237550-17882712056928570056926932864578.jpg?resize=768%2C443&amp;ssl=1 768w, https:\/\/i0.wp.com\/innoticiasbo.com\/wp-content\/uploads\/2026\/09\/image_editor_output_image-1563237550-17882712056928570056926932864578.jpg?w=1028&amp;ssl=1 1028w\" sizes=\"auto, (max-width: 640px) 100vw, 640px\" \/><\/figure>\n\n\n\n<p>1 de septiembre.- El coronel Adri\u00e1n Javier \u00c1lvarez fue posesionado la tarde de este lunes como el nuevo comandante de la Polic\u00eda Boliviana, en reemplazo del general Mirko Sokol. El nuevo jefe del verde olivo se comprometi\u00f3 a trabajar y anunci\u00f3 la lucha frontal contra el narcotr\u00e1fico, el crimen organizado, la trata de personas y el lavado de activos.<\/p>\n\n\n\n<p>Alvarez fue posesionado en el cargo junto al subcomandante y al inspector general de la Polic\u00eda Boliviana. El nuevo comandante asegur\u00f3 que la designaci\u00f3n de las nuevas autoridades se hizo en el marco institucional, en respeto a la antig\u00fcedad y meritocracia.<br><br>\u201cEsta designaci\u00f3n respeta institucionalidad, antig\u00fcedad y meritocracia de la polic\u00eda. (De la misma manera) se reconocer\u00e1 la meritocracia institucional\u201d, dijo el nuevo jefe m\u00e1ximo policial.<br><br>Dijo que el nuevo paradigma de la Polic\u00eda es la lucha frontal contra la corrupci\u00f3n y en ese sentido dijo que prestar\u00e1 atenci\u00f3n a los planteamientos de la ciudadan\u00eda y de la propia polic\u00eda.<br><br>\u201cHaremos una lucha frontal contra el narcotr\u00e1fico, crimen organizado, trata de personas y lavado de activos\u201d, dijo Alvarez, quien, entre los cargos m\u00e1s importantes desempe\u00f1ados, fue comandante regional de la Polic\u00eda en la ciudad de El Alto.<\/p>\n\n\n\n<p>Fuente: Urgente.bo <\/p>\n","protected":false},"excerpt":{"rendered":"<p>1 de septiembre.- El coronel Adri\u00e1n Javier \u00c1lvarez fue posesionado la tarde de este lunes como el nuevo comandante de la Polic\u00eda Boliviana, en reemplazo del general Mirko Sokol. El nuevo jefe del verde olivo se comprometi\u00f3 a trabajar y anunci\u00f3 la lucha frontal contra el narcotr\u00e1fico, el crimen organizado, la trata de personas y&#8230;<\/p>\n","protected":false},"author":12,"featured_media":15450,"comment_status":"open","ping_status":"open","sticky":false,"template":"","format":"standard","meta":{"_jetpack_memberships_contains_paid_content":false,"footnotes":"","jetpack_publicize_message":"","jetpack_publicize_feature_enabled":true,"jetpack_social_post_already_shared":true,"jetpack_social_options":{"image_generator_settings":{"template":"highway","enabled":false},"version":2}},"categories":[1,15],"tags":[4004,7,177,4003,4005,345],"class_list":["post-15451","post","type-post","status-publish","format-standard","has-post-thumbnail","hentry","category-bolivia","category-seguridad","tag-adrian-javier-alvarez","tag-bolivia","tag-gobierno","tag-nuevo-comandante-general-de-la-policia-boliviana","tag-posicionado","tag-rodrigo-paz"],"jetpack_publicize_connections":[],"yoast_head":"<!-- This site is optimized with the Yoast SEO plugin v23.4 - https:\/\/yoast.com\/wordpress\/plugins\/seo\/ -->\n<title>EL NUEVO COMANDANTE POLICIAL PROMETE LUCHA FRONTAL CONTRA CUATRO MALES - innoticiasbo.com<\/title>\n<meta name=\"robots\" content=\"index, follow, max-snippet:-1, max-image-preview:large, max-video-preview:-1\" \/>\n<link rel=\"canonical\" href=\"https:\/\/innoticiasbo.com\/index.php\/2026\/09\/01\/el-nuevo-comandante-policial-promete-lucha-frontal-contra-cuatro-males\/\" \/>\n<meta property=\"og:locale\" content=\"es_ES\" \/>\n<meta property=\"og:type\" content=\"article\" \/>\n<meta property=\"og:title\" content=\"EL NUEVO COMANDANTE POLICIAL PROMETE LUCHA FRONTAL CONTRA CUATRO MALES - innoticiasbo.com\" \/>\n<meta property=\"og:description\" content=\"1 de septiembre.- El coronel Adri\u00e1n Javier \u00c1lvarez fue posesionado la tarde de este lunes como el nuevo comandante de la Polic\u00eda Boliviana, en reemplazo del general Mirko Sokol. El nuevo jefe del verde olivo se comprometi\u00f3 a trabajar y anunci\u00f3 la lucha frontal contra el narcotr\u00e1fico, el crimen organizado, la trata de personas y...\" \/>\n<meta property=\"og:url\" content=\"https:\/\/innoticiasbo.com\/index.php\/2026\/09\/01\/el-nuevo-comandante-policial-promete-lucha-frontal-contra-cuatro-males\/\" \/>\n<meta property=\"og:site_name\" content=\"innoticiasbo.com\" \/>\n<meta property=\"article:publisher\" content=\"https:\/\/www.facebook.com\/innoticiasbolivia\" \/>\n<meta property=\"article:published_time\" content=\"2026-09-01T14:00:52+00:00\" \/>\n<meta property=\"article:modified_time\" content=\"2026-09-01T14:01:43+00:00\" \/>\n<meta property=\"og:image\" content=\"https:\/\/i0.wp.com\/innoticiasbo.com\/wp-content\/uploads\/2026\/09\/image_editor_output_image-1563237550-1788271288906.jpg?fit=1026%2C592&ssl=1\" \/>\n\t<meta property=\"og:image:width\" content=\"1026\" \/>\n\t<meta property=\"og:image:height\" content=\"592\" \/>\n\t<meta property=\"og:image:type\" content=\"image\/jpeg\" \/>\n<meta name=\"author\" content=\"Jason Gonzales\" \/>\n<meta name=\"twitter:card\" content=\"summary_large_image\" \/>\n<meta name=\"twitter:creator\" content=\"@innoticiasbo\" \/>\n<meta name=\"twitter:site\" content=\"@innoticiasbo\" \/>\n<meta name=\"twitter:label1\" content=\"Escrito por\" \/>\n\t<meta name=\"twitter:data1\" content=\"Jason Gonzales\" \/>\n\t<meta name=\"twitter:label2\" content=\"Tiempo de lectura\" \/>\n\t<meta name=\"twitter:data2\" content=\"1 minuto\" \/>\n<script type=\"application\/ld+json\" class=\"yoast-schema-graph\">{\"@context\":\"https:\/\/schema.org\",\"@graph\":[{\"@type\":\"Article\",\"@id\":\"https:\/\/innoticiasbo.com\/index.php\/2026\/09\/01\/el-nuevo-comandante-policial-promete-lucha-frontal-contra-cuatro-males\/#article\",\"isPartOf\":{\"@id\":\"https:\/\/innoticiasbo.com\/index.php\/2026\/09\/01\/el-nuevo-comandante-policial-promete-lucha-frontal-contra-cuatro-males\/\"},\"author\":{\"name\":\"Jason Gonzales\",\"@id\":\"https:\/\/innoticiasbo.com\/#\/schema\/person\/9af0c49836719fb5d47b55cc879140ce\"},\"headline\":\"EL NUEVO COMANDANTE POLICIAL PROMETE LUCHA FRONTAL CONTRA CUATRO MALES\",\"datePublished\":\"2026-09-01T14:00:52+00:00\",\"dateModified\":\"2026-09-01T14:01:43+00:00\",\"mainEntityOfPage\":{\"@id\":\"https:\/\/innoticiasbo.com\/index.php\/2026\/09\/01\/el-nuevo-comandante-policial-promete-lucha-frontal-contra-cuatro-males\/\"},\"wordCount\":228,\"commentCount\":0,\"publisher\":{\"@id\":\"https:\/\/innoticiasbo.com\/#organization\"},\"image\":{\"@id\":\"https:\/\/innoticiasbo.com\/index.php\/2026\/09\/01\/el-nuevo-comandante-policial-promete-lucha-frontal-contra-cuatro-males\/#primaryimage\"},\"thumbnailUrl\":\"https:\/\/i0.wp.com\/innoticiasbo.com\/wp-content\/uploads\/2026\/09\/image_editor_output_image-1563237550-1788271288906.jpg?fit=1026%2C592&ssl=1\",\"keywords\":[\"Adrian Javier \u00c1lvarez\",\"Bolivia\",\"gobierno\",\"Nuevo comandante general de la Polic\u00eda Boliviana\",\"Posicionado\",\"Rodrigo Paz\"],\"articleSection\":[\"Bolivia\",\"Seguridad\"],\"inLanguage\":\"es\",\"potentialAction\":[{\"@type\":\"CommentAction\",\"name\":\"Comment\",\"target\":[\"https:\/\/innoticiasbo.com\/index.php\/2026\/09\/01\/el-nuevo-comandante-policial-promete-lucha-frontal-contra-cuatro-males\/#respond\"]}]},{\"@type\":\"WebPage\",\"@id\":\"https:\/\/innoticiasbo.com\/index.php\/2026\/09\/01\/el-nuevo-comandante-policial-promete-lucha-frontal-contra-cuatro-males\/\",\"url\":\"https:\/\/innoticiasbo.com\/index.php\/2026\/09\/01\/el-nuevo-comandante-policial-promete-lucha-frontal-contra-cuatro-males\/\",\"name\":\"EL NUEVO COMANDANTE POLICIAL PROMETE LUCHA FRONTAL CONTRA CUATRO MALES - innoticiasbo.com\",\"isPartOf\":{\"@id\":\"https:\/\/innoticiasbo.com\/#website\"},\"primaryImageOfPage\":{\"@id\":\"https:\/\/innoticiasbo.com\/index.php\/2026\/09\/01\/el-nuevo-comandante-policial-promete-lucha-frontal-contra-cuatro-males\/#primaryimage\"},\"image\":{\"@id\":\"https:\/\/innoticiasbo.com\/index.php\/2026\/09\/01\/el-nuevo-comandante-policial-promete-lucha-frontal-contra-cuatro-males\/#primaryimage\"},\"thumbnailUrl\":\"https:\/\/i0.wp.com\/innoticiasbo.com\/wp-content\/uploads\/2026\/09\/image_editor_output_image-1563237550-1788271288906.jpg?fit=1026%2C592&ssl=1\",\"datePublished\":\"2026-09-01T14:00:52+00:00\",\"dateModified\":\"2026-09-01T14:01:43+00:00\",\"breadcrumb\":{\"@id\":\"https:\/\/innoticiasbo.com\/index.php\/2026\/09\/01\/el-nuevo-comandante-policial-promete-lucha-frontal-contra-cuatro-males\/#breadcrumb\"},\"inLanguage\":\"es\",\"potentialAction\":[{\"@type\":\"ReadAction\",\"target\":[\"https:\/\/innoticiasbo.com\/index.php\/2026\/09\/01\/el-nuevo-comandante-policial-promete-lucha-frontal-contra-cuatro-males\/\"]}]},{\"@type\":\"ImageObject\",\"inLanguage\":\"es\",\"@id\":\"https:\/\/innoticiasbo.com\/index.php\/2026\/09\/01\/el-nuevo-comandante-policial-promete-lucha-frontal-contra-cuatro-males\/#primaryimage\",\"url\":\"https:\/\/i0.wp.com\/innoticiasbo.com\/wp-content\/uploads\/2026\/09\/image_editor_output_image-1563237550-1788271288906.jpg?fit=1026%2C592&ssl=1\",\"contentUrl\":\"https:\/\/i0.wp.com\/innoticiasbo.com\/wp-content\/uploads\/2026\/09\/image_editor_output_image-1563237550-1788271288906.jpg?fit=1026%2C592&ssl=1\",\"width\":1026,\"height\":592},{\"@type\":\"BreadcrumbList\",\"@id\":\"https:\/\/innoticiasbo.com\/index.php\/2026\/09\/01\/el-nuevo-comandante-policial-promete-lucha-frontal-contra-cuatro-males\/#breadcrumb\",\"itemListElement\":[{\"@type\":\"ListItem\",\"position\":1,\"name\":\"Portada\",\"item\":\"https:\/\/innoticiasbo.com\/\"},{\"@type\":\"ListItem\",\"position\":2,\"name\":\"EL NUEVO COMANDANTE POLICIAL PROMETE LUCHA FRONTAL CONTRA CUATRO MALES\"}]},{\"@type\":\"WebSite\",\"@id\":\"https:\/\/innoticiasbo.com\/#website\",\"url\":\"https:\/\/innoticiasbo.com\/\",\"name\":\"innoticiasbo.com\",\"description\":\"\",\"publisher\":{\"@id\":\"https:\/\/innoticiasbo.com\/#organization\"},\"potentialAction\":[{\"@type\":\"SearchAction\",\"target\":{\"@type\":\"EntryPoint\",\"urlTemplate\":\"https:\/\/innoticiasbo.com\/?s={search_term_string}\"},\"query-input\":{\"@type\":\"PropertyValueSpecification\",\"valueRequired\":true,\"valueName\":\"search_term_string\"}}],\"inLanguage\":\"es\"},{\"@type\":\"Organization\",\"@id\":\"https:\/\/innoticiasbo.com\/#organization\",\"name\":\"innoticiasbo.com\",\"url\":\"https:\/\/innoticiasbo.com\/\",\"logo\":{\"@type\":\"ImageObject\",\"inLanguage\":\"es\",\"@id\":\"https:\/\/innoticiasbo.com\/#\/schema\/logo\/image\/\",\"url\":\"https:\/\/i0.wp.com\/innoticiasbo.com\/wp-content\/uploads\/2026\/04\/cropped-IN-LOGO.png?fit=1476%2C1476&ssl=1\",\"contentUrl\":\"https:\/\/i0.wp.com\/innoticiasbo.com\/wp-content\/uploads\/2026\/04\/cropped-IN-LOGO.png?fit=1476%2C1476&ssl=1\",\"width\":1476,\"height\":1476,\"caption\":\"innoticiasbo.com\"},\"image\":{\"@id\":\"https:\/\/innoticiasbo.com\/#\/schema\/logo\/image\/\"},\"sameAs\":[\"https:\/\/www.facebook.com\/innoticiasbolivia\",\"https:\/\/x.com\/innoticiasbo\",\"https:\/\/www.instagram.com\/innoticiasbo\",\"https:\/\/www.youtube.com\/innoticiasbo\"]},{\"@type\":\"Person\",\"@id\":\"https:\/\/innoticiasbo.com\/#\/schema\/person\/9af0c49836719fb5d47b55cc879140ce\",\"name\":\"Jason Gonzales\",\"image\":{\"@type\":\"ImageObject\",\"inLanguage\":\"es\",\"@id\":\"https:\/\/innoticiasbo.com\/#\/schema\/person\/image\/\",\"url\":\"https:\/\/secure.gravatar.com\/avatar\/ff64cacc93e8658997d62d298b4dff23?s=96&d=mm&r=g\",\"contentUrl\":\"https:\/\/secure.gravatar.com\/avatar\/ff64cacc93e8658997d62d298b4dff23?s=96&d=mm&r=g\",\"caption\":\"Jason Gonzales\"},\"sameAs\":[\"http:\/\/www.innoticiasbo.com\"],\"url\":\"https:\/\/innoticiasbo.com\/index.php\/author\/prensa-8\/\"}]}<\/script>\n<!-- \/ Yoast SEO plugin. -->","yoast_head_json":{"title":"EL NUEVO COMANDANTE POLICIAL PROMETE LUCHA FRONTAL CONTRA CUATRO MALES - innoticiasbo.com","robots":{"index":"index","follow":"follow","max-snippet":"max-snippet:-1","max-image-preview":"max-image-preview:large","max-video-preview":"max-video-preview:-1"},"canonical":"https:\/\/innoticiasbo.com\/index.php\/2026\/09\/01\/el-nuevo-comandante-policial-promete-lucha-frontal-contra-cuatro-males\/","og_locale":"es_ES","og_type":"article","og_title":"EL NUEVO COMANDANTE POLICIAL PROMETE LUCHA FRONTAL CONTRA CUATRO MALES - innoticiasbo.com","og_description":"1 de septiembre.- El coronel Adri\u00e1n Javier \u00c1lvarez fue posesionado la tarde de este lunes como el nuevo comandante de la Polic\u00eda Boliviana, en reemplazo del general Mirko Sokol. El nuevo jefe del verde olivo se comprometi\u00f3 a trabajar y anunci\u00f3 la lucha frontal contra el narcotr\u00e1fico, el crimen organizado, la trata de personas y...","og_url":"https:\/\/innoticiasbo.com\/index.php\/2026\/09\/01\/el-nuevo-comandante-policial-promete-lucha-frontal-contra-cuatro-males\/","og_site_name":"innoticiasbo.com","article_publisher":"https:\/\/www.facebook.com\/innoticiasbolivia","article_published_time":"2026-09-01T14:00:52+00:00","article_modified_time":"2026-09-01T14:01:43+00:00","og_image":[{"width":1026,"height":592,"url":"https:\/\/i0.wp.com\/innoticiasbo.com\/wp-content\/uploads\/2026\/09\/image_editor_output_image-1563237550-1788271288906.jpg?fit=1026%2C592&ssl=1","type":"image\/jpeg"}],"author":"Jason Gonzales","twitter_card":"summary_large_image","twitter_creator":"@innoticiasbo","twitter_site":"@innoticiasbo","twitter_misc":{"Escrito por":"Jason Gonzales","Tiempo de lectura":"1 minuto"},"schema":{"@context":"https:\/\/schema.org","@graph":[{"@type":"Article","@id":"https:\/\/innoticiasbo.com\/index.php\/2026\/09\/01\/el-nuevo-comandante-policial-promete-lucha-frontal-contra-cuatro-males\/#article","isPartOf":{"@id":"https:\/\/innoticiasbo.com\/index.php\/2026\/09\/01\/el-nuevo-comandante-policial-promete-lucha-frontal-contra-cuatro-males\/"},"author":{"name":"Jason Gonzales","@id":"https:\/\/innoticiasbo.com\/#\/schema\/person\/9af0c49836719fb5d47b55cc879140ce"},"headline":"EL NUEVO COMANDANTE POLICIAL PROMETE LUCHA FRONTAL CONTRA CUATRO MALES","datePublished":"2026-09-01T14:00:52+00:00","dateModified":"2026-09-01T14:01:43+00:00","mainEntityOfPage":{"@id":"https:\/\/innoticiasbo.com\/index.php\/2026\/09\/01\/el-nuevo-comandante-policial-promete-lucha-frontal-contra-cuatro-males\/"},"wordCount":228,"commentCount":0,"publisher":{"@id":"https:\/\/innoticiasbo.com\/#organization"},"image":{"@id":"https:\/\/innoticiasbo.com\/index.php\/2026\/09\/01\/el-nuevo-comandante-policial-promete-lucha-frontal-contra-cuatro-males\/#primaryimage"},"thumbnailUrl":"https:\/\/i0.wp.com\/innoticiasbo.com\/wp-content\/uploads\/2026\/09\/image_editor_output_image-1563237550-1788271288906.jpg?fit=1026%2C592&ssl=1","keywords":["Adrian Javier \u00c1lvarez","Bolivia","gobierno","Nuevo comandante general de la Polic\u00eda Boliviana","Posicionado","Rodrigo Paz"],"articleSection":["Bolivia","Seguridad"],"inLanguage":"es","potentialAction":[{"@type":"CommentAction","name":"Comment","target":["https:\/\/innoticiasbo.com\/index.php\/2026\/09\/01\/el-nuevo-comandante-policial-promete-lucha-frontal-contra-cuatro-males\/#respond"]}]},{"@type":"WebPage","@id":"https:\/\/innoticiasbo.com\/index.php\/2026\/09\/01\/el-nuevo-comandante-policial-promete-lucha-frontal-contra-cuatro-males\/","url":"https:\/\/innoticiasbo.com\/index.php\/2026\/09\/01\/el-nuevo-comandante-policial-promete-lucha-frontal-contra-cuatro-males\/","name":"EL NUEVO COMANDANTE POLICIAL PROMETE LUCHA FRONTAL CONTRA CUATRO MALES - innoticiasbo.com","isPartOf":{"@id":"https:\/\/innoticiasbo.com\/#website"},"primaryImageOfPage":{"@id":"https:\/\/innoticiasbo.com\/index.php\/2026\/09\/01\/el-nuevo-comandante-policial-promete-lucha-frontal-contra-cuatro-males\/#primaryimage"},"image":{"@id":"https:\/\/innoticiasbo.com\/index.php\/2026\/09\/01\/el-nuevo-comandante-policial-promete-lucha-frontal-contra-cuatro-males\/#primaryimage"},"thumbnailUrl":"https:\/\/i0.wp.com\/innoticiasbo.com\/wp-content\/uploads\/2026\/09\/image_editor_output_image-1563237550-1788271288906.jpg?fit=1026%2C592&ssl=1","datePublished":"2026-09-01T14:00:52+00:00","dateModified":"2026-09-01T14:01:43+00:00","breadcrumb":{"@id":"https:\/\/innoticiasbo.com\/index.php\/2026\/09\/01\/el-nuevo-comandante-policial-promete-lucha-frontal-contra-cuatro-males\/#breadcrumb"},"inLanguage":"es","potentialAction":[{"@type":"ReadAction","target":["https:\/\/innoticiasbo.com\/index.php\/2026\/09\/01\/el-nuevo-comandante-policial-promete-lucha-frontal-contra-cuatro-males\/"]}]},{"@type":"ImageObject","inLanguage":"es","@id":"https:\/\/innoticiasbo.com\/index.php\/2026\/09\/01\/el-nuevo-comandante-policial-promete-lucha-frontal-contra-cuatro-males\/#primaryimage","url":"https:\/\/i0.wp.com\/innoticiasbo.com\/wp-content\/uploads\/2026\/09\/image_editor_output_image-1563237550-1788271288906.jpg?fit=1026%2C592&ssl=1","contentUrl":"https:\/\/i0.wp.com\/innoticiasbo.com\/wp-content\/uploads\/2026\/09\/image_editor_output_image-1563237550-1788271288906.jpg?fit=1026%2C592&ssl=1","width":1026,"height":592},{"@type":"BreadcrumbList","@id":"https:\/\/innoticiasbo.com\/index.php\/2026\/09\/01\/el-nuevo-comandante-policial-promete-lucha-frontal-contra-cuatro-males\/#breadcrumb","itemListElement":[{"@type":"ListItem","position":1,"name":"Portada","item":"https:\/\/innoticiasbo.com\/"},{"@type":"ListItem","position":2,"name":"EL NUEVO COMANDANTE POLICIAL PROMETE LUCHA FRONTAL CONTRA CUATRO MALES"}]},{"@type":"WebSite","@id":"https:\/\/innoticiasbo.com\/#website","url":"https:\/\/innoticiasbo.com\/","name":"innoticiasbo.com","description":"","publisher":{"@id":"https:\/\/innoticiasbo.com\/#organization"},"potentialAction":[{"@type":"SearchAction","target":{"@type":"EntryPoint","urlTemplate":"https:\/\/innoticiasbo.com\/?s={search_term_string}"},"query-input":{"@type":"PropertyValueSpecification","valueRequired":true,"valueName":"search_term_string"}}],"inLanguage":"es"},{"@type":"Organization","@id":"https:\/\/innoticiasbo.com\/#organization","name":"innoticiasbo.com","url":"https:\/\/innoticiasbo.com\/","logo":{"@type":"ImageObject","inLanguage":"es","@id":"https:\/\/innoticiasbo.com\/#\/schema\/logo\/image\/","url":"https:\/\/i0.wp.com\/innoticiasbo.com\/wp-content\/uploads\/2026\/04\/cropped-IN-LOGO.png?fit=1476%2C1476&ssl=1","contentUrl":"https:\/\/i0.wp.com\/innoticiasbo.com\/wp-content\/uploads\/2026\/04\/cropped-IN-LOGO.png?fit=1476%2C1476&ssl=1","width":1476,"height":1476,"caption":"innoticiasbo.com"},"image":{"@id":"https:\/\/innoticiasbo.com\/#\/schema\/logo\/image\/"},"sameAs":["https:\/\/www.facebook.com\/innoticiasbolivia","https:\/\/x.com\/innoticiasbo","https:\/\/www.instagram.com\/innoticiasbo","https:\/\/www.youtube.com\/innoticiasbo"]},{"@type":"Person","@id":"https:\/\/innoticiasbo.com\/#\/schema\/person\/9af0c49836719fb5d47b55cc879140ce","name":"Jason Gonzales","image":{"@type":"ImageObject","inLanguage":"es","@id":"https:\/\/innoticiasbo.com\/#\/schema\/person\/image\/","url":"https:\/\/secure.gravatar.com\/avatar\/ff64cacc93e8658997d62d298b4dff23?s=96&d=mm&r=g","contentUrl":"https:\/\/secure.gravatar.com\/avatar\/ff64cacc93e8658997d62d298b4dff23?s=96&d=mm&r=g","caption":"Jason Gonzales"},"sameAs":["http:\/\/www.innoticiasbo.com"],"url":"https:\/\/innoticiasbo.com\/index.php\/author\/prensa-8\/"}]}},"jetpack_featured_media_url":"https:\/\/i0.wp.com\/innoticiasbo.com\/wp-content\/uploads\/2026\/09\/image_editor_output_image-1563237550-1788271288906.jpg?fit=1026%2C592&ssl=1","jetpack_likes_enabled":true,"jetpack_sharing_enabled":true,"jetpack_shortlink":"https:\/\/wp.me\/pg298x-41d","_links":{"self":[{"href":"https:\/\/innoticiasbo.com\/index.php\/wp-json\/wp\/v2\/posts\/15451","targetHints":{"allow":["GET"]}}],"collection":[{"href":"https:\/\/innoticiasbo.com\/index.php\/wp-json\/wp\/v2\/posts"}],"about":[{"href":"https:\/\/innoticiasbo.com\/index.php\/wp-json\/wp\/v2\/types\/post"}],"author":[{"embeddable":true,"href":"https:\/\/innoticiasbo.com\/index.php\/wp-json\/wp\/v2\/users\/12"}],"replies":[{"embeddable":true,"href":"https:\/\/innoticiasbo.com\/index.php\/wp-json\/wp\/v2\/comments?post=15451"}],"version-history":[{"count":1,"href":"https:\/\/innoticiasbo.com\/index.php\/wp-json\/wp\/v2\/posts\/15451\/revisions"}],"predecessor-version":[{"id":15452,"href":"https:\/\/innoticiasbo.com\/index.php\/wp-json\/wp\/v2\/posts\/15451\/revisions\/15452"}],"wp:featuredmedia":[{"embeddable":true,"href":"https:\/\/innoticiasbo.com\/index.php\/wp-json\/wp\/v2\/media\/15450"}],"wp:attachment":[{"href":"https:\/\/innoticiasbo.com\/index.php\/wp-json\/wp\/v2\/media?parent=15451"}],"wp:term":[{"taxonomy":"category","embeddable":true,"href":"https:\/\/innoticiasbo.com\/index.php\/wp-json\/wp\/v2\/categories?post=15451"},{"taxonomy":"post_tag","embeddable":true,"href":"https:\/\/innoticiasbo.com\/index.php\/wp-json\/wp\/v2\/tags?post=15451"}],"curies":[{"name":"wp","href":"https:\/\/api.w.org\/{rel}","templated":true}]}}