{"id":15447,"date":"2026-09-01T09:44:57","date_gmt":"2026-09-01T13:44:57","guid":{"rendered":"https:\/\/innoticiasbo.com\/?p=15447"},"modified":"2026-09-01T09:46:26","modified_gmt":"2026-09-01T13:46:26","slug":"beller-aclara-que-periodista-arandia-la-ayudo-y-niega-que-le-haya-pedido-no-denunciar-a-cerimedo","status":"publish","type":"post","link":"https:\/\/innoticiasbo.com\/index.php\/2026\/09\/01\/beller-aclara-que-periodista-arandia-la-ayudo-y-niega-que-le-haya-pedido-no-denunciar-a-cerimedo\/","title":{"rendered":"BELLER ACLARA QUE PERIODISTA ARANDIA LA AYUD\u00d3 Y NIEGA QUE LE HAYA PEDIDO NO DENUNCIAR A CERIMEDO"},"content":{"rendered":"\n<figure class=\"wp-block-image size-large\"><img data-recalc-dims=\"1\" loading=\"lazy\" decoding=\"async\" width=\"640\" height=\"464\" src=\"https:\/\/i0.wp.com\/innoticiasbo.com\/wp-content\/uploads\/2026\/09\/image_editor_output_image1436814675-17882701995691751081680480872809.jpg?resize=640%2C464&#038;ssl=1\" alt=\"\" class=\"wp-image-15445\" srcset=\"https:\/\/i0.wp.com\/innoticiasbo.com\/wp-content\/uploads\/2026\/09\/image_editor_output_image1436814675-17882701995691751081680480872809.jpg?w=1000&amp;ssl=1 1000w, https:\/\/i0.wp.com\/innoticiasbo.com\/wp-content\/uploads\/2026\/09\/image_editor_output_image1436814675-17882701995691751081680480872809.jpg?resize=300%2C218&amp;ssl=1 300w, https:\/\/i0.wp.com\/innoticiasbo.com\/wp-content\/uploads\/2026\/09\/image_editor_output_image1436814675-17882701995691751081680480872809.jpg?resize=768%2C557&amp;ssl=1 768w\" sizes=\"auto, (max-width: 640px) 100vw, 640px\" \/><\/figure>\n\n\n\n<p>1 de septiembre.- \u201cJohn Arandia hizo lo que correspond\u00eda: denunci\u00f3, me auxili\u00f3 y actu\u00f3 frente a una situaci\u00f3n de violencia\u201d, escribi\u00f3 la abogada y pidi\u00f3 dejar de defenestrar a una persona que la ayud\u00f3 cuando m\u00e1s lo necesitaba.<\/p>\n\n\n\n<p>La abogada Nadia Beller aclar\u00f3 que el periodista Jhon Arandia la ayud\u00f3 \u201ccuando m\u00e1s lo necesitaba\u201d para que la Polic\u00eda y la Fiscal\u00eda\u00a0 llegaran a su departamento ante una situaci\u00f3n de violencia que estaba sufriendo a manos de Fernando Cerimedo.<br><br>Adem\u00e1s, descart\u00f3 que el periodista le haya pedido no denunciar a Cerimedo o encubrir los hechos atribuidos al asesor argentino.<br><br>\u201cQuiero aclarar, una vez m\u00e1s, algo que se est\u00e1 difundiendo falsamente en redes: el periodista John Arandia jam\u00e1s me pidi\u00f3 que no denunciara a Fernando Cerimedo ni encubri\u00f3 absolutamente nada\u201d, escribi\u00f3 Beller en sus redes sociales. Acompa\u00f1\u00f3 la publicaci\u00f3n con una fotograf\u00eda donde se ve a efectivos policiales en puertas de una vivienda, que\u2014seg\u00fan dijo\u2014es donde estaba con el ciudadano argentino.<\/p>\n\n\n\n<p>Asimismo, record\u00f3 que ella contact\u00f3 a Arandia el d\u00eda en que Cerimedo \u201cme ahorc\u00f3 y me golpe\u00f3\u201d. En ese contexto, asegur\u00f3 que el periodista actu\u00f3 como lo har\u00eda cualquier ciudadano \u201cante una v\u00edctima de violencia: me ayud\u00f3\u201d.<br><br>\u201cFue \u00e9l quien realiz\u00f3 la denuncia y consigui\u00f3 que se constituyeran en el departamento donde viv\u00edamos tanto la FELCV como la Fiscal\u00eda. Tengo incluso la fotograf\u00eda que acredita que la FELCV lleg\u00f3 ese d\u00eda al lugar\u201d, acot\u00f3 Beller.<br><br>Y explic\u00f3 que lo que ocurri\u00f3 despu\u00e9s no es responsabilidad de Jhon Arandia.<br><br>\u201cFernando Cerimedo no permiti\u00f3 que yo abriera la puerta para que ingresaran la Polic\u00eda y la Fiscal\u00eda y, adem\u00e1s, producto de la manipulaci\u00f3n y el chantaje que ejerc\u00eda sobre m\u00ed, yo tampoco formalic\u00e9 la denuncia. Posteriormente, sus ministros y operadores del Gobierno hicieron desaparecer todo reporte del caso y de la denuncia realizada por John\u201d, cont\u00f3 Beller.<\/p>\n\n\n\n<p>Pide que dejen de acosar<br>Asimismo, asegur\u00f3 que eso se puede constatar en los mensajes de Cerimedo obtenidos mediante el desdoblamiento de su tel\u00e9fono celular.<br><br>\u201cMe chantajeaba dici\u00e9ndome que, si yo lo denunciaba, se iba a suicidar, que se iba a \u2018pegar un corchazo\u2019. No solo me lo dec\u00eda por mensajes: tambi\u00e9n me lo juraba llorando en persona, logrando manipularme para que me quedara callada e incluso para que negara lo ocurrido cuando alguien me preguntaba\u201d.<br><br>En ese contexto, Beller consider\u00f3 \u201cabsolutamente injusto\u201d pretender atribuirle a Arandia responsabilidad por una denuncia que \u00e9l s\u00ed intento realizar y por la que logr\u00f3 que la Polic\u00eda y la Fiscal\u00eda llegar\u00e1n al departamento donde estaba ella con Cerimedo.<br><br>\u201cJohn Arandia hizo lo que correspond\u00eda: denunci\u00f3, me auxili\u00f3 y actu\u00f3 frente a una situaci\u00f3n de violencia. Dejen de acosar y defenestrar a una persona que, cuando m\u00e1s lo necesitaba, intent\u00f3 ayudarme\u201d, pidi\u00f3.<br><br>Y remarc\u00f3 que \u201cno voy a permitir que se tergiverse lo que ocurri\u00f3 ni que se utilice mi nombre para atacar a quien hizo lo correcto. Yo al se\u00f1or John Arandia le voy a estar siempre agradecida\u201d.<\/p>\n\n\n\n<p>Fuente: La Raz\u00f3n <\/p>\n","protected":false},"excerpt":{"rendered":"<p>1 de septiembre.- \u201cJohn Arandia hizo lo que correspond\u00eda: denunci\u00f3, me auxili\u00f3 y actu\u00f3 frente a una situaci\u00f3n de violencia\u201d, escribi\u00f3 la abogada y pidi\u00f3 dejar de defenestrar a una persona que la ayud\u00f3 cuando m\u00e1s lo necesitaba. La abogada Nadia Beller aclar\u00f3 que el periodista Jhon Arandia la ayud\u00f3 \u201ccuando m\u00e1s lo necesitaba\u201d para&#8230;<\/p>\n","protected":false},"author":12,"featured_media":15446,"comment_status":"open","ping_status":"open","sticky":false,"template":"","format":"standard","meta":{"_jetpack_memberships_contains_paid_content":false,"footnotes":"","jetpack_publicize_message":"","jetpack_publicize_feature_enabled":true,"jetpack_social_post_already_shared":true,"jetpack_social_options":{"image_generator_settings":{"template":"highway","enabled":false},"version":2}},"categories":[1],"tags":[7,3807,4001,3802,4002,119],"class_list":["post-15447","post","type-post","status-publish","format-standard","has-post-thumbnail","hentry","category-bolivia","tag-bolivia","tag-fernando-cerimedo","tag-jhon-arandia","tag-nadia-beller","tag-periodista","tag-violencia"],"jetpack_publicize_connections":[],"yoast_head":"<!-- This site is optimized with the Yoast SEO plugin v23.4 - https:\/\/yoast.com\/wordpress\/plugins\/seo\/ -->\n<title>BELLER ACLARA QUE PERIODISTA ARANDIA LA AYUD\u00d3 Y NIEGA QUE LE HAYA PEDIDO NO DENUNCIAR A CERIMEDO - innoticiasbo.com<\/title>\n<meta name=\"robots\" content=\"index, follow, max-snippet:-1, max-image-preview:large, max-video-preview:-1\" \/>\n<link rel=\"canonical\" href=\"https:\/\/innoticiasbo.com\/index.php\/2026\/09\/01\/beller-aclara-que-periodista-arandia-la-ayudo-y-niega-que-le-haya-pedido-no-denunciar-a-cerimedo\/\" \/>\n<meta property=\"og:locale\" content=\"es_ES\" \/>\n<meta property=\"og:type\" content=\"article\" \/>\n<meta property=\"og:title\" content=\"BELLER ACLARA QUE PERIODISTA ARANDIA LA AYUD\u00d3 Y NIEGA QUE LE HAYA PEDIDO NO DENUNCIAR A CERIMEDO - innoticiasbo.com\" \/>\n<meta property=\"og:description\" content=\"1 de septiembre.- \u201cJohn Arandia hizo lo que correspond\u00eda: denunci\u00f3, me auxili\u00f3 y actu\u00f3 frente a una situaci\u00f3n de violencia\u201d, escribi\u00f3 la abogada y pidi\u00f3 dejar de defenestrar a una persona que la ayud\u00f3 cuando m\u00e1s lo necesitaba. La abogada Nadia Beller aclar\u00f3 que el periodista Jhon Arandia la ayud\u00f3 \u201ccuando m\u00e1s lo necesitaba\u201d para...\" \/>\n<meta property=\"og:url\" content=\"https:\/\/innoticiasbo.com\/index.php\/2026\/09\/01\/beller-aclara-que-periodista-arandia-la-ayudo-y-niega-que-le-haya-pedido-no-denunciar-a-cerimedo\/\" \/>\n<meta property=\"og:site_name\" content=\"innoticiasbo.com\" \/>\n<meta property=\"article:publisher\" content=\"https:\/\/www.facebook.com\/innoticiasbolivia\" \/>\n<meta property=\"article:published_time\" content=\"2026-09-01T13:44:57+00:00\" \/>\n<meta property=\"article:modified_time\" content=\"2026-09-01T13:46:26+00:00\" \/>\n<meta property=\"og:image\" content=\"https:\/\/i0.wp.com\/innoticiasbo.com\/wp-content\/uploads\/2026\/09\/image_editor_output_image1436814675-1788270365998.jpg?fit=995%2C734&ssl=1\" \/>\n\t<meta property=\"og:image:width\" content=\"995\" \/>\n\t<meta property=\"og:image:height\" content=\"734\" \/>\n\t<meta property=\"og:image:type\" content=\"image\/jpeg\" \/>\n<meta name=\"author\" content=\"Jason Gonzales\" \/>\n<meta name=\"twitter:card\" content=\"summary_large_image\" \/>\n<meta name=\"twitter:creator\" content=\"@innoticiasbo\" \/>\n<meta name=\"twitter:site\" content=\"@innoticiasbo\" \/>\n<meta name=\"twitter:label1\" content=\"Escrito por\" \/>\n\t<meta name=\"twitter:data1\" content=\"Jason Gonzales\" \/>\n\t<meta name=\"twitter:label2\" content=\"Tiempo de lectura\" \/>\n\t<meta name=\"twitter:data2\" content=\"3 minutos\" \/>\n<script type=\"application\/ld+json\" class=\"yoast-schema-graph\">{\"@context\":\"https:\/\/schema.org\",\"@graph\":[{\"@type\":\"Article\",\"@id\":\"https:\/\/innoticiasbo.com\/index.php\/2026\/09\/01\/beller-aclara-que-periodista-arandia-la-ayudo-y-niega-que-le-haya-pedido-no-denunciar-a-cerimedo\/#article\",\"isPartOf\":{\"@id\":\"https:\/\/innoticiasbo.com\/index.php\/2026\/09\/01\/beller-aclara-que-periodista-arandia-la-ayudo-y-niega-que-le-haya-pedido-no-denunciar-a-cerimedo\/\"},\"author\":{\"name\":\"Jason Gonzales\",\"@id\":\"https:\/\/innoticiasbo.com\/#\/schema\/person\/9af0c49836719fb5d47b55cc879140ce\"},\"headline\":\"BELLER ACLARA QUE PERIODISTA ARANDIA LA AYUD\u00d3 Y NIEGA QUE LE HAYA PEDIDO NO DENUNCIAR A CERIMEDO\",\"datePublished\":\"2026-09-01T13:44:57+00:00\",\"dateModified\":\"2026-09-01T13:46:26+00:00\",\"mainEntityOfPage\":{\"@id\":\"https:\/\/innoticiasbo.com\/index.php\/2026\/09\/01\/beller-aclara-que-periodista-arandia-la-ayudo-y-niega-que-le-haya-pedido-no-denunciar-a-cerimedo\/\"},\"wordCount\":548,\"commentCount\":0,\"publisher\":{\"@id\":\"https:\/\/innoticiasbo.com\/#organization\"},\"image\":{\"@id\":\"https:\/\/innoticiasbo.com\/index.php\/2026\/09\/01\/beller-aclara-que-periodista-arandia-la-ayudo-y-niega-que-le-haya-pedido-no-denunciar-a-cerimedo\/#primaryimage\"},\"thumbnailUrl\":\"https:\/\/i0.wp.com\/innoticiasbo.com\/wp-content\/uploads\/2026\/09\/image_editor_output_image1436814675-1788270365998.jpg?fit=995%2C734&ssl=1\",\"keywords\":[\"Bolivia\",\"Fernando Cerimedo\",\"Jhon Arandia\",\"Nadia Beller\",\"Periodista\",\"Violencia\"],\"articleSection\":[\"Bolivia\"],\"inLanguage\":\"es\",\"potentialAction\":[{\"@type\":\"CommentAction\",\"name\":\"Comment\",\"target\":[\"https:\/\/innoticiasbo.com\/index.php\/2026\/09\/01\/beller-aclara-que-periodista-arandia-la-ayudo-y-niega-que-le-haya-pedido-no-denunciar-a-cerimedo\/#respond\"]}]},{\"@type\":\"WebPage\",\"@id\":\"https:\/\/innoticiasbo.com\/index.php\/2026\/09\/01\/beller-aclara-que-periodista-arandia-la-ayudo-y-niega-que-le-haya-pedido-no-denunciar-a-cerimedo\/\",\"url\":\"https:\/\/innoticiasbo.com\/index.php\/2026\/09\/01\/beller-aclara-que-periodista-arandia-la-ayudo-y-niega-que-le-haya-pedido-no-denunciar-a-cerimedo\/\",\"name\":\"BELLER ACLARA QUE PERIODISTA ARANDIA LA AYUD\u00d3 Y NIEGA QUE LE HAYA PEDIDO NO DENUNCIAR A CERIMEDO - innoticiasbo.com\",\"isPartOf\":{\"@id\":\"https:\/\/innoticiasbo.com\/#website\"},\"primaryImageOfPage\":{\"@id\":\"https:\/\/innoticiasbo.com\/index.php\/2026\/09\/01\/beller-aclara-que-periodista-arandia-la-ayudo-y-niega-que-le-haya-pedido-no-denunciar-a-cerimedo\/#primaryimage\"},\"image\":{\"@id\":\"https:\/\/innoticiasbo.com\/index.php\/2026\/09\/01\/beller-aclara-que-periodista-arandia-la-ayudo-y-niega-que-le-haya-pedido-no-denunciar-a-cerimedo\/#primaryimage\"},\"thumbnailUrl\":\"https:\/\/i0.wp.com\/innoticiasbo.com\/wp-content\/uploads\/2026\/09\/image_editor_output_image1436814675-1788270365998.jpg?fit=995%2C734&ssl=1\",\"datePublished\":\"2026-09-01T13:44:57+00:00\",\"dateModified\":\"2026-09-01T13:46:26+00:00\",\"breadcrumb\":{\"@id\":\"https:\/\/innoticiasbo.com\/index.php\/2026\/09\/01\/beller-aclara-que-periodista-arandia-la-ayudo-y-niega-que-le-haya-pedido-no-denunciar-a-cerimedo\/#breadcrumb\"},\"inLanguage\":\"es\",\"potentialAction\":[{\"@type\":\"ReadAction\",\"target\":[\"https:\/\/innoticiasbo.com\/index.php\/2026\/09\/01\/beller-aclara-que-periodista-arandia-la-ayudo-y-niega-que-le-haya-pedido-no-denunciar-a-cerimedo\/\"]}]},{\"@type\":\"ImageObject\",\"inLanguage\":\"es\",\"@id\":\"https:\/\/innoticiasbo.com\/index.php\/2026\/09\/01\/beller-aclara-que-periodista-arandia-la-ayudo-y-niega-que-le-haya-pedido-no-denunciar-a-cerimedo\/#primaryimage\",\"url\":\"https:\/\/i0.wp.com\/innoticiasbo.com\/wp-content\/uploads\/2026\/09\/image_editor_output_image1436814675-1788270365998.jpg?fit=995%2C734&ssl=1\",\"contentUrl\":\"https:\/\/i0.wp.com\/innoticiasbo.com\/wp-content\/uploads\/2026\/09\/image_editor_output_image1436814675-1788270365998.jpg?fit=995%2C734&ssl=1\",\"width\":995,\"height\":734},{\"@type\":\"BreadcrumbList\",\"@id\":\"https:\/\/innoticiasbo.com\/index.php\/2026\/09\/01\/beller-aclara-que-periodista-arandia-la-ayudo-y-niega-que-le-haya-pedido-no-denunciar-a-cerimedo\/#breadcrumb\",\"itemListElement\":[{\"@type\":\"ListItem\",\"position\":1,\"name\":\"Portada\",\"item\":\"https:\/\/innoticiasbo.com\/\"},{\"@type\":\"ListItem\",\"position\":2,\"name\":\"BELLER ACLARA QUE PERIODISTA ARANDIA LA AYUD\u00d3 Y NIEGA QUE LE HAYA PEDIDO NO DENUNCIAR A CERIMEDO\"}]},{\"@type\":\"WebSite\",\"@id\":\"https:\/\/innoticiasbo.com\/#website\",\"url\":\"https:\/\/innoticiasbo.com\/\",\"name\":\"innoticiasbo.com\",\"description\":\"\",\"publisher\":{\"@id\":\"https:\/\/innoticiasbo.com\/#organization\"},\"potentialAction\":[{\"@type\":\"SearchAction\",\"target\":{\"@type\":\"EntryPoint\",\"urlTemplate\":\"https:\/\/innoticiasbo.com\/?s={search_term_string}\"},\"query-input\":{\"@type\":\"PropertyValueSpecification\",\"valueRequired\":true,\"valueName\":\"search_term_string\"}}],\"inLanguage\":\"es\"},{\"@type\":\"Organization\",\"@id\":\"https:\/\/innoticiasbo.com\/#organization\",\"name\":\"innoticiasbo.com\",\"url\":\"https:\/\/innoticiasbo.com\/\",\"logo\":{\"@type\":\"ImageObject\",\"inLanguage\":\"es\",\"@id\":\"https:\/\/innoticiasbo.com\/#\/schema\/logo\/image\/\",\"url\":\"https:\/\/i0.wp.com\/innoticiasbo.com\/wp-content\/uploads\/2026\/04\/cropped-IN-LOGO.png?fit=1476%2C1476&ssl=1\",\"contentUrl\":\"https:\/\/i0.wp.com\/innoticiasbo.com\/wp-content\/uploads\/2026\/04\/cropped-IN-LOGO.png?fit=1476%2C1476&ssl=1\",\"width\":1476,\"height\":1476,\"caption\":\"innoticiasbo.com\"},\"image\":{\"@id\":\"https:\/\/innoticiasbo.com\/#\/schema\/logo\/image\/\"},\"sameAs\":[\"https:\/\/www.facebook.com\/innoticiasbolivia\",\"https:\/\/x.com\/innoticiasbo\",\"https:\/\/www.instagram.com\/innoticiasbo\",\"https:\/\/www.youtube.com\/innoticiasbo\"]},{\"@type\":\"Person\",\"@id\":\"https:\/\/innoticiasbo.com\/#\/schema\/person\/9af0c49836719fb5d47b55cc879140ce\",\"name\":\"Jason Gonzales\",\"image\":{\"@type\":\"ImageObject\",\"inLanguage\":\"es\",\"@id\":\"https:\/\/innoticiasbo.com\/#\/schema\/person\/image\/\",\"url\":\"https:\/\/secure.gravatar.com\/avatar\/ff64cacc93e8658997d62d298b4dff23?s=96&d=mm&r=g\",\"contentUrl\":\"https:\/\/secure.gravatar.com\/avatar\/ff64cacc93e8658997d62d298b4dff23?s=96&d=mm&r=g\",\"caption\":\"Jason Gonzales\"},\"sameAs\":[\"http:\/\/www.innoticiasbo.com\"],\"url\":\"https:\/\/innoticiasbo.com\/index.php\/author\/prensa-8\/\"}]}<\/script>\n<!-- \/ Yoast SEO plugin. -->","yoast_head_json":{"title":"BELLER ACLARA QUE PERIODISTA ARANDIA LA AYUD\u00d3 Y NIEGA QUE LE HAYA PEDIDO NO DENUNCIAR A CERIMEDO - innoticiasbo.com","robots":{"index":"index","follow":"follow","max-snippet":"max-snippet:-1","max-image-preview":"max-image-preview:large","max-video-preview":"max-video-preview:-1"},"canonical":"https:\/\/innoticiasbo.com\/index.php\/2026\/09\/01\/beller-aclara-que-periodista-arandia-la-ayudo-y-niega-que-le-haya-pedido-no-denunciar-a-cerimedo\/","og_locale":"es_ES","og_type":"article","og_title":"BELLER ACLARA QUE PERIODISTA ARANDIA LA AYUD\u00d3 Y NIEGA QUE LE HAYA PEDIDO NO DENUNCIAR A CERIMEDO - innoticiasbo.com","og_description":"1 de septiembre.- \u201cJohn Arandia hizo lo que correspond\u00eda: denunci\u00f3, me auxili\u00f3 y actu\u00f3 frente a una situaci\u00f3n de violencia\u201d, escribi\u00f3 la abogada y pidi\u00f3 dejar de defenestrar a una persona que la ayud\u00f3 cuando m\u00e1s lo necesitaba. La abogada Nadia Beller aclar\u00f3 que el periodista Jhon Arandia la ayud\u00f3 \u201ccuando m\u00e1s lo necesitaba\u201d para...","og_url":"https:\/\/innoticiasbo.com\/index.php\/2026\/09\/01\/beller-aclara-que-periodista-arandia-la-ayudo-y-niega-que-le-haya-pedido-no-denunciar-a-cerimedo\/","og_site_name":"innoticiasbo.com","article_publisher":"https:\/\/www.facebook.com\/innoticiasbolivia","article_published_time":"2026-09-01T13:44:57+00:00","article_modified_time":"2026-09-01T13:46:26+00:00","og_image":[{"width":995,"height":734,"url":"https:\/\/i0.wp.com\/innoticiasbo.com\/wp-content\/uploads\/2026\/09\/image_editor_output_image1436814675-1788270365998.jpg?fit=995%2C734&ssl=1","type":"image\/jpeg"}],"author":"Jason Gonzales","twitter_card":"summary_large_image","twitter_creator":"@innoticiasbo","twitter_site":"@innoticiasbo","twitter_misc":{"Escrito por":"Jason Gonzales","Tiempo de lectura":"3 minutos"},"schema":{"@context":"https:\/\/schema.org","@graph":[{"@type":"Article","@id":"https:\/\/innoticiasbo.com\/index.php\/2026\/09\/01\/beller-aclara-que-periodista-arandia-la-ayudo-y-niega-que-le-haya-pedido-no-denunciar-a-cerimedo\/#article","isPartOf":{"@id":"https:\/\/innoticiasbo.com\/index.php\/2026\/09\/01\/beller-aclara-que-periodista-arandia-la-ayudo-y-niega-que-le-haya-pedido-no-denunciar-a-cerimedo\/"},"author":{"name":"Jason Gonzales","@id":"https:\/\/innoticiasbo.com\/#\/schema\/person\/9af0c49836719fb5d47b55cc879140ce"},"headline":"BELLER ACLARA QUE PERIODISTA ARANDIA LA AYUD\u00d3 Y NIEGA QUE LE HAYA PEDIDO NO DENUNCIAR A CERIMEDO","datePublished":"2026-09-01T13:44:57+00:00","dateModified":"2026-09-01T13:46:26+00:00","mainEntityOfPage":{"@id":"https:\/\/innoticiasbo.com\/index.php\/2026\/09\/01\/beller-aclara-que-periodista-arandia-la-ayudo-y-niega-que-le-haya-pedido-no-denunciar-a-cerimedo\/"},"wordCount":548,"commentCount":0,"publisher":{"@id":"https:\/\/innoticiasbo.com\/#organization"},"image":{"@id":"https:\/\/innoticiasbo.com\/index.php\/2026\/09\/01\/beller-aclara-que-periodista-arandia-la-ayudo-y-niega-que-le-haya-pedido-no-denunciar-a-cerimedo\/#primaryimage"},"thumbnailUrl":"https:\/\/i0.wp.com\/innoticiasbo.com\/wp-content\/uploads\/2026\/09\/image_editor_output_image1436814675-1788270365998.jpg?fit=995%2C734&ssl=1","keywords":["Bolivia","Fernando Cerimedo","Jhon Arandia","Nadia Beller","Periodista","Violencia"],"articleSection":["Bolivia"],"inLanguage":"es","potentialAction":[{"@type":"CommentAction","name":"Comment","target":["https:\/\/innoticiasbo.com\/index.php\/2026\/09\/01\/beller-aclara-que-periodista-arandia-la-ayudo-y-niega-que-le-haya-pedido-no-denunciar-a-cerimedo\/#respond"]}]},{"@type":"WebPage","@id":"https:\/\/innoticiasbo.com\/index.php\/2026\/09\/01\/beller-aclara-que-periodista-arandia-la-ayudo-y-niega-que-le-haya-pedido-no-denunciar-a-cerimedo\/","url":"https:\/\/innoticiasbo.com\/index.php\/2026\/09\/01\/beller-aclara-que-periodista-arandia-la-ayudo-y-niega-que-le-haya-pedido-no-denunciar-a-cerimedo\/","name":"BELLER ACLARA QUE PERIODISTA ARANDIA LA AYUD\u00d3 Y NIEGA QUE LE HAYA PEDIDO NO DENUNCIAR A CERIMEDO - innoticiasbo.com","isPartOf":{"@id":"https:\/\/innoticiasbo.com\/#website"},"primaryImageOfPage":{"@id":"https:\/\/innoticiasbo.com\/index.php\/2026\/09\/01\/beller-aclara-que-periodista-arandia-la-ayudo-y-niega-que-le-haya-pedido-no-denunciar-a-cerimedo\/#primaryimage"},"image":{"@id":"https:\/\/innoticiasbo.com\/index.php\/2026\/09\/01\/beller-aclara-que-periodista-arandia-la-ayudo-y-niega-que-le-haya-pedido-no-denunciar-a-cerimedo\/#primaryimage"},"thumbnailUrl":"https:\/\/i0.wp.com\/innoticiasbo.com\/wp-content\/uploads\/2026\/09\/image_editor_output_image1436814675-1788270365998.jpg?fit=995%2C734&ssl=1","datePublished":"2026-09-01T13:44:57+00:00","dateModified":"2026-09-01T13:46:26+00:00","breadcrumb":{"@id":"https:\/\/innoticiasbo.com\/index.php\/2026\/09\/01\/beller-aclara-que-periodista-arandia-la-ayudo-y-niega-que-le-haya-pedido-no-denunciar-a-cerimedo\/#breadcrumb"},"inLanguage":"es","potentialAction":[{"@type":"ReadAction","target":["https:\/\/innoticiasbo.com\/index.php\/2026\/09\/01\/beller-aclara-que-periodista-arandia-la-ayudo-y-niega-que-le-haya-pedido-no-denunciar-a-cerimedo\/"]}]},{"@type":"ImageObject","inLanguage":"es","@id":"https:\/\/innoticiasbo.com\/index.php\/2026\/09\/01\/beller-aclara-que-periodista-arandia-la-ayudo-y-niega-que-le-haya-pedido-no-denunciar-a-cerimedo\/#primaryimage","url":"https:\/\/i0.wp.com\/innoticiasbo.com\/wp-content\/uploads\/2026\/09\/image_editor_output_image1436814675-1788270365998.jpg?fit=995%2C734&ssl=1","contentUrl":"https:\/\/i0.wp.com\/innoticiasbo.com\/wp-content\/uploads\/2026\/09\/image_editor_output_image1436814675-1788270365998.jpg?fit=995%2C734&ssl=1","width":995,"height":734},{"@type":"BreadcrumbList","@id":"https:\/\/innoticiasbo.com\/index.php\/2026\/09\/01\/beller-aclara-que-periodista-arandia-la-ayudo-y-niega-que-le-haya-pedido-no-denunciar-a-cerimedo\/#breadcrumb","itemListElement":[{"@type":"ListItem","position":1,"name":"Portada","item":"https:\/\/innoticiasbo.com\/"},{"@type":"ListItem","position":2,"name":"BELLER ACLARA QUE PERIODISTA ARANDIA LA AYUD\u00d3 Y NIEGA QUE LE HAYA PEDIDO NO DENUNCIAR A CERIMEDO"}]},{"@type":"WebSite","@id":"https:\/\/innoticiasbo.com\/#website","url":"https:\/\/innoticiasbo.com\/","name":"innoticiasbo.com","description":"","publisher":{"@id":"https:\/\/innoticiasbo.com\/#organization"},"potentialAction":[{"@type":"SearchAction","target":{"@type":"EntryPoint","urlTemplate":"https:\/\/innoticiasbo.com\/?s={search_term_string}"},"query-input":{"@type":"PropertyValueSpecification","valueRequired":true,"valueName":"search_term_string"}}],"inLanguage":"es"},{"@type":"Organization","@id":"https:\/\/innoticiasbo.com\/#organization","name":"innoticiasbo.com","url":"https:\/\/innoticiasbo.com\/","logo":{"@type":"ImageObject","inLanguage":"es","@id":"https:\/\/innoticiasbo.com\/#\/schema\/logo\/image\/","url":"https:\/\/i0.wp.com\/innoticiasbo.com\/wp-content\/uploads\/2026\/04\/cropped-IN-LOGO.png?fit=1476%2C1476&ssl=1","contentUrl":"https:\/\/i0.wp.com\/innoticiasbo.com\/wp-content\/uploads\/2026\/04\/cropped-IN-LOGO.png?fit=1476%2C1476&ssl=1","width":1476,"height":1476,"caption":"innoticiasbo.com"},"image":{"@id":"https:\/\/innoticiasbo.com\/#\/schema\/logo\/image\/"},"sameAs":["https:\/\/www.facebook.com\/innoticiasbolivia","https:\/\/x.com\/innoticiasbo","https:\/\/www.instagram.com\/innoticiasbo","https:\/\/www.youtube.com\/innoticiasbo"]},{"@type":"Person","@id":"https:\/\/innoticiasbo.com\/#\/schema\/person\/9af0c49836719fb5d47b55cc879140ce","name":"Jason Gonzales","image":{"@type":"ImageObject","inLanguage":"es","@id":"https:\/\/innoticiasbo.com\/#\/schema\/person\/image\/","url":"https:\/\/secure.gravatar.com\/avatar\/ff64cacc93e8658997d62d298b4dff23?s=96&d=mm&r=g","contentUrl":"https:\/\/secure.gravatar.com\/avatar\/ff64cacc93e8658997d62d298b4dff23?s=96&d=mm&r=g","caption":"Jason Gonzales"},"sameAs":["http:\/\/www.innoticiasbo.com"],"url":"https:\/\/innoticiasbo.com\/index.php\/author\/prensa-8\/"}]}},"jetpack_featured_media_url":"https:\/\/i0.wp.com\/innoticiasbo.com\/wp-content\/uploads\/2026\/09\/image_editor_output_image1436814675-1788270365998.jpg?fit=995%2C734&ssl=1","jetpack_likes_enabled":true,"jetpack_sharing_enabled":true,"jetpack_shortlink":"https:\/\/wp.me\/pg298x-419","_links":{"self":[{"href":"https:\/\/innoticiasbo.com\/index.php\/wp-json\/wp\/v2\/posts\/15447","targetHints":{"allow":["GET"]}}],"collection":[{"href":"https:\/\/innoticiasbo.com\/index.php\/wp-json\/wp\/v2\/posts"}],"about":[{"href":"https:\/\/innoticiasbo.com\/index.php\/wp-json\/wp\/v2\/types\/post"}],"author":[{"embeddable":true,"href":"https:\/\/innoticiasbo.com\/index.php\/wp-json\/wp\/v2\/users\/12"}],"replies":[{"embeddable":true,"href":"https:\/\/innoticiasbo.com\/index.php\/wp-json\/wp\/v2\/comments?post=15447"}],"version-history":[{"count":1,"href":"https:\/\/innoticiasbo.com\/index.php\/wp-json\/wp\/v2\/posts\/15447\/revisions"}],"predecessor-version":[{"id":15448,"href":"https:\/\/innoticiasbo.com\/index.php\/wp-json\/wp\/v2\/posts\/15447\/revisions\/15448"}],"wp:featuredmedia":[{"embeddable":true,"href":"https:\/\/innoticiasbo.com\/index.php\/wp-json\/wp\/v2\/media\/15446"}],"wp:attachment":[{"href":"https:\/\/innoticiasbo.com\/index.php\/wp-json\/wp\/v2\/media?parent=15447"}],"wp:term":[{"taxonomy":"category","embeddable":true,"href":"https:\/\/innoticiasbo.com\/index.php\/wp-json\/wp\/v2\/categories?post=15447"},{"taxonomy":"post_tag","embeddable":true,"href":"https:\/\/innoticiasbo.com\/index.php\/wp-json\/wp\/v2\/tags?post=15447"}],"curies":[{"name":"wp","href":"https:\/\/api.w.org\/{rel}","templated":true}]}}