{"id":15443,"date":"2026-09-01T09:39:28","date_gmt":"2026-09-01T13:39:28","guid":{"rendered":"https:\/\/innoticiasbo.com\/?p=15443"},"modified":"2026-09-01T09:40:18","modified_gmt":"2026-09-01T13:40:18","slug":"gobernacion-de-potosi-invita-a-privados-a-crear-empresas-para-importar-combustibles","status":"publish","type":"post","link":"https:\/\/innoticiasbo.com\/index.php\/2026\/09\/01\/gobernacion-de-potosi-invita-a-privados-a-crear-empresas-para-importar-combustibles\/","title":{"rendered":"GOBERNACI\u00d3N DE POTOS\u00cd INVITA A PRIVADOS A CREAR EMPRESAS PARA IMPORTAR COMBUSTIBLES"},"content":{"rendered":"\n<figure class=\"wp-block-image size-large\"><img data-recalc-dims=\"1\" loading=\"lazy\" decoding=\"async\" width=\"640\" height=\"386\" src=\"https:\/\/i0.wp.com\/innoticiasbo.com\/wp-content\/uploads\/2026\/09\/image_editor_output_image149855767-17882698556411309070412287775853.jpg?resize=640%2C386&#038;ssl=1\" alt=\"\" class=\"wp-image-15441\" srcset=\"https:\/\/i0.wp.com\/innoticiasbo.com\/wp-content\/uploads\/2026\/09\/image_editor_output_image149855767-17882698556411309070412287775853.jpg?w=993&amp;ssl=1 993w, https:\/\/i0.wp.com\/innoticiasbo.com\/wp-content\/uploads\/2026\/09\/image_editor_output_image149855767-17882698556411309070412287775853.jpg?resize=300%2C181&amp;ssl=1 300w, https:\/\/i0.wp.com\/innoticiasbo.com\/wp-content\/uploads\/2026\/09\/image_editor_output_image149855767-17882698556411309070412287775853.jpg?resize=768%2C463&amp;ssl=1 768w\" sizes=\"auto, (max-width: 640px) 100vw, 640px\" \/><\/figure>\n\n\n\n<p>Potos\u00ed, 1 de septiembre.- Es la segunda gobernaci\u00f3n del pa\u00eds en tomar esa iniciativa. El gobernador Ren\u00e9 Joaquino invit\u00f3 a la Federaci\u00f3n de Empresarios Privados de Potos\u00ed a establecer una alianza estrat\u00e9gica para importar. <\/p>\n\n\n\n<p>La Gobernaci\u00f3n de Potos\u00ed se sum\u00f3 a la iniciativa de Santa Cruz para la importaci\u00f3n de combustibles de parte de privados y as\u00ed garantizar el abastecimiento en esa regi\u00f3n.<br><br>Mediante un comunicado, el gobernador de Potos\u00ed, Ren\u00e9 Joaquino, invit\u00f3 a la Federaci\u00f3n de Empresarios Privados de Potos\u00ed a conformar empresas privadas de importaci\u00f3n de combustibles.<br><br>La nota indica que la medida se asume ante las dificultades generadas por el desabastecimiento de combustibles, lo que est\u00e1 afectando al transporte, al sector productivo, al comercio y la econom\u00eda del departamento.<br><br>Asimismo, remarca que Joaquino plante\u00f3 establecer una alianza estrat\u00e9gica con el sector privado y comprometi\u00f3 apoyo en las gestiones correspondientes ante el nivel central, en el marco de la normativa que permite a privados importar derivados del petr\u00f3leo para su comercializaci\u00f3n o consumo propio.<\/p>\n\n\n\n<p>Apoyo<br>La primera gobernaci\u00f3n que tom\u00f3 esa iniciativa fue Santa Cruz y el gobernador Juan Pablo Velasco anunci\u00f3 que se emitir\u00e1 un decreto departamental para crear una unidad descentralizada que facilitar\u00e1 la importaci\u00f3n privada de combustibles en ese departamento.<br><br>En ese contexto, el presidente, Rodrigo Paz, ofreci\u00f3 \u201ctodas las garant\u00edas\u201d a los gobernadores del pa\u00eds que decidan importar di\u00e9sel y gasolina a precio de mercado internacional.<br><br>\u201cA los gobernadores del pa\u00eds que quieran traer combustible, importar al precio de mercado, todas las garant\u00edas para que traigan, para que a la gente no le haga falta\u201d, dijo el mandatario, este viernes durante el acto de inauguraci\u00f3n de la perforaci\u00f3n del pozo hidrocarbur\u00edfero Jun\u00edn-9D, en Santa Cruz.<br><br>Paz resalt\u00f3 el plan del gobernador Velasco, de importar tanto di\u00e9sel como gasolina a precio de mercado internacional con el fin de cubrir la demanda del departamento.<br><br>En julio de este a\u00f1o, el Gobierno aprob\u00f3 el Decreto Supremo 5644, que autoriza de manera excepcional a las entidades p\u00fablicas o privadas a importar derivados del petr\u00f3leo para la comercializaci\u00f3n o consumo propio, con el fin de fortalecer el abastecimiento del mercado interno.<\/p>\n\n\n\n<p>Fuente: La Raz\u00f3n <\/p>\n","protected":false},"excerpt":{"rendered":"<p>Potos\u00ed, 1 de septiembre.- Es la segunda gobernaci\u00f3n del pa\u00eds en tomar esa iniciativa. El gobernador Ren\u00e9 Joaquino invit\u00f3 a la Federaci\u00f3n de Empresarios Privados de Potos\u00ed a establecer una alianza estrat\u00e9gica para importar. La Gobernaci\u00f3n de Potos\u00ed se sum\u00f3 a la iniciativa de Santa Cruz para la importaci\u00f3n de combustibles de parte de privados&#8230;<\/p>\n","protected":false},"author":12,"featured_media":15442,"comment_status":"open","ping_status":"open","sticky":false,"template":"","format":"standard","meta":{"_jetpack_memberships_contains_paid_content":false,"footnotes":"","jetpack_publicize_message":"","jetpack_publicize_feature_enabled":true,"jetpack_social_post_already_shared":true,"jetpack_social_options":{"image_generator_settings":{"template":"highway","enabled":false},"version":2}},"categories":[1],"tags":[7,40,2269,34,159],"class_list":["post-15443","post","type-post","status-publish","format-standard","has-post-thumbnail","hentry","category-bolivia","tag-bolivia","tag-combustible","tag-importacion","tag-potosi","tag-ypfb"],"jetpack_publicize_connections":[],"yoast_head":"<!-- This site is optimized with the Yoast SEO plugin v23.4 - https:\/\/yoast.com\/wordpress\/plugins\/seo\/ -->\n<title>GOBERNACI\u00d3N DE POTOS\u00cd INVITA A PRIVADOS A CREAR EMPRESAS PARA IMPORTAR COMBUSTIBLES - innoticiasbo.com<\/title>\n<meta name=\"robots\" content=\"index, follow, max-snippet:-1, max-image-preview:large, max-video-preview:-1\" \/>\n<link rel=\"canonical\" href=\"https:\/\/innoticiasbo.com\/index.php\/2026\/09\/01\/gobernacion-de-potosi-invita-a-privados-a-crear-empresas-para-importar-combustibles\/\" \/>\n<meta property=\"og:locale\" content=\"es_ES\" \/>\n<meta property=\"og:type\" content=\"article\" \/>\n<meta property=\"og:title\" content=\"GOBERNACI\u00d3N DE POTOS\u00cd INVITA A PRIVADOS A CREAR EMPRESAS PARA IMPORTAR COMBUSTIBLES - innoticiasbo.com\" \/>\n<meta property=\"og:description\" content=\"Potos\u00ed, 1 de septiembre.- Es la segunda gobernaci\u00f3n del pa\u00eds en tomar esa iniciativa. El gobernador Ren\u00e9 Joaquino invit\u00f3 a la Federaci\u00f3n de Empresarios Privados de Potos\u00ed a establecer una alianza estrat\u00e9gica para importar. La Gobernaci\u00f3n de Potos\u00ed se sum\u00f3 a la iniciativa de Santa Cruz para la importaci\u00f3n de combustibles de parte de privados...\" \/>\n<meta property=\"og:url\" content=\"https:\/\/innoticiasbo.com\/index.php\/2026\/09\/01\/gobernacion-de-potosi-invita-a-privados-a-crear-empresas-para-importar-combustibles\/\" \/>\n<meta property=\"og:site_name\" content=\"innoticiasbo.com\" \/>\n<meta property=\"article:publisher\" content=\"https:\/\/www.facebook.com\/innoticiasbolivia\" \/>\n<meta property=\"article:published_time\" content=\"2026-09-01T13:39:28+00:00\" \/>\n<meta property=\"article:modified_time\" content=\"2026-09-01T13:40:18+00:00\" \/>\n<meta property=\"og:image\" content=\"https:\/\/i0.wp.com\/innoticiasbo.com\/wp-content\/uploads\/2026\/09\/image_editor_output_image149855767-1788270002321.jpg?fit=1002%2C599&ssl=1\" \/>\n\t<meta property=\"og:image:width\" content=\"1002\" \/>\n\t<meta property=\"og:image:height\" content=\"599\" \/>\n\t<meta property=\"og:image:type\" content=\"image\/jpeg\" \/>\n<meta name=\"author\" content=\"Jason Gonzales\" \/>\n<meta name=\"twitter:card\" content=\"summary_large_image\" \/>\n<meta name=\"twitter:creator\" content=\"@innoticiasbo\" \/>\n<meta name=\"twitter:site\" content=\"@innoticiasbo\" \/>\n<meta name=\"twitter:label1\" content=\"Escrito por\" \/>\n\t<meta name=\"twitter:data1\" content=\"Jason Gonzales\" \/>\n\t<meta name=\"twitter:label2\" content=\"Tiempo de lectura\" \/>\n\t<meta name=\"twitter:data2\" content=\"2 minutos\" \/>\n<script type=\"application\/ld+json\" class=\"yoast-schema-graph\">{\"@context\":\"https:\/\/schema.org\",\"@graph\":[{\"@type\":\"Article\",\"@id\":\"https:\/\/innoticiasbo.com\/index.php\/2026\/09\/01\/gobernacion-de-potosi-invita-a-privados-a-crear-empresas-para-importar-combustibles\/#article\",\"isPartOf\":{\"@id\":\"https:\/\/innoticiasbo.com\/index.php\/2026\/09\/01\/gobernacion-de-potosi-invita-a-privados-a-crear-empresas-para-importar-combustibles\/\"},\"author\":{\"name\":\"Jason Gonzales\",\"@id\":\"https:\/\/innoticiasbo.com\/#\/schema\/person\/9af0c49836719fb5d47b55cc879140ce\"},\"headline\":\"GOBERNACI\u00d3N DE POTOS\u00cd INVITA A PRIVADOS A CREAR EMPRESAS PARA IMPORTAR COMBUSTIBLES\",\"datePublished\":\"2026-09-01T13:39:28+00:00\",\"dateModified\":\"2026-09-01T13:40:18+00:00\",\"mainEntityOfPage\":{\"@id\":\"https:\/\/innoticiasbo.com\/index.php\/2026\/09\/01\/gobernacion-de-potosi-invita-a-privados-a-crear-empresas-para-importar-combustibles\/\"},\"wordCount\":397,\"commentCount\":0,\"publisher\":{\"@id\":\"https:\/\/innoticiasbo.com\/#organization\"},\"image\":{\"@id\":\"https:\/\/innoticiasbo.com\/index.php\/2026\/09\/01\/gobernacion-de-potosi-invita-a-privados-a-crear-empresas-para-importar-combustibles\/#primaryimage\"},\"thumbnailUrl\":\"https:\/\/i0.wp.com\/innoticiasbo.com\/wp-content\/uploads\/2026\/09\/image_editor_output_image149855767-1788270002321.jpg?fit=1002%2C599&ssl=1\",\"keywords\":[\"Bolivia\",\"combustible\",\"importaci\u00f3n\",\"Potos\u00ed\",\"YPFB\"],\"articleSection\":[\"Bolivia\"],\"inLanguage\":\"es\",\"potentialAction\":[{\"@type\":\"CommentAction\",\"name\":\"Comment\",\"target\":[\"https:\/\/innoticiasbo.com\/index.php\/2026\/09\/01\/gobernacion-de-potosi-invita-a-privados-a-crear-empresas-para-importar-combustibles\/#respond\"]}]},{\"@type\":\"WebPage\",\"@id\":\"https:\/\/innoticiasbo.com\/index.php\/2026\/09\/01\/gobernacion-de-potosi-invita-a-privados-a-crear-empresas-para-importar-combustibles\/\",\"url\":\"https:\/\/innoticiasbo.com\/index.php\/2026\/09\/01\/gobernacion-de-potosi-invita-a-privados-a-crear-empresas-para-importar-combustibles\/\",\"name\":\"GOBERNACI\u00d3N DE POTOS\u00cd INVITA A PRIVADOS A CREAR EMPRESAS PARA IMPORTAR COMBUSTIBLES - innoticiasbo.com\",\"isPartOf\":{\"@id\":\"https:\/\/innoticiasbo.com\/#website\"},\"primaryImageOfPage\":{\"@id\":\"https:\/\/innoticiasbo.com\/index.php\/2026\/09\/01\/gobernacion-de-potosi-invita-a-privados-a-crear-empresas-para-importar-combustibles\/#primaryimage\"},\"image\":{\"@id\":\"https:\/\/innoticiasbo.com\/index.php\/2026\/09\/01\/gobernacion-de-potosi-invita-a-privados-a-crear-empresas-para-importar-combustibles\/#primaryimage\"},\"thumbnailUrl\":\"https:\/\/i0.wp.com\/innoticiasbo.com\/wp-content\/uploads\/2026\/09\/image_editor_output_image149855767-1788270002321.jpg?fit=1002%2C599&ssl=1\",\"datePublished\":\"2026-09-01T13:39:28+00:00\",\"dateModified\":\"2026-09-01T13:40:18+00:00\",\"breadcrumb\":{\"@id\":\"https:\/\/innoticiasbo.com\/index.php\/2026\/09\/01\/gobernacion-de-potosi-invita-a-privados-a-crear-empresas-para-importar-combustibles\/#breadcrumb\"},\"inLanguage\":\"es\",\"potentialAction\":[{\"@type\":\"ReadAction\",\"target\":[\"https:\/\/innoticiasbo.com\/index.php\/2026\/09\/01\/gobernacion-de-potosi-invita-a-privados-a-crear-empresas-para-importar-combustibles\/\"]}]},{\"@type\":\"ImageObject\",\"inLanguage\":\"es\",\"@id\":\"https:\/\/innoticiasbo.com\/index.php\/2026\/09\/01\/gobernacion-de-potosi-invita-a-privados-a-crear-empresas-para-importar-combustibles\/#primaryimage\",\"url\":\"https:\/\/i0.wp.com\/innoticiasbo.com\/wp-content\/uploads\/2026\/09\/image_editor_output_image149855767-1788270002321.jpg?fit=1002%2C599&ssl=1\",\"contentUrl\":\"https:\/\/i0.wp.com\/innoticiasbo.com\/wp-content\/uploads\/2026\/09\/image_editor_output_image149855767-1788270002321.jpg?fit=1002%2C599&ssl=1\",\"width\":1002,\"height\":599},{\"@type\":\"BreadcrumbList\",\"@id\":\"https:\/\/innoticiasbo.com\/index.php\/2026\/09\/01\/gobernacion-de-potosi-invita-a-privados-a-crear-empresas-para-importar-combustibles\/#breadcrumb\",\"itemListElement\":[{\"@type\":\"ListItem\",\"position\":1,\"name\":\"Portada\",\"item\":\"https:\/\/innoticiasbo.com\/\"},{\"@type\":\"ListItem\",\"position\":2,\"name\":\"GOBERNACI\u00d3N DE POTOS\u00cd INVITA A PRIVADOS A CREAR EMPRESAS PARA IMPORTAR COMBUSTIBLES\"}]},{\"@type\":\"WebSite\",\"@id\":\"https:\/\/innoticiasbo.com\/#website\",\"url\":\"https:\/\/innoticiasbo.com\/\",\"name\":\"innoticiasbo.com\",\"description\":\"\",\"publisher\":{\"@id\":\"https:\/\/innoticiasbo.com\/#organization\"},\"potentialAction\":[{\"@type\":\"SearchAction\",\"target\":{\"@type\":\"EntryPoint\",\"urlTemplate\":\"https:\/\/innoticiasbo.com\/?s={search_term_string}\"},\"query-input\":{\"@type\":\"PropertyValueSpecification\",\"valueRequired\":true,\"valueName\":\"search_term_string\"}}],\"inLanguage\":\"es\"},{\"@type\":\"Organization\",\"@id\":\"https:\/\/innoticiasbo.com\/#organization\",\"name\":\"innoticiasbo.com\",\"url\":\"https:\/\/innoticiasbo.com\/\",\"logo\":{\"@type\":\"ImageObject\",\"inLanguage\":\"es\",\"@id\":\"https:\/\/innoticiasbo.com\/#\/schema\/logo\/image\/\",\"url\":\"https:\/\/i0.wp.com\/innoticiasbo.com\/wp-content\/uploads\/2026\/04\/cropped-IN-LOGO.png?fit=1476%2C1476&ssl=1\",\"contentUrl\":\"https:\/\/i0.wp.com\/innoticiasbo.com\/wp-content\/uploads\/2026\/04\/cropped-IN-LOGO.png?fit=1476%2C1476&ssl=1\",\"width\":1476,\"height\":1476,\"caption\":\"innoticiasbo.com\"},\"image\":{\"@id\":\"https:\/\/innoticiasbo.com\/#\/schema\/logo\/image\/\"},\"sameAs\":[\"https:\/\/www.facebook.com\/innoticiasbolivia\",\"https:\/\/x.com\/innoticiasbo\",\"https:\/\/www.instagram.com\/innoticiasbo\",\"https:\/\/www.youtube.com\/innoticiasbo\"]},{\"@type\":\"Person\",\"@id\":\"https:\/\/innoticiasbo.com\/#\/schema\/person\/9af0c49836719fb5d47b55cc879140ce\",\"name\":\"Jason Gonzales\",\"image\":{\"@type\":\"ImageObject\",\"inLanguage\":\"es\",\"@id\":\"https:\/\/innoticiasbo.com\/#\/schema\/person\/image\/\",\"url\":\"https:\/\/secure.gravatar.com\/avatar\/ff64cacc93e8658997d62d298b4dff23?s=96&d=mm&r=g\",\"contentUrl\":\"https:\/\/secure.gravatar.com\/avatar\/ff64cacc93e8658997d62d298b4dff23?s=96&d=mm&r=g\",\"caption\":\"Jason Gonzales\"},\"sameAs\":[\"http:\/\/www.innoticiasbo.com\"],\"url\":\"https:\/\/innoticiasbo.com\/index.php\/author\/prensa-8\/\"}]}<\/script>\n<!-- \/ Yoast SEO plugin. -->","yoast_head_json":{"title":"GOBERNACI\u00d3N DE POTOS\u00cd INVITA A PRIVADOS A CREAR EMPRESAS PARA IMPORTAR COMBUSTIBLES - innoticiasbo.com","robots":{"index":"index","follow":"follow","max-snippet":"max-snippet:-1","max-image-preview":"max-image-preview:large","max-video-preview":"max-video-preview:-1"},"canonical":"https:\/\/innoticiasbo.com\/index.php\/2026\/09\/01\/gobernacion-de-potosi-invita-a-privados-a-crear-empresas-para-importar-combustibles\/","og_locale":"es_ES","og_type":"article","og_title":"GOBERNACI\u00d3N DE POTOS\u00cd INVITA A PRIVADOS A CREAR EMPRESAS PARA IMPORTAR COMBUSTIBLES - innoticiasbo.com","og_description":"Potos\u00ed, 1 de septiembre.- Es la segunda gobernaci\u00f3n del pa\u00eds en tomar esa iniciativa. El gobernador Ren\u00e9 Joaquino invit\u00f3 a la Federaci\u00f3n de Empresarios Privados de Potos\u00ed a establecer una alianza estrat\u00e9gica para importar. La Gobernaci\u00f3n de Potos\u00ed se sum\u00f3 a la iniciativa de Santa Cruz para la importaci\u00f3n de combustibles de parte de privados...","og_url":"https:\/\/innoticiasbo.com\/index.php\/2026\/09\/01\/gobernacion-de-potosi-invita-a-privados-a-crear-empresas-para-importar-combustibles\/","og_site_name":"innoticiasbo.com","article_publisher":"https:\/\/www.facebook.com\/innoticiasbolivia","article_published_time":"2026-09-01T13:39:28+00:00","article_modified_time":"2026-09-01T13:40:18+00:00","og_image":[{"width":1002,"height":599,"url":"https:\/\/i0.wp.com\/innoticiasbo.com\/wp-content\/uploads\/2026\/09\/image_editor_output_image149855767-1788270002321.jpg?fit=1002%2C599&ssl=1","type":"image\/jpeg"}],"author":"Jason Gonzales","twitter_card":"summary_large_image","twitter_creator":"@innoticiasbo","twitter_site":"@innoticiasbo","twitter_misc":{"Escrito por":"Jason Gonzales","Tiempo de lectura":"2 minutos"},"schema":{"@context":"https:\/\/schema.org","@graph":[{"@type":"Article","@id":"https:\/\/innoticiasbo.com\/index.php\/2026\/09\/01\/gobernacion-de-potosi-invita-a-privados-a-crear-empresas-para-importar-combustibles\/#article","isPartOf":{"@id":"https:\/\/innoticiasbo.com\/index.php\/2026\/09\/01\/gobernacion-de-potosi-invita-a-privados-a-crear-empresas-para-importar-combustibles\/"},"author":{"name":"Jason Gonzales","@id":"https:\/\/innoticiasbo.com\/#\/schema\/person\/9af0c49836719fb5d47b55cc879140ce"},"headline":"GOBERNACI\u00d3N DE POTOS\u00cd INVITA A PRIVADOS A CREAR EMPRESAS PARA IMPORTAR COMBUSTIBLES","datePublished":"2026-09-01T13:39:28+00:00","dateModified":"2026-09-01T13:40:18+00:00","mainEntityOfPage":{"@id":"https:\/\/innoticiasbo.com\/index.php\/2026\/09\/01\/gobernacion-de-potosi-invita-a-privados-a-crear-empresas-para-importar-combustibles\/"},"wordCount":397,"commentCount":0,"publisher":{"@id":"https:\/\/innoticiasbo.com\/#organization"},"image":{"@id":"https:\/\/innoticiasbo.com\/index.php\/2026\/09\/01\/gobernacion-de-potosi-invita-a-privados-a-crear-empresas-para-importar-combustibles\/#primaryimage"},"thumbnailUrl":"https:\/\/i0.wp.com\/innoticiasbo.com\/wp-content\/uploads\/2026\/09\/image_editor_output_image149855767-1788270002321.jpg?fit=1002%2C599&ssl=1","keywords":["Bolivia","combustible","importaci\u00f3n","Potos\u00ed","YPFB"],"articleSection":["Bolivia"],"inLanguage":"es","potentialAction":[{"@type":"CommentAction","name":"Comment","target":["https:\/\/innoticiasbo.com\/index.php\/2026\/09\/01\/gobernacion-de-potosi-invita-a-privados-a-crear-empresas-para-importar-combustibles\/#respond"]}]},{"@type":"WebPage","@id":"https:\/\/innoticiasbo.com\/index.php\/2026\/09\/01\/gobernacion-de-potosi-invita-a-privados-a-crear-empresas-para-importar-combustibles\/","url":"https:\/\/innoticiasbo.com\/index.php\/2026\/09\/01\/gobernacion-de-potosi-invita-a-privados-a-crear-empresas-para-importar-combustibles\/","name":"GOBERNACI\u00d3N DE POTOS\u00cd INVITA A PRIVADOS A CREAR EMPRESAS PARA IMPORTAR COMBUSTIBLES - innoticiasbo.com","isPartOf":{"@id":"https:\/\/innoticiasbo.com\/#website"},"primaryImageOfPage":{"@id":"https:\/\/innoticiasbo.com\/index.php\/2026\/09\/01\/gobernacion-de-potosi-invita-a-privados-a-crear-empresas-para-importar-combustibles\/#primaryimage"},"image":{"@id":"https:\/\/innoticiasbo.com\/index.php\/2026\/09\/01\/gobernacion-de-potosi-invita-a-privados-a-crear-empresas-para-importar-combustibles\/#primaryimage"},"thumbnailUrl":"https:\/\/i0.wp.com\/innoticiasbo.com\/wp-content\/uploads\/2026\/09\/image_editor_output_image149855767-1788270002321.jpg?fit=1002%2C599&ssl=1","datePublished":"2026-09-01T13:39:28+00:00","dateModified":"2026-09-01T13:40:18+00:00","breadcrumb":{"@id":"https:\/\/innoticiasbo.com\/index.php\/2026\/09\/01\/gobernacion-de-potosi-invita-a-privados-a-crear-empresas-para-importar-combustibles\/#breadcrumb"},"inLanguage":"es","potentialAction":[{"@type":"ReadAction","target":["https:\/\/innoticiasbo.com\/index.php\/2026\/09\/01\/gobernacion-de-potosi-invita-a-privados-a-crear-empresas-para-importar-combustibles\/"]}]},{"@type":"ImageObject","inLanguage":"es","@id":"https:\/\/innoticiasbo.com\/index.php\/2026\/09\/01\/gobernacion-de-potosi-invita-a-privados-a-crear-empresas-para-importar-combustibles\/#primaryimage","url":"https:\/\/i0.wp.com\/innoticiasbo.com\/wp-content\/uploads\/2026\/09\/image_editor_output_image149855767-1788270002321.jpg?fit=1002%2C599&ssl=1","contentUrl":"https:\/\/i0.wp.com\/innoticiasbo.com\/wp-content\/uploads\/2026\/09\/image_editor_output_image149855767-1788270002321.jpg?fit=1002%2C599&ssl=1","width":1002,"height":599},{"@type":"BreadcrumbList","@id":"https:\/\/innoticiasbo.com\/index.php\/2026\/09\/01\/gobernacion-de-potosi-invita-a-privados-a-crear-empresas-para-importar-combustibles\/#breadcrumb","itemListElement":[{"@type":"ListItem","position":1,"name":"Portada","item":"https:\/\/innoticiasbo.com\/"},{"@type":"ListItem","position":2,"name":"GOBERNACI\u00d3N DE POTOS\u00cd INVITA A PRIVADOS A CREAR EMPRESAS PARA IMPORTAR COMBUSTIBLES"}]},{"@type":"WebSite","@id":"https:\/\/innoticiasbo.com\/#website","url":"https:\/\/innoticiasbo.com\/","name":"innoticiasbo.com","description":"","publisher":{"@id":"https:\/\/innoticiasbo.com\/#organization"},"potentialAction":[{"@type":"SearchAction","target":{"@type":"EntryPoint","urlTemplate":"https:\/\/innoticiasbo.com\/?s={search_term_string}"},"query-input":{"@type":"PropertyValueSpecification","valueRequired":true,"valueName":"search_term_string"}}],"inLanguage":"es"},{"@type":"Organization","@id":"https:\/\/innoticiasbo.com\/#organization","name":"innoticiasbo.com","url":"https:\/\/innoticiasbo.com\/","logo":{"@type":"ImageObject","inLanguage":"es","@id":"https:\/\/innoticiasbo.com\/#\/schema\/logo\/image\/","url":"https:\/\/i0.wp.com\/innoticiasbo.com\/wp-content\/uploads\/2026\/04\/cropped-IN-LOGO.png?fit=1476%2C1476&ssl=1","contentUrl":"https:\/\/i0.wp.com\/innoticiasbo.com\/wp-content\/uploads\/2026\/04\/cropped-IN-LOGO.png?fit=1476%2C1476&ssl=1","width":1476,"height":1476,"caption":"innoticiasbo.com"},"image":{"@id":"https:\/\/innoticiasbo.com\/#\/schema\/logo\/image\/"},"sameAs":["https:\/\/www.facebook.com\/innoticiasbolivia","https:\/\/x.com\/innoticiasbo","https:\/\/www.instagram.com\/innoticiasbo","https:\/\/www.youtube.com\/innoticiasbo"]},{"@type":"Person","@id":"https:\/\/innoticiasbo.com\/#\/schema\/person\/9af0c49836719fb5d47b55cc879140ce","name":"Jason Gonzales","image":{"@type":"ImageObject","inLanguage":"es","@id":"https:\/\/innoticiasbo.com\/#\/schema\/person\/image\/","url":"https:\/\/secure.gravatar.com\/avatar\/ff64cacc93e8658997d62d298b4dff23?s=96&d=mm&r=g","contentUrl":"https:\/\/secure.gravatar.com\/avatar\/ff64cacc93e8658997d62d298b4dff23?s=96&d=mm&r=g","caption":"Jason Gonzales"},"sameAs":["http:\/\/www.innoticiasbo.com"],"url":"https:\/\/innoticiasbo.com\/index.php\/author\/prensa-8\/"}]}},"jetpack_featured_media_url":"https:\/\/i0.wp.com\/innoticiasbo.com\/wp-content\/uploads\/2026\/09\/image_editor_output_image149855767-1788270002321.jpg?fit=1002%2C599&ssl=1","jetpack_likes_enabled":true,"jetpack_sharing_enabled":true,"jetpack_shortlink":"https:\/\/wp.me\/pg298x-415","_links":{"self":[{"href":"https:\/\/innoticiasbo.com\/index.php\/wp-json\/wp\/v2\/posts\/15443","targetHints":{"allow":["GET"]}}],"collection":[{"href":"https:\/\/innoticiasbo.com\/index.php\/wp-json\/wp\/v2\/posts"}],"about":[{"href":"https:\/\/innoticiasbo.com\/index.php\/wp-json\/wp\/v2\/types\/post"}],"author":[{"embeddable":true,"href":"https:\/\/innoticiasbo.com\/index.php\/wp-json\/wp\/v2\/users\/12"}],"replies":[{"embeddable":true,"href":"https:\/\/innoticiasbo.com\/index.php\/wp-json\/wp\/v2\/comments?post=15443"}],"version-history":[{"count":1,"href":"https:\/\/innoticiasbo.com\/index.php\/wp-json\/wp\/v2\/posts\/15443\/revisions"}],"predecessor-version":[{"id":15444,"href":"https:\/\/innoticiasbo.com\/index.php\/wp-json\/wp\/v2\/posts\/15443\/revisions\/15444"}],"wp:featuredmedia":[{"embeddable":true,"href":"https:\/\/innoticiasbo.com\/index.php\/wp-json\/wp\/v2\/media\/15442"}],"wp:attachment":[{"href":"https:\/\/innoticiasbo.com\/index.php\/wp-json\/wp\/v2\/media?parent=15443"}],"wp:term":[{"taxonomy":"category","embeddable":true,"href":"https:\/\/innoticiasbo.com\/index.php\/wp-json\/wp\/v2\/categories?post=15443"},{"taxonomy":"post_tag","embeddable":true,"href":"https:\/\/innoticiasbo.com\/index.php\/wp-json\/wp\/v2\/tags?post=15443"}],"curies":[{"name":"wp","href":"https:\/\/api.w.org\/{rel}","templated":true}]}}