{"id":15431,"date":"2026-09-01T08:07:34","date_gmt":"2026-09-01T12:07:34","guid":{"rendered":"https:\/\/innoticiasbo.com\/?p=15431"},"modified":"2026-09-01T08:08:32","modified_gmt":"2026-09-01T12:08:32","slug":"paz-muestra-total-apertura-para-hablar-con-lideres-por-una-reforma-constitucional","status":"publish","type":"post","link":"https:\/\/innoticiasbo.com\/index.php\/2026\/09\/01\/paz-muestra-total-apertura-para-hablar-con-lideres-por-una-reforma-constitucional\/","title":{"rendered":"PAZ MUESTRA TOTAL APERTURA PARA HABLAR CON L\u00cdDERES POR UNA REFORMA CONSTITUCIONAL"},"content":{"rendered":"\n<figure class=\"wp-block-image size-large\"><img data-recalc-dims=\"1\" loading=\"lazy\" decoding=\"async\" width=\"640\" height=\"362\" src=\"https:\/\/i0.wp.com\/innoticiasbo.com\/wp-content\/uploads\/2026\/09\/image_editor_output_image-1707642858-17882643725487922952556838494667.jpg?resize=640%2C362&#038;ssl=1\" alt=\"\" class=\"wp-image-15429\" srcset=\"https:\/\/i0.wp.com\/innoticiasbo.com\/wp-content\/uploads\/2026\/09\/image_editor_output_image-1707642858-17882643725487922952556838494667.jpg?w=997&amp;ssl=1 997w, https:\/\/i0.wp.com\/innoticiasbo.com\/wp-content\/uploads\/2026\/09\/image_editor_output_image-1707642858-17882643725487922952556838494667.jpg?resize=300%2C170&amp;ssl=1 300w, https:\/\/i0.wp.com\/innoticiasbo.com\/wp-content\/uploads\/2026\/09\/image_editor_output_image-1707642858-17882643725487922952556838494667.jpg?resize=768%2C434&amp;ssl=1 768w\" sizes=\"auto, (max-width: 640px) 100vw, 640px\" \/><\/figure>\n\n\n\n<p>1 de septiembre.- El jefe de Estado va en busca de los dos tercios de la Asamblea Legislativa para aprobar las leyes fundamentales y una \u201cr\u00e1pida\u201d modificaci\u00f3n constitucional. En la Asamblea Legislativa ya se remitieron dos proyectos modificatorios.<\/p>\n\n\n\n<p>La ruta para modificar la Constituci\u00f3n Pol\u00edtica del Estado (CPE) se allana con una \u201ctotal apertura\u201d que expres\u00f3 ayer el presidente Rodrigo Paz Pereira. El jefe de Estado destac\u00f3 la iniciativa que present\u00f3 el expresidente Jorge Tuto Quiroga con un proyecto de ley de modificaci\u00f3n a la Constituci\u00f3n, por lo que buscar\u00e1 al exmandatario, pero su intenci\u00f3n va m\u00e1s all\u00e1 ya que tambi\u00e9n mencion\u00f3 a Samuel Doria Medina y a las bancadas parlamentarias para impulsar los cambios estructurales del Estado.<br><br>\u201cEl expresidente Quiroga present\u00f3 una serie de posibles transformaciones y reformas a la Constituci\u00f3n. Yo le tomo la palabra (\u2026) Voy a tomar contacto o llamar al se\u00f1or Quiroga para poder generar ese espacio de reformas para la Constituci\u00f3n\u201d, dijo ayer el presidente Paz en un breve encuentro con la prensa.<br><br>El jefe de Estado, en dos momentos habl\u00f3 ayer de la reforma parcial a la Constituci\u00f3n. Primero fue en Santa Cruz en su encuentro con alcaldes del departamento, donde plante\u00f3 hacer \u201creformas claves\u201d a la Constituci\u00f3n, sobre todo en el \u00e1mbito econ\u00f3mico.<\/p>\n\n\n\n<p>\u201cDos, tres, cuatro reformas, y teniendo dos tercios en el Parlamento se puede hacer eso rapidito\u201d, dijo Paz, quien tambi\u00e9n puso como referencia la propuesta de reforma constitucional del expresidente Quiroga.<br><br>El 21 de agosto, la senadora Tomasa Yarhui de Libre, present\u00f3 en la Asamblea Legislativa el proyecto de ley de reformas parciales a la Constituci\u00f3n Pol\u00edtica del Estado, sobre la base de cinco pilares: cambios en el \u00e1rea econ\u00f3mica, autonom\u00edas, justicia, digitalizaci\u00f3n y Parlamento, puntos en los que se pretende modificar 111 art\u00edculos.<br><br>Acuerdos por los dos tercios<br><br>En ese marco, el presidente Paz tambi\u00e9n anunci\u00f3 su intenci\u00f3n de dialogar con todos los l\u00edderes pol\u00edticos, no solo Quiroga, Tambi\u00e9n se refiri\u00f3 a Samuel Doria Medina y su propuesta de modificar normas estructurales como la Ley de Hidrocarburos, entre otros temas.<\/p>\n\n\n\n<p>\u201cTambi\u00e9n voy a tomar la iniciativa, ya que expresaron su voluntad, de poder sumar los esfuerzos para que pronto tengamos una nueva ley, m\u00e1s all\u00e1 de otras leyes que queremos que pronto se traten\u201d, agreg\u00f3 Paz.<br><br>El objetivo del jefe de Estado, de acuerdo a su explicaci\u00f3n, es impulsar un di\u00e1logo con todos los l\u00edderes pol\u00edticos y todas las bancadas en la Asamblea Legislativa para as\u00ed garantizar los dos tercios para aprobar una ley de modificaci\u00f3n a la Constituci\u00f3n y tambi\u00e9n aprobar las leyes fundamentales.<br><br>Hasta la fecha, ninguna instancia de la Asamblea Legislativa ha iniciado el tratamiento de las leyes fundamentales que anunci\u00f3 Paz en mayo, es m\u00e1s, el proyecto de Ley de Inversiones, fue devuelto hace dos semanas al Ejecutivo por un error t\u00e9cnico y se conoce que el jueves pasado fue devuelto a la Asamblea con las correcciones requeridas.<\/p>\n\n\n\n<p>El presidente Paz dijo que se enviar\u00e1n en los pr\u00f3ximos d\u00edas otros proyectos de ley en materia econ\u00f3mica y de financiamiento externo y pidi\u00f3 al Parlamento su pronta aprobaci\u00f3n.<br><br>Proyectos de reformas<br><br>Pero adem\u00e1s del proyecto de Quiroga y Libre, hay otras propuestas que la Asamblea Legislativa las recibi\u00f3 de forma oficial y las envi\u00f3 a la Comisi\u00f3n Mixta de Constituci\u00f3n.<br><br>Se trata del \u201cProyecto de ley de Reforma Parcial a la Constituci\u00f3n para el fortalecimiento de las autonom\u00edas departamentales, municipales y la descentralizaci\u00f3n en competencias de salud, educaci\u00f3n, seguridad ciudadana, tierra y territorio\u201d.<\/p>\n\n\n\n<p>La otra iniciativa es el \u201cProyecto de ley de Reforma Parcial a la Constituci\u00f3n Pol\u00edtica del Estado promulgada el 7 de febrero de 2009\u201d. Esta propuesta fue presentada a t\u00edtulo personal por el diputado Carlos Alarc\u00f3n de Unidad.<\/p>\n\n\n\n<p>Fuente: El Deber <\/p>\n","protected":false},"excerpt":{"rendered":"<p>1 de septiembre.- El jefe de Estado va en busca de los dos tercios de la Asamblea Legislativa para aprobar las leyes fundamentales y una \u201cr\u00e1pida\u201d modificaci\u00f3n constitucional. En la Asamblea Legislativa ya se remitieron dos proyectos modificatorios. La ruta para modificar la Constituci\u00f3n Pol\u00edtica del Estado (CPE) se allana con una \u201ctotal apertura\u201d que&#8230;<\/p>\n","protected":false},"author":12,"featured_media":15430,"comment_status":"open","ping_status":"open","sticky":false,"template":"","format":"standard","meta":{"_jetpack_memberships_contains_paid_content":false,"footnotes":"","jetpack_publicize_message":"","jetpack_publicize_feature_enabled":true,"jetpack_social_post_already_shared":true,"jetpack_social_options":{"image_generator_settings":{"template":"highway","enabled":false},"version":2}},"categories":[1,3],"tags":[7,2007,3997,10,3806,345],"class_list":["post-15431","post","type-post","status-publish","format-standard","has-post-thumbnail","hentry","category-bolivia","category-politica","tag-bolivia","tag-constitucion-politica-del-estado","tag-lideres","tag-politica","tag-reformar","tag-rodrigo-paz"],"jetpack_publicize_connections":[],"yoast_head":"<!-- This site is optimized with the Yoast SEO plugin v23.4 - https:\/\/yoast.com\/wordpress\/plugins\/seo\/ -->\n<title>PAZ MUESTRA TOTAL APERTURA PARA HABLAR CON L\u00cdDERES POR UNA REFORMA CONSTITUCIONAL - innoticiasbo.com<\/title>\n<meta name=\"robots\" content=\"index, follow, max-snippet:-1, max-image-preview:large, max-video-preview:-1\" \/>\n<link rel=\"canonical\" href=\"https:\/\/innoticiasbo.com\/index.php\/2026\/09\/01\/paz-muestra-total-apertura-para-hablar-con-lideres-por-una-reforma-constitucional\/\" \/>\n<meta property=\"og:locale\" content=\"es_ES\" \/>\n<meta property=\"og:type\" content=\"article\" \/>\n<meta property=\"og:title\" content=\"PAZ MUESTRA TOTAL APERTURA PARA HABLAR CON L\u00cdDERES POR UNA REFORMA CONSTITUCIONAL - innoticiasbo.com\" \/>\n<meta property=\"og:description\" content=\"1 de septiembre.- El jefe de Estado va en busca de los dos tercios de la Asamblea Legislativa para aprobar las leyes fundamentales y una \u201cr\u00e1pida\u201d modificaci\u00f3n constitucional. En la Asamblea Legislativa ya se remitieron dos proyectos modificatorios. La ruta para modificar la Constituci\u00f3n Pol\u00edtica del Estado (CPE) se allana con una \u201ctotal apertura\u201d que...\" \/>\n<meta property=\"og:url\" content=\"https:\/\/innoticiasbo.com\/index.php\/2026\/09\/01\/paz-muestra-total-apertura-para-hablar-con-lideres-por-una-reforma-constitucional\/\" \/>\n<meta property=\"og:site_name\" content=\"innoticiasbo.com\" \/>\n<meta property=\"article:publisher\" content=\"https:\/\/www.facebook.com\/innoticiasbolivia\" \/>\n<meta property=\"article:published_time\" content=\"2026-09-01T12:07:34+00:00\" \/>\n<meta property=\"article:modified_time\" content=\"2026-09-01T12:08:32+00:00\" \/>\n<meta property=\"og:image\" content=\"https:\/\/i0.wp.com\/innoticiasbo.com\/wp-content\/uploads\/2026\/09\/image_editor_output_image-1707642858-1788264494820.jpg?fit=999%2C567&ssl=1\" \/>\n\t<meta property=\"og:image:width\" content=\"999\" \/>\n\t<meta property=\"og:image:height\" content=\"567\" \/>\n\t<meta property=\"og:image:type\" content=\"image\/jpeg\" \/>\n<meta name=\"author\" content=\"Jason Gonzales\" \/>\n<meta name=\"twitter:card\" content=\"summary_large_image\" \/>\n<meta name=\"twitter:creator\" content=\"@innoticiasbo\" \/>\n<meta name=\"twitter:site\" content=\"@innoticiasbo\" \/>\n<meta name=\"twitter:label1\" content=\"Escrito por\" \/>\n\t<meta name=\"twitter:data1\" content=\"Jason Gonzales\" \/>\n\t<meta name=\"twitter:label2\" content=\"Tiempo de lectura\" \/>\n\t<meta name=\"twitter:data2\" content=\"3 minutos\" \/>\n<script type=\"application\/ld+json\" class=\"yoast-schema-graph\">{\"@context\":\"https:\/\/schema.org\",\"@graph\":[{\"@type\":\"Article\",\"@id\":\"https:\/\/innoticiasbo.com\/index.php\/2026\/09\/01\/paz-muestra-total-apertura-para-hablar-con-lideres-por-una-reforma-constitucional\/#article\",\"isPartOf\":{\"@id\":\"https:\/\/innoticiasbo.com\/index.php\/2026\/09\/01\/paz-muestra-total-apertura-para-hablar-con-lideres-por-una-reforma-constitucional\/\"},\"author\":{\"name\":\"Jason Gonzales\",\"@id\":\"https:\/\/innoticiasbo.com\/#\/schema\/person\/9af0c49836719fb5d47b55cc879140ce\"},\"headline\":\"PAZ MUESTRA TOTAL APERTURA PARA HABLAR CON L\u00cdDERES POR UNA REFORMA CONSTITUCIONAL\",\"datePublished\":\"2026-09-01T12:07:34+00:00\",\"dateModified\":\"2026-09-01T12:08:32+00:00\",\"mainEntityOfPage\":{\"@id\":\"https:\/\/innoticiasbo.com\/index.php\/2026\/09\/01\/paz-muestra-total-apertura-para-hablar-con-lideres-por-una-reforma-constitucional\/\"},\"wordCount\":681,\"commentCount\":0,\"publisher\":{\"@id\":\"https:\/\/innoticiasbo.com\/#organization\"},\"image\":{\"@id\":\"https:\/\/innoticiasbo.com\/index.php\/2026\/09\/01\/paz-muestra-total-apertura-para-hablar-con-lideres-por-una-reforma-constitucional\/#primaryimage\"},\"thumbnailUrl\":\"https:\/\/i0.wp.com\/innoticiasbo.com\/wp-content\/uploads\/2026\/09\/image_editor_output_image-1707642858-1788264494820.jpg?fit=999%2C567&ssl=1\",\"keywords\":[\"Bolivia\",\"Constituci\u00f3n Pol\u00edtica del Estado\",\"L\u00edderes\",\"Pol\u00edtica\",\"Reformar\",\"Rodrigo Paz\"],\"articleSection\":[\"Bolivia\",\"Pol\u00edtica\"],\"inLanguage\":\"es\",\"potentialAction\":[{\"@type\":\"CommentAction\",\"name\":\"Comment\",\"target\":[\"https:\/\/innoticiasbo.com\/index.php\/2026\/09\/01\/paz-muestra-total-apertura-para-hablar-con-lideres-por-una-reforma-constitucional\/#respond\"]}]},{\"@type\":\"WebPage\",\"@id\":\"https:\/\/innoticiasbo.com\/index.php\/2026\/09\/01\/paz-muestra-total-apertura-para-hablar-con-lideres-por-una-reforma-constitucional\/\",\"url\":\"https:\/\/innoticiasbo.com\/index.php\/2026\/09\/01\/paz-muestra-total-apertura-para-hablar-con-lideres-por-una-reforma-constitucional\/\",\"name\":\"PAZ MUESTRA TOTAL APERTURA PARA HABLAR CON L\u00cdDERES POR UNA REFORMA CONSTITUCIONAL - innoticiasbo.com\",\"isPartOf\":{\"@id\":\"https:\/\/innoticiasbo.com\/#website\"},\"primaryImageOfPage\":{\"@id\":\"https:\/\/innoticiasbo.com\/index.php\/2026\/09\/01\/paz-muestra-total-apertura-para-hablar-con-lideres-por-una-reforma-constitucional\/#primaryimage\"},\"image\":{\"@id\":\"https:\/\/innoticiasbo.com\/index.php\/2026\/09\/01\/paz-muestra-total-apertura-para-hablar-con-lideres-por-una-reforma-constitucional\/#primaryimage\"},\"thumbnailUrl\":\"https:\/\/i0.wp.com\/innoticiasbo.com\/wp-content\/uploads\/2026\/09\/image_editor_output_image-1707642858-1788264494820.jpg?fit=999%2C567&ssl=1\",\"datePublished\":\"2026-09-01T12:07:34+00:00\",\"dateModified\":\"2026-09-01T12:08:32+00:00\",\"breadcrumb\":{\"@id\":\"https:\/\/innoticiasbo.com\/index.php\/2026\/09\/01\/paz-muestra-total-apertura-para-hablar-con-lideres-por-una-reforma-constitucional\/#breadcrumb\"},\"inLanguage\":\"es\",\"potentialAction\":[{\"@type\":\"ReadAction\",\"target\":[\"https:\/\/innoticiasbo.com\/index.php\/2026\/09\/01\/paz-muestra-total-apertura-para-hablar-con-lideres-por-una-reforma-constitucional\/\"]}]},{\"@type\":\"ImageObject\",\"inLanguage\":\"es\",\"@id\":\"https:\/\/innoticiasbo.com\/index.php\/2026\/09\/01\/paz-muestra-total-apertura-para-hablar-con-lideres-por-una-reforma-constitucional\/#primaryimage\",\"url\":\"https:\/\/i0.wp.com\/innoticiasbo.com\/wp-content\/uploads\/2026\/09\/image_editor_output_image-1707642858-1788264494820.jpg?fit=999%2C567&ssl=1\",\"contentUrl\":\"https:\/\/i0.wp.com\/innoticiasbo.com\/wp-content\/uploads\/2026\/09\/image_editor_output_image-1707642858-1788264494820.jpg?fit=999%2C567&ssl=1\",\"width\":999,\"height\":567},{\"@type\":\"BreadcrumbList\",\"@id\":\"https:\/\/innoticiasbo.com\/index.php\/2026\/09\/01\/paz-muestra-total-apertura-para-hablar-con-lideres-por-una-reforma-constitucional\/#breadcrumb\",\"itemListElement\":[{\"@type\":\"ListItem\",\"position\":1,\"name\":\"Portada\",\"item\":\"https:\/\/innoticiasbo.com\/\"},{\"@type\":\"ListItem\",\"position\":2,\"name\":\"PAZ MUESTRA TOTAL APERTURA PARA HABLAR CON L\u00cdDERES POR UNA REFORMA CONSTITUCIONAL\"}]},{\"@type\":\"WebSite\",\"@id\":\"https:\/\/innoticiasbo.com\/#website\",\"url\":\"https:\/\/innoticiasbo.com\/\",\"name\":\"innoticiasbo.com\",\"description\":\"\",\"publisher\":{\"@id\":\"https:\/\/innoticiasbo.com\/#organization\"},\"potentialAction\":[{\"@type\":\"SearchAction\",\"target\":{\"@type\":\"EntryPoint\",\"urlTemplate\":\"https:\/\/innoticiasbo.com\/?s={search_term_string}\"},\"query-input\":{\"@type\":\"PropertyValueSpecification\",\"valueRequired\":true,\"valueName\":\"search_term_string\"}}],\"inLanguage\":\"es\"},{\"@type\":\"Organization\",\"@id\":\"https:\/\/innoticiasbo.com\/#organization\",\"name\":\"innoticiasbo.com\",\"url\":\"https:\/\/innoticiasbo.com\/\",\"logo\":{\"@type\":\"ImageObject\",\"inLanguage\":\"es\",\"@id\":\"https:\/\/innoticiasbo.com\/#\/schema\/logo\/image\/\",\"url\":\"https:\/\/i0.wp.com\/innoticiasbo.com\/wp-content\/uploads\/2026\/04\/cropped-IN-LOGO.png?fit=1476%2C1476&ssl=1\",\"contentUrl\":\"https:\/\/i0.wp.com\/innoticiasbo.com\/wp-content\/uploads\/2026\/04\/cropped-IN-LOGO.png?fit=1476%2C1476&ssl=1\",\"width\":1476,\"height\":1476,\"caption\":\"innoticiasbo.com\"},\"image\":{\"@id\":\"https:\/\/innoticiasbo.com\/#\/schema\/logo\/image\/\"},\"sameAs\":[\"https:\/\/www.facebook.com\/innoticiasbolivia\",\"https:\/\/x.com\/innoticiasbo\",\"https:\/\/www.instagram.com\/innoticiasbo\",\"https:\/\/www.youtube.com\/innoticiasbo\"]},{\"@type\":\"Person\",\"@id\":\"https:\/\/innoticiasbo.com\/#\/schema\/person\/9af0c49836719fb5d47b55cc879140ce\",\"name\":\"Jason Gonzales\",\"image\":{\"@type\":\"ImageObject\",\"inLanguage\":\"es\",\"@id\":\"https:\/\/innoticiasbo.com\/#\/schema\/person\/image\/\",\"url\":\"https:\/\/secure.gravatar.com\/avatar\/ff64cacc93e8658997d62d298b4dff23?s=96&d=mm&r=g\",\"contentUrl\":\"https:\/\/secure.gravatar.com\/avatar\/ff64cacc93e8658997d62d298b4dff23?s=96&d=mm&r=g\",\"caption\":\"Jason Gonzales\"},\"sameAs\":[\"http:\/\/www.innoticiasbo.com\"],\"url\":\"https:\/\/innoticiasbo.com\/index.php\/author\/prensa-8\/\"}]}<\/script>\n<!-- \/ Yoast SEO plugin. -->","yoast_head_json":{"title":"PAZ MUESTRA TOTAL APERTURA PARA HABLAR CON L\u00cdDERES POR UNA REFORMA CONSTITUCIONAL - innoticiasbo.com","robots":{"index":"index","follow":"follow","max-snippet":"max-snippet:-1","max-image-preview":"max-image-preview:large","max-video-preview":"max-video-preview:-1"},"canonical":"https:\/\/innoticiasbo.com\/index.php\/2026\/09\/01\/paz-muestra-total-apertura-para-hablar-con-lideres-por-una-reforma-constitucional\/","og_locale":"es_ES","og_type":"article","og_title":"PAZ MUESTRA TOTAL APERTURA PARA HABLAR CON L\u00cdDERES POR UNA REFORMA CONSTITUCIONAL - innoticiasbo.com","og_description":"1 de septiembre.- El jefe de Estado va en busca de los dos tercios de la Asamblea Legislativa para aprobar las leyes fundamentales y una \u201cr\u00e1pida\u201d modificaci\u00f3n constitucional. En la Asamblea Legislativa ya se remitieron dos proyectos modificatorios. La ruta para modificar la Constituci\u00f3n Pol\u00edtica del Estado (CPE) se allana con una \u201ctotal apertura\u201d que...","og_url":"https:\/\/innoticiasbo.com\/index.php\/2026\/09\/01\/paz-muestra-total-apertura-para-hablar-con-lideres-por-una-reforma-constitucional\/","og_site_name":"innoticiasbo.com","article_publisher":"https:\/\/www.facebook.com\/innoticiasbolivia","article_published_time":"2026-09-01T12:07:34+00:00","article_modified_time":"2026-09-01T12:08:32+00:00","og_image":[{"width":999,"height":567,"url":"https:\/\/i0.wp.com\/innoticiasbo.com\/wp-content\/uploads\/2026\/09\/image_editor_output_image-1707642858-1788264494820.jpg?fit=999%2C567&ssl=1","type":"image\/jpeg"}],"author":"Jason Gonzales","twitter_card":"summary_large_image","twitter_creator":"@innoticiasbo","twitter_site":"@innoticiasbo","twitter_misc":{"Escrito por":"Jason Gonzales","Tiempo de lectura":"3 minutos"},"schema":{"@context":"https:\/\/schema.org","@graph":[{"@type":"Article","@id":"https:\/\/innoticiasbo.com\/index.php\/2026\/09\/01\/paz-muestra-total-apertura-para-hablar-con-lideres-por-una-reforma-constitucional\/#article","isPartOf":{"@id":"https:\/\/innoticiasbo.com\/index.php\/2026\/09\/01\/paz-muestra-total-apertura-para-hablar-con-lideres-por-una-reforma-constitucional\/"},"author":{"name":"Jason Gonzales","@id":"https:\/\/innoticiasbo.com\/#\/schema\/person\/9af0c49836719fb5d47b55cc879140ce"},"headline":"PAZ MUESTRA TOTAL APERTURA PARA HABLAR CON L\u00cdDERES POR UNA REFORMA CONSTITUCIONAL","datePublished":"2026-09-01T12:07:34+00:00","dateModified":"2026-09-01T12:08:32+00:00","mainEntityOfPage":{"@id":"https:\/\/innoticiasbo.com\/index.php\/2026\/09\/01\/paz-muestra-total-apertura-para-hablar-con-lideres-por-una-reforma-constitucional\/"},"wordCount":681,"commentCount":0,"publisher":{"@id":"https:\/\/innoticiasbo.com\/#organization"},"image":{"@id":"https:\/\/innoticiasbo.com\/index.php\/2026\/09\/01\/paz-muestra-total-apertura-para-hablar-con-lideres-por-una-reforma-constitucional\/#primaryimage"},"thumbnailUrl":"https:\/\/i0.wp.com\/innoticiasbo.com\/wp-content\/uploads\/2026\/09\/image_editor_output_image-1707642858-1788264494820.jpg?fit=999%2C567&ssl=1","keywords":["Bolivia","Constituci\u00f3n Pol\u00edtica del Estado","L\u00edderes","Pol\u00edtica","Reformar","Rodrigo Paz"],"articleSection":["Bolivia","Pol\u00edtica"],"inLanguage":"es","potentialAction":[{"@type":"CommentAction","name":"Comment","target":["https:\/\/innoticiasbo.com\/index.php\/2026\/09\/01\/paz-muestra-total-apertura-para-hablar-con-lideres-por-una-reforma-constitucional\/#respond"]}]},{"@type":"WebPage","@id":"https:\/\/innoticiasbo.com\/index.php\/2026\/09\/01\/paz-muestra-total-apertura-para-hablar-con-lideres-por-una-reforma-constitucional\/","url":"https:\/\/innoticiasbo.com\/index.php\/2026\/09\/01\/paz-muestra-total-apertura-para-hablar-con-lideres-por-una-reforma-constitucional\/","name":"PAZ MUESTRA TOTAL APERTURA PARA HABLAR CON L\u00cdDERES POR UNA REFORMA CONSTITUCIONAL - innoticiasbo.com","isPartOf":{"@id":"https:\/\/innoticiasbo.com\/#website"},"primaryImageOfPage":{"@id":"https:\/\/innoticiasbo.com\/index.php\/2026\/09\/01\/paz-muestra-total-apertura-para-hablar-con-lideres-por-una-reforma-constitucional\/#primaryimage"},"image":{"@id":"https:\/\/innoticiasbo.com\/index.php\/2026\/09\/01\/paz-muestra-total-apertura-para-hablar-con-lideres-por-una-reforma-constitucional\/#primaryimage"},"thumbnailUrl":"https:\/\/i0.wp.com\/innoticiasbo.com\/wp-content\/uploads\/2026\/09\/image_editor_output_image-1707642858-1788264494820.jpg?fit=999%2C567&ssl=1","datePublished":"2026-09-01T12:07:34+00:00","dateModified":"2026-09-01T12:08:32+00:00","breadcrumb":{"@id":"https:\/\/innoticiasbo.com\/index.php\/2026\/09\/01\/paz-muestra-total-apertura-para-hablar-con-lideres-por-una-reforma-constitucional\/#breadcrumb"},"inLanguage":"es","potentialAction":[{"@type":"ReadAction","target":["https:\/\/innoticiasbo.com\/index.php\/2026\/09\/01\/paz-muestra-total-apertura-para-hablar-con-lideres-por-una-reforma-constitucional\/"]}]},{"@type":"ImageObject","inLanguage":"es","@id":"https:\/\/innoticiasbo.com\/index.php\/2026\/09\/01\/paz-muestra-total-apertura-para-hablar-con-lideres-por-una-reforma-constitucional\/#primaryimage","url":"https:\/\/i0.wp.com\/innoticiasbo.com\/wp-content\/uploads\/2026\/09\/image_editor_output_image-1707642858-1788264494820.jpg?fit=999%2C567&ssl=1","contentUrl":"https:\/\/i0.wp.com\/innoticiasbo.com\/wp-content\/uploads\/2026\/09\/image_editor_output_image-1707642858-1788264494820.jpg?fit=999%2C567&ssl=1","width":999,"height":567},{"@type":"BreadcrumbList","@id":"https:\/\/innoticiasbo.com\/index.php\/2026\/09\/01\/paz-muestra-total-apertura-para-hablar-con-lideres-por-una-reforma-constitucional\/#breadcrumb","itemListElement":[{"@type":"ListItem","position":1,"name":"Portada","item":"https:\/\/innoticiasbo.com\/"},{"@type":"ListItem","position":2,"name":"PAZ MUESTRA TOTAL APERTURA PARA HABLAR CON L\u00cdDERES POR UNA REFORMA CONSTITUCIONAL"}]},{"@type":"WebSite","@id":"https:\/\/innoticiasbo.com\/#website","url":"https:\/\/innoticiasbo.com\/","name":"innoticiasbo.com","description":"","publisher":{"@id":"https:\/\/innoticiasbo.com\/#organization"},"potentialAction":[{"@type":"SearchAction","target":{"@type":"EntryPoint","urlTemplate":"https:\/\/innoticiasbo.com\/?s={search_term_string}"},"query-input":{"@type":"PropertyValueSpecification","valueRequired":true,"valueName":"search_term_string"}}],"inLanguage":"es"},{"@type":"Organization","@id":"https:\/\/innoticiasbo.com\/#organization","name":"innoticiasbo.com","url":"https:\/\/innoticiasbo.com\/","logo":{"@type":"ImageObject","inLanguage":"es","@id":"https:\/\/innoticiasbo.com\/#\/schema\/logo\/image\/","url":"https:\/\/i0.wp.com\/innoticiasbo.com\/wp-content\/uploads\/2026\/04\/cropped-IN-LOGO.png?fit=1476%2C1476&ssl=1","contentUrl":"https:\/\/i0.wp.com\/innoticiasbo.com\/wp-content\/uploads\/2026\/04\/cropped-IN-LOGO.png?fit=1476%2C1476&ssl=1","width":1476,"height":1476,"caption":"innoticiasbo.com"},"image":{"@id":"https:\/\/innoticiasbo.com\/#\/schema\/logo\/image\/"},"sameAs":["https:\/\/www.facebook.com\/innoticiasbolivia","https:\/\/x.com\/innoticiasbo","https:\/\/www.instagram.com\/innoticiasbo","https:\/\/www.youtube.com\/innoticiasbo"]},{"@type":"Person","@id":"https:\/\/innoticiasbo.com\/#\/schema\/person\/9af0c49836719fb5d47b55cc879140ce","name":"Jason Gonzales","image":{"@type":"ImageObject","inLanguage":"es","@id":"https:\/\/innoticiasbo.com\/#\/schema\/person\/image\/","url":"https:\/\/secure.gravatar.com\/avatar\/ff64cacc93e8658997d62d298b4dff23?s=96&d=mm&r=g","contentUrl":"https:\/\/secure.gravatar.com\/avatar\/ff64cacc93e8658997d62d298b4dff23?s=96&d=mm&r=g","caption":"Jason Gonzales"},"sameAs":["http:\/\/www.innoticiasbo.com"],"url":"https:\/\/innoticiasbo.com\/index.php\/author\/prensa-8\/"}]}},"jetpack_featured_media_url":"https:\/\/i0.wp.com\/innoticiasbo.com\/wp-content\/uploads\/2026\/09\/image_editor_output_image-1707642858-1788264494820.jpg?fit=999%2C567&ssl=1","jetpack_likes_enabled":true,"jetpack_sharing_enabled":true,"jetpack_shortlink":"https:\/\/wp.me\/pg298x-40T","_links":{"self":[{"href":"https:\/\/innoticiasbo.com\/index.php\/wp-json\/wp\/v2\/posts\/15431","targetHints":{"allow":["GET"]}}],"collection":[{"href":"https:\/\/innoticiasbo.com\/index.php\/wp-json\/wp\/v2\/posts"}],"about":[{"href":"https:\/\/innoticiasbo.com\/index.php\/wp-json\/wp\/v2\/types\/post"}],"author":[{"embeddable":true,"href":"https:\/\/innoticiasbo.com\/index.php\/wp-json\/wp\/v2\/users\/12"}],"replies":[{"embeddable":true,"href":"https:\/\/innoticiasbo.com\/index.php\/wp-json\/wp\/v2\/comments?post=15431"}],"version-history":[{"count":1,"href":"https:\/\/innoticiasbo.com\/index.php\/wp-json\/wp\/v2\/posts\/15431\/revisions"}],"predecessor-version":[{"id":15432,"href":"https:\/\/innoticiasbo.com\/index.php\/wp-json\/wp\/v2\/posts\/15431\/revisions\/15432"}],"wp:featuredmedia":[{"embeddable":true,"href":"https:\/\/innoticiasbo.com\/index.php\/wp-json\/wp\/v2\/media\/15430"}],"wp:attachment":[{"href":"https:\/\/innoticiasbo.com\/index.php\/wp-json\/wp\/v2\/media?parent=15431"}],"wp:term":[{"taxonomy":"category","embeddable":true,"href":"https:\/\/innoticiasbo.com\/index.php\/wp-json\/wp\/v2\/categories?post=15431"},{"taxonomy":"post_tag","embeddable":true,"href":"https:\/\/innoticiasbo.com\/index.php\/wp-json\/wp\/v2\/tags?post=15431"}],"curies":[{"name":"wp","href":"https:\/\/api.w.org\/{rel}","templated":true}]}}