{"id":15423,"date":"2026-09-01T07:59:44","date_gmt":"2026-09-01T11:59:44","guid":{"rendered":"https:\/\/innoticiasbo.com\/?p=15423"},"modified":"2026-09-01T08:00:42","modified_gmt":"2026-09-01T12:00:42","slug":"aparece-presunto-sicario-del-caso-beller-el-objetivo-era-darle-un-susto-a-la-senora-y-matar-al-argentino","status":"publish","type":"post","link":"https:\/\/innoticiasbo.com\/index.php\/2026\/09\/01\/aparece-presunto-sicario-del-caso-beller-el-objetivo-era-darle-un-susto-a-la-senora-y-matar-al-argentino\/","title":{"rendered":"APARECE PRESUNTO SICARIO DEL CASO BELLER: \u201cEL OBJETIVO ERA DARLE UN SUSTO A LA SE\u00d1ORA Y MATAR AL ARGENTINO\u201d"},"content":{"rendered":"\n<figure class=\"wp-block-image size-large\"><img data-recalc-dims=\"1\" loading=\"lazy\" decoding=\"async\" width=\"640\" height=\"361\" src=\"https:\/\/i0.wp.com\/innoticiasbo.com\/wp-content\/uploads\/2026\/09\/image_editor_output_image-1770905614-17882639043989102710496952198703.jpg?resize=640%2C361&#038;ssl=1\" alt=\"\" class=\"wp-image-15421\" srcset=\"https:\/\/i0.wp.com\/innoticiasbo.com\/wp-content\/uploads\/2026\/09\/image_editor_output_image-1770905614-17882639043989102710496952198703.jpg?w=988&amp;ssl=1 988w, https:\/\/i0.wp.com\/innoticiasbo.com\/wp-content\/uploads\/2026\/09\/image_editor_output_image-1770905614-17882639043989102710496952198703.jpg?resize=300%2C169&amp;ssl=1 300w, https:\/\/i0.wp.com\/innoticiasbo.com\/wp-content\/uploads\/2026\/09\/image_editor_output_image-1770905614-17882639043989102710496952198703.jpg?resize=768%2C433&amp;ssl=1 768w\" sizes=\"auto, (max-width: 640px) 100vw, 640px\" \/><\/figure>\n\n\n\n<p>1 de septiembre.- Tras la difusi\u00f3n del video, Nadia Beller rechaz\u00f3 la versi\u00f3n del pr\u00f3fugo y sostuvo que se trata de un intento por desviar la investigaci\u00f3n sobre la presunta responsabilidad intelectual de Fernando Cerimedo.<\/p>\n\n\n\n<p>Un ciudadano colombiano identificado con el alias de \u2018Juancho\u2019, sindicado por la Polic\u00eda de ser uno de los presuntos sicarios que atentaron contra Nadia Beller, difundi\u00f3 un video desde la clandestinidad en el que asegur\u00f3 que sus c\u00f3mplices ten\u00edan la orden de darle un \u00absusto\u00bb a la v\u00edctima, asegur\u00f3 que particip\u00f3 en parte de la log\u00edstica y afirm\u00f3 que otras personas estuvieron por encima y por debajo de \u00e9l en la planificaci\u00f3n del ataque.<br><br>En el video, enviado a medios de comunicaci\u00f3n, el hombre sostuvo que decidi\u00f3 hablar para \u201cesclarecer\u201d y \u201cdesvirtuar\u201d las acusaciones en su contra y las que, seg\u00fan afirm\u00f3, pesan sobre otras personas detenidas dentro de la investigaci\u00f3n.<br><br>El extranjero se\u00f1al\u00f3 adem\u00e1s que teme por su vida y condicion\u00f3 una eventual entrega a las autoridades a que se le garanticen su seguridad y el debido proceso.<\/p>\n\n\n\n<p>\u2018Juancho\u2019 neg\u00f3 ser el autor material del ataque ocurrido el 17 de agosto en Santa Cruz, en el que Beller result\u00f3 herida. \u201cYo en ning\u00fan momento accion\u00e9 el arma, yo en ning\u00fan momento manej\u00e9 la moto, yo en ning\u00fan momento he sido el autor material\u201d, afirm\u00f3.<br><br>Sin embargo, reconoci\u00f3 haber colaborado con parte de la log\u00edstica del hecho y asegur\u00f3 que exist\u00edan otras personas involucradas. Seg\u00fan su versi\u00f3n, cuatro personas estaban por debajo de \u00e9l en la estructura que particip\u00f3 en el atentado, dos de ellas de nacionalidad colombiana y dos brasile\u00f1as.<br><br>Tambi\u00e9n afirm\u00f3 que exist\u00edan entre dos y tres personas por encima de \u00e9l, a quienes se\u00f1al\u00f3 como quienes habr\u00edan pagado y ordenado ejecutar el ataque. Estas afirmaciones corresponden exclusivamente a la versi\u00f3n difundida por el pr\u00f3fugo y deber\u00e1n ser contrastadas por los investigadores.<br><br>El hombre asegur\u00f3 que fue contactado telef\u00f3nicamente para participar en el operativo y mencion\u00f3 a dos personas a las que identific\u00f3 con los alias o nombres de \u201cTo\u00f1o\u201d y \u201cChino\u201d. Seg\u00fan su relato, \u201cTo\u00f1o\u201d trabajar\u00eda en la Gobernaci\u00f3n de Cochabamba, mientras que \u201cChino\u201d estar\u00eda vinculado a labores de seguridad y habr\u00eda participado en el seguimiento y la inteligencia sobre Beller.<br><br>El colombiano afirm\u00f3 que fue convocado en dos oportunidades a Bulo Bulo. La primera, dijo, fue para recibir tel\u00e9fonos e informaci\u00f3n relacionada con el atentado y la segunda para recoger dinero y recibir nuevas instrucciones.<br><br>La identidad y eventual participaci\u00f3n de las personas mencionadas no fueron establecidas en el video y deber\u00e1n ser verificadas por la Fiscal\u00eda y la Polic\u00eda.<\/p>\n\n\n\n<p>Afirma que el objetivo no era matar a Beller<br><br>Uno de los principales elementos de su declaraci\u00f3n es su versi\u00f3n sobre el supuesto objetivo del ataque. El colombiano asegur\u00f3 que, inicialmente, la intenci\u00f3n no era matar a Beller, sino darle \u201cun susto\u201d, y que el objetivo principal habr\u00eda sido otra persona de nacionalidad argentina, que presuntamente seria Fernando Cerimedo.<br><br>\u201cMe dijeron que el objetivo principal, desde que se empez\u00f3 esto, era no matar a esa se\u00f1ora, a la choca. No hab\u00eda que matar a esa se\u00f1ora, solo hab\u00eda que pegarle un susto, el prop\u00f3sito era matar a otra persona que es extranjera, una persona de nacionalidad argentina\u201d, afirm\u00f3 el colombiano,<br><br>A\u00f1adi\u00f3 que, despu\u00e9s de que la v\u00edctima quedara en el piso, la instrucci\u00f3n habr\u00eda sido \u00fanicamente sustraerle la cartera y no rematarla ni quitarle sus tel\u00e9fonos celulares. La versi\u00f3n deber\u00e1 ser confrontada con los elementos colectados por la Fiscal\u00eda en la investigaci\u00f3n del atentado.<\/p>\n\n\n\n<p>Durante el video, el colombiano tambi\u00e9n defendi\u00f3 a Roger A. C. y Paula Andrea V., ambos detenidos en la c\u00e1rcel de Palmasola, tras ser acusados de conseguir el arma de fuego utilizada para atentar contra Nadia Beller.<br><br>Afirm\u00f3 que Roger es \u201ctotalmente inocente\u201d y sostuvo que Paula Andrea, a quien identific\u00f3 como su esposa, tampoco tendr\u00eda participaci\u00f3n en el atentado. Tambi\u00e9n neg\u00f3 que su supuesto jefe, al que identific\u00f3 como un ingeniero agr\u00f3nomo, estuviera involucrado en el hecho.<br><br>Sus declaraciones se producen despu\u00e9s de que la Fiscal\u00eda emitiera \u00f3rdenes de aprehensi\u00f3n contra presuntos implicados y mientras contin\u00faa la investigaci\u00f3n para establecer los distintos niveles de participaci\u00f3n en el ataque.<br><br>El colombiano asegur\u00f3 que actualmente se encuentra escondido y que teme por su vida debido a que, seg\u00fan afirm\u00f3, las personas que lo habr\u00edan contratado podr\u00edan intentar silenciarlo. \u201cEn estos momentos yo temo por mi vida\u201d, manifest\u00f3.<br><br>El pr\u00f3fugo sostuvo que quienes supuestamente ordenaron el atentado tendr\u00edan \u201cbastante poder\u201d y \u201cbastantes hilos pol\u00edticos\u201d, por lo que expres\u00f3 su temor de que una eventual entrega a las autoridades termine exponi\u00e9ndolo a sus propios contratantes.<br><br>Por ello, pidi\u00f3 garant\u00edas para una eventual entrega y dijo que evaluar\u00e1 presentarse ante las autoridades cuando considere que est\u00e1n garantizadas su vida, integridad y el debido proceso.<\/p>\n\n\n\n<p>Beller responde: \u201cCerimedo intenta instalar una nueva narrativa\u201d<br><br>Tras la difusi\u00f3n del video, Nadia Beller rechaz\u00f3 la versi\u00f3n del pr\u00f3fugo y sostuvo que se trata de un intento por desviar la investigaci\u00f3n sobre la presunta responsabilidad intelectual de Fernando Cerimedo. \u201cFernando Cerimedo intenta instalar una nueva narrativa para desviar la atenci\u00f3n sobre su responsabilidad intelectual en este atentado contra mi vida\u201d, afirm\u00f3 Beller.<br><br>La v\u00edctima sostuvo adem\u00e1s que el relato difundido contradice elementos que, seg\u00fan se\u00f1al\u00f3, ya forman parte de la investigaci\u00f3n y afirm\u00f3 que incluso la esposa del colombiano lo habr\u00eda se\u00f1alado anteriormente como autor material.<br><br>Beller tambi\u00e9n inform\u00f3 que ampli\u00f3 su declaraci\u00f3n ante el Ministerio P\u00fablico y que entreg\u00f3 nuevos elementos relacionados con supuestas comunicaciones y gestiones de Cerimedo antes del ataque.<\/p>\n\n\n\n<p>Seg\u00fan su versi\u00f3n, Cerimedo habr\u00eda insistido en que se reuniera con determinadas personas, la habr\u00eda presionado para obtener una supuesta \u201cprueba\u201d y habr\u00eda ofrecido colocarle escoltas.<\/p>\n\n\n\n<p>Fuente: El Deber <\/p>\n","protected":false},"excerpt":{"rendered":"<p>1 de septiembre.- Tras la difusi\u00f3n del video, Nadia Beller rechaz\u00f3 la versi\u00f3n del pr\u00f3fugo y sostuvo que se trata de un intento por desviar la investigaci\u00f3n sobre la presunta responsabilidad intelectual de Fernando Cerimedo. Un ciudadano colombiano identificado con el alias de \u2018Juancho\u2019, sindicado por la Polic\u00eda de ser uno de los presuntos sicarios&#8230;<\/p>\n","protected":false},"author":12,"featured_media":15422,"comment_status":"open","ping_status":"open","sticky":false,"template":"","format":"standard","meta":{"_jetpack_memberships_contains_paid_content":false,"footnotes":"","jetpack_publicize_message":"","jetpack_publicize_feature_enabled":true,"jetpack_social_post_already_shared":true,"jetpack_social_options":{"image_generator_settings":{"template":"highway","enabled":false},"version":2}},"categories":[1,15],"tags":[3994,7,3868,3993,233,3688,3807,86],"class_list":["post-15423","post","type-post","status-publish","format-standard","has-post-thumbnail","hentry","category-bolivia","category-seguridad","tag-autor","tag-bolivia","tag-caso-nadia-beller","tag-colombiano","tag-crimen","tag-ex-pareja","tag-fernando-cerimedo","tag-investigacion"],"jetpack_publicize_connections":[],"yoast_head":"<!-- This site is optimized with the Yoast SEO plugin v23.4 - https:\/\/yoast.com\/wordpress\/plugins\/seo\/ -->\n<title>APARECE PRESUNTO SICARIO DEL CASO BELLER: \u201cEL OBJETIVO ERA DARLE UN SUSTO A LA SE\u00d1ORA Y MATAR AL ARGENTINO\u201d - innoticiasbo.com<\/title>\n<meta name=\"robots\" content=\"index, follow, max-snippet:-1, max-image-preview:large, max-video-preview:-1\" \/>\n<link rel=\"canonical\" href=\"https:\/\/innoticiasbo.com\/index.php\/2026\/09\/01\/aparece-presunto-sicario-del-caso-beller-el-objetivo-era-darle-un-susto-a-la-senora-y-matar-al-argentino\/\" \/>\n<meta property=\"og:locale\" content=\"es_ES\" \/>\n<meta property=\"og:type\" content=\"article\" \/>\n<meta property=\"og:title\" content=\"APARECE PRESUNTO SICARIO DEL CASO BELLER: \u201cEL OBJETIVO ERA DARLE UN SUSTO A LA SE\u00d1ORA Y MATAR AL ARGENTINO\u201d - innoticiasbo.com\" \/>\n<meta property=\"og:description\" content=\"1 de septiembre.- Tras la difusi\u00f3n del video, Nadia Beller rechaz\u00f3 la versi\u00f3n del pr\u00f3fugo y sostuvo que se trata de un intento por desviar la investigaci\u00f3n sobre la presunta responsabilidad intelectual de Fernando Cerimedo. Un ciudadano colombiano identificado con el alias de \u2018Juancho\u2019, sindicado por la Polic\u00eda de ser uno de los presuntos sicarios...\" \/>\n<meta property=\"og:url\" content=\"https:\/\/innoticiasbo.com\/index.php\/2026\/09\/01\/aparece-presunto-sicario-del-caso-beller-el-objetivo-era-darle-un-susto-a-la-senora-y-matar-al-argentino\/\" \/>\n<meta property=\"og:site_name\" content=\"innoticiasbo.com\" \/>\n<meta property=\"article:publisher\" content=\"https:\/\/www.facebook.com\/innoticiasbolivia\" \/>\n<meta property=\"article:published_time\" content=\"2026-09-01T11:59:44+00:00\" \/>\n<meta property=\"article:modified_time\" content=\"2026-09-01T12:00:42+00:00\" \/>\n<meta property=\"og:image\" content=\"https:\/\/i0.wp.com\/innoticiasbo.com\/wp-content\/uploads\/2026\/09\/image_editor_output_image-1770905614-1788264022912.jpg?fit=1000%2C558&ssl=1\" \/>\n\t<meta property=\"og:image:width\" content=\"1000\" \/>\n\t<meta property=\"og:image:height\" content=\"558\" \/>\n\t<meta property=\"og:image:type\" content=\"image\/jpeg\" \/>\n<meta name=\"author\" content=\"Jason Gonzales\" \/>\n<meta name=\"twitter:card\" content=\"summary_large_image\" \/>\n<meta name=\"twitter:creator\" content=\"@innoticiasbo\" \/>\n<meta name=\"twitter:site\" content=\"@innoticiasbo\" \/>\n<meta name=\"twitter:label1\" content=\"Escrito por\" \/>\n\t<meta name=\"twitter:data1\" content=\"Jason Gonzales\" \/>\n\t<meta name=\"twitter:label2\" content=\"Tiempo de lectura\" \/>\n\t<meta name=\"twitter:data2\" content=\"5 minutos\" \/>\n<script type=\"application\/ld+json\" class=\"yoast-schema-graph\">{\"@context\":\"https:\/\/schema.org\",\"@graph\":[{\"@type\":\"Article\",\"@id\":\"https:\/\/innoticiasbo.com\/index.php\/2026\/09\/01\/aparece-presunto-sicario-del-caso-beller-el-objetivo-era-darle-un-susto-a-la-senora-y-matar-al-argentino\/#article\",\"isPartOf\":{\"@id\":\"https:\/\/innoticiasbo.com\/index.php\/2026\/09\/01\/aparece-presunto-sicario-del-caso-beller-el-objetivo-era-darle-un-susto-a-la-senora-y-matar-al-argentino\/\"},\"author\":{\"name\":\"Jason Gonzales\",\"@id\":\"https:\/\/innoticiasbo.com\/#\/schema\/person\/9af0c49836719fb5d47b55cc879140ce\"},\"headline\":\"APARECE PRESUNTO SICARIO DEL CASO BELLER: \u201cEL OBJETIVO ERA DARLE UN SUSTO A LA SE\u00d1ORA Y MATAR AL ARGENTINO\u201d\",\"datePublished\":\"2026-09-01T11:59:44+00:00\",\"dateModified\":\"2026-09-01T12:00:42+00:00\",\"mainEntityOfPage\":{\"@id\":\"https:\/\/innoticiasbo.com\/index.php\/2026\/09\/01\/aparece-presunto-sicario-del-caso-beller-el-objetivo-era-darle-un-susto-a-la-senora-y-matar-al-argentino\/\"},\"wordCount\":1068,\"commentCount\":0,\"publisher\":{\"@id\":\"https:\/\/innoticiasbo.com\/#organization\"},\"image\":{\"@id\":\"https:\/\/innoticiasbo.com\/index.php\/2026\/09\/01\/aparece-presunto-sicario-del-caso-beller-el-objetivo-era-darle-un-susto-a-la-senora-y-matar-al-argentino\/#primaryimage\"},\"thumbnailUrl\":\"https:\/\/i0.wp.com\/innoticiasbo.com\/wp-content\/uploads\/2026\/09\/image_editor_output_image-1770905614-1788264022912.jpg?fit=1000%2C558&ssl=1\",\"keywords\":[\"Autor\",\"Bolivia\",\"Caso Nadia Beller\",\"Colombiano\",\"crimen\",\"Ex pareja\",\"Fernando Cerimedo\",\"investigaci\u00f3n\"],\"articleSection\":[\"Bolivia\",\"Seguridad\"],\"inLanguage\":\"es\",\"potentialAction\":[{\"@type\":\"CommentAction\",\"name\":\"Comment\",\"target\":[\"https:\/\/innoticiasbo.com\/index.php\/2026\/09\/01\/aparece-presunto-sicario-del-caso-beller-el-objetivo-era-darle-un-susto-a-la-senora-y-matar-al-argentino\/#respond\"]}]},{\"@type\":\"WebPage\",\"@id\":\"https:\/\/innoticiasbo.com\/index.php\/2026\/09\/01\/aparece-presunto-sicario-del-caso-beller-el-objetivo-era-darle-un-susto-a-la-senora-y-matar-al-argentino\/\",\"url\":\"https:\/\/innoticiasbo.com\/index.php\/2026\/09\/01\/aparece-presunto-sicario-del-caso-beller-el-objetivo-era-darle-un-susto-a-la-senora-y-matar-al-argentino\/\",\"name\":\"APARECE PRESUNTO SICARIO DEL CASO BELLER: \u201cEL OBJETIVO ERA DARLE UN SUSTO A LA SE\u00d1ORA Y MATAR AL ARGENTINO\u201d - innoticiasbo.com\",\"isPartOf\":{\"@id\":\"https:\/\/innoticiasbo.com\/#website\"},\"primaryImageOfPage\":{\"@id\":\"https:\/\/innoticiasbo.com\/index.php\/2026\/09\/01\/aparece-presunto-sicario-del-caso-beller-el-objetivo-era-darle-un-susto-a-la-senora-y-matar-al-argentino\/#primaryimage\"},\"image\":{\"@id\":\"https:\/\/innoticiasbo.com\/index.php\/2026\/09\/01\/aparece-presunto-sicario-del-caso-beller-el-objetivo-era-darle-un-susto-a-la-senora-y-matar-al-argentino\/#primaryimage\"},\"thumbnailUrl\":\"https:\/\/i0.wp.com\/innoticiasbo.com\/wp-content\/uploads\/2026\/09\/image_editor_output_image-1770905614-1788264022912.jpg?fit=1000%2C558&ssl=1\",\"datePublished\":\"2026-09-01T11:59:44+00:00\",\"dateModified\":\"2026-09-01T12:00:42+00:00\",\"breadcrumb\":{\"@id\":\"https:\/\/innoticiasbo.com\/index.php\/2026\/09\/01\/aparece-presunto-sicario-del-caso-beller-el-objetivo-era-darle-un-susto-a-la-senora-y-matar-al-argentino\/#breadcrumb\"},\"inLanguage\":\"es\",\"potentialAction\":[{\"@type\":\"ReadAction\",\"target\":[\"https:\/\/innoticiasbo.com\/index.php\/2026\/09\/01\/aparece-presunto-sicario-del-caso-beller-el-objetivo-era-darle-un-susto-a-la-senora-y-matar-al-argentino\/\"]}]},{\"@type\":\"ImageObject\",\"inLanguage\":\"es\",\"@id\":\"https:\/\/innoticiasbo.com\/index.php\/2026\/09\/01\/aparece-presunto-sicario-del-caso-beller-el-objetivo-era-darle-un-susto-a-la-senora-y-matar-al-argentino\/#primaryimage\",\"url\":\"https:\/\/i0.wp.com\/innoticiasbo.com\/wp-content\/uploads\/2026\/09\/image_editor_output_image-1770905614-1788264022912.jpg?fit=1000%2C558&ssl=1\",\"contentUrl\":\"https:\/\/i0.wp.com\/innoticiasbo.com\/wp-content\/uploads\/2026\/09\/image_editor_output_image-1770905614-1788264022912.jpg?fit=1000%2C558&ssl=1\",\"width\":1000,\"height\":558},{\"@type\":\"BreadcrumbList\",\"@id\":\"https:\/\/innoticiasbo.com\/index.php\/2026\/09\/01\/aparece-presunto-sicario-del-caso-beller-el-objetivo-era-darle-un-susto-a-la-senora-y-matar-al-argentino\/#breadcrumb\",\"itemListElement\":[{\"@type\":\"ListItem\",\"position\":1,\"name\":\"Portada\",\"item\":\"https:\/\/innoticiasbo.com\/\"},{\"@type\":\"ListItem\",\"position\":2,\"name\":\"APARECE PRESUNTO SICARIO DEL CASO BELLER: \u201cEL OBJETIVO ERA DARLE UN SUSTO A LA SE\u00d1ORA Y MATAR AL ARGENTINO\u201d\"}]},{\"@type\":\"WebSite\",\"@id\":\"https:\/\/innoticiasbo.com\/#website\",\"url\":\"https:\/\/innoticiasbo.com\/\",\"name\":\"innoticiasbo.com\",\"description\":\"\",\"publisher\":{\"@id\":\"https:\/\/innoticiasbo.com\/#organization\"},\"potentialAction\":[{\"@type\":\"SearchAction\",\"target\":{\"@type\":\"EntryPoint\",\"urlTemplate\":\"https:\/\/innoticiasbo.com\/?s={search_term_string}\"},\"query-input\":{\"@type\":\"PropertyValueSpecification\",\"valueRequired\":true,\"valueName\":\"search_term_string\"}}],\"inLanguage\":\"es\"},{\"@type\":\"Organization\",\"@id\":\"https:\/\/innoticiasbo.com\/#organization\",\"name\":\"innoticiasbo.com\",\"url\":\"https:\/\/innoticiasbo.com\/\",\"logo\":{\"@type\":\"ImageObject\",\"inLanguage\":\"es\",\"@id\":\"https:\/\/innoticiasbo.com\/#\/schema\/logo\/image\/\",\"url\":\"https:\/\/i0.wp.com\/innoticiasbo.com\/wp-content\/uploads\/2026\/04\/cropped-IN-LOGO.png?fit=1476%2C1476&ssl=1\",\"contentUrl\":\"https:\/\/i0.wp.com\/innoticiasbo.com\/wp-content\/uploads\/2026\/04\/cropped-IN-LOGO.png?fit=1476%2C1476&ssl=1\",\"width\":1476,\"height\":1476,\"caption\":\"innoticiasbo.com\"},\"image\":{\"@id\":\"https:\/\/innoticiasbo.com\/#\/schema\/logo\/image\/\"},\"sameAs\":[\"https:\/\/www.facebook.com\/innoticiasbolivia\",\"https:\/\/x.com\/innoticiasbo\",\"https:\/\/www.instagram.com\/innoticiasbo\",\"https:\/\/www.youtube.com\/innoticiasbo\"]},{\"@type\":\"Person\",\"@id\":\"https:\/\/innoticiasbo.com\/#\/schema\/person\/9af0c49836719fb5d47b55cc879140ce\",\"name\":\"Jason Gonzales\",\"image\":{\"@type\":\"ImageObject\",\"inLanguage\":\"es\",\"@id\":\"https:\/\/innoticiasbo.com\/#\/schema\/person\/image\/\",\"url\":\"https:\/\/secure.gravatar.com\/avatar\/ff64cacc93e8658997d62d298b4dff23?s=96&d=mm&r=g\",\"contentUrl\":\"https:\/\/secure.gravatar.com\/avatar\/ff64cacc93e8658997d62d298b4dff23?s=96&d=mm&r=g\",\"caption\":\"Jason Gonzales\"},\"sameAs\":[\"http:\/\/www.innoticiasbo.com\"],\"url\":\"https:\/\/innoticiasbo.com\/index.php\/author\/prensa-8\/\"}]}<\/script>\n<!-- \/ Yoast SEO plugin. -->","yoast_head_json":{"title":"APARECE PRESUNTO SICARIO DEL CASO BELLER: \u201cEL OBJETIVO ERA DARLE UN SUSTO A LA SE\u00d1ORA Y MATAR AL ARGENTINO\u201d - innoticiasbo.com","robots":{"index":"index","follow":"follow","max-snippet":"max-snippet:-1","max-image-preview":"max-image-preview:large","max-video-preview":"max-video-preview:-1"},"canonical":"https:\/\/innoticiasbo.com\/index.php\/2026\/09\/01\/aparece-presunto-sicario-del-caso-beller-el-objetivo-era-darle-un-susto-a-la-senora-y-matar-al-argentino\/","og_locale":"es_ES","og_type":"article","og_title":"APARECE PRESUNTO SICARIO DEL CASO BELLER: \u201cEL OBJETIVO ERA DARLE UN SUSTO A LA SE\u00d1ORA Y MATAR AL ARGENTINO\u201d - innoticiasbo.com","og_description":"1 de septiembre.- Tras la difusi\u00f3n del video, Nadia Beller rechaz\u00f3 la versi\u00f3n del pr\u00f3fugo y sostuvo que se trata de un intento por desviar la investigaci\u00f3n sobre la presunta responsabilidad intelectual de Fernando Cerimedo. Un ciudadano colombiano identificado con el alias de \u2018Juancho\u2019, sindicado por la Polic\u00eda de ser uno de los presuntos sicarios...","og_url":"https:\/\/innoticiasbo.com\/index.php\/2026\/09\/01\/aparece-presunto-sicario-del-caso-beller-el-objetivo-era-darle-un-susto-a-la-senora-y-matar-al-argentino\/","og_site_name":"innoticiasbo.com","article_publisher":"https:\/\/www.facebook.com\/innoticiasbolivia","article_published_time":"2026-09-01T11:59:44+00:00","article_modified_time":"2026-09-01T12:00:42+00:00","og_image":[{"width":1000,"height":558,"url":"https:\/\/i0.wp.com\/innoticiasbo.com\/wp-content\/uploads\/2026\/09\/image_editor_output_image-1770905614-1788264022912.jpg?fit=1000%2C558&ssl=1","type":"image\/jpeg"}],"author":"Jason Gonzales","twitter_card":"summary_large_image","twitter_creator":"@innoticiasbo","twitter_site":"@innoticiasbo","twitter_misc":{"Escrito por":"Jason Gonzales","Tiempo de lectura":"5 minutos"},"schema":{"@context":"https:\/\/schema.org","@graph":[{"@type":"Article","@id":"https:\/\/innoticiasbo.com\/index.php\/2026\/09\/01\/aparece-presunto-sicario-del-caso-beller-el-objetivo-era-darle-un-susto-a-la-senora-y-matar-al-argentino\/#article","isPartOf":{"@id":"https:\/\/innoticiasbo.com\/index.php\/2026\/09\/01\/aparece-presunto-sicario-del-caso-beller-el-objetivo-era-darle-un-susto-a-la-senora-y-matar-al-argentino\/"},"author":{"name":"Jason Gonzales","@id":"https:\/\/innoticiasbo.com\/#\/schema\/person\/9af0c49836719fb5d47b55cc879140ce"},"headline":"APARECE PRESUNTO SICARIO DEL CASO BELLER: \u201cEL OBJETIVO ERA DARLE UN SUSTO A LA SE\u00d1ORA Y MATAR AL ARGENTINO\u201d","datePublished":"2026-09-01T11:59:44+00:00","dateModified":"2026-09-01T12:00:42+00:00","mainEntityOfPage":{"@id":"https:\/\/innoticiasbo.com\/index.php\/2026\/09\/01\/aparece-presunto-sicario-del-caso-beller-el-objetivo-era-darle-un-susto-a-la-senora-y-matar-al-argentino\/"},"wordCount":1068,"commentCount":0,"publisher":{"@id":"https:\/\/innoticiasbo.com\/#organization"},"image":{"@id":"https:\/\/innoticiasbo.com\/index.php\/2026\/09\/01\/aparece-presunto-sicario-del-caso-beller-el-objetivo-era-darle-un-susto-a-la-senora-y-matar-al-argentino\/#primaryimage"},"thumbnailUrl":"https:\/\/i0.wp.com\/innoticiasbo.com\/wp-content\/uploads\/2026\/09\/image_editor_output_image-1770905614-1788264022912.jpg?fit=1000%2C558&ssl=1","keywords":["Autor","Bolivia","Caso Nadia Beller","Colombiano","crimen","Ex pareja","Fernando Cerimedo","investigaci\u00f3n"],"articleSection":["Bolivia","Seguridad"],"inLanguage":"es","potentialAction":[{"@type":"CommentAction","name":"Comment","target":["https:\/\/innoticiasbo.com\/index.php\/2026\/09\/01\/aparece-presunto-sicario-del-caso-beller-el-objetivo-era-darle-un-susto-a-la-senora-y-matar-al-argentino\/#respond"]}]},{"@type":"WebPage","@id":"https:\/\/innoticiasbo.com\/index.php\/2026\/09\/01\/aparece-presunto-sicario-del-caso-beller-el-objetivo-era-darle-un-susto-a-la-senora-y-matar-al-argentino\/","url":"https:\/\/innoticiasbo.com\/index.php\/2026\/09\/01\/aparece-presunto-sicario-del-caso-beller-el-objetivo-era-darle-un-susto-a-la-senora-y-matar-al-argentino\/","name":"APARECE PRESUNTO SICARIO DEL CASO BELLER: \u201cEL OBJETIVO ERA DARLE UN SUSTO A LA SE\u00d1ORA Y MATAR AL ARGENTINO\u201d - innoticiasbo.com","isPartOf":{"@id":"https:\/\/innoticiasbo.com\/#website"},"primaryImageOfPage":{"@id":"https:\/\/innoticiasbo.com\/index.php\/2026\/09\/01\/aparece-presunto-sicario-del-caso-beller-el-objetivo-era-darle-un-susto-a-la-senora-y-matar-al-argentino\/#primaryimage"},"image":{"@id":"https:\/\/innoticiasbo.com\/index.php\/2026\/09\/01\/aparece-presunto-sicario-del-caso-beller-el-objetivo-era-darle-un-susto-a-la-senora-y-matar-al-argentino\/#primaryimage"},"thumbnailUrl":"https:\/\/i0.wp.com\/innoticiasbo.com\/wp-content\/uploads\/2026\/09\/image_editor_output_image-1770905614-1788264022912.jpg?fit=1000%2C558&ssl=1","datePublished":"2026-09-01T11:59:44+00:00","dateModified":"2026-09-01T12:00:42+00:00","breadcrumb":{"@id":"https:\/\/innoticiasbo.com\/index.php\/2026\/09\/01\/aparece-presunto-sicario-del-caso-beller-el-objetivo-era-darle-un-susto-a-la-senora-y-matar-al-argentino\/#breadcrumb"},"inLanguage":"es","potentialAction":[{"@type":"ReadAction","target":["https:\/\/innoticiasbo.com\/index.php\/2026\/09\/01\/aparece-presunto-sicario-del-caso-beller-el-objetivo-era-darle-un-susto-a-la-senora-y-matar-al-argentino\/"]}]},{"@type":"ImageObject","inLanguage":"es","@id":"https:\/\/innoticiasbo.com\/index.php\/2026\/09\/01\/aparece-presunto-sicario-del-caso-beller-el-objetivo-era-darle-un-susto-a-la-senora-y-matar-al-argentino\/#primaryimage","url":"https:\/\/i0.wp.com\/innoticiasbo.com\/wp-content\/uploads\/2026\/09\/image_editor_output_image-1770905614-1788264022912.jpg?fit=1000%2C558&ssl=1","contentUrl":"https:\/\/i0.wp.com\/innoticiasbo.com\/wp-content\/uploads\/2026\/09\/image_editor_output_image-1770905614-1788264022912.jpg?fit=1000%2C558&ssl=1","width":1000,"height":558},{"@type":"BreadcrumbList","@id":"https:\/\/innoticiasbo.com\/index.php\/2026\/09\/01\/aparece-presunto-sicario-del-caso-beller-el-objetivo-era-darle-un-susto-a-la-senora-y-matar-al-argentino\/#breadcrumb","itemListElement":[{"@type":"ListItem","position":1,"name":"Portada","item":"https:\/\/innoticiasbo.com\/"},{"@type":"ListItem","position":2,"name":"APARECE PRESUNTO SICARIO DEL CASO BELLER: \u201cEL OBJETIVO ERA DARLE UN SUSTO A LA SE\u00d1ORA Y MATAR AL ARGENTINO\u201d"}]},{"@type":"WebSite","@id":"https:\/\/innoticiasbo.com\/#website","url":"https:\/\/innoticiasbo.com\/","name":"innoticiasbo.com","description":"","publisher":{"@id":"https:\/\/innoticiasbo.com\/#organization"},"potentialAction":[{"@type":"SearchAction","target":{"@type":"EntryPoint","urlTemplate":"https:\/\/innoticiasbo.com\/?s={search_term_string}"},"query-input":{"@type":"PropertyValueSpecification","valueRequired":true,"valueName":"search_term_string"}}],"inLanguage":"es"},{"@type":"Organization","@id":"https:\/\/innoticiasbo.com\/#organization","name":"innoticiasbo.com","url":"https:\/\/innoticiasbo.com\/","logo":{"@type":"ImageObject","inLanguage":"es","@id":"https:\/\/innoticiasbo.com\/#\/schema\/logo\/image\/","url":"https:\/\/i0.wp.com\/innoticiasbo.com\/wp-content\/uploads\/2026\/04\/cropped-IN-LOGO.png?fit=1476%2C1476&ssl=1","contentUrl":"https:\/\/i0.wp.com\/innoticiasbo.com\/wp-content\/uploads\/2026\/04\/cropped-IN-LOGO.png?fit=1476%2C1476&ssl=1","width":1476,"height":1476,"caption":"innoticiasbo.com"},"image":{"@id":"https:\/\/innoticiasbo.com\/#\/schema\/logo\/image\/"},"sameAs":["https:\/\/www.facebook.com\/innoticiasbolivia","https:\/\/x.com\/innoticiasbo","https:\/\/www.instagram.com\/innoticiasbo","https:\/\/www.youtube.com\/innoticiasbo"]},{"@type":"Person","@id":"https:\/\/innoticiasbo.com\/#\/schema\/person\/9af0c49836719fb5d47b55cc879140ce","name":"Jason Gonzales","image":{"@type":"ImageObject","inLanguage":"es","@id":"https:\/\/innoticiasbo.com\/#\/schema\/person\/image\/","url":"https:\/\/secure.gravatar.com\/avatar\/ff64cacc93e8658997d62d298b4dff23?s=96&d=mm&r=g","contentUrl":"https:\/\/secure.gravatar.com\/avatar\/ff64cacc93e8658997d62d298b4dff23?s=96&d=mm&r=g","caption":"Jason Gonzales"},"sameAs":["http:\/\/www.innoticiasbo.com"],"url":"https:\/\/innoticiasbo.com\/index.php\/author\/prensa-8\/"}]}},"jetpack_featured_media_url":"https:\/\/i0.wp.com\/innoticiasbo.com\/wp-content\/uploads\/2026\/09\/image_editor_output_image-1770905614-1788264022912.jpg?fit=1000%2C558&ssl=1","jetpack_likes_enabled":true,"jetpack_sharing_enabled":true,"jetpack_shortlink":"https:\/\/wp.me\/pg298x-40L","_links":{"self":[{"href":"https:\/\/innoticiasbo.com\/index.php\/wp-json\/wp\/v2\/posts\/15423","targetHints":{"allow":["GET"]}}],"collection":[{"href":"https:\/\/innoticiasbo.com\/index.php\/wp-json\/wp\/v2\/posts"}],"about":[{"href":"https:\/\/innoticiasbo.com\/index.php\/wp-json\/wp\/v2\/types\/post"}],"author":[{"embeddable":true,"href":"https:\/\/innoticiasbo.com\/index.php\/wp-json\/wp\/v2\/users\/12"}],"replies":[{"embeddable":true,"href":"https:\/\/innoticiasbo.com\/index.php\/wp-json\/wp\/v2\/comments?post=15423"}],"version-history":[{"count":1,"href":"https:\/\/innoticiasbo.com\/index.php\/wp-json\/wp\/v2\/posts\/15423\/revisions"}],"predecessor-version":[{"id":15424,"href":"https:\/\/innoticiasbo.com\/index.php\/wp-json\/wp\/v2\/posts\/15423\/revisions\/15424"}],"wp:featuredmedia":[{"embeddable":true,"href":"https:\/\/innoticiasbo.com\/index.php\/wp-json\/wp\/v2\/media\/15422"}],"wp:attachment":[{"href":"https:\/\/innoticiasbo.com\/index.php\/wp-json\/wp\/v2\/media?parent=15423"}],"wp:term":[{"taxonomy":"category","embeddable":true,"href":"https:\/\/innoticiasbo.com\/index.php\/wp-json\/wp\/v2\/categories?post=15423"},{"taxonomy":"post_tag","embeddable":true,"href":"https:\/\/innoticiasbo.com\/index.php\/wp-json\/wp\/v2\/tags?post=15423"}],"curies":[{"name":"wp","href":"https:\/\/api.w.org\/{rel}","templated":true}]}}