{"id":15411,"date":"2026-08-31T10:10:09","date_gmt":"2026-08-31T14:10:09","guid":{"rendered":"https:\/\/innoticiasbo.com\/?p=15411"},"modified":"2026-08-31T10:12:17","modified_gmt":"2026-08-31T14:12:17","slug":"hombre-acribillado-en-el-tropico-tenia-antecedentes-por-narcotrafico","status":"publish","type":"post","link":"https:\/\/innoticiasbo.com\/index.php\/2026\/08\/31\/hombre-acribillado-en-el-tropico-tenia-antecedentes-por-narcotrafico\/","title":{"rendered":"HOMBRE ACRIBILLADO EN EL TR\u00d3PICO TEN\u00cdA ANTECEDENTES POR NARCOTR\u00c1FICO"},"content":{"rendered":"\n<figure class=\"wp-block-image size-large\"><img data-recalc-dims=\"1\" loading=\"lazy\" decoding=\"async\" width=\"640\" height=\"274\" src=\"https:\/\/i0.wp.com\/innoticiasbo.com\/wp-content\/uploads\/2026\/08\/image_editor_output_image-912008491-17881853630895814828505277999968.jpg?resize=640%2C274&#038;ssl=1\" alt=\"\" class=\"wp-image-15409\" srcset=\"https:\/\/i0.wp.com\/innoticiasbo.com\/wp-content\/uploads\/2026\/08\/image_editor_output_image-912008491-17881853630895814828505277999968.jpg?w=996&amp;ssl=1 996w, https:\/\/i0.wp.com\/innoticiasbo.com\/wp-content\/uploads\/2026\/08\/image_editor_output_image-912008491-17881853630895814828505277999968.jpg?resize=300%2C128&amp;ssl=1 300w, https:\/\/i0.wp.com\/innoticiasbo.com\/wp-content\/uploads\/2026\/08\/image_editor_output_image-912008491-17881853630895814828505277999968.jpg?resize=768%2C328&amp;ssl=1 768w\" sizes=\"auto, (max-width: 640px) 100vw, 640px\" \/><\/figure>\n\n\n\n<p>31 de agosto.- El hombre asesinado en la poblaci\u00f3n de R\u00edo Blanco, municipio de Entre R\u00edos en el Tr\u00f3pico cochabambino, con 23 disparos, ten\u00eda antecedentes por narcotr\u00e1fico, seg\u00fan el reporte policial.<br><br>La Polic\u00eda investiga el hecho que ocurri\u00f3 la madrugada del domingo, cuando el hombre de 34 a\u00f1os recibi\u00f3 varios impactos de bala por dos sujetos que estaban a bordo de una motocicleta.<br><br>\u201cNos anoticiamos de la del deceso de una persona que hab\u00eda sufrido el impacto de 23 tiros en el cuerpo en circunstancias en que este estaba por comprar una caja de cervezas en una licorer\u00eda. Es interceptado por dos personas en una motocicleta, quienes le impactan con proyectiles de arma de fuego y le quitan la vida\u201d, dijo en Unitel Erick Peralta, director de la Fuerza Especial de Lucha contra el Crimen (FELCC).<br><br>El informe policial da cuenta de que la v\u00edctima recibi\u00f3 m\u00e1s de 20 impactos de bala en el cuerpo. Asimismo, se confirm\u00f3 que el hombre ten\u00eda antecedentes por hechos ligados al narcotr\u00e1fico.<\/p>\n\n\n\n<p>\u201cEl m\u00f3vil aparentemente ser\u00eda en virtud de que este se\u00f1or tiene antecedentes por narcotr\u00e1fico. Una persona de 34 a\u00f1os que tiene denuncias por tema de sustancias controladas. Entonces, bajo ese bajo ese punto se va a empezar las investigaciones\u201d, remarc\u00f3 la autoridad.<br><br>La tienda donde el hombre estaba comprando bebidas alcoh\u00f3licas ten\u00eda c\u00e1maras de seguridad; sin embargo, los atacantes obligaron a borrar las grabaciones.<br><br>El caso contin\u00faa en investigaci\u00f3n mientras se busca identificar y dar con el paradero de los responsables del hecho.<\/p>\n\n\n\n<p>Fuente: La Raz\u00f3n <\/p>\n","protected":false},"excerpt":{"rendered":"<p>31 de agosto.- El hombre asesinado en la poblaci\u00f3n de R\u00edo Blanco, municipio de Entre R\u00edos en el Tr\u00f3pico cochabambino, con 23 disparos, ten\u00eda antecedentes por narcotr\u00e1fico, seg\u00fan el reporte policial. La Polic\u00eda investiga el hecho que ocurri\u00f3 la madrugada del domingo, cuando el hombre de 34 a\u00f1os recibi\u00f3 varios impactos de bala por dos&#8230;<\/p>\n","protected":false},"author":12,"featured_media":15410,"comment_status":"open","ping_status":"open","sticky":false,"template":"","format":"standard","meta":{"_jetpack_memberships_contains_paid_content":false,"footnotes":"","jetpack_publicize_message":"","jetpack_publicize_feature_enabled":true,"jetpack_social_post_already_shared":true,"jetpack_social_options":{"image_generator_settings":{"template":"highway","enabled":false},"version":2}},"categories":[1,15],"tags":[1326,7,233,177,86,565,235,406],"class_list":["post-15411","post","type-post","status-publish","format-standard","has-post-thumbnail","hentry","category-bolivia","category-seguridad","tag-acribillado","tag-bolivia","tag-crimen","tag-gobierno","tag-investigacion","tag-narcotrafico","tag-seguridad","tag-tropico"],"jetpack_publicize_connections":[],"yoast_head":"<!-- This site is optimized with the Yoast SEO plugin v23.4 - https:\/\/yoast.com\/wordpress\/plugins\/seo\/ -->\n<title>HOMBRE ACRIBILLADO EN EL TR\u00d3PICO TEN\u00cdA ANTECEDENTES POR NARCOTR\u00c1FICO - innoticiasbo.com<\/title>\n<meta name=\"robots\" content=\"index, follow, max-snippet:-1, max-image-preview:large, max-video-preview:-1\" \/>\n<link rel=\"canonical\" href=\"https:\/\/innoticiasbo.com\/index.php\/2026\/08\/31\/hombre-acribillado-en-el-tropico-tenia-antecedentes-por-narcotrafico\/\" \/>\n<meta property=\"og:locale\" content=\"es_ES\" \/>\n<meta property=\"og:type\" content=\"article\" \/>\n<meta property=\"og:title\" content=\"HOMBRE ACRIBILLADO EN EL TR\u00d3PICO TEN\u00cdA ANTECEDENTES POR NARCOTR\u00c1FICO - innoticiasbo.com\" \/>\n<meta property=\"og:description\" content=\"31 de agosto.- El hombre asesinado en la poblaci\u00f3n de R\u00edo Blanco, municipio de Entre R\u00edos en el Tr\u00f3pico cochabambino, con 23 disparos, ten\u00eda antecedentes por narcotr\u00e1fico, seg\u00fan el reporte policial. La Polic\u00eda investiga el hecho que ocurri\u00f3 la madrugada del domingo, cuando el hombre de 34 a\u00f1os recibi\u00f3 varios impactos de bala por dos...\" \/>\n<meta property=\"og:url\" content=\"https:\/\/innoticiasbo.com\/index.php\/2026\/08\/31\/hombre-acribillado-en-el-tropico-tenia-antecedentes-por-narcotrafico\/\" \/>\n<meta property=\"og:site_name\" content=\"innoticiasbo.com\" \/>\n<meta property=\"article:publisher\" content=\"https:\/\/www.facebook.com\/innoticiasbolivia\" \/>\n<meta property=\"article:published_time\" content=\"2026-08-31T14:10:09+00:00\" \/>\n<meta property=\"article:modified_time\" content=\"2026-08-31T14:12:17+00:00\" \/>\n<meta property=\"og:image\" content=\"https:\/\/i0.wp.com\/innoticiasbo.com\/wp-content\/uploads\/2026\/08\/image_editor_output_image-912008491-1788185503733.jpg?fit=994%2C435&ssl=1\" \/>\n\t<meta property=\"og:image:width\" content=\"994\" \/>\n\t<meta property=\"og:image:height\" content=\"435\" \/>\n\t<meta property=\"og:image:type\" content=\"image\/jpeg\" \/>\n<meta name=\"author\" content=\"Jason Gonzales\" \/>\n<meta name=\"twitter:card\" content=\"summary_large_image\" \/>\n<meta name=\"twitter:creator\" content=\"@innoticiasbo\" \/>\n<meta name=\"twitter:site\" content=\"@innoticiasbo\" \/>\n<meta name=\"twitter:label1\" content=\"Escrito por\" \/>\n\t<meta name=\"twitter:data1\" content=\"Jason Gonzales\" \/>\n\t<meta name=\"twitter:label2\" content=\"Tiempo de lectura\" \/>\n\t<meta name=\"twitter:data2\" content=\"1 minuto\" \/>\n<script type=\"application\/ld+json\" class=\"yoast-schema-graph\">{\"@context\":\"https:\/\/schema.org\",\"@graph\":[{\"@type\":\"Article\",\"@id\":\"https:\/\/innoticiasbo.com\/index.php\/2026\/08\/31\/hombre-acribillado-en-el-tropico-tenia-antecedentes-por-narcotrafico\/#article\",\"isPartOf\":{\"@id\":\"https:\/\/innoticiasbo.com\/index.php\/2026\/08\/31\/hombre-acribillado-en-el-tropico-tenia-antecedentes-por-narcotrafico\/\"},\"author\":{\"name\":\"Jason Gonzales\",\"@id\":\"https:\/\/innoticiasbo.com\/#\/schema\/person\/9af0c49836719fb5d47b55cc879140ce\"},\"headline\":\"HOMBRE ACRIBILLADO EN EL TR\u00d3PICO TEN\u00cdA ANTECEDENTES POR NARCOTR\u00c1FICO\",\"datePublished\":\"2026-08-31T14:10:09+00:00\",\"dateModified\":\"2026-08-31T14:12:17+00:00\",\"mainEntityOfPage\":{\"@id\":\"https:\/\/innoticiasbo.com\/index.php\/2026\/08\/31\/hombre-acribillado-en-el-tropico-tenia-antecedentes-por-narcotrafico\/\"},\"wordCount\":287,\"commentCount\":0,\"publisher\":{\"@id\":\"https:\/\/innoticiasbo.com\/#organization\"},\"image\":{\"@id\":\"https:\/\/innoticiasbo.com\/index.php\/2026\/08\/31\/hombre-acribillado-en-el-tropico-tenia-antecedentes-por-narcotrafico\/#primaryimage\"},\"thumbnailUrl\":\"https:\/\/i0.wp.com\/innoticiasbo.com\/wp-content\/uploads\/2026\/08\/image_editor_output_image-912008491-1788185503733.jpg?fit=994%2C435&ssl=1\",\"keywords\":[\"acribillado\",\"Bolivia\",\"crimen\",\"gobierno\",\"investigaci\u00f3n\",\"narcotr\u00e1fico\",\"seguridad\",\"Tr\u00f3pico\"],\"articleSection\":[\"Bolivia\",\"Seguridad\"],\"inLanguage\":\"es\",\"potentialAction\":[{\"@type\":\"CommentAction\",\"name\":\"Comment\",\"target\":[\"https:\/\/innoticiasbo.com\/index.php\/2026\/08\/31\/hombre-acribillado-en-el-tropico-tenia-antecedentes-por-narcotrafico\/#respond\"]}]},{\"@type\":\"WebPage\",\"@id\":\"https:\/\/innoticiasbo.com\/index.php\/2026\/08\/31\/hombre-acribillado-en-el-tropico-tenia-antecedentes-por-narcotrafico\/\",\"url\":\"https:\/\/innoticiasbo.com\/index.php\/2026\/08\/31\/hombre-acribillado-en-el-tropico-tenia-antecedentes-por-narcotrafico\/\",\"name\":\"HOMBRE ACRIBILLADO EN EL TR\u00d3PICO TEN\u00cdA ANTECEDENTES POR NARCOTR\u00c1FICO - innoticiasbo.com\",\"isPartOf\":{\"@id\":\"https:\/\/innoticiasbo.com\/#website\"},\"primaryImageOfPage\":{\"@id\":\"https:\/\/innoticiasbo.com\/index.php\/2026\/08\/31\/hombre-acribillado-en-el-tropico-tenia-antecedentes-por-narcotrafico\/#primaryimage\"},\"image\":{\"@id\":\"https:\/\/innoticiasbo.com\/index.php\/2026\/08\/31\/hombre-acribillado-en-el-tropico-tenia-antecedentes-por-narcotrafico\/#primaryimage\"},\"thumbnailUrl\":\"https:\/\/i0.wp.com\/innoticiasbo.com\/wp-content\/uploads\/2026\/08\/image_editor_output_image-912008491-1788185503733.jpg?fit=994%2C435&ssl=1\",\"datePublished\":\"2026-08-31T14:10:09+00:00\",\"dateModified\":\"2026-08-31T14:12:17+00:00\",\"breadcrumb\":{\"@id\":\"https:\/\/innoticiasbo.com\/index.php\/2026\/08\/31\/hombre-acribillado-en-el-tropico-tenia-antecedentes-por-narcotrafico\/#breadcrumb\"},\"inLanguage\":\"es\",\"potentialAction\":[{\"@type\":\"ReadAction\",\"target\":[\"https:\/\/innoticiasbo.com\/index.php\/2026\/08\/31\/hombre-acribillado-en-el-tropico-tenia-antecedentes-por-narcotrafico\/\"]}]},{\"@type\":\"ImageObject\",\"inLanguage\":\"es\",\"@id\":\"https:\/\/innoticiasbo.com\/index.php\/2026\/08\/31\/hombre-acribillado-en-el-tropico-tenia-antecedentes-por-narcotrafico\/#primaryimage\",\"url\":\"https:\/\/i0.wp.com\/innoticiasbo.com\/wp-content\/uploads\/2026\/08\/image_editor_output_image-912008491-1788185503733.jpg?fit=994%2C435&ssl=1\",\"contentUrl\":\"https:\/\/i0.wp.com\/innoticiasbo.com\/wp-content\/uploads\/2026\/08\/image_editor_output_image-912008491-1788185503733.jpg?fit=994%2C435&ssl=1\",\"width\":994,\"height\":435},{\"@type\":\"BreadcrumbList\",\"@id\":\"https:\/\/innoticiasbo.com\/index.php\/2026\/08\/31\/hombre-acribillado-en-el-tropico-tenia-antecedentes-por-narcotrafico\/#breadcrumb\",\"itemListElement\":[{\"@type\":\"ListItem\",\"position\":1,\"name\":\"Portada\",\"item\":\"https:\/\/innoticiasbo.com\/\"},{\"@type\":\"ListItem\",\"position\":2,\"name\":\"HOMBRE ACRIBILLADO EN EL TR\u00d3PICO TEN\u00cdA ANTECEDENTES POR NARCOTR\u00c1FICO\"}]},{\"@type\":\"WebSite\",\"@id\":\"https:\/\/innoticiasbo.com\/#website\",\"url\":\"https:\/\/innoticiasbo.com\/\",\"name\":\"innoticiasbo.com\",\"description\":\"\",\"publisher\":{\"@id\":\"https:\/\/innoticiasbo.com\/#organization\"},\"potentialAction\":[{\"@type\":\"SearchAction\",\"target\":{\"@type\":\"EntryPoint\",\"urlTemplate\":\"https:\/\/innoticiasbo.com\/?s={search_term_string}\"},\"query-input\":{\"@type\":\"PropertyValueSpecification\",\"valueRequired\":true,\"valueName\":\"search_term_string\"}}],\"inLanguage\":\"es\"},{\"@type\":\"Organization\",\"@id\":\"https:\/\/innoticiasbo.com\/#organization\",\"name\":\"innoticiasbo.com\",\"url\":\"https:\/\/innoticiasbo.com\/\",\"logo\":{\"@type\":\"ImageObject\",\"inLanguage\":\"es\",\"@id\":\"https:\/\/innoticiasbo.com\/#\/schema\/logo\/image\/\",\"url\":\"https:\/\/i0.wp.com\/innoticiasbo.com\/wp-content\/uploads\/2026\/04\/cropped-IN-LOGO.png?fit=1476%2C1476&ssl=1\",\"contentUrl\":\"https:\/\/i0.wp.com\/innoticiasbo.com\/wp-content\/uploads\/2026\/04\/cropped-IN-LOGO.png?fit=1476%2C1476&ssl=1\",\"width\":1476,\"height\":1476,\"caption\":\"innoticiasbo.com\"},\"image\":{\"@id\":\"https:\/\/innoticiasbo.com\/#\/schema\/logo\/image\/\"},\"sameAs\":[\"https:\/\/www.facebook.com\/innoticiasbolivia\",\"https:\/\/x.com\/innoticiasbo\",\"https:\/\/www.instagram.com\/innoticiasbo\",\"https:\/\/www.youtube.com\/innoticiasbo\"]},{\"@type\":\"Person\",\"@id\":\"https:\/\/innoticiasbo.com\/#\/schema\/person\/9af0c49836719fb5d47b55cc879140ce\",\"name\":\"Jason Gonzales\",\"image\":{\"@type\":\"ImageObject\",\"inLanguage\":\"es\",\"@id\":\"https:\/\/innoticiasbo.com\/#\/schema\/person\/image\/\",\"url\":\"https:\/\/secure.gravatar.com\/avatar\/ff64cacc93e8658997d62d298b4dff23?s=96&d=mm&r=g\",\"contentUrl\":\"https:\/\/secure.gravatar.com\/avatar\/ff64cacc93e8658997d62d298b4dff23?s=96&d=mm&r=g\",\"caption\":\"Jason Gonzales\"},\"sameAs\":[\"http:\/\/www.innoticiasbo.com\"],\"url\":\"https:\/\/innoticiasbo.com\/index.php\/author\/prensa-8\/\"}]}<\/script>\n<!-- \/ Yoast SEO plugin. -->","yoast_head_json":{"title":"HOMBRE ACRIBILLADO EN EL TR\u00d3PICO TEN\u00cdA ANTECEDENTES POR NARCOTR\u00c1FICO - innoticiasbo.com","robots":{"index":"index","follow":"follow","max-snippet":"max-snippet:-1","max-image-preview":"max-image-preview:large","max-video-preview":"max-video-preview:-1"},"canonical":"https:\/\/innoticiasbo.com\/index.php\/2026\/08\/31\/hombre-acribillado-en-el-tropico-tenia-antecedentes-por-narcotrafico\/","og_locale":"es_ES","og_type":"article","og_title":"HOMBRE ACRIBILLADO EN EL TR\u00d3PICO TEN\u00cdA ANTECEDENTES POR NARCOTR\u00c1FICO - innoticiasbo.com","og_description":"31 de agosto.- El hombre asesinado en la poblaci\u00f3n de R\u00edo Blanco, municipio de Entre R\u00edos en el Tr\u00f3pico cochabambino, con 23 disparos, ten\u00eda antecedentes por narcotr\u00e1fico, seg\u00fan el reporte policial. La Polic\u00eda investiga el hecho que ocurri\u00f3 la madrugada del domingo, cuando el hombre de 34 a\u00f1os recibi\u00f3 varios impactos de bala por dos...","og_url":"https:\/\/innoticiasbo.com\/index.php\/2026\/08\/31\/hombre-acribillado-en-el-tropico-tenia-antecedentes-por-narcotrafico\/","og_site_name":"innoticiasbo.com","article_publisher":"https:\/\/www.facebook.com\/innoticiasbolivia","article_published_time":"2026-08-31T14:10:09+00:00","article_modified_time":"2026-08-31T14:12:17+00:00","og_image":[{"width":994,"height":435,"url":"https:\/\/i0.wp.com\/innoticiasbo.com\/wp-content\/uploads\/2026\/08\/image_editor_output_image-912008491-1788185503733.jpg?fit=994%2C435&ssl=1","type":"image\/jpeg"}],"author":"Jason Gonzales","twitter_card":"summary_large_image","twitter_creator":"@innoticiasbo","twitter_site":"@innoticiasbo","twitter_misc":{"Escrito por":"Jason Gonzales","Tiempo de lectura":"1 minuto"},"schema":{"@context":"https:\/\/schema.org","@graph":[{"@type":"Article","@id":"https:\/\/innoticiasbo.com\/index.php\/2026\/08\/31\/hombre-acribillado-en-el-tropico-tenia-antecedentes-por-narcotrafico\/#article","isPartOf":{"@id":"https:\/\/innoticiasbo.com\/index.php\/2026\/08\/31\/hombre-acribillado-en-el-tropico-tenia-antecedentes-por-narcotrafico\/"},"author":{"name":"Jason Gonzales","@id":"https:\/\/innoticiasbo.com\/#\/schema\/person\/9af0c49836719fb5d47b55cc879140ce"},"headline":"HOMBRE ACRIBILLADO EN EL TR\u00d3PICO TEN\u00cdA ANTECEDENTES POR NARCOTR\u00c1FICO","datePublished":"2026-08-31T14:10:09+00:00","dateModified":"2026-08-31T14:12:17+00:00","mainEntityOfPage":{"@id":"https:\/\/innoticiasbo.com\/index.php\/2026\/08\/31\/hombre-acribillado-en-el-tropico-tenia-antecedentes-por-narcotrafico\/"},"wordCount":287,"commentCount":0,"publisher":{"@id":"https:\/\/innoticiasbo.com\/#organization"},"image":{"@id":"https:\/\/innoticiasbo.com\/index.php\/2026\/08\/31\/hombre-acribillado-en-el-tropico-tenia-antecedentes-por-narcotrafico\/#primaryimage"},"thumbnailUrl":"https:\/\/i0.wp.com\/innoticiasbo.com\/wp-content\/uploads\/2026\/08\/image_editor_output_image-912008491-1788185503733.jpg?fit=994%2C435&ssl=1","keywords":["acribillado","Bolivia","crimen","gobierno","investigaci\u00f3n","narcotr\u00e1fico","seguridad","Tr\u00f3pico"],"articleSection":["Bolivia","Seguridad"],"inLanguage":"es","potentialAction":[{"@type":"CommentAction","name":"Comment","target":["https:\/\/innoticiasbo.com\/index.php\/2026\/08\/31\/hombre-acribillado-en-el-tropico-tenia-antecedentes-por-narcotrafico\/#respond"]}]},{"@type":"WebPage","@id":"https:\/\/innoticiasbo.com\/index.php\/2026\/08\/31\/hombre-acribillado-en-el-tropico-tenia-antecedentes-por-narcotrafico\/","url":"https:\/\/innoticiasbo.com\/index.php\/2026\/08\/31\/hombre-acribillado-en-el-tropico-tenia-antecedentes-por-narcotrafico\/","name":"HOMBRE ACRIBILLADO EN EL TR\u00d3PICO TEN\u00cdA ANTECEDENTES POR NARCOTR\u00c1FICO - innoticiasbo.com","isPartOf":{"@id":"https:\/\/innoticiasbo.com\/#website"},"primaryImageOfPage":{"@id":"https:\/\/innoticiasbo.com\/index.php\/2026\/08\/31\/hombre-acribillado-en-el-tropico-tenia-antecedentes-por-narcotrafico\/#primaryimage"},"image":{"@id":"https:\/\/innoticiasbo.com\/index.php\/2026\/08\/31\/hombre-acribillado-en-el-tropico-tenia-antecedentes-por-narcotrafico\/#primaryimage"},"thumbnailUrl":"https:\/\/i0.wp.com\/innoticiasbo.com\/wp-content\/uploads\/2026\/08\/image_editor_output_image-912008491-1788185503733.jpg?fit=994%2C435&ssl=1","datePublished":"2026-08-31T14:10:09+00:00","dateModified":"2026-08-31T14:12:17+00:00","breadcrumb":{"@id":"https:\/\/innoticiasbo.com\/index.php\/2026\/08\/31\/hombre-acribillado-en-el-tropico-tenia-antecedentes-por-narcotrafico\/#breadcrumb"},"inLanguage":"es","potentialAction":[{"@type":"ReadAction","target":["https:\/\/innoticiasbo.com\/index.php\/2026\/08\/31\/hombre-acribillado-en-el-tropico-tenia-antecedentes-por-narcotrafico\/"]}]},{"@type":"ImageObject","inLanguage":"es","@id":"https:\/\/innoticiasbo.com\/index.php\/2026\/08\/31\/hombre-acribillado-en-el-tropico-tenia-antecedentes-por-narcotrafico\/#primaryimage","url":"https:\/\/i0.wp.com\/innoticiasbo.com\/wp-content\/uploads\/2026\/08\/image_editor_output_image-912008491-1788185503733.jpg?fit=994%2C435&ssl=1","contentUrl":"https:\/\/i0.wp.com\/innoticiasbo.com\/wp-content\/uploads\/2026\/08\/image_editor_output_image-912008491-1788185503733.jpg?fit=994%2C435&ssl=1","width":994,"height":435},{"@type":"BreadcrumbList","@id":"https:\/\/innoticiasbo.com\/index.php\/2026\/08\/31\/hombre-acribillado-en-el-tropico-tenia-antecedentes-por-narcotrafico\/#breadcrumb","itemListElement":[{"@type":"ListItem","position":1,"name":"Portada","item":"https:\/\/innoticiasbo.com\/"},{"@type":"ListItem","position":2,"name":"HOMBRE ACRIBILLADO EN EL TR\u00d3PICO TEN\u00cdA ANTECEDENTES POR NARCOTR\u00c1FICO"}]},{"@type":"WebSite","@id":"https:\/\/innoticiasbo.com\/#website","url":"https:\/\/innoticiasbo.com\/","name":"innoticiasbo.com","description":"","publisher":{"@id":"https:\/\/innoticiasbo.com\/#organization"},"potentialAction":[{"@type":"SearchAction","target":{"@type":"EntryPoint","urlTemplate":"https:\/\/innoticiasbo.com\/?s={search_term_string}"},"query-input":{"@type":"PropertyValueSpecification","valueRequired":true,"valueName":"search_term_string"}}],"inLanguage":"es"},{"@type":"Organization","@id":"https:\/\/innoticiasbo.com\/#organization","name":"innoticiasbo.com","url":"https:\/\/innoticiasbo.com\/","logo":{"@type":"ImageObject","inLanguage":"es","@id":"https:\/\/innoticiasbo.com\/#\/schema\/logo\/image\/","url":"https:\/\/i0.wp.com\/innoticiasbo.com\/wp-content\/uploads\/2026\/04\/cropped-IN-LOGO.png?fit=1476%2C1476&ssl=1","contentUrl":"https:\/\/i0.wp.com\/innoticiasbo.com\/wp-content\/uploads\/2026\/04\/cropped-IN-LOGO.png?fit=1476%2C1476&ssl=1","width":1476,"height":1476,"caption":"innoticiasbo.com"},"image":{"@id":"https:\/\/innoticiasbo.com\/#\/schema\/logo\/image\/"},"sameAs":["https:\/\/www.facebook.com\/innoticiasbolivia","https:\/\/x.com\/innoticiasbo","https:\/\/www.instagram.com\/innoticiasbo","https:\/\/www.youtube.com\/innoticiasbo"]},{"@type":"Person","@id":"https:\/\/innoticiasbo.com\/#\/schema\/person\/9af0c49836719fb5d47b55cc879140ce","name":"Jason Gonzales","image":{"@type":"ImageObject","inLanguage":"es","@id":"https:\/\/innoticiasbo.com\/#\/schema\/person\/image\/","url":"https:\/\/secure.gravatar.com\/avatar\/ff64cacc93e8658997d62d298b4dff23?s=96&d=mm&r=g","contentUrl":"https:\/\/secure.gravatar.com\/avatar\/ff64cacc93e8658997d62d298b4dff23?s=96&d=mm&r=g","caption":"Jason Gonzales"},"sameAs":["http:\/\/www.innoticiasbo.com"],"url":"https:\/\/innoticiasbo.com\/index.php\/author\/prensa-8\/"}]}},"jetpack_featured_media_url":"https:\/\/i0.wp.com\/innoticiasbo.com\/wp-content\/uploads\/2026\/08\/image_editor_output_image-912008491-1788185503733.jpg?fit=994%2C435&ssl=1","jetpack_likes_enabled":true,"jetpack_sharing_enabled":true,"jetpack_shortlink":"https:\/\/wp.me\/pg298x-40z","_links":{"self":[{"href":"https:\/\/innoticiasbo.com\/index.php\/wp-json\/wp\/v2\/posts\/15411","targetHints":{"allow":["GET"]}}],"collection":[{"href":"https:\/\/innoticiasbo.com\/index.php\/wp-json\/wp\/v2\/posts"}],"about":[{"href":"https:\/\/innoticiasbo.com\/index.php\/wp-json\/wp\/v2\/types\/post"}],"author":[{"embeddable":true,"href":"https:\/\/innoticiasbo.com\/index.php\/wp-json\/wp\/v2\/users\/12"}],"replies":[{"embeddable":true,"href":"https:\/\/innoticiasbo.com\/index.php\/wp-json\/wp\/v2\/comments?post=15411"}],"version-history":[{"count":1,"href":"https:\/\/innoticiasbo.com\/index.php\/wp-json\/wp\/v2\/posts\/15411\/revisions"}],"predecessor-version":[{"id":15412,"href":"https:\/\/innoticiasbo.com\/index.php\/wp-json\/wp\/v2\/posts\/15411\/revisions\/15412"}],"wp:featuredmedia":[{"embeddable":true,"href":"https:\/\/innoticiasbo.com\/index.php\/wp-json\/wp\/v2\/media\/15410"}],"wp:attachment":[{"href":"https:\/\/innoticiasbo.com\/index.php\/wp-json\/wp\/v2\/media?parent=15411"}],"wp:term":[{"taxonomy":"category","embeddable":true,"href":"https:\/\/innoticiasbo.com\/index.php\/wp-json\/wp\/v2\/categories?post=15411"},{"taxonomy":"post_tag","embeddable":true,"href":"https:\/\/innoticiasbo.com\/index.php\/wp-json\/wp\/v2\/tags?post=15411"}],"curies":[{"name":"wp","href":"https:\/\/api.w.org\/{rel}","templated":true}]}}