{"id":15407,"date":"2026-08-31T09:59:34","date_gmt":"2026-08-31T13:59:34","guid":{"rendered":"https:\/\/innoticiasbo.com\/?p=15407"},"modified":"2026-08-31T10:03:53","modified_gmt":"2026-08-31T14:03:53","slug":"abogado-advierte-riesgo-para-la-vida-de-cerimedo-si-es-traslado-a-chonchocoro","status":"publish","type":"post","link":"https:\/\/innoticiasbo.com\/index.php\/2026\/08\/31\/abogado-advierte-riesgo-para-la-vida-de-cerimedo-si-es-traslado-a-chonchocoro\/","title":{"rendered":"ABOGADO ADVIERTE RIESGO PARA LA VIDA DE CERIMEDO SI ES TRASLADO A CHONCHOCORO"},"content":{"rendered":"\n<figure class=\"wp-block-image size-large\"><img data-recalc-dims=\"1\" loading=\"lazy\" decoding=\"async\" width=\"640\" height=\"359\" src=\"https:\/\/i0.wp.com\/innoticiasbo.com\/wp-content\/uploads\/2026\/08\/image_editor_output_image1298043222-17881847186115468276984977475286.jpg?resize=640%2C359&#038;ssl=1\" alt=\"\" class=\"wp-image-15405\" srcset=\"https:\/\/i0.wp.com\/innoticiasbo.com\/wp-content\/uploads\/2026\/08\/image_editor_output_image1298043222-17881847186115468276984977475286.jpg?w=999&amp;ssl=1 999w, https:\/\/i0.wp.com\/innoticiasbo.com\/wp-content\/uploads\/2026\/08\/image_editor_output_image1298043222-17881847186115468276984977475286.jpg?resize=300%2C168&amp;ssl=1 300w, https:\/\/i0.wp.com\/innoticiasbo.com\/wp-content\/uploads\/2026\/08\/image_editor_output_image1298043222-17881847186115468276984977475286.jpg?resize=768%2C431&amp;ssl=1 768w\" sizes=\"auto, (max-width: 640px) 100vw, 640px\" \/><\/figure>\n\n\n\n<p>31 de agosto.- La salud del argentino Fernando Cerimedo es \u201ccr\u00edtica\u201d y su vida corre riesgo si es trasladado a la c\u00e1rcel de Chonchocoro en La Paz, alert\u00f3 el abogado defensor Ernesto Giraldes.<br><br>El consultor argentino se encuentra actualmente recluido en el penal de Palmasola en Santa Cruz por tentativa de feminicidio tras el ataque a Nadia Beller.<br><br>Sin embargo, en la audiencia cautelar por enriquecimiento il\u00edcito se determin\u00f3 que Cerimedo cumpla seis meses de detenci\u00f3n preventiva en Chonchocoro.<br><br>\u201cHemos recurrido en apelaci\u00f3n, vamos a ver de que eso no se ejecute tomando en cuenta de que en este momento el estado de salud de mi defendido es cr\u00edtica, tiene antecedentes, y peor a\u00fan, all\u00e1 corre peligro su vida\u201d, se\u00f1al\u00f3 el abogado Giraldes citado por Unitel.<\/p>\n\n\n\n<p>En tanto, la Polic\u00eda analiza el eventual traslado a La Paz del consultor y seg\u00fan el subcomandante departamental de la Polic\u00eda pace\u00f1a, mart\u00edn G\u00e1lvez, no existe a\u00fan una fecha definida.<br><br>Giraldes anunci\u00f3 que el equipo jur\u00eddico de Cerimedo va a \u201cactivar todos los recursos que flanquea la ley\u201d para frenar su traslado al penal de m\u00e1xima seguridad del departamento de La Paz.<br><br>Cerimedo est\u00e1 investigado por varias causas en el pa\u00eds. La principal tiene que ver con un intento de feminicidio contra su expareja, Nadia Beller, quien recibi\u00f3 varios disparos en la puerta de un hotel en Santa Cruz. Ella acus\u00f3 a su expareja de ser el responsable de ese atentando.<\/p>\n\n\n\n<p>Fuente: La Raz\u00f3n <\/p>\n","protected":false},"excerpt":{"rendered":"<p>31 de agosto.- La salud del argentino Fernando Cerimedo es \u201ccr\u00edtica\u201d y su vida corre riesgo si es trasladado a la c\u00e1rcel de Chonchocoro en La Paz, alert\u00f3 el abogado defensor Ernesto Giraldes. El consultor argentino se encuentra actualmente recluido en el penal de Palmasola en Santa Cruz por tentativa de feminicidio tras el ataque&#8230;<\/p>\n","protected":false},"author":12,"featured_media":15406,"comment_status":"open","ping_status":"open","sticky":false,"template":"","format":"standard","meta":{"_jetpack_memberships_contains_paid_content":false,"footnotes":"","jetpack_publicize_message":"","jetpack_publicize_feature_enabled":true,"jetpack_social_post_already_shared":true,"jetpack_social_options":{"image_generator_settings":{"template":"highway","enabled":false},"version":2}},"categories":[1],"tags":[1674,7,3864,3868,3807,3663],"class_list":["post-15407","post","type-post","status-publish","format-standard","has-post-thumbnail","hentry","category-bolivia","tag-abogado","tag-bolivia","tag-carcel-de-chonchocoro","tag-caso-nadia-beller","tag-fernando-cerimedo","tag-riesgo"],"jetpack_publicize_connections":[],"yoast_head":"<!-- This site is optimized with the Yoast SEO plugin v23.4 - https:\/\/yoast.com\/wordpress\/plugins\/seo\/ -->\n<title>ABOGADO ADVIERTE RIESGO PARA LA VIDA DE CERIMEDO SI ES TRASLADO A CHONCHOCORO - innoticiasbo.com<\/title>\n<meta name=\"robots\" content=\"index, follow, max-snippet:-1, max-image-preview:large, max-video-preview:-1\" \/>\n<link rel=\"canonical\" href=\"https:\/\/innoticiasbo.com\/index.php\/2026\/08\/31\/abogado-advierte-riesgo-para-la-vida-de-cerimedo-si-es-traslado-a-chonchocoro\/\" \/>\n<meta property=\"og:locale\" content=\"es_ES\" \/>\n<meta property=\"og:type\" content=\"article\" \/>\n<meta property=\"og:title\" content=\"ABOGADO ADVIERTE RIESGO PARA LA VIDA DE CERIMEDO SI ES TRASLADO A CHONCHOCORO - innoticiasbo.com\" \/>\n<meta property=\"og:description\" content=\"31 de agosto.- La salud del argentino Fernando Cerimedo es \u201ccr\u00edtica\u201d y su vida corre riesgo si es trasladado a la c\u00e1rcel de Chonchocoro en La Paz, alert\u00f3 el abogado defensor Ernesto Giraldes. El consultor argentino se encuentra actualmente recluido en el penal de Palmasola en Santa Cruz por tentativa de feminicidio tras el ataque...\" \/>\n<meta property=\"og:url\" content=\"https:\/\/innoticiasbo.com\/index.php\/2026\/08\/31\/abogado-advierte-riesgo-para-la-vida-de-cerimedo-si-es-traslado-a-chonchocoro\/\" \/>\n<meta property=\"og:site_name\" content=\"innoticiasbo.com\" \/>\n<meta property=\"article:publisher\" content=\"https:\/\/www.facebook.com\/innoticiasbolivia\" \/>\n<meta property=\"article:published_time\" content=\"2026-08-31T13:59:34+00:00\" \/>\n<meta property=\"article:modified_time\" content=\"2026-08-31T14:03:53+00:00\" \/>\n<meta property=\"og:image\" content=\"https:\/\/i0.wp.com\/innoticiasbo.com\/wp-content\/uploads\/2026\/08\/image_editor_output_image1298043222-1788184938384.jpg?fit=997%2C550&ssl=1\" \/>\n\t<meta property=\"og:image:width\" content=\"997\" \/>\n\t<meta property=\"og:image:height\" content=\"550\" \/>\n\t<meta property=\"og:image:type\" content=\"image\/jpeg\" \/>\n<meta name=\"author\" content=\"Jason Gonzales\" \/>\n<meta name=\"twitter:card\" content=\"summary_large_image\" \/>\n<meta name=\"twitter:creator\" content=\"@innoticiasbo\" \/>\n<meta name=\"twitter:site\" content=\"@innoticiasbo\" \/>\n<meta name=\"twitter:label1\" content=\"Escrito por\" \/>\n\t<meta name=\"twitter:data1\" content=\"Jason Gonzales\" \/>\n\t<meta name=\"twitter:label2\" content=\"Tiempo de lectura\" \/>\n\t<meta name=\"twitter:data2\" content=\"1 minuto\" \/>\n<script type=\"application\/ld+json\" class=\"yoast-schema-graph\">{\"@context\":\"https:\/\/schema.org\",\"@graph\":[{\"@type\":\"Article\",\"@id\":\"https:\/\/innoticiasbo.com\/index.php\/2026\/08\/31\/abogado-advierte-riesgo-para-la-vida-de-cerimedo-si-es-traslado-a-chonchocoro\/#article\",\"isPartOf\":{\"@id\":\"https:\/\/innoticiasbo.com\/index.php\/2026\/08\/31\/abogado-advierte-riesgo-para-la-vida-de-cerimedo-si-es-traslado-a-chonchocoro\/\"},\"author\":{\"name\":\"Jason Gonzales\",\"@id\":\"https:\/\/innoticiasbo.com\/#\/schema\/person\/9af0c49836719fb5d47b55cc879140ce\"},\"headline\":\"ABOGADO ADVIERTE RIESGO PARA LA VIDA DE CERIMEDO SI ES TRASLADO A CHONCHOCORO\",\"datePublished\":\"2026-08-31T13:59:34+00:00\",\"dateModified\":\"2026-08-31T14:03:53+00:00\",\"mainEntityOfPage\":{\"@id\":\"https:\/\/innoticiasbo.com\/index.php\/2026\/08\/31\/abogado-advierte-riesgo-para-la-vida-de-cerimedo-si-es-traslado-a-chonchocoro\/\"},\"wordCount\":272,\"commentCount\":0,\"publisher\":{\"@id\":\"https:\/\/innoticiasbo.com\/#organization\"},\"image\":{\"@id\":\"https:\/\/innoticiasbo.com\/index.php\/2026\/08\/31\/abogado-advierte-riesgo-para-la-vida-de-cerimedo-si-es-traslado-a-chonchocoro\/#primaryimage\"},\"thumbnailUrl\":\"https:\/\/i0.wp.com\/innoticiasbo.com\/wp-content\/uploads\/2026\/08\/image_editor_output_image1298043222-1788184938384.jpg?fit=997%2C550&ssl=1\",\"keywords\":[\"abogado\",\"Bolivia\",\"C\u00e1rcel de Chonchocoro\",\"Caso Nadia Beller\",\"Fernando Cerimedo\",\"Riesgo\"],\"articleSection\":[\"Bolivia\"],\"inLanguage\":\"es\",\"potentialAction\":[{\"@type\":\"CommentAction\",\"name\":\"Comment\",\"target\":[\"https:\/\/innoticiasbo.com\/index.php\/2026\/08\/31\/abogado-advierte-riesgo-para-la-vida-de-cerimedo-si-es-traslado-a-chonchocoro\/#respond\"]}]},{\"@type\":\"WebPage\",\"@id\":\"https:\/\/innoticiasbo.com\/index.php\/2026\/08\/31\/abogado-advierte-riesgo-para-la-vida-de-cerimedo-si-es-traslado-a-chonchocoro\/\",\"url\":\"https:\/\/innoticiasbo.com\/index.php\/2026\/08\/31\/abogado-advierte-riesgo-para-la-vida-de-cerimedo-si-es-traslado-a-chonchocoro\/\",\"name\":\"ABOGADO ADVIERTE RIESGO PARA LA VIDA DE CERIMEDO SI ES TRASLADO A CHONCHOCORO - innoticiasbo.com\",\"isPartOf\":{\"@id\":\"https:\/\/innoticiasbo.com\/#website\"},\"primaryImageOfPage\":{\"@id\":\"https:\/\/innoticiasbo.com\/index.php\/2026\/08\/31\/abogado-advierte-riesgo-para-la-vida-de-cerimedo-si-es-traslado-a-chonchocoro\/#primaryimage\"},\"image\":{\"@id\":\"https:\/\/innoticiasbo.com\/index.php\/2026\/08\/31\/abogado-advierte-riesgo-para-la-vida-de-cerimedo-si-es-traslado-a-chonchocoro\/#primaryimage\"},\"thumbnailUrl\":\"https:\/\/i0.wp.com\/innoticiasbo.com\/wp-content\/uploads\/2026\/08\/image_editor_output_image1298043222-1788184938384.jpg?fit=997%2C550&ssl=1\",\"datePublished\":\"2026-08-31T13:59:34+00:00\",\"dateModified\":\"2026-08-31T14:03:53+00:00\",\"breadcrumb\":{\"@id\":\"https:\/\/innoticiasbo.com\/index.php\/2026\/08\/31\/abogado-advierte-riesgo-para-la-vida-de-cerimedo-si-es-traslado-a-chonchocoro\/#breadcrumb\"},\"inLanguage\":\"es\",\"potentialAction\":[{\"@type\":\"ReadAction\",\"target\":[\"https:\/\/innoticiasbo.com\/index.php\/2026\/08\/31\/abogado-advierte-riesgo-para-la-vida-de-cerimedo-si-es-traslado-a-chonchocoro\/\"]}]},{\"@type\":\"ImageObject\",\"inLanguage\":\"es\",\"@id\":\"https:\/\/innoticiasbo.com\/index.php\/2026\/08\/31\/abogado-advierte-riesgo-para-la-vida-de-cerimedo-si-es-traslado-a-chonchocoro\/#primaryimage\",\"url\":\"https:\/\/i0.wp.com\/innoticiasbo.com\/wp-content\/uploads\/2026\/08\/image_editor_output_image1298043222-1788184938384.jpg?fit=997%2C550&ssl=1\",\"contentUrl\":\"https:\/\/i0.wp.com\/innoticiasbo.com\/wp-content\/uploads\/2026\/08\/image_editor_output_image1298043222-1788184938384.jpg?fit=997%2C550&ssl=1\",\"width\":997,\"height\":550},{\"@type\":\"BreadcrumbList\",\"@id\":\"https:\/\/innoticiasbo.com\/index.php\/2026\/08\/31\/abogado-advierte-riesgo-para-la-vida-de-cerimedo-si-es-traslado-a-chonchocoro\/#breadcrumb\",\"itemListElement\":[{\"@type\":\"ListItem\",\"position\":1,\"name\":\"Portada\",\"item\":\"https:\/\/innoticiasbo.com\/\"},{\"@type\":\"ListItem\",\"position\":2,\"name\":\"ABOGADO ADVIERTE RIESGO PARA LA VIDA DE CERIMEDO SI ES TRASLADO A CHONCHOCORO\"}]},{\"@type\":\"WebSite\",\"@id\":\"https:\/\/innoticiasbo.com\/#website\",\"url\":\"https:\/\/innoticiasbo.com\/\",\"name\":\"innoticiasbo.com\",\"description\":\"\",\"publisher\":{\"@id\":\"https:\/\/innoticiasbo.com\/#organization\"},\"potentialAction\":[{\"@type\":\"SearchAction\",\"target\":{\"@type\":\"EntryPoint\",\"urlTemplate\":\"https:\/\/innoticiasbo.com\/?s={search_term_string}\"},\"query-input\":{\"@type\":\"PropertyValueSpecification\",\"valueRequired\":true,\"valueName\":\"search_term_string\"}}],\"inLanguage\":\"es\"},{\"@type\":\"Organization\",\"@id\":\"https:\/\/innoticiasbo.com\/#organization\",\"name\":\"innoticiasbo.com\",\"url\":\"https:\/\/innoticiasbo.com\/\",\"logo\":{\"@type\":\"ImageObject\",\"inLanguage\":\"es\",\"@id\":\"https:\/\/innoticiasbo.com\/#\/schema\/logo\/image\/\",\"url\":\"https:\/\/i0.wp.com\/innoticiasbo.com\/wp-content\/uploads\/2026\/04\/cropped-IN-LOGO.png?fit=1476%2C1476&ssl=1\",\"contentUrl\":\"https:\/\/i0.wp.com\/innoticiasbo.com\/wp-content\/uploads\/2026\/04\/cropped-IN-LOGO.png?fit=1476%2C1476&ssl=1\",\"width\":1476,\"height\":1476,\"caption\":\"innoticiasbo.com\"},\"image\":{\"@id\":\"https:\/\/innoticiasbo.com\/#\/schema\/logo\/image\/\"},\"sameAs\":[\"https:\/\/www.facebook.com\/innoticiasbolivia\",\"https:\/\/x.com\/innoticiasbo\",\"https:\/\/www.instagram.com\/innoticiasbo\",\"https:\/\/www.youtube.com\/innoticiasbo\"]},{\"@type\":\"Person\",\"@id\":\"https:\/\/innoticiasbo.com\/#\/schema\/person\/9af0c49836719fb5d47b55cc879140ce\",\"name\":\"Jason Gonzales\",\"image\":{\"@type\":\"ImageObject\",\"inLanguage\":\"es\",\"@id\":\"https:\/\/innoticiasbo.com\/#\/schema\/person\/image\/\",\"url\":\"https:\/\/secure.gravatar.com\/avatar\/ff64cacc93e8658997d62d298b4dff23?s=96&d=mm&r=g\",\"contentUrl\":\"https:\/\/secure.gravatar.com\/avatar\/ff64cacc93e8658997d62d298b4dff23?s=96&d=mm&r=g\",\"caption\":\"Jason Gonzales\"},\"sameAs\":[\"http:\/\/www.innoticiasbo.com\"],\"url\":\"https:\/\/innoticiasbo.com\/index.php\/author\/prensa-8\/\"}]}<\/script>\n<!-- \/ Yoast SEO plugin. -->","yoast_head_json":{"title":"ABOGADO ADVIERTE RIESGO PARA LA VIDA DE CERIMEDO SI ES TRASLADO A CHONCHOCORO - innoticiasbo.com","robots":{"index":"index","follow":"follow","max-snippet":"max-snippet:-1","max-image-preview":"max-image-preview:large","max-video-preview":"max-video-preview:-1"},"canonical":"https:\/\/innoticiasbo.com\/index.php\/2026\/08\/31\/abogado-advierte-riesgo-para-la-vida-de-cerimedo-si-es-traslado-a-chonchocoro\/","og_locale":"es_ES","og_type":"article","og_title":"ABOGADO ADVIERTE RIESGO PARA LA VIDA DE CERIMEDO SI ES TRASLADO A CHONCHOCORO - innoticiasbo.com","og_description":"31 de agosto.- La salud del argentino Fernando Cerimedo es \u201ccr\u00edtica\u201d y su vida corre riesgo si es trasladado a la c\u00e1rcel de Chonchocoro en La Paz, alert\u00f3 el abogado defensor Ernesto Giraldes. El consultor argentino se encuentra actualmente recluido en el penal de Palmasola en Santa Cruz por tentativa de feminicidio tras el ataque...","og_url":"https:\/\/innoticiasbo.com\/index.php\/2026\/08\/31\/abogado-advierte-riesgo-para-la-vida-de-cerimedo-si-es-traslado-a-chonchocoro\/","og_site_name":"innoticiasbo.com","article_publisher":"https:\/\/www.facebook.com\/innoticiasbolivia","article_published_time":"2026-08-31T13:59:34+00:00","article_modified_time":"2026-08-31T14:03:53+00:00","og_image":[{"width":997,"height":550,"url":"https:\/\/i0.wp.com\/innoticiasbo.com\/wp-content\/uploads\/2026\/08\/image_editor_output_image1298043222-1788184938384.jpg?fit=997%2C550&ssl=1","type":"image\/jpeg"}],"author":"Jason Gonzales","twitter_card":"summary_large_image","twitter_creator":"@innoticiasbo","twitter_site":"@innoticiasbo","twitter_misc":{"Escrito por":"Jason Gonzales","Tiempo de lectura":"1 minuto"},"schema":{"@context":"https:\/\/schema.org","@graph":[{"@type":"Article","@id":"https:\/\/innoticiasbo.com\/index.php\/2026\/08\/31\/abogado-advierte-riesgo-para-la-vida-de-cerimedo-si-es-traslado-a-chonchocoro\/#article","isPartOf":{"@id":"https:\/\/innoticiasbo.com\/index.php\/2026\/08\/31\/abogado-advierte-riesgo-para-la-vida-de-cerimedo-si-es-traslado-a-chonchocoro\/"},"author":{"name":"Jason Gonzales","@id":"https:\/\/innoticiasbo.com\/#\/schema\/person\/9af0c49836719fb5d47b55cc879140ce"},"headline":"ABOGADO ADVIERTE RIESGO PARA LA VIDA DE CERIMEDO SI ES TRASLADO A CHONCHOCORO","datePublished":"2026-08-31T13:59:34+00:00","dateModified":"2026-08-31T14:03:53+00:00","mainEntityOfPage":{"@id":"https:\/\/innoticiasbo.com\/index.php\/2026\/08\/31\/abogado-advierte-riesgo-para-la-vida-de-cerimedo-si-es-traslado-a-chonchocoro\/"},"wordCount":272,"commentCount":0,"publisher":{"@id":"https:\/\/innoticiasbo.com\/#organization"},"image":{"@id":"https:\/\/innoticiasbo.com\/index.php\/2026\/08\/31\/abogado-advierte-riesgo-para-la-vida-de-cerimedo-si-es-traslado-a-chonchocoro\/#primaryimage"},"thumbnailUrl":"https:\/\/i0.wp.com\/innoticiasbo.com\/wp-content\/uploads\/2026\/08\/image_editor_output_image1298043222-1788184938384.jpg?fit=997%2C550&ssl=1","keywords":["abogado","Bolivia","C\u00e1rcel de Chonchocoro","Caso Nadia Beller","Fernando Cerimedo","Riesgo"],"articleSection":["Bolivia"],"inLanguage":"es","potentialAction":[{"@type":"CommentAction","name":"Comment","target":["https:\/\/innoticiasbo.com\/index.php\/2026\/08\/31\/abogado-advierte-riesgo-para-la-vida-de-cerimedo-si-es-traslado-a-chonchocoro\/#respond"]}]},{"@type":"WebPage","@id":"https:\/\/innoticiasbo.com\/index.php\/2026\/08\/31\/abogado-advierte-riesgo-para-la-vida-de-cerimedo-si-es-traslado-a-chonchocoro\/","url":"https:\/\/innoticiasbo.com\/index.php\/2026\/08\/31\/abogado-advierte-riesgo-para-la-vida-de-cerimedo-si-es-traslado-a-chonchocoro\/","name":"ABOGADO ADVIERTE RIESGO PARA LA VIDA DE CERIMEDO SI ES TRASLADO A CHONCHOCORO - innoticiasbo.com","isPartOf":{"@id":"https:\/\/innoticiasbo.com\/#website"},"primaryImageOfPage":{"@id":"https:\/\/innoticiasbo.com\/index.php\/2026\/08\/31\/abogado-advierte-riesgo-para-la-vida-de-cerimedo-si-es-traslado-a-chonchocoro\/#primaryimage"},"image":{"@id":"https:\/\/innoticiasbo.com\/index.php\/2026\/08\/31\/abogado-advierte-riesgo-para-la-vida-de-cerimedo-si-es-traslado-a-chonchocoro\/#primaryimage"},"thumbnailUrl":"https:\/\/i0.wp.com\/innoticiasbo.com\/wp-content\/uploads\/2026\/08\/image_editor_output_image1298043222-1788184938384.jpg?fit=997%2C550&ssl=1","datePublished":"2026-08-31T13:59:34+00:00","dateModified":"2026-08-31T14:03:53+00:00","breadcrumb":{"@id":"https:\/\/innoticiasbo.com\/index.php\/2026\/08\/31\/abogado-advierte-riesgo-para-la-vida-de-cerimedo-si-es-traslado-a-chonchocoro\/#breadcrumb"},"inLanguage":"es","potentialAction":[{"@type":"ReadAction","target":["https:\/\/innoticiasbo.com\/index.php\/2026\/08\/31\/abogado-advierte-riesgo-para-la-vida-de-cerimedo-si-es-traslado-a-chonchocoro\/"]}]},{"@type":"ImageObject","inLanguage":"es","@id":"https:\/\/innoticiasbo.com\/index.php\/2026\/08\/31\/abogado-advierte-riesgo-para-la-vida-de-cerimedo-si-es-traslado-a-chonchocoro\/#primaryimage","url":"https:\/\/i0.wp.com\/innoticiasbo.com\/wp-content\/uploads\/2026\/08\/image_editor_output_image1298043222-1788184938384.jpg?fit=997%2C550&ssl=1","contentUrl":"https:\/\/i0.wp.com\/innoticiasbo.com\/wp-content\/uploads\/2026\/08\/image_editor_output_image1298043222-1788184938384.jpg?fit=997%2C550&ssl=1","width":997,"height":550},{"@type":"BreadcrumbList","@id":"https:\/\/innoticiasbo.com\/index.php\/2026\/08\/31\/abogado-advierte-riesgo-para-la-vida-de-cerimedo-si-es-traslado-a-chonchocoro\/#breadcrumb","itemListElement":[{"@type":"ListItem","position":1,"name":"Portada","item":"https:\/\/innoticiasbo.com\/"},{"@type":"ListItem","position":2,"name":"ABOGADO ADVIERTE RIESGO PARA LA VIDA DE CERIMEDO SI ES TRASLADO A CHONCHOCORO"}]},{"@type":"WebSite","@id":"https:\/\/innoticiasbo.com\/#website","url":"https:\/\/innoticiasbo.com\/","name":"innoticiasbo.com","description":"","publisher":{"@id":"https:\/\/innoticiasbo.com\/#organization"},"potentialAction":[{"@type":"SearchAction","target":{"@type":"EntryPoint","urlTemplate":"https:\/\/innoticiasbo.com\/?s={search_term_string}"},"query-input":{"@type":"PropertyValueSpecification","valueRequired":true,"valueName":"search_term_string"}}],"inLanguage":"es"},{"@type":"Organization","@id":"https:\/\/innoticiasbo.com\/#organization","name":"innoticiasbo.com","url":"https:\/\/innoticiasbo.com\/","logo":{"@type":"ImageObject","inLanguage":"es","@id":"https:\/\/innoticiasbo.com\/#\/schema\/logo\/image\/","url":"https:\/\/i0.wp.com\/innoticiasbo.com\/wp-content\/uploads\/2026\/04\/cropped-IN-LOGO.png?fit=1476%2C1476&ssl=1","contentUrl":"https:\/\/i0.wp.com\/innoticiasbo.com\/wp-content\/uploads\/2026\/04\/cropped-IN-LOGO.png?fit=1476%2C1476&ssl=1","width":1476,"height":1476,"caption":"innoticiasbo.com"},"image":{"@id":"https:\/\/innoticiasbo.com\/#\/schema\/logo\/image\/"},"sameAs":["https:\/\/www.facebook.com\/innoticiasbolivia","https:\/\/x.com\/innoticiasbo","https:\/\/www.instagram.com\/innoticiasbo","https:\/\/www.youtube.com\/innoticiasbo"]},{"@type":"Person","@id":"https:\/\/innoticiasbo.com\/#\/schema\/person\/9af0c49836719fb5d47b55cc879140ce","name":"Jason Gonzales","image":{"@type":"ImageObject","inLanguage":"es","@id":"https:\/\/innoticiasbo.com\/#\/schema\/person\/image\/","url":"https:\/\/secure.gravatar.com\/avatar\/ff64cacc93e8658997d62d298b4dff23?s=96&d=mm&r=g","contentUrl":"https:\/\/secure.gravatar.com\/avatar\/ff64cacc93e8658997d62d298b4dff23?s=96&d=mm&r=g","caption":"Jason Gonzales"},"sameAs":["http:\/\/www.innoticiasbo.com"],"url":"https:\/\/innoticiasbo.com\/index.php\/author\/prensa-8\/"}]}},"jetpack_featured_media_url":"https:\/\/i0.wp.com\/innoticiasbo.com\/wp-content\/uploads\/2026\/08\/image_editor_output_image1298043222-1788184938384.jpg?fit=997%2C550&ssl=1","jetpack_likes_enabled":true,"jetpack_sharing_enabled":true,"jetpack_shortlink":"https:\/\/wp.me\/pg298x-40v","_links":{"self":[{"href":"https:\/\/innoticiasbo.com\/index.php\/wp-json\/wp\/v2\/posts\/15407","targetHints":{"allow":["GET"]}}],"collection":[{"href":"https:\/\/innoticiasbo.com\/index.php\/wp-json\/wp\/v2\/posts"}],"about":[{"href":"https:\/\/innoticiasbo.com\/index.php\/wp-json\/wp\/v2\/types\/post"}],"author":[{"embeddable":true,"href":"https:\/\/innoticiasbo.com\/index.php\/wp-json\/wp\/v2\/users\/12"}],"replies":[{"embeddable":true,"href":"https:\/\/innoticiasbo.com\/index.php\/wp-json\/wp\/v2\/comments?post=15407"}],"version-history":[{"count":1,"href":"https:\/\/innoticiasbo.com\/index.php\/wp-json\/wp\/v2\/posts\/15407\/revisions"}],"predecessor-version":[{"id":15408,"href":"https:\/\/innoticiasbo.com\/index.php\/wp-json\/wp\/v2\/posts\/15407\/revisions\/15408"}],"wp:featuredmedia":[{"embeddable":true,"href":"https:\/\/innoticiasbo.com\/index.php\/wp-json\/wp\/v2\/media\/15406"}],"wp:attachment":[{"href":"https:\/\/innoticiasbo.com\/index.php\/wp-json\/wp\/v2\/media?parent=15407"}],"wp:term":[{"taxonomy":"category","embeddable":true,"href":"https:\/\/innoticiasbo.com\/index.php\/wp-json\/wp\/v2\/categories?post=15407"},{"taxonomy":"post_tag","embeddable":true,"href":"https:\/\/innoticiasbo.com\/index.php\/wp-json\/wp\/v2\/tags?post=15407"}],"curies":[{"name":"wp","href":"https:\/\/api.w.org\/{rel}","templated":true}]}}