{"id":15403,"date":"2026-08-31T09:50:41","date_gmt":"2026-08-31T13:50:41","guid":{"rendered":"https:\/\/innoticiasbo.com\/?p=15403"},"modified":"2026-08-31T09:52:16","modified_gmt":"2026-08-31T13:52:16","slug":"anuncian-que-el-miercoles-comenzara-el-proceso-de-reforma-electoral-en-bolivia","status":"publish","type":"post","link":"https:\/\/innoticiasbo.com\/index.php\/2026\/08\/31\/anuncian-que-el-miercoles-comenzara-el-proceso-de-reforma-electoral-en-bolivia\/","title":{"rendered":"ANUNCIAN QUE EL MI\u00c9RCOLES COMENZAR\u00c1 EL PROCESO DE REFORMA ELECTORAL EN BOLIVIA"},"content":{"rendered":"\n<figure class=\"wp-block-image size-large\"><img data-recalc-dims=\"1\" loading=\"lazy\" decoding=\"async\" width=\"640\" height=\"361\" src=\"https:\/\/i0.wp.com\/innoticiasbo.com\/wp-content\/uploads\/2026\/08\/image_editor_output_image1153699062-17881841282717774545390172389197.jpg?resize=640%2C361&#038;ssl=1\" alt=\"\" class=\"wp-image-15401\" srcset=\"https:\/\/i0.wp.com\/innoticiasbo.com\/wp-content\/uploads\/2026\/08\/image_editor_output_image1153699062-17881841282717774545390172389197.jpg?w=1003&amp;ssl=1 1003w, https:\/\/i0.wp.com\/innoticiasbo.com\/wp-content\/uploads\/2026\/08\/image_editor_output_image1153699062-17881841282717774545390172389197.jpg?resize=300%2C169&amp;ssl=1 300w, https:\/\/i0.wp.com\/innoticiasbo.com\/wp-content\/uploads\/2026\/08\/image_editor_output_image1153699062-17881841282717774545390172389197.jpg?resize=768%2C433&amp;ssl=1 768w\" sizes=\"auto, (max-width: 640px) 100vw, 640px\" \/><\/figure>\n\n\n\n<p>31 de agosto.- El Tribunal Supremo Electoral (TSE) y los nueve tribunales electorales departamentales se reunir\u00e1n el pr\u00f3ximo mi\u00e9rcoles en Cochabamba.\u00a0 \u201cNos reuniremos para iniciar formalmente y de manera institucional el proceso de reforma electoral\u201d, inform\u00f3 este domingo el presidente del TSE, Gustavo \u00c1vila.<br><br>Se\u00f1al\u00f3 que esta reforma debe efectuarse con responsabilidad, di\u00e1logo plural y visi\u00f3n de futuro, pensando en las pr\u00f3ximas generaciones y en la consolidaci\u00f3n de una institucionalidad electoral s\u00f3lida e independiente.<br><br>\u201cTenemos un compromiso con Bolivia: mejorar nuestras leyes electorales, fortalecer la democracia y garantizar procesos electorales cada vez m\u00e1s transparentes, eficientes y confiables\u201d, destac\u00f3.<\/p>\n\n\n\n<p>Anunci\u00f3 que, en las siguientes semanas, se ampliar\u00e1 el di\u00e1logo sobre la reforma con organizaciones pol\u00edticas, periodistas, pueblos ind\u00edgena originarios campesinos y organizaciones de la sociedad civil.<\/p>\n\n\n\n<p>Fuente: El Deber <\/p>\n","protected":false},"excerpt":{"rendered":"<p>31 de agosto.- El Tribunal Supremo Electoral (TSE) y los nueve tribunales electorales departamentales se reunir\u00e1n el pr\u00f3ximo mi\u00e9rcoles en Cochabamba.\u00a0 \u201cNos reuniremos para iniciar formalmente y de manera institucional el proceso de reforma electoral\u201d, inform\u00f3 este domingo el presidente del TSE, Gustavo \u00c1vila. Se\u00f1al\u00f3 que esta reforma debe efectuarse con responsabilidad, di\u00e1logo plural y&#8230;<\/p>\n","protected":false},"author":12,"featured_media":15402,"comment_status":"open","ping_status":"open","sticky":false,"template":"","format":"standard","meta":{"_jetpack_memberships_contains_paid_content":false,"footnotes":"","jetpack_publicize_message":"","jetpack_publicize_feature_enabled":true,"jetpack_social_post_already_shared":true,"jetpack_social_options":{"image_generator_settings":{"template":"highway","enabled":false},"version":2}},"categories":[1,3],"tags":[3795,7,3991,177,3992,1728],"class_list":["post-15403","post","type-post","status-publish","format-standard","has-post-thumbnail","hentry","category-bolivia","category-politica","tag-anuncia","tag-bolivia","tag-comenzara","tag-gobierno","tag-proceso-de-reforma","tag-tribunal-supremo-electoral"],"jetpack_publicize_connections":[],"yoast_head":"<!-- This site is optimized with the Yoast SEO plugin v23.4 - https:\/\/yoast.com\/wordpress\/plugins\/seo\/ -->\n<title>ANUNCIAN QUE EL MI\u00c9RCOLES COMENZAR\u00c1 EL PROCESO DE REFORMA ELECTORAL EN BOLIVIA - innoticiasbo.com<\/title>\n<meta name=\"robots\" content=\"index, follow, max-snippet:-1, max-image-preview:large, max-video-preview:-1\" \/>\n<link rel=\"canonical\" href=\"https:\/\/innoticiasbo.com\/index.php\/2026\/08\/31\/anuncian-que-el-miercoles-comenzara-el-proceso-de-reforma-electoral-en-bolivia\/\" \/>\n<meta property=\"og:locale\" content=\"es_ES\" \/>\n<meta property=\"og:type\" content=\"article\" \/>\n<meta property=\"og:title\" content=\"ANUNCIAN QUE EL MI\u00c9RCOLES COMENZAR\u00c1 EL PROCESO DE REFORMA ELECTORAL EN BOLIVIA - innoticiasbo.com\" \/>\n<meta property=\"og:description\" content=\"31 de agosto.- El Tribunal Supremo Electoral (TSE) y los nueve tribunales electorales departamentales se reunir\u00e1n el pr\u00f3ximo mi\u00e9rcoles en Cochabamba.\u00a0 \u201cNos reuniremos para iniciar formalmente y de manera institucional el proceso de reforma electoral\u201d, inform\u00f3 este domingo el presidente del TSE, Gustavo \u00c1vila. Se\u00f1al\u00f3 que esta reforma debe efectuarse con responsabilidad, di\u00e1logo plural y...\" \/>\n<meta property=\"og:url\" content=\"https:\/\/innoticiasbo.com\/index.php\/2026\/08\/31\/anuncian-que-el-miercoles-comenzara-el-proceso-de-reforma-electoral-en-bolivia\/\" \/>\n<meta property=\"og:site_name\" content=\"innoticiasbo.com\" \/>\n<meta property=\"article:publisher\" content=\"https:\/\/www.facebook.com\/innoticiasbolivia\" \/>\n<meta property=\"article:published_time\" content=\"2026-08-31T13:50:41+00:00\" \/>\n<meta property=\"article:modified_time\" content=\"2026-08-31T13:52:16+00:00\" \/>\n<meta property=\"og:image\" content=\"https:\/\/i0.wp.com\/innoticiasbo.com\/wp-content\/uploads\/2026\/08\/image_editor_output_image1153699062-1788184297820.jpg?fit=1006%2C561&ssl=1\" \/>\n\t<meta property=\"og:image:width\" content=\"1006\" \/>\n\t<meta property=\"og:image:height\" content=\"561\" \/>\n\t<meta property=\"og:image:type\" content=\"image\/jpeg\" \/>\n<meta name=\"author\" content=\"Jason Gonzales\" \/>\n<meta name=\"twitter:card\" content=\"summary_large_image\" \/>\n<meta name=\"twitter:creator\" content=\"@innoticiasbo\" \/>\n<meta name=\"twitter:site\" content=\"@innoticiasbo\" \/>\n<meta name=\"twitter:label1\" content=\"Escrito por\" \/>\n\t<meta name=\"twitter:data1\" content=\"Jason Gonzales\" \/>\n\t<meta name=\"twitter:label2\" content=\"Tiempo de lectura\" \/>\n\t<meta name=\"twitter:data2\" content=\"1 minuto\" \/>\n<script type=\"application\/ld+json\" class=\"yoast-schema-graph\">{\"@context\":\"https:\/\/schema.org\",\"@graph\":[{\"@type\":\"Article\",\"@id\":\"https:\/\/innoticiasbo.com\/index.php\/2026\/08\/31\/anuncian-que-el-miercoles-comenzara-el-proceso-de-reforma-electoral-en-bolivia\/#article\",\"isPartOf\":{\"@id\":\"https:\/\/innoticiasbo.com\/index.php\/2026\/08\/31\/anuncian-que-el-miercoles-comenzara-el-proceso-de-reforma-electoral-en-bolivia\/\"},\"author\":{\"name\":\"Jason Gonzales\",\"@id\":\"https:\/\/innoticiasbo.com\/#\/schema\/person\/9af0c49836719fb5d47b55cc879140ce\"},\"headline\":\"ANUNCIAN QUE EL MI\u00c9RCOLES COMENZAR\u00c1 EL PROCESO DE REFORMA ELECTORAL EN BOLIVIA\",\"datePublished\":\"2026-08-31T13:50:41+00:00\",\"dateModified\":\"2026-08-31T13:52:16+00:00\",\"mainEntityOfPage\":{\"@id\":\"https:\/\/innoticiasbo.com\/index.php\/2026\/08\/31\/anuncian-que-el-miercoles-comenzara-el-proceso-de-reforma-electoral-en-bolivia\/\"},\"wordCount\":154,\"commentCount\":0,\"publisher\":{\"@id\":\"https:\/\/innoticiasbo.com\/#organization\"},\"image\":{\"@id\":\"https:\/\/innoticiasbo.com\/index.php\/2026\/08\/31\/anuncian-que-el-miercoles-comenzara-el-proceso-de-reforma-electoral-en-bolivia\/#primaryimage\"},\"thumbnailUrl\":\"https:\/\/i0.wp.com\/innoticiasbo.com\/wp-content\/uploads\/2026\/08\/image_editor_output_image1153699062-1788184297820.jpg?fit=1006%2C561&ssl=1\",\"keywords\":[\"Anuncia\",\"Bolivia\",\"Comenzar\u00e1\",\"gobierno\",\"Proceso de reforma\",\"Tribunal Supremo Electoral\"],\"articleSection\":[\"Bolivia\",\"Pol\u00edtica\"],\"inLanguage\":\"es\",\"potentialAction\":[{\"@type\":\"CommentAction\",\"name\":\"Comment\",\"target\":[\"https:\/\/innoticiasbo.com\/index.php\/2026\/08\/31\/anuncian-que-el-miercoles-comenzara-el-proceso-de-reforma-electoral-en-bolivia\/#respond\"]}]},{\"@type\":\"WebPage\",\"@id\":\"https:\/\/innoticiasbo.com\/index.php\/2026\/08\/31\/anuncian-que-el-miercoles-comenzara-el-proceso-de-reforma-electoral-en-bolivia\/\",\"url\":\"https:\/\/innoticiasbo.com\/index.php\/2026\/08\/31\/anuncian-que-el-miercoles-comenzara-el-proceso-de-reforma-electoral-en-bolivia\/\",\"name\":\"ANUNCIAN QUE EL MI\u00c9RCOLES COMENZAR\u00c1 EL PROCESO DE REFORMA ELECTORAL EN BOLIVIA - innoticiasbo.com\",\"isPartOf\":{\"@id\":\"https:\/\/innoticiasbo.com\/#website\"},\"primaryImageOfPage\":{\"@id\":\"https:\/\/innoticiasbo.com\/index.php\/2026\/08\/31\/anuncian-que-el-miercoles-comenzara-el-proceso-de-reforma-electoral-en-bolivia\/#primaryimage\"},\"image\":{\"@id\":\"https:\/\/innoticiasbo.com\/index.php\/2026\/08\/31\/anuncian-que-el-miercoles-comenzara-el-proceso-de-reforma-electoral-en-bolivia\/#primaryimage\"},\"thumbnailUrl\":\"https:\/\/i0.wp.com\/innoticiasbo.com\/wp-content\/uploads\/2026\/08\/image_editor_output_image1153699062-1788184297820.jpg?fit=1006%2C561&ssl=1\",\"datePublished\":\"2026-08-31T13:50:41+00:00\",\"dateModified\":\"2026-08-31T13:52:16+00:00\",\"breadcrumb\":{\"@id\":\"https:\/\/innoticiasbo.com\/index.php\/2026\/08\/31\/anuncian-que-el-miercoles-comenzara-el-proceso-de-reforma-electoral-en-bolivia\/#breadcrumb\"},\"inLanguage\":\"es\",\"potentialAction\":[{\"@type\":\"ReadAction\",\"target\":[\"https:\/\/innoticiasbo.com\/index.php\/2026\/08\/31\/anuncian-que-el-miercoles-comenzara-el-proceso-de-reforma-electoral-en-bolivia\/\"]}]},{\"@type\":\"ImageObject\",\"inLanguage\":\"es\",\"@id\":\"https:\/\/innoticiasbo.com\/index.php\/2026\/08\/31\/anuncian-que-el-miercoles-comenzara-el-proceso-de-reforma-electoral-en-bolivia\/#primaryimage\",\"url\":\"https:\/\/i0.wp.com\/innoticiasbo.com\/wp-content\/uploads\/2026\/08\/image_editor_output_image1153699062-1788184297820.jpg?fit=1006%2C561&ssl=1\",\"contentUrl\":\"https:\/\/i0.wp.com\/innoticiasbo.com\/wp-content\/uploads\/2026\/08\/image_editor_output_image1153699062-1788184297820.jpg?fit=1006%2C561&ssl=1\",\"width\":1006,\"height\":561},{\"@type\":\"BreadcrumbList\",\"@id\":\"https:\/\/innoticiasbo.com\/index.php\/2026\/08\/31\/anuncian-que-el-miercoles-comenzara-el-proceso-de-reforma-electoral-en-bolivia\/#breadcrumb\",\"itemListElement\":[{\"@type\":\"ListItem\",\"position\":1,\"name\":\"Portada\",\"item\":\"https:\/\/innoticiasbo.com\/\"},{\"@type\":\"ListItem\",\"position\":2,\"name\":\"ANUNCIAN QUE EL MI\u00c9RCOLES COMENZAR\u00c1 EL PROCESO DE REFORMA ELECTORAL EN BOLIVIA\"}]},{\"@type\":\"WebSite\",\"@id\":\"https:\/\/innoticiasbo.com\/#website\",\"url\":\"https:\/\/innoticiasbo.com\/\",\"name\":\"innoticiasbo.com\",\"description\":\"\",\"publisher\":{\"@id\":\"https:\/\/innoticiasbo.com\/#organization\"},\"potentialAction\":[{\"@type\":\"SearchAction\",\"target\":{\"@type\":\"EntryPoint\",\"urlTemplate\":\"https:\/\/innoticiasbo.com\/?s={search_term_string}\"},\"query-input\":{\"@type\":\"PropertyValueSpecification\",\"valueRequired\":true,\"valueName\":\"search_term_string\"}}],\"inLanguage\":\"es\"},{\"@type\":\"Organization\",\"@id\":\"https:\/\/innoticiasbo.com\/#organization\",\"name\":\"innoticiasbo.com\",\"url\":\"https:\/\/innoticiasbo.com\/\",\"logo\":{\"@type\":\"ImageObject\",\"inLanguage\":\"es\",\"@id\":\"https:\/\/innoticiasbo.com\/#\/schema\/logo\/image\/\",\"url\":\"https:\/\/i0.wp.com\/innoticiasbo.com\/wp-content\/uploads\/2026\/04\/cropped-IN-LOGO.png?fit=1476%2C1476&ssl=1\",\"contentUrl\":\"https:\/\/i0.wp.com\/innoticiasbo.com\/wp-content\/uploads\/2026\/04\/cropped-IN-LOGO.png?fit=1476%2C1476&ssl=1\",\"width\":1476,\"height\":1476,\"caption\":\"innoticiasbo.com\"},\"image\":{\"@id\":\"https:\/\/innoticiasbo.com\/#\/schema\/logo\/image\/\"},\"sameAs\":[\"https:\/\/www.facebook.com\/innoticiasbolivia\",\"https:\/\/x.com\/innoticiasbo\",\"https:\/\/www.instagram.com\/innoticiasbo\",\"https:\/\/www.youtube.com\/innoticiasbo\"]},{\"@type\":\"Person\",\"@id\":\"https:\/\/innoticiasbo.com\/#\/schema\/person\/9af0c49836719fb5d47b55cc879140ce\",\"name\":\"Jason Gonzales\",\"image\":{\"@type\":\"ImageObject\",\"inLanguage\":\"es\",\"@id\":\"https:\/\/innoticiasbo.com\/#\/schema\/person\/image\/\",\"url\":\"https:\/\/secure.gravatar.com\/avatar\/ff64cacc93e8658997d62d298b4dff23?s=96&d=mm&r=g\",\"contentUrl\":\"https:\/\/secure.gravatar.com\/avatar\/ff64cacc93e8658997d62d298b4dff23?s=96&d=mm&r=g\",\"caption\":\"Jason Gonzales\"},\"sameAs\":[\"http:\/\/www.innoticiasbo.com\"],\"url\":\"https:\/\/innoticiasbo.com\/index.php\/author\/prensa-8\/\"}]}<\/script>\n<!-- \/ Yoast SEO plugin. -->","yoast_head_json":{"title":"ANUNCIAN QUE EL MI\u00c9RCOLES COMENZAR\u00c1 EL PROCESO DE REFORMA ELECTORAL EN BOLIVIA - innoticiasbo.com","robots":{"index":"index","follow":"follow","max-snippet":"max-snippet:-1","max-image-preview":"max-image-preview:large","max-video-preview":"max-video-preview:-1"},"canonical":"https:\/\/innoticiasbo.com\/index.php\/2026\/08\/31\/anuncian-que-el-miercoles-comenzara-el-proceso-de-reforma-electoral-en-bolivia\/","og_locale":"es_ES","og_type":"article","og_title":"ANUNCIAN QUE EL MI\u00c9RCOLES COMENZAR\u00c1 EL PROCESO DE REFORMA ELECTORAL EN BOLIVIA - innoticiasbo.com","og_description":"31 de agosto.- El Tribunal Supremo Electoral (TSE) y los nueve tribunales electorales departamentales se reunir\u00e1n el pr\u00f3ximo mi\u00e9rcoles en Cochabamba.\u00a0 \u201cNos reuniremos para iniciar formalmente y de manera institucional el proceso de reforma electoral\u201d, inform\u00f3 este domingo el presidente del TSE, Gustavo \u00c1vila. Se\u00f1al\u00f3 que esta reforma debe efectuarse con responsabilidad, di\u00e1logo plural y...","og_url":"https:\/\/innoticiasbo.com\/index.php\/2026\/08\/31\/anuncian-que-el-miercoles-comenzara-el-proceso-de-reforma-electoral-en-bolivia\/","og_site_name":"innoticiasbo.com","article_publisher":"https:\/\/www.facebook.com\/innoticiasbolivia","article_published_time":"2026-08-31T13:50:41+00:00","article_modified_time":"2026-08-31T13:52:16+00:00","og_image":[{"width":1006,"height":561,"url":"https:\/\/i0.wp.com\/innoticiasbo.com\/wp-content\/uploads\/2026\/08\/image_editor_output_image1153699062-1788184297820.jpg?fit=1006%2C561&ssl=1","type":"image\/jpeg"}],"author":"Jason Gonzales","twitter_card":"summary_large_image","twitter_creator":"@innoticiasbo","twitter_site":"@innoticiasbo","twitter_misc":{"Escrito por":"Jason Gonzales","Tiempo de lectura":"1 minuto"},"schema":{"@context":"https:\/\/schema.org","@graph":[{"@type":"Article","@id":"https:\/\/innoticiasbo.com\/index.php\/2026\/08\/31\/anuncian-que-el-miercoles-comenzara-el-proceso-de-reforma-electoral-en-bolivia\/#article","isPartOf":{"@id":"https:\/\/innoticiasbo.com\/index.php\/2026\/08\/31\/anuncian-que-el-miercoles-comenzara-el-proceso-de-reforma-electoral-en-bolivia\/"},"author":{"name":"Jason Gonzales","@id":"https:\/\/innoticiasbo.com\/#\/schema\/person\/9af0c49836719fb5d47b55cc879140ce"},"headline":"ANUNCIAN QUE EL MI\u00c9RCOLES COMENZAR\u00c1 EL PROCESO DE REFORMA ELECTORAL EN BOLIVIA","datePublished":"2026-08-31T13:50:41+00:00","dateModified":"2026-08-31T13:52:16+00:00","mainEntityOfPage":{"@id":"https:\/\/innoticiasbo.com\/index.php\/2026\/08\/31\/anuncian-que-el-miercoles-comenzara-el-proceso-de-reforma-electoral-en-bolivia\/"},"wordCount":154,"commentCount":0,"publisher":{"@id":"https:\/\/innoticiasbo.com\/#organization"},"image":{"@id":"https:\/\/innoticiasbo.com\/index.php\/2026\/08\/31\/anuncian-que-el-miercoles-comenzara-el-proceso-de-reforma-electoral-en-bolivia\/#primaryimage"},"thumbnailUrl":"https:\/\/i0.wp.com\/innoticiasbo.com\/wp-content\/uploads\/2026\/08\/image_editor_output_image1153699062-1788184297820.jpg?fit=1006%2C561&ssl=1","keywords":["Anuncia","Bolivia","Comenzar\u00e1","gobierno","Proceso de reforma","Tribunal Supremo Electoral"],"articleSection":["Bolivia","Pol\u00edtica"],"inLanguage":"es","potentialAction":[{"@type":"CommentAction","name":"Comment","target":["https:\/\/innoticiasbo.com\/index.php\/2026\/08\/31\/anuncian-que-el-miercoles-comenzara-el-proceso-de-reforma-electoral-en-bolivia\/#respond"]}]},{"@type":"WebPage","@id":"https:\/\/innoticiasbo.com\/index.php\/2026\/08\/31\/anuncian-que-el-miercoles-comenzara-el-proceso-de-reforma-electoral-en-bolivia\/","url":"https:\/\/innoticiasbo.com\/index.php\/2026\/08\/31\/anuncian-que-el-miercoles-comenzara-el-proceso-de-reforma-electoral-en-bolivia\/","name":"ANUNCIAN QUE EL MI\u00c9RCOLES COMENZAR\u00c1 EL PROCESO DE REFORMA ELECTORAL EN BOLIVIA - innoticiasbo.com","isPartOf":{"@id":"https:\/\/innoticiasbo.com\/#website"},"primaryImageOfPage":{"@id":"https:\/\/innoticiasbo.com\/index.php\/2026\/08\/31\/anuncian-que-el-miercoles-comenzara-el-proceso-de-reforma-electoral-en-bolivia\/#primaryimage"},"image":{"@id":"https:\/\/innoticiasbo.com\/index.php\/2026\/08\/31\/anuncian-que-el-miercoles-comenzara-el-proceso-de-reforma-electoral-en-bolivia\/#primaryimage"},"thumbnailUrl":"https:\/\/i0.wp.com\/innoticiasbo.com\/wp-content\/uploads\/2026\/08\/image_editor_output_image1153699062-1788184297820.jpg?fit=1006%2C561&ssl=1","datePublished":"2026-08-31T13:50:41+00:00","dateModified":"2026-08-31T13:52:16+00:00","breadcrumb":{"@id":"https:\/\/innoticiasbo.com\/index.php\/2026\/08\/31\/anuncian-que-el-miercoles-comenzara-el-proceso-de-reforma-electoral-en-bolivia\/#breadcrumb"},"inLanguage":"es","potentialAction":[{"@type":"ReadAction","target":["https:\/\/innoticiasbo.com\/index.php\/2026\/08\/31\/anuncian-que-el-miercoles-comenzara-el-proceso-de-reforma-electoral-en-bolivia\/"]}]},{"@type":"ImageObject","inLanguage":"es","@id":"https:\/\/innoticiasbo.com\/index.php\/2026\/08\/31\/anuncian-que-el-miercoles-comenzara-el-proceso-de-reforma-electoral-en-bolivia\/#primaryimage","url":"https:\/\/i0.wp.com\/innoticiasbo.com\/wp-content\/uploads\/2026\/08\/image_editor_output_image1153699062-1788184297820.jpg?fit=1006%2C561&ssl=1","contentUrl":"https:\/\/i0.wp.com\/innoticiasbo.com\/wp-content\/uploads\/2026\/08\/image_editor_output_image1153699062-1788184297820.jpg?fit=1006%2C561&ssl=1","width":1006,"height":561},{"@type":"BreadcrumbList","@id":"https:\/\/innoticiasbo.com\/index.php\/2026\/08\/31\/anuncian-que-el-miercoles-comenzara-el-proceso-de-reforma-electoral-en-bolivia\/#breadcrumb","itemListElement":[{"@type":"ListItem","position":1,"name":"Portada","item":"https:\/\/innoticiasbo.com\/"},{"@type":"ListItem","position":2,"name":"ANUNCIAN QUE EL MI\u00c9RCOLES COMENZAR\u00c1 EL PROCESO DE REFORMA ELECTORAL EN BOLIVIA"}]},{"@type":"WebSite","@id":"https:\/\/innoticiasbo.com\/#website","url":"https:\/\/innoticiasbo.com\/","name":"innoticiasbo.com","description":"","publisher":{"@id":"https:\/\/innoticiasbo.com\/#organization"},"potentialAction":[{"@type":"SearchAction","target":{"@type":"EntryPoint","urlTemplate":"https:\/\/innoticiasbo.com\/?s={search_term_string}"},"query-input":{"@type":"PropertyValueSpecification","valueRequired":true,"valueName":"search_term_string"}}],"inLanguage":"es"},{"@type":"Organization","@id":"https:\/\/innoticiasbo.com\/#organization","name":"innoticiasbo.com","url":"https:\/\/innoticiasbo.com\/","logo":{"@type":"ImageObject","inLanguage":"es","@id":"https:\/\/innoticiasbo.com\/#\/schema\/logo\/image\/","url":"https:\/\/i0.wp.com\/innoticiasbo.com\/wp-content\/uploads\/2026\/04\/cropped-IN-LOGO.png?fit=1476%2C1476&ssl=1","contentUrl":"https:\/\/i0.wp.com\/innoticiasbo.com\/wp-content\/uploads\/2026\/04\/cropped-IN-LOGO.png?fit=1476%2C1476&ssl=1","width":1476,"height":1476,"caption":"innoticiasbo.com"},"image":{"@id":"https:\/\/innoticiasbo.com\/#\/schema\/logo\/image\/"},"sameAs":["https:\/\/www.facebook.com\/innoticiasbolivia","https:\/\/x.com\/innoticiasbo","https:\/\/www.instagram.com\/innoticiasbo","https:\/\/www.youtube.com\/innoticiasbo"]},{"@type":"Person","@id":"https:\/\/innoticiasbo.com\/#\/schema\/person\/9af0c49836719fb5d47b55cc879140ce","name":"Jason Gonzales","image":{"@type":"ImageObject","inLanguage":"es","@id":"https:\/\/innoticiasbo.com\/#\/schema\/person\/image\/","url":"https:\/\/secure.gravatar.com\/avatar\/ff64cacc93e8658997d62d298b4dff23?s=96&d=mm&r=g","contentUrl":"https:\/\/secure.gravatar.com\/avatar\/ff64cacc93e8658997d62d298b4dff23?s=96&d=mm&r=g","caption":"Jason Gonzales"},"sameAs":["http:\/\/www.innoticiasbo.com"],"url":"https:\/\/innoticiasbo.com\/index.php\/author\/prensa-8\/"}]}},"jetpack_featured_media_url":"https:\/\/i0.wp.com\/innoticiasbo.com\/wp-content\/uploads\/2026\/08\/image_editor_output_image1153699062-1788184297820.jpg?fit=1006%2C561&ssl=1","jetpack_likes_enabled":true,"jetpack_sharing_enabled":true,"jetpack_shortlink":"https:\/\/wp.me\/pg298x-40r","_links":{"self":[{"href":"https:\/\/innoticiasbo.com\/index.php\/wp-json\/wp\/v2\/posts\/15403","targetHints":{"allow":["GET"]}}],"collection":[{"href":"https:\/\/innoticiasbo.com\/index.php\/wp-json\/wp\/v2\/posts"}],"about":[{"href":"https:\/\/innoticiasbo.com\/index.php\/wp-json\/wp\/v2\/types\/post"}],"author":[{"embeddable":true,"href":"https:\/\/innoticiasbo.com\/index.php\/wp-json\/wp\/v2\/users\/12"}],"replies":[{"embeddable":true,"href":"https:\/\/innoticiasbo.com\/index.php\/wp-json\/wp\/v2\/comments?post=15403"}],"version-history":[{"count":1,"href":"https:\/\/innoticiasbo.com\/index.php\/wp-json\/wp\/v2\/posts\/15403\/revisions"}],"predecessor-version":[{"id":15404,"href":"https:\/\/innoticiasbo.com\/index.php\/wp-json\/wp\/v2\/posts\/15403\/revisions\/15404"}],"wp:featuredmedia":[{"embeddable":true,"href":"https:\/\/innoticiasbo.com\/index.php\/wp-json\/wp\/v2\/media\/15402"}],"wp:attachment":[{"href":"https:\/\/innoticiasbo.com\/index.php\/wp-json\/wp\/v2\/media?parent=15403"}],"wp:term":[{"taxonomy":"category","embeddable":true,"href":"https:\/\/innoticiasbo.com\/index.php\/wp-json\/wp\/v2\/categories?post=15403"},{"taxonomy":"post_tag","embeddable":true,"href":"https:\/\/innoticiasbo.com\/index.php\/wp-json\/wp\/v2\/tags?post=15403"}],"curies":[{"name":"wp","href":"https:\/\/api.w.org\/{rel}","templated":true}]}}