{"id":15399,"date":"2026-08-31T09:35:50","date_gmt":"2026-08-31T13:35:50","guid":{"rendered":"https:\/\/innoticiasbo.com\/?p=15399"},"modified":"2026-08-31T09:44:14","modified_gmt":"2026-08-31T13:44:14","slug":"la-asamblea-legislativa-pasa-mas-tiempo-en-interpelaciones-que-en-aprobacion-de-leyes","status":"publish","type":"post","link":"https:\/\/innoticiasbo.com\/index.php\/2026\/08\/31\/la-asamblea-legislativa-pasa-mas-tiempo-en-interpelaciones-que-en-aprobacion-de-leyes\/","title":{"rendered":"LA ASAMBLEA LEGISLATIVA PASA M\u00c1S TIEMPO EN INTERPELACIONES QUE EN APROBACI\u00d3N DE LEYES"},"content":{"rendered":"\n<figure class=\"wp-block-image size-large\"><img data-recalc-dims=\"1\" loading=\"lazy\" decoding=\"async\" width=\"640\" height=\"363\" src=\"https:\/\/i0.wp.com\/innoticiasbo.com\/wp-content\/uploads\/2026\/08\/image_editor_output_image-1553552946-17881832840767134060719172373248.jpg?resize=640%2C363&#038;ssl=1\" alt=\"\" class=\"wp-image-15397\" srcset=\"https:\/\/i0.wp.com\/innoticiasbo.com\/wp-content\/uploads\/2026\/08\/image_editor_output_image-1553552946-17881832840767134060719172373248.jpg?w=1002&amp;ssl=1 1002w, https:\/\/i0.wp.com\/innoticiasbo.com\/wp-content\/uploads\/2026\/08\/image_editor_output_image-1553552946-17881832840767134060719172373248.jpg?resize=300%2C170&amp;ssl=1 300w, https:\/\/i0.wp.com\/innoticiasbo.com\/wp-content\/uploads\/2026\/08\/image_editor_output_image-1553552946-17881832840767134060719172373248.jpg?resize=768%2C435&amp;ssl=1 768w\" sizes=\"auto, (max-width: 640px) 100vw, 640px\" \/><\/figure>\n\n\n\n<p>31 de agosto.- Los 10 primeros d\u00edas de septiembre la Asamblea Legislativa Plurinacional perfila al menos cuatro interpelaciones a tres ministros del gabinete del presidente Rodrigo Paz. Dos de ellas son contra el ministro de Gobierno, Marco Antonio Oviedo, quien fue interpelado el pasado mi\u00e9rcoles.<br><br>A esa agenda de interpelaciones se suman otras dos que Libre solicit\u00f3 el 28 de agosto, una contra Oviedo y otra contra el ministro de la Presidencia, Fernando Aramayo. Los interpelantes piden explicaciones del caso de Fernando Cerimedo y su rol en Bolivia.<br><br>Mientras tanto, no arranca el tratamiento de los proyectos de leyes fundamentales que anunci\u00f3 el presidente Rodrigo Paz en mayo. El \u00fanico proyecto que lleg\u00f3 fue el de la nueva Ley de Inversiones que fue devuelto al Ejecutivo por un error t\u00e9cnico, y reci\u00e9n el 27 de agosto fue remitido a la Comisi\u00f3n de Planificaci\u00f3n de Diputados, con la correcci\u00f3n solicitada.<\/p>\n\n\n\n<p>Suman las interpelaciones<br><br>Despu\u00e9s de las tres recientes interpelaciones que hubo en agosto, la Asamblea Legislativa program\u00f3 para los primeros 10 d\u00edas de septiembre unas cuatro sesiones para interpelar a los ministros de Paz, dos de ellas a Marco Oviedo, responsable de Gobierno, seg\u00fan el diputado Alejandro Reyes (Unidad).<br><br>\u201cC\u00f3mo es posible que a un ministro tan importante como es el ministro de Gobierno se lo tenga que interpelar una vez por semana\u201d, observ\u00f3 Reyes y expuso un \u201ccalendario\u201d de las pr\u00f3ximas interpelaciones. \u201cEl 3 (de septiembre) se lo interpela al ministro Oviedo, luego el 9. Del 7 al 10, hay tres interpelaciones\u201d, dijo.<\/p>\n\n\n\n<p>El 9 de septiembre Oviedo ser\u00e1 interpelado por \u201clas actuaciones\u201d de Cerimedo en Bolivia, a solicitud de las senadoras Judith Garc\u00eda y Bertha Guti\u00e9rrez, ambas del PCD larista, seg\u00fan una nota que envi\u00f3 Edmand Lara al presidente del Senado, Diego \u00c1vila, carta a la que accedi\u00f3 EL DEBER.<br><br>El 7 de septiembre interpelar\u00e1n al ministro de Educaci\u00f3n, Erick Sanjin\u00e9s y el 10 al de Econom\u00eda, Christian Morales, inform\u00f3 a este medio una fuente legislativa.<br><br>Libre suma otras dos interpelaciones contra Oviedo y Aramayo por el caso Cerimedo, pero si el 9 de septiembre interpelan al ministro de Gobierno por ese caso, el pedido de Libre ya no se tomar\u00eda en cuenta porque una autoridad no puede ser interpelada dos veces por el mismo caso.<br><br>La interpelaci\u00f3n a un ministro es un mecanismo de control pol\u00edtico y fiscalizaci\u00f3n que tiene el Legislativo a las tareas que cumple el Ejecutivo. Si las explicaciones no satisfacen el interpelado puede ser censurado y destituido de su cargo. Es el \u00faltimo recurso de la Asamblea, previo a eso est\u00e1n los pedidos de informes escritos orales que muchas veces se archivan por meses por lo cual los legisladores optan por la interpelaci\u00f3n.<br><br>Las posturas<br><br>Si bien el Legislativo cumple su rol a trav\u00e9s del mecanismo de interpelaciones, legisladores observaron en las mismas sesiones, actuaciones fuera del reglamento en especial de Edmand Lara, entre ellas interpelar a dos ministros sobre un mismo tema, como pas\u00f3 en Hidrocarburos; extender por varias horas la sesi\u00f3n con voto nominal para todo, no coordinar tareas con la directiva, es decir, con los presidentes del Senado y Diputados, no acceder al pedido de los mismos interpelantes de postergar para otra fecha la interpelaci\u00f3n por falta de informaci\u00f3n<br><br>La diputada Cecilia Requena (Unidad) afirm\u00f3 que, las constantes sesiones para interpelar por largas horas retrasa el trabajo que los asamble\u00edstas deben cumplir en sus comisiones tratando proyectos de ley, pedidos de informes escritos, orales, o fiscalizando alg\u00fan proyecto del Gobierno.<\/p>\n\n\n\n<p>En cambio, el senador Jos\u00e9 Ormachea de Libre, afirma que interpelar \u201ces totalmente necesario porque no est\u00e1n haciendo bien su trabajo y es nuestra facultad y nuestra obligaci\u00f3n, y en todo caso el que no sobrevive es porque est\u00e1 haciendo mal su trabajo\u201d.<br><br>El legislador anot\u00f3 que hasta la fecha no existe ning\u00fan avance en el tratamiento de las leyes fundamentales porque el Gobierno no las present\u00f3. \u201cS\u00f3lo amenazan nom\u00e1s con que van a pasar estas leyes, pero no hay absolutamente nada, se puede revisar en todas las comisiones, comit\u00e9s, brigadas, bancadas, en toda la estructura de la Asamblea Legislativa no hay nada\u201d, dijo Ormachea.<br><br>AN\u00c1LISIS<br><br>Carlos B\u00f6rth, constitucionalista y exparlamentario: \u00abTodos los actos en la Asamblea son pol\u00edticos\u00bb<\/p>\n\n\n\n<p>La interpelaci\u00f3n es el m\u00e1ximo instrumento de fiscalizaci\u00f3n que tiene el Legislativo, es el m\u00e1s fuerte, porque puede concluir con la destituci\u00f3n del ministro que reciba la censura que s\u00f3lo es posible con dos tercios de votos. Pero esto no implica una amenaza para los ministros salvo que no asistan a la sesi\u00f3n, que no justifiquen la pol\u00edtica p\u00fablica cuestionada o los actos irregulares por los que ser\u00edan interpelados.<br><br>Todos los actos interpelatorios, de fiscalizaci\u00f3n, de legislaci\u00f3n en el Legislativo, son actos pol\u00edticos. Es el centro pol\u00edtico del pa\u00eds. No hay nada en ese poder que no respire pol\u00edtica y siempre va a ser as\u00ed.<br><br>Durante los 20 a\u00f1os del r\u00e9gimen masista, qued\u00f3 sin ejercicio la funci\u00f3n fiscalizadora del Legislativo. Y lo que es a\u00fan peor, en el periodo de Arce Catacora, usaron la jurisdicci\u00f3n constitucional para determinar que el Legislativo no tiene atribuciones para convocar a los ministros en clara violaci\u00f3n de la Constituci\u00f3n.<\/p>\n\n\n\n<p>Desde marzo se fueron presentando solicitudes de interpelaci\u00f3n y el Legislativo, no convocaba a sesiones, as\u00ed que seguramente est\u00e1n despachando las interpelaciones pasadas<br><br>A esto hay que sumar que la situaci\u00f3n del pa\u00eds es de fuertes cuestionamientos al Ejecutivo, la falta de adoptar pol\u00edticas claras y, \u00faltimamente, lo del Decreto 5676 del di\u00e9sel. Entonces, est\u00e1n generando otras interpelaciones.<\/p>\n\n\n\n<p>Fuente: El Deber <\/p>\n","protected":false},"excerpt":{"rendered":"<p>31 de agosto.- Los 10 primeros d\u00edas de septiembre la Asamblea Legislativa Plurinacional perfila al menos cuatro interpelaciones a tres ministros del gabinete del presidente Rodrigo Paz. Dos de ellas son contra el ministro de Gobierno, Marco Antonio Oviedo, quien fue interpelado el pasado mi\u00e9rcoles. A esa agenda de interpelaciones se suman otras dos que&#8230;<\/p>\n","protected":false},"author":12,"featured_media":15398,"comment_status":"open","ping_status":"open","sticky":false,"template":"","format":"standard","meta":{"_jetpack_memberships_contains_paid_content":false,"footnotes":"","jetpack_publicize_message":"","jetpack_publicize_feature_enabled":true,"jetpack_social_post_already_shared":true,"jetpack_social_options":{"image_generator_settings":{"template":"highway","enabled":false},"version":2}},"categories":[1,3],"tags":[3990,59,7,177,3989],"class_list":["post-15399","post","type-post","status-publish","format-standard","has-post-thumbnail","hentry","category-bolivia","category-politica","tag-aprobacion-de-leyes","tag-asamblea-legislativa","tag-bolivia","tag-gobierno","tag-interpelaciones"],"jetpack_publicize_connections":[],"yoast_head":"<!-- This site is optimized with the Yoast SEO plugin v23.4 - https:\/\/yoast.com\/wordpress\/plugins\/seo\/ -->\n<title>LA ASAMBLEA LEGISLATIVA PASA M\u00c1S TIEMPO EN INTERPELACIONES QUE EN APROBACI\u00d3N DE LEYES - innoticiasbo.com<\/title>\n<meta name=\"robots\" content=\"index, follow, max-snippet:-1, max-image-preview:large, max-video-preview:-1\" \/>\n<link rel=\"canonical\" href=\"https:\/\/innoticiasbo.com\/index.php\/2026\/08\/31\/la-asamblea-legislativa-pasa-mas-tiempo-en-interpelaciones-que-en-aprobacion-de-leyes\/\" \/>\n<meta property=\"og:locale\" content=\"es_ES\" \/>\n<meta property=\"og:type\" content=\"article\" \/>\n<meta property=\"og:title\" content=\"LA ASAMBLEA LEGISLATIVA PASA M\u00c1S TIEMPO EN INTERPELACIONES QUE EN APROBACI\u00d3N DE LEYES - innoticiasbo.com\" \/>\n<meta property=\"og:description\" content=\"31 de agosto.- Los 10 primeros d\u00edas de septiembre la Asamblea Legislativa Plurinacional perfila al menos cuatro interpelaciones a tres ministros del gabinete del presidente Rodrigo Paz. Dos de ellas son contra el ministro de Gobierno, Marco Antonio Oviedo, quien fue interpelado el pasado mi\u00e9rcoles. A esa agenda de interpelaciones se suman otras dos que...\" \/>\n<meta property=\"og:url\" content=\"https:\/\/innoticiasbo.com\/index.php\/2026\/08\/31\/la-asamblea-legislativa-pasa-mas-tiempo-en-interpelaciones-que-en-aprobacion-de-leyes\/\" \/>\n<meta property=\"og:site_name\" content=\"innoticiasbo.com\" \/>\n<meta property=\"article:publisher\" content=\"https:\/\/www.facebook.com\/innoticiasbolivia\" \/>\n<meta property=\"article:published_time\" content=\"2026-08-31T13:35:50+00:00\" \/>\n<meta property=\"article:modified_time\" content=\"2026-08-31T13:44:14+00:00\" \/>\n<meta property=\"og:image\" content=\"https:\/\/i0.wp.com\/innoticiasbo.com\/wp-content\/uploads\/2026\/08\/image_editor_output_image-1553552946-1788183832403.jpg?fit=1004%2C561&ssl=1\" \/>\n\t<meta property=\"og:image:width\" content=\"1004\" \/>\n\t<meta property=\"og:image:height\" content=\"561\" \/>\n\t<meta property=\"og:image:type\" content=\"image\/jpeg\" \/>\n<meta name=\"author\" content=\"Jason Gonzales\" \/>\n<meta name=\"twitter:card\" content=\"summary_large_image\" \/>\n<meta name=\"twitter:creator\" content=\"@innoticiasbo\" \/>\n<meta name=\"twitter:site\" content=\"@innoticiasbo\" \/>\n<meta name=\"twitter:label1\" content=\"Escrito por\" \/>\n\t<meta name=\"twitter:data1\" content=\"Jason Gonzales\" \/>\n\t<meta name=\"twitter:label2\" content=\"Tiempo de lectura\" \/>\n\t<meta name=\"twitter:data2\" content=\"5 minutos\" \/>\n<script type=\"application\/ld+json\" class=\"yoast-schema-graph\">{\"@context\":\"https:\/\/schema.org\",\"@graph\":[{\"@type\":\"Article\",\"@id\":\"https:\/\/innoticiasbo.com\/index.php\/2026\/08\/31\/la-asamblea-legislativa-pasa-mas-tiempo-en-interpelaciones-que-en-aprobacion-de-leyes\/#article\",\"isPartOf\":{\"@id\":\"https:\/\/innoticiasbo.com\/index.php\/2026\/08\/31\/la-asamblea-legislativa-pasa-mas-tiempo-en-interpelaciones-que-en-aprobacion-de-leyes\/\"},\"author\":{\"name\":\"Jason Gonzales\",\"@id\":\"https:\/\/innoticiasbo.com\/#\/schema\/person\/9af0c49836719fb5d47b55cc879140ce\"},\"headline\":\"LA ASAMBLEA LEGISLATIVA PASA M\u00c1S TIEMPO EN INTERPELACIONES QUE EN APROBACI\u00d3N DE LEYES\",\"datePublished\":\"2026-08-31T13:35:50+00:00\",\"dateModified\":\"2026-08-31T13:44:14+00:00\",\"mainEntityOfPage\":{\"@id\":\"https:\/\/innoticiasbo.com\/index.php\/2026\/08\/31\/la-asamblea-legislativa-pasa-mas-tiempo-en-interpelaciones-que-en-aprobacion-de-leyes\/\"},\"wordCount\":985,\"commentCount\":0,\"publisher\":{\"@id\":\"https:\/\/innoticiasbo.com\/#organization\"},\"image\":{\"@id\":\"https:\/\/innoticiasbo.com\/index.php\/2026\/08\/31\/la-asamblea-legislativa-pasa-mas-tiempo-en-interpelaciones-que-en-aprobacion-de-leyes\/#primaryimage\"},\"thumbnailUrl\":\"https:\/\/i0.wp.com\/innoticiasbo.com\/wp-content\/uploads\/2026\/08\/image_editor_output_image-1553552946-1788183832403.jpg?fit=1004%2C561&ssl=1\",\"keywords\":[\"Aprobaci\u00f3n de leyes\",\"Asamblea Legislativa\",\"Bolivia\",\"gobierno\",\"Interpelaci\u00f3nes\"],\"articleSection\":[\"Bolivia\",\"Pol\u00edtica\"],\"inLanguage\":\"es\",\"potentialAction\":[{\"@type\":\"CommentAction\",\"name\":\"Comment\",\"target\":[\"https:\/\/innoticiasbo.com\/index.php\/2026\/08\/31\/la-asamblea-legislativa-pasa-mas-tiempo-en-interpelaciones-que-en-aprobacion-de-leyes\/#respond\"]}]},{\"@type\":\"WebPage\",\"@id\":\"https:\/\/innoticiasbo.com\/index.php\/2026\/08\/31\/la-asamblea-legislativa-pasa-mas-tiempo-en-interpelaciones-que-en-aprobacion-de-leyes\/\",\"url\":\"https:\/\/innoticiasbo.com\/index.php\/2026\/08\/31\/la-asamblea-legislativa-pasa-mas-tiempo-en-interpelaciones-que-en-aprobacion-de-leyes\/\",\"name\":\"LA ASAMBLEA LEGISLATIVA PASA M\u00c1S TIEMPO EN INTERPELACIONES QUE EN APROBACI\u00d3N DE LEYES - innoticiasbo.com\",\"isPartOf\":{\"@id\":\"https:\/\/innoticiasbo.com\/#website\"},\"primaryImageOfPage\":{\"@id\":\"https:\/\/innoticiasbo.com\/index.php\/2026\/08\/31\/la-asamblea-legislativa-pasa-mas-tiempo-en-interpelaciones-que-en-aprobacion-de-leyes\/#primaryimage\"},\"image\":{\"@id\":\"https:\/\/innoticiasbo.com\/index.php\/2026\/08\/31\/la-asamblea-legislativa-pasa-mas-tiempo-en-interpelaciones-que-en-aprobacion-de-leyes\/#primaryimage\"},\"thumbnailUrl\":\"https:\/\/i0.wp.com\/innoticiasbo.com\/wp-content\/uploads\/2026\/08\/image_editor_output_image-1553552946-1788183832403.jpg?fit=1004%2C561&ssl=1\",\"datePublished\":\"2026-08-31T13:35:50+00:00\",\"dateModified\":\"2026-08-31T13:44:14+00:00\",\"breadcrumb\":{\"@id\":\"https:\/\/innoticiasbo.com\/index.php\/2026\/08\/31\/la-asamblea-legislativa-pasa-mas-tiempo-en-interpelaciones-que-en-aprobacion-de-leyes\/#breadcrumb\"},\"inLanguage\":\"es\",\"potentialAction\":[{\"@type\":\"ReadAction\",\"target\":[\"https:\/\/innoticiasbo.com\/index.php\/2026\/08\/31\/la-asamblea-legislativa-pasa-mas-tiempo-en-interpelaciones-que-en-aprobacion-de-leyes\/\"]}]},{\"@type\":\"ImageObject\",\"inLanguage\":\"es\",\"@id\":\"https:\/\/innoticiasbo.com\/index.php\/2026\/08\/31\/la-asamblea-legislativa-pasa-mas-tiempo-en-interpelaciones-que-en-aprobacion-de-leyes\/#primaryimage\",\"url\":\"https:\/\/i0.wp.com\/innoticiasbo.com\/wp-content\/uploads\/2026\/08\/image_editor_output_image-1553552946-1788183832403.jpg?fit=1004%2C561&ssl=1\",\"contentUrl\":\"https:\/\/i0.wp.com\/innoticiasbo.com\/wp-content\/uploads\/2026\/08\/image_editor_output_image-1553552946-1788183832403.jpg?fit=1004%2C561&ssl=1\",\"width\":1004,\"height\":561},{\"@type\":\"BreadcrumbList\",\"@id\":\"https:\/\/innoticiasbo.com\/index.php\/2026\/08\/31\/la-asamblea-legislativa-pasa-mas-tiempo-en-interpelaciones-que-en-aprobacion-de-leyes\/#breadcrumb\",\"itemListElement\":[{\"@type\":\"ListItem\",\"position\":1,\"name\":\"Portada\",\"item\":\"https:\/\/innoticiasbo.com\/\"},{\"@type\":\"ListItem\",\"position\":2,\"name\":\"LA ASAMBLEA LEGISLATIVA PASA M\u00c1S TIEMPO EN INTERPELACIONES QUE EN APROBACI\u00d3N DE LEYES\"}]},{\"@type\":\"WebSite\",\"@id\":\"https:\/\/innoticiasbo.com\/#website\",\"url\":\"https:\/\/innoticiasbo.com\/\",\"name\":\"innoticiasbo.com\",\"description\":\"\",\"publisher\":{\"@id\":\"https:\/\/innoticiasbo.com\/#organization\"},\"potentialAction\":[{\"@type\":\"SearchAction\",\"target\":{\"@type\":\"EntryPoint\",\"urlTemplate\":\"https:\/\/innoticiasbo.com\/?s={search_term_string}\"},\"query-input\":{\"@type\":\"PropertyValueSpecification\",\"valueRequired\":true,\"valueName\":\"search_term_string\"}}],\"inLanguage\":\"es\"},{\"@type\":\"Organization\",\"@id\":\"https:\/\/innoticiasbo.com\/#organization\",\"name\":\"innoticiasbo.com\",\"url\":\"https:\/\/innoticiasbo.com\/\",\"logo\":{\"@type\":\"ImageObject\",\"inLanguage\":\"es\",\"@id\":\"https:\/\/innoticiasbo.com\/#\/schema\/logo\/image\/\",\"url\":\"https:\/\/i0.wp.com\/innoticiasbo.com\/wp-content\/uploads\/2026\/04\/cropped-IN-LOGO.png?fit=1476%2C1476&ssl=1\",\"contentUrl\":\"https:\/\/i0.wp.com\/innoticiasbo.com\/wp-content\/uploads\/2026\/04\/cropped-IN-LOGO.png?fit=1476%2C1476&ssl=1\",\"width\":1476,\"height\":1476,\"caption\":\"innoticiasbo.com\"},\"image\":{\"@id\":\"https:\/\/innoticiasbo.com\/#\/schema\/logo\/image\/\"},\"sameAs\":[\"https:\/\/www.facebook.com\/innoticiasbolivia\",\"https:\/\/x.com\/innoticiasbo\",\"https:\/\/www.instagram.com\/innoticiasbo\",\"https:\/\/www.youtube.com\/innoticiasbo\"]},{\"@type\":\"Person\",\"@id\":\"https:\/\/innoticiasbo.com\/#\/schema\/person\/9af0c49836719fb5d47b55cc879140ce\",\"name\":\"Jason Gonzales\",\"image\":{\"@type\":\"ImageObject\",\"inLanguage\":\"es\",\"@id\":\"https:\/\/innoticiasbo.com\/#\/schema\/person\/image\/\",\"url\":\"https:\/\/secure.gravatar.com\/avatar\/ff64cacc93e8658997d62d298b4dff23?s=96&d=mm&r=g\",\"contentUrl\":\"https:\/\/secure.gravatar.com\/avatar\/ff64cacc93e8658997d62d298b4dff23?s=96&d=mm&r=g\",\"caption\":\"Jason Gonzales\"},\"sameAs\":[\"http:\/\/www.innoticiasbo.com\"],\"url\":\"https:\/\/innoticiasbo.com\/index.php\/author\/prensa-8\/\"}]}<\/script>\n<!-- \/ Yoast SEO plugin. -->","yoast_head_json":{"title":"LA ASAMBLEA LEGISLATIVA PASA M\u00c1S TIEMPO EN INTERPELACIONES QUE EN APROBACI\u00d3N DE LEYES - innoticiasbo.com","robots":{"index":"index","follow":"follow","max-snippet":"max-snippet:-1","max-image-preview":"max-image-preview:large","max-video-preview":"max-video-preview:-1"},"canonical":"https:\/\/innoticiasbo.com\/index.php\/2026\/08\/31\/la-asamblea-legislativa-pasa-mas-tiempo-en-interpelaciones-que-en-aprobacion-de-leyes\/","og_locale":"es_ES","og_type":"article","og_title":"LA ASAMBLEA LEGISLATIVA PASA M\u00c1S TIEMPO EN INTERPELACIONES QUE EN APROBACI\u00d3N DE LEYES - innoticiasbo.com","og_description":"31 de agosto.- Los 10 primeros d\u00edas de septiembre la Asamblea Legislativa Plurinacional perfila al menos cuatro interpelaciones a tres ministros del gabinete del presidente Rodrigo Paz. Dos de ellas son contra el ministro de Gobierno, Marco Antonio Oviedo, quien fue interpelado el pasado mi\u00e9rcoles. A esa agenda de interpelaciones se suman otras dos que...","og_url":"https:\/\/innoticiasbo.com\/index.php\/2026\/08\/31\/la-asamblea-legislativa-pasa-mas-tiempo-en-interpelaciones-que-en-aprobacion-de-leyes\/","og_site_name":"innoticiasbo.com","article_publisher":"https:\/\/www.facebook.com\/innoticiasbolivia","article_published_time":"2026-08-31T13:35:50+00:00","article_modified_time":"2026-08-31T13:44:14+00:00","og_image":[{"width":1004,"height":561,"url":"https:\/\/i0.wp.com\/innoticiasbo.com\/wp-content\/uploads\/2026\/08\/image_editor_output_image-1553552946-1788183832403.jpg?fit=1004%2C561&ssl=1","type":"image\/jpeg"}],"author":"Jason Gonzales","twitter_card":"summary_large_image","twitter_creator":"@innoticiasbo","twitter_site":"@innoticiasbo","twitter_misc":{"Escrito por":"Jason Gonzales","Tiempo de lectura":"5 minutos"},"schema":{"@context":"https:\/\/schema.org","@graph":[{"@type":"Article","@id":"https:\/\/innoticiasbo.com\/index.php\/2026\/08\/31\/la-asamblea-legislativa-pasa-mas-tiempo-en-interpelaciones-que-en-aprobacion-de-leyes\/#article","isPartOf":{"@id":"https:\/\/innoticiasbo.com\/index.php\/2026\/08\/31\/la-asamblea-legislativa-pasa-mas-tiempo-en-interpelaciones-que-en-aprobacion-de-leyes\/"},"author":{"name":"Jason Gonzales","@id":"https:\/\/innoticiasbo.com\/#\/schema\/person\/9af0c49836719fb5d47b55cc879140ce"},"headline":"LA ASAMBLEA LEGISLATIVA PASA M\u00c1S TIEMPO EN INTERPELACIONES QUE EN APROBACI\u00d3N DE LEYES","datePublished":"2026-08-31T13:35:50+00:00","dateModified":"2026-08-31T13:44:14+00:00","mainEntityOfPage":{"@id":"https:\/\/innoticiasbo.com\/index.php\/2026\/08\/31\/la-asamblea-legislativa-pasa-mas-tiempo-en-interpelaciones-que-en-aprobacion-de-leyes\/"},"wordCount":985,"commentCount":0,"publisher":{"@id":"https:\/\/innoticiasbo.com\/#organization"},"image":{"@id":"https:\/\/innoticiasbo.com\/index.php\/2026\/08\/31\/la-asamblea-legislativa-pasa-mas-tiempo-en-interpelaciones-que-en-aprobacion-de-leyes\/#primaryimage"},"thumbnailUrl":"https:\/\/i0.wp.com\/innoticiasbo.com\/wp-content\/uploads\/2026\/08\/image_editor_output_image-1553552946-1788183832403.jpg?fit=1004%2C561&ssl=1","keywords":["Aprobaci\u00f3n de leyes","Asamblea Legislativa","Bolivia","gobierno","Interpelaci\u00f3nes"],"articleSection":["Bolivia","Pol\u00edtica"],"inLanguage":"es","potentialAction":[{"@type":"CommentAction","name":"Comment","target":["https:\/\/innoticiasbo.com\/index.php\/2026\/08\/31\/la-asamblea-legislativa-pasa-mas-tiempo-en-interpelaciones-que-en-aprobacion-de-leyes\/#respond"]}]},{"@type":"WebPage","@id":"https:\/\/innoticiasbo.com\/index.php\/2026\/08\/31\/la-asamblea-legislativa-pasa-mas-tiempo-en-interpelaciones-que-en-aprobacion-de-leyes\/","url":"https:\/\/innoticiasbo.com\/index.php\/2026\/08\/31\/la-asamblea-legislativa-pasa-mas-tiempo-en-interpelaciones-que-en-aprobacion-de-leyes\/","name":"LA ASAMBLEA LEGISLATIVA PASA M\u00c1S TIEMPO EN INTERPELACIONES QUE EN APROBACI\u00d3N DE LEYES - innoticiasbo.com","isPartOf":{"@id":"https:\/\/innoticiasbo.com\/#website"},"primaryImageOfPage":{"@id":"https:\/\/innoticiasbo.com\/index.php\/2026\/08\/31\/la-asamblea-legislativa-pasa-mas-tiempo-en-interpelaciones-que-en-aprobacion-de-leyes\/#primaryimage"},"image":{"@id":"https:\/\/innoticiasbo.com\/index.php\/2026\/08\/31\/la-asamblea-legislativa-pasa-mas-tiempo-en-interpelaciones-que-en-aprobacion-de-leyes\/#primaryimage"},"thumbnailUrl":"https:\/\/i0.wp.com\/innoticiasbo.com\/wp-content\/uploads\/2026\/08\/image_editor_output_image-1553552946-1788183832403.jpg?fit=1004%2C561&ssl=1","datePublished":"2026-08-31T13:35:50+00:00","dateModified":"2026-08-31T13:44:14+00:00","breadcrumb":{"@id":"https:\/\/innoticiasbo.com\/index.php\/2026\/08\/31\/la-asamblea-legislativa-pasa-mas-tiempo-en-interpelaciones-que-en-aprobacion-de-leyes\/#breadcrumb"},"inLanguage":"es","potentialAction":[{"@type":"ReadAction","target":["https:\/\/innoticiasbo.com\/index.php\/2026\/08\/31\/la-asamblea-legislativa-pasa-mas-tiempo-en-interpelaciones-que-en-aprobacion-de-leyes\/"]}]},{"@type":"ImageObject","inLanguage":"es","@id":"https:\/\/innoticiasbo.com\/index.php\/2026\/08\/31\/la-asamblea-legislativa-pasa-mas-tiempo-en-interpelaciones-que-en-aprobacion-de-leyes\/#primaryimage","url":"https:\/\/i0.wp.com\/innoticiasbo.com\/wp-content\/uploads\/2026\/08\/image_editor_output_image-1553552946-1788183832403.jpg?fit=1004%2C561&ssl=1","contentUrl":"https:\/\/i0.wp.com\/innoticiasbo.com\/wp-content\/uploads\/2026\/08\/image_editor_output_image-1553552946-1788183832403.jpg?fit=1004%2C561&ssl=1","width":1004,"height":561},{"@type":"BreadcrumbList","@id":"https:\/\/innoticiasbo.com\/index.php\/2026\/08\/31\/la-asamblea-legislativa-pasa-mas-tiempo-en-interpelaciones-que-en-aprobacion-de-leyes\/#breadcrumb","itemListElement":[{"@type":"ListItem","position":1,"name":"Portada","item":"https:\/\/innoticiasbo.com\/"},{"@type":"ListItem","position":2,"name":"LA ASAMBLEA LEGISLATIVA PASA M\u00c1S TIEMPO EN INTERPELACIONES QUE EN APROBACI\u00d3N DE LEYES"}]},{"@type":"WebSite","@id":"https:\/\/innoticiasbo.com\/#website","url":"https:\/\/innoticiasbo.com\/","name":"innoticiasbo.com","description":"","publisher":{"@id":"https:\/\/innoticiasbo.com\/#organization"},"potentialAction":[{"@type":"SearchAction","target":{"@type":"EntryPoint","urlTemplate":"https:\/\/innoticiasbo.com\/?s={search_term_string}"},"query-input":{"@type":"PropertyValueSpecification","valueRequired":true,"valueName":"search_term_string"}}],"inLanguage":"es"},{"@type":"Organization","@id":"https:\/\/innoticiasbo.com\/#organization","name":"innoticiasbo.com","url":"https:\/\/innoticiasbo.com\/","logo":{"@type":"ImageObject","inLanguage":"es","@id":"https:\/\/innoticiasbo.com\/#\/schema\/logo\/image\/","url":"https:\/\/i0.wp.com\/innoticiasbo.com\/wp-content\/uploads\/2026\/04\/cropped-IN-LOGO.png?fit=1476%2C1476&ssl=1","contentUrl":"https:\/\/i0.wp.com\/innoticiasbo.com\/wp-content\/uploads\/2026\/04\/cropped-IN-LOGO.png?fit=1476%2C1476&ssl=1","width":1476,"height":1476,"caption":"innoticiasbo.com"},"image":{"@id":"https:\/\/innoticiasbo.com\/#\/schema\/logo\/image\/"},"sameAs":["https:\/\/www.facebook.com\/innoticiasbolivia","https:\/\/x.com\/innoticiasbo","https:\/\/www.instagram.com\/innoticiasbo","https:\/\/www.youtube.com\/innoticiasbo"]},{"@type":"Person","@id":"https:\/\/innoticiasbo.com\/#\/schema\/person\/9af0c49836719fb5d47b55cc879140ce","name":"Jason Gonzales","image":{"@type":"ImageObject","inLanguage":"es","@id":"https:\/\/innoticiasbo.com\/#\/schema\/person\/image\/","url":"https:\/\/secure.gravatar.com\/avatar\/ff64cacc93e8658997d62d298b4dff23?s=96&d=mm&r=g","contentUrl":"https:\/\/secure.gravatar.com\/avatar\/ff64cacc93e8658997d62d298b4dff23?s=96&d=mm&r=g","caption":"Jason Gonzales"},"sameAs":["http:\/\/www.innoticiasbo.com"],"url":"https:\/\/innoticiasbo.com\/index.php\/author\/prensa-8\/"}]}},"jetpack_featured_media_url":"https:\/\/i0.wp.com\/innoticiasbo.com\/wp-content\/uploads\/2026\/08\/image_editor_output_image-1553552946-1788183832403.jpg?fit=1004%2C561&ssl=1","jetpack_likes_enabled":true,"jetpack_sharing_enabled":true,"jetpack_shortlink":"https:\/\/wp.me\/pg298x-40n","_links":{"self":[{"href":"https:\/\/innoticiasbo.com\/index.php\/wp-json\/wp\/v2\/posts\/15399","targetHints":{"allow":["GET"]}}],"collection":[{"href":"https:\/\/innoticiasbo.com\/index.php\/wp-json\/wp\/v2\/posts"}],"about":[{"href":"https:\/\/innoticiasbo.com\/index.php\/wp-json\/wp\/v2\/types\/post"}],"author":[{"embeddable":true,"href":"https:\/\/innoticiasbo.com\/index.php\/wp-json\/wp\/v2\/users\/12"}],"replies":[{"embeddable":true,"href":"https:\/\/innoticiasbo.com\/index.php\/wp-json\/wp\/v2\/comments?post=15399"}],"version-history":[{"count":1,"href":"https:\/\/innoticiasbo.com\/index.php\/wp-json\/wp\/v2\/posts\/15399\/revisions"}],"predecessor-version":[{"id":15400,"href":"https:\/\/innoticiasbo.com\/index.php\/wp-json\/wp\/v2\/posts\/15399\/revisions\/15400"}],"wp:featuredmedia":[{"embeddable":true,"href":"https:\/\/innoticiasbo.com\/index.php\/wp-json\/wp\/v2\/media\/15398"}],"wp:attachment":[{"href":"https:\/\/innoticiasbo.com\/index.php\/wp-json\/wp\/v2\/media?parent=15399"}],"wp:term":[{"taxonomy":"category","embeddable":true,"href":"https:\/\/innoticiasbo.com\/index.php\/wp-json\/wp\/v2\/categories?post=15399"},{"taxonomy":"post_tag","embeddable":true,"href":"https:\/\/innoticiasbo.com\/index.php\/wp-json\/wp\/v2\/tags?post=15399"}],"curies":[{"name":"wp","href":"https:\/\/api.w.org\/{rel}","templated":true}]}}