{"id":15391,"date":"2026-08-31T09:23:33","date_gmt":"2026-08-31T13:23:33","guid":{"rendered":"https:\/\/innoticiasbo.com\/?p=15391"},"modified":"2026-08-31T09:25:21","modified_gmt":"2026-08-31T13:25:21","slug":"comite-pro-santa-cruz-apunta-a-una-asamblea-de-la-crucenidad-no-podemos-quedarnos-de-brazos-cruzados","status":"publish","type":"post","link":"https:\/\/innoticiasbo.com\/index.php\/2026\/08\/31\/comite-pro-santa-cruz-apunta-a-una-asamblea-de-la-crucenidad-no-podemos-quedarnos-de-brazos-cruzados\/","title":{"rendered":"COMIT\u00c9 PRO SANTA CRUZ APUNTA A UNA ASAMBLEA DE LA CRUCE\u00d1IDAD: \u00abNO PODEMOS QUEDARNOS DE BRAZOS CRUZADOS\u00bb"},"content":{"rendered":"\n<figure class=\"wp-block-image size-large\"><img data-recalc-dims=\"1\" loading=\"lazy\" decoding=\"async\" width=\"640\" height=\"364\" src=\"https:\/\/i0.wp.com\/innoticiasbo.com\/wp-content\/uploads\/2026\/08\/image_editor_output_image522739249-178818252003982432341883632535.jpg?resize=640%2C364&#038;ssl=1\" alt=\"\" class=\"wp-image-15389\" srcset=\"https:\/\/i0.wp.com\/innoticiasbo.com\/wp-content\/uploads\/2026\/08\/image_editor_output_image522739249-178818252003982432341883632535.jpg?w=991&amp;ssl=1 991w, https:\/\/i0.wp.com\/innoticiasbo.com\/wp-content\/uploads\/2026\/08\/image_editor_output_image522739249-178818252003982432341883632535.jpg?resize=300%2C171&amp;ssl=1 300w, https:\/\/i0.wp.com\/innoticiasbo.com\/wp-content\/uploads\/2026\/08\/image_editor_output_image522739249-178818252003982432341883632535.jpg?resize=768%2C437&amp;ssl=1 768w\" sizes=\"auto, (max-width: 640px) 100vw, 640px\" \/><\/figure>\n\n\n\n<p>31 de agosto.- La dirigencia c\u00edvica esperar\u00e1 el informe de YPFB y luego reunir\u00e1 a su directorio para evaluar la convocatoria a una Asamblea de la Cruce\u00f1idad.<\/p>\n\n\n\n<p>El Comit\u00e9 pro Santa Cruz anunci\u00f3 que podr\u00eda convocar a una Asamblea de la Cruce\u00f1idad para definir nuevas medidas de presi\u00f3n ante la falta de soluciones a la escasez de di\u00e9sel y el rechazo al Decreto Supremo 5676. El vicepresidente c\u00edvico, Agust\u00edn Zambrana, afirm\u00f3 que la institucionalidad cruce\u00f1a debe asumir acciones frente a una situaci\u00f3n que afecta a los sectores productivos, el transporte y la poblaci\u00f3n.<br><br>\u00abEl d\u00eda de hoy vamos a recibir un informe de YPFB del Gobierno Nacional, en el cual veremos si es que es un informe que es satisfactorio para la gente (&#8230;) posterior a ello, a que se retire el Gobierno y YPFB, tendremos ya una reuni\u00f3n de directorio para tomar decisiones en lo que corresponde el paso siguiente\u00bb, indic\u00f3 el c\u00edvico. <br><br>Zambrana explic\u00f3 que este lunes el Comit\u00e9 recibir\u00e1 un informe de representantes de YPFB y del Gobierno nacional sobre la situaci\u00f3n del abastecimiento de combustible y la aplicaci\u00f3n del DS 5676. Sin embargo, adelant\u00f3 que, una vez concluida esa reuni\u00f3n, el directorio analizar\u00e1 los siguientes pasos.<\/p>\n\n\n\n<p>El encuentro est\u00e1 fijado para las 09:00 de este lunes y tambi\u00e9n contar\u00e1 con la presencia del gobernador de Santa Cruz, Juan Pablo Velasco; el alcalde de Santa Cruz de la Sierra, &#8216;Mam\u00e9n&#8217; Saavedra, y el alcalde de Porongo, Neptaly Mendoza, que es tambi\u00e9n presidente de la Asociaci\u00f3n de Municipios de Santa Cruz (Amdecruz).<br><br>\u00abEl \u00fanico pedido es abrogar la ley (DS 5676)\u00bb, sostuvo. <br><br>El dirigente remarc\u00f3 que la reuni\u00f3n no representa un nuevo plazo para el Gobierno, sino el inicio de una etapa en la que Santa Cruz deber\u00e1 definir acciones para resolver la problem\u00e1tica.<br><br>\u201cEsto no es un nuevo plazo, esto ya es la etapa de empezar a solucionar nuestros problemas como Santa Cruz, como regiones\u201d, sostuvo.<br><br>Asamblea definir\u00e1 las medidas<br><br>Zambrana se\u00f1al\u00f3 que el siguiente paso podr\u00eda ser una Asamblea de la Cruce\u00f1idad, instancia en la que se definir\u00e1n las medidas de presi\u00f3n que asumir\u00e1 la institucionalidad cruce\u00f1a.<br><br>\u201cPara darle paso al ejercicio de la presi\u00f3n se llamar\u00e1 a una Asamblea de la Cruce\u00f1idad, que definiremos dentro del contexto de lo que corresponda ese rato\u201d, afirm\u00f3.<br><br>Aunque no detall\u00f3 qu\u00e9 acciones concretas podr\u00edan aprobarse, el vicepresidente del Comit\u00e9 anticip\u00f3 que se tratar\u00eda de \u201cmedidas de hecho\u201d y asegur\u00f3 que existe la decisi\u00f3n de avanzar hacia la libre importaci\u00f3n de combustibles.<\/p>\n\n\n\n<p>\u201cLa libre importaci\u00f3n va porque va, ya no podemos m\u00e1s, no podemos quedarnos brazos cruzados\u201d, enfatiz\u00f3.<br><br>El dirigente justific\u00f3 la posibilidad de nuevas movilizaciones debido a las dificultades que enfrentan los sectores productivos para transportar y comercializar sus productos, adem\u00e1s de los problemas que genera la falta de combustible en el transporte y el traslado de trabajadores.<br><br>\u00abEn la Asamblea de la Cruce\u00f1idad, ya son medidas de hechos que se tienen que dar, pero la libre importaci\u00f3n va porque va. Ya no podemos m\u00e1s. No podemos quedarnos brazos cruzados. Nuestro pueblo, nuestra gente, nuestros barrios, nuestros centros productivos, nuestras regiones productivas est\u00e1n desesperadas porque no pueden sacar sus productos, no pueden transportarlo, no pueden hacer el ejercicio de su trabajo. La gente no est\u00e1 llegando al trabajo, la gente est\u00e1 con problemas en el tema del transporte. Entonces, est\u00e1 empezando a colapsar el sistema. Vamos a tomar medidas de hecho y, en estas, esperamos la institucionalidad en pleno y mucha unidad\u00bb, expres\u00f3. <\/p>\n\n\n\n<p>Abrogaci\u00f3n del DS 5676<br><br>El Comit\u00e9 pro Santa Cruz tambi\u00e9n confirm\u00f3 que el pedido de los sectores movilizados se mantiene: la abrogaci\u00f3n del Decreto Supremo 5676.<br><br>Zambrana indic\u00f3 que tanto el sector agropecuario como representantes de las provincias hicieron conocer condiciones para avanzar en la soluci\u00f3n del conflicto.<br><br>Despu\u00e9s de escuchar el informe de las autoridades nacionales, el directorio del Comit\u00e9 pro Santa Cruz deber\u00e1 definir si corresponde convocar a la Asamblea de la Cruce\u00f1idad.<\/p>\n\n\n\n<p>Fuente: El Deber <\/p>\n","protected":false},"excerpt":{"rendered":"<p>31 de agosto.- La dirigencia c\u00edvica esperar\u00e1 el informe de YPFB y luego reunir\u00e1 a su directorio para evaluar la convocatoria a una Asamblea de la Cruce\u00f1idad. El Comit\u00e9 pro Santa Cruz anunci\u00f3 que podr\u00eda convocar a una Asamblea de la Cruce\u00f1idad para definir nuevas medidas de presi\u00f3n ante la falta de soluciones a la&#8230;<\/p>\n","protected":false},"author":12,"featured_media":15390,"comment_status":"open","ping_status":"open","sticky":false,"template":"","format":"standard","meta":{"_jetpack_memberships_contains_paid_content":false,"footnotes":"","jetpack_publicize_message":"","jetpack_publicize_feature_enabled":true,"jetpack_social_post_already_shared":true,"jetpack_social_options":{"image_generator_settings":{"template":"highway","enabled":false},"version":2}},"categories":[1],"tags":[3988,3618,3975,177,800,345,159],"class_list":["post-15391","post","type-post","status-publish","format-standard","has-post-thumbnail","hentry","category-bolivia","tag-asamblea-de-la-crucenidad","tag-comite-pro-santa-cruz","tag-decreto-supremo-5676","tag-gobierno","tag-rechazo","tag-rodrigo-paz","tag-ypfb"],"jetpack_publicize_connections":[],"yoast_head":"<!-- This site is optimized with the Yoast SEO plugin v23.4 - https:\/\/yoast.com\/wordpress\/plugins\/seo\/ -->\n<title>COMIT\u00c9 PRO SANTA CRUZ APUNTA A UNA ASAMBLEA DE LA CRUCE\u00d1IDAD: &quot;NO PODEMOS QUEDARNOS DE BRAZOS CRUZADOS&quot; - innoticiasbo.com<\/title>\n<meta name=\"robots\" content=\"index, follow, max-snippet:-1, max-image-preview:large, max-video-preview:-1\" \/>\n<link rel=\"canonical\" href=\"https:\/\/innoticiasbo.com\/index.php\/2026\/08\/31\/comite-pro-santa-cruz-apunta-a-una-asamblea-de-la-crucenidad-no-podemos-quedarnos-de-brazos-cruzados\/\" \/>\n<meta property=\"og:locale\" content=\"es_ES\" \/>\n<meta property=\"og:type\" content=\"article\" \/>\n<meta property=\"og:title\" content=\"COMIT\u00c9 PRO SANTA CRUZ APUNTA A UNA ASAMBLEA DE LA CRUCE\u00d1IDAD: &quot;NO PODEMOS QUEDARNOS DE BRAZOS CRUZADOS&quot; - innoticiasbo.com\" \/>\n<meta property=\"og:description\" content=\"31 de agosto.- La dirigencia c\u00edvica esperar\u00e1 el informe de YPFB y luego reunir\u00e1 a su directorio para evaluar la convocatoria a una Asamblea de la Cruce\u00f1idad. El Comit\u00e9 pro Santa Cruz anunci\u00f3 que podr\u00eda convocar a una Asamblea de la Cruce\u00f1idad para definir nuevas medidas de presi\u00f3n ante la falta de soluciones a la...\" \/>\n<meta property=\"og:url\" content=\"https:\/\/innoticiasbo.com\/index.php\/2026\/08\/31\/comite-pro-santa-cruz-apunta-a-una-asamblea-de-la-crucenidad-no-podemos-quedarnos-de-brazos-cruzados\/\" \/>\n<meta property=\"og:site_name\" content=\"innoticiasbo.com\" \/>\n<meta property=\"article:publisher\" content=\"https:\/\/www.facebook.com\/innoticiasbolivia\" \/>\n<meta property=\"article:published_time\" content=\"2026-08-31T13:23:33+00:00\" \/>\n<meta property=\"article:modified_time\" content=\"2026-08-31T13:25:21+00:00\" \/>\n<meta property=\"og:image\" content=\"https:\/\/i0.wp.com\/innoticiasbo.com\/wp-content\/uploads\/2026\/08\/image_editor_output_image522739249-1788182703153.jpg?fit=992%2C563&ssl=1\" \/>\n\t<meta property=\"og:image:width\" content=\"992\" \/>\n\t<meta property=\"og:image:height\" content=\"563\" \/>\n\t<meta property=\"og:image:type\" content=\"image\/jpeg\" \/>\n<meta name=\"author\" content=\"Jason Gonzales\" \/>\n<meta name=\"twitter:card\" content=\"summary_large_image\" \/>\n<meta name=\"twitter:creator\" content=\"@innoticiasbo\" \/>\n<meta name=\"twitter:site\" content=\"@innoticiasbo\" \/>\n<meta name=\"twitter:label1\" content=\"Escrito por\" \/>\n\t<meta name=\"twitter:data1\" content=\"Jason Gonzales\" \/>\n\t<meta name=\"twitter:label2\" content=\"Tiempo de lectura\" \/>\n\t<meta name=\"twitter:data2\" content=\"3 minutos\" \/>\n<script type=\"application\/ld+json\" class=\"yoast-schema-graph\">{\"@context\":\"https:\/\/schema.org\",\"@graph\":[{\"@type\":\"Article\",\"@id\":\"https:\/\/innoticiasbo.com\/index.php\/2026\/08\/31\/comite-pro-santa-cruz-apunta-a-una-asamblea-de-la-crucenidad-no-podemos-quedarnos-de-brazos-cruzados\/#article\",\"isPartOf\":{\"@id\":\"https:\/\/innoticiasbo.com\/index.php\/2026\/08\/31\/comite-pro-santa-cruz-apunta-a-una-asamblea-de-la-crucenidad-no-podemos-quedarnos-de-brazos-cruzados\/\"},\"author\":{\"name\":\"Jason Gonzales\",\"@id\":\"https:\/\/innoticiasbo.com\/#\/schema\/person\/9af0c49836719fb5d47b55cc879140ce\"},\"headline\":\"COMIT\u00c9 PRO SANTA CRUZ APUNTA A UNA ASAMBLEA DE LA CRUCE\u00d1IDAD: \u00abNO PODEMOS QUEDARNOS DE BRAZOS CRUZADOS\u00bb\",\"datePublished\":\"2026-08-31T13:23:33+00:00\",\"dateModified\":\"2026-08-31T13:25:21+00:00\",\"mainEntityOfPage\":{\"@id\":\"https:\/\/innoticiasbo.com\/index.php\/2026\/08\/31\/comite-pro-santa-cruz-apunta-a-una-asamblea-de-la-crucenidad-no-podemos-quedarnos-de-brazos-cruzados\/\"},\"wordCount\":712,\"commentCount\":0,\"publisher\":{\"@id\":\"https:\/\/innoticiasbo.com\/#organization\"},\"image\":{\"@id\":\"https:\/\/innoticiasbo.com\/index.php\/2026\/08\/31\/comite-pro-santa-cruz-apunta-a-una-asamblea-de-la-crucenidad-no-podemos-quedarnos-de-brazos-cruzados\/#primaryimage\"},\"thumbnailUrl\":\"https:\/\/i0.wp.com\/innoticiasbo.com\/wp-content\/uploads\/2026\/08\/image_editor_output_image522739249-1788182703153.jpg?fit=992%2C563&ssl=1\",\"keywords\":[\"Asamblea de la Cruce\u00f1idad\",\"Comit\u00e9 pro Santa Cruz\",\"Decret\u00f3 Supremo 5676\",\"gobierno\",\"rechazo\",\"Rodrigo Paz\",\"YPFB\"],\"articleSection\":[\"Bolivia\"],\"inLanguage\":\"es\",\"potentialAction\":[{\"@type\":\"CommentAction\",\"name\":\"Comment\",\"target\":[\"https:\/\/innoticiasbo.com\/index.php\/2026\/08\/31\/comite-pro-santa-cruz-apunta-a-una-asamblea-de-la-crucenidad-no-podemos-quedarnos-de-brazos-cruzados\/#respond\"]}]},{\"@type\":\"WebPage\",\"@id\":\"https:\/\/innoticiasbo.com\/index.php\/2026\/08\/31\/comite-pro-santa-cruz-apunta-a-una-asamblea-de-la-crucenidad-no-podemos-quedarnos-de-brazos-cruzados\/\",\"url\":\"https:\/\/innoticiasbo.com\/index.php\/2026\/08\/31\/comite-pro-santa-cruz-apunta-a-una-asamblea-de-la-crucenidad-no-podemos-quedarnos-de-brazos-cruzados\/\",\"name\":\"COMIT\u00c9 PRO SANTA CRUZ APUNTA A UNA ASAMBLEA DE LA CRUCE\u00d1IDAD: \\\"NO PODEMOS QUEDARNOS DE BRAZOS CRUZADOS\\\" - innoticiasbo.com\",\"isPartOf\":{\"@id\":\"https:\/\/innoticiasbo.com\/#website\"},\"primaryImageOfPage\":{\"@id\":\"https:\/\/innoticiasbo.com\/index.php\/2026\/08\/31\/comite-pro-santa-cruz-apunta-a-una-asamblea-de-la-crucenidad-no-podemos-quedarnos-de-brazos-cruzados\/#primaryimage\"},\"image\":{\"@id\":\"https:\/\/innoticiasbo.com\/index.php\/2026\/08\/31\/comite-pro-santa-cruz-apunta-a-una-asamblea-de-la-crucenidad-no-podemos-quedarnos-de-brazos-cruzados\/#primaryimage\"},\"thumbnailUrl\":\"https:\/\/i0.wp.com\/innoticiasbo.com\/wp-content\/uploads\/2026\/08\/image_editor_output_image522739249-1788182703153.jpg?fit=992%2C563&ssl=1\",\"datePublished\":\"2026-08-31T13:23:33+00:00\",\"dateModified\":\"2026-08-31T13:25:21+00:00\",\"breadcrumb\":{\"@id\":\"https:\/\/innoticiasbo.com\/index.php\/2026\/08\/31\/comite-pro-santa-cruz-apunta-a-una-asamblea-de-la-crucenidad-no-podemos-quedarnos-de-brazos-cruzados\/#breadcrumb\"},\"inLanguage\":\"es\",\"potentialAction\":[{\"@type\":\"ReadAction\",\"target\":[\"https:\/\/innoticiasbo.com\/index.php\/2026\/08\/31\/comite-pro-santa-cruz-apunta-a-una-asamblea-de-la-crucenidad-no-podemos-quedarnos-de-brazos-cruzados\/\"]}]},{\"@type\":\"ImageObject\",\"inLanguage\":\"es\",\"@id\":\"https:\/\/innoticiasbo.com\/index.php\/2026\/08\/31\/comite-pro-santa-cruz-apunta-a-una-asamblea-de-la-crucenidad-no-podemos-quedarnos-de-brazos-cruzados\/#primaryimage\",\"url\":\"https:\/\/i0.wp.com\/innoticiasbo.com\/wp-content\/uploads\/2026\/08\/image_editor_output_image522739249-1788182703153.jpg?fit=992%2C563&ssl=1\",\"contentUrl\":\"https:\/\/i0.wp.com\/innoticiasbo.com\/wp-content\/uploads\/2026\/08\/image_editor_output_image522739249-1788182703153.jpg?fit=992%2C563&ssl=1\",\"width\":992,\"height\":563},{\"@type\":\"BreadcrumbList\",\"@id\":\"https:\/\/innoticiasbo.com\/index.php\/2026\/08\/31\/comite-pro-santa-cruz-apunta-a-una-asamblea-de-la-crucenidad-no-podemos-quedarnos-de-brazos-cruzados\/#breadcrumb\",\"itemListElement\":[{\"@type\":\"ListItem\",\"position\":1,\"name\":\"Portada\",\"item\":\"https:\/\/innoticiasbo.com\/\"},{\"@type\":\"ListItem\",\"position\":2,\"name\":\"COMIT\u00c9 PRO SANTA CRUZ APUNTA A UNA ASAMBLEA DE LA CRUCE\u00d1IDAD: \u00abNO PODEMOS QUEDARNOS DE BRAZOS CRUZADOS\u00bb\"}]},{\"@type\":\"WebSite\",\"@id\":\"https:\/\/innoticiasbo.com\/#website\",\"url\":\"https:\/\/innoticiasbo.com\/\",\"name\":\"innoticiasbo.com\",\"description\":\"\",\"publisher\":{\"@id\":\"https:\/\/innoticiasbo.com\/#organization\"},\"potentialAction\":[{\"@type\":\"SearchAction\",\"target\":{\"@type\":\"EntryPoint\",\"urlTemplate\":\"https:\/\/innoticiasbo.com\/?s={search_term_string}\"},\"query-input\":{\"@type\":\"PropertyValueSpecification\",\"valueRequired\":true,\"valueName\":\"search_term_string\"}}],\"inLanguage\":\"es\"},{\"@type\":\"Organization\",\"@id\":\"https:\/\/innoticiasbo.com\/#organization\",\"name\":\"innoticiasbo.com\",\"url\":\"https:\/\/innoticiasbo.com\/\",\"logo\":{\"@type\":\"ImageObject\",\"inLanguage\":\"es\",\"@id\":\"https:\/\/innoticiasbo.com\/#\/schema\/logo\/image\/\",\"url\":\"https:\/\/i0.wp.com\/innoticiasbo.com\/wp-content\/uploads\/2026\/04\/cropped-IN-LOGO.png?fit=1476%2C1476&ssl=1\",\"contentUrl\":\"https:\/\/i0.wp.com\/innoticiasbo.com\/wp-content\/uploads\/2026\/04\/cropped-IN-LOGO.png?fit=1476%2C1476&ssl=1\",\"width\":1476,\"height\":1476,\"caption\":\"innoticiasbo.com\"},\"image\":{\"@id\":\"https:\/\/innoticiasbo.com\/#\/schema\/logo\/image\/\"},\"sameAs\":[\"https:\/\/www.facebook.com\/innoticiasbolivia\",\"https:\/\/x.com\/innoticiasbo\",\"https:\/\/www.instagram.com\/innoticiasbo\",\"https:\/\/www.youtube.com\/innoticiasbo\"]},{\"@type\":\"Person\",\"@id\":\"https:\/\/innoticiasbo.com\/#\/schema\/person\/9af0c49836719fb5d47b55cc879140ce\",\"name\":\"Jason Gonzales\",\"image\":{\"@type\":\"ImageObject\",\"inLanguage\":\"es\",\"@id\":\"https:\/\/innoticiasbo.com\/#\/schema\/person\/image\/\",\"url\":\"https:\/\/secure.gravatar.com\/avatar\/ff64cacc93e8658997d62d298b4dff23?s=96&d=mm&r=g\",\"contentUrl\":\"https:\/\/secure.gravatar.com\/avatar\/ff64cacc93e8658997d62d298b4dff23?s=96&d=mm&r=g\",\"caption\":\"Jason Gonzales\"},\"sameAs\":[\"http:\/\/www.innoticiasbo.com\"],\"url\":\"https:\/\/innoticiasbo.com\/index.php\/author\/prensa-8\/\"}]}<\/script>\n<!-- \/ Yoast SEO plugin. -->","yoast_head_json":{"title":"COMIT\u00c9 PRO SANTA CRUZ APUNTA A UNA ASAMBLEA DE LA CRUCE\u00d1IDAD: \"NO PODEMOS QUEDARNOS DE BRAZOS CRUZADOS\" - innoticiasbo.com","robots":{"index":"index","follow":"follow","max-snippet":"max-snippet:-1","max-image-preview":"max-image-preview:large","max-video-preview":"max-video-preview:-1"},"canonical":"https:\/\/innoticiasbo.com\/index.php\/2026\/08\/31\/comite-pro-santa-cruz-apunta-a-una-asamblea-de-la-crucenidad-no-podemos-quedarnos-de-brazos-cruzados\/","og_locale":"es_ES","og_type":"article","og_title":"COMIT\u00c9 PRO SANTA CRUZ APUNTA A UNA ASAMBLEA DE LA CRUCE\u00d1IDAD: \"NO PODEMOS QUEDARNOS DE BRAZOS CRUZADOS\" - innoticiasbo.com","og_description":"31 de agosto.- La dirigencia c\u00edvica esperar\u00e1 el informe de YPFB y luego reunir\u00e1 a su directorio para evaluar la convocatoria a una Asamblea de la Cruce\u00f1idad. El Comit\u00e9 pro Santa Cruz anunci\u00f3 que podr\u00eda convocar a una Asamblea de la Cruce\u00f1idad para definir nuevas medidas de presi\u00f3n ante la falta de soluciones a la...","og_url":"https:\/\/innoticiasbo.com\/index.php\/2026\/08\/31\/comite-pro-santa-cruz-apunta-a-una-asamblea-de-la-crucenidad-no-podemos-quedarnos-de-brazos-cruzados\/","og_site_name":"innoticiasbo.com","article_publisher":"https:\/\/www.facebook.com\/innoticiasbolivia","article_published_time":"2026-08-31T13:23:33+00:00","article_modified_time":"2026-08-31T13:25:21+00:00","og_image":[{"width":992,"height":563,"url":"https:\/\/i0.wp.com\/innoticiasbo.com\/wp-content\/uploads\/2026\/08\/image_editor_output_image522739249-1788182703153.jpg?fit=992%2C563&ssl=1","type":"image\/jpeg"}],"author":"Jason Gonzales","twitter_card":"summary_large_image","twitter_creator":"@innoticiasbo","twitter_site":"@innoticiasbo","twitter_misc":{"Escrito por":"Jason Gonzales","Tiempo de lectura":"3 minutos"},"schema":{"@context":"https:\/\/schema.org","@graph":[{"@type":"Article","@id":"https:\/\/innoticiasbo.com\/index.php\/2026\/08\/31\/comite-pro-santa-cruz-apunta-a-una-asamblea-de-la-crucenidad-no-podemos-quedarnos-de-brazos-cruzados\/#article","isPartOf":{"@id":"https:\/\/innoticiasbo.com\/index.php\/2026\/08\/31\/comite-pro-santa-cruz-apunta-a-una-asamblea-de-la-crucenidad-no-podemos-quedarnos-de-brazos-cruzados\/"},"author":{"name":"Jason Gonzales","@id":"https:\/\/innoticiasbo.com\/#\/schema\/person\/9af0c49836719fb5d47b55cc879140ce"},"headline":"COMIT\u00c9 PRO SANTA CRUZ APUNTA A UNA ASAMBLEA DE LA CRUCE\u00d1IDAD: \u00abNO PODEMOS QUEDARNOS DE BRAZOS CRUZADOS\u00bb","datePublished":"2026-08-31T13:23:33+00:00","dateModified":"2026-08-31T13:25:21+00:00","mainEntityOfPage":{"@id":"https:\/\/innoticiasbo.com\/index.php\/2026\/08\/31\/comite-pro-santa-cruz-apunta-a-una-asamblea-de-la-crucenidad-no-podemos-quedarnos-de-brazos-cruzados\/"},"wordCount":712,"commentCount":0,"publisher":{"@id":"https:\/\/innoticiasbo.com\/#organization"},"image":{"@id":"https:\/\/innoticiasbo.com\/index.php\/2026\/08\/31\/comite-pro-santa-cruz-apunta-a-una-asamblea-de-la-crucenidad-no-podemos-quedarnos-de-brazos-cruzados\/#primaryimage"},"thumbnailUrl":"https:\/\/i0.wp.com\/innoticiasbo.com\/wp-content\/uploads\/2026\/08\/image_editor_output_image522739249-1788182703153.jpg?fit=992%2C563&ssl=1","keywords":["Asamblea de la Cruce\u00f1idad","Comit\u00e9 pro Santa Cruz","Decret\u00f3 Supremo 5676","gobierno","rechazo","Rodrigo Paz","YPFB"],"articleSection":["Bolivia"],"inLanguage":"es","potentialAction":[{"@type":"CommentAction","name":"Comment","target":["https:\/\/innoticiasbo.com\/index.php\/2026\/08\/31\/comite-pro-santa-cruz-apunta-a-una-asamblea-de-la-crucenidad-no-podemos-quedarnos-de-brazos-cruzados\/#respond"]}]},{"@type":"WebPage","@id":"https:\/\/innoticiasbo.com\/index.php\/2026\/08\/31\/comite-pro-santa-cruz-apunta-a-una-asamblea-de-la-crucenidad-no-podemos-quedarnos-de-brazos-cruzados\/","url":"https:\/\/innoticiasbo.com\/index.php\/2026\/08\/31\/comite-pro-santa-cruz-apunta-a-una-asamblea-de-la-crucenidad-no-podemos-quedarnos-de-brazos-cruzados\/","name":"COMIT\u00c9 PRO SANTA CRUZ APUNTA A UNA ASAMBLEA DE LA CRUCE\u00d1IDAD: \"NO PODEMOS QUEDARNOS DE BRAZOS CRUZADOS\" - innoticiasbo.com","isPartOf":{"@id":"https:\/\/innoticiasbo.com\/#website"},"primaryImageOfPage":{"@id":"https:\/\/innoticiasbo.com\/index.php\/2026\/08\/31\/comite-pro-santa-cruz-apunta-a-una-asamblea-de-la-crucenidad-no-podemos-quedarnos-de-brazos-cruzados\/#primaryimage"},"image":{"@id":"https:\/\/innoticiasbo.com\/index.php\/2026\/08\/31\/comite-pro-santa-cruz-apunta-a-una-asamblea-de-la-crucenidad-no-podemos-quedarnos-de-brazos-cruzados\/#primaryimage"},"thumbnailUrl":"https:\/\/i0.wp.com\/innoticiasbo.com\/wp-content\/uploads\/2026\/08\/image_editor_output_image522739249-1788182703153.jpg?fit=992%2C563&ssl=1","datePublished":"2026-08-31T13:23:33+00:00","dateModified":"2026-08-31T13:25:21+00:00","breadcrumb":{"@id":"https:\/\/innoticiasbo.com\/index.php\/2026\/08\/31\/comite-pro-santa-cruz-apunta-a-una-asamblea-de-la-crucenidad-no-podemos-quedarnos-de-brazos-cruzados\/#breadcrumb"},"inLanguage":"es","potentialAction":[{"@type":"ReadAction","target":["https:\/\/innoticiasbo.com\/index.php\/2026\/08\/31\/comite-pro-santa-cruz-apunta-a-una-asamblea-de-la-crucenidad-no-podemos-quedarnos-de-brazos-cruzados\/"]}]},{"@type":"ImageObject","inLanguage":"es","@id":"https:\/\/innoticiasbo.com\/index.php\/2026\/08\/31\/comite-pro-santa-cruz-apunta-a-una-asamblea-de-la-crucenidad-no-podemos-quedarnos-de-brazos-cruzados\/#primaryimage","url":"https:\/\/i0.wp.com\/innoticiasbo.com\/wp-content\/uploads\/2026\/08\/image_editor_output_image522739249-1788182703153.jpg?fit=992%2C563&ssl=1","contentUrl":"https:\/\/i0.wp.com\/innoticiasbo.com\/wp-content\/uploads\/2026\/08\/image_editor_output_image522739249-1788182703153.jpg?fit=992%2C563&ssl=1","width":992,"height":563},{"@type":"BreadcrumbList","@id":"https:\/\/innoticiasbo.com\/index.php\/2026\/08\/31\/comite-pro-santa-cruz-apunta-a-una-asamblea-de-la-crucenidad-no-podemos-quedarnos-de-brazos-cruzados\/#breadcrumb","itemListElement":[{"@type":"ListItem","position":1,"name":"Portada","item":"https:\/\/innoticiasbo.com\/"},{"@type":"ListItem","position":2,"name":"COMIT\u00c9 PRO SANTA CRUZ APUNTA A UNA ASAMBLEA DE LA CRUCE\u00d1IDAD: \u00abNO PODEMOS QUEDARNOS DE BRAZOS CRUZADOS\u00bb"}]},{"@type":"WebSite","@id":"https:\/\/innoticiasbo.com\/#website","url":"https:\/\/innoticiasbo.com\/","name":"innoticiasbo.com","description":"","publisher":{"@id":"https:\/\/innoticiasbo.com\/#organization"},"potentialAction":[{"@type":"SearchAction","target":{"@type":"EntryPoint","urlTemplate":"https:\/\/innoticiasbo.com\/?s={search_term_string}"},"query-input":{"@type":"PropertyValueSpecification","valueRequired":true,"valueName":"search_term_string"}}],"inLanguage":"es"},{"@type":"Organization","@id":"https:\/\/innoticiasbo.com\/#organization","name":"innoticiasbo.com","url":"https:\/\/innoticiasbo.com\/","logo":{"@type":"ImageObject","inLanguage":"es","@id":"https:\/\/innoticiasbo.com\/#\/schema\/logo\/image\/","url":"https:\/\/i0.wp.com\/innoticiasbo.com\/wp-content\/uploads\/2026\/04\/cropped-IN-LOGO.png?fit=1476%2C1476&ssl=1","contentUrl":"https:\/\/i0.wp.com\/innoticiasbo.com\/wp-content\/uploads\/2026\/04\/cropped-IN-LOGO.png?fit=1476%2C1476&ssl=1","width":1476,"height":1476,"caption":"innoticiasbo.com"},"image":{"@id":"https:\/\/innoticiasbo.com\/#\/schema\/logo\/image\/"},"sameAs":["https:\/\/www.facebook.com\/innoticiasbolivia","https:\/\/x.com\/innoticiasbo","https:\/\/www.instagram.com\/innoticiasbo","https:\/\/www.youtube.com\/innoticiasbo"]},{"@type":"Person","@id":"https:\/\/innoticiasbo.com\/#\/schema\/person\/9af0c49836719fb5d47b55cc879140ce","name":"Jason Gonzales","image":{"@type":"ImageObject","inLanguage":"es","@id":"https:\/\/innoticiasbo.com\/#\/schema\/person\/image\/","url":"https:\/\/secure.gravatar.com\/avatar\/ff64cacc93e8658997d62d298b4dff23?s=96&d=mm&r=g","contentUrl":"https:\/\/secure.gravatar.com\/avatar\/ff64cacc93e8658997d62d298b4dff23?s=96&d=mm&r=g","caption":"Jason Gonzales"},"sameAs":["http:\/\/www.innoticiasbo.com"],"url":"https:\/\/innoticiasbo.com\/index.php\/author\/prensa-8\/"}]}},"jetpack_featured_media_url":"https:\/\/i0.wp.com\/innoticiasbo.com\/wp-content\/uploads\/2026\/08\/image_editor_output_image522739249-1788182703153.jpg?fit=992%2C563&ssl=1","jetpack_likes_enabled":true,"jetpack_sharing_enabled":true,"jetpack_shortlink":"https:\/\/wp.me\/pg298x-40f","_links":{"self":[{"href":"https:\/\/innoticiasbo.com\/index.php\/wp-json\/wp\/v2\/posts\/15391","targetHints":{"allow":["GET"]}}],"collection":[{"href":"https:\/\/innoticiasbo.com\/index.php\/wp-json\/wp\/v2\/posts"}],"about":[{"href":"https:\/\/innoticiasbo.com\/index.php\/wp-json\/wp\/v2\/types\/post"}],"author":[{"embeddable":true,"href":"https:\/\/innoticiasbo.com\/index.php\/wp-json\/wp\/v2\/users\/12"}],"replies":[{"embeddable":true,"href":"https:\/\/innoticiasbo.com\/index.php\/wp-json\/wp\/v2\/comments?post=15391"}],"version-history":[{"count":1,"href":"https:\/\/innoticiasbo.com\/index.php\/wp-json\/wp\/v2\/posts\/15391\/revisions"}],"predecessor-version":[{"id":15392,"href":"https:\/\/innoticiasbo.com\/index.php\/wp-json\/wp\/v2\/posts\/15391\/revisions\/15392"}],"wp:featuredmedia":[{"embeddable":true,"href":"https:\/\/innoticiasbo.com\/index.php\/wp-json\/wp\/v2\/media\/15390"}],"wp:attachment":[{"href":"https:\/\/innoticiasbo.com\/index.php\/wp-json\/wp\/v2\/media?parent=15391"}],"wp:term":[{"taxonomy":"category","embeddable":true,"href":"https:\/\/innoticiasbo.com\/index.php\/wp-json\/wp\/v2\/categories?post=15391"},{"taxonomy":"post_tag","embeddable":true,"href":"https:\/\/innoticiasbo.com\/index.php\/wp-json\/wp\/v2\/tags?post=15391"}],"curies":[{"name":"wp","href":"https:\/\/api.w.org\/{rel}","templated":true}]}}