{"id":15387,"date":"2026-08-31T09:04:49","date_gmt":"2026-08-31T13:04:49","guid":{"rendered":"https:\/\/innoticiasbo.com\/?p=15387"},"modified":"2026-08-31T09:10:22","modified_gmt":"2026-08-31T13:10:22","slug":"mirko-sokol-deja-el-cargo-de-comandante-general-de-la-policia","status":"publish","type":"post","link":"https:\/\/innoticiasbo.com\/index.php\/2026\/08\/31\/mirko-sokol-deja-el-cargo-de-comandante-general-de-la-policia\/","title":{"rendered":"MIRKO SOKOL DEJA EL CARGO DE COMANDANTE GENERAL DE LA POLIC\u00cdA"},"content":{"rendered":"\n<figure class=\"wp-block-image size-large\"><img data-recalc-dims=\"1\" loading=\"lazy\" decoding=\"async\" width=\"640\" height=\"367\" src=\"https:\/\/i0.wp.com\/innoticiasbo.com\/wp-content\/uploads\/2026\/08\/image_editor_output_image-981942705-17881814251807397780202169049716.jpg?resize=640%2C367&#038;ssl=1\" alt=\"\" class=\"wp-image-15385\" srcset=\"https:\/\/i0.wp.com\/innoticiasbo.com\/wp-content\/uploads\/2026\/08\/image_editor_output_image-981942705-17881814251807397780202169049716.jpg?w=989&amp;ssl=1 989w, https:\/\/i0.wp.com\/innoticiasbo.com\/wp-content\/uploads\/2026\/08\/image_editor_output_image-981942705-17881814251807397780202169049716.jpg?resize=300%2C172&amp;ssl=1 300w, https:\/\/i0.wp.com\/innoticiasbo.com\/wp-content\/uploads\/2026\/08\/image_editor_output_image-981942705-17881814251807397780202169049716.jpg?resize=768%2C440&amp;ssl=1 768w\" sizes=\"auto, (max-width: 640px) 100vw, 640px\" \/><\/figure>\n\n\n\n<p>31 de agosto.- Su salida se registra despu\u00e9s de un mes de ser denunciado por unos audios filtrados, hecho que llev\u00f3 a su investigaci\u00f3n en el Ministerio P\u00fablico.<\/p>\n\n\n\n<p>Fuera del cargo como comandante general de la Polic\u00eda Boliviana qued\u00f3 Mirko Sokol, hecho que se produce despu\u00e9s de m\u00e1s de un mes de ser investigado por el caso denominado \u00abaudios\u00bb, denuncia que interpuso el vicepresidente del Estado, Edmand Lara.<br><br>Las investigaciones en su contra llevaron al Ministerio P\u00fablico a abrir una investigaci\u00f3n por al menos siete delitos; sin embargo, Sokol no se present\u00f3 para brindar su declaraci\u00f3n a la cita fijada para el viernes, 28 de agosto,, en La Paz.<br><br>Preliminarmente se conoci\u00f3 que, Sokol present\u00f3 su renuncia al cargo, as\u00ed lo informaron fuentes del Gobierno a EL DEBER. No obstante, no solo Sokol habr\u00eda renunciado, sino que, todo el estado mayor de la instituci\u00f3n policial habr\u00eda puesto a disposici\u00f3n el cargo.<br><br>De acuerdo con la informaci\u00f3n extraoficial, en las pr\u00f3ximas horas se aguarda el nombramiento de un nuevo jefe policial.<br><br>Otras voces al interior de la Polic\u00eda se\u00f1alaron a esta casa period\u00edstica que el comandante fue destituido. <br><br>EL DEBER intent\u00f3 comunicarse con el ministro de Gobierno, Marco Antonio Oviedo para tener una informaci\u00f3n directa, sin embargo, no respondi\u00f3 al llamado ni respuestas de mensaje.<\/p>\n\n\n\n<p>Esta ma\u00f1ana, con la presencia del ministro Oviedo se lleva a cabo una reuni\u00f3n en Anapol, en la que no se observa la presencia de Sokol.<\/p>\n\n\n\n<p>Fuente: El Deber <\/p>\n\n\n\n<p><\/p>\n","protected":false},"excerpt":{"rendered":"<p>31 de agosto.- Su salida se registra despu\u00e9s de un mes de ser denunciado por unos audios filtrados, hecho que llev\u00f3 a su investigaci\u00f3n en el Ministerio P\u00fablico. Fuera del cargo como comandante general de la Polic\u00eda Boliviana qued\u00f3 Mirko Sokol, hecho que se produce despu\u00e9s de m\u00e1s de un mes de ser investigado por&#8230;<\/p>\n","protected":false},"author":12,"featured_media":15386,"comment_status":"open","ping_status":"open","sticky":false,"template":"","format":"standard","meta":{"_jetpack_memberships_contains_paid_content":false,"footnotes":"","jetpack_publicize_message":"","jetpack_publicize_feature_enabled":true,"jetpack_social_post_already_shared":true,"jetpack_social_options":{"image_generator_settings":{"template":"highway","enabled":false},"version":2}},"categories":[1],"tags":[783,7,26,997,3986,3549,177,3987],"class_list":["post-15387","post","type-post","status-publish","format-standard","has-post-thumbnail","hentry","category-bolivia","tag-audios","tag-bolivia","tag-denuncia","tag-edman-lara","tag-ex-comandante-general-de-la-policia","tag-general-mirko-sokol","tag-gobierno","tag-salida"],"jetpack_publicize_connections":[],"yoast_head":"<!-- This site is optimized with the Yoast SEO plugin v23.4 - https:\/\/yoast.com\/wordpress\/plugins\/seo\/ -->\n<title>MIRKO SOKOL DEJA EL CARGO DE COMANDANTE GENERAL DE LA POLIC\u00cdA - innoticiasbo.com<\/title>\n<meta name=\"robots\" content=\"index, follow, max-snippet:-1, max-image-preview:large, max-video-preview:-1\" \/>\n<link rel=\"canonical\" href=\"https:\/\/innoticiasbo.com\/index.php\/2026\/08\/31\/mirko-sokol-deja-el-cargo-de-comandante-general-de-la-policia\/\" \/>\n<meta property=\"og:locale\" content=\"es_ES\" \/>\n<meta property=\"og:type\" content=\"article\" \/>\n<meta property=\"og:title\" content=\"MIRKO SOKOL DEJA EL CARGO DE COMANDANTE GENERAL DE LA POLIC\u00cdA - innoticiasbo.com\" \/>\n<meta property=\"og:description\" content=\"31 de agosto.- Su salida se registra despu\u00e9s de un mes de ser denunciado por unos audios filtrados, hecho que llev\u00f3 a su investigaci\u00f3n en el Ministerio P\u00fablico. Fuera del cargo como comandante general de la Polic\u00eda Boliviana qued\u00f3 Mirko Sokol, hecho que se produce despu\u00e9s de m\u00e1s de un mes de ser investigado por...\" \/>\n<meta property=\"og:url\" content=\"https:\/\/innoticiasbo.com\/index.php\/2026\/08\/31\/mirko-sokol-deja-el-cargo-de-comandante-general-de-la-policia\/\" \/>\n<meta property=\"og:site_name\" content=\"innoticiasbo.com\" \/>\n<meta property=\"article:publisher\" content=\"https:\/\/www.facebook.com\/innoticiasbolivia\" \/>\n<meta property=\"article:published_time\" content=\"2026-08-31T13:04:49+00:00\" \/>\n<meta property=\"article:modified_time\" content=\"2026-08-31T13:10:22+00:00\" \/>\n<meta property=\"og:image\" content=\"https:\/\/i0.wp.com\/innoticiasbo.com\/wp-content\/uploads\/2026\/08\/image_editor_output_image-981942705-1788181802360.jpg?fit=1000%2C560&ssl=1\" \/>\n\t<meta property=\"og:image:width\" content=\"1000\" \/>\n\t<meta property=\"og:image:height\" content=\"560\" \/>\n\t<meta property=\"og:image:type\" content=\"image\/jpeg\" \/>\n<meta name=\"author\" content=\"Jason Gonzales\" \/>\n<meta name=\"twitter:card\" content=\"summary_large_image\" \/>\n<meta name=\"twitter:creator\" content=\"@innoticiasbo\" \/>\n<meta name=\"twitter:site\" content=\"@innoticiasbo\" \/>\n<meta name=\"twitter:label1\" content=\"Escrito por\" \/>\n\t<meta name=\"twitter:data1\" content=\"Jason Gonzales\" \/>\n\t<meta name=\"twitter:label2\" content=\"Tiempo de lectura\" \/>\n\t<meta name=\"twitter:data2\" content=\"1 minuto\" \/>\n<script type=\"application\/ld+json\" class=\"yoast-schema-graph\">{\"@context\":\"https:\/\/schema.org\",\"@graph\":[{\"@type\":\"Article\",\"@id\":\"https:\/\/innoticiasbo.com\/index.php\/2026\/08\/31\/mirko-sokol-deja-el-cargo-de-comandante-general-de-la-policia\/#article\",\"isPartOf\":{\"@id\":\"https:\/\/innoticiasbo.com\/index.php\/2026\/08\/31\/mirko-sokol-deja-el-cargo-de-comandante-general-de-la-policia\/\"},\"author\":{\"name\":\"Jason Gonzales\",\"@id\":\"https:\/\/innoticiasbo.com\/#\/schema\/person\/9af0c49836719fb5d47b55cc879140ce\"},\"headline\":\"MIRKO SOKOL DEJA EL CARGO DE COMANDANTE GENERAL DE LA POLIC\u00cdA\",\"datePublished\":\"2026-08-31T13:04:49+00:00\",\"dateModified\":\"2026-08-31T13:10:22+00:00\",\"mainEntityOfPage\":{\"@id\":\"https:\/\/innoticiasbo.com\/index.php\/2026\/08\/31\/mirko-sokol-deja-el-cargo-de-comandante-general-de-la-policia\/\"},\"wordCount\":275,\"commentCount\":0,\"publisher\":{\"@id\":\"https:\/\/innoticiasbo.com\/#organization\"},\"image\":{\"@id\":\"https:\/\/innoticiasbo.com\/index.php\/2026\/08\/31\/mirko-sokol-deja-el-cargo-de-comandante-general-de-la-policia\/#primaryimage\"},\"thumbnailUrl\":\"https:\/\/i0.wp.com\/innoticiasbo.com\/wp-content\/uploads\/2026\/08\/image_editor_output_image-981942705-1788181802360.jpg?fit=1000%2C560&ssl=1\",\"keywords\":[\"audios\",\"Bolivia\",\"denuncia\",\"Edman Lara\",\"Ex Comandante general de la Polic\u00eda\",\"General Mirko Sokol\",\"gobierno\",\"Salida\"],\"articleSection\":[\"Bolivia\"],\"inLanguage\":\"es\",\"potentialAction\":[{\"@type\":\"CommentAction\",\"name\":\"Comment\",\"target\":[\"https:\/\/innoticiasbo.com\/index.php\/2026\/08\/31\/mirko-sokol-deja-el-cargo-de-comandante-general-de-la-policia\/#respond\"]}]},{\"@type\":\"WebPage\",\"@id\":\"https:\/\/innoticiasbo.com\/index.php\/2026\/08\/31\/mirko-sokol-deja-el-cargo-de-comandante-general-de-la-policia\/\",\"url\":\"https:\/\/innoticiasbo.com\/index.php\/2026\/08\/31\/mirko-sokol-deja-el-cargo-de-comandante-general-de-la-policia\/\",\"name\":\"MIRKO SOKOL DEJA EL CARGO DE COMANDANTE GENERAL DE LA POLIC\u00cdA - innoticiasbo.com\",\"isPartOf\":{\"@id\":\"https:\/\/innoticiasbo.com\/#website\"},\"primaryImageOfPage\":{\"@id\":\"https:\/\/innoticiasbo.com\/index.php\/2026\/08\/31\/mirko-sokol-deja-el-cargo-de-comandante-general-de-la-policia\/#primaryimage\"},\"image\":{\"@id\":\"https:\/\/innoticiasbo.com\/index.php\/2026\/08\/31\/mirko-sokol-deja-el-cargo-de-comandante-general-de-la-policia\/#primaryimage\"},\"thumbnailUrl\":\"https:\/\/i0.wp.com\/innoticiasbo.com\/wp-content\/uploads\/2026\/08\/image_editor_output_image-981942705-1788181802360.jpg?fit=1000%2C560&ssl=1\",\"datePublished\":\"2026-08-31T13:04:49+00:00\",\"dateModified\":\"2026-08-31T13:10:22+00:00\",\"breadcrumb\":{\"@id\":\"https:\/\/innoticiasbo.com\/index.php\/2026\/08\/31\/mirko-sokol-deja-el-cargo-de-comandante-general-de-la-policia\/#breadcrumb\"},\"inLanguage\":\"es\",\"potentialAction\":[{\"@type\":\"ReadAction\",\"target\":[\"https:\/\/innoticiasbo.com\/index.php\/2026\/08\/31\/mirko-sokol-deja-el-cargo-de-comandante-general-de-la-policia\/\"]}]},{\"@type\":\"ImageObject\",\"inLanguage\":\"es\",\"@id\":\"https:\/\/innoticiasbo.com\/index.php\/2026\/08\/31\/mirko-sokol-deja-el-cargo-de-comandante-general-de-la-policia\/#primaryimage\",\"url\":\"https:\/\/i0.wp.com\/innoticiasbo.com\/wp-content\/uploads\/2026\/08\/image_editor_output_image-981942705-1788181802360.jpg?fit=1000%2C560&ssl=1\",\"contentUrl\":\"https:\/\/i0.wp.com\/innoticiasbo.com\/wp-content\/uploads\/2026\/08\/image_editor_output_image-981942705-1788181802360.jpg?fit=1000%2C560&ssl=1\",\"width\":1000,\"height\":560},{\"@type\":\"BreadcrumbList\",\"@id\":\"https:\/\/innoticiasbo.com\/index.php\/2026\/08\/31\/mirko-sokol-deja-el-cargo-de-comandante-general-de-la-policia\/#breadcrumb\",\"itemListElement\":[{\"@type\":\"ListItem\",\"position\":1,\"name\":\"Portada\",\"item\":\"https:\/\/innoticiasbo.com\/\"},{\"@type\":\"ListItem\",\"position\":2,\"name\":\"MIRKO SOKOL DEJA EL CARGO DE COMANDANTE GENERAL DE LA POLIC\u00cdA\"}]},{\"@type\":\"WebSite\",\"@id\":\"https:\/\/innoticiasbo.com\/#website\",\"url\":\"https:\/\/innoticiasbo.com\/\",\"name\":\"innoticiasbo.com\",\"description\":\"\",\"publisher\":{\"@id\":\"https:\/\/innoticiasbo.com\/#organization\"},\"potentialAction\":[{\"@type\":\"SearchAction\",\"target\":{\"@type\":\"EntryPoint\",\"urlTemplate\":\"https:\/\/innoticiasbo.com\/?s={search_term_string}\"},\"query-input\":{\"@type\":\"PropertyValueSpecification\",\"valueRequired\":true,\"valueName\":\"search_term_string\"}}],\"inLanguage\":\"es\"},{\"@type\":\"Organization\",\"@id\":\"https:\/\/innoticiasbo.com\/#organization\",\"name\":\"innoticiasbo.com\",\"url\":\"https:\/\/innoticiasbo.com\/\",\"logo\":{\"@type\":\"ImageObject\",\"inLanguage\":\"es\",\"@id\":\"https:\/\/innoticiasbo.com\/#\/schema\/logo\/image\/\",\"url\":\"https:\/\/i0.wp.com\/innoticiasbo.com\/wp-content\/uploads\/2026\/04\/cropped-IN-LOGO.png?fit=1476%2C1476&ssl=1\",\"contentUrl\":\"https:\/\/i0.wp.com\/innoticiasbo.com\/wp-content\/uploads\/2026\/04\/cropped-IN-LOGO.png?fit=1476%2C1476&ssl=1\",\"width\":1476,\"height\":1476,\"caption\":\"innoticiasbo.com\"},\"image\":{\"@id\":\"https:\/\/innoticiasbo.com\/#\/schema\/logo\/image\/\"},\"sameAs\":[\"https:\/\/www.facebook.com\/innoticiasbolivia\",\"https:\/\/x.com\/innoticiasbo\",\"https:\/\/www.instagram.com\/innoticiasbo\",\"https:\/\/www.youtube.com\/innoticiasbo\"]},{\"@type\":\"Person\",\"@id\":\"https:\/\/innoticiasbo.com\/#\/schema\/person\/9af0c49836719fb5d47b55cc879140ce\",\"name\":\"Jason Gonzales\",\"image\":{\"@type\":\"ImageObject\",\"inLanguage\":\"es\",\"@id\":\"https:\/\/innoticiasbo.com\/#\/schema\/person\/image\/\",\"url\":\"https:\/\/secure.gravatar.com\/avatar\/ff64cacc93e8658997d62d298b4dff23?s=96&d=mm&r=g\",\"contentUrl\":\"https:\/\/secure.gravatar.com\/avatar\/ff64cacc93e8658997d62d298b4dff23?s=96&d=mm&r=g\",\"caption\":\"Jason Gonzales\"},\"sameAs\":[\"http:\/\/www.innoticiasbo.com\"],\"url\":\"https:\/\/innoticiasbo.com\/index.php\/author\/prensa-8\/\"}]}<\/script>\n<!-- \/ Yoast SEO plugin. -->","yoast_head_json":{"title":"MIRKO SOKOL DEJA EL CARGO DE COMANDANTE GENERAL DE LA POLIC\u00cdA - innoticiasbo.com","robots":{"index":"index","follow":"follow","max-snippet":"max-snippet:-1","max-image-preview":"max-image-preview:large","max-video-preview":"max-video-preview:-1"},"canonical":"https:\/\/innoticiasbo.com\/index.php\/2026\/08\/31\/mirko-sokol-deja-el-cargo-de-comandante-general-de-la-policia\/","og_locale":"es_ES","og_type":"article","og_title":"MIRKO SOKOL DEJA EL CARGO DE COMANDANTE GENERAL DE LA POLIC\u00cdA - innoticiasbo.com","og_description":"31 de agosto.- Su salida se registra despu\u00e9s de un mes de ser denunciado por unos audios filtrados, hecho que llev\u00f3 a su investigaci\u00f3n en el Ministerio P\u00fablico. Fuera del cargo como comandante general de la Polic\u00eda Boliviana qued\u00f3 Mirko Sokol, hecho que se produce despu\u00e9s de m\u00e1s de un mes de ser investigado por...","og_url":"https:\/\/innoticiasbo.com\/index.php\/2026\/08\/31\/mirko-sokol-deja-el-cargo-de-comandante-general-de-la-policia\/","og_site_name":"innoticiasbo.com","article_publisher":"https:\/\/www.facebook.com\/innoticiasbolivia","article_published_time":"2026-08-31T13:04:49+00:00","article_modified_time":"2026-08-31T13:10:22+00:00","og_image":[{"width":1000,"height":560,"url":"https:\/\/i0.wp.com\/innoticiasbo.com\/wp-content\/uploads\/2026\/08\/image_editor_output_image-981942705-1788181802360.jpg?fit=1000%2C560&ssl=1","type":"image\/jpeg"}],"author":"Jason Gonzales","twitter_card":"summary_large_image","twitter_creator":"@innoticiasbo","twitter_site":"@innoticiasbo","twitter_misc":{"Escrito por":"Jason Gonzales","Tiempo de lectura":"1 minuto"},"schema":{"@context":"https:\/\/schema.org","@graph":[{"@type":"Article","@id":"https:\/\/innoticiasbo.com\/index.php\/2026\/08\/31\/mirko-sokol-deja-el-cargo-de-comandante-general-de-la-policia\/#article","isPartOf":{"@id":"https:\/\/innoticiasbo.com\/index.php\/2026\/08\/31\/mirko-sokol-deja-el-cargo-de-comandante-general-de-la-policia\/"},"author":{"name":"Jason Gonzales","@id":"https:\/\/innoticiasbo.com\/#\/schema\/person\/9af0c49836719fb5d47b55cc879140ce"},"headline":"MIRKO SOKOL DEJA EL CARGO DE COMANDANTE GENERAL DE LA POLIC\u00cdA","datePublished":"2026-08-31T13:04:49+00:00","dateModified":"2026-08-31T13:10:22+00:00","mainEntityOfPage":{"@id":"https:\/\/innoticiasbo.com\/index.php\/2026\/08\/31\/mirko-sokol-deja-el-cargo-de-comandante-general-de-la-policia\/"},"wordCount":275,"commentCount":0,"publisher":{"@id":"https:\/\/innoticiasbo.com\/#organization"},"image":{"@id":"https:\/\/innoticiasbo.com\/index.php\/2026\/08\/31\/mirko-sokol-deja-el-cargo-de-comandante-general-de-la-policia\/#primaryimage"},"thumbnailUrl":"https:\/\/i0.wp.com\/innoticiasbo.com\/wp-content\/uploads\/2026\/08\/image_editor_output_image-981942705-1788181802360.jpg?fit=1000%2C560&ssl=1","keywords":["audios","Bolivia","denuncia","Edman Lara","Ex Comandante general de la Polic\u00eda","General Mirko Sokol","gobierno","Salida"],"articleSection":["Bolivia"],"inLanguage":"es","potentialAction":[{"@type":"CommentAction","name":"Comment","target":["https:\/\/innoticiasbo.com\/index.php\/2026\/08\/31\/mirko-sokol-deja-el-cargo-de-comandante-general-de-la-policia\/#respond"]}]},{"@type":"WebPage","@id":"https:\/\/innoticiasbo.com\/index.php\/2026\/08\/31\/mirko-sokol-deja-el-cargo-de-comandante-general-de-la-policia\/","url":"https:\/\/innoticiasbo.com\/index.php\/2026\/08\/31\/mirko-sokol-deja-el-cargo-de-comandante-general-de-la-policia\/","name":"MIRKO SOKOL DEJA EL CARGO DE COMANDANTE GENERAL DE LA POLIC\u00cdA - innoticiasbo.com","isPartOf":{"@id":"https:\/\/innoticiasbo.com\/#website"},"primaryImageOfPage":{"@id":"https:\/\/innoticiasbo.com\/index.php\/2026\/08\/31\/mirko-sokol-deja-el-cargo-de-comandante-general-de-la-policia\/#primaryimage"},"image":{"@id":"https:\/\/innoticiasbo.com\/index.php\/2026\/08\/31\/mirko-sokol-deja-el-cargo-de-comandante-general-de-la-policia\/#primaryimage"},"thumbnailUrl":"https:\/\/i0.wp.com\/innoticiasbo.com\/wp-content\/uploads\/2026\/08\/image_editor_output_image-981942705-1788181802360.jpg?fit=1000%2C560&ssl=1","datePublished":"2026-08-31T13:04:49+00:00","dateModified":"2026-08-31T13:10:22+00:00","breadcrumb":{"@id":"https:\/\/innoticiasbo.com\/index.php\/2026\/08\/31\/mirko-sokol-deja-el-cargo-de-comandante-general-de-la-policia\/#breadcrumb"},"inLanguage":"es","potentialAction":[{"@type":"ReadAction","target":["https:\/\/innoticiasbo.com\/index.php\/2026\/08\/31\/mirko-sokol-deja-el-cargo-de-comandante-general-de-la-policia\/"]}]},{"@type":"ImageObject","inLanguage":"es","@id":"https:\/\/innoticiasbo.com\/index.php\/2026\/08\/31\/mirko-sokol-deja-el-cargo-de-comandante-general-de-la-policia\/#primaryimage","url":"https:\/\/i0.wp.com\/innoticiasbo.com\/wp-content\/uploads\/2026\/08\/image_editor_output_image-981942705-1788181802360.jpg?fit=1000%2C560&ssl=1","contentUrl":"https:\/\/i0.wp.com\/innoticiasbo.com\/wp-content\/uploads\/2026\/08\/image_editor_output_image-981942705-1788181802360.jpg?fit=1000%2C560&ssl=1","width":1000,"height":560},{"@type":"BreadcrumbList","@id":"https:\/\/innoticiasbo.com\/index.php\/2026\/08\/31\/mirko-sokol-deja-el-cargo-de-comandante-general-de-la-policia\/#breadcrumb","itemListElement":[{"@type":"ListItem","position":1,"name":"Portada","item":"https:\/\/innoticiasbo.com\/"},{"@type":"ListItem","position":2,"name":"MIRKO SOKOL DEJA EL CARGO DE COMANDANTE GENERAL DE LA POLIC\u00cdA"}]},{"@type":"WebSite","@id":"https:\/\/innoticiasbo.com\/#website","url":"https:\/\/innoticiasbo.com\/","name":"innoticiasbo.com","description":"","publisher":{"@id":"https:\/\/innoticiasbo.com\/#organization"},"potentialAction":[{"@type":"SearchAction","target":{"@type":"EntryPoint","urlTemplate":"https:\/\/innoticiasbo.com\/?s={search_term_string}"},"query-input":{"@type":"PropertyValueSpecification","valueRequired":true,"valueName":"search_term_string"}}],"inLanguage":"es"},{"@type":"Organization","@id":"https:\/\/innoticiasbo.com\/#organization","name":"innoticiasbo.com","url":"https:\/\/innoticiasbo.com\/","logo":{"@type":"ImageObject","inLanguage":"es","@id":"https:\/\/innoticiasbo.com\/#\/schema\/logo\/image\/","url":"https:\/\/i0.wp.com\/innoticiasbo.com\/wp-content\/uploads\/2026\/04\/cropped-IN-LOGO.png?fit=1476%2C1476&ssl=1","contentUrl":"https:\/\/i0.wp.com\/innoticiasbo.com\/wp-content\/uploads\/2026\/04\/cropped-IN-LOGO.png?fit=1476%2C1476&ssl=1","width":1476,"height":1476,"caption":"innoticiasbo.com"},"image":{"@id":"https:\/\/innoticiasbo.com\/#\/schema\/logo\/image\/"},"sameAs":["https:\/\/www.facebook.com\/innoticiasbolivia","https:\/\/x.com\/innoticiasbo","https:\/\/www.instagram.com\/innoticiasbo","https:\/\/www.youtube.com\/innoticiasbo"]},{"@type":"Person","@id":"https:\/\/innoticiasbo.com\/#\/schema\/person\/9af0c49836719fb5d47b55cc879140ce","name":"Jason Gonzales","image":{"@type":"ImageObject","inLanguage":"es","@id":"https:\/\/innoticiasbo.com\/#\/schema\/person\/image\/","url":"https:\/\/secure.gravatar.com\/avatar\/ff64cacc93e8658997d62d298b4dff23?s=96&d=mm&r=g","contentUrl":"https:\/\/secure.gravatar.com\/avatar\/ff64cacc93e8658997d62d298b4dff23?s=96&d=mm&r=g","caption":"Jason Gonzales"},"sameAs":["http:\/\/www.innoticiasbo.com"],"url":"https:\/\/innoticiasbo.com\/index.php\/author\/prensa-8\/"}]}},"jetpack_featured_media_url":"https:\/\/i0.wp.com\/innoticiasbo.com\/wp-content\/uploads\/2026\/08\/image_editor_output_image-981942705-1788181802360.jpg?fit=1000%2C560&ssl=1","jetpack_likes_enabled":true,"jetpack_sharing_enabled":true,"jetpack_shortlink":"https:\/\/wp.me\/pg298x-40b","_links":{"self":[{"href":"https:\/\/innoticiasbo.com\/index.php\/wp-json\/wp\/v2\/posts\/15387","targetHints":{"allow":["GET"]}}],"collection":[{"href":"https:\/\/innoticiasbo.com\/index.php\/wp-json\/wp\/v2\/posts"}],"about":[{"href":"https:\/\/innoticiasbo.com\/index.php\/wp-json\/wp\/v2\/types\/post"}],"author":[{"embeddable":true,"href":"https:\/\/innoticiasbo.com\/index.php\/wp-json\/wp\/v2\/users\/12"}],"replies":[{"embeddable":true,"href":"https:\/\/innoticiasbo.com\/index.php\/wp-json\/wp\/v2\/comments?post=15387"}],"version-history":[{"count":1,"href":"https:\/\/innoticiasbo.com\/index.php\/wp-json\/wp\/v2\/posts\/15387\/revisions"}],"predecessor-version":[{"id":15388,"href":"https:\/\/innoticiasbo.com\/index.php\/wp-json\/wp\/v2\/posts\/15387\/revisions\/15388"}],"wp:featuredmedia":[{"embeddable":true,"href":"https:\/\/innoticiasbo.com\/index.php\/wp-json\/wp\/v2\/media\/15386"}],"wp:attachment":[{"href":"https:\/\/innoticiasbo.com\/index.php\/wp-json\/wp\/v2\/media?parent=15387"}],"wp:term":[{"taxonomy":"category","embeddable":true,"href":"https:\/\/innoticiasbo.com\/index.php\/wp-json\/wp\/v2\/categories?post=15387"},{"taxonomy":"post_tag","embeddable":true,"href":"https:\/\/innoticiasbo.com\/index.php\/wp-json\/wp\/v2\/tags?post=15387"}],"curies":[{"name":"wp","href":"https:\/\/api.w.org\/{rel}","templated":true}]}}