{"id":1527,"date":"2024-10-17T03:44:53","date_gmt":"2024-10-17T03:44:53","guid":{"rendered":"https:\/\/innoticiasbo.com\/?p=1527"},"modified":"2024-10-17T03:45:10","modified_gmt":"2024-10-17T03:45:10","slug":"segun-abogado-evo-habria-cometido-trata-ese-delito-no-prescribe-y-la-pena-va-de-15-a-20-anos","status":"publish","type":"post","link":"https:\/\/innoticiasbo.com\/index.php\/2024\/10\/17\/segun-abogado-evo-habria-cometido-trata-ese-delito-no-prescribe-y-la-pena-va-de-15-a-20-anos\/","title":{"rendered":"SEG\u00daN ABOGADO EVO HABR\u00cdA COMETIDO TRATA, ESE DELITO NO PRESCRIBE Y LA PENA VA DE 15 A 20 A\u00d1OS"},"content":{"rendered":"\n<p>Cochabamba, 16 de octubre de 2024.- El abogado y coronel de polic\u00eda Boris Bellido, quien trabaj\u00f3 durante muchos a\u00f1os en la Divisi\u00f3n de Trata y Tr\u00e1fico de personas, sostuvo en entrevista con #ElAvispero que en el caso de la adolescente que fue embarazada por Evo Morales existen todos los elementos para tipificar el hecho como un delito de trata y tr\u00e1fico de personas.<\/p>\n\n\n\n<figure class=\"wp-block-image size-large\"><img data-recalc-dims=\"1\" loading=\"lazy\" decoding=\"async\" width=\"640\" height=\"364\" src=\"https:\/\/i0.wp.com\/innoticiasbo.com\/wp-content\/uploads\/2024\/10\/screenshot_20241016_224923_capcut6666220886255544991.jpg?resize=640%2C364&#038;ssl=1\" alt=\"\" class=\"wp-image-1523\" srcset=\"https:\/\/i0.wp.com\/innoticiasbo.com\/wp-content\/uploads\/2024\/10\/screenshot_20241016_224923_capcut6666220886255544991.jpg?resize=1024%2C583&amp;ssl=1 1024w, https:\/\/i0.wp.com\/innoticiasbo.com\/wp-content\/uploads\/2024\/10\/screenshot_20241016_224923_capcut6666220886255544991.jpg?resize=300%2C171&amp;ssl=1 300w, https:\/\/i0.wp.com\/innoticiasbo.com\/wp-content\/uploads\/2024\/10\/screenshot_20241016_224923_capcut6666220886255544991.jpg?resize=768%2C437&amp;ssl=1 768w, https:\/\/i0.wp.com\/innoticiasbo.com\/wp-content\/uploads\/2024\/10\/screenshot_20241016_224923_capcut6666220886255544991.jpg?w=1079&amp;ssl=1 1079w\" sizes=\"auto, (max-width: 640px) 100vw, 640px\" \/><\/figure>\n\n\n\n<p>Record\u00f3 que la ley que penaliza la trata y tr\u00e1fico de personas fue aprobada el 31 de julio de 2012, es decir 3 a\u00f1os antes de que Evo Morales cometiera el presunto delito con una menor de 15 a\u00f1os. Asimismo explic\u00f3 que el argumento del \u201cevismo\u201d respecto a que nadie puede ser juzgado dos veces por el mismo delito, no tiene sustento.<\/p>\n\n\n\n<p>\u201cEl primer acto del proceso penal es la imputaci\u00f3n y si bien se habr\u00eda aperturado el caso el 2020 y habr\u00eda sido rechazado no puede ser considerdo un proceso porque son actos iniciales de investigaci\u00f3n, que debe mantener la invstigacion en como estupro\u201d, sostuvo.<\/p>\n\n\n\n<figure class=\"wp-block-image size-large\"><img data-recalc-dims=\"1\" loading=\"lazy\" decoding=\"async\" width=\"640\" height=\"360\" src=\"https:\/\/i0.wp.com\/innoticiasbo.com\/wp-content\/uploads\/2024\/10\/fb_img_17290153781836570240418986685130.jpg?resize=640%2C360&#038;ssl=1\" alt=\"\" class=\"wp-image-1524\" srcset=\"https:\/\/i0.wp.com\/innoticiasbo.com\/wp-content\/uploads\/2024\/10\/fb_img_17290153781836570240418986685130.jpg?w=960&amp;ssl=1 960w, https:\/\/i0.wp.com\/innoticiasbo.com\/wp-content\/uploads\/2024\/10\/fb_img_17290153781836570240418986685130.jpg?resize=300%2C169&amp;ssl=1 300w, https:\/\/i0.wp.com\/innoticiasbo.com\/wp-content\/uploads\/2024\/10\/fb_img_17290153781836570240418986685130.jpg?resize=768%2C432&amp;ssl=1 768w\" sizes=\"auto, (max-width: 640px) 100vw, 640px\" \/><\/figure>\n\n\n\n<p>Afirm\u00f3 que en este caso existe trata de personas con \u201cembarazo forzado\u201d que hace referencia al producto de una relaci\u00f3n sexual forzada, entendiendo el concepto no solamente como el empleo de fuerza f\u00edsica, sino tambi\u00e9n la violencia moral y psicol\u00f3gica, considerando \u201cque un menor edad tiene situaci\u00f3n de vulnerabildiad permanente ya que su desarrollo psicoemocional no esta completado\u201d.<\/p>\n\n\n\n<p>Bellido explic\u00f3 que se trata de un caso de trata de personas porque este tipo penal considera las siguientes dimensiones, que en este caso se aplican. Se demuestra que hubo captaci\u00f3n de la menor con el grupo Generaci\u00f3n Evo, traslado de la v\u00edctima en m\u00faltiples viajes y recepci\u00f3n de la v\u00edctima ya que ella tuvo que ser recibida en un hotel, motel o vivienda.<\/p>\n\n\n\n<p>En el cuaderno de investigciones existe informaci\u00f3n de que la adolescente fue trasladada a otros departamentos y a otros pa\u00edses utilizando un pasaporte \u201cdiplom\u00e1tico, lo que revela complicidad de estructuras estatales y que se constituye en \u201cevidencia plena\u201d de beneficios para los tratantes, tal es el caso de la madre.<\/p>\n\n\n\n<figure class=\"wp-block-image size-large\"><img data-recalc-dims=\"1\" loading=\"lazy\" decoding=\"async\" width=\"640\" height=\"360\" src=\"https:\/\/i0.wp.com\/innoticiasbo.com\/wp-content\/uploads\/2024\/10\/grafica-evo-fiscal786401792694605456.jpg?resize=640%2C360&#038;ssl=1\" alt=\"\" class=\"wp-image-1525\" srcset=\"https:\/\/i0.wp.com\/innoticiasbo.com\/wp-content\/uploads\/2024\/10\/grafica-evo-fiscal786401792694605456.jpg?resize=1024%2C576&amp;ssl=1 1024w, https:\/\/i0.wp.com\/innoticiasbo.com\/wp-content\/uploads\/2024\/10\/grafica-evo-fiscal786401792694605456.jpg?resize=300%2C169&amp;ssl=1 300w, https:\/\/i0.wp.com\/innoticiasbo.com\/wp-content\/uploads\/2024\/10\/grafica-evo-fiscal786401792694605456.jpg?resize=768%2C432&amp;ssl=1 768w, https:\/\/i0.wp.com\/innoticiasbo.com\/wp-content\/uploads\/2024\/10\/grafica-evo-fiscal786401792694605456.jpg?resize=1536%2C864&amp;ssl=1 1536w, https:\/\/i0.wp.com\/innoticiasbo.com\/wp-content\/uploads\/2024\/10\/grafica-evo-fiscal786401792694605456.jpg?w=1920&amp;ssl=1 1920w, https:\/\/i0.wp.com\/innoticiasbo.com\/wp-content\/uploads\/2024\/10\/grafica-evo-fiscal786401792694605456.jpg?w=1280&amp;ssl=1 1280w\" sizes=\"auto, (max-width: 640px) 100vw, 640px\" \/><figcaption class=\"wp-element-caption\">Evo Morales y la Fiscal de Tarija que lo procesa Sandra Guti\u00e9rrez <\/figcaption><\/figure>\n\n\n\n<p>\u201cAsimismo se establece situaci\u00f3n de vulnerabilidad y abuso de poder por su condici\u00f3n de autoridad y obviamente hab\u00eda consesion de beneficios, hacia a la madre que le han dado el cargo de directora de g\u00e9nero\u201d, sostuvo Bellido.<\/p>\n\n\n\n<p>Dijo que la ley agrava la pena por trata de personas cuando se registra un embarazo forzado que conlleva serios riesgos f\u00edsicos y emocionales, promueve la deserci\u00f3n escolar y afecta la vida social y familiar de la v\u00edctima; asimismo se considera agravante cuando el autor es un servidor p\u00fablico como es el caso de Evo Morales que en ese momento era presidente de Bolivia.<\/p>\n\n\n\n<h1 class=\"wp-block-heading\">Trataytraficodepersonas #EvoMoralesAyma #Cindy #prescripcion #JusticiaBolivia #innoticias<\/h1>\n","protected":false},"excerpt":{"rendered":"<p>Cochabamba, 16 de octubre de 2024.- El abogado y coronel de polic\u00eda Boris Bellido, quien trabaj\u00f3 durante muchos a\u00f1os en la Divisi\u00f3n de Trata y Tr\u00e1fico de personas, sostuvo en entrevista con #ElAvispero que en el caso de la adolescente que fue embarazada por Evo Morales existen todos los elementos para tipificar el hecho como&#8230;<\/p>\n","protected":false},"author":2,"featured_media":1526,"comment_status":"open","ping_status":"open","sticky":false,"template":"","format":"standard","meta":{"_jetpack_memberships_contains_paid_content":false,"footnotes":"","jetpack_publicize_message":"","jetpack_publicize_feature_enabled":true,"jetpack_social_post_already_shared":true,"jetpack_social_options":{"image_generator_settings":{"template":"highway","enabled":false},"version":2}},"categories":[1,15],"tags":[],"class_list":["post-1527","post","type-post","status-publish","format-standard","has-post-thumbnail","hentry","category-bolivia","category-seguridad"],"jetpack_publicize_connections":[],"yoast_head":"<!-- This site is optimized with the Yoast SEO plugin v23.4 - https:\/\/yoast.com\/wordpress\/plugins\/seo\/ -->\n<title>SEG\u00daN ABOGADO EVO HABR\u00cdA COMETIDO TRATA, ESE DELITO NO PRESCRIBE Y LA PENA VA DE 15 A 20 A\u00d1OS - innoticiasbo.com<\/title>\n<meta name=\"robots\" content=\"index, follow, max-snippet:-1, max-image-preview:large, max-video-preview:-1\" \/>\n<link rel=\"canonical\" href=\"https:\/\/innoticiasbo.com\/index.php\/2024\/10\/17\/segun-abogado-evo-habria-cometido-trata-ese-delito-no-prescribe-y-la-pena-va-de-15-a-20-anos\/\" \/>\n<meta property=\"og:locale\" content=\"es_ES\" \/>\n<meta property=\"og:type\" content=\"article\" \/>\n<meta property=\"og:title\" content=\"SEG\u00daN ABOGADO EVO HABR\u00cdA COMETIDO TRATA, ESE DELITO NO PRESCRIBE Y LA PENA VA DE 15 A 20 A\u00d1OS - innoticiasbo.com\" \/>\n<meta property=\"og:description\" content=\"Cochabamba, 16 de octubre de 2024.- El abogado y coronel de polic\u00eda Boris Bellido, quien trabaj\u00f3 durante muchos a\u00f1os en la Divisi\u00f3n de Trata y Tr\u00e1fico de personas, sostuvo en entrevista con #ElAvispero que en el caso de la adolescente que fue embarazada por Evo Morales existen todos los elementos para tipificar el hecho como...\" \/>\n<meta property=\"og:url\" content=\"https:\/\/innoticiasbo.com\/index.php\/2024\/10\/17\/segun-abogado-evo-habria-cometido-trata-ese-delito-no-prescribe-y-la-pena-va-de-15-a-20-anos\/\" \/>\n<meta property=\"og:site_name\" content=\"innoticiasbo.com\" \/>\n<meta property=\"article:publisher\" content=\"https:\/\/www.facebook.com\/innoticiasbolivia\" \/>\n<meta property=\"article:published_time\" content=\"2024-10-17T03:44:53+00:00\" \/>\n<meta property=\"article:modified_time\" content=\"2024-10-17T03:45:10+00:00\" \/>\n<meta property=\"og:image\" content=\"https:\/\/i0.wp.com\/innoticiasbo.com\/wp-content\/uploads\/2024\/10\/Screenshot_20241016_224923_CapCut.jpg?fit=1079%2C614&ssl=1\" \/>\n\t<meta property=\"og:image:width\" content=\"1079\" \/>\n\t<meta property=\"og:image:height\" content=\"614\" \/>\n\t<meta property=\"og:image:type\" content=\"image\/jpeg\" \/>\n<meta name=\"author\" content=\"Prensa\" \/>\n<meta name=\"twitter:card\" content=\"summary_large_image\" \/>\n<meta name=\"twitter:creator\" content=\"@innoticiasbo\" \/>\n<meta name=\"twitter:site\" content=\"@innoticiasbo\" \/>\n<meta name=\"twitter:label1\" content=\"Escrito por\" \/>\n\t<meta name=\"twitter:data1\" content=\"Prensa\" \/>\n\t<meta name=\"twitter:label2\" content=\"Tiempo de lectura\" \/>\n\t<meta name=\"twitter:data2\" content=\"2 minutos\" \/>\n<script type=\"application\/ld+json\" class=\"yoast-schema-graph\">{\"@context\":\"https:\/\/schema.org\",\"@graph\":[{\"@type\":\"Article\",\"@id\":\"https:\/\/innoticiasbo.com\/index.php\/2024\/10\/17\/segun-abogado-evo-habria-cometido-trata-ese-delito-no-prescribe-y-la-pena-va-de-15-a-20-anos\/#article\",\"isPartOf\":{\"@id\":\"https:\/\/innoticiasbo.com\/index.php\/2024\/10\/17\/segun-abogado-evo-habria-cometido-trata-ese-delito-no-prescribe-y-la-pena-va-de-15-a-20-anos\/\"},\"author\":{\"name\":\"Prensa\",\"@id\":\"https:\/\/innoticiasbo.com\/#\/schema\/person\/589cd527c4211df1b943bdad85ec07ce\"},\"headline\":\"SEG\u00daN ABOGADO EVO HABR\u00cdA COMETIDO TRATA, ESE DELITO NO PRESCRIBE Y LA PENA VA DE 15 A 20 A\u00d1OS\",\"datePublished\":\"2024-10-17T03:44:53+00:00\",\"dateModified\":\"2024-10-17T03:45:10+00:00\",\"mainEntityOfPage\":{\"@id\":\"https:\/\/innoticiasbo.com\/index.php\/2024\/10\/17\/segun-abogado-evo-habria-cometido-trata-ese-delito-no-prescribe-y-la-pena-va-de-15-a-20-anos\/\"},\"wordCount\":509,\"commentCount\":0,\"publisher\":{\"@id\":\"https:\/\/innoticiasbo.com\/#organization\"},\"image\":{\"@id\":\"https:\/\/innoticiasbo.com\/index.php\/2024\/10\/17\/segun-abogado-evo-habria-cometido-trata-ese-delito-no-prescribe-y-la-pena-va-de-15-a-20-anos\/#primaryimage\"},\"thumbnailUrl\":\"https:\/\/i0.wp.com\/innoticiasbo.com\/wp-content\/uploads\/2024\/10\/Screenshot_20241016_224923_CapCut.jpg?fit=1079%2C614&ssl=1\",\"articleSection\":[\"Bolivia\",\"Seguridad\"],\"inLanguage\":\"es\",\"potentialAction\":[{\"@type\":\"CommentAction\",\"name\":\"Comment\",\"target\":[\"https:\/\/innoticiasbo.com\/index.php\/2024\/10\/17\/segun-abogado-evo-habria-cometido-trata-ese-delito-no-prescribe-y-la-pena-va-de-15-a-20-anos\/#respond\"]}]},{\"@type\":\"WebPage\",\"@id\":\"https:\/\/innoticiasbo.com\/index.php\/2024\/10\/17\/segun-abogado-evo-habria-cometido-trata-ese-delito-no-prescribe-y-la-pena-va-de-15-a-20-anos\/\",\"url\":\"https:\/\/innoticiasbo.com\/index.php\/2024\/10\/17\/segun-abogado-evo-habria-cometido-trata-ese-delito-no-prescribe-y-la-pena-va-de-15-a-20-anos\/\",\"name\":\"SEG\u00daN ABOGADO EVO HABR\u00cdA COMETIDO TRATA, ESE DELITO NO PRESCRIBE Y LA PENA VA DE 15 A 20 A\u00d1OS - innoticiasbo.com\",\"isPartOf\":{\"@id\":\"https:\/\/innoticiasbo.com\/#website\"},\"primaryImageOfPage\":{\"@id\":\"https:\/\/innoticiasbo.com\/index.php\/2024\/10\/17\/segun-abogado-evo-habria-cometido-trata-ese-delito-no-prescribe-y-la-pena-va-de-15-a-20-anos\/#primaryimage\"},\"image\":{\"@id\":\"https:\/\/innoticiasbo.com\/index.php\/2024\/10\/17\/segun-abogado-evo-habria-cometido-trata-ese-delito-no-prescribe-y-la-pena-va-de-15-a-20-anos\/#primaryimage\"},\"thumbnailUrl\":\"https:\/\/i0.wp.com\/innoticiasbo.com\/wp-content\/uploads\/2024\/10\/Screenshot_20241016_224923_CapCut.jpg?fit=1079%2C614&ssl=1\",\"datePublished\":\"2024-10-17T03:44:53+00:00\",\"dateModified\":\"2024-10-17T03:45:10+00:00\",\"breadcrumb\":{\"@id\":\"https:\/\/innoticiasbo.com\/index.php\/2024\/10\/17\/segun-abogado-evo-habria-cometido-trata-ese-delito-no-prescribe-y-la-pena-va-de-15-a-20-anos\/#breadcrumb\"},\"inLanguage\":\"es\",\"potentialAction\":[{\"@type\":\"ReadAction\",\"target\":[\"https:\/\/innoticiasbo.com\/index.php\/2024\/10\/17\/segun-abogado-evo-habria-cometido-trata-ese-delito-no-prescribe-y-la-pena-va-de-15-a-20-anos\/\"]}]},{\"@type\":\"ImageObject\",\"inLanguage\":\"es\",\"@id\":\"https:\/\/innoticiasbo.com\/index.php\/2024\/10\/17\/segun-abogado-evo-habria-cometido-trata-ese-delito-no-prescribe-y-la-pena-va-de-15-a-20-anos\/#primaryimage\",\"url\":\"https:\/\/i0.wp.com\/innoticiasbo.com\/wp-content\/uploads\/2024\/10\/Screenshot_20241016_224923_CapCut.jpg?fit=1079%2C614&ssl=1\",\"contentUrl\":\"https:\/\/i0.wp.com\/innoticiasbo.com\/wp-content\/uploads\/2024\/10\/Screenshot_20241016_224923_CapCut.jpg?fit=1079%2C614&ssl=1\",\"width\":1079,\"height\":614},{\"@type\":\"BreadcrumbList\",\"@id\":\"https:\/\/innoticiasbo.com\/index.php\/2024\/10\/17\/segun-abogado-evo-habria-cometido-trata-ese-delito-no-prescribe-y-la-pena-va-de-15-a-20-anos\/#breadcrumb\",\"itemListElement\":[{\"@type\":\"ListItem\",\"position\":1,\"name\":\"Portada\",\"item\":\"https:\/\/innoticiasbo.com\/\"},{\"@type\":\"ListItem\",\"position\":2,\"name\":\"SEG\u00daN ABOGADO EVO HABR\u00cdA COMETIDO TRATA, ESE DELITO NO PRESCRIBE Y LA PENA VA DE 15 A 20 A\u00d1OS\"}]},{\"@type\":\"WebSite\",\"@id\":\"https:\/\/innoticiasbo.com\/#website\",\"url\":\"https:\/\/innoticiasbo.com\/\",\"name\":\"innoticiasbo.com\",\"description\":\"\",\"publisher\":{\"@id\":\"https:\/\/innoticiasbo.com\/#organization\"},\"potentialAction\":[{\"@type\":\"SearchAction\",\"target\":{\"@type\":\"EntryPoint\",\"urlTemplate\":\"https:\/\/innoticiasbo.com\/?s={search_term_string}\"},\"query-input\":{\"@type\":\"PropertyValueSpecification\",\"valueRequired\":true,\"valueName\":\"search_term_string\"}}],\"inLanguage\":\"es\"},{\"@type\":\"Organization\",\"@id\":\"https:\/\/innoticiasbo.com\/#organization\",\"name\":\"innoticiasbo.com\",\"url\":\"https:\/\/innoticiasbo.com\/\",\"logo\":{\"@type\":\"ImageObject\",\"inLanguage\":\"es\",\"@id\":\"https:\/\/innoticiasbo.com\/#\/schema\/logo\/image\/\",\"url\":\"https:\/\/i0.wp.com\/innoticiasbo.com\/wp-content\/uploads\/2026\/04\/cropped-IN-LOGO.png?fit=1476%2C1476&ssl=1\",\"contentUrl\":\"https:\/\/i0.wp.com\/innoticiasbo.com\/wp-content\/uploads\/2026\/04\/cropped-IN-LOGO.png?fit=1476%2C1476&ssl=1\",\"width\":1476,\"height\":1476,\"caption\":\"innoticiasbo.com\"},\"image\":{\"@id\":\"https:\/\/innoticiasbo.com\/#\/schema\/logo\/image\/\"},\"sameAs\":[\"https:\/\/www.facebook.com\/innoticiasbolivia\",\"https:\/\/x.com\/innoticiasbo\",\"https:\/\/www.instagram.com\/innoticiasbo\",\"https:\/\/www.youtube.com\/innoticiasbo\"]},{\"@type\":\"Person\",\"@id\":\"https:\/\/innoticiasbo.com\/#\/schema\/person\/589cd527c4211df1b943bdad85ec07ce\",\"name\":\"Prensa\",\"image\":{\"@type\":\"ImageObject\",\"inLanguage\":\"es\",\"@id\":\"https:\/\/innoticiasbo.com\/#\/schema\/person\/image\/\",\"url\":\"https:\/\/secure.gravatar.com\/avatar\/d359bbdf112023c1c0a3ec7fe1600657?s=96&d=mm&r=g\",\"contentUrl\":\"https:\/\/secure.gravatar.com\/avatar\/d359bbdf112023c1c0a3ec7fe1600657?s=96&d=mm&r=g\",\"caption\":\"Prensa\"},\"sameAs\":[\"http:\/\/www.innoticiasbo.com\"],\"url\":\"https:\/\/innoticiasbo.com\/index.php\/author\/prensa\/\"}]}<\/script>\n<!-- \/ Yoast SEO plugin. -->","yoast_head_json":{"title":"SEG\u00daN ABOGADO EVO HABR\u00cdA COMETIDO TRATA, ESE DELITO NO PRESCRIBE Y LA PENA VA DE 15 A 20 A\u00d1OS - innoticiasbo.com","robots":{"index":"index","follow":"follow","max-snippet":"max-snippet:-1","max-image-preview":"max-image-preview:large","max-video-preview":"max-video-preview:-1"},"canonical":"https:\/\/innoticiasbo.com\/index.php\/2024\/10\/17\/segun-abogado-evo-habria-cometido-trata-ese-delito-no-prescribe-y-la-pena-va-de-15-a-20-anos\/","og_locale":"es_ES","og_type":"article","og_title":"SEG\u00daN ABOGADO EVO HABR\u00cdA COMETIDO TRATA, ESE DELITO NO PRESCRIBE Y LA PENA VA DE 15 A 20 A\u00d1OS - innoticiasbo.com","og_description":"Cochabamba, 16 de octubre de 2024.- El abogado y coronel de polic\u00eda Boris Bellido, quien trabaj\u00f3 durante muchos a\u00f1os en la Divisi\u00f3n de Trata y Tr\u00e1fico de personas, sostuvo en entrevista con #ElAvispero que en el caso de la adolescente que fue embarazada por Evo Morales existen todos los elementos para tipificar el hecho como...","og_url":"https:\/\/innoticiasbo.com\/index.php\/2024\/10\/17\/segun-abogado-evo-habria-cometido-trata-ese-delito-no-prescribe-y-la-pena-va-de-15-a-20-anos\/","og_site_name":"innoticiasbo.com","article_publisher":"https:\/\/www.facebook.com\/innoticiasbolivia","article_published_time":"2024-10-17T03:44:53+00:00","article_modified_time":"2024-10-17T03:45:10+00:00","og_image":[{"width":1079,"height":614,"url":"https:\/\/i0.wp.com\/innoticiasbo.com\/wp-content\/uploads\/2024\/10\/Screenshot_20241016_224923_CapCut.jpg?fit=1079%2C614&ssl=1","type":"image\/jpeg"}],"author":"Prensa","twitter_card":"summary_large_image","twitter_creator":"@innoticiasbo","twitter_site":"@innoticiasbo","twitter_misc":{"Escrito por":"Prensa","Tiempo de lectura":"2 minutos"},"schema":{"@context":"https:\/\/schema.org","@graph":[{"@type":"Article","@id":"https:\/\/innoticiasbo.com\/index.php\/2024\/10\/17\/segun-abogado-evo-habria-cometido-trata-ese-delito-no-prescribe-y-la-pena-va-de-15-a-20-anos\/#article","isPartOf":{"@id":"https:\/\/innoticiasbo.com\/index.php\/2024\/10\/17\/segun-abogado-evo-habria-cometido-trata-ese-delito-no-prescribe-y-la-pena-va-de-15-a-20-anos\/"},"author":{"name":"Prensa","@id":"https:\/\/innoticiasbo.com\/#\/schema\/person\/589cd527c4211df1b943bdad85ec07ce"},"headline":"SEG\u00daN ABOGADO EVO HABR\u00cdA COMETIDO TRATA, ESE DELITO NO PRESCRIBE Y LA PENA VA DE 15 A 20 A\u00d1OS","datePublished":"2024-10-17T03:44:53+00:00","dateModified":"2024-10-17T03:45:10+00:00","mainEntityOfPage":{"@id":"https:\/\/innoticiasbo.com\/index.php\/2024\/10\/17\/segun-abogado-evo-habria-cometido-trata-ese-delito-no-prescribe-y-la-pena-va-de-15-a-20-anos\/"},"wordCount":509,"commentCount":0,"publisher":{"@id":"https:\/\/innoticiasbo.com\/#organization"},"image":{"@id":"https:\/\/innoticiasbo.com\/index.php\/2024\/10\/17\/segun-abogado-evo-habria-cometido-trata-ese-delito-no-prescribe-y-la-pena-va-de-15-a-20-anos\/#primaryimage"},"thumbnailUrl":"https:\/\/i0.wp.com\/innoticiasbo.com\/wp-content\/uploads\/2024\/10\/Screenshot_20241016_224923_CapCut.jpg?fit=1079%2C614&ssl=1","articleSection":["Bolivia","Seguridad"],"inLanguage":"es","potentialAction":[{"@type":"CommentAction","name":"Comment","target":["https:\/\/innoticiasbo.com\/index.php\/2024\/10\/17\/segun-abogado-evo-habria-cometido-trata-ese-delito-no-prescribe-y-la-pena-va-de-15-a-20-anos\/#respond"]}]},{"@type":"WebPage","@id":"https:\/\/innoticiasbo.com\/index.php\/2024\/10\/17\/segun-abogado-evo-habria-cometido-trata-ese-delito-no-prescribe-y-la-pena-va-de-15-a-20-anos\/","url":"https:\/\/innoticiasbo.com\/index.php\/2024\/10\/17\/segun-abogado-evo-habria-cometido-trata-ese-delito-no-prescribe-y-la-pena-va-de-15-a-20-anos\/","name":"SEG\u00daN ABOGADO EVO HABR\u00cdA COMETIDO TRATA, ESE DELITO NO PRESCRIBE Y LA PENA VA DE 15 A 20 A\u00d1OS - innoticiasbo.com","isPartOf":{"@id":"https:\/\/innoticiasbo.com\/#website"},"primaryImageOfPage":{"@id":"https:\/\/innoticiasbo.com\/index.php\/2024\/10\/17\/segun-abogado-evo-habria-cometido-trata-ese-delito-no-prescribe-y-la-pena-va-de-15-a-20-anos\/#primaryimage"},"image":{"@id":"https:\/\/innoticiasbo.com\/index.php\/2024\/10\/17\/segun-abogado-evo-habria-cometido-trata-ese-delito-no-prescribe-y-la-pena-va-de-15-a-20-anos\/#primaryimage"},"thumbnailUrl":"https:\/\/i0.wp.com\/innoticiasbo.com\/wp-content\/uploads\/2024\/10\/Screenshot_20241016_224923_CapCut.jpg?fit=1079%2C614&ssl=1","datePublished":"2024-10-17T03:44:53+00:00","dateModified":"2024-10-17T03:45:10+00:00","breadcrumb":{"@id":"https:\/\/innoticiasbo.com\/index.php\/2024\/10\/17\/segun-abogado-evo-habria-cometido-trata-ese-delito-no-prescribe-y-la-pena-va-de-15-a-20-anos\/#breadcrumb"},"inLanguage":"es","potentialAction":[{"@type":"ReadAction","target":["https:\/\/innoticiasbo.com\/index.php\/2024\/10\/17\/segun-abogado-evo-habria-cometido-trata-ese-delito-no-prescribe-y-la-pena-va-de-15-a-20-anos\/"]}]},{"@type":"ImageObject","inLanguage":"es","@id":"https:\/\/innoticiasbo.com\/index.php\/2024\/10\/17\/segun-abogado-evo-habria-cometido-trata-ese-delito-no-prescribe-y-la-pena-va-de-15-a-20-anos\/#primaryimage","url":"https:\/\/i0.wp.com\/innoticiasbo.com\/wp-content\/uploads\/2024\/10\/Screenshot_20241016_224923_CapCut.jpg?fit=1079%2C614&ssl=1","contentUrl":"https:\/\/i0.wp.com\/innoticiasbo.com\/wp-content\/uploads\/2024\/10\/Screenshot_20241016_224923_CapCut.jpg?fit=1079%2C614&ssl=1","width":1079,"height":614},{"@type":"BreadcrumbList","@id":"https:\/\/innoticiasbo.com\/index.php\/2024\/10\/17\/segun-abogado-evo-habria-cometido-trata-ese-delito-no-prescribe-y-la-pena-va-de-15-a-20-anos\/#breadcrumb","itemListElement":[{"@type":"ListItem","position":1,"name":"Portada","item":"https:\/\/innoticiasbo.com\/"},{"@type":"ListItem","position":2,"name":"SEG\u00daN ABOGADO EVO HABR\u00cdA COMETIDO TRATA, ESE DELITO NO PRESCRIBE Y LA PENA VA DE 15 A 20 A\u00d1OS"}]},{"@type":"WebSite","@id":"https:\/\/innoticiasbo.com\/#website","url":"https:\/\/innoticiasbo.com\/","name":"innoticiasbo.com","description":"","publisher":{"@id":"https:\/\/innoticiasbo.com\/#organization"},"potentialAction":[{"@type":"SearchAction","target":{"@type":"EntryPoint","urlTemplate":"https:\/\/innoticiasbo.com\/?s={search_term_string}"},"query-input":{"@type":"PropertyValueSpecification","valueRequired":true,"valueName":"search_term_string"}}],"inLanguage":"es"},{"@type":"Organization","@id":"https:\/\/innoticiasbo.com\/#organization","name":"innoticiasbo.com","url":"https:\/\/innoticiasbo.com\/","logo":{"@type":"ImageObject","inLanguage":"es","@id":"https:\/\/innoticiasbo.com\/#\/schema\/logo\/image\/","url":"https:\/\/i0.wp.com\/innoticiasbo.com\/wp-content\/uploads\/2026\/04\/cropped-IN-LOGO.png?fit=1476%2C1476&ssl=1","contentUrl":"https:\/\/i0.wp.com\/innoticiasbo.com\/wp-content\/uploads\/2026\/04\/cropped-IN-LOGO.png?fit=1476%2C1476&ssl=1","width":1476,"height":1476,"caption":"innoticiasbo.com"},"image":{"@id":"https:\/\/innoticiasbo.com\/#\/schema\/logo\/image\/"},"sameAs":["https:\/\/www.facebook.com\/innoticiasbolivia","https:\/\/x.com\/innoticiasbo","https:\/\/www.instagram.com\/innoticiasbo","https:\/\/www.youtube.com\/innoticiasbo"]},{"@type":"Person","@id":"https:\/\/innoticiasbo.com\/#\/schema\/person\/589cd527c4211df1b943bdad85ec07ce","name":"Prensa","image":{"@type":"ImageObject","inLanguage":"es","@id":"https:\/\/innoticiasbo.com\/#\/schema\/person\/image\/","url":"https:\/\/secure.gravatar.com\/avatar\/d359bbdf112023c1c0a3ec7fe1600657?s=96&d=mm&r=g","contentUrl":"https:\/\/secure.gravatar.com\/avatar\/d359bbdf112023c1c0a3ec7fe1600657?s=96&d=mm&r=g","caption":"Prensa"},"sameAs":["http:\/\/www.innoticiasbo.com"],"url":"https:\/\/innoticiasbo.com\/index.php\/author\/prensa\/"}]}},"jetpack_featured_media_url":"https:\/\/i0.wp.com\/innoticiasbo.com\/wp-content\/uploads\/2024\/10\/Screenshot_20241016_224923_CapCut.jpg?fit=1079%2C614&ssl=1","jetpack_likes_enabled":true,"jetpack_sharing_enabled":true,"jetpack_shortlink":"https:\/\/wp.me\/pg298x-oD","_links":{"self":[{"href":"https:\/\/innoticiasbo.com\/index.php\/wp-json\/wp\/v2\/posts\/1527","targetHints":{"allow":["GET"]}}],"collection":[{"href":"https:\/\/innoticiasbo.com\/index.php\/wp-json\/wp\/v2\/posts"}],"about":[{"href":"https:\/\/innoticiasbo.com\/index.php\/wp-json\/wp\/v2\/types\/post"}],"author":[{"embeddable":true,"href":"https:\/\/innoticiasbo.com\/index.php\/wp-json\/wp\/v2\/users\/2"}],"replies":[{"embeddable":true,"href":"https:\/\/innoticiasbo.com\/index.php\/wp-json\/wp\/v2\/comments?post=1527"}],"version-history":[{"count":1,"href":"https:\/\/innoticiasbo.com\/index.php\/wp-json\/wp\/v2\/posts\/1527\/revisions"}],"predecessor-version":[{"id":1528,"href":"https:\/\/innoticiasbo.com\/index.php\/wp-json\/wp\/v2\/posts\/1527\/revisions\/1528"}],"wp:featuredmedia":[{"embeddable":true,"href":"https:\/\/innoticiasbo.com\/index.php\/wp-json\/wp\/v2\/media\/1526"}],"wp:attachment":[{"href":"https:\/\/innoticiasbo.com\/index.php\/wp-json\/wp\/v2\/media?parent=1527"}],"wp:term":[{"taxonomy":"category","embeddable":true,"href":"https:\/\/innoticiasbo.com\/index.php\/wp-json\/wp\/v2\/categories?post=1527"},{"taxonomy":"post_tag","embeddable":true,"href":"https:\/\/innoticiasbo.com\/index.php\/wp-json\/wp\/v2\/tags?post=1527"}],"curies":[{"name":"wp","href":"https:\/\/api.w.org\/{rel}","templated":true}]}}