{"id":1521,"date":"2024-10-16T16:27:15","date_gmt":"2024-10-16T16:27:15","guid":{"rendered":"https:\/\/innoticiasbo.com\/?p=1521"},"modified":"2024-10-16T16:27:36","modified_gmt":"2024-10-16T16:27:36","slug":"toma-simbolica-del-palacio-de-justicia-exigiendo-elecciones-judiciales","status":"publish","type":"post","link":"https:\/\/innoticiasbo.com\/index.php\/2024\/10\/16\/toma-simbolica-del-palacio-de-justicia-exigiendo-elecciones-judiciales\/","title":{"rendered":"TOMA SIMB\u00d3LICA DEL PALACIO DE JUSTICIA EXIGIENDO ELECCIONES JUDICIALES"},"content":{"rendered":"\n<p>Cochabamba, 16 de ocubre de 2024.- Activistas, estudiantes de la UMSS y vecinos realizaron una toma simb\u00f3lica del Palacio de Justicia en Cochabamba exigiendo la realizaci\u00f3n de elecciones judiciales<\/p>\n\n\n\n<p>Partieron de la plazuela Sucre y se dirigieron en manifestaci\u00f3n hasta el Tribunal Departamental de Justicia para denunciar un golpe a la democracia.<\/p>\n\n\n\n<figure class=\"wp-block-image size-large\"><img data-recalc-dims=\"1\" loading=\"lazy\" decoding=\"async\" width=\"640\" height=\"360\" src=\"https:\/\/i0.wp.com\/innoticiasbo.com\/wp-content\/uploads\/2024\/10\/img-20241016-wa0059162155935480214238.jpg?resize=640%2C360&#038;ssl=1\" alt=\"\" class=\"wp-image-1517\" srcset=\"https:\/\/i0.wp.com\/innoticiasbo.com\/wp-content\/uploads\/2024\/10\/img-20241016-wa0059162155935480214238.jpg?resize=1024%2C576&amp;ssl=1 1024w, https:\/\/i0.wp.com\/innoticiasbo.com\/wp-content\/uploads\/2024\/10\/img-20241016-wa0059162155935480214238.jpg?resize=300%2C169&amp;ssl=1 300w, https:\/\/i0.wp.com\/innoticiasbo.com\/wp-content\/uploads\/2024\/10\/img-20241016-wa0059162155935480214238.jpg?resize=768%2C432&amp;ssl=1 768w, https:\/\/i0.wp.com\/innoticiasbo.com\/wp-content\/uploads\/2024\/10\/img-20241016-wa0059162155935480214238.jpg?resize=1536%2C864&amp;ssl=1 1536w, https:\/\/i0.wp.com\/innoticiasbo.com\/wp-content\/uploads\/2024\/10\/img-20241016-wa0059162155935480214238.jpg?w=1599&amp;ssl=1 1599w, https:\/\/i0.wp.com\/innoticiasbo.com\/wp-content\/uploads\/2024\/10\/img-20241016-wa0059162155935480214238.jpg?w=1280&amp;ssl=1 1280w\" sizes=\"auto, (max-width: 640px) 100vw, 640px\" \/><\/figure>\n\n\n\n<p>\u201cSe ha dado un golpe a la democracia, un golpe a la insitucionalidad judicial. Las elecciones judiciales estan siendo paralizadas por decisi\u00f3n de tribunales de Pando y Beni situaci\u00f3n riesgosa porque se da un golpe a sistema judicial boliviano, sostuvo en contacto con El Avispero, la abogada Andrea Garc\u00eda.<\/p>\n\n\n\n<p>Los movlizados realizaron una \u201ctoma pac\u00edfica y simb\u00f3lica\u201d del Tribuanal Departamental de Justicia y exigieron que el Tribunal Electoral de continudiad al proceso de elecci\u00f3n de los magistrados.<\/p>\n\n\n\n<p>\u201cPedimos y pedimos garant\u00edas al Tribunal Constitucional para que este proceso se desarrolle con total transparencia, solo de esta manera vamos a poder garantizar que el sistema judicial responda a los intereses ciudadanos y no de grupos pol\u00edticos que han estado manipulando el poder judicial en Bolivia\u201d sostuvo Garc\u00eda.<\/p>\n\n\n\n<figure class=\"wp-block-image size-large\"><img data-recalc-dims=\"1\" loading=\"lazy\" decoding=\"async\" width=\"640\" height=\"360\" src=\"https:\/\/i0.wp.com\/innoticiasbo.com\/wp-content\/uploads\/2024\/10\/img-20241016-wa00583152833873825215591.jpg?resize=640%2C360&#038;ssl=1\" alt=\"\" class=\"wp-image-1518\" srcset=\"https:\/\/i0.wp.com\/innoticiasbo.com\/wp-content\/uploads\/2024\/10\/img-20241016-wa00583152833873825215591.jpg?resize=1024%2C576&amp;ssl=1 1024w, https:\/\/i0.wp.com\/innoticiasbo.com\/wp-content\/uploads\/2024\/10\/img-20241016-wa00583152833873825215591.jpg?resize=300%2C169&amp;ssl=1 300w, https:\/\/i0.wp.com\/innoticiasbo.com\/wp-content\/uploads\/2024\/10\/img-20241016-wa00583152833873825215591.jpg?resize=768%2C432&amp;ssl=1 768w, https:\/\/i0.wp.com\/innoticiasbo.com\/wp-content\/uploads\/2024\/10\/img-20241016-wa00583152833873825215591.jpg?resize=1536%2C864&amp;ssl=1 1536w, https:\/\/i0.wp.com\/innoticiasbo.com\/wp-content\/uploads\/2024\/10\/img-20241016-wa00583152833873825215591.jpg?w=1599&amp;ssl=1 1599w, https:\/\/i0.wp.com\/innoticiasbo.com\/wp-content\/uploads\/2024\/10\/img-20241016-wa00583152833873825215591.jpg?w=1280&amp;ssl=1 1280w\" sizes=\"auto, (max-width: 640px) 100vw, 640px\" \/><\/figure>\n\n\n\n<p>CONSECUENCIAS PARA BOLIVIA SI SE SUSPENDEN LAS JUDICIALES<\/p>\n\n\n\n<p>Si se suspenden las elecciones judiciales programadas para el 1 de diciembre, por una orden judicial, se puede generar una p\u00e9rdida econ\u00f3mica para el Estado de m\u00e1s de 55 millones de bolivianos, calcul\u00f3 el vocal Tahuichi Tahuichi.<\/p>\n\n\n\n<p>Esa es la cantidad de recursos que, hasta el momento gast\u00f3 el TSE que est\u00e1 a cargo de administrar las elecciones judiciales, un proceso que es a nivel nacional, para el cual el Estado a trav\u00e9s del Ministerio de Econom\u00eda, erog\u00f3 183 millones de<\/p>\n\n\n\n<p>Los riesgos anunciados hace dos semanas con la impl\u00edcita intenci\u00f3n de suspender las judiciales, ayer se concretaron con dos hechos simult\u00e1neos en tribunales departamentales de justicia de Beni y Pando.<\/p>\n\n\n\n<figure class=\"wp-block-image size-large\"><img data-recalc-dims=\"1\" loading=\"lazy\" decoding=\"async\" width=\"640\" height=\"360\" src=\"https:\/\/i0.wp.com\/innoticiasbo.com\/wp-content\/uploads\/2024\/10\/img-20241016-wa00576321570638806817003.jpg?resize=640%2C360&#038;ssl=1\" alt=\"\" class=\"wp-image-1519\" srcset=\"https:\/\/i0.wp.com\/innoticiasbo.com\/wp-content\/uploads\/2024\/10\/img-20241016-wa00576321570638806817003.jpg?resize=1024%2C576&amp;ssl=1 1024w, https:\/\/i0.wp.com\/innoticiasbo.com\/wp-content\/uploads\/2024\/10\/img-20241016-wa00576321570638806817003.jpg?resize=300%2C169&amp;ssl=1 300w, https:\/\/i0.wp.com\/innoticiasbo.com\/wp-content\/uploads\/2024\/10\/img-20241016-wa00576321570638806817003.jpg?resize=768%2C432&amp;ssl=1 768w, https:\/\/i0.wp.com\/innoticiasbo.com\/wp-content\/uploads\/2024\/10\/img-20241016-wa00576321570638806817003.jpg?resize=1536%2C864&amp;ssl=1 1536w, https:\/\/i0.wp.com\/innoticiasbo.com\/wp-content\/uploads\/2024\/10\/img-20241016-wa00576321570638806817003.jpg?w=1599&amp;ssl=1 1599w, https:\/\/i0.wp.com\/innoticiasbo.com\/wp-content\/uploads\/2024\/10\/img-20241016-wa00576321570638806817003.jpg?w=1280&amp;ssl=1 1280w\" sizes=\"auto, (max-width: 640px) 100vw, 640px\" \/><\/figure>\n\n\n\n<p>El hecho levant\u00f3 la alerta nacional en el \u00e1mbito pol\u00edtico y electoral desde donde se tejen varias hip\u00f3tesis y se emiten denuncias contra los jueces departamentales y de que \u00e9stos generan un \u201cgolpe judicial\u201d y un \u201cgolpe a la democracia\u201d.<\/p>\n\n\n\n<p>Hasta el momento, el TSE no dijo si va a cumplir la orden del vocal departamental de Beni, Charles Mej\u00eda, y devolver las listas de candidatos al TSJ y al TCP. Los vocales est\u00e1n en Sala Plena analizando la situaci\u00f3n.<\/p>\n\n\n\n<h1 class=\"wp-block-heading\">eleccionesjudiciales #justicia #Bolivia #innoticias<\/h1>\n","protected":false},"excerpt":{"rendered":"<p>Cochabamba, 16 de ocubre de 2024.- Activistas, estudiantes de la UMSS y vecinos realizaron una toma simb\u00f3lica del Palacio de Justicia en Cochabamba exigiendo la realizaci\u00f3n de elecciones judiciales Partieron de la plazuela Sucre y se dirigieron en manifestaci\u00f3n hasta el Tribunal Departamental de Justicia para denunciar un golpe a la democracia. \u201cSe ha dado&#8230;<\/p>\n","protected":false},"author":2,"featured_media":1520,"comment_status":"open","ping_status":"open","sticky":false,"template":"","format":"standard","meta":{"_jetpack_memberships_contains_paid_content":false,"footnotes":"","jetpack_publicize_message":"","jetpack_publicize_feature_enabled":true,"jetpack_social_post_already_shared":true,"jetpack_social_options":{"image_generator_settings":{"template":"highway","enabled":false},"version":2}},"categories":[1,3],"tags":[],"class_list":["post-1521","post","type-post","status-publish","format-standard","has-post-thumbnail","hentry","category-bolivia","category-politica"],"jetpack_publicize_connections":[],"yoast_head":"<!-- This site is optimized with the Yoast SEO plugin v23.4 - https:\/\/yoast.com\/wordpress\/plugins\/seo\/ -->\n<title>TOMA SIMB\u00d3LICA DEL PALACIO DE JUSTICIA EXIGIENDO ELECCIONES JUDICIALES - innoticiasbo.com<\/title>\n<meta name=\"robots\" content=\"index, follow, max-snippet:-1, max-image-preview:large, max-video-preview:-1\" \/>\n<link rel=\"canonical\" href=\"https:\/\/innoticiasbo.com\/index.php\/2024\/10\/16\/toma-simbolica-del-palacio-de-justicia-exigiendo-elecciones-judiciales\/\" \/>\n<meta property=\"og:locale\" content=\"es_ES\" \/>\n<meta property=\"og:type\" content=\"article\" \/>\n<meta property=\"og:title\" content=\"TOMA SIMB\u00d3LICA DEL PALACIO DE JUSTICIA EXIGIENDO ELECCIONES JUDICIALES - innoticiasbo.com\" \/>\n<meta property=\"og:description\" content=\"Cochabamba, 16 de ocubre de 2024.- Activistas, estudiantes de la UMSS y vecinos realizaron una toma simb\u00f3lica del Palacio de Justicia en Cochabamba exigiendo la realizaci\u00f3n de elecciones judiciales Partieron de la plazuela Sucre y se dirigieron en manifestaci\u00f3n hasta el Tribunal Departamental de Justicia para denunciar un golpe a la democracia. \u201cSe ha dado...\" \/>\n<meta property=\"og:url\" content=\"https:\/\/innoticiasbo.com\/index.php\/2024\/10\/16\/toma-simbolica-del-palacio-de-justicia-exigiendo-elecciones-judiciales\/\" \/>\n<meta property=\"og:site_name\" content=\"innoticiasbo.com\" \/>\n<meta property=\"article:publisher\" content=\"https:\/\/www.facebook.com\/innoticiasbolivia\" \/>\n<meta property=\"article:published_time\" content=\"2024-10-16T16:27:15+00:00\" \/>\n<meta property=\"article:modified_time\" content=\"2024-10-16T16:27:36+00:00\" \/>\n<meta property=\"og:image\" content=\"https:\/\/i0.wp.com\/innoticiasbo.com\/wp-content\/uploads\/2024\/10\/IMG-20241016-WA0057.jpg?fit=1599%2C899&ssl=1\" \/>\n\t<meta property=\"og:image:width\" content=\"1599\" \/>\n\t<meta property=\"og:image:height\" content=\"899\" \/>\n\t<meta property=\"og:image:type\" content=\"image\/jpeg\" \/>\n<meta name=\"author\" content=\"Prensa\" \/>\n<meta name=\"twitter:card\" content=\"summary_large_image\" \/>\n<meta name=\"twitter:creator\" content=\"@innoticiasbo\" \/>\n<meta name=\"twitter:site\" content=\"@innoticiasbo\" \/>\n<meta name=\"twitter:label1\" content=\"Escrito por\" \/>\n\t<meta name=\"twitter:data1\" content=\"Prensa\" \/>\n\t<meta name=\"twitter:label2\" content=\"Tiempo de lectura\" \/>\n\t<meta name=\"twitter:data2\" content=\"2 minutos\" \/>\n<script type=\"application\/ld+json\" class=\"yoast-schema-graph\">{\"@context\":\"https:\/\/schema.org\",\"@graph\":[{\"@type\":\"Article\",\"@id\":\"https:\/\/innoticiasbo.com\/index.php\/2024\/10\/16\/toma-simbolica-del-palacio-de-justicia-exigiendo-elecciones-judiciales\/#article\",\"isPartOf\":{\"@id\":\"https:\/\/innoticiasbo.com\/index.php\/2024\/10\/16\/toma-simbolica-del-palacio-de-justicia-exigiendo-elecciones-judiciales\/\"},\"author\":{\"name\":\"Prensa\",\"@id\":\"https:\/\/innoticiasbo.com\/#\/schema\/person\/589cd527c4211df1b943bdad85ec07ce\"},\"headline\":\"TOMA SIMB\u00d3LICA DEL PALACIO DE JUSTICIA EXIGIENDO ELECCIONES JUDICIALES\",\"datePublished\":\"2024-10-16T16:27:15+00:00\",\"dateModified\":\"2024-10-16T16:27:36+00:00\",\"mainEntityOfPage\":{\"@id\":\"https:\/\/innoticiasbo.com\/index.php\/2024\/10\/16\/toma-simbolica-del-palacio-de-justicia-exigiendo-elecciones-judiciales\/\"},\"wordCount\":412,\"commentCount\":0,\"publisher\":{\"@id\":\"https:\/\/innoticiasbo.com\/#organization\"},\"image\":{\"@id\":\"https:\/\/innoticiasbo.com\/index.php\/2024\/10\/16\/toma-simbolica-del-palacio-de-justicia-exigiendo-elecciones-judiciales\/#primaryimage\"},\"thumbnailUrl\":\"https:\/\/i0.wp.com\/innoticiasbo.com\/wp-content\/uploads\/2024\/10\/IMG-20241016-WA0057.jpg?fit=1599%2C899&ssl=1\",\"articleSection\":[\"Bolivia\",\"Pol\u00edtica\"],\"inLanguage\":\"es\",\"potentialAction\":[{\"@type\":\"CommentAction\",\"name\":\"Comment\",\"target\":[\"https:\/\/innoticiasbo.com\/index.php\/2024\/10\/16\/toma-simbolica-del-palacio-de-justicia-exigiendo-elecciones-judiciales\/#respond\"]}]},{\"@type\":\"WebPage\",\"@id\":\"https:\/\/innoticiasbo.com\/index.php\/2024\/10\/16\/toma-simbolica-del-palacio-de-justicia-exigiendo-elecciones-judiciales\/\",\"url\":\"https:\/\/innoticiasbo.com\/index.php\/2024\/10\/16\/toma-simbolica-del-palacio-de-justicia-exigiendo-elecciones-judiciales\/\",\"name\":\"TOMA SIMB\u00d3LICA DEL PALACIO DE JUSTICIA EXIGIENDO ELECCIONES JUDICIALES - innoticiasbo.com\",\"isPartOf\":{\"@id\":\"https:\/\/innoticiasbo.com\/#website\"},\"primaryImageOfPage\":{\"@id\":\"https:\/\/innoticiasbo.com\/index.php\/2024\/10\/16\/toma-simbolica-del-palacio-de-justicia-exigiendo-elecciones-judiciales\/#primaryimage\"},\"image\":{\"@id\":\"https:\/\/innoticiasbo.com\/index.php\/2024\/10\/16\/toma-simbolica-del-palacio-de-justicia-exigiendo-elecciones-judiciales\/#primaryimage\"},\"thumbnailUrl\":\"https:\/\/i0.wp.com\/innoticiasbo.com\/wp-content\/uploads\/2024\/10\/IMG-20241016-WA0057.jpg?fit=1599%2C899&ssl=1\",\"datePublished\":\"2024-10-16T16:27:15+00:00\",\"dateModified\":\"2024-10-16T16:27:36+00:00\",\"breadcrumb\":{\"@id\":\"https:\/\/innoticiasbo.com\/index.php\/2024\/10\/16\/toma-simbolica-del-palacio-de-justicia-exigiendo-elecciones-judiciales\/#breadcrumb\"},\"inLanguage\":\"es\",\"potentialAction\":[{\"@type\":\"ReadAction\",\"target\":[\"https:\/\/innoticiasbo.com\/index.php\/2024\/10\/16\/toma-simbolica-del-palacio-de-justicia-exigiendo-elecciones-judiciales\/\"]}]},{\"@type\":\"ImageObject\",\"inLanguage\":\"es\",\"@id\":\"https:\/\/innoticiasbo.com\/index.php\/2024\/10\/16\/toma-simbolica-del-palacio-de-justicia-exigiendo-elecciones-judiciales\/#primaryimage\",\"url\":\"https:\/\/i0.wp.com\/innoticiasbo.com\/wp-content\/uploads\/2024\/10\/IMG-20241016-WA0057.jpg?fit=1599%2C899&ssl=1\",\"contentUrl\":\"https:\/\/i0.wp.com\/innoticiasbo.com\/wp-content\/uploads\/2024\/10\/IMG-20241016-WA0057.jpg?fit=1599%2C899&ssl=1\",\"width\":1599,\"height\":899},{\"@type\":\"BreadcrumbList\",\"@id\":\"https:\/\/innoticiasbo.com\/index.php\/2024\/10\/16\/toma-simbolica-del-palacio-de-justicia-exigiendo-elecciones-judiciales\/#breadcrumb\",\"itemListElement\":[{\"@type\":\"ListItem\",\"position\":1,\"name\":\"Portada\",\"item\":\"https:\/\/innoticiasbo.com\/\"},{\"@type\":\"ListItem\",\"position\":2,\"name\":\"TOMA SIMB\u00d3LICA DEL PALACIO DE JUSTICIA EXIGIENDO ELECCIONES JUDICIALES\"}]},{\"@type\":\"WebSite\",\"@id\":\"https:\/\/innoticiasbo.com\/#website\",\"url\":\"https:\/\/innoticiasbo.com\/\",\"name\":\"innoticiasbo.com\",\"description\":\"\",\"publisher\":{\"@id\":\"https:\/\/innoticiasbo.com\/#organization\"},\"potentialAction\":[{\"@type\":\"SearchAction\",\"target\":{\"@type\":\"EntryPoint\",\"urlTemplate\":\"https:\/\/innoticiasbo.com\/?s={search_term_string}\"},\"query-input\":{\"@type\":\"PropertyValueSpecification\",\"valueRequired\":true,\"valueName\":\"search_term_string\"}}],\"inLanguage\":\"es\"},{\"@type\":\"Organization\",\"@id\":\"https:\/\/innoticiasbo.com\/#organization\",\"name\":\"innoticiasbo.com\",\"url\":\"https:\/\/innoticiasbo.com\/\",\"logo\":{\"@type\":\"ImageObject\",\"inLanguage\":\"es\",\"@id\":\"https:\/\/innoticiasbo.com\/#\/schema\/logo\/image\/\",\"url\":\"https:\/\/i0.wp.com\/innoticiasbo.com\/wp-content\/uploads\/2026\/04\/cropped-IN-LOGO.png?fit=1476%2C1476&ssl=1\",\"contentUrl\":\"https:\/\/i0.wp.com\/innoticiasbo.com\/wp-content\/uploads\/2026\/04\/cropped-IN-LOGO.png?fit=1476%2C1476&ssl=1\",\"width\":1476,\"height\":1476,\"caption\":\"innoticiasbo.com\"},\"image\":{\"@id\":\"https:\/\/innoticiasbo.com\/#\/schema\/logo\/image\/\"},\"sameAs\":[\"https:\/\/www.facebook.com\/innoticiasbolivia\",\"https:\/\/x.com\/innoticiasbo\",\"https:\/\/www.instagram.com\/innoticiasbo\",\"https:\/\/www.youtube.com\/innoticiasbo\"]},{\"@type\":\"Person\",\"@id\":\"https:\/\/innoticiasbo.com\/#\/schema\/person\/589cd527c4211df1b943bdad85ec07ce\",\"name\":\"Prensa\",\"image\":{\"@type\":\"ImageObject\",\"inLanguage\":\"es\",\"@id\":\"https:\/\/innoticiasbo.com\/#\/schema\/person\/image\/\",\"url\":\"https:\/\/secure.gravatar.com\/avatar\/d359bbdf112023c1c0a3ec7fe1600657?s=96&d=mm&r=g\",\"contentUrl\":\"https:\/\/secure.gravatar.com\/avatar\/d359bbdf112023c1c0a3ec7fe1600657?s=96&d=mm&r=g\",\"caption\":\"Prensa\"},\"sameAs\":[\"http:\/\/www.innoticiasbo.com\"],\"url\":\"https:\/\/innoticiasbo.com\/index.php\/author\/prensa\/\"}]}<\/script>\n<!-- \/ Yoast SEO plugin. -->","yoast_head_json":{"title":"TOMA SIMB\u00d3LICA DEL PALACIO DE JUSTICIA EXIGIENDO ELECCIONES JUDICIALES - innoticiasbo.com","robots":{"index":"index","follow":"follow","max-snippet":"max-snippet:-1","max-image-preview":"max-image-preview:large","max-video-preview":"max-video-preview:-1"},"canonical":"https:\/\/innoticiasbo.com\/index.php\/2024\/10\/16\/toma-simbolica-del-palacio-de-justicia-exigiendo-elecciones-judiciales\/","og_locale":"es_ES","og_type":"article","og_title":"TOMA SIMB\u00d3LICA DEL PALACIO DE JUSTICIA EXIGIENDO ELECCIONES JUDICIALES - innoticiasbo.com","og_description":"Cochabamba, 16 de ocubre de 2024.- Activistas, estudiantes de la UMSS y vecinos realizaron una toma simb\u00f3lica del Palacio de Justicia en Cochabamba exigiendo la realizaci\u00f3n de elecciones judiciales Partieron de la plazuela Sucre y se dirigieron en manifestaci\u00f3n hasta el Tribunal Departamental de Justicia para denunciar un golpe a la democracia. \u201cSe ha dado...","og_url":"https:\/\/innoticiasbo.com\/index.php\/2024\/10\/16\/toma-simbolica-del-palacio-de-justicia-exigiendo-elecciones-judiciales\/","og_site_name":"innoticiasbo.com","article_publisher":"https:\/\/www.facebook.com\/innoticiasbolivia","article_published_time":"2024-10-16T16:27:15+00:00","article_modified_time":"2024-10-16T16:27:36+00:00","og_image":[{"width":1599,"height":899,"url":"https:\/\/i0.wp.com\/innoticiasbo.com\/wp-content\/uploads\/2024\/10\/IMG-20241016-WA0057.jpg?fit=1599%2C899&ssl=1","type":"image\/jpeg"}],"author":"Prensa","twitter_card":"summary_large_image","twitter_creator":"@innoticiasbo","twitter_site":"@innoticiasbo","twitter_misc":{"Escrito por":"Prensa","Tiempo de lectura":"2 minutos"},"schema":{"@context":"https:\/\/schema.org","@graph":[{"@type":"Article","@id":"https:\/\/innoticiasbo.com\/index.php\/2024\/10\/16\/toma-simbolica-del-palacio-de-justicia-exigiendo-elecciones-judiciales\/#article","isPartOf":{"@id":"https:\/\/innoticiasbo.com\/index.php\/2024\/10\/16\/toma-simbolica-del-palacio-de-justicia-exigiendo-elecciones-judiciales\/"},"author":{"name":"Prensa","@id":"https:\/\/innoticiasbo.com\/#\/schema\/person\/589cd527c4211df1b943bdad85ec07ce"},"headline":"TOMA SIMB\u00d3LICA DEL PALACIO DE JUSTICIA EXIGIENDO ELECCIONES JUDICIALES","datePublished":"2024-10-16T16:27:15+00:00","dateModified":"2024-10-16T16:27:36+00:00","mainEntityOfPage":{"@id":"https:\/\/innoticiasbo.com\/index.php\/2024\/10\/16\/toma-simbolica-del-palacio-de-justicia-exigiendo-elecciones-judiciales\/"},"wordCount":412,"commentCount":0,"publisher":{"@id":"https:\/\/innoticiasbo.com\/#organization"},"image":{"@id":"https:\/\/innoticiasbo.com\/index.php\/2024\/10\/16\/toma-simbolica-del-palacio-de-justicia-exigiendo-elecciones-judiciales\/#primaryimage"},"thumbnailUrl":"https:\/\/i0.wp.com\/innoticiasbo.com\/wp-content\/uploads\/2024\/10\/IMG-20241016-WA0057.jpg?fit=1599%2C899&ssl=1","articleSection":["Bolivia","Pol\u00edtica"],"inLanguage":"es","potentialAction":[{"@type":"CommentAction","name":"Comment","target":["https:\/\/innoticiasbo.com\/index.php\/2024\/10\/16\/toma-simbolica-del-palacio-de-justicia-exigiendo-elecciones-judiciales\/#respond"]}]},{"@type":"WebPage","@id":"https:\/\/innoticiasbo.com\/index.php\/2024\/10\/16\/toma-simbolica-del-palacio-de-justicia-exigiendo-elecciones-judiciales\/","url":"https:\/\/innoticiasbo.com\/index.php\/2024\/10\/16\/toma-simbolica-del-palacio-de-justicia-exigiendo-elecciones-judiciales\/","name":"TOMA SIMB\u00d3LICA DEL PALACIO DE JUSTICIA EXIGIENDO ELECCIONES JUDICIALES - innoticiasbo.com","isPartOf":{"@id":"https:\/\/innoticiasbo.com\/#website"},"primaryImageOfPage":{"@id":"https:\/\/innoticiasbo.com\/index.php\/2024\/10\/16\/toma-simbolica-del-palacio-de-justicia-exigiendo-elecciones-judiciales\/#primaryimage"},"image":{"@id":"https:\/\/innoticiasbo.com\/index.php\/2024\/10\/16\/toma-simbolica-del-palacio-de-justicia-exigiendo-elecciones-judiciales\/#primaryimage"},"thumbnailUrl":"https:\/\/i0.wp.com\/innoticiasbo.com\/wp-content\/uploads\/2024\/10\/IMG-20241016-WA0057.jpg?fit=1599%2C899&ssl=1","datePublished":"2024-10-16T16:27:15+00:00","dateModified":"2024-10-16T16:27:36+00:00","breadcrumb":{"@id":"https:\/\/innoticiasbo.com\/index.php\/2024\/10\/16\/toma-simbolica-del-palacio-de-justicia-exigiendo-elecciones-judiciales\/#breadcrumb"},"inLanguage":"es","potentialAction":[{"@type":"ReadAction","target":["https:\/\/innoticiasbo.com\/index.php\/2024\/10\/16\/toma-simbolica-del-palacio-de-justicia-exigiendo-elecciones-judiciales\/"]}]},{"@type":"ImageObject","inLanguage":"es","@id":"https:\/\/innoticiasbo.com\/index.php\/2024\/10\/16\/toma-simbolica-del-palacio-de-justicia-exigiendo-elecciones-judiciales\/#primaryimage","url":"https:\/\/i0.wp.com\/innoticiasbo.com\/wp-content\/uploads\/2024\/10\/IMG-20241016-WA0057.jpg?fit=1599%2C899&ssl=1","contentUrl":"https:\/\/i0.wp.com\/innoticiasbo.com\/wp-content\/uploads\/2024\/10\/IMG-20241016-WA0057.jpg?fit=1599%2C899&ssl=1","width":1599,"height":899},{"@type":"BreadcrumbList","@id":"https:\/\/innoticiasbo.com\/index.php\/2024\/10\/16\/toma-simbolica-del-palacio-de-justicia-exigiendo-elecciones-judiciales\/#breadcrumb","itemListElement":[{"@type":"ListItem","position":1,"name":"Portada","item":"https:\/\/innoticiasbo.com\/"},{"@type":"ListItem","position":2,"name":"TOMA SIMB\u00d3LICA DEL PALACIO DE JUSTICIA EXIGIENDO ELECCIONES JUDICIALES"}]},{"@type":"WebSite","@id":"https:\/\/innoticiasbo.com\/#website","url":"https:\/\/innoticiasbo.com\/","name":"innoticiasbo.com","description":"","publisher":{"@id":"https:\/\/innoticiasbo.com\/#organization"},"potentialAction":[{"@type":"SearchAction","target":{"@type":"EntryPoint","urlTemplate":"https:\/\/innoticiasbo.com\/?s={search_term_string}"},"query-input":{"@type":"PropertyValueSpecification","valueRequired":true,"valueName":"search_term_string"}}],"inLanguage":"es"},{"@type":"Organization","@id":"https:\/\/innoticiasbo.com\/#organization","name":"innoticiasbo.com","url":"https:\/\/innoticiasbo.com\/","logo":{"@type":"ImageObject","inLanguage":"es","@id":"https:\/\/innoticiasbo.com\/#\/schema\/logo\/image\/","url":"https:\/\/i0.wp.com\/innoticiasbo.com\/wp-content\/uploads\/2026\/04\/cropped-IN-LOGO.png?fit=1476%2C1476&ssl=1","contentUrl":"https:\/\/i0.wp.com\/innoticiasbo.com\/wp-content\/uploads\/2026\/04\/cropped-IN-LOGO.png?fit=1476%2C1476&ssl=1","width":1476,"height":1476,"caption":"innoticiasbo.com"},"image":{"@id":"https:\/\/innoticiasbo.com\/#\/schema\/logo\/image\/"},"sameAs":["https:\/\/www.facebook.com\/innoticiasbolivia","https:\/\/x.com\/innoticiasbo","https:\/\/www.instagram.com\/innoticiasbo","https:\/\/www.youtube.com\/innoticiasbo"]},{"@type":"Person","@id":"https:\/\/innoticiasbo.com\/#\/schema\/person\/589cd527c4211df1b943bdad85ec07ce","name":"Prensa","image":{"@type":"ImageObject","inLanguage":"es","@id":"https:\/\/innoticiasbo.com\/#\/schema\/person\/image\/","url":"https:\/\/secure.gravatar.com\/avatar\/d359bbdf112023c1c0a3ec7fe1600657?s=96&d=mm&r=g","contentUrl":"https:\/\/secure.gravatar.com\/avatar\/d359bbdf112023c1c0a3ec7fe1600657?s=96&d=mm&r=g","caption":"Prensa"},"sameAs":["http:\/\/www.innoticiasbo.com"],"url":"https:\/\/innoticiasbo.com\/index.php\/author\/prensa\/"}]}},"jetpack_featured_media_url":"https:\/\/i0.wp.com\/innoticiasbo.com\/wp-content\/uploads\/2024\/10\/IMG-20241016-WA0057.jpg?fit=1599%2C899&ssl=1","jetpack_likes_enabled":true,"jetpack_sharing_enabled":true,"jetpack_shortlink":"https:\/\/wp.me\/pg298x-ox","_links":{"self":[{"href":"https:\/\/innoticiasbo.com\/index.php\/wp-json\/wp\/v2\/posts\/1521","targetHints":{"allow":["GET"]}}],"collection":[{"href":"https:\/\/innoticiasbo.com\/index.php\/wp-json\/wp\/v2\/posts"}],"about":[{"href":"https:\/\/innoticiasbo.com\/index.php\/wp-json\/wp\/v2\/types\/post"}],"author":[{"embeddable":true,"href":"https:\/\/innoticiasbo.com\/index.php\/wp-json\/wp\/v2\/users\/2"}],"replies":[{"embeddable":true,"href":"https:\/\/innoticiasbo.com\/index.php\/wp-json\/wp\/v2\/comments?post=1521"}],"version-history":[{"count":1,"href":"https:\/\/innoticiasbo.com\/index.php\/wp-json\/wp\/v2\/posts\/1521\/revisions"}],"predecessor-version":[{"id":1522,"href":"https:\/\/innoticiasbo.com\/index.php\/wp-json\/wp\/v2\/posts\/1521\/revisions\/1522"}],"wp:featuredmedia":[{"embeddable":true,"href":"https:\/\/innoticiasbo.com\/index.php\/wp-json\/wp\/v2\/media\/1520"}],"wp:attachment":[{"href":"https:\/\/innoticiasbo.com\/index.php\/wp-json\/wp\/v2\/media?parent=1521"}],"wp:term":[{"taxonomy":"category","embeddable":true,"href":"https:\/\/innoticiasbo.com\/index.php\/wp-json\/wp\/v2\/categories?post=1521"},{"taxonomy":"post_tag","embeddable":true,"href":"https:\/\/innoticiasbo.com\/index.php\/wp-json\/wp\/v2\/tags?post=1521"}],"curies":[{"name":"wp","href":"https:\/\/api.w.org\/{rel}","templated":true}]}}