{"id":1507,"date":"2024-10-15T16:37:57","date_gmt":"2024-10-15T16:37:57","guid":{"rendered":"https:\/\/innoticiasbo.com\/?p=1507"},"modified":"2024-10-15T16:38:28","modified_gmt":"2024-10-15T16:38:28","slug":"evo-era-visitado-por-ninas-en-argentina-segun-exallegada-hay-mas-denuncias-de-abuso","status":"publish","type":"post","link":"https:\/\/innoticiasbo.com\/index.php\/2024\/10\/15\/evo-era-visitado-por-ninas-en-argentina-segun-exallegada-hay-mas-denuncias-de-abuso\/","title":{"rendered":"EVO ERA VISITADO POR NI\u00d1AS EN ARGENTINA, SEG\u00daN EXALLEGADA; HAY M\u00c1S DENUNCIAS DE ABUSO"},"content":{"rendered":"\n<p>Tarija, 15 de octubre de 2024.- La acusaci\u00f3n fue lanzada por la ex presidenta de la Confederaci\u00f3n Sindical de Mujeres Interculturales, quien pidi\u00f3 a los dirigentes no callar lo que vieron en el vecino pa\u00eds. El padre de la presunta v\u00edctima de estupro y trata de Evo fue enviado a la c\u00e1rcel en Tarija<\/p>\n\n\n\n<p>Las acusaciones por estupro lo rodean. Ang\u00e9lica Ponce, una de las dirigentes interculturales que fue allegada a Evo Morales durante su presidencia y quien la acompa\u00f1\u00f3 en diversos actos pol\u00edticos, lanz\u00f3 una dura denuncia contra el l\u00edder cocalero. La mujer revel\u00f3 que mientras el exmandatario permanec\u00eda en Argentina en calidad de refugiado pol\u00edtico (2019-2020) \u2014en la era de Alberto Fern\u00e1ndez\u2014, convivi\u00f3 con cuatro menores de edad.<\/p>\n\n\n\n<figure class=\"wp-block-image size-large\"><img data-recalc-dims=\"1\" loading=\"lazy\" decoding=\"async\" width=\"640\" height=\"392\" src=\"https:\/\/i0.wp.com\/innoticiasbo.com\/wp-content\/uploads\/2024\/10\/wp-image971781496646526912.jpeg?resize=640%2C392&#038;ssl=1\" alt=\"\" class=\"wp-image-1503\" srcset=\"https:\/\/i0.wp.com\/innoticiasbo.com\/wp-content\/uploads\/2024\/10\/wp-image971781496646526912.jpeg?resize=1024%2C627&amp;ssl=1 1024w, https:\/\/i0.wp.com\/innoticiasbo.com\/wp-content\/uploads\/2024\/10\/wp-image971781496646526912.jpeg?resize=300%2C184&amp;ssl=1 300w, https:\/\/i0.wp.com\/innoticiasbo.com\/wp-content\/uploads\/2024\/10\/wp-image971781496646526912.jpeg?resize=768%2C470&amp;ssl=1 768w, https:\/\/i0.wp.com\/innoticiasbo.com\/wp-content\/uploads\/2024\/10\/wp-image971781496646526912.jpeg?w=1200&amp;ssl=1 1200w\" sizes=\"auto, (max-width: 640px) 100vw, 640px\" \/><\/figure>\n\n\n\n<p>\u201cUna vez m\u00e1s la justicia boliviana tiene que demostrar de estar con las v\u00edctimas y no con un verdugo que hizo lo que quiso con los derechos humanos de la mujer. Es importante reconocer que Evo Morales s\u00ed estuvo en Argentina viviendo con menores de edad, yo soy testigo de aquello\u201d, afirm\u00f3 Ponce a los periodistas.<\/p>\n\n\n\n<p>La dirigente detall\u00f3 que Morales vivi\u00f3 en el vecino pa\u00eds con \u201ctres chicas\u201d menores de edad y Noem\u00ed M., una jovencita que fue foco en 2020 despu\u00e9s que la Polic\u00eda revel\u00f3 fotograf\u00edas y mensajes de texto comprometedores obtenidos de su celular. En aquel a\u00f1o, durante un operativo, los agentes investigadores detuvieron un veh\u00edculo oficial de la Gobernaci\u00f3n de Cochabamba en el que se movilizaba Noem\u00ed. En su declaraci\u00f3n informativa, admiti\u00f3 que manten\u00eda una relaci\u00f3n con el exmandatario cuando ella ten\u00eda 16 a\u00f1os. Se trataba del segundo caso de estupro que sali\u00f3 a la luz en contra el exjefe de Estado.<\/p>\n\n\n\n<p>Ponce, antes que sea expulsada por las representantes de las interculturales en 2022 por \u201cdifamar\u201d al presidente del Movimiento Al Socialismo (MAS), viaj\u00f3 en reiteradas ocasiones a Argentina junto con otros dirigentes y tambi\u00e9n v\u00edctimas de Senkata y Sacaba para visitar a Evo. Ang\u00e9lica relat\u00f3 que en la mansi\u00f3n donde se refugiaba Morales, las tres menores de edad parec\u00edan \u201cjefas de gabinete\u201d y hasta \u201csirvientas\u201d, una situaci\u00f3n que todos los que llegaban a esa casa lo sab\u00edan, pero no lo dec\u00edan.<\/p>\n\n\n\n<figure class=\"wp-block-image size-large\"><img data-recalc-dims=\"1\" loading=\"lazy\" decoding=\"async\" width=\"640\" height=\"360\" src=\"https:\/\/i0.wp.com\/innoticiasbo.com\/wp-content\/uploads\/2024\/10\/img-20241015-wa00893443849509437858130.jpg?resize=640%2C360&#038;ssl=1\" alt=\"\" class=\"wp-image-1504\" srcset=\"https:\/\/i0.wp.com\/innoticiasbo.com\/wp-content\/uploads\/2024\/10\/img-20241015-wa00893443849509437858130.jpg?w=992&amp;ssl=1 992w, https:\/\/i0.wp.com\/innoticiasbo.com\/wp-content\/uploads\/2024\/10\/img-20241015-wa00893443849509437858130.jpg?resize=300%2C169&amp;ssl=1 300w, https:\/\/i0.wp.com\/innoticiasbo.com\/wp-content\/uploads\/2024\/10\/img-20241015-wa00893443849509437858130.jpg?resize=768%2C432&amp;ssl=1 768w\" sizes=\"auto, (max-width: 640px) 100vw, 640px\" \/><\/figure>\n\n\n\n<p>\u201cY si podemos hablar los dirigentes, las exautoridades que hemos pasado por ah\u00ed, Evo dec\u00eda p\u00fablicamente que todos los que quer\u00edan tener obras le regalaban una ni\u00f1a. Nadie puede callar m\u00e1s, Dios nos va a ver\u201d, resalt\u00f3.<\/p>\n\n\n\n<p>Esta acusaci\u00f3n va en la l\u00ednea del informe de los servicios de Inteligencia de la Polic\u00eda cuando puso en conocimiento del Ministerio P\u00fablico de Tarija sobre otra menor de 15 a\u00f1os, de Yacuiba-Tarija, quien pudo ser abusada por el expresidente. Fruto de esa relaci\u00f3n es que tuvieron una hija en com\u00fan, adem\u00e1s de los viajes con frecuencia que realiz\u00f3 la jovencita a M\u00e9xico y Argentina para acompa\u00f1ar a Evo, todo esto bajo consentimiento de los progenitores de la menor. Por este hecho es que la Fiscal\u00eda present\u00f3 una querella el 26 de septiembre de 2024 y luego una orden de aprehensi\u00f3n en contra de Morales por los delitos de trata y tr\u00e1fico de personas y estupro agravado.<\/p>\n\n\n\n<p>\u201cSe ha establecido cient\u00edficamente que una persona menor de edad no tiene la capacidad psicol\u00f3gica, social y emocional de asumir decisiones vinculadas a su libertad sexual; en consecuencia de ello la menor con quince a\u00f1os de edad no estaba en la madurez cognitiva de elegir sus parejas sexuales, mucho menos de entender y asumir un embarazo, estableciendo en consecuencia la conducta alevosa de sus progenitores quienes promueven las circunstancias que concluyen con el nacimiento de la menor de iniciales ESMV cuando su hija ten\u00eda solamente 16 a\u00f1os de edad\u201d, se\u00f1ala parte del informe.<\/p>\n\n\n\n<p>A ra\u00edz de estas pesquisas es que la Fiscal\u00eda emiti\u00f3 una orden de aprehensi\u00f3n en contra de los progenitores de la menor y de Evo Morales. El padre fue aprehendido y la noche del domingo 13 de octubre fue enviado por cuatro meses a la c\u00e1rcel de Morros Blancos, en Tarija, tras ser acusado por el delito de estupro agravado y trata y tr\u00e1fico de personas.<\/p>\n\n\n\n<figure class=\"wp-block-image size-large\"><img data-recalc-dims=\"1\" loading=\"lazy\" decoding=\"async\" width=\"640\" height=\"292\" src=\"https:\/\/i0.wp.com\/innoticiasbo.com\/wp-content\/uploads\/2024\/10\/evo-morales-permanece-en-el-trpico-de-cochabamba-refugiado-por-a_464630264_1140x5208780084264475461854.jpeg?resize=640%2C292&#038;ssl=1\" alt=\"\" class=\"wp-image-1505\" srcset=\"https:\/\/i0.wp.com\/innoticiasbo.com\/wp-content\/uploads\/2024\/10\/evo-morales-permanece-en-el-trpico-de-cochabamba-refugiado-por-a_464630264_1140x5208780084264475461854.jpeg?resize=1024%2C467&amp;ssl=1 1024w, https:\/\/i0.wp.com\/innoticiasbo.com\/wp-content\/uploads\/2024\/10\/evo-morales-permanece-en-el-trpico-de-cochabamba-refugiado-por-a_464630264_1140x5208780084264475461854.jpeg?resize=300%2C137&amp;ssl=1 300w, https:\/\/i0.wp.com\/innoticiasbo.com\/wp-content\/uploads\/2024\/10\/evo-morales-permanece-en-el-trpico-de-cochabamba-refugiado-por-a_464630264_1140x5208780084264475461854.jpeg?resize=768%2C350&amp;ssl=1 768w, https:\/\/i0.wp.com\/innoticiasbo.com\/wp-content\/uploads\/2024\/10\/evo-morales-permanece-en-el-trpico-de-cochabamba-refugiado-por-a_464630264_1140x5208780084264475461854.jpeg?w=1140&amp;ssl=1 1140w\" sizes=\"auto, (max-width: 640px) 100vw, 640px\" \/><\/figure>\n\n\n\n<p>La fiscal de Tarija, Sandra Guti\u00e9rrez, inform\u00f3 que durante la audiencia cautelar se demostr\u00f3 que Emeterio V.M., es probable autor de los delitos que se le acusan y que existe riesgo de fuga. Luego, la fiscal no quiso dar detalles sobre la orden de aprehensi\u00f3n en contra de Evo por una \u201ccuesti\u00f3n estrat\u00e9gica\u201d, ya que se trata un de caso \u201ccomplejo\u201d, dejando latente la decisi\u00f3n de apresar al expresidente.<\/p>\n\n\n\n<p>El 10 de octubre, Evo debi\u00f3 presentarse a declarar en la Fiscal\u00eda de Tarija por la acusaci\u00f3n en su contra, sin embargo, a trav\u00e9s de su abogado, Jorge P\u00e9rez, present\u00f3 un memorial argumentando que su defendido no declarar\u00eda porque vulneraron sus derechos y que acudir\u00e1 a la justicia en Villa Tunari, el basti\u00f3n donde reside.<\/p>\n\n\n\n<p>PIDE FORMALIZAR LA DENUNCIA <\/p>\n\n\n\n<p>Ante la denuncia de Ponce, el ministro de Gobierno, Eduardo Del Castillo, pidi\u00f3 a la dirigente a que oficialice la denuncia ante la justicia. Adem\u00e1s, dijo que todos esos elementos ser\u00e1n sumados al cuadernillo de investigaciones.<\/p>\n\n\n\n<p>\u201cTodos estos hechos deben ser investigados. Si la se\u00f1ora Ponce tiene informaci\u00f3n que la remita a la Polic\u00eda boliviana\u201d, dijo la autoridad desde Santa Cruz.<\/p>\n\n\n\n<p>El caso estall\u00f3 el pasado 25 de septiembre cuando la Polic\u00eda revel\u00f3 la denuncia. Morales no neg\u00f3 haber procreado, pero asegur\u00f3 que este caso fue cerrado.<br \/>Fuente: El Deber<\/p>\n","protected":false},"excerpt":{"rendered":"<p>Tarija, 15 de octubre de 2024.- La acusaci\u00f3n fue lanzada por la ex presidenta de la Confederaci\u00f3n Sindical de Mujeres Interculturales, quien pidi\u00f3 a los dirigentes no callar lo que vieron en el vecino pa\u00eds. El padre de la presunta v\u00edctima de estupro y trata de Evo fue enviado a la c\u00e1rcel en Tarija Las&#8230;<\/p>\n","protected":false},"author":2,"featured_media":1506,"comment_status":"open","ping_status":"open","sticky":false,"template":"","format":"standard","meta":{"_jetpack_memberships_contains_paid_content":false,"footnotes":"","jetpack_publicize_message":"","jetpack_publicize_feature_enabled":true,"jetpack_social_post_already_shared":true,"jetpack_social_options":{"image_generator_settings":{"template":"highway","enabled":false},"version":2}},"categories":[1,3],"tags":[],"class_list":["post-1507","post","type-post","status-publish","format-standard","has-post-thumbnail","hentry","category-bolivia","category-politica"],"jetpack_publicize_connections":[],"yoast_head":"<!-- This site is optimized with the Yoast SEO plugin v23.4 - https:\/\/yoast.com\/wordpress\/plugins\/seo\/ -->\n<title>EVO ERA VISITADO POR NI\u00d1AS EN ARGENTINA, SEG\u00daN EXALLEGADA; HAY M\u00c1S DENUNCIAS DE ABUSO - innoticiasbo.com<\/title>\n<meta name=\"robots\" content=\"index, follow, max-snippet:-1, max-image-preview:large, max-video-preview:-1\" \/>\n<link rel=\"canonical\" href=\"https:\/\/innoticiasbo.com\/index.php\/2024\/10\/15\/evo-era-visitado-por-ninas-en-argentina-segun-exallegada-hay-mas-denuncias-de-abuso\/\" \/>\n<meta property=\"og:locale\" content=\"es_ES\" \/>\n<meta property=\"og:type\" content=\"article\" \/>\n<meta property=\"og:title\" content=\"EVO ERA VISITADO POR NI\u00d1AS EN ARGENTINA, SEG\u00daN EXALLEGADA; HAY M\u00c1S DENUNCIAS DE ABUSO - innoticiasbo.com\" \/>\n<meta property=\"og:description\" content=\"Tarija, 15 de octubre de 2024.- La acusaci\u00f3n fue lanzada por la ex presidenta de la Confederaci\u00f3n Sindical de Mujeres Interculturales, quien pidi\u00f3 a los dirigentes no callar lo que vieron en el vecino pa\u00eds. El padre de la presunta v\u00edctima de estupro y trata de Evo fue enviado a la c\u00e1rcel en Tarija Las...\" \/>\n<meta property=\"og:url\" content=\"https:\/\/innoticiasbo.com\/index.php\/2024\/10\/15\/evo-era-visitado-por-ninas-en-argentina-segun-exallegada-hay-mas-denuncias-de-abuso\/\" \/>\n<meta property=\"og:site_name\" content=\"innoticiasbo.com\" \/>\n<meta property=\"article:publisher\" content=\"https:\/\/www.facebook.com\/innoticiasbolivia\" \/>\n<meta property=\"article:published_time\" content=\"2024-10-15T16:37:57+00:00\" \/>\n<meta property=\"article:modified_time\" content=\"2024-10-15T16:38:28+00:00\" \/>\n<meta property=\"og:image\" content=\"https:\/\/i0.wp.com\/innoticiasbo.com\/wp-content\/uploads\/2024\/10\/IMG-20241015-WA0089.jpg?fit=992%2C558&ssl=1\" \/>\n\t<meta property=\"og:image:width\" content=\"992\" \/>\n\t<meta property=\"og:image:height\" content=\"558\" \/>\n\t<meta property=\"og:image:type\" content=\"image\/jpeg\" \/>\n<meta name=\"author\" content=\"Prensa\" \/>\n<meta name=\"twitter:card\" content=\"summary_large_image\" \/>\n<meta name=\"twitter:creator\" content=\"@innoticiasbo\" \/>\n<meta name=\"twitter:site\" content=\"@innoticiasbo\" \/>\n<meta name=\"twitter:label1\" content=\"Escrito por\" \/>\n\t<meta name=\"twitter:data1\" content=\"Prensa\" \/>\n\t<meta name=\"twitter:label2\" content=\"Tiempo de lectura\" \/>\n\t<meta name=\"twitter:data2\" content=\"5 minutos\" \/>\n<script type=\"application\/ld+json\" class=\"yoast-schema-graph\">{\"@context\":\"https:\/\/schema.org\",\"@graph\":[{\"@type\":\"Article\",\"@id\":\"https:\/\/innoticiasbo.com\/index.php\/2024\/10\/15\/evo-era-visitado-por-ninas-en-argentina-segun-exallegada-hay-mas-denuncias-de-abuso\/#article\",\"isPartOf\":{\"@id\":\"https:\/\/innoticiasbo.com\/index.php\/2024\/10\/15\/evo-era-visitado-por-ninas-en-argentina-segun-exallegada-hay-mas-denuncias-de-abuso\/\"},\"author\":{\"name\":\"Prensa\",\"@id\":\"https:\/\/innoticiasbo.com\/#\/schema\/person\/589cd527c4211df1b943bdad85ec07ce\"},\"headline\":\"EVO ERA VISITADO POR NI\u00d1AS EN ARGENTINA, SEG\u00daN EXALLEGADA; HAY M\u00c1S DENUNCIAS DE ABUSO\",\"datePublished\":\"2024-10-15T16:37:57+00:00\",\"dateModified\":\"2024-10-15T16:38:28+00:00\",\"mainEntityOfPage\":{\"@id\":\"https:\/\/innoticiasbo.com\/index.php\/2024\/10\/15\/evo-era-visitado-por-ninas-en-argentina-segun-exallegada-hay-mas-denuncias-de-abuso\/\"},\"wordCount\":974,\"commentCount\":0,\"publisher\":{\"@id\":\"https:\/\/innoticiasbo.com\/#organization\"},\"image\":{\"@id\":\"https:\/\/innoticiasbo.com\/index.php\/2024\/10\/15\/evo-era-visitado-por-ninas-en-argentina-segun-exallegada-hay-mas-denuncias-de-abuso\/#primaryimage\"},\"thumbnailUrl\":\"https:\/\/i0.wp.com\/innoticiasbo.com\/wp-content\/uploads\/2024\/10\/IMG-20241015-WA0089.jpg?fit=992%2C558&ssl=1\",\"articleSection\":[\"Bolivia\",\"Pol\u00edtica\"],\"inLanguage\":\"es\",\"potentialAction\":[{\"@type\":\"CommentAction\",\"name\":\"Comment\",\"target\":[\"https:\/\/innoticiasbo.com\/index.php\/2024\/10\/15\/evo-era-visitado-por-ninas-en-argentina-segun-exallegada-hay-mas-denuncias-de-abuso\/#respond\"]}]},{\"@type\":\"WebPage\",\"@id\":\"https:\/\/innoticiasbo.com\/index.php\/2024\/10\/15\/evo-era-visitado-por-ninas-en-argentina-segun-exallegada-hay-mas-denuncias-de-abuso\/\",\"url\":\"https:\/\/innoticiasbo.com\/index.php\/2024\/10\/15\/evo-era-visitado-por-ninas-en-argentina-segun-exallegada-hay-mas-denuncias-de-abuso\/\",\"name\":\"EVO ERA VISITADO POR NI\u00d1AS EN ARGENTINA, SEG\u00daN EXALLEGADA; HAY M\u00c1S DENUNCIAS DE ABUSO - innoticiasbo.com\",\"isPartOf\":{\"@id\":\"https:\/\/innoticiasbo.com\/#website\"},\"primaryImageOfPage\":{\"@id\":\"https:\/\/innoticiasbo.com\/index.php\/2024\/10\/15\/evo-era-visitado-por-ninas-en-argentina-segun-exallegada-hay-mas-denuncias-de-abuso\/#primaryimage\"},\"image\":{\"@id\":\"https:\/\/innoticiasbo.com\/index.php\/2024\/10\/15\/evo-era-visitado-por-ninas-en-argentina-segun-exallegada-hay-mas-denuncias-de-abuso\/#primaryimage\"},\"thumbnailUrl\":\"https:\/\/i0.wp.com\/innoticiasbo.com\/wp-content\/uploads\/2024\/10\/IMG-20241015-WA0089.jpg?fit=992%2C558&ssl=1\",\"datePublished\":\"2024-10-15T16:37:57+00:00\",\"dateModified\":\"2024-10-15T16:38:28+00:00\",\"breadcrumb\":{\"@id\":\"https:\/\/innoticiasbo.com\/index.php\/2024\/10\/15\/evo-era-visitado-por-ninas-en-argentina-segun-exallegada-hay-mas-denuncias-de-abuso\/#breadcrumb\"},\"inLanguage\":\"es\",\"potentialAction\":[{\"@type\":\"ReadAction\",\"target\":[\"https:\/\/innoticiasbo.com\/index.php\/2024\/10\/15\/evo-era-visitado-por-ninas-en-argentina-segun-exallegada-hay-mas-denuncias-de-abuso\/\"]}]},{\"@type\":\"ImageObject\",\"inLanguage\":\"es\",\"@id\":\"https:\/\/innoticiasbo.com\/index.php\/2024\/10\/15\/evo-era-visitado-por-ninas-en-argentina-segun-exallegada-hay-mas-denuncias-de-abuso\/#primaryimage\",\"url\":\"https:\/\/i0.wp.com\/innoticiasbo.com\/wp-content\/uploads\/2024\/10\/IMG-20241015-WA0089.jpg?fit=992%2C558&ssl=1\",\"contentUrl\":\"https:\/\/i0.wp.com\/innoticiasbo.com\/wp-content\/uploads\/2024\/10\/IMG-20241015-WA0089.jpg?fit=992%2C558&ssl=1\",\"width\":992,\"height\":558},{\"@type\":\"BreadcrumbList\",\"@id\":\"https:\/\/innoticiasbo.com\/index.php\/2024\/10\/15\/evo-era-visitado-por-ninas-en-argentina-segun-exallegada-hay-mas-denuncias-de-abuso\/#breadcrumb\",\"itemListElement\":[{\"@type\":\"ListItem\",\"position\":1,\"name\":\"Portada\",\"item\":\"https:\/\/innoticiasbo.com\/\"},{\"@type\":\"ListItem\",\"position\":2,\"name\":\"EVO ERA VISITADO POR NI\u00d1AS EN ARGENTINA, SEG\u00daN EXALLEGADA; HAY M\u00c1S DENUNCIAS DE ABUSO\"}]},{\"@type\":\"WebSite\",\"@id\":\"https:\/\/innoticiasbo.com\/#website\",\"url\":\"https:\/\/innoticiasbo.com\/\",\"name\":\"innoticiasbo.com\",\"description\":\"\",\"publisher\":{\"@id\":\"https:\/\/innoticiasbo.com\/#organization\"},\"potentialAction\":[{\"@type\":\"SearchAction\",\"target\":{\"@type\":\"EntryPoint\",\"urlTemplate\":\"https:\/\/innoticiasbo.com\/?s={search_term_string}\"},\"query-input\":{\"@type\":\"PropertyValueSpecification\",\"valueRequired\":true,\"valueName\":\"search_term_string\"}}],\"inLanguage\":\"es\"},{\"@type\":\"Organization\",\"@id\":\"https:\/\/innoticiasbo.com\/#organization\",\"name\":\"innoticiasbo.com\",\"url\":\"https:\/\/innoticiasbo.com\/\",\"logo\":{\"@type\":\"ImageObject\",\"inLanguage\":\"es\",\"@id\":\"https:\/\/innoticiasbo.com\/#\/schema\/logo\/image\/\",\"url\":\"https:\/\/i0.wp.com\/innoticiasbo.com\/wp-content\/uploads\/2026\/04\/cropped-IN-LOGO.png?fit=1476%2C1476&ssl=1\",\"contentUrl\":\"https:\/\/i0.wp.com\/innoticiasbo.com\/wp-content\/uploads\/2026\/04\/cropped-IN-LOGO.png?fit=1476%2C1476&ssl=1\",\"width\":1476,\"height\":1476,\"caption\":\"innoticiasbo.com\"},\"image\":{\"@id\":\"https:\/\/innoticiasbo.com\/#\/schema\/logo\/image\/\"},\"sameAs\":[\"https:\/\/www.facebook.com\/innoticiasbolivia\",\"https:\/\/x.com\/innoticiasbo\",\"https:\/\/www.instagram.com\/innoticiasbo\",\"https:\/\/www.youtube.com\/innoticiasbo\"]},{\"@type\":\"Person\",\"@id\":\"https:\/\/innoticiasbo.com\/#\/schema\/person\/589cd527c4211df1b943bdad85ec07ce\",\"name\":\"Prensa\",\"image\":{\"@type\":\"ImageObject\",\"inLanguage\":\"es\",\"@id\":\"https:\/\/innoticiasbo.com\/#\/schema\/person\/image\/\",\"url\":\"https:\/\/secure.gravatar.com\/avatar\/d359bbdf112023c1c0a3ec7fe1600657?s=96&d=mm&r=g\",\"contentUrl\":\"https:\/\/secure.gravatar.com\/avatar\/d359bbdf112023c1c0a3ec7fe1600657?s=96&d=mm&r=g\",\"caption\":\"Prensa\"},\"sameAs\":[\"http:\/\/www.innoticiasbo.com\"],\"url\":\"https:\/\/innoticiasbo.com\/index.php\/author\/prensa\/\"}]}<\/script>\n<!-- \/ Yoast SEO plugin. -->","yoast_head_json":{"title":"EVO ERA VISITADO POR NI\u00d1AS EN ARGENTINA, SEG\u00daN EXALLEGADA; HAY M\u00c1S DENUNCIAS DE ABUSO - innoticiasbo.com","robots":{"index":"index","follow":"follow","max-snippet":"max-snippet:-1","max-image-preview":"max-image-preview:large","max-video-preview":"max-video-preview:-1"},"canonical":"https:\/\/innoticiasbo.com\/index.php\/2024\/10\/15\/evo-era-visitado-por-ninas-en-argentina-segun-exallegada-hay-mas-denuncias-de-abuso\/","og_locale":"es_ES","og_type":"article","og_title":"EVO ERA VISITADO POR NI\u00d1AS EN ARGENTINA, SEG\u00daN EXALLEGADA; HAY M\u00c1S DENUNCIAS DE ABUSO - innoticiasbo.com","og_description":"Tarija, 15 de octubre de 2024.- La acusaci\u00f3n fue lanzada por la ex presidenta de la Confederaci\u00f3n Sindical de Mujeres Interculturales, quien pidi\u00f3 a los dirigentes no callar lo que vieron en el vecino pa\u00eds. El padre de la presunta v\u00edctima de estupro y trata de Evo fue enviado a la c\u00e1rcel en Tarija Las...","og_url":"https:\/\/innoticiasbo.com\/index.php\/2024\/10\/15\/evo-era-visitado-por-ninas-en-argentina-segun-exallegada-hay-mas-denuncias-de-abuso\/","og_site_name":"innoticiasbo.com","article_publisher":"https:\/\/www.facebook.com\/innoticiasbolivia","article_published_time":"2024-10-15T16:37:57+00:00","article_modified_time":"2024-10-15T16:38:28+00:00","og_image":[{"width":992,"height":558,"url":"https:\/\/i0.wp.com\/innoticiasbo.com\/wp-content\/uploads\/2024\/10\/IMG-20241015-WA0089.jpg?fit=992%2C558&ssl=1","type":"image\/jpeg"}],"author":"Prensa","twitter_card":"summary_large_image","twitter_creator":"@innoticiasbo","twitter_site":"@innoticiasbo","twitter_misc":{"Escrito por":"Prensa","Tiempo de lectura":"5 minutos"},"schema":{"@context":"https:\/\/schema.org","@graph":[{"@type":"Article","@id":"https:\/\/innoticiasbo.com\/index.php\/2024\/10\/15\/evo-era-visitado-por-ninas-en-argentina-segun-exallegada-hay-mas-denuncias-de-abuso\/#article","isPartOf":{"@id":"https:\/\/innoticiasbo.com\/index.php\/2024\/10\/15\/evo-era-visitado-por-ninas-en-argentina-segun-exallegada-hay-mas-denuncias-de-abuso\/"},"author":{"name":"Prensa","@id":"https:\/\/innoticiasbo.com\/#\/schema\/person\/589cd527c4211df1b943bdad85ec07ce"},"headline":"EVO ERA VISITADO POR NI\u00d1AS EN ARGENTINA, SEG\u00daN EXALLEGADA; HAY M\u00c1S DENUNCIAS DE ABUSO","datePublished":"2024-10-15T16:37:57+00:00","dateModified":"2024-10-15T16:38:28+00:00","mainEntityOfPage":{"@id":"https:\/\/innoticiasbo.com\/index.php\/2024\/10\/15\/evo-era-visitado-por-ninas-en-argentina-segun-exallegada-hay-mas-denuncias-de-abuso\/"},"wordCount":974,"commentCount":0,"publisher":{"@id":"https:\/\/innoticiasbo.com\/#organization"},"image":{"@id":"https:\/\/innoticiasbo.com\/index.php\/2024\/10\/15\/evo-era-visitado-por-ninas-en-argentina-segun-exallegada-hay-mas-denuncias-de-abuso\/#primaryimage"},"thumbnailUrl":"https:\/\/i0.wp.com\/innoticiasbo.com\/wp-content\/uploads\/2024\/10\/IMG-20241015-WA0089.jpg?fit=992%2C558&ssl=1","articleSection":["Bolivia","Pol\u00edtica"],"inLanguage":"es","potentialAction":[{"@type":"CommentAction","name":"Comment","target":["https:\/\/innoticiasbo.com\/index.php\/2024\/10\/15\/evo-era-visitado-por-ninas-en-argentina-segun-exallegada-hay-mas-denuncias-de-abuso\/#respond"]}]},{"@type":"WebPage","@id":"https:\/\/innoticiasbo.com\/index.php\/2024\/10\/15\/evo-era-visitado-por-ninas-en-argentina-segun-exallegada-hay-mas-denuncias-de-abuso\/","url":"https:\/\/innoticiasbo.com\/index.php\/2024\/10\/15\/evo-era-visitado-por-ninas-en-argentina-segun-exallegada-hay-mas-denuncias-de-abuso\/","name":"EVO ERA VISITADO POR NI\u00d1AS EN ARGENTINA, SEG\u00daN EXALLEGADA; HAY M\u00c1S DENUNCIAS DE ABUSO - innoticiasbo.com","isPartOf":{"@id":"https:\/\/innoticiasbo.com\/#website"},"primaryImageOfPage":{"@id":"https:\/\/innoticiasbo.com\/index.php\/2024\/10\/15\/evo-era-visitado-por-ninas-en-argentina-segun-exallegada-hay-mas-denuncias-de-abuso\/#primaryimage"},"image":{"@id":"https:\/\/innoticiasbo.com\/index.php\/2024\/10\/15\/evo-era-visitado-por-ninas-en-argentina-segun-exallegada-hay-mas-denuncias-de-abuso\/#primaryimage"},"thumbnailUrl":"https:\/\/i0.wp.com\/innoticiasbo.com\/wp-content\/uploads\/2024\/10\/IMG-20241015-WA0089.jpg?fit=992%2C558&ssl=1","datePublished":"2024-10-15T16:37:57+00:00","dateModified":"2024-10-15T16:38:28+00:00","breadcrumb":{"@id":"https:\/\/innoticiasbo.com\/index.php\/2024\/10\/15\/evo-era-visitado-por-ninas-en-argentina-segun-exallegada-hay-mas-denuncias-de-abuso\/#breadcrumb"},"inLanguage":"es","potentialAction":[{"@type":"ReadAction","target":["https:\/\/innoticiasbo.com\/index.php\/2024\/10\/15\/evo-era-visitado-por-ninas-en-argentina-segun-exallegada-hay-mas-denuncias-de-abuso\/"]}]},{"@type":"ImageObject","inLanguage":"es","@id":"https:\/\/innoticiasbo.com\/index.php\/2024\/10\/15\/evo-era-visitado-por-ninas-en-argentina-segun-exallegada-hay-mas-denuncias-de-abuso\/#primaryimage","url":"https:\/\/i0.wp.com\/innoticiasbo.com\/wp-content\/uploads\/2024\/10\/IMG-20241015-WA0089.jpg?fit=992%2C558&ssl=1","contentUrl":"https:\/\/i0.wp.com\/innoticiasbo.com\/wp-content\/uploads\/2024\/10\/IMG-20241015-WA0089.jpg?fit=992%2C558&ssl=1","width":992,"height":558},{"@type":"BreadcrumbList","@id":"https:\/\/innoticiasbo.com\/index.php\/2024\/10\/15\/evo-era-visitado-por-ninas-en-argentina-segun-exallegada-hay-mas-denuncias-de-abuso\/#breadcrumb","itemListElement":[{"@type":"ListItem","position":1,"name":"Portada","item":"https:\/\/innoticiasbo.com\/"},{"@type":"ListItem","position":2,"name":"EVO ERA VISITADO POR NI\u00d1AS EN ARGENTINA, SEG\u00daN EXALLEGADA; HAY M\u00c1S DENUNCIAS DE ABUSO"}]},{"@type":"WebSite","@id":"https:\/\/innoticiasbo.com\/#website","url":"https:\/\/innoticiasbo.com\/","name":"innoticiasbo.com","description":"","publisher":{"@id":"https:\/\/innoticiasbo.com\/#organization"},"potentialAction":[{"@type":"SearchAction","target":{"@type":"EntryPoint","urlTemplate":"https:\/\/innoticiasbo.com\/?s={search_term_string}"},"query-input":{"@type":"PropertyValueSpecification","valueRequired":true,"valueName":"search_term_string"}}],"inLanguage":"es"},{"@type":"Organization","@id":"https:\/\/innoticiasbo.com\/#organization","name":"innoticiasbo.com","url":"https:\/\/innoticiasbo.com\/","logo":{"@type":"ImageObject","inLanguage":"es","@id":"https:\/\/innoticiasbo.com\/#\/schema\/logo\/image\/","url":"https:\/\/i0.wp.com\/innoticiasbo.com\/wp-content\/uploads\/2026\/04\/cropped-IN-LOGO.png?fit=1476%2C1476&ssl=1","contentUrl":"https:\/\/i0.wp.com\/innoticiasbo.com\/wp-content\/uploads\/2026\/04\/cropped-IN-LOGO.png?fit=1476%2C1476&ssl=1","width":1476,"height":1476,"caption":"innoticiasbo.com"},"image":{"@id":"https:\/\/innoticiasbo.com\/#\/schema\/logo\/image\/"},"sameAs":["https:\/\/www.facebook.com\/innoticiasbolivia","https:\/\/x.com\/innoticiasbo","https:\/\/www.instagram.com\/innoticiasbo","https:\/\/www.youtube.com\/innoticiasbo"]},{"@type":"Person","@id":"https:\/\/innoticiasbo.com\/#\/schema\/person\/589cd527c4211df1b943bdad85ec07ce","name":"Prensa","image":{"@type":"ImageObject","inLanguage":"es","@id":"https:\/\/innoticiasbo.com\/#\/schema\/person\/image\/","url":"https:\/\/secure.gravatar.com\/avatar\/d359bbdf112023c1c0a3ec7fe1600657?s=96&d=mm&r=g","contentUrl":"https:\/\/secure.gravatar.com\/avatar\/d359bbdf112023c1c0a3ec7fe1600657?s=96&d=mm&r=g","caption":"Prensa"},"sameAs":["http:\/\/www.innoticiasbo.com"],"url":"https:\/\/innoticiasbo.com\/index.php\/author\/prensa\/"}]}},"jetpack_featured_media_url":"https:\/\/i0.wp.com\/innoticiasbo.com\/wp-content\/uploads\/2024\/10\/IMG-20241015-WA0089.jpg?fit=992%2C558&ssl=1","jetpack_likes_enabled":true,"jetpack_sharing_enabled":true,"jetpack_shortlink":"https:\/\/wp.me\/pg298x-oj","_links":{"self":[{"href":"https:\/\/innoticiasbo.com\/index.php\/wp-json\/wp\/v2\/posts\/1507","targetHints":{"allow":["GET"]}}],"collection":[{"href":"https:\/\/innoticiasbo.com\/index.php\/wp-json\/wp\/v2\/posts"}],"about":[{"href":"https:\/\/innoticiasbo.com\/index.php\/wp-json\/wp\/v2\/types\/post"}],"author":[{"embeddable":true,"href":"https:\/\/innoticiasbo.com\/index.php\/wp-json\/wp\/v2\/users\/2"}],"replies":[{"embeddable":true,"href":"https:\/\/innoticiasbo.com\/index.php\/wp-json\/wp\/v2\/comments?post=1507"}],"version-history":[{"count":1,"href":"https:\/\/innoticiasbo.com\/index.php\/wp-json\/wp\/v2\/posts\/1507\/revisions"}],"predecessor-version":[{"id":1508,"href":"https:\/\/innoticiasbo.com\/index.php\/wp-json\/wp\/v2\/posts\/1507\/revisions\/1508"}],"wp:featuredmedia":[{"embeddable":true,"href":"https:\/\/innoticiasbo.com\/index.php\/wp-json\/wp\/v2\/media\/1506"}],"wp:attachment":[{"href":"https:\/\/innoticiasbo.com\/index.php\/wp-json\/wp\/v2\/media?parent=1507"}],"wp:term":[{"taxonomy":"category","embeddable":true,"href":"https:\/\/innoticiasbo.com\/index.php\/wp-json\/wp\/v2\/categories?post=1507"},{"taxonomy":"post_tag","embeddable":true,"href":"https:\/\/innoticiasbo.com\/index.php\/wp-json\/wp\/v2\/tags?post=1507"}],"curies":[{"name":"wp","href":"https:\/\/api.w.org\/{rel}","templated":true}]}}