{"id":1445,"date":"2024-10-12T22:14:53","date_gmt":"2024-10-12T22:14:53","guid":{"rendered":"https:\/\/innoticiasbo.com\/?p=1445"},"modified":"2024-10-12T22:15:19","modified_gmt":"2024-10-12T22:15:19","slug":"productores-preocupados-por-anuncios-de-bloqueos","status":"publish","type":"post","link":"https:\/\/innoticiasbo.com\/index.php\/2024\/10\/12\/productores-preocupados-por-anuncios-de-bloqueos\/","title":{"rendered":"PRODUCTORES&nbsp; PREOCUPADOS POR ANUNCIOS DE BLOQUEOS"},"content":{"rendered":"\n<p>Cochabamba, 12 de octubre de 2024.- La c\u00e1mara Agropecuaria de Cochabamba expresa su preocupaci\u00f3n por el anuncio de bloqueos a partir de este lunes.<\/p>\n\n\n\n<p>\u00abLa medida de hecho que paralizaria el aparato productivo, m\u00e1s a\u00fan, si consideramos que Cochabamba es el gran eje articulador de la econom\u00eda entre oriente y occidente donde se mueve un flujo econ\u00f3mico diario de ( aprox) 10.5 millones de D\u00f3lares entre diferentes productos ( agr\u00edcolas, log\u00edstica, exportaciones , Industria, metal mec\u00e1nica, salud etc.etc); de los cuales el 50% viene de oriente con rumbo a los puertos del pacifico para la exportaci\u00f3n generando divisas para los bolivianos\u00bb\u00a0 sostiene en un comunicado\u00a0 de prensa.<\/p>\n\n\n\n<figure class=\"wp-block-image size-large\"><img data-recalc-dims=\"1\" loading=\"lazy\" decoding=\"async\" width=\"640\" height=\"480\" src=\"https:\/\/i0.wp.com\/innoticiasbo.com\/wp-content\/uploads\/2024\/10\/fb_img_17286106990786397207208741860625.jpg?resize=640%2C480&#038;ssl=1\" alt=\"\" class=\"wp-image-1443\" srcset=\"https:\/\/i0.wp.com\/innoticiasbo.com\/wp-content\/uploads\/2024\/10\/fb_img_17286106990786397207208741860625.jpg?resize=1024%2C768&amp;ssl=1 1024w, https:\/\/i0.wp.com\/innoticiasbo.com\/wp-content\/uploads\/2024\/10\/fb_img_17286106990786397207208741860625.jpg?resize=300%2C225&amp;ssl=1 300w, https:\/\/i0.wp.com\/innoticiasbo.com\/wp-content\/uploads\/2024\/10\/fb_img_17286106990786397207208741860625.jpg?resize=768%2C576&amp;ssl=1 768w, https:\/\/i0.wp.com\/innoticiasbo.com\/wp-content\/uploads\/2024\/10\/fb_img_17286106990786397207208741860625.jpg?w=1080&amp;ssl=1 1080w\" sizes=\"auto, (max-width: 640px) 100vw, 640px\" \/><\/figure>\n\n\n\n<p>Esta cifra no considera el sector productor y exportador de banano del tropico que podria perder su mercado en la Argentina, finalmente. Sostienen que un bloqueo \u00bb bloquea la actividad de mas de 400 mil familias que trabajamos en el campo para alimentar a occidente y exportar los excedentes, urge evitar mayores p\u00e9rdidas econ\u00f3micas y la vulneracion a la seguridad alimentar\u00eda y el trabajo \u00bb&nbsp; finalizan.<\/p>\n","protected":false},"excerpt":{"rendered":"<p>Cochabamba, 12 de octubre de 2024.- La c\u00e1mara Agropecuaria de Cochabamba expresa su preocupaci\u00f3n por el anuncio de bloqueos a partir de este lunes. \u00abLa medida de hecho que paralizaria el aparato productivo, m\u00e1s a\u00fan, si consideramos que Cochabamba es el gran eje articulador de la econom\u00eda entre oriente y occidente donde se mueve un&#8230;<\/p>\n","protected":false},"author":2,"featured_media":1444,"comment_status":"open","ping_status":"open","sticky":false,"template":"","format":"standard","meta":{"_jetpack_memberships_contains_paid_content":false,"footnotes":"","jetpack_publicize_message":"","jetpack_publicize_feature_enabled":true,"jetpack_social_post_already_shared":true,"jetpack_social_options":{"image_generator_settings":{"template":"highway","enabled":false},"version":2}},"categories":[1,16],"tags":[],"class_list":["post-1445","post","type-post","status-publish","format-standard","has-post-thumbnail","hentry","category-bolivia","category-economia"],"jetpack_publicize_connections":[],"yoast_head":"<!-- This site is optimized with the Yoast SEO plugin v23.4 - https:\/\/yoast.com\/wordpress\/plugins\/seo\/ -->\n<title>PRODUCTORES&nbsp; PREOCUPADOS POR ANUNCIOS DE BLOQUEOS - innoticiasbo.com<\/title>\n<meta name=\"robots\" content=\"index, follow, max-snippet:-1, max-image-preview:large, max-video-preview:-1\" \/>\n<link rel=\"canonical\" href=\"https:\/\/innoticiasbo.com\/index.php\/2024\/10\/12\/productores-preocupados-por-anuncios-de-bloqueos\/\" \/>\n<meta property=\"og:locale\" content=\"es_ES\" \/>\n<meta property=\"og:type\" content=\"article\" \/>\n<meta property=\"og:title\" content=\"PRODUCTORES&nbsp; PREOCUPADOS POR ANUNCIOS DE BLOQUEOS - innoticiasbo.com\" \/>\n<meta property=\"og:description\" content=\"Cochabamba, 12 de octubre de 2024.- La c\u00e1mara Agropecuaria de Cochabamba expresa su preocupaci\u00f3n por el anuncio de bloqueos a partir de este lunes. \u00abLa medida de hecho que paralizaria el aparato productivo, m\u00e1s a\u00fan, si consideramos que Cochabamba es el gran eje articulador de la econom\u00eda entre oriente y occidente donde se mueve un...\" \/>\n<meta property=\"og:url\" content=\"https:\/\/innoticiasbo.com\/index.php\/2024\/10\/12\/productores-preocupados-por-anuncios-de-bloqueos\/\" \/>\n<meta property=\"og:site_name\" content=\"innoticiasbo.com\" \/>\n<meta property=\"article:publisher\" content=\"https:\/\/www.facebook.com\/innoticiasbolivia\" \/>\n<meta property=\"article:published_time\" content=\"2024-10-12T22:14:53+00:00\" \/>\n<meta property=\"article:modified_time\" content=\"2024-10-12T22:15:19+00:00\" \/>\n<meta property=\"og:image\" content=\"https:\/\/i0.wp.com\/innoticiasbo.com\/wp-content\/uploads\/2024\/10\/FB_IMG_1728610701461.jpg?fit=1080%2C810&ssl=1\" \/>\n\t<meta property=\"og:image:width\" content=\"1080\" \/>\n\t<meta property=\"og:image:height\" content=\"810\" \/>\n\t<meta property=\"og:image:type\" content=\"image\/jpeg\" \/>\n<meta name=\"author\" content=\"Prensa\" \/>\n<meta name=\"twitter:card\" content=\"summary_large_image\" \/>\n<meta name=\"twitter:creator\" content=\"@innoticiasbo\" \/>\n<meta name=\"twitter:site\" content=\"@innoticiasbo\" \/>\n<meta name=\"twitter:label1\" content=\"Escrito por\" \/>\n\t<meta name=\"twitter:data1\" content=\"Prensa\" \/>\n\t<meta name=\"twitter:label2\" content=\"Tiempo de lectura\" \/>\n\t<meta name=\"twitter:data2\" content=\"1 minuto\" \/>\n<script type=\"application\/ld+json\" class=\"yoast-schema-graph\">{\"@context\":\"https:\/\/schema.org\",\"@graph\":[{\"@type\":\"Article\",\"@id\":\"https:\/\/innoticiasbo.com\/index.php\/2024\/10\/12\/productores-preocupados-por-anuncios-de-bloqueos\/#article\",\"isPartOf\":{\"@id\":\"https:\/\/innoticiasbo.com\/index.php\/2024\/10\/12\/productores-preocupados-por-anuncios-de-bloqueos\/\"},\"author\":{\"name\":\"Prensa\",\"@id\":\"https:\/\/innoticiasbo.com\/#\/schema\/person\/589cd527c4211df1b943bdad85ec07ce\"},\"headline\":\"PRODUCTORES&nbsp; PREOCUPADOS POR ANUNCIOS DE BLOQUEOS\",\"datePublished\":\"2024-10-12T22:14:53+00:00\",\"dateModified\":\"2024-10-12T22:15:19+00:00\",\"mainEntityOfPage\":{\"@id\":\"https:\/\/innoticiasbo.com\/index.php\/2024\/10\/12\/productores-preocupados-por-anuncios-de-bloqueos\/\"},\"wordCount\":187,\"commentCount\":0,\"publisher\":{\"@id\":\"https:\/\/innoticiasbo.com\/#organization\"},\"image\":{\"@id\":\"https:\/\/innoticiasbo.com\/index.php\/2024\/10\/12\/productores-preocupados-por-anuncios-de-bloqueos\/#primaryimage\"},\"thumbnailUrl\":\"https:\/\/i0.wp.com\/innoticiasbo.com\/wp-content\/uploads\/2024\/10\/FB_IMG_1728610701461.jpg?fit=1080%2C810&ssl=1\",\"articleSection\":[\"Bolivia\",\"Econom\u00eda\"],\"inLanguage\":\"es\",\"potentialAction\":[{\"@type\":\"CommentAction\",\"name\":\"Comment\",\"target\":[\"https:\/\/innoticiasbo.com\/index.php\/2024\/10\/12\/productores-preocupados-por-anuncios-de-bloqueos\/#respond\"]}]},{\"@type\":\"WebPage\",\"@id\":\"https:\/\/innoticiasbo.com\/index.php\/2024\/10\/12\/productores-preocupados-por-anuncios-de-bloqueos\/\",\"url\":\"https:\/\/innoticiasbo.com\/index.php\/2024\/10\/12\/productores-preocupados-por-anuncios-de-bloqueos\/\",\"name\":\"PRODUCTORES&nbsp; PREOCUPADOS POR ANUNCIOS DE BLOQUEOS - innoticiasbo.com\",\"isPartOf\":{\"@id\":\"https:\/\/innoticiasbo.com\/#website\"},\"primaryImageOfPage\":{\"@id\":\"https:\/\/innoticiasbo.com\/index.php\/2024\/10\/12\/productores-preocupados-por-anuncios-de-bloqueos\/#primaryimage\"},\"image\":{\"@id\":\"https:\/\/innoticiasbo.com\/index.php\/2024\/10\/12\/productores-preocupados-por-anuncios-de-bloqueos\/#primaryimage\"},\"thumbnailUrl\":\"https:\/\/i0.wp.com\/innoticiasbo.com\/wp-content\/uploads\/2024\/10\/FB_IMG_1728610701461.jpg?fit=1080%2C810&ssl=1\",\"datePublished\":\"2024-10-12T22:14:53+00:00\",\"dateModified\":\"2024-10-12T22:15:19+00:00\",\"breadcrumb\":{\"@id\":\"https:\/\/innoticiasbo.com\/index.php\/2024\/10\/12\/productores-preocupados-por-anuncios-de-bloqueos\/#breadcrumb\"},\"inLanguage\":\"es\",\"potentialAction\":[{\"@type\":\"ReadAction\",\"target\":[\"https:\/\/innoticiasbo.com\/index.php\/2024\/10\/12\/productores-preocupados-por-anuncios-de-bloqueos\/\"]}]},{\"@type\":\"ImageObject\",\"inLanguage\":\"es\",\"@id\":\"https:\/\/innoticiasbo.com\/index.php\/2024\/10\/12\/productores-preocupados-por-anuncios-de-bloqueos\/#primaryimage\",\"url\":\"https:\/\/i0.wp.com\/innoticiasbo.com\/wp-content\/uploads\/2024\/10\/FB_IMG_1728610701461.jpg?fit=1080%2C810&ssl=1\",\"contentUrl\":\"https:\/\/i0.wp.com\/innoticiasbo.com\/wp-content\/uploads\/2024\/10\/FB_IMG_1728610701461.jpg?fit=1080%2C810&ssl=1\",\"width\":1080,\"height\":810},{\"@type\":\"BreadcrumbList\",\"@id\":\"https:\/\/innoticiasbo.com\/index.php\/2024\/10\/12\/productores-preocupados-por-anuncios-de-bloqueos\/#breadcrumb\",\"itemListElement\":[{\"@type\":\"ListItem\",\"position\":1,\"name\":\"Portada\",\"item\":\"https:\/\/innoticiasbo.com\/\"},{\"@type\":\"ListItem\",\"position\":2,\"name\":\"PRODUCTORES&nbsp; PREOCUPADOS POR ANUNCIOS DE BLOQUEOS\"}]},{\"@type\":\"WebSite\",\"@id\":\"https:\/\/innoticiasbo.com\/#website\",\"url\":\"https:\/\/innoticiasbo.com\/\",\"name\":\"innoticiasbo.com\",\"description\":\"\",\"publisher\":{\"@id\":\"https:\/\/innoticiasbo.com\/#organization\"},\"potentialAction\":[{\"@type\":\"SearchAction\",\"target\":{\"@type\":\"EntryPoint\",\"urlTemplate\":\"https:\/\/innoticiasbo.com\/?s={search_term_string}\"},\"query-input\":{\"@type\":\"PropertyValueSpecification\",\"valueRequired\":true,\"valueName\":\"search_term_string\"}}],\"inLanguage\":\"es\"},{\"@type\":\"Organization\",\"@id\":\"https:\/\/innoticiasbo.com\/#organization\",\"name\":\"innoticiasbo.com\",\"url\":\"https:\/\/innoticiasbo.com\/\",\"logo\":{\"@type\":\"ImageObject\",\"inLanguage\":\"es\",\"@id\":\"https:\/\/innoticiasbo.com\/#\/schema\/logo\/image\/\",\"url\":\"https:\/\/i0.wp.com\/innoticiasbo.com\/wp-content\/uploads\/2026\/04\/cropped-IN-LOGO.png?fit=1476%2C1476&ssl=1\",\"contentUrl\":\"https:\/\/i0.wp.com\/innoticiasbo.com\/wp-content\/uploads\/2026\/04\/cropped-IN-LOGO.png?fit=1476%2C1476&ssl=1\",\"width\":1476,\"height\":1476,\"caption\":\"innoticiasbo.com\"},\"image\":{\"@id\":\"https:\/\/innoticiasbo.com\/#\/schema\/logo\/image\/\"},\"sameAs\":[\"https:\/\/www.facebook.com\/innoticiasbolivia\",\"https:\/\/x.com\/innoticiasbo\",\"https:\/\/www.instagram.com\/innoticiasbo\",\"https:\/\/www.youtube.com\/innoticiasbo\"]},{\"@type\":\"Person\",\"@id\":\"https:\/\/innoticiasbo.com\/#\/schema\/person\/589cd527c4211df1b943bdad85ec07ce\",\"name\":\"Prensa\",\"image\":{\"@type\":\"ImageObject\",\"inLanguage\":\"es\",\"@id\":\"https:\/\/innoticiasbo.com\/#\/schema\/person\/image\/\",\"url\":\"https:\/\/secure.gravatar.com\/avatar\/d359bbdf112023c1c0a3ec7fe1600657?s=96&d=mm&r=g\",\"contentUrl\":\"https:\/\/secure.gravatar.com\/avatar\/d359bbdf112023c1c0a3ec7fe1600657?s=96&d=mm&r=g\",\"caption\":\"Prensa\"},\"sameAs\":[\"http:\/\/www.innoticiasbo.com\"],\"url\":\"https:\/\/innoticiasbo.com\/index.php\/author\/prensa\/\"}]}<\/script>\n<!-- \/ Yoast SEO plugin. -->","yoast_head_json":{"title":"PRODUCTORES&nbsp; PREOCUPADOS POR ANUNCIOS DE BLOQUEOS - innoticiasbo.com","robots":{"index":"index","follow":"follow","max-snippet":"max-snippet:-1","max-image-preview":"max-image-preview:large","max-video-preview":"max-video-preview:-1"},"canonical":"https:\/\/innoticiasbo.com\/index.php\/2024\/10\/12\/productores-preocupados-por-anuncios-de-bloqueos\/","og_locale":"es_ES","og_type":"article","og_title":"PRODUCTORES&nbsp; PREOCUPADOS POR ANUNCIOS DE BLOQUEOS - innoticiasbo.com","og_description":"Cochabamba, 12 de octubre de 2024.- La c\u00e1mara Agropecuaria de Cochabamba expresa su preocupaci\u00f3n por el anuncio de bloqueos a partir de este lunes. \u00abLa medida de hecho que paralizaria el aparato productivo, m\u00e1s a\u00fan, si consideramos que Cochabamba es el gran eje articulador de la econom\u00eda entre oriente y occidente donde se mueve un...","og_url":"https:\/\/innoticiasbo.com\/index.php\/2024\/10\/12\/productores-preocupados-por-anuncios-de-bloqueos\/","og_site_name":"innoticiasbo.com","article_publisher":"https:\/\/www.facebook.com\/innoticiasbolivia","article_published_time":"2024-10-12T22:14:53+00:00","article_modified_time":"2024-10-12T22:15:19+00:00","og_image":[{"width":1080,"height":810,"url":"https:\/\/i0.wp.com\/innoticiasbo.com\/wp-content\/uploads\/2024\/10\/FB_IMG_1728610701461.jpg?fit=1080%2C810&ssl=1","type":"image\/jpeg"}],"author":"Prensa","twitter_card":"summary_large_image","twitter_creator":"@innoticiasbo","twitter_site":"@innoticiasbo","twitter_misc":{"Escrito por":"Prensa","Tiempo de lectura":"1 minuto"},"schema":{"@context":"https:\/\/schema.org","@graph":[{"@type":"Article","@id":"https:\/\/innoticiasbo.com\/index.php\/2024\/10\/12\/productores-preocupados-por-anuncios-de-bloqueos\/#article","isPartOf":{"@id":"https:\/\/innoticiasbo.com\/index.php\/2024\/10\/12\/productores-preocupados-por-anuncios-de-bloqueos\/"},"author":{"name":"Prensa","@id":"https:\/\/innoticiasbo.com\/#\/schema\/person\/589cd527c4211df1b943bdad85ec07ce"},"headline":"PRODUCTORES&nbsp; PREOCUPADOS POR ANUNCIOS DE BLOQUEOS","datePublished":"2024-10-12T22:14:53+00:00","dateModified":"2024-10-12T22:15:19+00:00","mainEntityOfPage":{"@id":"https:\/\/innoticiasbo.com\/index.php\/2024\/10\/12\/productores-preocupados-por-anuncios-de-bloqueos\/"},"wordCount":187,"commentCount":0,"publisher":{"@id":"https:\/\/innoticiasbo.com\/#organization"},"image":{"@id":"https:\/\/innoticiasbo.com\/index.php\/2024\/10\/12\/productores-preocupados-por-anuncios-de-bloqueos\/#primaryimage"},"thumbnailUrl":"https:\/\/i0.wp.com\/innoticiasbo.com\/wp-content\/uploads\/2024\/10\/FB_IMG_1728610701461.jpg?fit=1080%2C810&ssl=1","articleSection":["Bolivia","Econom\u00eda"],"inLanguage":"es","potentialAction":[{"@type":"CommentAction","name":"Comment","target":["https:\/\/innoticiasbo.com\/index.php\/2024\/10\/12\/productores-preocupados-por-anuncios-de-bloqueos\/#respond"]}]},{"@type":"WebPage","@id":"https:\/\/innoticiasbo.com\/index.php\/2024\/10\/12\/productores-preocupados-por-anuncios-de-bloqueos\/","url":"https:\/\/innoticiasbo.com\/index.php\/2024\/10\/12\/productores-preocupados-por-anuncios-de-bloqueos\/","name":"PRODUCTORES&nbsp; PREOCUPADOS POR ANUNCIOS DE BLOQUEOS - innoticiasbo.com","isPartOf":{"@id":"https:\/\/innoticiasbo.com\/#website"},"primaryImageOfPage":{"@id":"https:\/\/innoticiasbo.com\/index.php\/2024\/10\/12\/productores-preocupados-por-anuncios-de-bloqueos\/#primaryimage"},"image":{"@id":"https:\/\/innoticiasbo.com\/index.php\/2024\/10\/12\/productores-preocupados-por-anuncios-de-bloqueos\/#primaryimage"},"thumbnailUrl":"https:\/\/i0.wp.com\/innoticiasbo.com\/wp-content\/uploads\/2024\/10\/FB_IMG_1728610701461.jpg?fit=1080%2C810&ssl=1","datePublished":"2024-10-12T22:14:53+00:00","dateModified":"2024-10-12T22:15:19+00:00","breadcrumb":{"@id":"https:\/\/innoticiasbo.com\/index.php\/2024\/10\/12\/productores-preocupados-por-anuncios-de-bloqueos\/#breadcrumb"},"inLanguage":"es","potentialAction":[{"@type":"ReadAction","target":["https:\/\/innoticiasbo.com\/index.php\/2024\/10\/12\/productores-preocupados-por-anuncios-de-bloqueos\/"]}]},{"@type":"ImageObject","inLanguage":"es","@id":"https:\/\/innoticiasbo.com\/index.php\/2024\/10\/12\/productores-preocupados-por-anuncios-de-bloqueos\/#primaryimage","url":"https:\/\/i0.wp.com\/innoticiasbo.com\/wp-content\/uploads\/2024\/10\/FB_IMG_1728610701461.jpg?fit=1080%2C810&ssl=1","contentUrl":"https:\/\/i0.wp.com\/innoticiasbo.com\/wp-content\/uploads\/2024\/10\/FB_IMG_1728610701461.jpg?fit=1080%2C810&ssl=1","width":1080,"height":810},{"@type":"BreadcrumbList","@id":"https:\/\/innoticiasbo.com\/index.php\/2024\/10\/12\/productores-preocupados-por-anuncios-de-bloqueos\/#breadcrumb","itemListElement":[{"@type":"ListItem","position":1,"name":"Portada","item":"https:\/\/innoticiasbo.com\/"},{"@type":"ListItem","position":2,"name":"PRODUCTORES&nbsp; PREOCUPADOS POR ANUNCIOS DE BLOQUEOS"}]},{"@type":"WebSite","@id":"https:\/\/innoticiasbo.com\/#website","url":"https:\/\/innoticiasbo.com\/","name":"innoticiasbo.com","description":"","publisher":{"@id":"https:\/\/innoticiasbo.com\/#organization"},"potentialAction":[{"@type":"SearchAction","target":{"@type":"EntryPoint","urlTemplate":"https:\/\/innoticiasbo.com\/?s={search_term_string}"},"query-input":{"@type":"PropertyValueSpecification","valueRequired":true,"valueName":"search_term_string"}}],"inLanguage":"es"},{"@type":"Organization","@id":"https:\/\/innoticiasbo.com\/#organization","name":"innoticiasbo.com","url":"https:\/\/innoticiasbo.com\/","logo":{"@type":"ImageObject","inLanguage":"es","@id":"https:\/\/innoticiasbo.com\/#\/schema\/logo\/image\/","url":"https:\/\/i0.wp.com\/innoticiasbo.com\/wp-content\/uploads\/2026\/04\/cropped-IN-LOGO.png?fit=1476%2C1476&ssl=1","contentUrl":"https:\/\/i0.wp.com\/innoticiasbo.com\/wp-content\/uploads\/2026\/04\/cropped-IN-LOGO.png?fit=1476%2C1476&ssl=1","width":1476,"height":1476,"caption":"innoticiasbo.com"},"image":{"@id":"https:\/\/innoticiasbo.com\/#\/schema\/logo\/image\/"},"sameAs":["https:\/\/www.facebook.com\/innoticiasbolivia","https:\/\/x.com\/innoticiasbo","https:\/\/www.instagram.com\/innoticiasbo","https:\/\/www.youtube.com\/innoticiasbo"]},{"@type":"Person","@id":"https:\/\/innoticiasbo.com\/#\/schema\/person\/589cd527c4211df1b943bdad85ec07ce","name":"Prensa","image":{"@type":"ImageObject","inLanguage":"es","@id":"https:\/\/innoticiasbo.com\/#\/schema\/person\/image\/","url":"https:\/\/secure.gravatar.com\/avatar\/d359bbdf112023c1c0a3ec7fe1600657?s=96&d=mm&r=g","contentUrl":"https:\/\/secure.gravatar.com\/avatar\/d359bbdf112023c1c0a3ec7fe1600657?s=96&d=mm&r=g","caption":"Prensa"},"sameAs":["http:\/\/www.innoticiasbo.com"],"url":"https:\/\/innoticiasbo.com\/index.php\/author\/prensa\/"}]}},"jetpack_featured_media_url":"https:\/\/i0.wp.com\/innoticiasbo.com\/wp-content\/uploads\/2024\/10\/FB_IMG_1728610701461.jpg?fit=1080%2C810&ssl=1","jetpack_likes_enabled":true,"jetpack_sharing_enabled":true,"jetpack_shortlink":"https:\/\/wp.me\/pg298x-nj","_links":{"self":[{"href":"https:\/\/innoticiasbo.com\/index.php\/wp-json\/wp\/v2\/posts\/1445","targetHints":{"allow":["GET"]}}],"collection":[{"href":"https:\/\/innoticiasbo.com\/index.php\/wp-json\/wp\/v2\/posts"}],"about":[{"href":"https:\/\/innoticiasbo.com\/index.php\/wp-json\/wp\/v2\/types\/post"}],"author":[{"embeddable":true,"href":"https:\/\/innoticiasbo.com\/index.php\/wp-json\/wp\/v2\/users\/2"}],"replies":[{"embeddable":true,"href":"https:\/\/innoticiasbo.com\/index.php\/wp-json\/wp\/v2\/comments?post=1445"}],"version-history":[{"count":1,"href":"https:\/\/innoticiasbo.com\/index.php\/wp-json\/wp\/v2\/posts\/1445\/revisions"}],"predecessor-version":[{"id":1446,"href":"https:\/\/innoticiasbo.com\/index.php\/wp-json\/wp\/v2\/posts\/1445\/revisions\/1446"}],"wp:featuredmedia":[{"embeddable":true,"href":"https:\/\/innoticiasbo.com\/index.php\/wp-json\/wp\/v2\/media\/1444"}],"wp:attachment":[{"href":"https:\/\/innoticiasbo.com\/index.php\/wp-json\/wp\/v2\/media?parent=1445"}],"wp:term":[{"taxonomy":"category","embeddable":true,"href":"https:\/\/innoticiasbo.com\/index.php\/wp-json\/wp\/v2\/categories?post=1445"},{"taxonomy":"post_tag","embeddable":true,"href":"https:\/\/innoticiasbo.com\/index.php\/wp-json\/wp\/v2\/tags?post=1445"}],"curies":[{"name":"wp","href":"https:\/\/api.w.org\/{rel}","templated":true}]}}