{"id":1432,"date":"2024-10-11T16:55:58","date_gmt":"2024-10-11T16:55:58","guid":{"rendered":"https:\/\/innoticiasbo.com\/?p=1432"},"modified":"2024-10-11T16:56:13","modified_gmt":"2024-10-11T16:56:13","slug":"eva-copa-demanda-por-violencia-politica-a-ponciano-santos-lider-de-la-csutcbevista","status":"publish","type":"post","link":"https:\/\/innoticiasbo.com\/index.php\/2024\/10\/11\/eva-copa-demanda-por-violencia-politica-a-ponciano-santos-lider-de-la-csutcbevista\/","title":{"rendered":"EVA COPA DEMANDA POR VIOLENCIA POLITICA A PONCIANO SANTOS, L\u00cdDER DE LA CSUTCB\u00bbEVISTA\u00bb"},"content":{"rendered":"\n<p>La Paz, 11 de octubre de 2024.-Este viernes, la alcaldesa de El Alto, Eva Copa, acudi\u00f3 a la Fuerza Especial de Lucha Contra la Violencia (Felcv) para prestar declaraci\u00f3n en calidad de v\u00edctima dentro del proceso iniciado contra el dirigente evista Ponciano Santos, quien la calific\u00f3 de \u00abmujerzuela\u00bb en reiteradas ocasiones. Copa expres\u00f3 que este acto busca sentar un precedente contra la agresi\u00f3n verbal hacia las mujeres, recordando que en pleno D\u00eda de la Mujer Boliviana es inaceptable que ellas sigan enfrentando este tipo de humillaciones.<\/p>\n\n\n\n<figure class=\"wp-block-image size-large\"><img data-recalc-dims=\"1\" loading=\"lazy\" decoding=\"async\" width=\"640\" height=\"357\" src=\"https:\/\/i0.wp.com\/innoticiasbo.com\/wp-content\/uploads\/2024\/10\/whatsapp-image-2024-10-11-at-111456828492127651965.jpg?resize=640%2C357&#038;ssl=1\" alt=\"\" class=\"wp-image-1430\" srcset=\"https:\/\/i0.wp.com\/innoticiasbo.com\/wp-content\/uploads\/2024\/10\/whatsapp-image-2024-10-11-at-111456828492127651965.jpg?w=770&amp;ssl=1 770w, https:\/\/i0.wp.com\/innoticiasbo.com\/wp-content\/uploads\/2024\/10\/whatsapp-image-2024-10-11-at-111456828492127651965.jpg?resize=300%2C168&amp;ssl=1 300w, https:\/\/i0.wp.com\/innoticiasbo.com\/wp-content\/uploads\/2024\/10\/whatsapp-image-2024-10-11-at-111456828492127651965.jpg?resize=768%2C429&amp;ssl=1 768w\" sizes=\"auto, (max-width: 640px) 100vw, 640px\" \/><\/figure>\n\n\n\n<p>Frank Campero, abogado de Copa, se\u00f1al\u00f3 que, como parte de la formalidad del proceso, se espera que el pr\u00f3ximo paso sea la emisi\u00f3n de un mandamiento de aprehensi\u00f3n contra Santos. \u00abEl se\u00f1or Ponciano Santos debe presentarse en este mismo lugar y brindar su declaraci\u00f3n en calidad de sindicado por violencia pol\u00edtica contra las mujeres\u00bb, afirm\u00f3 Campero.<\/p>\n\n\n\n<p>La acusaci\u00f3n surge luego de que Santos, en declaraciones a medios de comunicaci\u00f3n el 18 y 21 de septiembre, se refiriera a la alcaldesa con insultos que desencadenaron la movilizaci\u00f3n de organizaciones sociales y colectivos, quienes demandan que se sancione este acto de violencia pol\u00edtica hacia Copa y que se protejan los derechos y la dignidad de las mujeres en espacios de liderazgo.<\/p>\n\n\n\n<p>Fuente: La Prensa<\/p>\n","protected":false},"excerpt":{"rendered":"<p>La Paz, 11 de octubre de 2024.-Este viernes, la alcaldesa de El Alto, Eva Copa, acudi\u00f3 a la Fuerza Especial de Lucha Contra la Violencia (Felcv) para prestar declaraci\u00f3n en calidad de v\u00edctima dentro del proceso iniciado contra el dirigente evista Ponciano Santos, quien la calific\u00f3 de \u00abmujerzuela\u00bb en reiteradas ocasiones. Copa expres\u00f3 que este&#8230;<\/p>\n","protected":false},"author":2,"featured_media":1431,"comment_status":"open","ping_status":"open","sticky":false,"template":"","format":"standard","meta":{"_jetpack_memberships_contains_paid_content":false,"footnotes":"","jetpack_publicize_message":"","jetpack_publicize_feature_enabled":true,"jetpack_social_post_already_shared":true,"jetpack_social_options":{"image_generator_settings":{"template":"highway","enabled":false},"version":2}},"categories":[1,3],"tags":[],"class_list":["post-1432","post","type-post","status-publish","format-standard","has-post-thumbnail","hentry","category-bolivia","category-politica"],"jetpack_publicize_connections":[],"yoast_head":"<!-- This site is optimized with the Yoast SEO plugin v23.4 - https:\/\/yoast.com\/wordpress\/plugins\/seo\/ -->\n<title>EVA COPA DEMANDA POR VIOLENCIA POLITICA A PONCIANO SANTOS, L\u00cdDER DE LA CSUTCB&quot;EVISTA&quot; - innoticiasbo.com<\/title>\n<meta name=\"robots\" content=\"index, follow, max-snippet:-1, max-image-preview:large, max-video-preview:-1\" \/>\n<link rel=\"canonical\" href=\"https:\/\/innoticiasbo.com\/index.php\/2024\/10\/11\/eva-copa-demanda-por-violencia-politica-a-ponciano-santos-lider-de-la-csutcbevista\/\" \/>\n<meta property=\"og:locale\" content=\"es_ES\" \/>\n<meta property=\"og:type\" content=\"article\" \/>\n<meta property=\"og:title\" content=\"EVA COPA DEMANDA POR VIOLENCIA POLITICA A PONCIANO SANTOS, L\u00cdDER DE LA CSUTCB&quot;EVISTA&quot; - innoticiasbo.com\" \/>\n<meta property=\"og:description\" content=\"La Paz, 11 de octubre de 2024.-Este viernes, la alcaldesa de El Alto, Eva Copa, acudi\u00f3 a la Fuerza Especial de Lucha Contra la Violencia (Felcv) para prestar declaraci\u00f3n en calidad de v\u00edctima dentro del proceso iniciado contra el dirigente evista Ponciano Santos, quien la calific\u00f3 de \u00abmujerzuela\u00bb en reiteradas ocasiones. Copa expres\u00f3 que este...\" \/>\n<meta property=\"og:url\" content=\"https:\/\/innoticiasbo.com\/index.php\/2024\/10\/11\/eva-copa-demanda-por-violencia-politica-a-ponciano-santos-lider-de-la-csutcbevista\/\" \/>\n<meta property=\"og:site_name\" content=\"innoticiasbo.com\" \/>\n<meta property=\"article:publisher\" content=\"https:\/\/www.facebook.com\/innoticiasbolivia\" \/>\n<meta property=\"article:published_time\" content=\"2024-10-11T16:55:58+00:00\" \/>\n<meta property=\"article:modified_time\" content=\"2024-10-11T16:56:13+00:00\" \/>\n<meta property=\"og:image\" content=\"https:\/\/i0.wp.com\/innoticiasbo.com\/wp-content\/uploads\/2024\/10\/WhatsApp-Image-2024-10-11-at-11.jpg.webp?fit=770%2C430&ssl=1\" \/>\n\t<meta property=\"og:image:width\" content=\"770\" \/>\n\t<meta property=\"og:image:height\" content=\"430\" \/>\n\t<meta property=\"og:image:type\" content=\"image\/webp\" \/>\n<meta name=\"author\" content=\"Prensa\" \/>\n<meta name=\"twitter:card\" content=\"summary_large_image\" \/>\n<meta name=\"twitter:creator\" content=\"@innoticiasbo\" \/>\n<meta name=\"twitter:site\" content=\"@innoticiasbo\" \/>\n<meta name=\"twitter:label1\" content=\"Escrito por\" \/>\n\t<meta name=\"twitter:data1\" content=\"Prensa\" \/>\n\t<meta name=\"twitter:label2\" content=\"Tiempo de lectura\" \/>\n\t<meta name=\"twitter:data2\" content=\"1 minuto\" \/>\n<script type=\"application\/ld+json\" class=\"yoast-schema-graph\">{\"@context\":\"https:\/\/schema.org\",\"@graph\":[{\"@type\":\"Article\",\"@id\":\"https:\/\/innoticiasbo.com\/index.php\/2024\/10\/11\/eva-copa-demanda-por-violencia-politica-a-ponciano-santos-lider-de-la-csutcbevista\/#article\",\"isPartOf\":{\"@id\":\"https:\/\/innoticiasbo.com\/index.php\/2024\/10\/11\/eva-copa-demanda-por-violencia-politica-a-ponciano-santos-lider-de-la-csutcbevista\/\"},\"author\":{\"name\":\"Prensa\",\"@id\":\"https:\/\/innoticiasbo.com\/#\/schema\/person\/589cd527c4211df1b943bdad85ec07ce\"},\"headline\":\"EVA COPA DEMANDA POR VIOLENCIA POLITICA A PONCIANO SANTOS, L\u00cdDER DE LA CSUTCB\u00bbEVISTA\u00bb\",\"datePublished\":\"2024-10-11T16:55:58+00:00\",\"dateModified\":\"2024-10-11T16:56:13+00:00\",\"mainEntityOfPage\":{\"@id\":\"https:\/\/innoticiasbo.com\/index.php\/2024\/10\/11\/eva-copa-demanda-por-violencia-politica-a-ponciano-santos-lider-de-la-csutcbevista\/\"},\"wordCount\":235,\"commentCount\":0,\"publisher\":{\"@id\":\"https:\/\/innoticiasbo.com\/#organization\"},\"image\":{\"@id\":\"https:\/\/innoticiasbo.com\/index.php\/2024\/10\/11\/eva-copa-demanda-por-violencia-politica-a-ponciano-santos-lider-de-la-csutcbevista\/#primaryimage\"},\"thumbnailUrl\":\"https:\/\/i0.wp.com\/innoticiasbo.com\/wp-content\/uploads\/2024\/10\/WhatsApp-Image-2024-10-11-at-11.jpg.webp?fit=770%2C430&ssl=1\",\"articleSection\":[\"Bolivia\",\"Pol\u00edtica\"],\"inLanguage\":\"es\",\"potentialAction\":[{\"@type\":\"CommentAction\",\"name\":\"Comment\",\"target\":[\"https:\/\/innoticiasbo.com\/index.php\/2024\/10\/11\/eva-copa-demanda-por-violencia-politica-a-ponciano-santos-lider-de-la-csutcbevista\/#respond\"]}]},{\"@type\":\"WebPage\",\"@id\":\"https:\/\/innoticiasbo.com\/index.php\/2024\/10\/11\/eva-copa-demanda-por-violencia-politica-a-ponciano-santos-lider-de-la-csutcbevista\/\",\"url\":\"https:\/\/innoticiasbo.com\/index.php\/2024\/10\/11\/eva-copa-demanda-por-violencia-politica-a-ponciano-santos-lider-de-la-csutcbevista\/\",\"name\":\"EVA COPA DEMANDA POR VIOLENCIA POLITICA A PONCIANO SANTOS, L\u00cdDER DE LA CSUTCB\\\"EVISTA\\\" - innoticiasbo.com\",\"isPartOf\":{\"@id\":\"https:\/\/innoticiasbo.com\/#website\"},\"primaryImageOfPage\":{\"@id\":\"https:\/\/innoticiasbo.com\/index.php\/2024\/10\/11\/eva-copa-demanda-por-violencia-politica-a-ponciano-santos-lider-de-la-csutcbevista\/#primaryimage\"},\"image\":{\"@id\":\"https:\/\/innoticiasbo.com\/index.php\/2024\/10\/11\/eva-copa-demanda-por-violencia-politica-a-ponciano-santos-lider-de-la-csutcbevista\/#primaryimage\"},\"thumbnailUrl\":\"https:\/\/i0.wp.com\/innoticiasbo.com\/wp-content\/uploads\/2024\/10\/WhatsApp-Image-2024-10-11-at-11.jpg.webp?fit=770%2C430&ssl=1\",\"datePublished\":\"2024-10-11T16:55:58+00:00\",\"dateModified\":\"2024-10-11T16:56:13+00:00\",\"breadcrumb\":{\"@id\":\"https:\/\/innoticiasbo.com\/index.php\/2024\/10\/11\/eva-copa-demanda-por-violencia-politica-a-ponciano-santos-lider-de-la-csutcbevista\/#breadcrumb\"},\"inLanguage\":\"es\",\"potentialAction\":[{\"@type\":\"ReadAction\",\"target\":[\"https:\/\/innoticiasbo.com\/index.php\/2024\/10\/11\/eva-copa-demanda-por-violencia-politica-a-ponciano-santos-lider-de-la-csutcbevista\/\"]}]},{\"@type\":\"ImageObject\",\"inLanguage\":\"es\",\"@id\":\"https:\/\/innoticiasbo.com\/index.php\/2024\/10\/11\/eva-copa-demanda-por-violencia-politica-a-ponciano-santos-lider-de-la-csutcbevista\/#primaryimage\",\"url\":\"https:\/\/i0.wp.com\/innoticiasbo.com\/wp-content\/uploads\/2024\/10\/WhatsApp-Image-2024-10-11-at-11.jpg.webp?fit=770%2C430&ssl=1\",\"contentUrl\":\"https:\/\/i0.wp.com\/innoticiasbo.com\/wp-content\/uploads\/2024\/10\/WhatsApp-Image-2024-10-11-at-11.jpg.webp?fit=770%2C430&ssl=1\",\"width\":770,\"height\":430},{\"@type\":\"BreadcrumbList\",\"@id\":\"https:\/\/innoticiasbo.com\/index.php\/2024\/10\/11\/eva-copa-demanda-por-violencia-politica-a-ponciano-santos-lider-de-la-csutcbevista\/#breadcrumb\",\"itemListElement\":[{\"@type\":\"ListItem\",\"position\":1,\"name\":\"Portada\",\"item\":\"https:\/\/innoticiasbo.com\/\"},{\"@type\":\"ListItem\",\"position\":2,\"name\":\"EVA COPA DEMANDA POR VIOLENCIA POLITICA A PONCIANO SANTOS, L\u00cdDER DE LA CSUTCB\u00bbEVISTA\u00bb\"}]},{\"@type\":\"WebSite\",\"@id\":\"https:\/\/innoticiasbo.com\/#website\",\"url\":\"https:\/\/innoticiasbo.com\/\",\"name\":\"innoticiasbo.com\",\"description\":\"\",\"publisher\":{\"@id\":\"https:\/\/innoticiasbo.com\/#organization\"},\"potentialAction\":[{\"@type\":\"SearchAction\",\"target\":{\"@type\":\"EntryPoint\",\"urlTemplate\":\"https:\/\/innoticiasbo.com\/?s={search_term_string}\"},\"query-input\":{\"@type\":\"PropertyValueSpecification\",\"valueRequired\":true,\"valueName\":\"search_term_string\"}}],\"inLanguage\":\"es\"},{\"@type\":\"Organization\",\"@id\":\"https:\/\/innoticiasbo.com\/#organization\",\"name\":\"innoticiasbo.com\",\"url\":\"https:\/\/innoticiasbo.com\/\",\"logo\":{\"@type\":\"ImageObject\",\"inLanguage\":\"es\",\"@id\":\"https:\/\/innoticiasbo.com\/#\/schema\/logo\/image\/\",\"url\":\"https:\/\/i0.wp.com\/innoticiasbo.com\/wp-content\/uploads\/2026\/04\/cropped-IN-LOGO.png?fit=1476%2C1476&ssl=1\",\"contentUrl\":\"https:\/\/i0.wp.com\/innoticiasbo.com\/wp-content\/uploads\/2026\/04\/cropped-IN-LOGO.png?fit=1476%2C1476&ssl=1\",\"width\":1476,\"height\":1476,\"caption\":\"innoticiasbo.com\"},\"image\":{\"@id\":\"https:\/\/innoticiasbo.com\/#\/schema\/logo\/image\/\"},\"sameAs\":[\"https:\/\/www.facebook.com\/innoticiasbolivia\",\"https:\/\/x.com\/innoticiasbo\",\"https:\/\/www.instagram.com\/innoticiasbo\",\"https:\/\/www.youtube.com\/innoticiasbo\"]},{\"@type\":\"Person\",\"@id\":\"https:\/\/innoticiasbo.com\/#\/schema\/person\/589cd527c4211df1b943bdad85ec07ce\",\"name\":\"Prensa\",\"image\":{\"@type\":\"ImageObject\",\"inLanguage\":\"es\",\"@id\":\"https:\/\/innoticiasbo.com\/#\/schema\/person\/image\/\",\"url\":\"https:\/\/secure.gravatar.com\/avatar\/d359bbdf112023c1c0a3ec7fe1600657?s=96&d=mm&r=g\",\"contentUrl\":\"https:\/\/secure.gravatar.com\/avatar\/d359bbdf112023c1c0a3ec7fe1600657?s=96&d=mm&r=g\",\"caption\":\"Prensa\"},\"sameAs\":[\"http:\/\/www.innoticiasbo.com\"],\"url\":\"https:\/\/innoticiasbo.com\/index.php\/author\/prensa\/\"}]}<\/script>\n<!-- \/ Yoast SEO plugin. -->","yoast_head_json":{"title":"EVA COPA DEMANDA POR VIOLENCIA POLITICA A PONCIANO SANTOS, L\u00cdDER DE LA CSUTCB\"EVISTA\" - innoticiasbo.com","robots":{"index":"index","follow":"follow","max-snippet":"max-snippet:-1","max-image-preview":"max-image-preview:large","max-video-preview":"max-video-preview:-1"},"canonical":"https:\/\/innoticiasbo.com\/index.php\/2024\/10\/11\/eva-copa-demanda-por-violencia-politica-a-ponciano-santos-lider-de-la-csutcbevista\/","og_locale":"es_ES","og_type":"article","og_title":"EVA COPA DEMANDA POR VIOLENCIA POLITICA A PONCIANO SANTOS, L\u00cdDER DE LA CSUTCB\"EVISTA\" - innoticiasbo.com","og_description":"La Paz, 11 de octubre de 2024.-Este viernes, la alcaldesa de El Alto, Eva Copa, acudi\u00f3 a la Fuerza Especial de Lucha Contra la Violencia (Felcv) para prestar declaraci\u00f3n en calidad de v\u00edctima dentro del proceso iniciado contra el dirigente evista Ponciano Santos, quien la calific\u00f3 de \u00abmujerzuela\u00bb en reiteradas ocasiones. Copa expres\u00f3 que este...","og_url":"https:\/\/innoticiasbo.com\/index.php\/2024\/10\/11\/eva-copa-demanda-por-violencia-politica-a-ponciano-santos-lider-de-la-csutcbevista\/","og_site_name":"innoticiasbo.com","article_publisher":"https:\/\/www.facebook.com\/innoticiasbolivia","article_published_time":"2024-10-11T16:55:58+00:00","article_modified_time":"2024-10-11T16:56:13+00:00","og_image":[{"width":770,"height":430,"url":"https:\/\/i0.wp.com\/innoticiasbo.com\/wp-content\/uploads\/2024\/10\/WhatsApp-Image-2024-10-11-at-11.jpg.webp?fit=770%2C430&ssl=1","type":"image\/webp"}],"author":"Prensa","twitter_card":"summary_large_image","twitter_creator":"@innoticiasbo","twitter_site":"@innoticiasbo","twitter_misc":{"Escrito por":"Prensa","Tiempo de lectura":"1 minuto"},"schema":{"@context":"https:\/\/schema.org","@graph":[{"@type":"Article","@id":"https:\/\/innoticiasbo.com\/index.php\/2024\/10\/11\/eva-copa-demanda-por-violencia-politica-a-ponciano-santos-lider-de-la-csutcbevista\/#article","isPartOf":{"@id":"https:\/\/innoticiasbo.com\/index.php\/2024\/10\/11\/eva-copa-demanda-por-violencia-politica-a-ponciano-santos-lider-de-la-csutcbevista\/"},"author":{"name":"Prensa","@id":"https:\/\/innoticiasbo.com\/#\/schema\/person\/589cd527c4211df1b943bdad85ec07ce"},"headline":"EVA COPA DEMANDA POR VIOLENCIA POLITICA A PONCIANO SANTOS, L\u00cdDER DE LA CSUTCB\u00bbEVISTA\u00bb","datePublished":"2024-10-11T16:55:58+00:00","dateModified":"2024-10-11T16:56:13+00:00","mainEntityOfPage":{"@id":"https:\/\/innoticiasbo.com\/index.php\/2024\/10\/11\/eva-copa-demanda-por-violencia-politica-a-ponciano-santos-lider-de-la-csutcbevista\/"},"wordCount":235,"commentCount":0,"publisher":{"@id":"https:\/\/innoticiasbo.com\/#organization"},"image":{"@id":"https:\/\/innoticiasbo.com\/index.php\/2024\/10\/11\/eva-copa-demanda-por-violencia-politica-a-ponciano-santos-lider-de-la-csutcbevista\/#primaryimage"},"thumbnailUrl":"https:\/\/i0.wp.com\/innoticiasbo.com\/wp-content\/uploads\/2024\/10\/WhatsApp-Image-2024-10-11-at-11.jpg.webp?fit=770%2C430&ssl=1","articleSection":["Bolivia","Pol\u00edtica"],"inLanguage":"es","potentialAction":[{"@type":"CommentAction","name":"Comment","target":["https:\/\/innoticiasbo.com\/index.php\/2024\/10\/11\/eva-copa-demanda-por-violencia-politica-a-ponciano-santos-lider-de-la-csutcbevista\/#respond"]}]},{"@type":"WebPage","@id":"https:\/\/innoticiasbo.com\/index.php\/2024\/10\/11\/eva-copa-demanda-por-violencia-politica-a-ponciano-santos-lider-de-la-csutcbevista\/","url":"https:\/\/innoticiasbo.com\/index.php\/2024\/10\/11\/eva-copa-demanda-por-violencia-politica-a-ponciano-santos-lider-de-la-csutcbevista\/","name":"EVA COPA DEMANDA POR VIOLENCIA POLITICA A PONCIANO SANTOS, L\u00cdDER DE LA CSUTCB\"EVISTA\" - innoticiasbo.com","isPartOf":{"@id":"https:\/\/innoticiasbo.com\/#website"},"primaryImageOfPage":{"@id":"https:\/\/innoticiasbo.com\/index.php\/2024\/10\/11\/eva-copa-demanda-por-violencia-politica-a-ponciano-santos-lider-de-la-csutcbevista\/#primaryimage"},"image":{"@id":"https:\/\/innoticiasbo.com\/index.php\/2024\/10\/11\/eva-copa-demanda-por-violencia-politica-a-ponciano-santos-lider-de-la-csutcbevista\/#primaryimage"},"thumbnailUrl":"https:\/\/i0.wp.com\/innoticiasbo.com\/wp-content\/uploads\/2024\/10\/WhatsApp-Image-2024-10-11-at-11.jpg.webp?fit=770%2C430&ssl=1","datePublished":"2024-10-11T16:55:58+00:00","dateModified":"2024-10-11T16:56:13+00:00","breadcrumb":{"@id":"https:\/\/innoticiasbo.com\/index.php\/2024\/10\/11\/eva-copa-demanda-por-violencia-politica-a-ponciano-santos-lider-de-la-csutcbevista\/#breadcrumb"},"inLanguage":"es","potentialAction":[{"@type":"ReadAction","target":["https:\/\/innoticiasbo.com\/index.php\/2024\/10\/11\/eva-copa-demanda-por-violencia-politica-a-ponciano-santos-lider-de-la-csutcbevista\/"]}]},{"@type":"ImageObject","inLanguage":"es","@id":"https:\/\/innoticiasbo.com\/index.php\/2024\/10\/11\/eva-copa-demanda-por-violencia-politica-a-ponciano-santos-lider-de-la-csutcbevista\/#primaryimage","url":"https:\/\/i0.wp.com\/innoticiasbo.com\/wp-content\/uploads\/2024\/10\/WhatsApp-Image-2024-10-11-at-11.jpg.webp?fit=770%2C430&ssl=1","contentUrl":"https:\/\/i0.wp.com\/innoticiasbo.com\/wp-content\/uploads\/2024\/10\/WhatsApp-Image-2024-10-11-at-11.jpg.webp?fit=770%2C430&ssl=1","width":770,"height":430},{"@type":"BreadcrumbList","@id":"https:\/\/innoticiasbo.com\/index.php\/2024\/10\/11\/eva-copa-demanda-por-violencia-politica-a-ponciano-santos-lider-de-la-csutcbevista\/#breadcrumb","itemListElement":[{"@type":"ListItem","position":1,"name":"Portada","item":"https:\/\/innoticiasbo.com\/"},{"@type":"ListItem","position":2,"name":"EVA COPA DEMANDA POR VIOLENCIA POLITICA A PONCIANO SANTOS, L\u00cdDER DE LA CSUTCB\u00bbEVISTA\u00bb"}]},{"@type":"WebSite","@id":"https:\/\/innoticiasbo.com\/#website","url":"https:\/\/innoticiasbo.com\/","name":"innoticiasbo.com","description":"","publisher":{"@id":"https:\/\/innoticiasbo.com\/#organization"},"potentialAction":[{"@type":"SearchAction","target":{"@type":"EntryPoint","urlTemplate":"https:\/\/innoticiasbo.com\/?s={search_term_string}"},"query-input":{"@type":"PropertyValueSpecification","valueRequired":true,"valueName":"search_term_string"}}],"inLanguage":"es"},{"@type":"Organization","@id":"https:\/\/innoticiasbo.com\/#organization","name":"innoticiasbo.com","url":"https:\/\/innoticiasbo.com\/","logo":{"@type":"ImageObject","inLanguage":"es","@id":"https:\/\/innoticiasbo.com\/#\/schema\/logo\/image\/","url":"https:\/\/i0.wp.com\/innoticiasbo.com\/wp-content\/uploads\/2026\/04\/cropped-IN-LOGO.png?fit=1476%2C1476&ssl=1","contentUrl":"https:\/\/i0.wp.com\/innoticiasbo.com\/wp-content\/uploads\/2026\/04\/cropped-IN-LOGO.png?fit=1476%2C1476&ssl=1","width":1476,"height":1476,"caption":"innoticiasbo.com"},"image":{"@id":"https:\/\/innoticiasbo.com\/#\/schema\/logo\/image\/"},"sameAs":["https:\/\/www.facebook.com\/innoticiasbolivia","https:\/\/x.com\/innoticiasbo","https:\/\/www.instagram.com\/innoticiasbo","https:\/\/www.youtube.com\/innoticiasbo"]},{"@type":"Person","@id":"https:\/\/innoticiasbo.com\/#\/schema\/person\/589cd527c4211df1b943bdad85ec07ce","name":"Prensa","image":{"@type":"ImageObject","inLanguage":"es","@id":"https:\/\/innoticiasbo.com\/#\/schema\/person\/image\/","url":"https:\/\/secure.gravatar.com\/avatar\/d359bbdf112023c1c0a3ec7fe1600657?s=96&d=mm&r=g","contentUrl":"https:\/\/secure.gravatar.com\/avatar\/d359bbdf112023c1c0a3ec7fe1600657?s=96&d=mm&r=g","caption":"Prensa"},"sameAs":["http:\/\/www.innoticiasbo.com"],"url":"https:\/\/innoticiasbo.com\/index.php\/author\/prensa\/"}]}},"jetpack_featured_media_url":"https:\/\/i0.wp.com\/innoticiasbo.com\/wp-content\/uploads\/2024\/10\/WhatsApp-Image-2024-10-11-at-11.jpg.webp?fit=770%2C430&ssl=1","jetpack_likes_enabled":true,"jetpack_sharing_enabled":true,"jetpack_shortlink":"https:\/\/wp.me\/pg298x-n6","_links":{"self":[{"href":"https:\/\/innoticiasbo.com\/index.php\/wp-json\/wp\/v2\/posts\/1432","targetHints":{"allow":["GET"]}}],"collection":[{"href":"https:\/\/innoticiasbo.com\/index.php\/wp-json\/wp\/v2\/posts"}],"about":[{"href":"https:\/\/innoticiasbo.com\/index.php\/wp-json\/wp\/v2\/types\/post"}],"author":[{"embeddable":true,"href":"https:\/\/innoticiasbo.com\/index.php\/wp-json\/wp\/v2\/users\/2"}],"replies":[{"embeddable":true,"href":"https:\/\/innoticiasbo.com\/index.php\/wp-json\/wp\/v2\/comments?post=1432"}],"version-history":[{"count":1,"href":"https:\/\/innoticiasbo.com\/index.php\/wp-json\/wp\/v2\/posts\/1432\/revisions"}],"predecessor-version":[{"id":1433,"href":"https:\/\/innoticiasbo.com\/index.php\/wp-json\/wp\/v2\/posts\/1432\/revisions\/1433"}],"wp:featuredmedia":[{"embeddable":true,"href":"https:\/\/innoticiasbo.com\/index.php\/wp-json\/wp\/v2\/media\/1431"}],"wp:attachment":[{"href":"https:\/\/innoticiasbo.com\/index.php\/wp-json\/wp\/v2\/media?parent=1432"}],"wp:term":[{"taxonomy":"category","embeddable":true,"href":"https:\/\/innoticiasbo.com\/index.php\/wp-json\/wp\/v2\/categories?post=1432"},{"taxonomy":"post_tag","embeddable":true,"href":"https:\/\/innoticiasbo.com\/index.php\/wp-json\/wp\/v2\/tags?post=1432"}],"curies":[{"name":"wp","href":"https:\/\/api.w.org\/{rel}","templated":true}]}}