{"id":1428,"date":"2024-10-11T15:12:57","date_gmt":"2024-10-11T15:12:57","guid":{"rendered":"https:\/\/innoticiasbo.com\/?p=1428"},"modified":"2024-10-11T15:13:11","modified_gmt":"2024-10-11T15:13:11","slug":"aprehenden-al-padre-de-la-supuesta-victima-en-el-caso-de-trata-y-trafico-contra-evo","status":"publish","type":"post","link":"https:\/\/innoticiasbo.com\/index.php\/2024\/10\/11\/aprehenden-al-padre-de-la-supuesta-victima-en-el-caso-de-trata-y-trafico-contra-evo\/","title":{"rendered":"APREHENDEN AL PADRE DE LA SUPUESTA V\u00cdCTIMA EN EL CASO DE TRATA Y TR\u00c1FICO CONTRA EVO"},"content":{"rendered":"\n<p>Tarija, 11 de octubre de 2024.- El comandante general de la Polic\u00eda, \u00c1lvaro \u00c1lvarez, inform\u00f3 que se aprehendi\u00f3 el jueves en Tarija al padre de la v\u00edctima en el caso de trata y tr\u00e1fico de personas en el que tambi\u00e9n se investiga a Evo Morales como acusado.<\/p>\n\n\n\n<p>\u201cEl d\u00eda de ayer (jueves) se ha generado un movimiento, una aprehensi\u00f3n a una de las personas que est\u00e1 siendo investigada. Es el pap\u00e1 (de la adolescente)\u201d, confirm\u00f3 \u00c1lvarez, este viernes, a los medios de comunicaci\u00f3n.<\/p>\n\n\n\n<figure class=\"wp-block-image size-large\"><img data-recalc-dims=\"1\" loading=\"lazy\" decoding=\"async\" width=\"420\" height=\"280\" src=\"https:\/\/i0.wp.com\/innoticiasbo.com\/wp-content\/uploads\/2024\/10\/casodesaguadero0710_101-10159142_202410111429217169959269195548581.jpg?resize=420%2C280&#038;ssl=1\" alt=\"\" class=\"wp-image-1426\" srcset=\"https:\/\/i0.wp.com\/innoticiasbo.com\/wp-content\/uploads\/2024\/10\/casodesaguadero0710_101-10159142_202410111429217169959269195548581.jpg?w=420&amp;ssl=1 420w, https:\/\/i0.wp.com\/innoticiasbo.com\/wp-content\/uploads\/2024\/10\/casodesaguadero0710_101-10159142_202410111429217169959269195548581.jpg?resize=300%2C200&amp;ssl=1 300w\" sizes=\"auto, (max-width: 420px) 100vw, 420px\" \/><\/figure>\n\n\n\n<p>De acuerdo a las investigaciones, se ha establecido que el padre de la menor de edad tiene una residencia en Yacuiba, Tarija, donde se dio cumplimiento a la captura y posterior traslado a dependencias de la Polic\u00eda, acot\u00f3 \u00c1lvarez.<\/p>\n\n\n\n<p>Se conoce que tanto la madre como el padre de la adolescente fueron citados a declarar por la Fiscal\u00eda en Tarija y deb\u00edan presentarse el jueves 10 de octubre, mismo d\u00eda en el que tambi\u00e9n deb\u00eda asistir Evo Morales, quien finalmente no se present\u00f3.<\/p>\n\n\n\n<p>Para justificar la ausencia del l\u00edder del Movimiento al Socialismo, en oficinas del Ministerio P\u00fablico de Tarija, se present\u00f3 el abogado Jorge P\u00e9rez en representaci\u00f3n de Morales, para presentar un memorial excusando a su defendido y alegando que se est\u00e1n vulnerando sus derechos y que el acusado debe declarar donde reside.<\/p>\n\n\n\n<p>Evo Morales<\/p>\n\n\n\n<p>En el caso de una eventual orden de aprehensi\u00f3n en contra del l\u00edder del masismo el jefe policial dijo que a la fecha no se tiene alg\u00fan documento que indique esta figura, pero adelant\u00f3 que en caso as\u00ed se lo requiera, es deber de la Polic\u00eda dar cumplimiento a lo determinado por la Justicia.<\/p>\n\n\n\n<p>\u201cPrimero tenemos que tener la orden de aprehensi\u00f3n emanada de autoridad competente y a partir de ello vamos a generar las operaciones que tengamos que hacer\u201d, dijo el jefe policial a los medios.<\/p>\n\n\n\n<p>Fuente: Unitel<\/p>\n","protected":false},"excerpt":{"rendered":"<p>Tarija, 11 de octubre de 2024.- El comandante general de la Polic\u00eda, \u00c1lvaro \u00c1lvarez, inform\u00f3 que se aprehendi\u00f3 el jueves en Tarija al padre de la v\u00edctima en el caso de trata y tr\u00e1fico de personas en el que tambi\u00e9n se investiga a Evo Morales como acusado. \u201cEl d\u00eda de ayer (jueves) se ha generado&#8230;<\/p>\n","protected":false},"author":2,"featured_media":1427,"comment_status":"open","ping_status":"open","sticky":false,"template":"","format":"standard","meta":{"_jetpack_memberships_contains_paid_content":false,"footnotes":"","jetpack_publicize_message":"","jetpack_publicize_feature_enabled":true,"jetpack_social_post_already_shared":true,"jetpack_social_options":{"image_generator_settings":{"template":"highway","enabled":false},"version":2}},"categories":[1,15],"tags":[],"class_list":["post-1428","post","type-post","status-publish","format-standard","has-post-thumbnail","hentry","category-bolivia","category-seguridad"],"jetpack_publicize_connections":[],"yoast_head":"<!-- This site is optimized with the Yoast SEO plugin v23.4 - https:\/\/yoast.com\/wordpress\/plugins\/seo\/ -->\n<title>APREHENDEN AL PADRE DE LA SUPUESTA V\u00cdCTIMA EN EL CASO DE TRATA Y TR\u00c1FICO CONTRA EVO - innoticiasbo.com<\/title>\n<meta name=\"robots\" content=\"index, follow, max-snippet:-1, max-image-preview:large, max-video-preview:-1\" \/>\n<link rel=\"canonical\" href=\"https:\/\/innoticiasbo.com\/index.php\/2024\/10\/11\/aprehenden-al-padre-de-la-supuesta-victima-en-el-caso-de-trata-y-trafico-contra-evo\/\" \/>\n<meta property=\"og:locale\" content=\"es_ES\" \/>\n<meta property=\"og:type\" content=\"article\" \/>\n<meta property=\"og:title\" content=\"APREHENDEN AL PADRE DE LA SUPUESTA V\u00cdCTIMA EN EL CASO DE TRATA Y TR\u00c1FICO CONTRA EVO - innoticiasbo.com\" \/>\n<meta property=\"og:description\" content=\"Tarija, 11 de octubre de 2024.- El comandante general de la Polic\u00eda, \u00c1lvaro \u00c1lvarez, inform\u00f3 que se aprehendi\u00f3 el jueves en Tarija al padre de la v\u00edctima en el caso de trata y tr\u00e1fico de personas en el que tambi\u00e9n se investiga a Evo Morales como acusado. \u201cEl d\u00eda de ayer (jueves) se ha generado...\" \/>\n<meta property=\"og:url\" content=\"https:\/\/innoticiasbo.com\/index.php\/2024\/10\/11\/aprehenden-al-padre-de-la-supuesta-victima-en-el-caso-de-trata-y-trafico-contra-evo\/\" \/>\n<meta property=\"og:site_name\" content=\"innoticiasbo.com\" \/>\n<meta property=\"article:publisher\" content=\"https:\/\/www.facebook.com\/innoticiasbolivia\" \/>\n<meta property=\"article:published_time\" content=\"2024-10-11T15:12:57+00:00\" \/>\n<meta property=\"article:modified_time\" content=\"2024-10-11T15:13:11+00:00\" \/>\n<meta property=\"og:image\" content=\"https:\/\/i0.wp.com\/innoticiasbo.com\/wp-content\/uploads\/2024\/10\/casodesaguadero0710_101-10159142_20241011142921.jpg?fit=420%2C280&ssl=1\" \/>\n\t<meta property=\"og:image:width\" content=\"420\" \/>\n\t<meta property=\"og:image:height\" content=\"280\" \/>\n\t<meta property=\"og:image:type\" content=\"image\/jpeg\" \/>\n<meta name=\"author\" content=\"Prensa\" \/>\n<meta name=\"twitter:card\" content=\"summary_large_image\" \/>\n<meta name=\"twitter:creator\" content=\"@innoticiasbo\" \/>\n<meta name=\"twitter:site\" content=\"@innoticiasbo\" \/>\n<meta name=\"twitter:label1\" content=\"Escrito por\" \/>\n\t<meta name=\"twitter:data1\" content=\"Prensa\" \/>\n\t<meta name=\"twitter:label2\" content=\"Tiempo de lectura\" \/>\n\t<meta name=\"twitter:data2\" content=\"2 minutos\" \/>\n<script type=\"application\/ld+json\" class=\"yoast-schema-graph\">{\"@context\":\"https:\/\/schema.org\",\"@graph\":[{\"@type\":\"Article\",\"@id\":\"https:\/\/innoticiasbo.com\/index.php\/2024\/10\/11\/aprehenden-al-padre-de-la-supuesta-victima-en-el-caso-de-trata-y-trafico-contra-evo\/#article\",\"isPartOf\":{\"@id\":\"https:\/\/innoticiasbo.com\/index.php\/2024\/10\/11\/aprehenden-al-padre-de-la-supuesta-victima-en-el-caso-de-trata-y-trafico-contra-evo\/\"},\"author\":{\"name\":\"Prensa\",\"@id\":\"https:\/\/innoticiasbo.com\/#\/schema\/person\/589cd527c4211df1b943bdad85ec07ce\"},\"headline\":\"APREHENDEN AL PADRE DE LA SUPUESTA V\u00cdCTIMA EN EL CASO DE TRATA Y TR\u00c1FICO CONTRA EVO\",\"datePublished\":\"2024-10-11T15:12:57+00:00\",\"dateModified\":\"2024-10-11T15:13:11+00:00\",\"mainEntityOfPage\":{\"@id\":\"https:\/\/innoticiasbo.com\/index.php\/2024\/10\/11\/aprehenden-al-padre-de-la-supuesta-victima-en-el-caso-de-trata-y-trafico-contra-evo\/\"},\"wordCount\":347,\"commentCount\":0,\"publisher\":{\"@id\":\"https:\/\/innoticiasbo.com\/#organization\"},\"image\":{\"@id\":\"https:\/\/innoticiasbo.com\/index.php\/2024\/10\/11\/aprehenden-al-padre-de-la-supuesta-victima-en-el-caso-de-trata-y-trafico-contra-evo\/#primaryimage\"},\"thumbnailUrl\":\"https:\/\/i0.wp.com\/innoticiasbo.com\/wp-content\/uploads\/2024\/10\/casodesaguadero0710_101-10159142_20241011142921.jpg?fit=420%2C280&ssl=1\",\"articleSection\":[\"Bolivia\",\"Seguridad\"],\"inLanguage\":\"es\",\"potentialAction\":[{\"@type\":\"CommentAction\",\"name\":\"Comment\",\"target\":[\"https:\/\/innoticiasbo.com\/index.php\/2024\/10\/11\/aprehenden-al-padre-de-la-supuesta-victima-en-el-caso-de-trata-y-trafico-contra-evo\/#respond\"]}]},{\"@type\":\"WebPage\",\"@id\":\"https:\/\/innoticiasbo.com\/index.php\/2024\/10\/11\/aprehenden-al-padre-de-la-supuesta-victima-en-el-caso-de-trata-y-trafico-contra-evo\/\",\"url\":\"https:\/\/innoticiasbo.com\/index.php\/2024\/10\/11\/aprehenden-al-padre-de-la-supuesta-victima-en-el-caso-de-trata-y-trafico-contra-evo\/\",\"name\":\"APREHENDEN AL PADRE DE LA SUPUESTA V\u00cdCTIMA EN EL CASO DE TRATA Y TR\u00c1FICO CONTRA EVO - innoticiasbo.com\",\"isPartOf\":{\"@id\":\"https:\/\/innoticiasbo.com\/#website\"},\"primaryImageOfPage\":{\"@id\":\"https:\/\/innoticiasbo.com\/index.php\/2024\/10\/11\/aprehenden-al-padre-de-la-supuesta-victima-en-el-caso-de-trata-y-trafico-contra-evo\/#primaryimage\"},\"image\":{\"@id\":\"https:\/\/innoticiasbo.com\/index.php\/2024\/10\/11\/aprehenden-al-padre-de-la-supuesta-victima-en-el-caso-de-trata-y-trafico-contra-evo\/#primaryimage\"},\"thumbnailUrl\":\"https:\/\/i0.wp.com\/innoticiasbo.com\/wp-content\/uploads\/2024\/10\/casodesaguadero0710_101-10159142_20241011142921.jpg?fit=420%2C280&ssl=1\",\"datePublished\":\"2024-10-11T15:12:57+00:00\",\"dateModified\":\"2024-10-11T15:13:11+00:00\",\"breadcrumb\":{\"@id\":\"https:\/\/innoticiasbo.com\/index.php\/2024\/10\/11\/aprehenden-al-padre-de-la-supuesta-victima-en-el-caso-de-trata-y-trafico-contra-evo\/#breadcrumb\"},\"inLanguage\":\"es\",\"potentialAction\":[{\"@type\":\"ReadAction\",\"target\":[\"https:\/\/innoticiasbo.com\/index.php\/2024\/10\/11\/aprehenden-al-padre-de-la-supuesta-victima-en-el-caso-de-trata-y-trafico-contra-evo\/\"]}]},{\"@type\":\"ImageObject\",\"inLanguage\":\"es\",\"@id\":\"https:\/\/innoticiasbo.com\/index.php\/2024\/10\/11\/aprehenden-al-padre-de-la-supuesta-victima-en-el-caso-de-trata-y-trafico-contra-evo\/#primaryimage\",\"url\":\"https:\/\/i0.wp.com\/innoticiasbo.com\/wp-content\/uploads\/2024\/10\/casodesaguadero0710_101-10159142_20241011142921.jpg?fit=420%2C280&ssl=1\",\"contentUrl\":\"https:\/\/i0.wp.com\/innoticiasbo.com\/wp-content\/uploads\/2024\/10\/casodesaguadero0710_101-10159142_20241011142921.jpg?fit=420%2C280&ssl=1\",\"width\":420,\"height\":280},{\"@type\":\"BreadcrumbList\",\"@id\":\"https:\/\/innoticiasbo.com\/index.php\/2024\/10\/11\/aprehenden-al-padre-de-la-supuesta-victima-en-el-caso-de-trata-y-trafico-contra-evo\/#breadcrumb\",\"itemListElement\":[{\"@type\":\"ListItem\",\"position\":1,\"name\":\"Portada\",\"item\":\"https:\/\/innoticiasbo.com\/\"},{\"@type\":\"ListItem\",\"position\":2,\"name\":\"APREHENDEN AL PADRE DE LA SUPUESTA V\u00cdCTIMA EN EL CASO DE TRATA Y TR\u00c1FICO CONTRA EVO\"}]},{\"@type\":\"WebSite\",\"@id\":\"https:\/\/innoticiasbo.com\/#website\",\"url\":\"https:\/\/innoticiasbo.com\/\",\"name\":\"innoticiasbo.com\",\"description\":\"\",\"publisher\":{\"@id\":\"https:\/\/innoticiasbo.com\/#organization\"},\"potentialAction\":[{\"@type\":\"SearchAction\",\"target\":{\"@type\":\"EntryPoint\",\"urlTemplate\":\"https:\/\/innoticiasbo.com\/?s={search_term_string}\"},\"query-input\":{\"@type\":\"PropertyValueSpecification\",\"valueRequired\":true,\"valueName\":\"search_term_string\"}}],\"inLanguage\":\"es\"},{\"@type\":\"Organization\",\"@id\":\"https:\/\/innoticiasbo.com\/#organization\",\"name\":\"innoticiasbo.com\",\"url\":\"https:\/\/innoticiasbo.com\/\",\"logo\":{\"@type\":\"ImageObject\",\"inLanguage\":\"es\",\"@id\":\"https:\/\/innoticiasbo.com\/#\/schema\/logo\/image\/\",\"url\":\"https:\/\/i0.wp.com\/innoticiasbo.com\/wp-content\/uploads\/2026\/04\/cropped-IN-LOGO.png?fit=1476%2C1476&ssl=1\",\"contentUrl\":\"https:\/\/i0.wp.com\/innoticiasbo.com\/wp-content\/uploads\/2026\/04\/cropped-IN-LOGO.png?fit=1476%2C1476&ssl=1\",\"width\":1476,\"height\":1476,\"caption\":\"innoticiasbo.com\"},\"image\":{\"@id\":\"https:\/\/innoticiasbo.com\/#\/schema\/logo\/image\/\"},\"sameAs\":[\"https:\/\/www.facebook.com\/innoticiasbolivia\",\"https:\/\/x.com\/innoticiasbo\",\"https:\/\/www.instagram.com\/innoticiasbo\",\"https:\/\/www.youtube.com\/innoticiasbo\"]},{\"@type\":\"Person\",\"@id\":\"https:\/\/innoticiasbo.com\/#\/schema\/person\/589cd527c4211df1b943bdad85ec07ce\",\"name\":\"Prensa\",\"image\":{\"@type\":\"ImageObject\",\"inLanguage\":\"es\",\"@id\":\"https:\/\/innoticiasbo.com\/#\/schema\/person\/image\/\",\"url\":\"https:\/\/secure.gravatar.com\/avatar\/d359bbdf112023c1c0a3ec7fe1600657?s=96&d=mm&r=g\",\"contentUrl\":\"https:\/\/secure.gravatar.com\/avatar\/d359bbdf112023c1c0a3ec7fe1600657?s=96&d=mm&r=g\",\"caption\":\"Prensa\"},\"sameAs\":[\"http:\/\/www.innoticiasbo.com\"],\"url\":\"https:\/\/innoticiasbo.com\/index.php\/author\/prensa\/\"}]}<\/script>\n<!-- \/ Yoast SEO plugin. -->","yoast_head_json":{"title":"APREHENDEN AL PADRE DE LA SUPUESTA V\u00cdCTIMA EN EL CASO DE TRATA Y TR\u00c1FICO CONTRA EVO - innoticiasbo.com","robots":{"index":"index","follow":"follow","max-snippet":"max-snippet:-1","max-image-preview":"max-image-preview:large","max-video-preview":"max-video-preview:-1"},"canonical":"https:\/\/innoticiasbo.com\/index.php\/2024\/10\/11\/aprehenden-al-padre-de-la-supuesta-victima-en-el-caso-de-trata-y-trafico-contra-evo\/","og_locale":"es_ES","og_type":"article","og_title":"APREHENDEN AL PADRE DE LA SUPUESTA V\u00cdCTIMA EN EL CASO DE TRATA Y TR\u00c1FICO CONTRA EVO - innoticiasbo.com","og_description":"Tarija, 11 de octubre de 2024.- El comandante general de la Polic\u00eda, \u00c1lvaro \u00c1lvarez, inform\u00f3 que se aprehendi\u00f3 el jueves en Tarija al padre de la v\u00edctima en el caso de trata y tr\u00e1fico de personas en el que tambi\u00e9n se investiga a Evo Morales como acusado. \u201cEl d\u00eda de ayer (jueves) se ha generado...","og_url":"https:\/\/innoticiasbo.com\/index.php\/2024\/10\/11\/aprehenden-al-padre-de-la-supuesta-victima-en-el-caso-de-trata-y-trafico-contra-evo\/","og_site_name":"innoticiasbo.com","article_publisher":"https:\/\/www.facebook.com\/innoticiasbolivia","article_published_time":"2024-10-11T15:12:57+00:00","article_modified_time":"2024-10-11T15:13:11+00:00","og_image":[{"width":420,"height":280,"url":"https:\/\/i0.wp.com\/innoticiasbo.com\/wp-content\/uploads\/2024\/10\/casodesaguadero0710_101-10159142_20241011142921.jpg?fit=420%2C280&ssl=1","type":"image\/jpeg"}],"author":"Prensa","twitter_card":"summary_large_image","twitter_creator":"@innoticiasbo","twitter_site":"@innoticiasbo","twitter_misc":{"Escrito por":"Prensa","Tiempo de lectura":"2 minutos"},"schema":{"@context":"https:\/\/schema.org","@graph":[{"@type":"Article","@id":"https:\/\/innoticiasbo.com\/index.php\/2024\/10\/11\/aprehenden-al-padre-de-la-supuesta-victima-en-el-caso-de-trata-y-trafico-contra-evo\/#article","isPartOf":{"@id":"https:\/\/innoticiasbo.com\/index.php\/2024\/10\/11\/aprehenden-al-padre-de-la-supuesta-victima-en-el-caso-de-trata-y-trafico-contra-evo\/"},"author":{"name":"Prensa","@id":"https:\/\/innoticiasbo.com\/#\/schema\/person\/589cd527c4211df1b943bdad85ec07ce"},"headline":"APREHENDEN AL PADRE DE LA SUPUESTA V\u00cdCTIMA EN EL CASO DE TRATA Y TR\u00c1FICO CONTRA EVO","datePublished":"2024-10-11T15:12:57+00:00","dateModified":"2024-10-11T15:13:11+00:00","mainEntityOfPage":{"@id":"https:\/\/innoticiasbo.com\/index.php\/2024\/10\/11\/aprehenden-al-padre-de-la-supuesta-victima-en-el-caso-de-trata-y-trafico-contra-evo\/"},"wordCount":347,"commentCount":0,"publisher":{"@id":"https:\/\/innoticiasbo.com\/#organization"},"image":{"@id":"https:\/\/innoticiasbo.com\/index.php\/2024\/10\/11\/aprehenden-al-padre-de-la-supuesta-victima-en-el-caso-de-trata-y-trafico-contra-evo\/#primaryimage"},"thumbnailUrl":"https:\/\/i0.wp.com\/innoticiasbo.com\/wp-content\/uploads\/2024\/10\/casodesaguadero0710_101-10159142_20241011142921.jpg?fit=420%2C280&ssl=1","articleSection":["Bolivia","Seguridad"],"inLanguage":"es","potentialAction":[{"@type":"CommentAction","name":"Comment","target":["https:\/\/innoticiasbo.com\/index.php\/2024\/10\/11\/aprehenden-al-padre-de-la-supuesta-victima-en-el-caso-de-trata-y-trafico-contra-evo\/#respond"]}]},{"@type":"WebPage","@id":"https:\/\/innoticiasbo.com\/index.php\/2024\/10\/11\/aprehenden-al-padre-de-la-supuesta-victima-en-el-caso-de-trata-y-trafico-contra-evo\/","url":"https:\/\/innoticiasbo.com\/index.php\/2024\/10\/11\/aprehenden-al-padre-de-la-supuesta-victima-en-el-caso-de-trata-y-trafico-contra-evo\/","name":"APREHENDEN AL PADRE DE LA SUPUESTA V\u00cdCTIMA EN EL CASO DE TRATA Y TR\u00c1FICO CONTRA EVO - innoticiasbo.com","isPartOf":{"@id":"https:\/\/innoticiasbo.com\/#website"},"primaryImageOfPage":{"@id":"https:\/\/innoticiasbo.com\/index.php\/2024\/10\/11\/aprehenden-al-padre-de-la-supuesta-victima-en-el-caso-de-trata-y-trafico-contra-evo\/#primaryimage"},"image":{"@id":"https:\/\/innoticiasbo.com\/index.php\/2024\/10\/11\/aprehenden-al-padre-de-la-supuesta-victima-en-el-caso-de-trata-y-trafico-contra-evo\/#primaryimage"},"thumbnailUrl":"https:\/\/i0.wp.com\/innoticiasbo.com\/wp-content\/uploads\/2024\/10\/casodesaguadero0710_101-10159142_20241011142921.jpg?fit=420%2C280&ssl=1","datePublished":"2024-10-11T15:12:57+00:00","dateModified":"2024-10-11T15:13:11+00:00","breadcrumb":{"@id":"https:\/\/innoticiasbo.com\/index.php\/2024\/10\/11\/aprehenden-al-padre-de-la-supuesta-victima-en-el-caso-de-trata-y-trafico-contra-evo\/#breadcrumb"},"inLanguage":"es","potentialAction":[{"@type":"ReadAction","target":["https:\/\/innoticiasbo.com\/index.php\/2024\/10\/11\/aprehenden-al-padre-de-la-supuesta-victima-en-el-caso-de-trata-y-trafico-contra-evo\/"]}]},{"@type":"ImageObject","inLanguage":"es","@id":"https:\/\/innoticiasbo.com\/index.php\/2024\/10\/11\/aprehenden-al-padre-de-la-supuesta-victima-en-el-caso-de-trata-y-trafico-contra-evo\/#primaryimage","url":"https:\/\/i0.wp.com\/innoticiasbo.com\/wp-content\/uploads\/2024\/10\/casodesaguadero0710_101-10159142_20241011142921.jpg?fit=420%2C280&ssl=1","contentUrl":"https:\/\/i0.wp.com\/innoticiasbo.com\/wp-content\/uploads\/2024\/10\/casodesaguadero0710_101-10159142_20241011142921.jpg?fit=420%2C280&ssl=1","width":420,"height":280},{"@type":"BreadcrumbList","@id":"https:\/\/innoticiasbo.com\/index.php\/2024\/10\/11\/aprehenden-al-padre-de-la-supuesta-victima-en-el-caso-de-trata-y-trafico-contra-evo\/#breadcrumb","itemListElement":[{"@type":"ListItem","position":1,"name":"Portada","item":"https:\/\/innoticiasbo.com\/"},{"@type":"ListItem","position":2,"name":"APREHENDEN AL PADRE DE LA SUPUESTA V\u00cdCTIMA EN EL CASO DE TRATA Y TR\u00c1FICO CONTRA EVO"}]},{"@type":"WebSite","@id":"https:\/\/innoticiasbo.com\/#website","url":"https:\/\/innoticiasbo.com\/","name":"innoticiasbo.com","description":"","publisher":{"@id":"https:\/\/innoticiasbo.com\/#organization"},"potentialAction":[{"@type":"SearchAction","target":{"@type":"EntryPoint","urlTemplate":"https:\/\/innoticiasbo.com\/?s={search_term_string}"},"query-input":{"@type":"PropertyValueSpecification","valueRequired":true,"valueName":"search_term_string"}}],"inLanguage":"es"},{"@type":"Organization","@id":"https:\/\/innoticiasbo.com\/#organization","name":"innoticiasbo.com","url":"https:\/\/innoticiasbo.com\/","logo":{"@type":"ImageObject","inLanguage":"es","@id":"https:\/\/innoticiasbo.com\/#\/schema\/logo\/image\/","url":"https:\/\/i0.wp.com\/innoticiasbo.com\/wp-content\/uploads\/2026\/04\/cropped-IN-LOGO.png?fit=1476%2C1476&ssl=1","contentUrl":"https:\/\/i0.wp.com\/innoticiasbo.com\/wp-content\/uploads\/2026\/04\/cropped-IN-LOGO.png?fit=1476%2C1476&ssl=1","width":1476,"height":1476,"caption":"innoticiasbo.com"},"image":{"@id":"https:\/\/innoticiasbo.com\/#\/schema\/logo\/image\/"},"sameAs":["https:\/\/www.facebook.com\/innoticiasbolivia","https:\/\/x.com\/innoticiasbo","https:\/\/www.instagram.com\/innoticiasbo","https:\/\/www.youtube.com\/innoticiasbo"]},{"@type":"Person","@id":"https:\/\/innoticiasbo.com\/#\/schema\/person\/589cd527c4211df1b943bdad85ec07ce","name":"Prensa","image":{"@type":"ImageObject","inLanguage":"es","@id":"https:\/\/innoticiasbo.com\/#\/schema\/person\/image\/","url":"https:\/\/secure.gravatar.com\/avatar\/d359bbdf112023c1c0a3ec7fe1600657?s=96&d=mm&r=g","contentUrl":"https:\/\/secure.gravatar.com\/avatar\/d359bbdf112023c1c0a3ec7fe1600657?s=96&d=mm&r=g","caption":"Prensa"},"sameAs":["http:\/\/www.innoticiasbo.com"],"url":"https:\/\/innoticiasbo.com\/index.php\/author\/prensa\/"}]}},"jetpack_featured_media_url":"https:\/\/i0.wp.com\/innoticiasbo.com\/wp-content\/uploads\/2024\/10\/casodesaguadero0710_101-10159142_20241011142921.jpg?fit=420%2C280&ssl=1","jetpack_likes_enabled":true,"jetpack_sharing_enabled":true,"jetpack_shortlink":"https:\/\/wp.me\/pg298x-n2","_links":{"self":[{"href":"https:\/\/innoticiasbo.com\/index.php\/wp-json\/wp\/v2\/posts\/1428","targetHints":{"allow":["GET"]}}],"collection":[{"href":"https:\/\/innoticiasbo.com\/index.php\/wp-json\/wp\/v2\/posts"}],"about":[{"href":"https:\/\/innoticiasbo.com\/index.php\/wp-json\/wp\/v2\/types\/post"}],"author":[{"embeddable":true,"href":"https:\/\/innoticiasbo.com\/index.php\/wp-json\/wp\/v2\/users\/2"}],"replies":[{"embeddable":true,"href":"https:\/\/innoticiasbo.com\/index.php\/wp-json\/wp\/v2\/comments?post=1428"}],"version-history":[{"count":1,"href":"https:\/\/innoticiasbo.com\/index.php\/wp-json\/wp\/v2\/posts\/1428\/revisions"}],"predecessor-version":[{"id":1429,"href":"https:\/\/innoticiasbo.com\/index.php\/wp-json\/wp\/v2\/posts\/1428\/revisions\/1429"}],"wp:featuredmedia":[{"embeddable":true,"href":"https:\/\/innoticiasbo.com\/index.php\/wp-json\/wp\/v2\/media\/1427"}],"wp:attachment":[{"href":"https:\/\/innoticiasbo.com\/index.php\/wp-json\/wp\/v2\/media?parent=1428"}],"wp:term":[{"taxonomy":"category","embeddable":true,"href":"https:\/\/innoticiasbo.com\/index.php\/wp-json\/wp\/v2\/categories?post=1428"},{"taxonomy":"post_tag","embeddable":true,"href":"https:\/\/innoticiasbo.com\/index.php\/wp-json\/wp\/v2\/tags?post=1428"}],"curies":[{"name":"wp","href":"https:\/\/api.w.org\/{rel}","templated":true}]}}