{"id":1398,"date":"2024-10-09T15:48:06","date_gmt":"2024-10-09T15:48:06","guid":{"rendered":"https:\/\/innoticiasbo.com\/?p=1398"},"modified":"2024-10-09T15:48:25","modified_gmt":"2024-10-09T15:48:25","slug":"gabina-condori-nina-eran-mas-de-50-victimas-eran-ninas-arrancadas-de-su-sebo-materno","status":"publish","type":"post","link":"https:\/\/innoticiasbo.com\/index.php\/2024\/10\/09\/gabina-condori-nina-eran-mas-de-50-victimas-eran-ninas-arrancadas-de-su-sebo-materno\/","title":{"rendered":"GABINA CONDORI NINA: \u00abERAN M\u00c1S DE 50 V\u00cdCTIMAS&#8230;ERAN NI\u00d1AS ARRANCADAS DE SU SEBO MATERNO:"},"content":{"rendered":"\n<p>Cochabamba, 9 de octubre de 2024.- La maestra y abogada ind\u00edgena Gabina Condori Nina, quien durante a\u00f1os trabaj\u00f3 en comunidades del Tr\u00f3pico, denunci\u00f3 haber conocido que le \u00abentregaban ni\u00f1as a Evo Morales en varias comunidades\u201d. Afirma que deben existir al menos 50 v\u00edctimas, de las cuales conoce que se encuentran en Potos\u00ed, Arbieto, Punata, Tr\u00f3pico y en la ciudad de Cochabamba\u201d.<\/p>\n\n\n\n<figure class=\"wp-block-image size-large\"><img data-recalc-dims=\"1\" loading=\"lazy\" decoding=\"async\" width=\"640\" height=\"381\" src=\"https:\/\/i0.wp.com\/innoticiasbo.com\/wp-content\/uploads\/2024\/10\/screenshot_20241009_114338_capcut4811909121710570055.jpg?resize=640%2C381&#038;ssl=1\" alt=\"\" class=\"wp-image-1393\" srcset=\"https:\/\/i0.wp.com\/innoticiasbo.com\/wp-content\/uploads\/2024\/10\/screenshot_20241009_114338_capcut4811909121710570055.jpg?resize=1024%2C610&amp;ssl=1 1024w, https:\/\/i0.wp.com\/innoticiasbo.com\/wp-content\/uploads\/2024\/10\/screenshot_20241009_114338_capcut4811909121710570055.jpg?resize=300%2C179&amp;ssl=1 300w, https:\/\/i0.wp.com\/innoticiasbo.com\/wp-content\/uploads\/2024\/10\/screenshot_20241009_114338_capcut4811909121710570055.jpg?resize=768%2C457&amp;ssl=1 768w, https:\/\/i0.wp.com\/innoticiasbo.com\/wp-content\/uploads\/2024\/10\/screenshot_20241009_114338_capcut4811909121710570055.jpg?w=1046&amp;ssl=1 1046w\" sizes=\"auto, (max-width: 640px) 100vw, 640px\" \/><\/figure>\n\n\n\n<p>Gabina Condori, sostiene que conoci\u00f3 casos que le \u201cdesgarraron el alma\u201d, uno de ellos est\u00e1 vinculado con una madre de Entre R\u00edos a quien conoci\u00f3 cuando sal\u00eda de la comunidad porque \u201chizo escapar a su ni\u00f1a; su hijita tendr\u00eda 11 o 12 a\u00f1os\u201d. La mujer le habr\u00eda dicho \u201cme estoy saliendo para que no le entreguen a mi hija (\u2026) nos quitan y se la dan y no podemos hacer nada, mi esposo se ha quedado llorando, sacale me ha dicho\u201d, le habr\u00eda relatado la madre con llanto.<\/p>\n\n\n\n<p>La abogada ind\u00edgena sostiene que no solamente Evo Morales es responsable, dijo que si el caso llega la final caer\u00e1 Morales y todos sus allegados\u201d. Seg\u00fan su testimonio eran \u201cni\u00f1as arrancadas de su seno materno, ofrecidas por sus propios padres que luego andaban llorando en las chicher\u00edas por haber entregado a sus hijas\u201d, pero que en otros casos eran obligados por la dirigencia a entregar a sus hijas porque a Evo Morales \u201cpara que llegue ten\u00edan que servirle de todo\u201d, sostuvo.<\/p>\n\n\n\n<figure class=\"wp-block-image size-large\"><img data-recalc-dims=\"1\" loading=\"lazy\" decoding=\"async\" width=\"640\" height=\"374\" src=\"https:\/\/i0.wp.com\/innoticiasbo.com\/wp-content\/uploads\/2024\/10\/screenshot_20241009_113730_gallery7983917762085764001.jpg?resize=640%2C374&#038;ssl=1\" alt=\"\" class=\"wp-image-1394\" srcset=\"https:\/\/i0.wp.com\/innoticiasbo.com\/wp-content\/uploads\/2024\/10\/screenshot_20241009_113730_gallery7983917762085764001.jpg?resize=1024%2C599&amp;ssl=1 1024w, https:\/\/i0.wp.com\/innoticiasbo.com\/wp-content\/uploads\/2024\/10\/screenshot_20241009_113730_gallery7983917762085764001.jpg?resize=300%2C175&amp;ssl=1 300w, https:\/\/i0.wp.com\/innoticiasbo.com\/wp-content\/uploads\/2024\/10\/screenshot_20241009_113730_gallery7983917762085764001.jpg?resize=768%2C449&amp;ssl=1 768w, https:\/\/i0.wp.com\/innoticiasbo.com\/wp-content\/uploads\/2024\/10\/screenshot_20241009_113730_gallery7983917762085764001.jpg?w=1076&amp;ssl=1 1076w\" sizes=\"auto, (max-width: 640px) 100vw, 640px\" \/><\/figure>\n\n\n\n<figure class=\"wp-block-image size-large\"><img data-recalc-dims=\"1\" loading=\"lazy\" decoding=\"async\" width=\"640\" height=\"427\" src=\"https:\/\/i0.wp.com\/innoticiasbo.com\/wp-content\/uploads\/2024\/10\/630cc20b-2417-443e-b77f-2886b99e48ef7322909936277010372.jpg?resize=640%2C427&#038;ssl=1\" alt=\"\" class=\"wp-image-1396\" srcset=\"https:\/\/i0.wp.com\/innoticiasbo.com\/wp-content\/uploads\/2024\/10\/630cc20b-2417-443e-b77f-2886b99e48ef7322909936277010372.jpg?w=980&amp;ssl=1 980w, https:\/\/i0.wp.com\/innoticiasbo.com\/wp-content\/uploads\/2024\/10\/630cc20b-2417-443e-b77f-2886b99e48ef7322909936277010372.jpg?resize=300%2C200&amp;ssl=1 300w, https:\/\/i0.wp.com\/innoticiasbo.com\/wp-content\/uploads\/2024\/10\/630cc20b-2417-443e-b77f-2886b99e48ef7322909936277010372.jpg?resize=768%2C513&amp;ssl=1 768w, https:\/\/i0.wp.com\/innoticiasbo.com\/wp-content\/uploads\/2024\/10\/630cc20b-2417-443e-b77f-2886b99e48ef7322909936277010372.jpg?resize=600%2C400&amp;ssl=1 600w\" sizes=\"auto, (max-width: 640px) 100vw, 640px\" \/><\/figure>\n\n\n\n<p>Relat\u00f3 que en una de las comunidades en las que ya no hab\u00edan menores, una joven mayor de 18 a\u00f1os acompa\u00f1\u00f3 al entonces Presidente, quien con posterioridad al encuentro \u00edntimo con la mujer, sostuvo de forma burlesca: \u201cme hab\u00edan traido calamina compa\u00f1eros\u201d.<\/p>\n\n\n\n<p>\u00bfQUI\u00c9N ES GABINA CONDORI NINA?<\/p>\n\n\n\n<p>Gabina Condori Nina sali\u00f3 a la palestra el 2019 cuando denunci\u00f3 a Evo Morales por la violaci\u00f3n de decenas de ni\u00f1as de hasta 11 a\u00f1os en el Tr\u00f3pico de Cochabamba en una entrevista con el canal universitario, a donde hab\u00eda acudido para hablar de las torturas y vej\u00e1menes a los que eran sometidos en los sindicatos agrarios por avasalladores de tierras. Ya ese a\u00f1o denunci\u00f3 a Evo Morales por \u201cviolaciones de ni\u00f1as de 11 a\u00f1os en el tr\u00f3pico\u201d.<\/p>\n\n\n\n<p>Condori Nina es maestra y abogada. Sostiene que es una ind\u00edgena Kallawaya aymara del Ayllu Coconi de la provincia Mu\u00f1ecas de La Paz. Trabaj\u00f3 durante a\u00f1os cerca de comunidades y sindicatos agrarios porque integraba el Consejo de participaci\u00f3n y control social para defender a ind\u00edgenas de los avasallamientos, fue en esa condici\u00f3n en la que llegaba a las comunidades donde conoci\u00f3 conoci\u00f3 los hechos y c\u00f3mo operaba Evo Morales y su entorno.<\/p>\n\n\n\n<figure class=\"wp-block-image size-large\"><img data-recalc-dims=\"1\" loading=\"lazy\" decoding=\"async\" width=\"640\" height=\"363\" src=\"https:\/\/i0.wp.com\/innoticiasbo.com\/wp-content\/uploads\/2024\/10\/screenshot_20241009_113616_gallery6722096756145052305.jpg?resize=640%2C363&#038;ssl=1\" alt=\"\" class=\"wp-image-1395\" srcset=\"https:\/\/i0.wp.com\/innoticiasbo.com\/wp-content\/uploads\/2024\/10\/screenshot_20241009_113616_gallery6722096756145052305.jpg?resize=1024%2C580&amp;ssl=1 1024w, https:\/\/i0.wp.com\/innoticiasbo.com\/wp-content\/uploads\/2024\/10\/screenshot_20241009_113616_gallery6722096756145052305.jpg?resize=300%2C170&amp;ssl=1 300w, https:\/\/i0.wp.com\/innoticiasbo.com\/wp-content\/uploads\/2024\/10\/screenshot_20241009_113616_gallery6722096756145052305.jpg?resize=768%2C435&amp;ssl=1 768w, https:\/\/i0.wp.com\/innoticiasbo.com\/wp-content\/uploads\/2024\/10\/screenshot_20241009_113616_gallery6722096756145052305.jpg?w=1075&amp;ssl=1 1075w\" sizes=\"auto, (max-width: 640px) 100vw, 640px\" \/><\/figure>\n\n\n\n<p>Fue durante un corto tiempo Viceministra de Educaci\u00f3n Regular en la gesti\u00f3n de Jeanine A\u00f1ez, explica que acept\u00f3 la designaci\u00f3n porque era solo por 3 meses y para colaborar en la educaci\u00f3n, neg\u00f3 tener afinidad pol\u00edtica con los denominados pititas.<br \/>El 2021 termin\u00f3 de estudiar derecho en la UMSS y se titul\u00f3 como abogada el a\u00f1o pasado.<\/p>\n\n\n\n<p>Gabina Condori Nina,que tras su primera denuncia contra el cocalero Evo Morales , dice haber sufrido hostigamiento, persecuci\u00f3n y amenazas, acept\u00f3 conversar de forma exclusiva con IN NOTICIAS y con el programa El Avispero<\/p>\n\n\n\n<h1 class=\"wp-block-heading\">Estupro #Violaci\u00f3n #GabinaCondoriNina #EvoMoralesAyma #Abusosexual #innoticias<\/h1>\n","protected":false},"excerpt":{"rendered":"<p>Cochabamba, 9 de octubre de 2024.- La maestra y abogada ind\u00edgena Gabina Condori Nina, quien durante a\u00f1os trabaj\u00f3 en comunidades del Tr\u00f3pico, denunci\u00f3 haber conocido que le \u00abentregaban ni\u00f1as a Evo Morales en varias comunidades\u201d. Afirma que deben existir al menos 50 v\u00edctimas, de las cuales conoce que se encuentran en Potos\u00ed, Arbieto, Punata, Tr\u00f3pico&#8230;<\/p>\n","protected":false},"author":2,"featured_media":1397,"comment_status":"open","ping_status":"open","sticky":false,"template":"","format":"standard","meta":{"_jetpack_memberships_contains_paid_content":false,"footnotes":"","jetpack_publicize_message":"","jetpack_publicize_feature_enabled":true,"jetpack_social_post_already_shared":true,"jetpack_social_options":{"image_generator_settings":{"template":"highway","enabled":false},"version":2}},"categories":[1,3],"tags":[],"class_list":["post-1398","post","type-post","status-publish","format-standard","has-post-thumbnail","hentry","category-bolivia","category-politica"],"jetpack_publicize_connections":[],"yoast_head":"<!-- This site is optimized with the Yoast SEO plugin v23.4 - https:\/\/yoast.com\/wordpress\/plugins\/seo\/ -->\n<title>GABINA CONDORI NINA: &quot;ERAN M\u00c1S DE 50 V\u00cdCTIMAS...ERAN NI\u00d1AS ARRANCADAS DE SU SEBO MATERNO: - innoticiasbo.com<\/title>\n<meta name=\"robots\" content=\"index, follow, max-snippet:-1, max-image-preview:large, max-video-preview:-1\" \/>\n<link rel=\"canonical\" href=\"https:\/\/innoticiasbo.com\/index.php\/2024\/10\/09\/gabina-condori-nina-eran-mas-de-50-victimas-eran-ninas-arrancadas-de-su-sebo-materno\/\" \/>\n<meta property=\"og:locale\" content=\"es_ES\" \/>\n<meta property=\"og:type\" content=\"article\" \/>\n<meta property=\"og:title\" content=\"GABINA CONDORI NINA: &quot;ERAN M\u00c1S DE 50 V\u00cdCTIMAS...ERAN NI\u00d1AS ARRANCADAS DE SU SEBO MATERNO: - innoticiasbo.com\" \/>\n<meta property=\"og:description\" content=\"Cochabamba, 9 de octubre de 2024.- La maestra y abogada ind\u00edgena Gabina Condori Nina, quien durante a\u00f1os trabaj\u00f3 en comunidades del Tr\u00f3pico, denunci\u00f3 haber conocido que le \u00abentregaban ni\u00f1as a Evo Morales en varias comunidades\u201d. Afirma que deben existir al menos 50 v\u00edctimas, de las cuales conoce que se encuentran en Potos\u00ed, Arbieto, Punata, Tr\u00f3pico...\" \/>\n<meta property=\"og:url\" content=\"https:\/\/innoticiasbo.com\/index.php\/2024\/10\/09\/gabina-condori-nina-eran-mas-de-50-victimas-eran-ninas-arrancadas-de-su-sebo-materno\/\" \/>\n<meta property=\"og:site_name\" content=\"innoticiasbo.com\" \/>\n<meta property=\"article:publisher\" content=\"https:\/\/www.facebook.com\/innoticiasbolivia\" \/>\n<meta property=\"article:published_time\" content=\"2024-10-09T15:48:06+00:00\" \/>\n<meta property=\"article:modified_time\" content=\"2024-10-09T15:48:25+00:00\" \/>\n<meta property=\"og:image\" content=\"https:\/\/i0.wp.com\/innoticiasbo.com\/wp-content\/uploads\/2024\/10\/Screenshot_20241009_114338_CapCut.jpg?fit=1046%2C623&ssl=1\" \/>\n\t<meta property=\"og:image:width\" content=\"1046\" \/>\n\t<meta property=\"og:image:height\" content=\"623\" \/>\n\t<meta property=\"og:image:type\" content=\"image\/jpeg\" \/>\n<meta name=\"author\" content=\"Prensa\" \/>\n<meta name=\"twitter:card\" content=\"summary_large_image\" \/>\n<meta name=\"twitter:creator\" content=\"@innoticiasbo\" \/>\n<meta name=\"twitter:site\" content=\"@innoticiasbo\" \/>\n<meta name=\"twitter:label1\" content=\"Escrito por\" \/>\n\t<meta name=\"twitter:data1\" content=\"Prensa\" \/>\n\t<meta name=\"twitter:label2\" content=\"Tiempo de lectura\" \/>\n\t<meta name=\"twitter:data2\" content=\"3 minutos\" \/>\n<script type=\"application\/ld+json\" class=\"yoast-schema-graph\">{\"@context\":\"https:\/\/schema.org\",\"@graph\":[{\"@type\":\"Article\",\"@id\":\"https:\/\/innoticiasbo.com\/index.php\/2024\/10\/09\/gabina-condori-nina-eran-mas-de-50-victimas-eran-ninas-arrancadas-de-su-sebo-materno\/#article\",\"isPartOf\":{\"@id\":\"https:\/\/innoticiasbo.com\/index.php\/2024\/10\/09\/gabina-condori-nina-eran-mas-de-50-victimas-eran-ninas-arrancadas-de-su-sebo-materno\/\"},\"author\":{\"name\":\"Prensa\",\"@id\":\"https:\/\/innoticiasbo.com\/#\/schema\/person\/589cd527c4211df1b943bdad85ec07ce\"},\"headline\":\"GABINA CONDORI NINA: \u00abERAN M\u00c1S DE 50 V\u00cdCTIMAS&#8230;ERAN NI\u00d1AS ARRANCADAS DE SU SEBO MATERNO:\",\"datePublished\":\"2024-10-09T15:48:06+00:00\",\"dateModified\":\"2024-10-09T15:48:25+00:00\",\"mainEntityOfPage\":{\"@id\":\"https:\/\/innoticiasbo.com\/index.php\/2024\/10\/09\/gabina-condori-nina-eran-mas-de-50-victimas-eran-ninas-arrancadas-de-su-sebo-materno\/\"},\"wordCount\":579,\"commentCount\":0,\"publisher\":{\"@id\":\"https:\/\/innoticiasbo.com\/#organization\"},\"image\":{\"@id\":\"https:\/\/innoticiasbo.com\/index.php\/2024\/10\/09\/gabina-condori-nina-eran-mas-de-50-victimas-eran-ninas-arrancadas-de-su-sebo-materno\/#primaryimage\"},\"thumbnailUrl\":\"https:\/\/i0.wp.com\/innoticiasbo.com\/wp-content\/uploads\/2024\/10\/Screenshot_20241009_114338_CapCut.jpg?fit=1046%2C623&ssl=1\",\"articleSection\":[\"Bolivia\",\"Pol\u00edtica\"],\"inLanguage\":\"es\",\"potentialAction\":[{\"@type\":\"CommentAction\",\"name\":\"Comment\",\"target\":[\"https:\/\/innoticiasbo.com\/index.php\/2024\/10\/09\/gabina-condori-nina-eran-mas-de-50-victimas-eran-ninas-arrancadas-de-su-sebo-materno\/#respond\"]}]},{\"@type\":\"WebPage\",\"@id\":\"https:\/\/innoticiasbo.com\/index.php\/2024\/10\/09\/gabina-condori-nina-eran-mas-de-50-victimas-eran-ninas-arrancadas-de-su-sebo-materno\/\",\"url\":\"https:\/\/innoticiasbo.com\/index.php\/2024\/10\/09\/gabina-condori-nina-eran-mas-de-50-victimas-eran-ninas-arrancadas-de-su-sebo-materno\/\",\"name\":\"GABINA CONDORI NINA: \\\"ERAN M\u00c1S DE 50 V\u00cdCTIMAS...ERAN NI\u00d1AS ARRANCADAS DE SU SEBO MATERNO: - innoticiasbo.com\",\"isPartOf\":{\"@id\":\"https:\/\/innoticiasbo.com\/#website\"},\"primaryImageOfPage\":{\"@id\":\"https:\/\/innoticiasbo.com\/index.php\/2024\/10\/09\/gabina-condori-nina-eran-mas-de-50-victimas-eran-ninas-arrancadas-de-su-sebo-materno\/#primaryimage\"},\"image\":{\"@id\":\"https:\/\/innoticiasbo.com\/index.php\/2024\/10\/09\/gabina-condori-nina-eran-mas-de-50-victimas-eran-ninas-arrancadas-de-su-sebo-materno\/#primaryimage\"},\"thumbnailUrl\":\"https:\/\/i0.wp.com\/innoticiasbo.com\/wp-content\/uploads\/2024\/10\/Screenshot_20241009_114338_CapCut.jpg?fit=1046%2C623&ssl=1\",\"datePublished\":\"2024-10-09T15:48:06+00:00\",\"dateModified\":\"2024-10-09T15:48:25+00:00\",\"breadcrumb\":{\"@id\":\"https:\/\/innoticiasbo.com\/index.php\/2024\/10\/09\/gabina-condori-nina-eran-mas-de-50-victimas-eran-ninas-arrancadas-de-su-sebo-materno\/#breadcrumb\"},\"inLanguage\":\"es\",\"potentialAction\":[{\"@type\":\"ReadAction\",\"target\":[\"https:\/\/innoticiasbo.com\/index.php\/2024\/10\/09\/gabina-condori-nina-eran-mas-de-50-victimas-eran-ninas-arrancadas-de-su-sebo-materno\/\"]}]},{\"@type\":\"ImageObject\",\"inLanguage\":\"es\",\"@id\":\"https:\/\/innoticiasbo.com\/index.php\/2024\/10\/09\/gabina-condori-nina-eran-mas-de-50-victimas-eran-ninas-arrancadas-de-su-sebo-materno\/#primaryimage\",\"url\":\"https:\/\/i0.wp.com\/innoticiasbo.com\/wp-content\/uploads\/2024\/10\/Screenshot_20241009_114338_CapCut.jpg?fit=1046%2C623&ssl=1\",\"contentUrl\":\"https:\/\/i0.wp.com\/innoticiasbo.com\/wp-content\/uploads\/2024\/10\/Screenshot_20241009_114338_CapCut.jpg?fit=1046%2C623&ssl=1\",\"width\":1046,\"height\":623},{\"@type\":\"BreadcrumbList\",\"@id\":\"https:\/\/innoticiasbo.com\/index.php\/2024\/10\/09\/gabina-condori-nina-eran-mas-de-50-victimas-eran-ninas-arrancadas-de-su-sebo-materno\/#breadcrumb\",\"itemListElement\":[{\"@type\":\"ListItem\",\"position\":1,\"name\":\"Portada\",\"item\":\"https:\/\/innoticiasbo.com\/\"},{\"@type\":\"ListItem\",\"position\":2,\"name\":\"GABINA CONDORI NINA: \u00abERAN M\u00c1S DE 50 V\u00cdCTIMAS&#8230;ERAN NI\u00d1AS ARRANCADAS DE SU SEBO MATERNO:\"}]},{\"@type\":\"WebSite\",\"@id\":\"https:\/\/innoticiasbo.com\/#website\",\"url\":\"https:\/\/innoticiasbo.com\/\",\"name\":\"innoticiasbo.com\",\"description\":\"\",\"publisher\":{\"@id\":\"https:\/\/innoticiasbo.com\/#organization\"},\"potentialAction\":[{\"@type\":\"SearchAction\",\"target\":{\"@type\":\"EntryPoint\",\"urlTemplate\":\"https:\/\/innoticiasbo.com\/?s={search_term_string}\"},\"query-input\":{\"@type\":\"PropertyValueSpecification\",\"valueRequired\":true,\"valueName\":\"search_term_string\"}}],\"inLanguage\":\"es\"},{\"@type\":\"Organization\",\"@id\":\"https:\/\/innoticiasbo.com\/#organization\",\"name\":\"innoticiasbo.com\",\"url\":\"https:\/\/innoticiasbo.com\/\",\"logo\":{\"@type\":\"ImageObject\",\"inLanguage\":\"es\",\"@id\":\"https:\/\/innoticiasbo.com\/#\/schema\/logo\/image\/\",\"url\":\"https:\/\/i0.wp.com\/innoticiasbo.com\/wp-content\/uploads\/2026\/04\/cropped-IN-LOGO.png?fit=1476%2C1476&ssl=1\",\"contentUrl\":\"https:\/\/i0.wp.com\/innoticiasbo.com\/wp-content\/uploads\/2026\/04\/cropped-IN-LOGO.png?fit=1476%2C1476&ssl=1\",\"width\":1476,\"height\":1476,\"caption\":\"innoticiasbo.com\"},\"image\":{\"@id\":\"https:\/\/innoticiasbo.com\/#\/schema\/logo\/image\/\"},\"sameAs\":[\"https:\/\/www.facebook.com\/innoticiasbolivia\",\"https:\/\/x.com\/innoticiasbo\",\"https:\/\/www.instagram.com\/innoticiasbo\",\"https:\/\/www.youtube.com\/innoticiasbo\"]},{\"@type\":\"Person\",\"@id\":\"https:\/\/innoticiasbo.com\/#\/schema\/person\/589cd527c4211df1b943bdad85ec07ce\",\"name\":\"Prensa\",\"image\":{\"@type\":\"ImageObject\",\"inLanguage\":\"es\",\"@id\":\"https:\/\/innoticiasbo.com\/#\/schema\/person\/image\/\",\"url\":\"https:\/\/secure.gravatar.com\/avatar\/d359bbdf112023c1c0a3ec7fe1600657?s=96&d=mm&r=g\",\"contentUrl\":\"https:\/\/secure.gravatar.com\/avatar\/d359bbdf112023c1c0a3ec7fe1600657?s=96&d=mm&r=g\",\"caption\":\"Prensa\"},\"sameAs\":[\"http:\/\/www.innoticiasbo.com\"],\"url\":\"https:\/\/innoticiasbo.com\/index.php\/author\/prensa\/\"}]}<\/script>\n<!-- \/ Yoast SEO plugin. -->","yoast_head_json":{"title":"GABINA CONDORI NINA: \"ERAN M\u00c1S DE 50 V\u00cdCTIMAS...ERAN NI\u00d1AS ARRANCADAS DE SU SEBO MATERNO: - innoticiasbo.com","robots":{"index":"index","follow":"follow","max-snippet":"max-snippet:-1","max-image-preview":"max-image-preview:large","max-video-preview":"max-video-preview:-1"},"canonical":"https:\/\/innoticiasbo.com\/index.php\/2024\/10\/09\/gabina-condori-nina-eran-mas-de-50-victimas-eran-ninas-arrancadas-de-su-sebo-materno\/","og_locale":"es_ES","og_type":"article","og_title":"GABINA CONDORI NINA: \"ERAN M\u00c1S DE 50 V\u00cdCTIMAS...ERAN NI\u00d1AS ARRANCADAS DE SU SEBO MATERNO: - innoticiasbo.com","og_description":"Cochabamba, 9 de octubre de 2024.- La maestra y abogada ind\u00edgena Gabina Condori Nina, quien durante a\u00f1os trabaj\u00f3 en comunidades del Tr\u00f3pico, denunci\u00f3 haber conocido que le \u00abentregaban ni\u00f1as a Evo Morales en varias comunidades\u201d. Afirma que deben existir al menos 50 v\u00edctimas, de las cuales conoce que se encuentran en Potos\u00ed, Arbieto, Punata, Tr\u00f3pico...","og_url":"https:\/\/innoticiasbo.com\/index.php\/2024\/10\/09\/gabina-condori-nina-eran-mas-de-50-victimas-eran-ninas-arrancadas-de-su-sebo-materno\/","og_site_name":"innoticiasbo.com","article_publisher":"https:\/\/www.facebook.com\/innoticiasbolivia","article_published_time":"2024-10-09T15:48:06+00:00","article_modified_time":"2024-10-09T15:48:25+00:00","og_image":[{"width":1046,"height":623,"url":"https:\/\/i0.wp.com\/innoticiasbo.com\/wp-content\/uploads\/2024\/10\/Screenshot_20241009_114338_CapCut.jpg?fit=1046%2C623&ssl=1","type":"image\/jpeg"}],"author":"Prensa","twitter_card":"summary_large_image","twitter_creator":"@innoticiasbo","twitter_site":"@innoticiasbo","twitter_misc":{"Escrito por":"Prensa","Tiempo de lectura":"3 minutos"},"schema":{"@context":"https:\/\/schema.org","@graph":[{"@type":"Article","@id":"https:\/\/innoticiasbo.com\/index.php\/2024\/10\/09\/gabina-condori-nina-eran-mas-de-50-victimas-eran-ninas-arrancadas-de-su-sebo-materno\/#article","isPartOf":{"@id":"https:\/\/innoticiasbo.com\/index.php\/2024\/10\/09\/gabina-condori-nina-eran-mas-de-50-victimas-eran-ninas-arrancadas-de-su-sebo-materno\/"},"author":{"name":"Prensa","@id":"https:\/\/innoticiasbo.com\/#\/schema\/person\/589cd527c4211df1b943bdad85ec07ce"},"headline":"GABINA CONDORI NINA: \u00abERAN M\u00c1S DE 50 V\u00cdCTIMAS&#8230;ERAN NI\u00d1AS ARRANCADAS DE SU SEBO MATERNO:","datePublished":"2024-10-09T15:48:06+00:00","dateModified":"2024-10-09T15:48:25+00:00","mainEntityOfPage":{"@id":"https:\/\/innoticiasbo.com\/index.php\/2024\/10\/09\/gabina-condori-nina-eran-mas-de-50-victimas-eran-ninas-arrancadas-de-su-sebo-materno\/"},"wordCount":579,"commentCount":0,"publisher":{"@id":"https:\/\/innoticiasbo.com\/#organization"},"image":{"@id":"https:\/\/innoticiasbo.com\/index.php\/2024\/10\/09\/gabina-condori-nina-eran-mas-de-50-victimas-eran-ninas-arrancadas-de-su-sebo-materno\/#primaryimage"},"thumbnailUrl":"https:\/\/i0.wp.com\/innoticiasbo.com\/wp-content\/uploads\/2024\/10\/Screenshot_20241009_114338_CapCut.jpg?fit=1046%2C623&ssl=1","articleSection":["Bolivia","Pol\u00edtica"],"inLanguage":"es","potentialAction":[{"@type":"CommentAction","name":"Comment","target":["https:\/\/innoticiasbo.com\/index.php\/2024\/10\/09\/gabina-condori-nina-eran-mas-de-50-victimas-eran-ninas-arrancadas-de-su-sebo-materno\/#respond"]}]},{"@type":"WebPage","@id":"https:\/\/innoticiasbo.com\/index.php\/2024\/10\/09\/gabina-condori-nina-eran-mas-de-50-victimas-eran-ninas-arrancadas-de-su-sebo-materno\/","url":"https:\/\/innoticiasbo.com\/index.php\/2024\/10\/09\/gabina-condori-nina-eran-mas-de-50-victimas-eran-ninas-arrancadas-de-su-sebo-materno\/","name":"GABINA CONDORI NINA: \"ERAN M\u00c1S DE 50 V\u00cdCTIMAS...ERAN NI\u00d1AS ARRANCADAS DE SU SEBO MATERNO: - innoticiasbo.com","isPartOf":{"@id":"https:\/\/innoticiasbo.com\/#website"},"primaryImageOfPage":{"@id":"https:\/\/innoticiasbo.com\/index.php\/2024\/10\/09\/gabina-condori-nina-eran-mas-de-50-victimas-eran-ninas-arrancadas-de-su-sebo-materno\/#primaryimage"},"image":{"@id":"https:\/\/innoticiasbo.com\/index.php\/2024\/10\/09\/gabina-condori-nina-eran-mas-de-50-victimas-eran-ninas-arrancadas-de-su-sebo-materno\/#primaryimage"},"thumbnailUrl":"https:\/\/i0.wp.com\/innoticiasbo.com\/wp-content\/uploads\/2024\/10\/Screenshot_20241009_114338_CapCut.jpg?fit=1046%2C623&ssl=1","datePublished":"2024-10-09T15:48:06+00:00","dateModified":"2024-10-09T15:48:25+00:00","breadcrumb":{"@id":"https:\/\/innoticiasbo.com\/index.php\/2024\/10\/09\/gabina-condori-nina-eran-mas-de-50-victimas-eran-ninas-arrancadas-de-su-sebo-materno\/#breadcrumb"},"inLanguage":"es","potentialAction":[{"@type":"ReadAction","target":["https:\/\/innoticiasbo.com\/index.php\/2024\/10\/09\/gabina-condori-nina-eran-mas-de-50-victimas-eran-ninas-arrancadas-de-su-sebo-materno\/"]}]},{"@type":"ImageObject","inLanguage":"es","@id":"https:\/\/innoticiasbo.com\/index.php\/2024\/10\/09\/gabina-condori-nina-eran-mas-de-50-victimas-eran-ninas-arrancadas-de-su-sebo-materno\/#primaryimage","url":"https:\/\/i0.wp.com\/innoticiasbo.com\/wp-content\/uploads\/2024\/10\/Screenshot_20241009_114338_CapCut.jpg?fit=1046%2C623&ssl=1","contentUrl":"https:\/\/i0.wp.com\/innoticiasbo.com\/wp-content\/uploads\/2024\/10\/Screenshot_20241009_114338_CapCut.jpg?fit=1046%2C623&ssl=1","width":1046,"height":623},{"@type":"BreadcrumbList","@id":"https:\/\/innoticiasbo.com\/index.php\/2024\/10\/09\/gabina-condori-nina-eran-mas-de-50-victimas-eran-ninas-arrancadas-de-su-sebo-materno\/#breadcrumb","itemListElement":[{"@type":"ListItem","position":1,"name":"Portada","item":"https:\/\/innoticiasbo.com\/"},{"@type":"ListItem","position":2,"name":"GABINA CONDORI NINA: \u00abERAN M\u00c1S DE 50 V\u00cdCTIMAS&#8230;ERAN NI\u00d1AS ARRANCADAS DE SU SEBO MATERNO:"}]},{"@type":"WebSite","@id":"https:\/\/innoticiasbo.com\/#website","url":"https:\/\/innoticiasbo.com\/","name":"innoticiasbo.com","description":"","publisher":{"@id":"https:\/\/innoticiasbo.com\/#organization"},"potentialAction":[{"@type":"SearchAction","target":{"@type":"EntryPoint","urlTemplate":"https:\/\/innoticiasbo.com\/?s={search_term_string}"},"query-input":{"@type":"PropertyValueSpecification","valueRequired":true,"valueName":"search_term_string"}}],"inLanguage":"es"},{"@type":"Organization","@id":"https:\/\/innoticiasbo.com\/#organization","name":"innoticiasbo.com","url":"https:\/\/innoticiasbo.com\/","logo":{"@type":"ImageObject","inLanguage":"es","@id":"https:\/\/innoticiasbo.com\/#\/schema\/logo\/image\/","url":"https:\/\/i0.wp.com\/innoticiasbo.com\/wp-content\/uploads\/2026\/04\/cropped-IN-LOGO.png?fit=1476%2C1476&ssl=1","contentUrl":"https:\/\/i0.wp.com\/innoticiasbo.com\/wp-content\/uploads\/2026\/04\/cropped-IN-LOGO.png?fit=1476%2C1476&ssl=1","width":1476,"height":1476,"caption":"innoticiasbo.com"},"image":{"@id":"https:\/\/innoticiasbo.com\/#\/schema\/logo\/image\/"},"sameAs":["https:\/\/www.facebook.com\/innoticiasbolivia","https:\/\/x.com\/innoticiasbo","https:\/\/www.instagram.com\/innoticiasbo","https:\/\/www.youtube.com\/innoticiasbo"]},{"@type":"Person","@id":"https:\/\/innoticiasbo.com\/#\/schema\/person\/589cd527c4211df1b943bdad85ec07ce","name":"Prensa","image":{"@type":"ImageObject","inLanguage":"es","@id":"https:\/\/innoticiasbo.com\/#\/schema\/person\/image\/","url":"https:\/\/secure.gravatar.com\/avatar\/d359bbdf112023c1c0a3ec7fe1600657?s=96&d=mm&r=g","contentUrl":"https:\/\/secure.gravatar.com\/avatar\/d359bbdf112023c1c0a3ec7fe1600657?s=96&d=mm&r=g","caption":"Prensa"},"sameAs":["http:\/\/www.innoticiasbo.com"],"url":"https:\/\/innoticiasbo.com\/index.php\/author\/prensa\/"}]}},"jetpack_featured_media_url":"https:\/\/i0.wp.com\/innoticiasbo.com\/wp-content\/uploads\/2024\/10\/Screenshot_20241009_114338_CapCut.jpg?fit=1046%2C623&ssl=1","jetpack_likes_enabled":true,"jetpack_sharing_enabled":true,"jetpack_shortlink":"https:\/\/wp.me\/pg298x-my","_links":{"self":[{"href":"https:\/\/innoticiasbo.com\/index.php\/wp-json\/wp\/v2\/posts\/1398","targetHints":{"allow":["GET"]}}],"collection":[{"href":"https:\/\/innoticiasbo.com\/index.php\/wp-json\/wp\/v2\/posts"}],"about":[{"href":"https:\/\/innoticiasbo.com\/index.php\/wp-json\/wp\/v2\/types\/post"}],"author":[{"embeddable":true,"href":"https:\/\/innoticiasbo.com\/index.php\/wp-json\/wp\/v2\/users\/2"}],"replies":[{"embeddable":true,"href":"https:\/\/innoticiasbo.com\/index.php\/wp-json\/wp\/v2\/comments?post=1398"}],"version-history":[{"count":1,"href":"https:\/\/innoticiasbo.com\/index.php\/wp-json\/wp\/v2\/posts\/1398\/revisions"}],"predecessor-version":[{"id":1399,"href":"https:\/\/innoticiasbo.com\/index.php\/wp-json\/wp\/v2\/posts\/1398\/revisions\/1399"}],"wp:featuredmedia":[{"embeddable":true,"href":"https:\/\/innoticiasbo.com\/index.php\/wp-json\/wp\/v2\/media\/1397"}],"wp:attachment":[{"href":"https:\/\/innoticiasbo.com\/index.php\/wp-json\/wp\/v2\/media?parent=1398"}],"wp:term":[{"taxonomy":"category","embeddable":true,"href":"https:\/\/innoticiasbo.com\/index.php\/wp-json\/wp\/v2\/categories?post=1398"},{"taxonomy":"post_tag","embeddable":true,"href":"https:\/\/innoticiasbo.com\/index.php\/wp-json\/wp\/v2\/tags?post=1398"}],"curies":[{"name":"wp","href":"https:\/\/api.w.org\/{rel}","templated":true}]}}