{"id":1359,"date":"2024-10-08T20:06:31","date_gmt":"2024-10-08T20:06:31","guid":{"rendered":"https:\/\/innoticiasbo.com\/?p=1359"},"modified":"2024-10-08T20:07:12","modified_gmt":"2024-10-08T20:07:12","slug":"escandalo-de-estupro-crece-no-pasaba-los-18-anos-experiodista-de-btv-revela-que-una-menor-acompanaba-a-evo-en-2012","status":"publish","type":"post","link":"https:\/\/innoticiasbo.com\/index.php\/2024\/10\/08\/escandalo-de-estupro-crece-no-pasaba-los-18-anos-experiodista-de-btv-revela-que-una-menor-acompanaba-a-evo-en-2012\/","title":{"rendered":"ESC\u00c1NDALO DE ESTUPRO CRECE: \u201cNO PASABA LOS 18 A\u00d1OS\u201d, EXPERIODISTA DE BTV REVELA QUE UNA MENOR ACOMPA\u00d1ABA A EVO EN 2012"},"content":{"rendered":"\n<p>La Paz, 8 de octubre&nbsp; de 2024.- Marcelo Paredes, experiodista de Bolivia Tv (BTV) entre 2012 y 2013, revel\u00f3 que una menor de edad acompa\u00f1aba al entonces presidente #EvoMorales en 2012 a las diferentes entregas de obras que terminaban, en algunos casos, con fiestas llenas de excesos en habitaciones fuertemente resguardadas.<\/p>\n\n\n\n<p>\u201cA nosotros nos enviaban en turnos a estos viajes que se hac\u00edan a entregas de obras, asfalto de caminos, alguna otra cosita que hab\u00eda por ah\u00ed, o la piedra fundamental que al final se convert\u00eda en fiestas en las comunidades, con mucho regocijo, pero despu\u00e9s de eso pasaba a un lado en el que los excesos comenzaban a aflorar. Hablo de excesos en el consumo de alcohol, (\u2026) cosas oscuras, inexplicables y hasta dudosas comenzaban a suceder en estos actos de entregas de proyectos\u201d, cont\u00f3 Paredes a Fides.<\/p>\n\n\n\n<figure class=\"wp-block-image size-large\"><img data-recalc-dims=\"1\" loading=\"lazy\" decoding=\"async\" width=\"640\" height=\"363\" src=\"https:\/\/i0.wp.com\/innoticiasbo.com\/wp-content\/uploads\/2024\/10\/screenshot_20241008_160241_chrome7482205074006751528.jpg?resize=640%2C363&#038;ssl=1\" alt=\"\" class=\"wp-image-1356\" srcset=\"https:\/\/i0.wp.com\/innoticiasbo.com\/wp-content\/uploads\/2024\/10\/screenshot_20241008_160241_chrome7482205074006751528.jpg?resize=1024%2C581&amp;ssl=1 1024w, https:\/\/i0.wp.com\/innoticiasbo.com\/wp-content\/uploads\/2024\/10\/screenshot_20241008_160241_chrome7482205074006751528.jpg?resize=300%2C170&amp;ssl=1 300w, https:\/\/i0.wp.com\/innoticiasbo.com\/wp-content\/uploads\/2024\/10\/screenshot_20241008_160241_chrome7482205074006751528.jpg?resize=768%2C436&amp;ssl=1 768w, https:\/\/i0.wp.com\/innoticiasbo.com\/wp-content\/uploads\/2024\/10\/screenshot_20241008_160241_chrome7482205074006751528.jpg?w=1028&amp;ssl=1 1028w\" sizes=\"auto, (max-width: 640px) 100vw, 640px\" \/><\/figure>\n\n\n\n<p>El comunicador record\u00f3 esos episodios en medio de la pol\u00e9mica que envuelve a Morales por presuntamente embarazar a una adolescente en 2015, acusaci\u00f3n que no neg\u00f3 hasta la fecha.<\/p>\n\n\n\n<p>El experiodista dijo que en ese entonces estaban autocensurados y hab\u00eda \u201ccierto grado de silencio\u201d sobre lo que evidenciaban en la conducta del expresidente.<\/p>\n\n\n\n<p>Por ejemplo, cont\u00f3 que luego de la entrega de una piedra fundamental para la construcci\u00f3n de un hospital en Huanuni, en abril del 2012, not\u00f3 movimientos extra\u00f1os por parte de todo el equipo de seguridad del entonces presidente.<\/p>\n\n\n\n<figure class=\"wp-block-image size-large\"><img data-recalc-dims=\"1\" loading=\"lazy\" decoding=\"async\" width=\"640\" height=\"360\" src=\"https:\/\/i0.wp.com\/innoticiasbo.com\/wp-content\/uploads\/2024\/10\/morales1363789601014271349.jpg?resize=640%2C360&#038;ssl=1\" alt=\"\" class=\"wp-image-1357\" srcset=\"https:\/\/i0.wp.com\/innoticiasbo.com\/wp-content\/uploads\/2024\/10\/morales1363789601014271349.jpg?resize=1024%2C576&amp;ssl=1 1024w, https:\/\/i0.wp.com\/innoticiasbo.com\/wp-content\/uploads\/2024\/10\/morales1363789601014271349.jpg?resize=300%2C169&amp;ssl=1 300w, https:\/\/i0.wp.com\/innoticiasbo.com\/wp-content\/uploads\/2024\/10\/morales1363789601014271349.jpg?resize=768%2C432&amp;ssl=1 768w, https:\/\/i0.wp.com\/innoticiasbo.com\/wp-content\/uploads\/2024\/10\/morales1363789601014271349.jpg?w=1240&amp;ssl=1 1240w\" sizes=\"auto, (max-width: 640px) 100vw, 640px\" \/><\/figure>\n\n\n\n<p>\u201cHubo un momento en el que el presidente lleno de mixtura, guirnaldas, se cambi\u00f3 repentinamente de veh\u00edculo, se puso al volante, se subi\u00f3 una muchacha con la que siempre estaba acompa\u00f1ado y emprendi\u00f3 solo. Nadie sab\u00eda (a d\u00f3nde). Nosotros estuvimos como retenidos; y 45 minutos a 1 hora despu\u00e9s, \u2014nosotros sin hacer nada y todo su equipo de seguridad, las motos, todos estaban en el mismo lugar\u2014, \u00e9l volvi\u00f3 totalmente cambiado y con la muchacha con otra ropa tambi\u00e9n. La muchacha se ve\u00eda y era evidente que no pasaba los 18 a\u00f1os\u201d, revel\u00f3 el experiodista de BTV.<\/p>\n\n\n\n<p>En diferentes ocasiones, el comunicador fue testigo de las bromas que hac\u00eda Morales cuando los comunarios les presentaban a sus hijas: \u201c\u00a1Ah!, usted tambi\u00e9n quiere ser la primera dama\u201d, dec\u00eda el exjefe de Estado en un tono burlesco.<\/p>\n\n\n\n<p>El experiodista del canal estatal, que ahora radica en Estados Unidos, asegur\u00f3 que existen m\u00e1s testimonios que involucran a Morales con menores de edad y asegur\u00f3 que los conseguir\u00e1. <\/p>\n\n\n\n<p>Fuente:ANF<\/p>\n","protected":false},"excerpt":{"rendered":"<p>La Paz, 8 de octubre&nbsp; de 2024.- Marcelo Paredes, experiodista de Bolivia Tv (BTV) entre 2012 y 2013, revel\u00f3 que una menor de edad acompa\u00f1aba al entonces presidente #EvoMorales en 2012 a las diferentes entregas de obras que terminaban, en algunos casos, con fiestas llenas de excesos en habitaciones fuertemente resguardadas. \u201cA nosotros nos enviaban&#8230;<\/p>\n","protected":false},"author":2,"featured_media":1358,"comment_status":"open","ping_status":"open","sticky":false,"template":"","format":"standard","meta":{"_jetpack_memberships_contains_paid_content":false,"footnotes":"","jetpack_publicize_message":"","jetpack_publicize_feature_enabled":true,"jetpack_social_post_already_shared":true,"jetpack_social_options":{"image_generator_settings":{"template":"highway","enabled":false},"version":2}},"categories":[1,3],"tags":[],"class_list":["post-1359","post","type-post","status-publish","format-standard","has-post-thumbnail","hentry","category-bolivia","category-politica"],"jetpack_publicize_connections":[],"yoast_head":"<!-- This site is optimized with the Yoast SEO plugin v23.4 - https:\/\/yoast.com\/wordpress\/plugins\/seo\/ -->\n<title>ESC\u00c1NDALO DE ESTUPRO CRECE: \u201cNO PASABA LOS 18 A\u00d1OS\u201d, EXPERIODISTA DE BTV REVELA QUE UNA MENOR ACOMPA\u00d1ABA A EVO EN 2012 - innoticiasbo.com<\/title>\n<meta name=\"robots\" content=\"index, follow, max-snippet:-1, max-image-preview:large, max-video-preview:-1\" \/>\n<link rel=\"canonical\" href=\"https:\/\/innoticiasbo.com\/index.php\/2024\/10\/08\/escandalo-de-estupro-crece-no-pasaba-los-18-anos-experiodista-de-btv-revela-que-una-menor-acompanaba-a-evo-en-2012\/\" \/>\n<meta property=\"og:locale\" content=\"es_ES\" \/>\n<meta property=\"og:type\" content=\"article\" \/>\n<meta property=\"og:title\" content=\"ESC\u00c1NDALO DE ESTUPRO CRECE: \u201cNO PASABA LOS 18 A\u00d1OS\u201d, EXPERIODISTA DE BTV REVELA QUE UNA MENOR ACOMPA\u00d1ABA A EVO EN 2012 - innoticiasbo.com\" \/>\n<meta property=\"og:description\" content=\"La Paz, 8 de octubre&nbsp; de 2024.- Marcelo Paredes, experiodista de Bolivia Tv (BTV) entre 2012 y 2013, revel\u00f3 que una menor de edad acompa\u00f1aba al entonces presidente #EvoMorales en 2012 a las diferentes entregas de obras que terminaban, en algunos casos, con fiestas llenas de excesos en habitaciones fuertemente resguardadas. \u201cA nosotros nos enviaban...\" \/>\n<meta property=\"og:url\" content=\"https:\/\/innoticiasbo.com\/index.php\/2024\/10\/08\/escandalo-de-estupro-crece-no-pasaba-los-18-anos-experiodista-de-btv-revela-que-una-menor-acompanaba-a-evo-en-2012\/\" \/>\n<meta property=\"og:site_name\" content=\"innoticiasbo.com\" \/>\n<meta property=\"article:publisher\" content=\"https:\/\/www.facebook.com\/innoticiasbolivia\" \/>\n<meta property=\"article:published_time\" content=\"2024-10-08T20:06:31+00:00\" \/>\n<meta property=\"article:modified_time\" content=\"2024-10-08T20:07:12+00:00\" \/>\n<meta property=\"og:image\" content=\"https:\/\/i0.wp.com\/innoticiasbo.com\/wp-content\/uploads\/2024\/10\/evo-e1358455199522.jpg?fit=600%2C392&ssl=1\" \/>\n\t<meta property=\"og:image:width\" content=\"600\" \/>\n\t<meta property=\"og:image:height\" content=\"392\" \/>\n\t<meta property=\"og:image:type\" content=\"image\/jpeg\" \/>\n<meta name=\"author\" content=\"Prensa\" \/>\n<meta name=\"twitter:card\" content=\"summary_large_image\" \/>\n<meta name=\"twitter:creator\" content=\"@innoticiasbo\" \/>\n<meta name=\"twitter:site\" content=\"@innoticiasbo\" \/>\n<meta name=\"twitter:label1\" content=\"Escrito por\" \/>\n\t<meta name=\"twitter:data1\" content=\"Prensa\" \/>\n\t<meta name=\"twitter:label2\" content=\"Tiempo de lectura\" \/>\n\t<meta name=\"twitter:data2\" content=\"2 minutos\" \/>\n<script type=\"application\/ld+json\" class=\"yoast-schema-graph\">{\"@context\":\"https:\/\/schema.org\",\"@graph\":[{\"@type\":\"Article\",\"@id\":\"https:\/\/innoticiasbo.com\/index.php\/2024\/10\/08\/escandalo-de-estupro-crece-no-pasaba-los-18-anos-experiodista-de-btv-revela-que-una-menor-acompanaba-a-evo-en-2012\/#article\",\"isPartOf\":{\"@id\":\"https:\/\/innoticiasbo.com\/index.php\/2024\/10\/08\/escandalo-de-estupro-crece-no-pasaba-los-18-anos-experiodista-de-btv-revela-que-una-menor-acompanaba-a-evo-en-2012\/\"},\"author\":{\"name\":\"Prensa\",\"@id\":\"https:\/\/innoticiasbo.com\/#\/schema\/person\/589cd527c4211df1b943bdad85ec07ce\"},\"headline\":\"ESC\u00c1NDALO DE ESTUPRO CRECE: \u201cNO PASABA LOS 18 A\u00d1OS\u201d, EXPERIODISTA DE BTV REVELA QUE UNA MENOR ACOMPA\u00d1ABA A EVO EN 2012\",\"datePublished\":\"2024-10-08T20:06:31+00:00\",\"dateModified\":\"2024-10-08T20:07:12+00:00\",\"mainEntityOfPage\":{\"@id\":\"https:\/\/innoticiasbo.com\/index.php\/2024\/10\/08\/escandalo-de-estupro-crece-no-pasaba-los-18-anos-experiodista-de-btv-revela-que-una-menor-acompanaba-a-evo-en-2012\/\"},\"wordCount\":431,\"commentCount\":0,\"publisher\":{\"@id\":\"https:\/\/innoticiasbo.com\/#organization\"},\"image\":{\"@id\":\"https:\/\/innoticiasbo.com\/index.php\/2024\/10\/08\/escandalo-de-estupro-crece-no-pasaba-los-18-anos-experiodista-de-btv-revela-que-una-menor-acompanaba-a-evo-en-2012\/#primaryimage\"},\"thumbnailUrl\":\"https:\/\/i0.wp.com\/innoticiasbo.com\/wp-content\/uploads\/2024\/10\/evo-e1358455199522.jpg?fit=600%2C392&ssl=1\",\"articleSection\":[\"Bolivia\",\"Pol\u00edtica\"],\"inLanguage\":\"es\",\"potentialAction\":[{\"@type\":\"CommentAction\",\"name\":\"Comment\",\"target\":[\"https:\/\/innoticiasbo.com\/index.php\/2024\/10\/08\/escandalo-de-estupro-crece-no-pasaba-los-18-anos-experiodista-de-btv-revela-que-una-menor-acompanaba-a-evo-en-2012\/#respond\"]}]},{\"@type\":\"WebPage\",\"@id\":\"https:\/\/innoticiasbo.com\/index.php\/2024\/10\/08\/escandalo-de-estupro-crece-no-pasaba-los-18-anos-experiodista-de-btv-revela-que-una-menor-acompanaba-a-evo-en-2012\/\",\"url\":\"https:\/\/innoticiasbo.com\/index.php\/2024\/10\/08\/escandalo-de-estupro-crece-no-pasaba-los-18-anos-experiodista-de-btv-revela-que-una-menor-acompanaba-a-evo-en-2012\/\",\"name\":\"ESC\u00c1NDALO DE ESTUPRO CRECE: \u201cNO PASABA LOS 18 A\u00d1OS\u201d, EXPERIODISTA DE BTV REVELA QUE UNA MENOR ACOMPA\u00d1ABA A EVO EN 2012 - innoticiasbo.com\",\"isPartOf\":{\"@id\":\"https:\/\/innoticiasbo.com\/#website\"},\"primaryImageOfPage\":{\"@id\":\"https:\/\/innoticiasbo.com\/index.php\/2024\/10\/08\/escandalo-de-estupro-crece-no-pasaba-los-18-anos-experiodista-de-btv-revela-que-una-menor-acompanaba-a-evo-en-2012\/#primaryimage\"},\"image\":{\"@id\":\"https:\/\/innoticiasbo.com\/index.php\/2024\/10\/08\/escandalo-de-estupro-crece-no-pasaba-los-18-anos-experiodista-de-btv-revela-que-una-menor-acompanaba-a-evo-en-2012\/#primaryimage\"},\"thumbnailUrl\":\"https:\/\/i0.wp.com\/innoticiasbo.com\/wp-content\/uploads\/2024\/10\/evo-e1358455199522.jpg?fit=600%2C392&ssl=1\",\"datePublished\":\"2024-10-08T20:06:31+00:00\",\"dateModified\":\"2024-10-08T20:07:12+00:00\",\"breadcrumb\":{\"@id\":\"https:\/\/innoticiasbo.com\/index.php\/2024\/10\/08\/escandalo-de-estupro-crece-no-pasaba-los-18-anos-experiodista-de-btv-revela-que-una-menor-acompanaba-a-evo-en-2012\/#breadcrumb\"},\"inLanguage\":\"es\",\"potentialAction\":[{\"@type\":\"ReadAction\",\"target\":[\"https:\/\/innoticiasbo.com\/index.php\/2024\/10\/08\/escandalo-de-estupro-crece-no-pasaba-los-18-anos-experiodista-de-btv-revela-que-una-menor-acompanaba-a-evo-en-2012\/\"]}]},{\"@type\":\"ImageObject\",\"inLanguage\":\"es\",\"@id\":\"https:\/\/innoticiasbo.com\/index.php\/2024\/10\/08\/escandalo-de-estupro-crece-no-pasaba-los-18-anos-experiodista-de-btv-revela-que-una-menor-acompanaba-a-evo-en-2012\/#primaryimage\",\"url\":\"https:\/\/i0.wp.com\/innoticiasbo.com\/wp-content\/uploads\/2024\/10\/evo-e1358455199522.jpg?fit=600%2C392&ssl=1\",\"contentUrl\":\"https:\/\/i0.wp.com\/innoticiasbo.com\/wp-content\/uploads\/2024\/10\/evo-e1358455199522.jpg?fit=600%2C392&ssl=1\",\"width\":600,\"height\":392},{\"@type\":\"BreadcrumbList\",\"@id\":\"https:\/\/innoticiasbo.com\/index.php\/2024\/10\/08\/escandalo-de-estupro-crece-no-pasaba-los-18-anos-experiodista-de-btv-revela-que-una-menor-acompanaba-a-evo-en-2012\/#breadcrumb\",\"itemListElement\":[{\"@type\":\"ListItem\",\"position\":1,\"name\":\"Portada\",\"item\":\"https:\/\/innoticiasbo.com\/\"},{\"@type\":\"ListItem\",\"position\":2,\"name\":\"ESC\u00c1NDALO DE ESTUPRO CRECE: \u201cNO PASABA LOS 18 A\u00d1OS\u201d, EXPERIODISTA DE BTV REVELA QUE UNA MENOR ACOMPA\u00d1ABA A EVO EN 2012\"}]},{\"@type\":\"WebSite\",\"@id\":\"https:\/\/innoticiasbo.com\/#website\",\"url\":\"https:\/\/innoticiasbo.com\/\",\"name\":\"innoticiasbo.com\",\"description\":\"\",\"publisher\":{\"@id\":\"https:\/\/innoticiasbo.com\/#organization\"},\"potentialAction\":[{\"@type\":\"SearchAction\",\"target\":{\"@type\":\"EntryPoint\",\"urlTemplate\":\"https:\/\/innoticiasbo.com\/?s={search_term_string}\"},\"query-input\":{\"@type\":\"PropertyValueSpecification\",\"valueRequired\":true,\"valueName\":\"search_term_string\"}}],\"inLanguage\":\"es\"},{\"@type\":\"Organization\",\"@id\":\"https:\/\/innoticiasbo.com\/#organization\",\"name\":\"innoticiasbo.com\",\"url\":\"https:\/\/innoticiasbo.com\/\",\"logo\":{\"@type\":\"ImageObject\",\"inLanguage\":\"es\",\"@id\":\"https:\/\/innoticiasbo.com\/#\/schema\/logo\/image\/\",\"url\":\"https:\/\/i0.wp.com\/innoticiasbo.com\/wp-content\/uploads\/2026\/04\/cropped-IN-LOGO.png?fit=1476%2C1476&ssl=1\",\"contentUrl\":\"https:\/\/i0.wp.com\/innoticiasbo.com\/wp-content\/uploads\/2026\/04\/cropped-IN-LOGO.png?fit=1476%2C1476&ssl=1\",\"width\":1476,\"height\":1476,\"caption\":\"innoticiasbo.com\"},\"image\":{\"@id\":\"https:\/\/innoticiasbo.com\/#\/schema\/logo\/image\/\"},\"sameAs\":[\"https:\/\/www.facebook.com\/innoticiasbolivia\",\"https:\/\/x.com\/innoticiasbo\",\"https:\/\/www.instagram.com\/innoticiasbo\",\"https:\/\/www.youtube.com\/innoticiasbo\"]},{\"@type\":\"Person\",\"@id\":\"https:\/\/innoticiasbo.com\/#\/schema\/person\/589cd527c4211df1b943bdad85ec07ce\",\"name\":\"Prensa\",\"image\":{\"@type\":\"ImageObject\",\"inLanguage\":\"es\",\"@id\":\"https:\/\/innoticiasbo.com\/#\/schema\/person\/image\/\",\"url\":\"https:\/\/secure.gravatar.com\/avatar\/d359bbdf112023c1c0a3ec7fe1600657?s=96&d=mm&r=g\",\"contentUrl\":\"https:\/\/secure.gravatar.com\/avatar\/d359bbdf112023c1c0a3ec7fe1600657?s=96&d=mm&r=g\",\"caption\":\"Prensa\"},\"sameAs\":[\"http:\/\/www.innoticiasbo.com\"],\"url\":\"https:\/\/innoticiasbo.com\/index.php\/author\/prensa\/\"}]}<\/script>\n<!-- \/ Yoast SEO plugin. -->","yoast_head_json":{"title":"ESC\u00c1NDALO DE ESTUPRO CRECE: \u201cNO PASABA LOS 18 A\u00d1OS\u201d, EXPERIODISTA DE BTV REVELA QUE UNA MENOR ACOMPA\u00d1ABA A EVO EN 2012 - innoticiasbo.com","robots":{"index":"index","follow":"follow","max-snippet":"max-snippet:-1","max-image-preview":"max-image-preview:large","max-video-preview":"max-video-preview:-1"},"canonical":"https:\/\/innoticiasbo.com\/index.php\/2024\/10\/08\/escandalo-de-estupro-crece-no-pasaba-los-18-anos-experiodista-de-btv-revela-que-una-menor-acompanaba-a-evo-en-2012\/","og_locale":"es_ES","og_type":"article","og_title":"ESC\u00c1NDALO DE ESTUPRO CRECE: \u201cNO PASABA LOS 18 A\u00d1OS\u201d, EXPERIODISTA DE BTV REVELA QUE UNA MENOR ACOMPA\u00d1ABA A EVO EN 2012 - innoticiasbo.com","og_description":"La Paz, 8 de octubre&nbsp; de 2024.- Marcelo Paredes, experiodista de Bolivia Tv (BTV) entre 2012 y 2013, revel\u00f3 que una menor de edad acompa\u00f1aba al entonces presidente #EvoMorales en 2012 a las diferentes entregas de obras que terminaban, en algunos casos, con fiestas llenas de excesos en habitaciones fuertemente resguardadas. \u201cA nosotros nos enviaban...","og_url":"https:\/\/innoticiasbo.com\/index.php\/2024\/10\/08\/escandalo-de-estupro-crece-no-pasaba-los-18-anos-experiodista-de-btv-revela-que-una-menor-acompanaba-a-evo-en-2012\/","og_site_name":"innoticiasbo.com","article_publisher":"https:\/\/www.facebook.com\/innoticiasbolivia","article_published_time":"2024-10-08T20:06:31+00:00","article_modified_time":"2024-10-08T20:07:12+00:00","og_image":[{"width":600,"height":392,"url":"https:\/\/i0.wp.com\/innoticiasbo.com\/wp-content\/uploads\/2024\/10\/evo-e1358455199522.jpg?fit=600%2C392&ssl=1","type":"image\/jpeg"}],"author":"Prensa","twitter_card":"summary_large_image","twitter_creator":"@innoticiasbo","twitter_site":"@innoticiasbo","twitter_misc":{"Escrito por":"Prensa","Tiempo de lectura":"2 minutos"},"schema":{"@context":"https:\/\/schema.org","@graph":[{"@type":"Article","@id":"https:\/\/innoticiasbo.com\/index.php\/2024\/10\/08\/escandalo-de-estupro-crece-no-pasaba-los-18-anos-experiodista-de-btv-revela-que-una-menor-acompanaba-a-evo-en-2012\/#article","isPartOf":{"@id":"https:\/\/innoticiasbo.com\/index.php\/2024\/10\/08\/escandalo-de-estupro-crece-no-pasaba-los-18-anos-experiodista-de-btv-revela-que-una-menor-acompanaba-a-evo-en-2012\/"},"author":{"name":"Prensa","@id":"https:\/\/innoticiasbo.com\/#\/schema\/person\/589cd527c4211df1b943bdad85ec07ce"},"headline":"ESC\u00c1NDALO DE ESTUPRO CRECE: \u201cNO PASABA LOS 18 A\u00d1OS\u201d, EXPERIODISTA DE BTV REVELA QUE UNA MENOR ACOMPA\u00d1ABA A EVO EN 2012","datePublished":"2024-10-08T20:06:31+00:00","dateModified":"2024-10-08T20:07:12+00:00","mainEntityOfPage":{"@id":"https:\/\/innoticiasbo.com\/index.php\/2024\/10\/08\/escandalo-de-estupro-crece-no-pasaba-los-18-anos-experiodista-de-btv-revela-que-una-menor-acompanaba-a-evo-en-2012\/"},"wordCount":431,"commentCount":0,"publisher":{"@id":"https:\/\/innoticiasbo.com\/#organization"},"image":{"@id":"https:\/\/innoticiasbo.com\/index.php\/2024\/10\/08\/escandalo-de-estupro-crece-no-pasaba-los-18-anos-experiodista-de-btv-revela-que-una-menor-acompanaba-a-evo-en-2012\/#primaryimage"},"thumbnailUrl":"https:\/\/i0.wp.com\/innoticiasbo.com\/wp-content\/uploads\/2024\/10\/evo-e1358455199522.jpg?fit=600%2C392&ssl=1","articleSection":["Bolivia","Pol\u00edtica"],"inLanguage":"es","potentialAction":[{"@type":"CommentAction","name":"Comment","target":["https:\/\/innoticiasbo.com\/index.php\/2024\/10\/08\/escandalo-de-estupro-crece-no-pasaba-los-18-anos-experiodista-de-btv-revela-que-una-menor-acompanaba-a-evo-en-2012\/#respond"]}]},{"@type":"WebPage","@id":"https:\/\/innoticiasbo.com\/index.php\/2024\/10\/08\/escandalo-de-estupro-crece-no-pasaba-los-18-anos-experiodista-de-btv-revela-que-una-menor-acompanaba-a-evo-en-2012\/","url":"https:\/\/innoticiasbo.com\/index.php\/2024\/10\/08\/escandalo-de-estupro-crece-no-pasaba-los-18-anos-experiodista-de-btv-revela-que-una-menor-acompanaba-a-evo-en-2012\/","name":"ESC\u00c1NDALO DE ESTUPRO CRECE: \u201cNO PASABA LOS 18 A\u00d1OS\u201d, EXPERIODISTA DE BTV REVELA QUE UNA MENOR ACOMPA\u00d1ABA A EVO EN 2012 - innoticiasbo.com","isPartOf":{"@id":"https:\/\/innoticiasbo.com\/#website"},"primaryImageOfPage":{"@id":"https:\/\/innoticiasbo.com\/index.php\/2024\/10\/08\/escandalo-de-estupro-crece-no-pasaba-los-18-anos-experiodista-de-btv-revela-que-una-menor-acompanaba-a-evo-en-2012\/#primaryimage"},"image":{"@id":"https:\/\/innoticiasbo.com\/index.php\/2024\/10\/08\/escandalo-de-estupro-crece-no-pasaba-los-18-anos-experiodista-de-btv-revela-que-una-menor-acompanaba-a-evo-en-2012\/#primaryimage"},"thumbnailUrl":"https:\/\/i0.wp.com\/innoticiasbo.com\/wp-content\/uploads\/2024\/10\/evo-e1358455199522.jpg?fit=600%2C392&ssl=1","datePublished":"2024-10-08T20:06:31+00:00","dateModified":"2024-10-08T20:07:12+00:00","breadcrumb":{"@id":"https:\/\/innoticiasbo.com\/index.php\/2024\/10\/08\/escandalo-de-estupro-crece-no-pasaba-los-18-anos-experiodista-de-btv-revela-que-una-menor-acompanaba-a-evo-en-2012\/#breadcrumb"},"inLanguage":"es","potentialAction":[{"@type":"ReadAction","target":["https:\/\/innoticiasbo.com\/index.php\/2024\/10\/08\/escandalo-de-estupro-crece-no-pasaba-los-18-anos-experiodista-de-btv-revela-que-una-menor-acompanaba-a-evo-en-2012\/"]}]},{"@type":"ImageObject","inLanguage":"es","@id":"https:\/\/innoticiasbo.com\/index.php\/2024\/10\/08\/escandalo-de-estupro-crece-no-pasaba-los-18-anos-experiodista-de-btv-revela-que-una-menor-acompanaba-a-evo-en-2012\/#primaryimage","url":"https:\/\/i0.wp.com\/innoticiasbo.com\/wp-content\/uploads\/2024\/10\/evo-e1358455199522.jpg?fit=600%2C392&ssl=1","contentUrl":"https:\/\/i0.wp.com\/innoticiasbo.com\/wp-content\/uploads\/2024\/10\/evo-e1358455199522.jpg?fit=600%2C392&ssl=1","width":600,"height":392},{"@type":"BreadcrumbList","@id":"https:\/\/innoticiasbo.com\/index.php\/2024\/10\/08\/escandalo-de-estupro-crece-no-pasaba-los-18-anos-experiodista-de-btv-revela-que-una-menor-acompanaba-a-evo-en-2012\/#breadcrumb","itemListElement":[{"@type":"ListItem","position":1,"name":"Portada","item":"https:\/\/innoticiasbo.com\/"},{"@type":"ListItem","position":2,"name":"ESC\u00c1NDALO DE ESTUPRO CRECE: \u201cNO PASABA LOS 18 A\u00d1OS\u201d, EXPERIODISTA DE BTV REVELA QUE UNA MENOR ACOMPA\u00d1ABA A EVO EN 2012"}]},{"@type":"WebSite","@id":"https:\/\/innoticiasbo.com\/#website","url":"https:\/\/innoticiasbo.com\/","name":"innoticiasbo.com","description":"","publisher":{"@id":"https:\/\/innoticiasbo.com\/#organization"},"potentialAction":[{"@type":"SearchAction","target":{"@type":"EntryPoint","urlTemplate":"https:\/\/innoticiasbo.com\/?s={search_term_string}"},"query-input":{"@type":"PropertyValueSpecification","valueRequired":true,"valueName":"search_term_string"}}],"inLanguage":"es"},{"@type":"Organization","@id":"https:\/\/innoticiasbo.com\/#organization","name":"innoticiasbo.com","url":"https:\/\/innoticiasbo.com\/","logo":{"@type":"ImageObject","inLanguage":"es","@id":"https:\/\/innoticiasbo.com\/#\/schema\/logo\/image\/","url":"https:\/\/i0.wp.com\/innoticiasbo.com\/wp-content\/uploads\/2026\/04\/cropped-IN-LOGO.png?fit=1476%2C1476&ssl=1","contentUrl":"https:\/\/i0.wp.com\/innoticiasbo.com\/wp-content\/uploads\/2026\/04\/cropped-IN-LOGO.png?fit=1476%2C1476&ssl=1","width":1476,"height":1476,"caption":"innoticiasbo.com"},"image":{"@id":"https:\/\/innoticiasbo.com\/#\/schema\/logo\/image\/"},"sameAs":["https:\/\/www.facebook.com\/innoticiasbolivia","https:\/\/x.com\/innoticiasbo","https:\/\/www.instagram.com\/innoticiasbo","https:\/\/www.youtube.com\/innoticiasbo"]},{"@type":"Person","@id":"https:\/\/innoticiasbo.com\/#\/schema\/person\/589cd527c4211df1b943bdad85ec07ce","name":"Prensa","image":{"@type":"ImageObject","inLanguage":"es","@id":"https:\/\/innoticiasbo.com\/#\/schema\/person\/image\/","url":"https:\/\/secure.gravatar.com\/avatar\/d359bbdf112023c1c0a3ec7fe1600657?s=96&d=mm&r=g","contentUrl":"https:\/\/secure.gravatar.com\/avatar\/d359bbdf112023c1c0a3ec7fe1600657?s=96&d=mm&r=g","caption":"Prensa"},"sameAs":["http:\/\/www.innoticiasbo.com"],"url":"https:\/\/innoticiasbo.com\/index.php\/author\/prensa\/"}]}},"jetpack_featured_media_url":"https:\/\/i0.wp.com\/innoticiasbo.com\/wp-content\/uploads\/2024\/10\/evo-e1358455199522.jpg?fit=600%2C392&ssl=1","jetpack_likes_enabled":true,"jetpack_sharing_enabled":true,"jetpack_shortlink":"https:\/\/wp.me\/pg298x-lV","_links":{"self":[{"href":"https:\/\/innoticiasbo.com\/index.php\/wp-json\/wp\/v2\/posts\/1359","targetHints":{"allow":["GET"]}}],"collection":[{"href":"https:\/\/innoticiasbo.com\/index.php\/wp-json\/wp\/v2\/posts"}],"about":[{"href":"https:\/\/innoticiasbo.com\/index.php\/wp-json\/wp\/v2\/types\/post"}],"author":[{"embeddable":true,"href":"https:\/\/innoticiasbo.com\/index.php\/wp-json\/wp\/v2\/users\/2"}],"replies":[{"embeddable":true,"href":"https:\/\/innoticiasbo.com\/index.php\/wp-json\/wp\/v2\/comments?post=1359"}],"version-history":[{"count":1,"href":"https:\/\/innoticiasbo.com\/index.php\/wp-json\/wp\/v2\/posts\/1359\/revisions"}],"predecessor-version":[{"id":1360,"href":"https:\/\/innoticiasbo.com\/index.php\/wp-json\/wp\/v2\/posts\/1359\/revisions\/1360"}],"wp:featuredmedia":[{"embeddable":true,"href":"https:\/\/innoticiasbo.com\/index.php\/wp-json\/wp\/v2\/media\/1358"}],"wp:attachment":[{"href":"https:\/\/innoticiasbo.com\/index.php\/wp-json\/wp\/v2\/media?parent=1359"}],"wp:term":[{"taxonomy":"category","embeddable":true,"href":"https:\/\/innoticiasbo.com\/index.php\/wp-json\/wp\/v2\/categories?post=1359"},{"taxonomy":"post_tag","embeddable":true,"href":"https:\/\/innoticiasbo.com\/index.php\/wp-json\/wp\/v2\/tags?post=1359"}],"curies":[{"name":"wp","href":"https:\/\/api.w.org\/{rel}","templated":true}]}}