{"id":1338,"date":"2024-10-07T23:34:27","date_gmt":"2024-10-07T23:34:27","guid":{"rendered":"https:\/\/innoticiasbo.com\/?p=1338"},"modified":"2024-10-07T23:34:46","modified_gmt":"2024-10-07T23:34:46","slug":"activista-andrea-garcia-el-estupro-es-delito-de-orden-publico-no-es-vida-privada","status":"publish","type":"post","link":"https:\/\/innoticiasbo.com\/index.php\/2024\/10\/07\/activista-andrea-garcia-el-estupro-es-delito-de-orden-publico-no-es-vida-privada\/","title":{"rendered":"ACTIVISTA ANDREA GARC\u00cdA: \u201cEL ESTUPRO ES DELITO DE ORDEN P\u00daBLICO, NO ES VIDA PRIVADA\u201d"},"content":{"rendered":"\n<p>Cochabamba, 7 de octubre de 2024.- La abogada y activista por los derechos de las mujeres, Andrea Garc\u00eda, explic\u00f3 en #ElAvispero la normativa respecto al estupro, delito por el cual est\u00e1 siendo investigado el expresidente Evo Morales.<\/p>\n\n\n\n<p><br>Se\u00f1al\u00f3 que el art\u00edculo 309 del C\u00f3digo Penal que se\u00f1ala que: \u201cQuien, mediante seducci\u00f3n o enga\u00f1o, tuviera acceso carnal con persona de uno y otro sexo mayor de catorce (14) y menor de dieciocho (18) a\u00f1os, ser\u00e1 sancionado con privaci\u00f3n de libertad de tres (3) a seis (6) a\u00f1os\u201d.<\/p>\n\n\n\n<p><br>Es un delito de orden p\u00fablico y no es vida privada, se\u00f1al\u00f3 porque un adolescente \u201cno tiene la suficiente madurez emocional para elegir tener na relaci\u00f3n sexual con una persona mayor de edad, en este caso la persona (Evo Morales) casi le triplica la edad (\u2026) hay un componente de manipulaci\u00f3n porque la persona de casi 60 a\u00f1os tiene las armas suficientes para manipular a una adolescente\u201d.<\/p>\n\n\n\n<figure class=\"wp-block-image size-large\"><img data-recalc-dims=\"1\" loading=\"lazy\" decoding=\"async\" width=\"600\" height=\"450\" src=\"https:\/\/i0.wp.com\/innoticiasbo.com\/wp-content\/uploads\/2024\/10\/evo16492281068406724344.jpg?resize=600%2C450&#038;ssl=1\" alt=\"\" class=\"wp-image-1333\" srcset=\"https:\/\/i0.wp.com\/innoticiasbo.com\/wp-content\/uploads\/2024\/10\/evo16492281068406724344.jpg?w=600&amp;ssl=1 600w, https:\/\/i0.wp.com\/innoticiasbo.com\/wp-content\/uploads\/2024\/10\/evo16492281068406724344.jpg?resize=300%2C225&amp;ssl=1 300w\" sizes=\"auto, (max-width: 600px) 100vw, 600px\" \/><\/figure>\n\n\n\n<p><br>Explic\u00f3 que en el delito de estupro adem\u00e1s se vulnera la libertad sexual porque el adulto irrumpe el desarrollo sexual normal del adolescente y en este caso nunca puede se\u00f1alarse que existi\u00f3 \u201cconsentimiento\u201d porque los adultos usan sus herramientas de adulto para generar un tipo de v\u00ednculo, complement\u00f3<\/p>\n\n\n\n<p><br>EL CASO CONTRA EVO TIENE AGRAVANTE POR EL EMBARAZO<\/p>\n\n\n\n<p><br>Garc\u00eda explic\u00f3 que Morales podr\u00eda enfrentar una pena de 11 a\u00f1os de prisi\u00f3n considerando que el C\u00f3digo Penal establece el embarazo de una menor de edad como agravante en el inciso K del art\u00edculo 310 de la norma.<\/p>\n\n\n\n<p><br>\u201cEn este caso la v\u00edctima ha quedado embarazada, hay una ni\u00f1a producto de este delito por lo tanto la pena se incrementa con 5 a\u00f1os es decir ser\u00edan 11 a\u00f1os de privaci\u00f3n de libertad porque estamos hablando de un delito de lessa humanidad, estamos hablando de un dleitio en contra de la libertad sexual\u201d, se\u00f1al\u00f3.<\/p>\n\n\n\n<figure class=\"wp-block-image size-large\"><img data-recalc-dims=\"1\" loading=\"lazy\" decoding=\"async\" width=\"640\" height=\"360\" src=\"https:\/\/i0.wp.com\/innoticiasbo.com\/wp-content\/uploads\/2024\/10\/img-20241007-wa02101611124899563230391.jpg?resize=640%2C360&#038;ssl=1\" alt=\"\" class=\"wp-image-1335\" srcset=\"https:\/\/i0.wp.com\/innoticiasbo.com\/wp-content\/uploads\/2024\/10\/img-20241007-wa02101611124899563230391.jpg?resize=1024%2C576&amp;ssl=1 1024w, https:\/\/i0.wp.com\/innoticiasbo.com\/wp-content\/uploads\/2024\/10\/img-20241007-wa02101611124899563230391.jpg?resize=300%2C169&amp;ssl=1 300w, https:\/\/i0.wp.com\/innoticiasbo.com\/wp-content\/uploads\/2024\/10\/img-20241007-wa02101611124899563230391.jpg?resize=768%2C432&amp;ssl=1 768w, https:\/\/i0.wp.com\/innoticiasbo.com\/wp-content\/uploads\/2024\/10\/img-20241007-wa02101611124899563230391.jpg?resize=1536%2C864&amp;ssl=1 1536w, https:\/\/i0.wp.com\/innoticiasbo.com\/wp-content\/uploads\/2024\/10\/img-20241007-wa02101611124899563230391.jpg?w=1600&amp;ssl=1 1600w, https:\/\/i0.wp.com\/innoticiasbo.com\/wp-content\/uploads\/2024\/10\/img-20241007-wa02101611124899563230391.jpg?w=1280&amp;ssl=1 1280w\" sizes=\"auto, (max-width: 640px) 100vw, 640px\" \/><\/figure>\n\n\n\n<figure class=\"wp-block-image\"><img data-recalc-dims=\"1\" loading=\"lazy\" decoding=\"async\" width=\"640\" height=\"360\" src=\"https:\/\/i0.wp.com\/innoticiasbo.com\/wp-content\/uploads\/2024\/10\/img-20241007-wa02096863866416068777520.jpg?resize=640%2C360&#038;ssl=1\" alt=\"\" class=\"wp-image-1334\" srcset=\"https:\/\/i0.wp.com\/innoticiasbo.com\/wp-content\/uploads\/2024\/10\/img-20241007-wa02096863866416068777520.jpg?resize=1024%2C576&amp;ssl=1 1024w, https:\/\/i0.wp.com\/innoticiasbo.com\/wp-content\/uploads\/2024\/10\/img-20241007-wa02096863866416068777520.jpg?resize=300%2C169&amp;ssl=1 300w, https:\/\/i0.wp.com\/innoticiasbo.com\/wp-content\/uploads\/2024\/10\/img-20241007-wa02096863866416068777520.jpg?resize=768%2C432&amp;ssl=1 768w, https:\/\/i0.wp.com\/innoticiasbo.com\/wp-content\/uploads\/2024\/10\/img-20241007-wa02096863866416068777520.jpg?resize=1536%2C864&amp;ssl=1 1536w, https:\/\/i0.wp.com\/innoticiasbo.com\/wp-content\/uploads\/2024\/10\/img-20241007-wa02096863866416068777520.jpg?w=1600&amp;ssl=1 1600w, https:\/\/i0.wp.com\/innoticiasbo.com\/wp-content\/uploads\/2024\/10\/img-20241007-wa02096863866416068777520.jpg?w=1280&amp;ssl=1 1280w\" sizes=\"auto, (max-width: 640px) 100vw, 640px\" \/><\/figure>\n\n\n\n<p><br>\u00bfPUEDE PRESCRIBIR EL CASO DE ESTUPRO?<\/p>\n\n\n\n<p><br>La activista y abogada Andrea Garc\u00eda sostuvo que puede haber prescripci\u00f3n en este tipo de delitos debido a que \u201cmuchos agresores sexuales usan como modus operandi y chicanero de defensa (\u2026) prescribir\u00eda despu\u00e9s de 4 a\u00f1os que la v\u00edctima cumpla 18 a\u00f1os, es decir a los 22 a\u00f1os, siempre y cuando la v\u00edctima no haya accionado denuncia. Se ha accionado denuncia hace 4 a\u00f1os, pero extra\u00f1amente la fiscal\u00eda rechaza cuando hab\u00eda elementos contundentes\u201d, sostuvo.<\/p>\n\n\n\n<p><br>Siin embargo, afirm\u00f3 que existe una l\u00ednea jurisprudencial internacional que se\u00f1ala que los \u201cdelitos de lessa humanidad con tintes de omisi\u00f3n a las libertades sexuales, no prescriben\u201d, por lo que el caso debe ser accionado.<\/p>\n\n\n\n<p><br>Inform\u00f3 que desde la Oficina de Apoyo a la Familia lograron sentencias condenatorias para v\u00edctimas ya mayores de 20 y hasta 30 a\u00f1os, debido a esta jurisprudencia internacional.<\/p>\n\n\n\n<figure class=\"wp-block-image size-large\"><img data-recalc-dims=\"1\" loading=\"lazy\" decoding=\"async\" width=\"640\" height=\"434\" src=\"https:\/\/i0.wp.com\/innoticiasbo.com\/wp-content\/uploads\/2024\/10\/77824044-3e2e-4984-8449-0ad7f38b5b0e8269915099922682941.jpg?resize=640%2C434&#038;ssl=1\" alt=\"\" class=\"wp-image-1336\" srcset=\"https:\/\/i0.wp.com\/innoticiasbo.com\/wp-content\/uploads\/2024\/10\/77824044-3e2e-4984-8449-0ad7f38b5b0e8269915099922682941.jpg?w=840&amp;ssl=1 840w, https:\/\/i0.wp.com\/innoticiasbo.com\/wp-content\/uploads\/2024\/10\/77824044-3e2e-4984-8449-0ad7f38b5b0e8269915099922682941.jpg?resize=300%2C204&amp;ssl=1 300w, https:\/\/i0.wp.com\/innoticiasbo.com\/wp-content\/uploads\/2024\/10\/77824044-3e2e-4984-8449-0ad7f38b5b0e8269915099922682941.jpg?resize=768%2C521&amp;ssl=1 768w\" sizes=\"auto, (max-width: 640px) 100vw, 640px\" \/><\/figure>\n\n\n\n<p><br>\u201cNos toca pelear para que este tipo de delitos no prescriban y las personas que se animen a cometer este tipo de actos delictivos tengan su sanci\u00f3n ya sea que la v\u00edctima sea mayor o menor de edad, el delito se comet\u00f3\u201d, enfatiz\u00f3.<\/p>\n\n\n\n<p><br>Finaliz\u00f3 se\u00f1alando que la madre adolescente, durante el periodo que sostuvo la relaci\u00f3n sentimental con el exmandatario habr\u00eda realizado m\u00e1s de 140 viajes junto a su beb\u00e9 sin tramitar permiso alguno. Cuestion\u00f3 \u201c\u00bfc\u00f3mo pudo realizar tantos viajes una menor de edad con una ni\u00f1a? \u00bfDos menores de edad viajando? \u00bfC\u00f3mo pudo realizar esos viajes sin que sea detectada? Y conluy\u00f3 que el poder de Evo Morales hizo posible toda esta serie de irregularidades.<\/p>\n\n\n\n<h1 class=\"wp-block-heading\">EvoMoralesAyma #AndreaGarc\u00eda #Oficinadeapoyoalafamilia #estupro #innoticias<\/h1>\n","protected":false},"excerpt":{"rendered":"<p>Cochabamba, 7 de octubre de 2024.- La abogada y activista por los derechos de las mujeres, Andrea Garc\u00eda, explic\u00f3 en #ElAvispero la normativa respecto al estupro, delito por el cual est\u00e1 siendo investigado el expresidente Evo Morales. Se\u00f1al\u00f3 que el art\u00edculo 309 del C\u00f3digo Penal que se\u00f1ala que: \u201cQuien, mediante seducci\u00f3n o enga\u00f1o, tuviera acceso&#8230;<\/p>\n","protected":false},"author":2,"featured_media":1337,"comment_status":"open","ping_status":"open","sticky":false,"template":"","format":"standard","meta":{"_jetpack_memberships_contains_paid_content":false,"footnotes":"","jetpack_publicize_message":"","jetpack_publicize_feature_enabled":true,"jetpack_social_post_already_shared":true,"jetpack_social_options":{"image_generator_settings":{"template":"highway","enabled":false},"version":2}},"categories":[1,3],"tags":[],"class_list":["post-1338","post","type-post","status-publish","format-standard","has-post-thumbnail","hentry","category-bolivia","category-politica"],"jetpack_publicize_connections":[],"yoast_head":"<!-- This site is optimized with the Yoast SEO plugin v23.4 - https:\/\/yoast.com\/wordpress\/plugins\/seo\/ -->\n<title>ACTIVISTA ANDREA GARC\u00cdA: \u201cEL ESTUPRO ES DELITO DE ORDEN P\u00daBLICO, NO ES VIDA PRIVADA\u201d - innoticiasbo.com<\/title>\n<meta name=\"robots\" content=\"index, follow, max-snippet:-1, max-image-preview:large, max-video-preview:-1\" \/>\n<link rel=\"canonical\" href=\"https:\/\/innoticiasbo.com\/index.php\/2024\/10\/07\/activista-andrea-garcia-el-estupro-es-delito-de-orden-publico-no-es-vida-privada\/\" \/>\n<meta property=\"og:locale\" content=\"es_ES\" \/>\n<meta property=\"og:type\" content=\"article\" \/>\n<meta property=\"og:title\" content=\"ACTIVISTA ANDREA GARC\u00cdA: \u201cEL ESTUPRO ES DELITO DE ORDEN P\u00daBLICO, NO ES VIDA PRIVADA\u201d - innoticiasbo.com\" \/>\n<meta property=\"og:description\" content=\"Cochabamba, 7 de octubre de 2024.- La abogada y activista por los derechos de las mujeres, Andrea Garc\u00eda, explic\u00f3 en #ElAvispero la normativa respecto al estupro, delito por el cual est\u00e1 siendo investigado el expresidente Evo Morales. Se\u00f1al\u00f3 que el art\u00edculo 309 del C\u00f3digo Penal que se\u00f1ala que: \u201cQuien, mediante seducci\u00f3n o enga\u00f1o, tuviera acceso...\" \/>\n<meta property=\"og:url\" content=\"https:\/\/innoticiasbo.com\/index.php\/2024\/10\/07\/activista-andrea-garcia-el-estupro-es-delito-de-orden-publico-no-es-vida-privada\/\" \/>\n<meta property=\"og:site_name\" content=\"innoticiasbo.com\" \/>\n<meta property=\"article:publisher\" content=\"https:\/\/www.facebook.com\/innoticiasbolivia\" \/>\n<meta property=\"article:published_time\" content=\"2024-10-07T23:34:27+00:00\" \/>\n<meta property=\"article:modified_time\" content=\"2024-10-07T23:34:46+00:00\" \/>\n<meta property=\"og:image\" content=\"https:\/\/i0.wp.com\/innoticiasbo.com\/wp-content\/uploads\/2024\/10\/Screenshot_20241007_192710_CapCut.jpg?fit=1080%2C620&ssl=1\" \/>\n\t<meta property=\"og:image:width\" content=\"1080\" \/>\n\t<meta property=\"og:image:height\" content=\"620\" \/>\n\t<meta property=\"og:image:type\" content=\"image\/jpeg\" \/>\n<meta name=\"author\" content=\"Prensa\" \/>\n<meta name=\"twitter:card\" content=\"summary_large_image\" \/>\n<meta name=\"twitter:creator\" content=\"@innoticiasbo\" \/>\n<meta name=\"twitter:site\" content=\"@innoticiasbo\" \/>\n<meta name=\"twitter:label1\" content=\"Escrito por\" \/>\n\t<meta name=\"twitter:data1\" content=\"Prensa\" \/>\n\t<meta name=\"twitter:label2\" content=\"Tiempo de lectura\" \/>\n\t<meta name=\"twitter:data2\" content=\"3 minutos\" \/>\n<script type=\"application\/ld+json\" class=\"yoast-schema-graph\">{\"@context\":\"https:\/\/schema.org\",\"@graph\":[{\"@type\":\"Article\",\"@id\":\"https:\/\/innoticiasbo.com\/index.php\/2024\/10\/07\/activista-andrea-garcia-el-estupro-es-delito-de-orden-publico-no-es-vida-privada\/#article\",\"isPartOf\":{\"@id\":\"https:\/\/innoticiasbo.com\/index.php\/2024\/10\/07\/activista-andrea-garcia-el-estupro-es-delito-de-orden-publico-no-es-vida-privada\/\"},\"author\":{\"name\":\"Prensa\",\"@id\":\"https:\/\/innoticiasbo.com\/#\/schema\/person\/589cd527c4211df1b943bdad85ec07ce\"},\"headline\":\"ACTIVISTA ANDREA GARC\u00cdA: \u201cEL ESTUPRO ES DELITO DE ORDEN P\u00daBLICO, NO ES VIDA PRIVADA\u201d\",\"datePublished\":\"2024-10-07T23:34:27+00:00\",\"dateModified\":\"2024-10-07T23:34:46+00:00\",\"mainEntityOfPage\":{\"@id\":\"https:\/\/innoticiasbo.com\/index.php\/2024\/10\/07\/activista-andrea-garcia-el-estupro-es-delito-de-orden-publico-no-es-vida-privada\/\"},\"wordCount\":622,\"commentCount\":0,\"publisher\":{\"@id\":\"https:\/\/innoticiasbo.com\/#organization\"},\"image\":{\"@id\":\"https:\/\/innoticiasbo.com\/index.php\/2024\/10\/07\/activista-andrea-garcia-el-estupro-es-delito-de-orden-publico-no-es-vida-privada\/#primaryimage\"},\"thumbnailUrl\":\"https:\/\/i0.wp.com\/innoticiasbo.com\/wp-content\/uploads\/2024\/10\/Screenshot_20241007_192710_CapCut.jpg?fit=1080%2C620&ssl=1\",\"articleSection\":[\"Bolivia\",\"Pol\u00edtica\"],\"inLanguage\":\"es\",\"potentialAction\":[{\"@type\":\"CommentAction\",\"name\":\"Comment\",\"target\":[\"https:\/\/innoticiasbo.com\/index.php\/2024\/10\/07\/activista-andrea-garcia-el-estupro-es-delito-de-orden-publico-no-es-vida-privada\/#respond\"]}]},{\"@type\":\"WebPage\",\"@id\":\"https:\/\/innoticiasbo.com\/index.php\/2024\/10\/07\/activista-andrea-garcia-el-estupro-es-delito-de-orden-publico-no-es-vida-privada\/\",\"url\":\"https:\/\/innoticiasbo.com\/index.php\/2024\/10\/07\/activista-andrea-garcia-el-estupro-es-delito-de-orden-publico-no-es-vida-privada\/\",\"name\":\"ACTIVISTA ANDREA GARC\u00cdA: \u201cEL ESTUPRO ES DELITO DE ORDEN P\u00daBLICO, NO ES VIDA PRIVADA\u201d - innoticiasbo.com\",\"isPartOf\":{\"@id\":\"https:\/\/innoticiasbo.com\/#website\"},\"primaryImageOfPage\":{\"@id\":\"https:\/\/innoticiasbo.com\/index.php\/2024\/10\/07\/activista-andrea-garcia-el-estupro-es-delito-de-orden-publico-no-es-vida-privada\/#primaryimage\"},\"image\":{\"@id\":\"https:\/\/innoticiasbo.com\/index.php\/2024\/10\/07\/activista-andrea-garcia-el-estupro-es-delito-de-orden-publico-no-es-vida-privada\/#primaryimage\"},\"thumbnailUrl\":\"https:\/\/i0.wp.com\/innoticiasbo.com\/wp-content\/uploads\/2024\/10\/Screenshot_20241007_192710_CapCut.jpg?fit=1080%2C620&ssl=1\",\"datePublished\":\"2024-10-07T23:34:27+00:00\",\"dateModified\":\"2024-10-07T23:34:46+00:00\",\"breadcrumb\":{\"@id\":\"https:\/\/innoticiasbo.com\/index.php\/2024\/10\/07\/activista-andrea-garcia-el-estupro-es-delito-de-orden-publico-no-es-vida-privada\/#breadcrumb\"},\"inLanguage\":\"es\",\"potentialAction\":[{\"@type\":\"ReadAction\",\"target\":[\"https:\/\/innoticiasbo.com\/index.php\/2024\/10\/07\/activista-andrea-garcia-el-estupro-es-delito-de-orden-publico-no-es-vida-privada\/\"]}]},{\"@type\":\"ImageObject\",\"inLanguage\":\"es\",\"@id\":\"https:\/\/innoticiasbo.com\/index.php\/2024\/10\/07\/activista-andrea-garcia-el-estupro-es-delito-de-orden-publico-no-es-vida-privada\/#primaryimage\",\"url\":\"https:\/\/i0.wp.com\/innoticiasbo.com\/wp-content\/uploads\/2024\/10\/Screenshot_20241007_192710_CapCut.jpg?fit=1080%2C620&ssl=1\",\"contentUrl\":\"https:\/\/i0.wp.com\/innoticiasbo.com\/wp-content\/uploads\/2024\/10\/Screenshot_20241007_192710_CapCut.jpg?fit=1080%2C620&ssl=1\",\"width\":1080,\"height\":620},{\"@type\":\"BreadcrumbList\",\"@id\":\"https:\/\/innoticiasbo.com\/index.php\/2024\/10\/07\/activista-andrea-garcia-el-estupro-es-delito-de-orden-publico-no-es-vida-privada\/#breadcrumb\",\"itemListElement\":[{\"@type\":\"ListItem\",\"position\":1,\"name\":\"Portada\",\"item\":\"https:\/\/innoticiasbo.com\/\"},{\"@type\":\"ListItem\",\"position\":2,\"name\":\"ACTIVISTA ANDREA GARC\u00cdA: \u201cEL ESTUPRO ES DELITO DE ORDEN P\u00daBLICO, NO ES VIDA PRIVADA\u201d\"}]},{\"@type\":\"WebSite\",\"@id\":\"https:\/\/innoticiasbo.com\/#website\",\"url\":\"https:\/\/innoticiasbo.com\/\",\"name\":\"innoticiasbo.com\",\"description\":\"\",\"publisher\":{\"@id\":\"https:\/\/innoticiasbo.com\/#organization\"},\"potentialAction\":[{\"@type\":\"SearchAction\",\"target\":{\"@type\":\"EntryPoint\",\"urlTemplate\":\"https:\/\/innoticiasbo.com\/?s={search_term_string}\"},\"query-input\":{\"@type\":\"PropertyValueSpecification\",\"valueRequired\":true,\"valueName\":\"search_term_string\"}}],\"inLanguage\":\"es\"},{\"@type\":\"Organization\",\"@id\":\"https:\/\/innoticiasbo.com\/#organization\",\"name\":\"innoticiasbo.com\",\"url\":\"https:\/\/innoticiasbo.com\/\",\"logo\":{\"@type\":\"ImageObject\",\"inLanguage\":\"es\",\"@id\":\"https:\/\/innoticiasbo.com\/#\/schema\/logo\/image\/\",\"url\":\"https:\/\/i0.wp.com\/innoticiasbo.com\/wp-content\/uploads\/2026\/04\/cropped-IN-LOGO.png?fit=1476%2C1476&ssl=1\",\"contentUrl\":\"https:\/\/i0.wp.com\/innoticiasbo.com\/wp-content\/uploads\/2026\/04\/cropped-IN-LOGO.png?fit=1476%2C1476&ssl=1\",\"width\":1476,\"height\":1476,\"caption\":\"innoticiasbo.com\"},\"image\":{\"@id\":\"https:\/\/innoticiasbo.com\/#\/schema\/logo\/image\/\"},\"sameAs\":[\"https:\/\/www.facebook.com\/innoticiasbolivia\",\"https:\/\/x.com\/innoticiasbo\",\"https:\/\/www.instagram.com\/innoticiasbo\",\"https:\/\/www.youtube.com\/innoticiasbo\"]},{\"@type\":\"Person\",\"@id\":\"https:\/\/innoticiasbo.com\/#\/schema\/person\/589cd527c4211df1b943bdad85ec07ce\",\"name\":\"Prensa\",\"image\":{\"@type\":\"ImageObject\",\"inLanguage\":\"es\",\"@id\":\"https:\/\/innoticiasbo.com\/#\/schema\/person\/image\/\",\"url\":\"https:\/\/secure.gravatar.com\/avatar\/d359bbdf112023c1c0a3ec7fe1600657?s=96&d=mm&r=g\",\"contentUrl\":\"https:\/\/secure.gravatar.com\/avatar\/d359bbdf112023c1c0a3ec7fe1600657?s=96&d=mm&r=g\",\"caption\":\"Prensa\"},\"sameAs\":[\"http:\/\/www.innoticiasbo.com\"],\"url\":\"https:\/\/innoticiasbo.com\/index.php\/author\/prensa\/\"}]}<\/script>\n<!-- \/ Yoast SEO plugin. -->","yoast_head_json":{"title":"ACTIVISTA ANDREA GARC\u00cdA: \u201cEL ESTUPRO ES DELITO DE ORDEN P\u00daBLICO, NO ES VIDA PRIVADA\u201d - innoticiasbo.com","robots":{"index":"index","follow":"follow","max-snippet":"max-snippet:-1","max-image-preview":"max-image-preview:large","max-video-preview":"max-video-preview:-1"},"canonical":"https:\/\/innoticiasbo.com\/index.php\/2024\/10\/07\/activista-andrea-garcia-el-estupro-es-delito-de-orden-publico-no-es-vida-privada\/","og_locale":"es_ES","og_type":"article","og_title":"ACTIVISTA ANDREA GARC\u00cdA: \u201cEL ESTUPRO ES DELITO DE ORDEN P\u00daBLICO, NO ES VIDA PRIVADA\u201d - innoticiasbo.com","og_description":"Cochabamba, 7 de octubre de 2024.- La abogada y activista por los derechos de las mujeres, Andrea Garc\u00eda, explic\u00f3 en #ElAvispero la normativa respecto al estupro, delito por el cual est\u00e1 siendo investigado el expresidente Evo Morales. Se\u00f1al\u00f3 que el art\u00edculo 309 del C\u00f3digo Penal que se\u00f1ala que: \u201cQuien, mediante seducci\u00f3n o enga\u00f1o, tuviera acceso...","og_url":"https:\/\/innoticiasbo.com\/index.php\/2024\/10\/07\/activista-andrea-garcia-el-estupro-es-delito-de-orden-publico-no-es-vida-privada\/","og_site_name":"innoticiasbo.com","article_publisher":"https:\/\/www.facebook.com\/innoticiasbolivia","article_published_time":"2024-10-07T23:34:27+00:00","article_modified_time":"2024-10-07T23:34:46+00:00","og_image":[{"width":1080,"height":620,"url":"https:\/\/i0.wp.com\/innoticiasbo.com\/wp-content\/uploads\/2024\/10\/Screenshot_20241007_192710_CapCut.jpg?fit=1080%2C620&ssl=1","type":"image\/jpeg"}],"author":"Prensa","twitter_card":"summary_large_image","twitter_creator":"@innoticiasbo","twitter_site":"@innoticiasbo","twitter_misc":{"Escrito por":"Prensa","Tiempo de lectura":"3 minutos"},"schema":{"@context":"https:\/\/schema.org","@graph":[{"@type":"Article","@id":"https:\/\/innoticiasbo.com\/index.php\/2024\/10\/07\/activista-andrea-garcia-el-estupro-es-delito-de-orden-publico-no-es-vida-privada\/#article","isPartOf":{"@id":"https:\/\/innoticiasbo.com\/index.php\/2024\/10\/07\/activista-andrea-garcia-el-estupro-es-delito-de-orden-publico-no-es-vida-privada\/"},"author":{"name":"Prensa","@id":"https:\/\/innoticiasbo.com\/#\/schema\/person\/589cd527c4211df1b943bdad85ec07ce"},"headline":"ACTIVISTA ANDREA GARC\u00cdA: \u201cEL ESTUPRO ES DELITO DE ORDEN P\u00daBLICO, NO ES VIDA PRIVADA\u201d","datePublished":"2024-10-07T23:34:27+00:00","dateModified":"2024-10-07T23:34:46+00:00","mainEntityOfPage":{"@id":"https:\/\/innoticiasbo.com\/index.php\/2024\/10\/07\/activista-andrea-garcia-el-estupro-es-delito-de-orden-publico-no-es-vida-privada\/"},"wordCount":622,"commentCount":0,"publisher":{"@id":"https:\/\/innoticiasbo.com\/#organization"},"image":{"@id":"https:\/\/innoticiasbo.com\/index.php\/2024\/10\/07\/activista-andrea-garcia-el-estupro-es-delito-de-orden-publico-no-es-vida-privada\/#primaryimage"},"thumbnailUrl":"https:\/\/i0.wp.com\/innoticiasbo.com\/wp-content\/uploads\/2024\/10\/Screenshot_20241007_192710_CapCut.jpg?fit=1080%2C620&ssl=1","articleSection":["Bolivia","Pol\u00edtica"],"inLanguage":"es","potentialAction":[{"@type":"CommentAction","name":"Comment","target":["https:\/\/innoticiasbo.com\/index.php\/2024\/10\/07\/activista-andrea-garcia-el-estupro-es-delito-de-orden-publico-no-es-vida-privada\/#respond"]}]},{"@type":"WebPage","@id":"https:\/\/innoticiasbo.com\/index.php\/2024\/10\/07\/activista-andrea-garcia-el-estupro-es-delito-de-orden-publico-no-es-vida-privada\/","url":"https:\/\/innoticiasbo.com\/index.php\/2024\/10\/07\/activista-andrea-garcia-el-estupro-es-delito-de-orden-publico-no-es-vida-privada\/","name":"ACTIVISTA ANDREA GARC\u00cdA: \u201cEL ESTUPRO ES DELITO DE ORDEN P\u00daBLICO, NO ES VIDA PRIVADA\u201d - innoticiasbo.com","isPartOf":{"@id":"https:\/\/innoticiasbo.com\/#website"},"primaryImageOfPage":{"@id":"https:\/\/innoticiasbo.com\/index.php\/2024\/10\/07\/activista-andrea-garcia-el-estupro-es-delito-de-orden-publico-no-es-vida-privada\/#primaryimage"},"image":{"@id":"https:\/\/innoticiasbo.com\/index.php\/2024\/10\/07\/activista-andrea-garcia-el-estupro-es-delito-de-orden-publico-no-es-vida-privada\/#primaryimage"},"thumbnailUrl":"https:\/\/i0.wp.com\/innoticiasbo.com\/wp-content\/uploads\/2024\/10\/Screenshot_20241007_192710_CapCut.jpg?fit=1080%2C620&ssl=1","datePublished":"2024-10-07T23:34:27+00:00","dateModified":"2024-10-07T23:34:46+00:00","breadcrumb":{"@id":"https:\/\/innoticiasbo.com\/index.php\/2024\/10\/07\/activista-andrea-garcia-el-estupro-es-delito-de-orden-publico-no-es-vida-privada\/#breadcrumb"},"inLanguage":"es","potentialAction":[{"@type":"ReadAction","target":["https:\/\/innoticiasbo.com\/index.php\/2024\/10\/07\/activista-andrea-garcia-el-estupro-es-delito-de-orden-publico-no-es-vida-privada\/"]}]},{"@type":"ImageObject","inLanguage":"es","@id":"https:\/\/innoticiasbo.com\/index.php\/2024\/10\/07\/activista-andrea-garcia-el-estupro-es-delito-de-orden-publico-no-es-vida-privada\/#primaryimage","url":"https:\/\/i0.wp.com\/innoticiasbo.com\/wp-content\/uploads\/2024\/10\/Screenshot_20241007_192710_CapCut.jpg?fit=1080%2C620&ssl=1","contentUrl":"https:\/\/i0.wp.com\/innoticiasbo.com\/wp-content\/uploads\/2024\/10\/Screenshot_20241007_192710_CapCut.jpg?fit=1080%2C620&ssl=1","width":1080,"height":620},{"@type":"BreadcrumbList","@id":"https:\/\/innoticiasbo.com\/index.php\/2024\/10\/07\/activista-andrea-garcia-el-estupro-es-delito-de-orden-publico-no-es-vida-privada\/#breadcrumb","itemListElement":[{"@type":"ListItem","position":1,"name":"Portada","item":"https:\/\/innoticiasbo.com\/"},{"@type":"ListItem","position":2,"name":"ACTIVISTA ANDREA GARC\u00cdA: \u201cEL ESTUPRO ES DELITO DE ORDEN P\u00daBLICO, NO ES VIDA PRIVADA\u201d"}]},{"@type":"WebSite","@id":"https:\/\/innoticiasbo.com\/#website","url":"https:\/\/innoticiasbo.com\/","name":"innoticiasbo.com","description":"","publisher":{"@id":"https:\/\/innoticiasbo.com\/#organization"},"potentialAction":[{"@type":"SearchAction","target":{"@type":"EntryPoint","urlTemplate":"https:\/\/innoticiasbo.com\/?s={search_term_string}"},"query-input":{"@type":"PropertyValueSpecification","valueRequired":true,"valueName":"search_term_string"}}],"inLanguage":"es"},{"@type":"Organization","@id":"https:\/\/innoticiasbo.com\/#organization","name":"innoticiasbo.com","url":"https:\/\/innoticiasbo.com\/","logo":{"@type":"ImageObject","inLanguage":"es","@id":"https:\/\/innoticiasbo.com\/#\/schema\/logo\/image\/","url":"https:\/\/i0.wp.com\/innoticiasbo.com\/wp-content\/uploads\/2026\/04\/cropped-IN-LOGO.png?fit=1476%2C1476&ssl=1","contentUrl":"https:\/\/i0.wp.com\/innoticiasbo.com\/wp-content\/uploads\/2026\/04\/cropped-IN-LOGO.png?fit=1476%2C1476&ssl=1","width":1476,"height":1476,"caption":"innoticiasbo.com"},"image":{"@id":"https:\/\/innoticiasbo.com\/#\/schema\/logo\/image\/"},"sameAs":["https:\/\/www.facebook.com\/innoticiasbolivia","https:\/\/x.com\/innoticiasbo","https:\/\/www.instagram.com\/innoticiasbo","https:\/\/www.youtube.com\/innoticiasbo"]},{"@type":"Person","@id":"https:\/\/innoticiasbo.com\/#\/schema\/person\/589cd527c4211df1b943bdad85ec07ce","name":"Prensa","image":{"@type":"ImageObject","inLanguage":"es","@id":"https:\/\/innoticiasbo.com\/#\/schema\/person\/image\/","url":"https:\/\/secure.gravatar.com\/avatar\/d359bbdf112023c1c0a3ec7fe1600657?s=96&d=mm&r=g","contentUrl":"https:\/\/secure.gravatar.com\/avatar\/d359bbdf112023c1c0a3ec7fe1600657?s=96&d=mm&r=g","caption":"Prensa"},"sameAs":["http:\/\/www.innoticiasbo.com"],"url":"https:\/\/innoticiasbo.com\/index.php\/author\/prensa\/"}]}},"jetpack_featured_media_url":"https:\/\/i0.wp.com\/innoticiasbo.com\/wp-content\/uploads\/2024\/10\/Screenshot_20241007_192710_CapCut.jpg?fit=1080%2C620&ssl=1","jetpack_likes_enabled":true,"jetpack_sharing_enabled":true,"jetpack_shortlink":"https:\/\/wp.me\/pg298x-lA","_links":{"self":[{"href":"https:\/\/innoticiasbo.com\/index.php\/wp-json\/wp\/v2\/posts\/1338","targetHints":{"allow":["GET"]}}],"collection":[{"href":"https:\/\/innoticiasbo.com\/index.php\/wp-json\/wp\/v2\/posts"}],"about":[{"href":"https:\/\/innoticiasbo.com\/index.php\/wp-json\/wp\/v2\/types\/post"}],"author":[{"embeddable":true,"href":"https:\/\/innoticiasbo.com\/index.php\/wp-json\/wp\/v2\/users\/2"}],"replies":[{"embeddable":true,"href":"https:\/\/innoticiasbo.com\/index.php\/wp-json\/wp\/v2\/comments?post=1338"}],"version-history":[{"count":1,"href":"https:\/\/innoticiasbo.com\/index.php\/wp-json\/wp\/v2\/posts\/1338\/revisions"}],"predecessor-version":[{"id":1339,"href":"https:\/\/innoticiasbo.com\/index.php\/wp-json\/wp\/v2\/posts\/1338\/revisions\/1339"}],"wp:featuredmedia":[{"embeddable":true,"href":"https:\/\/innoticiasbo.com\/index.php\/wp-json\/wp\/v2\/media\/1337"}],"wp:attachment":[{"href":"https:\/\/innoticiasbo.com\/index.php\/wp-json\/wp\/v2\/media?parent=1338"}],"wp:term":[{"taxonomy":"category","embeddable":true,"href":"https:\/\/innoticiasbo.com\/index.php\/wp-json\/wp\/v2\/categories?post=1338"},{"taxonomy":"post_tag","embeddable":true,"href":"https:\/\/innoticiasbo.com\/index.php\/wp-json\/wp\/v2\/tags?post=1338"}],"curies":[{"name":"wp","href":"https:\/\/api.w.org\/{rel}","templated":true}]}}