{"id":1325,"date":"2024-10-07T15:35:36","date_gmt":"2024-10-07T15:35:36","guid":{"rendered":"https:\/\/innoticiasbo.com\/?p=1325"},"modified":"2024-10-07T15:35:45","modified_gmt":"2024-10-07T15:35:45","slug":"restituyen-como-fiscal-a-sandra-gutierrez-quien-emitio-orden-de-aprehension-contra-evo","status":"publish","type":"post","link":"https:\/\/innoticiasbo.com\/index.php\/2024\/10\/07\/restituyen-como-fiscal-a-sandra-gutierrez-quien-emitio-orden-de-aprehension-contra-evo\/","title":{"rendered":"RESTITUYEN COMO FISCAL A SANDRA GUTI\u00c9RREZ, QUIEN EMITI\u00d3 ORDEN DE APREHENSI\u00d3N CONTRA EVO"},"content":{"rendered":"\n<p>Chuquisaca, 7 de octubre de 2024.- Este lunes, Sandra Guti\u00e9rrez regres\u00f3 a sus funciones como fiscal departamental de Tarija, luego de ser destituida por emitir una orden de aprehensi\u00f3n contra el expresidente Evo Morales.<\/p>\n\n\n\n<p>Guti\u00e9rrez dijo que el viernes pasado, la presidenta nacional de derechos humanos, Virginia Hugarte, present\u00f3 una acci\u00f3n de libertad, cuya audiencia se llev\u00f3 a cabo el s\u00e1bado.<\/p>\n\n\n\n<figure class=\"wp-block-image size-large\"><img data-recalc-dims=\"1\" loading=\"lazy\" decoding=\"async\" width=\"640\" height=\"432\" src=\"https:\/\/i0.wp.com\/innoticiasbo.com\/wp-content\/uploads\/2024\/10\/sandra-7_03951941919380910431.jpg?resize=640%2C432&#038;ssl=1\" alt=\"\" class=\"wp-image-1323\" srcset=\"https:\/\/i0.wp.com\/innoticiasbo.com\/wp-content\/uploads\/2024\/10\/sandra-7_03951941919380910431.jpg?w=992&amp;ssl=1 992w, https:\/\/i0.wp.com\/innoticiasbo.com\/wp-content\/uploads\/2024\/10\/sandra-7_03951941919380910431.jpg?resize=300%2C202&amp;ssl=1 300w, https:\/\/i0.wp.com\/innoticiasbo.com\/wp-content\/uploads\/2024\/10\/sandra-7_03951941919380910431.jpg?resize=768%2C518&amp;ssl=1 768w\" sizes=\"auto, (max-width: 640px) 100vw, 640px\" \/><\/figure>\n\n\n\n<p>En la reuni\u00f3n se expuso los motivos por los cuales Guti\u00e9rrez fue destituida junto a otros dos fiscales que conformaban el equipo que investigaba el caso de estupro y trata. Tras la audiencia, del que participaron los abogados de la Fiscal\u00eda General y el Fiscal General en suplencia, se concluy\u00f3 que la destituci\u00f3n fue ilegal y arbitraria.<\/p>\n\n\n\n<p>\u201cEl juez cautelar de lucha contra la violencia a la mujer y corrupci\u00f3n de la ciudad de La Paz, quien emiti\u00f3 la resoluci\u00f3n, dejando sin efecto la resoluci\u00f3n que me destitu\u00eda\u201d, expuso Guti\u00e9rrez y a\u00f1adi\u00f3 que se deber\u00eda restituir a los otros dos fiscales que tambi\u00e9n fueron apartados de sus cargos.<\/p>\n\n\n\n<h1 class=\"wp-block-heading\">SandraGutierrez #JuanLanchipa #innoticias<\/h1>\n","protected":false},"excerpt":{"rendered":"<p>Chuquisaca, 7 de octubre de 2024.- Este lunes, Sandra Guti\u00e9rrez regres\u00f3 a sus funciones como fiscal departamental de Tarija, luego de ser destituida por emitir una orden de aprehensi\u00f3n contra el expresidente Evo Morales. Guti\u00e9rrez dijo que el viernes pasado, la presidenta nacional de derechos humanos, Virginia Hugarte, present\u00f3 una acci\u00f3n de libertad, cuya audiencia&#8230;<\/p>\n","protected":false},"author":2,"featured_media":1324,"comment_status":"open","ping_status":"open","sticky":false,"template":"","format":"standard","meta":{"_jetpack_memberships_contains_paid_content":false,"footnotes":"","jetpack_publicize_message":"","jetpack_publicize_feature_enabled":true,"jetpack_social_post_already_shared":true,"jetpack_social_options":{"image_generator_settings":{"template":"highway","enabled":false},"version":2}},"categories":[1,3],"tags":[],"class_list":["post-1325","post","type-post","status-publish","format-standard","has-post-thumbnail","hentry","category-bolivia","category-politica"],"jetpack_publicize_connections":[],"yoast_head":"<!-- This site is optimized with the Yoast SEO plugin v23.4 - https:\/\/yoast.com\/wordpress\/plugins\/seo\/ -->\n<title>RESTITUYEN COMO FISCAL A SANDRA GUTI\u00c9RREZ, QUIEN EMITI\u00d3 ORDEN DE APREHENSI\u00d3N CONTRA EVO - innoticiasbo.com<\/title>\n<meta name=\"robots\" content=\"index, follow, max-snippet:-1, max-image-preview:large, max-video-preview:-1\" \/>\n<link rel=\"canonical\" href=\"https:\/\/innoticiasbo.com\/index.php\/2024\/10\/07\/restituyen-como-fiscal-a-sandra-gutierrez-quien-emitio-orden-de-aprehension-contra-evo\/\" \/>\n<meta property=\"og:locale\" content=\"es_ES\" \/>\n<meta property=\"og:type\" content=\"article\" \/>\n<meta property=\"og:title\" content=\"RESTITUYEN COMO FISCAL A SANDRA GUTI\u00c9RREZ, QUIEN EMITI\u00d3 ORDEN DE APREHENSI\u00d3N CONTRA EVO - innoticiasbo.com\" \/>\n<meta property=\"og:description\" content=\"Chuquisaca, 7 de octubre de 2024.- Este lunes, Sandra Guti\u00e9rrez regres\u00f3 a sus funciones como fiscal departamental de Tarija, luego de ser destituida por emitir una orden de aprehensi\u00f3n contra el expresidente Evo Morales. Guti\u00e9rrez dijo que el viernes pasado, la presidenta nacional de derechos humanos, Virginia Hugarte, present\u00f3 una acci\u00f3n de libertad, cuya audiencia...\" \/>\n<meta property=\"og:url\" content=\"https:\/\/innoticiasbo.com\/index.php\/2024\/10\/07\/restituyen-como-fiscal-a-sandra-gutierrez-quien-emitio-orden-de-aprehension-contra-evo\/\" \/>\n<meta property=\"og:site_name\" content=\"innoticiasbo.com\" \/>\n<meta property=\"article:publisher\" content=\"https:\/\/www.facebook.com\/innoticiasbolivia\" \/>\n<meta property=\"article:published_time\" content=\"2024-10-07T15:35:36+00:00\" \/>\n<meta property=\"article:modified_time\" content=\"2024-10-07T15:35:45+00:00\" \/>\n<meta property=\"og:image\" content=\"https:\/\/i0.wp.com\/innoticiasbo.com\/wp-content\/uploads\/2024\/10\/sandra-7_0.jpg?fit=992%2C669&ssl=1\" \/>\n\t<meta property=\"og:image:width\" content=\"992\" \/>\n\t<meta property=\"og:image:height\" content=\"669\" \/>\n\t<meta property=\"og:image:type\" content=\"image\/jpeg\" \/>\n<meta name=\"author\" content=\"Prensa\" \/>\n<meta name=\"twitter:card\" content=\"summary_large_image\" \/>\n<meta name=\"twitter:creator\" content=\"@innoticiasbo\" \/>\n<meta name=\"twitter:site\" content=\"@innoticiasbo\" \/>\n<meta name=\"twitter:label1\" content=\"Escrito por\" \/>\n\t<meta name=\"twitter:data1\" content=\"Prensa\" \/>\n\t<meta name=\"twitter:label2\" content=\"Tiempo de lectura\" \/>\n\t<meta name=\"twitter:data2\" content=\"1 minuto\" \/>\n<script type=\"application\/ld+json\" class=\"yoast-schema-graph\">{\"@context\":\"https:\/\/schema.org\",\"@graph\":[{\"@type\":\"Article\",\"@id\":\"https:\/\/innoticiasbo.com\/index.php\/2024\/10\/07\/restituyen-como-fiscal-a-sandra-gutierrez-quien-emitio-orden-de-aprehension-contra-evo\/#article\",\"isPartOf\":{\"@id\":\"https:\/\/innoticiasbo.com\/index.php\/2024\/10\/07\/restituyen-como-fiscal-a-sandra-gutierrez-quien-emitio-orden-de-aprehension-contra-evo\/\"},\"author\":{\"name\":\"Prensa\",\"@id\":\"https:\/\/innoticiasbo.com\/#\/schema\/person\/589cd527c4211df1b943bdad85ec07ce\"},\"headline\":\"RESTITUYEN COMO FISCAL A SANDRA GUTI\u00c9RREZ, QUIEN EMITI\u00d3 ORDEN DE APREHENSI\u00d3N CONTRA EVO\",\"datePublished\":\"2024-10-07T15:35:36+00:00\",\"dateModified\":\"2024-10-07T15:35:45+00:00\",\"mainEntityOfPage\":{\"@id\":\"https:\/\/innoticiasbo.com\/index.php\/2024\/10\/07\/restituyen-como-fiscal-a-sandra-gutierrez-quien-emitio-orden-de-aprehension-contra-evo\/\"},\"wordCount\":203,\"commentCount\":0,\"publisher\":{\"@id\":\"https:\/\/innoticiasbo.com\/#organization\"},\"image\":{\"@id\":\"https:\/\/innoticiasbo.com\/index.php\/2024\/10\/07\/restituyen-como-fiscal-a-sandra-gutierrez-quien-emitio-orden-de-aprehension-contra-evo\/#primaryimage\"},\"thumbnailUrl\":\"https:\/\/i0.wp.com\/innoticiasbo.com\/wp-content\/uploads\/2024\/10\/sandra-7_0.jpg?fit=992%2C669&ssl=1\",\"articleSection\":[\"Bolivia\",\"Pol\u00edtica\"],\"inLanguage\":\"es\",\"potentialAction\":[{\"@type\":\"CommentAction\",\"name\":\"Comment\",\"target\":[\"https:\/\/innoticiasbo.com\/index.php\/2024\/10\/07\/restituyen-como-fiscal-a-sandra-gutierrez-quien-emitio-orden-de-aprehension-contra-evo\/#respond\"]}]},{\"@type\":\"WebPage\",\"@id\":\"https:\/\/innoticiasbo.com\/index.php\/2024\/10\/07\/restituyen-como-fiscal-a-sandra-gutierrez-quien-emitio-orden-de-aprehension-contra-evo\/\",\"url\":\"https:\/\/innoticiasbo.com\/index.php\/2024\/10\/07\/restituyen-como-fiscal-a-sandra-gutierrez-quien-emitio-orden-de-aprehension-contra-evo\/\",\"name\":\"RESTITUYEN COMO FISCAL A SANDRA GUTI\u00c9RREZ, QUIEN EMITI\u00d3 ORDEN DE APREHENSI\u00d3N CONTRA EVO - innoticiasbo.com\",\"isPartOf\":{\"@id\":\"https:\/\/innoticiasbo.com\/#website\"},\"primaryImageOfPage\":{\"@id\":\"https:\/\/innoticiasbo.com\/index.php\/2024\/10\/07\/restituyen-como-fiscal-a-sandra-gutierrez-quien-emitio-orden-de-aprehension-contra-evo\/#primaryimage\"},\"image\":{\"@id\":\"https:\/\/innoticiasbo.com\/index.php\/2024\/10\/07\/restituyen-como-fiscal-a-sandra-gutierrez-quien-emitio-orden-de-aprehension-contra-evo\/#primaryimage\"},\"thumbnailUrl\":\"https:\/\/i0.wp.com\/innoticiasbo.com\/wp-content\/uploads\/2024\/10\/sandra-7_0.jpg?fit=992%2C669&ssl=1\",\"datePublished\":\"2024-10-07T15:35:36+00:00\",\"dateModified\":\"2024-10-07T15:35:45+00:00\",\"breadcrumb\":{\"@id\":\"https:\/\/innoticiasbo.com\/index.php\/2024\/10\/07\/restituyen-como-fiscal-a-sandra-gutierrez-quien-emitio-orden-de-aprehension-contra-evo\/#breadcrumb\"},\"inLanguage\":\"es\",\"potentialAction\":[{\"@type\":\"ReadAction\",\"target\":[\"https:\/\/innoticiasbo.com\/index.php\/2024\/10\/07\/restituyen-como-fiscal-a-sandra-gutierrez-quien-emitio-orden-de-aprehension-contra-evo\/\"]}]},{\"@type\":\"ImageObject\",\"inLanguage\":\"es\",\"@id\":\"https:\/\/innoticiasbo.com\/index.php\/2024\/10\/07\/restituyen-como-fiscal-a-sandra-gutierrez-quien-emitio-orden-de-aprehension-contra-evo\/#primaryimage\",\"url\":\"https:\/\/i0.wp.com\/innoticiasbo.com\/wp-content\/uploads\/2024\/10\/sandra-7_0.jpg?fit=992%2C669&ssl=1\",\"contentUrl\":\"https:\/\/i0.wp.com\/innoticiasbo.com\/wp-content\/uploads\/2024\/10\/sandra-7_0.jpg?fit=992%2C669&ssl=1\",\"width\":992,\"height\":669},{\"@type\":\"BreadcrumbList\",\"@id\":\"https:\/\/innoticiasbo.com\/index.php\/2024\/10\/07\/restituyen-como-fiscal-a-sandra-gutierrez-quien-emitio-orden-de-aprehension-contra-evo\/#breadcrumb\",\"itemListElement\":[{\"@type\":\"ListItem\",\"position\":1,\"name\":\"Portada\",\"item\":\"https:\/\/innoticiasbo.com\/\"},{\"@type\":\"ListItem\",\"position\":2,\"name\":\"RESTITUYEN COMO FISCAL A SANDRA GUTI\u00c9RREZ, QUIEN EMITI\u00d3 ORDEN DE APREHENSI\u00d3N CONTRA EVO\"}]},{\"@type\":\"WebSite\",\"@id\":\"https:\/\/innoticiasbo.com\/#website\",\"url\":\"https:\/\/innoticiasbo.com\/\",\"name\":\"innoticiasbo.com\",\"description\":\"\",\"publisher\":{\"@id\":\"https:\/\/innoticiasbo.com\/#organization\"},\"potentialAction\":[{\"@type\":\"SearchAction\",\"target\":{\"@type\":\"EntryPoint\",\"urlTemplate\":\"https:\/\/innoticiasbo.com\/?s={search_term_string}\"},\"query-input\":{\"@type\":\"PropertyValueSpecification\",\"valueRequired\":true,\"valueName\":\"search_term_string\"}}],\"inLanguage\":\"es\"},{\"@type\":\"Organization\",\"@id\":\"https:\/\/innoticiasbo.com\/#organization\",\"name\":\"innoticiasbo.com\",\"url\":\"https:\/\/innoticiasbo.com\/\",\"logo\":{\"@type\":\"ImageObject\",\"inLanguage\":\"es\",\"@id\":\"https:\/\/innoticiasbo.com\/#\/schema\/logo\/image\/\",\"url\":\"https:\/\/i0.wp.com\/innoticiasbo.com\/wp-content\/uploads\/2026\/04\/cropped-IN-LOGO.png?fit=1476%2C1476&ssl=1\",\"contentUrl\":\"https:\/\/i0.wp.com\/innoticiasbo.com\/wp-content\/uploads\/2026\/04\/cropped-IN-LOGO.png?fit=1476%2C1476&ssl=1\",\"width\":1476,\"height\":1476,\"caption\":\"innoticiasbo.com\"},\"image\":{\"@id\":\"https:\/\/innoticiasbo.com\/#\/schema\/logo\/image\/\"},\"sameAs\":[\"https:\/\/www.facebook.com\/innoticiasbolivia\",\"https:\/\/x.com\/innoticiasbo\",\"https:\/\/www.instagram.com\/innoticiasbo\",\"https:\/\/www.youtube.com\/innoticiasbo\"]},{\"@type\":\"Person\",\"@id\":\"https:\/\/innoticiasbo.com\/#\/schema\/person\/589cd527c4211df1b943bdad85ec07ce\",\"name\":\"Prensa\",\"image\":{\"@type\":\"ImageObject\",\"inLanguage\":\"es\",\"@id\":\"https:\/\/innoticiasbo.com\/#\/schema\/person\/image\/\",\"url\":\"https:\/\/secure.gravatar.com\/avatar\/d359bbdf112023c1c0a3ec7fe1600657?s=96&d=mm&r=g\",\"contentUrl\":\"https:\/\/secure.gravatar.com\/avatar\/d359bbdf112023c1c0a3ec7fe1600657?s=96&d=mm&r=g\",\"caption\":\"Prensa\"},\"sameAs\":[\"http:\/\/www.innoticiasbo.com\"],\"url\":\"https:\/\/innoticiasbo.com\/index.php\/author\/prensa\/\"}]}<\/script>\n<!-- \/ Yoast SEO plugin. -->","yoast_head_json":{"title":"RESTITUYEN COMO FISCAL A SANDRA GUTI\u00c9RREZ, QUIEN EMITI\u00d3 ORDEN DE APREHENSI\u00d3N CONTRA EVO - innoticiasbo.com","robots":{"index":"index","follow":"follow","max-snippet":"max-snippet:-1","max-image-preview":"max-image-preview:large","max-video-preview":"max-video-preview:-1"},"canonical":"https:\/\/innoticiasbo.com\/index.php\/2024\/10\/07\/restituyen-como-fiscal-a-sandra-gutierrez-quien-emitio-orden-de-aprehension-contra-evo\/","og_locale":"es_ES","og_type":"article","og_title":"RESTITUYEN COMO FISCAL A SANDRA GUTI\u00c9RREZ, QUIEN EMITI\u00d3 ORDEN DE APREHENSI\u00d3N CONTRA EVO - innoticiasbo.com","og_description":"Chuquisaca, 7 de octubre de 2024.- Este lunes, Sandra Guti\u00e9rrez regres\u00f3 a sus funciones como fiscal departamental de Tarija, luego de ser destituida por emitir una orden de aprehensi\u00f3n contra el expresidente Evo Morales. Guti\u00e9rrez dijo que el viernes pasado, la presidenta nacional de derechos humanos, Virginia Hugarte, present\u00f3 una acci\u00f3n de libertad, cuya audiencia...","og_url":"https:\/\/innoticiasbo.com\/index.php\/2024\/10\/07\/restituyen-como-fiscal-a-sandra-gutierrez-quien-emitio-orden-de-aprehension-contra-evo\/","og_site_name":"innoticiasbo.com","article_publisher":"https:\/\/www.facebook.com\/innoticiasbolivia","article_published_time":"2024-10-07T15:35:36+00:00","article_modified_time":"2024-10-07T15:35:45+00:00","og_image":[{"width":992,"height":669,"url":"https:\/\/i0.wp.com\/innoticiasbo.com\/wp-content\/uploads\/2024\/10\/sandra-7_0.jpg?fit=992%2C669&ssl=1","type":"image\/jpeg"}],"author":"Prensa","twitter_card":"summary_large_image","twitter_creator":"@innoticiasbo","twitter_site":"@innoticiasbo","twitter_misc":{"Escrito por":"Prensa","Tiempo de lectura":"1 minuto"},"schema":{"@context":"https:\/\/schema.org","@graph":[{"@type":"Article","@id":"https:\/\/innoticiasbo.com\/index.php\/2024\/10\/07\/restituyen-como-fiscal-a-sandra-gutierrez-quien-emitio-orden-de-aprehension-contra-evo\/#article","isPartOf":{"@id":"https:\/\/innoticiasbo.com\/index.php\/2024\/10\/07\/restituyen-como-fiscal-a-sandra-gutierrez-quien-emitio-orden-de-aprehension-contra-evo\/"},"author":{"name":"Prensa","@id":"https:\/\/innoticiasbo.com\/#\/schema\/person\/589cd527c4211df1b943bdad85ec07ce"},"headline":"RESTITUYEN COMO FISCAL A SANDRA GUTI\u00c9RREZ, QUIEN EMITI\u00d3 ORDEN DE APREHENSI\u00d3N CONTRA EVO","datePublished":"2024-10-07T15:35:36+00:00","dateModified":"2024-10-07T15:35:45+00:00","mainEntityOfPage":{"@id":"https:\/\/innoticiasbo.com\/index.php\/2024\/10\/07\/restituyen-como-fiscal-a-sandra-gutierrez-quien-emitio-orden-de-aprehension-contra-evo\/"},"wordCount":203,"commentCount":0,"publisher":{"@id":"https:\/\/innoticiasbo.com\/#organization"},"image":{"@id":"https:\/\/innoticiasbo.com\/index.php\/2024\/10\/07\/restituyen-como-fiscal-a-sandra-gutierrez-quien-emitio-orden-de-aprehension-contra-evo\/#primaryimage"},"thumbnailUrl":"https:\/\/i0.wp.com\/innoticiasbo.com\/wp-content\/uploads\/2024\/10\/sandra-7_0.jpg?fit=992%2C669&ssl=1","articleSection":["Bolivia","Pol\u00edtica"],"inLanguage":"es","potentialAction":[{"@type":"CommentAction","name":"Comment","target":["https:\/\/innoticiasbo.com\/index.php\/2024\/10\/07\/restituyen-como-fiscal-a-sandra-gutierrez-quien-emitio-orden-de-aprehension-contra-evo\/#respond"]}]},{"@type":"WebPage","@id":"https:\/\/innoticiasbo.com\/index.php\/2024\/10\/07\/restituyen-como-fiscal-a-sandra-gutierrez-quien-emitio-orden-de-aprehension-contra-evo\/","url":"https:\/\/innoticiasbo.com\/index.php\/2024\/10\/07\/restituyen-como-fiscal-a-sandra-gutierrez-quien-emitio-orden-de-aprehension-contra-evo\/","name":"RESTITUYEN COMO FISCAL A SANDRA GUTI\u00c9RREZ, QUIEN EMITI\u00d3 ORDEN DE APREHENSI\u00d3N CONTRA EVO - innoticiasbo.com","isPartOf":{"@id":"https:\/\/innoticiasbo.com\/#website"},"primaryImageOfPage":{"@id":"https:\/\/innoticiasbo.com\/index.php\/2024\/10\/07\/restituyen-como-fiscal-a-sandra-gutierrez-quien-emitio-orden-de-aprehension-contra-evo\/#primaryimage"},"image":{"@id":"https:\/\/innoticiasbo.com\/index.php\/2024\/10\/07\/restituyen-como-fiscal-a-sandra-gutierrez-quien-emitio-orden-de-aprehension-contra-evo\/#primaryimage"},"thumbnailUrl":"https:\/\/i0.wp.com\/innoticiasbo.com\/wp-content\/uploads\/2024\/10\/sandra-7_0.jpg?fit=992%2C669&ssl=1","datePublished":"2024-10-07T15:35:36+00:00","dateModified":"2024-10-07T15:35:45+00:00","breadcrumb":{"@id":"https:\/\/innoticiasbo.com\/index.php\/2024\/10\/07\/restituyen-como-fiscal-a-sandra-gutierrez-quien-emitio-orden-de-aprehension-contra-evo\/#breadcrumb"},"inLanguage":"es","potentialAction":[{"@type":"ReadAction","target":["https:\/\/innoticiasbo.com\/index.php\/2024\/10\/07\/restituyen-como-fiscal-a-sandra-gutierrez-quien-emitio-orden-de-aprehension-contra-evo\/"]}]},{"@type":"ImageObject","inLanguage":"es","@id":"https:\/\/innoticiasbo.com\/index.php\/2024\/10\/07\/restituyen-como-fiscal-a-sandra-gutierrez-quien-emitio-orden-de-aprehension-contra-evo\/#primaryimage","url":"https:\/\/i0.wp.com\/innoticiasbo.com\/wp-content\/uploads\/2024\/10\/sandra-7_0.jpg?fit=992%2C669&ssl=1","contentUrl":"https:\/\/i0.wp.com\/innoticiasbo.com\/wp-content\/uploads\/2024\/10\/sandra-7_0.jpg?fit=992%2C669&ssl=1","width":992,"height":669},{"@type":"BreadcrumbList","@id":"https:\/\/innoticiasbo.com\/index.php\/2024\/10\/07\/restituyen-como-fiscal-a-sandra-gutierrez-quien-emitio-orden-de-aprehension-contra-evo\/#breadcrumb","itemListElement":[{"@type":"ListItem","position":1,"name":"Portada","item":"https:\/\/innoticiasbo.com\/"},{"@type":"ListItem","position":2,"name":"RESTITUYEN COMO FISCAL A SANDRA GUTI\u00c9RREZ, QUIEN EMITI\u00d3 ORDEN DE APREHENSI\u00d3N CONTRA EVO"}]},{"@type":"WebSite","@id":"https:\/\/innoticiasbo.com\/#website","url":"https:\/\/innoticiasbo.com\/","name":"innoticiasbo.com","description":"","publisher":{"@id":"https:\/\/innoticiasbo.com\/#organization"},"potentialAction":[{"@type":"SearchAction","target":{"@type":"EntryPoint","urlTemplate":"https:\/\/innoticiasbo.com\/?s={search_term_string}"},"query-input":{"@type":"PropertyValueSpecification","valueRequired":true,"valueName":"search_term_string"}}],"inLanguage":"es"},{"@type":"Organization","@id":"https:\/\/innoticiasbo.com\/#organization","name":"innoticiasbo.com","url":"https:\/\/innoticiasbo.com\/","logo":{"@type":"ImageObject","inLanguage":"es","@id":"https:\/\/innoticiasbo.com\/#\/schema\/logo\/image\/","url":"https:\/\/i0.wp.com\/innoticiasbo.com\/wp-content\/uploads\/2026\/04\/cropped-IN-LOGO.png?fit=1476%2C1476&ssl=1","contentUrl":"https:\/\/i0.wp.com\/innoticiasbo.com\/wp-content\/uploads\/2026\/04\/cropped-IN-LOGO.png?fit=1476%2C1476&ssl=1","width":1476,"height":1476,"caption":"innoticiasbo.com"},"image":{"@id":"https:\/\/innoticiasbo.com\/#\/schema\/logo\/image\/"},"sameAs":["https:\/\/www.facebook.com\/innoticiasbolivia","https:\/\/x.com\/innoticiasbo","https:\/\/www.instagram.com\/innoticiasbo","https:\/\/www.youtube.com\/innoticiasbo"]},{"@type":"Person","@id":"https:\/\/innoticiasbo.com\/#\/schema\/person\/589cd527c4211df1b943bdad85ec07ce","name":"Prensa","image":{"@type":"ImageObject","inLanguage":"es","@id":"https:\/\/innoticiasbo.com\/#\/schema\/person\/image\/","url":"https:\/\/secure.gravatar.com\/avatar\/d359bbdf112023c1c0a3ec7fe1600657?s=96&d=mm&r=g","contentUrl":"https:\/\/secure.gravatar.com\/avatar\/d359bbdf112023c1c0a3ec7fe1600657?s=96&d=mm&r=g","caption":"Prensa"},"sameAs":["http:\/\/www.innoticiasbo.com"],"url":"https:\/\/innoticiasbo.com\/index.php\/author\/prensa\/"}]}},"jetpack_featured_media_url":"https:\/\/i0.wp.com\/innoticiasbo.com\/wp-content\/uploads\/2024\/10\/sandra-7_0.jpg?fit=992%2C669&ssl=1","jetpack_likes_enabled":true,"jetpack_sharing_enabled":true,"jetpack_shortlink":"https:\/\/wp.me\/pg298x-ln","_links":{"self":[{"href":"https:\/\/innoticiasbo.com\/index.php\/wp-json\/wp\/v2\/posts\/1325","targetHints":{"allow":["GET"]}}],"collection":[{"href":"https:\/\/innoticiasbo.com\/index.php\/wp-json\/wp\/v2\/posts"}],"about":[{"href":"https:\/\/innoticiasbo.com\/index.php\/wp-json\/wp\/v2\/types\/post"}],"author":[{"embeddable":true,"href":"https:\/\/innoticiasbo.com\/index.php\/wp-json\/wp\/v2\/users\/2"}],"replies":[{"embeddable":true,"href":"https:\/\/innoticiasbo.com\/index.php\/wp-json\/wp\/v2\/comments?post=1325"}],"version-history":[{"count":1,"href":"https:\/\/innoticiasbo.com\/index.php\/wp-json\/wp\/v2\/posts\/1325\/revisions"}],"predecessor-version":[{"id":1326,"href":"https:\/\/innoticiasbo.com\/index.php\/wp-json\/wp\/v2\/posts\/1325\/revisions\/1326"}],"wp:featuredmedia":[{"embeddable":true,"href":"https:\/\/innoticiasbo.com\/index.php\/wp-json\/wp\/v2\/media\/1324"}],"wp:attachment":[{"href":"https:\/\/innoticiasbo.com\/index.php\/wp-json\/wp\/v2\/media?parent=1325"}],"wp:term":[{"taxonomy":"category","embeddable":true,"href":"https:\/\/innoticiasbo.com\/index.php\/wp-json\/wp\/v2\/categories?post=1325"},{"taxonomy":"post_tag","embeddable":true,"href":"https:\/\/innoticiasbo.com\/index.php\/wp-json\/wp\/v2\/tags?post=1325"}],"curies":[{"name":"wp","href":"https:\/\/api.w.org\/{rel}","templated":true}]}}