{"id":1296,"date":"2024-10-05T21:38:11","date_gmt":"2024-10-05T21:38:11","guid":{"rendered":"https:\/\/innoticiasbo.com\/?p=1296"},"modified":"2024-10-05T21:38:45","modified_gmt":"2024-10-05T21:38:45","slug":"fusion-de-creatividad-y-tradicion-la-gran-final-del-concurso-de-cocina-creativa-en-bolivia","status":"publish","type":"post","link":"https:\/\/innoticiasbo.com\/index.php\/2024\/10\/05\/fusion-de-creatividad-y-tradicion-la-gran-final-del-concurso-de-cocina-creativa-en-bolivia\/","title":{"rendered":"FUSI\u00d3N DE CREATIVIDAD Y TRADICI\u00d3N: LA GRAN FINAL DEL CONCURSO DE COCINA CREATIVA EN BOLIVIA"},"content":{"rendered":"\n<p><\/p>\n\n\n\n<p>La Paz, 05 de octubre.- El jueves 3 de octubre se llev\u00f3 a cabo la final y premiaci\u00f3n del Concurso de Cocina Creativa en La Paz, un evento dirigido a estudiantes de gastronom\u00eda que buscaba premiar la receta m\u00e1s audaz y creativa, utilizando productos de los 24 pisos ecol\u00f3gicos de Bolivia. Organizado por el colectivo cultural gastron\u00f3mico Sabor Clandestino, el concurso ten\u00eda como objetivo principal promover el uso de ingredientes locales y fomentar una cocina consciente y respetuosa del entorno.<\/p>\n\n\n\n<figure class=\"wp-block-image size-large\"><img data-recalc-dims=\"1\" loading=\"lazy\" decoding=\"async\" width=\"640\" height=\"850\" src=\"https:\/\/i0.wp.com\/innoticiasbo.com\/wp-content\/uploads\/2024\/10\/img-20241004-wa02513342191280324176967.jpg?resize=640%2C850&#038;ssl=1\" alt=\"\" class=\"wp-image-1290\" srcset=\"https:\/\/i0.wp.com\/innoticiasbo.com\/wp-content\/uploads\/2024\/10\/img-20241004-wa02513342191280324176967.jpg?resize=771%2C1024&amp;ssl=1 771w, https:\/\/i0.wp.com\/innoticiasbo.com\/wp-content\/uploads\/2024\/10\/img-20241004-wa02513342191280324176967.jpg?resize=226%2C300&amp;ssl=1 226w, https:\/\/i0.wp.com\/innoticiasbo.com\/wp-content\/uploads\/2024\/10\/img-20241004-wa02513342191280324176967.jpg?resize=768%2C1020&amp;ssl=1 768w, https:\/\/i0.wp.com\/innoticiasbo.com\/wp-content\/uploads\/2024\/10\/img-20241004-wa02513342191280324176967.jpg?resize=1157%2C1536&amp;ssl=1 1157w, https:\/\/i0.wp.com\/innoticiasbo.com\/wp-content\/uploads\/2024\/10\/img-20241004-wa02513342191280324176967.jpg?w=1506&amp;ssl=1 1506w, https:\/\/i0.wp.com\/innoticiasbo.com\/wp-content\/uploads\/2024\/10\/img-20241004-wa02513342191280324176967.jpg?w=1280&amp;ssl=1 1280w\" sizes=\"auto, (max-width: 640px) 100vw, 640px\" \/><\/figure>\n\n\n\n<p>El primer lugar fue para la Escuela Hotelera, representada por Claudia Aruni, Lorena Quino y Adriana Condori. El segundo puesto lo ocuparon Gonzalo Mamani, \u00c1ngel Flores y Cristhian Kantuta, del Instituto IGA, mientras que el tercer lugar lo obtuvo el equipo del restaurante Manq\u2019a, conformado por Yovana Chuta, Wilfredo Condori y Alex Choquetarqui.<\/p>\n\n\n\n<p>Cada grupo present\u00f3 un plato principal, con tres porciones para los jueces. \u201cEl concurso mostr\u00f3 platos extravagantes y creativos\u201d, coment\u00f3 Marco Antonio Quelca Huayta, coordinador y chef de Sabor Clandestino. Entre las propuestas destacaron el uso de la chhuqa, un pato end\u00e9mico de la regi\u00f3n, papas nativas horneadas con tierra del altiplano para realzar su sabor, y cerdo cocinado al vac\u00edo durante 12 horas, logrando una textura inusualmente suave.<\/p>\n\n\n\n<p><\/p>\n\n\n\n<figure class=\"wp-block-image size-large\"><img data-recalc-dims=\"1\" loading=\"lazy\" decoding=\"async\" width=\"640\" height=\"853\" src=\"https:\/\/i0.wp.com\/innoticiasbo.com\/wp-content\/uploads\/2024\/10\/img-20241004-wa0249501446469788157980.jpg?resize=640%2C853&#038;ssl=1\" alt=\"\" class=\"wp-image-1292\" srcset=\"https:\/\/i0.wp.com\/innoticiasbo.com\/wp-content\/uploads\/2024\/10\/img-20241004-wa0249501446469788157980.jpg?resize=768%2C1024&amp;ssl=1 768w, https:\/\/i0.wp.com\/innoticiasbo.com\/wp-content\/uploads\/2024\/10\/img-20241004-wa0249501446469788157980.jpg?resize=225%2C300&amp;ssl=1 225w, https:\/\/i0.wp.com\/innoticiasbo.com\/wp-content\/uploads\/2024\/10\/img-20241004-wa0249501446469788157980.jpg?resize=1152%2C1536&amp;ssl=1 1152w, https:\/\/i0.wp.com\/innoticiasbo.com\/wp-content\/uploads\/2024\/10\/img-20241004-wa0249501446469788157980.jpg?w=1200&amp;ssl=1 1200w\" sizes=\"auto, (max-width: 640px) 100vw, 640px\" \/><\/figure>\n\n\n\n<figure class=\"wp-block-image\"><img data-recalc-dims=\"1\" loading=\"lazy\" decoding=\"async\" width=\"640\" height=\"850\" src=\"https:\/\/i0.wp.com\/innoticiasbo.com\/wp-content\/uploads\/2024\/10\/img-20241004-wa02503315401572001928050.jpg?resize=640%2C850&#038;ssl=1\" alt=\"\" class=\"wp-image-1291\" srcset=\"https:\/\/i0.wp.com\/innoticiasbo.com\/wp-content\/uploads\/2024\/10\/img-20241004-wa02503315401572001928050.jpg?resize=771%2C1024&amp;ssl=1 771w, https:\/\/i0.wp.com\/innoticiasbo.com\/wp-content\/uploads\/2024\/10\/img-20241004-wa02503315401572001928050.jpg?resize=226%2C300&amp;ssl=1 226w, https:\/\/i0.wp.com\/innoticiasbo.com\/wp-content\/uploads\/2024\/10\/img-20241004-wa02503315401572001928050.jpg?resize=768%2C1020&amp;ssl=1 768w, https:\/\/i0.wp.com\/innoticiasbo.com\/wp-content\/uploads\/2024\/10\/img-20241004-wa02503315401572001928050.jpg?resize=1157%2C1536&amp;ssl=1 1157w, https:\/\/i0.wp.com\/innoticiasbo.com\/wp-content\/uploads\/2024\/10\/img-20241004-wa02503315401572001928050.jpg?w=1506&amp;ssl=1 1506w, https:\/\/i0.wp.com\/innoticiasbo.com\/wp-content\/uploads\/2024\/10\/img-20241004-wa02503315401572001928050.jpg?w=1280&amp;ssl=1 1280w\" sizes=\"auto, (max-width: 640px) 100vw, 640px\" \/><\/figure>\n\n\n\n<p>Quelca tambi\u00e9n subray\u00f3 las t\u00e9cnicas innovadoras que emplearon los concursantes, como esferificaciones de locoto y espumas de yuca y queso. Los platillos m\u00e1s sobresalientes fueron aquellos que utilizaron frutas, cereales, tub\u00e9rculos y prote\u00ednas end\u00e9micas del pa\u00eds. \u201cValoramos especialmente a quienes investigaron y usaron productos aut\u00f3ctonos\u201d, destac\u00f3.<\/p>\n\n\n\n<p>El evento, que se extendi\u00f3 por dos semanas, cont\u00f3 con la participaci\u00f3n de nueve escuelas de cocina, entre institutos y universidades. Los equipos, formados por tres integrantes cada uno, fueron evaluados por su habilidad para integrar productos bolivianos en sus creaciones culinarias. Los criterios de evaluaci\u00f3n incluyeron el uso de t\u00e9cnicas ancestrales y vanguardistas, as\u00ed como la presentaci\u00f3n de los platos, con un \u00e9nfasis particular en la conexi\u00f3n cultural y la inspiraci\u00f3n detr\u00e1s de cada receta.<\/p>\n\n\n\n<p>Este concurso destac\u00f3 por su importancia para la cultura gastron\u00f3mica del pa\u00eds. \u201cComo cocineros, tenemos la responsabilidad de transformar nuestros recursos en una cocina sana, consciente y nutritiva, utilizando productos locales\u201d, afirm\u00f3 Quelca, quien subray\u00f3 el valor de la investigaci\u00f3n detr\u00e1s de cada plato.<\/p>\n\n\n\n<figure class=\"wp-block-image size-large\"><img data-recalc-dims=\"1\" loading=\"lazy\" decoding=\"async\" width=\"640\" height=\"853\" src=\"https:\/\/i0.wp.com\/innoticiasbo.com\/wp-content\/uploads\/2024\/10\/img-20241004-wa02477353298423302689818.jpg?resize=640%2C853&#038;ssl=1\" alt=\"\" class=\"wp-image-1293\" srcset=\"https:\/\/i0.wp.com\/innoticiasbo.com\/wp-content\/uploads\/2024\/10\/img-20241004-wa02477353298423302689818.jpg?resize=768%2C1024&amp;ssl=1 768w, https:\/\/i0.wp.com\/innoticiasbo.com\/wp-content\/uploads\/2024\/10\/img-20241004-wa02477353298423302689818.jpg?resize=225%2C300&amp;ssl=1 225w, https:\/\/i0.wp.com\/innoticiasbo.com\/wp-content\/uploads\/2024\/10\/img-20241004-wa02477353298423302689818.jpg?resize=1152%2C1536&amp;ssl=1 1152w, https:\/\/i0.wp.com\/innoticiasbo.com\/wp-content\/uploads\/2024\/10\/img-20241004-wa02477353298423302689818.jpg?w=1200&amp;ssl=1 1200w\" sizes=\"auto, (max-width: 640px) 100vw, 640px\" \/><\/figure>\n\n\n\n<figure class=\"wp-block-image\"><img data-recalc-dims=\"1\" loading=\"lazy\" decoding=\"async\" width=\"640\" height=\"850\" src=\"https:\/\/i0.wp.com\/innoticiasbo.com\/wp-content\/uploads\/2024\/10\/img-20241004-wa02453406925754708393116.jpg?resize=640%2C850&#038;ssl=1\" alt=\"\" class=\"wp-image-1294\" srcset=\"https:\/\/i0.wp.com\/innoticiasbo.com\/wp-content\/uploads\/2024\/10\/img-20241004-wa02453406925754708393116.jpg?resize=771%2C1024&amp;ssl=1 771w, https:\/\/i0.wp.com\/innoticiasbo.com\/wp-content\/uploads\/2024\/10\/img-20241004-wa02453406925754708393116.jpg?resize=226%2C300&amp;ssl=1 226w, https:\/\/i0.wp.com\/innoticiasbo.com\/wp-content\/uploads\/2024\/10\/img-20241004-wa02453406925754708393116.jpg?resize=768%2C1020&amp;ssl=1 768w, https:\/\/i0.wp.com\/innoticiasbo.com\/wp-content\/uploads\/2024\/10\/img-20241004-wa02453406925754708393116.jpg?resize=1157%2C1536&amp;ssl=1 1157w, https:\/\/i0.wp.com\/innoticiasbo.com\/wp-content\/uploads\/2024\/10\/img-20241004-wa02453406925754708393116.jpg?w=1506&amp;ssl=1 1506w, https:\/\/i0.wp.com\/innoticiasbo.com\/wp-content\/uploads\/2024\/10\/img-20241004-wa02453406925754708393116.jpg?w=1280&amp;ssl=1 1280w\" sizes=\"auto, (max-width: 640px) 100vw, 640px\" \/><\/figure>\n\n\n\n<p>Origen del concurso<\/p>\n\n\n\n<p>La idea de este certamen surgi\u00f3 como parte de la celebraci\u00f3n del d\u00e9cimo aniversario de Sabor Clandestino. \u201cEl concurso es gratuito y lo organizamos como parte de nuestras actividades culturales. Queremos reflexionar sobre la direcci\u00f3n que est\u00e1 tomando la cocina boliviana y hacia d\u00f3nde la estamos llevando\u201d, explic\u00f3 Quelca.<\/p>\n\n\n\n<p>El inter\u00e9s por participar fue considerable, incluso despu\u00e9s de cerradas las inscripciones. \u201cHay un gran inter\u00e9s, especialmente entre los j\u00f3venes, por involucrarse en estas iniciativas, por lo que decidimos ampliar la convocatoria\u201d, a\u00f1adi\u00f3. Debido a la alta demanda, el colectivo planea realizar el concurso dos veces al a\u00f1o: una al inicio y otra al final. \u201cNuestro objetivo es rescatar insumos bolivianos que est\u00e1n en riesgo de desaparecer y promover su uso en la cocina cotidiana\u201d, concluy\u00f3.<\/p>\n","protected":false},"excerpt":{"rendered":"<p>La Paz, 05 de octubre.- El jueves 3 de octubre se llev\u00f3 a cabo la final y premiaci\u00f3n del Concurso de Cocina Creativa en La Paz, un evento dirigido a estudiantes de gastronom\u00eda que buscaba premiar la receta m\u00e1s audaz y creativa, utilizando productos de los 24 pisos ecol\u00f3gicos de Bolivia. Organizado por el colectivo&#8230;<\/p>\n","protected":false},"author":2,"featured_media":1295,"comment_status":"open","ping_status":"open","sticky":false,"template":"","format":"standard","meta":{"_jetpack_memberships_contains_paid_content":false,"footnotes":"","jetpack_publicize_message":"","jetpack_publicize_feature_enabled":true,"jetpack_social_post_already_shared":true,"jetpack_social_options":{"image_generator_settings":{"template":"highway","enabled":false},"version":2}},"categories":[1],"tags":[],"class_list":["post-1296","post","type-post","status-publish","format-standard","has-post-thumbnail","hentry","category-bolivia"],"jetpack_publicize_connections":[],"yoast_head":"<!-- This site is optimized with the Yoast SEO plugin v23.4 - https:\/\/yoast.com\/wordpress\/plugins\/seo\/ -->\n<title>FUSI\u00d3N DE CREATIVIDAD Y TRADICI\u00d3N: LA GRAN FINAL DEL CONCURSO DE COCINA CREATIVA EN BOLIVIA - innoticiasbo.com<\/title>\n<meta name=\"robots\" content=\"index, follow, max-snippet:-1, max-image-preview:large, max-video-preview:-1\" \/>\n<link rel=\"canonical\" href=\"https:\/\/innoticiasbo.com\/index.php\/2024\/10\/05\/fusion-de-creatividad-y-tradicion-la-gran-final-del-concurso-de-cocina-creativa-en-bolivia\/\" \/>\n<meta property=\"og:locale\" content=\"es_ES\" \/>\n<meta property=\"og:type\" content=\"article\" \/>\n<meta property=\"og:title\" content=\"FUSI\u00d3N DE CREATIVIDAD Y TRADICI\u00d3N: LA GRAN FINAL DEL CONCURSO DE COCINA CREATIVA EN BOLIVIA - innoticiasbo.com\" \/>\n<meta property=\"og:description\" content=\"La Paz, 05 de octubre.- El jueves 3 de octubre se llev\u00f3 a cabo la final y premiaci\u00f3n del Concurso de Cocina Creativa en La Paz, un evento dirigido a estudiantes de gastronom\u00eda que buscaba premiar la receta m\u00e1s audaz y creativa, utilizando productos de los 24 pisos ecol\u00f3gicos de Bolivia. Organizado por el colectivo...\" \/>\n<meta property=\"og:url\" content=\"https:\/\/innoticiasbo.com\/index.php\/2024\/10\/05\/fusion-de-creatividad-y-tradicion-la-gran-final-del-concurso-de-cocina-creativa-en-bolivia\/\" \/>\n<meta property=\"og:site_name\" content=\"innoticiasbo.com\" \/>\n<meta property=\"article:publisher\" content=\"https:\/\/www.facebook.com\/innoticiasbolivia\" \/>\n<meta property=\"article:published_time\" content=\"2024-10-05T21:38:11+00:00\" \/>\n<meta property=\"article:modified_time\" content=\"2024-10-05T21:38:45+00:00\" \/>\n<meta property=\"og:image\" content=\"https:\/\/i0.wp.com\/innoticiasbo.com\/wp-content\/uploads\/2024\/10\/IMG-20241004-WA0246-scaled.jpg?fit=1928%2C2560&ssl=1\" \/>\n\t<meta property=\"og:image:width\" content=\"1928\" \/>\n\t<meta property=\"og:image:height\" content=\"2560\" \/>\n\t<meta property=\"og:image:type\" content=\"image\/jpeg\" \/>\n<meta name=\"author\" content=\"Prensa\" \/>\n<meta name=\"twitter:card\" content=\"summary_large_image\" \/>\n<meta name=\"twitter:creator\" content=\"@innoticiasbo\" \/>\n<meta name=\"twitter:site\" content=\"@innoticiasbo\" \/>\n<meta name=\"twitter:label1\" content=\"Escrito por\" \/>\n\t<meta name=\"twitter:data1\" content=\"Prensa\" \/>\n\t<meta name=\"twitter:label2\" content=\"Tiempo de lectura\" \/>\n\t<meta name=\"twitter:data2\" content=\"3 minutos\" \/>\n<script type=\"application\/ld+json\" class=\"yoast-schema-graph\">{\"@context\":\"https:\/\/schema.org\",\"@graph\":[{\"@type\":\"Article\",\"@id\":\"https:\/\/innoticiasbo.com\/index.php\/2024\/10\/05\/fusion-de-creatividad-y-tradicion-la-gran-final-del-concurso-de-cocina-creativa-en-bolivia\/#article\",\"isPartOf\":{\"@id\":\"https:\/\/innoticiasbo.com\/index.php\/2024\/10\/05\/fusion-de-creatividad-y-tradicion-la-gran-final-del-concurso-de-cocina-creativa-en-bolivia\/\"},\"author\":{\"name\":\"Prensa\",\"@id\":\"https:\/\/innoticiasbo.com\/#\/schema\/person\/589cd527c4211df1b943bdad85ec07ce\"},\"headline\":\"FUSI\u00d3N DE CREATIVIDAD Y TRADICI\u00d3N: LA GRAN FINAL DEL CONCURSO DE COCINA CREATIVA EN BOLIVIA\",\"datePublished\":\"2024-10-05T21:38:11+00:00\",\"dateModified\":\"2024-10-05T21:38:45+00:00\",\"mainEntityOfPage\":{\"@id\":\"https:\/\/innoticiasbo.com\/index.php\/2024\/10\/05\/fusion-de-creatividad-y-tradicion-la-gran-final-del-concurso-de-cocina-creativa-en-bolivia\/\"},\"wordCount\":550,\"commentCount\":0,\"publisher\":{\"@id\":\"https:\/\/innoticiasbo.com\/#organization\"},\"image\":{\"@id\":\"https:\/\/innoticiasbo.com\/index.php\/2024\/10\/05\/fusion-de-creatividad-y-tradicion-la-gran-final-del-concurso-de-cocina-creativa-en-bolivia\/#primaryimage\"},\"thumbnailUrl\":\"https:\/\/i0.wp.com\/innoticiasbo.com\/wp-content\/uploads\/2024\/10\/IMG-20241004-WA0246-scaled.jpg?fit=1928%2C2560&ssl=1\",\"articleSection\":[\"Bolivia\"],\"inLanguage\":\"es\",\"potentialAction\":[{\"@type\":\"CommentAction\",\"name\":\"Comment\",\"target\":[\"https:\/\/innoticiasbo.com\/index.php\/2024\/10\/05\/fusion-de-creatividad-y-tradicion-la-gran-final-del-concurso-de-cocina-creativa-en-bolivia\/#respond\"]}]},{\"@type\":\"WebPage\",\"@id\":\"https:\/\/innoticiasbo.com\/index.php\/2024\/10\/05\/fusion-de-creatividad-y-tradicion-la-gran-final-del-concurso-de-cocina-creativa-en-bolivia\/\",\"url\":\"https:\/\/innoticiasbo.com\/index.php\/2024\/10\/05\/fusion-de-creatividad-y-tradicion-la-gran-final-del-concurso-de-cocina-creativa-en-bolivia\/\",\"name\":\"FUSI\u00d3N DE CREATIVIDAD Y TRADICI\u00d3N: LA GRAN FINAL DEL CONCURSO DE COCINA CREATIVA EN BOLIVIA - innoticiasbo.com\",\"isPartOf\":{\"@id\":\"https:\/\/innoticiasbo.com\/#website\"},\"primaryImageOfPage\":{\"@id\":\"https:\/\/innoticiasbo.com\/index.php\/2024\/10\/05\/fusion-de-creatividad-y-tradicion-la-gran-final-del-concurso-de-cocina-creativa-en-bolivia\/#primaryimage\"},\"image\":{\"@id\":\"https:\/\/innoticiasbo.com\/index.php\/2024\/10\/05\/fusion-de-creatividad-y-tradicion-la-gran-final-del-concurso-de-cocina-creativa-en-bolivia\/#primaryimage\"},\"thumbnailUrl\":\"https:\/\/i0.wp.com\/innoticiasbo.com\/wp-content\/uploads\/2024\/10\/IMG-20241004-WA0246-scaled.jpg?fit=1928%2C2560&ssl=1\",\"datePublished\":\"2024-10-05T21:38:11+00:00\",\"dateModified\":\"2024-10-05T21:38:45+00:00\",\"breadcrumb\":{\"@id\":\"https:\/\/innoticiasbo.com\/index.php\/2024\/10\/05\/fusion-de-creatividad-y-tradicion-la-gran-final-del-concurso-de-cocina-creativa-en-bolivia\/#breadcrumb\"},\"inLanguage\":\"es\",\"potentialAction\":[{\"@type\":\"ReadAction\",\"target\":[\"https:\/\/innoticiasbo.com\/index.php\/2024\/10\/05\/fusion-de-creatividad-y-tradicion-la-gran-final-del-concurso-de-cocina-creativa-en-bolivia\/\"]}]},{\"@type\":\"ImageObject\",\"inLanguage\":\"es\",\"@id\":\"https:\/\/innoticiasbo.com\/index.php\/2024\/10\/05\/fusion-de-creatividad-y-tradicion-la-gran-final-del-concurso-de-cocina-creativa-en-bolivia\/#primaryimage\",\"url\":\"https:\/\/i0.wp.com\/innoticiasbo.com\/wp-content\/uploads\/2024\/10\/IMG-20241004-WA0246-scaled.jpg?fit=1928%2C2560&ssl=1\",\"contentUrl\":\"https:\/\/i0.wp.com\/innoticiasbo.com\/wp-content\/uploads\/2024\/10\/IMG-20241004-WA0246-scaled.jpg?fit=1928%2C2560&ssl=1\",\"width\":1928,\"height\":2560},{\"@type\":\"BreadcrumbList\",\"@id\":\"https:\/\/innoticiasbo.com\/index.php\/2024\/10\/05\/fusion-de-creatividad-y-tradicion-la-gran-final-del-concurso-de-cocina-creativa-en-bolivia\/#breadcrumb\",\"itemListElement\":[{\"@type\":\"ListItem\",\"position\":1,\"name\":\"Portada\",\"item\":\"https:\/\/innoticiasbo.com\/\"},{\"@type\":\"ListItem\",\"position\":2,\"name\":\"FUSI\u00d3N DE CREATIVIDAD Y TRADICI\u00d3N: LA GRAN FINAL DEL CONCURSO DE COCINA CREATIVA EN BOLIVIA\"}]},{\"@type\":\"WebSite\",\"@id\":\"https:\/\/innoticiasbo.com\/#website\",\"url\":\"https:\/\/innoticiasbo.com\/\",\"name\":\"innoticiasbo.com\",\"description\":\"\",\"publisher\":{\"@id\":\"https:\/\/innoticiasbo.com\/#organization\"},\"potentialAction\":[{\"@type\":\"SearchAction\",\"target\":{\"@type\":\"EntryPoint\",\"urlTemplate\":\"https:\/\/innoticiasbo.com\/?s={search_term_string}\"},\"query-input\":{\"@type\":\"PropertyValueSpecification\",\"valueRequired\":true,\"valueName\":\"search_term_string\"}}],\"inLanguage\":\"es\"},{\"@type\":\"Organization\",\"@id\":\"https:\/\/innoticiasbo.com\/#organization\",\"name\":\"innoticiasbo.com\",\"url\":\"https:\/\/innoticiasbo.com\/\",\"logo\":{\"@type\":\"ImageObject\",\"inLanguage\":\"es\",\"@id\":\"https:\/\/innoticiasbo.com\/#\/schema\/logo\/image\/\",\"url\":\"https:\/\/i0.wp.com\/innoticiasbo.com\/wp-content\/uploads\/2026\/04\/cropped-IN-LOGO.png?fit=1476%2C1476&ssl=1\",\"contentUrl\":\"https:\/\/i0.wp.com\/innoticiasbo.com\/wp-content\/uploads\/2026\/04\/cropped-IN-LOGO.png?fit=1476%2C1476&ssl=1\",\"width\":1476,\"height\":1476,\"caption\":\"innoticiasbo.com\"},\"image\":{\"@id\":\"https:\/\/innoticiasbo.com\/#\/schema\/logo\/image\/\"},\"sameAs\":[\"https:\/\/www.facebook.com\/innoticiasbolivia\",\"https:\/\/x.com\/innoticiasbo\",\"https:\/\/www.instagram.com\/innoticiasbo\",\"https:\/\/www.youtube.com\/innoticiasbo\"]},{\"@type\":\"Person\",\"@id\":\"https:\/\/innoticiasbo.com\/#\/schema\/person\/589cd527c4211df1b943bdad85ec07ce\",\"name\":\"Prensa\",\"image\":{\"@type\":\"ImageObject\",\"inLanguage\":\"es\",\"@id\":\"https:\/\/innoticiasbo.com\/#\/schema\/person\/image\/\",\"url\":\"https:\/\/secure.gravatar.com\/avatar\/d359bbdf112023c1c0a3ec7fe1600657?s=96&d=mm&r=g\",\"contentUrl\":\"https:\/\/secure.gravatar.com\/avatar\/d359bbdf112023c1c0a3ec7fe1600657?s=96&d=mm&r=g\",\"caption\":\"Prensa\"},\"sameAs\":[\"http:\/\/www.innoticiasbo.com\"],\"url\":\"https:\/\/innoticiasbo.com\/index.php\/author\/prensa\/\"}]}<\/script>\n<!-- \/ Yoast SEO plugin. -->","yoast_head_json":{"title":"FUSI\u00d3N DE CREATIVIDAD Y TRADICI\u00d3N: LA GRAN FINAL DEL CONCURSO DE COCINA CREATIVA EN BOLIVIA - innoticiasbo.com","robots":{"index":"index","follow":"follow","max-snippet":"max-snippet:-1","max-image-preview":"max-image-preview:large","max-video-preview":"max-video-preview:-1"},"canonical":"https:\/\/innoticiasbo.com\/index.php\/2024\/10\/05\/fusion-de-creatividad-y-tradicion-la-gran-final-del-concurso-de-cocina-creativa-en-bolivia\/","og_locale":"es_ES","og_type":"article","og_title":"FUSI\u00d3N DE CREATIVIDAD Y TRADICI\u00d3N: LA GRAN FINAL DEL CONCURSO DE COCINA CREATIVA EN BOLIVIA - innoticiasbo.com","og_description":"La Paz, 05 de octubre.- El jueves 3 de octubre se llev\u00f3 a cabo la final y premiaci\u00f3n del Concurso de Cocina Creativa en La Paz, un evento dirigido a estudiantes de gastronom\u00eda que buscaba premiar la receta m\u00e1s audaz y creativa, utilizando productos de los 24 pisos ecol\u00f3gicos de Bolivia. Organizado por el colectivo...","og_url":"https:\/\/innoticiasbo.com\/index.php\/2024\/10\/05\/fusion-de-creatividad-y-tradicion-la-gran-final-del-concurso-de-cocina-creativa-en-bolivia\/","og_site_name":"innoticiasbo.com","article_publisher":"https:\/\/www.facebook.com\/innoticiasbolivia","article_published_time":"2024-10-05T21:38:11+00:00","article_modified_time":"2024-10-05T21:38:45+00:00","og_image":[{"width":1928,"height":2560,"url":"https:\/\/i0.wp.com\/innoticiasbo.com\/wp-content\/uploads\/2024\/10\/IMG-20241004-WA0246-scaled.jpg?fit=1928%2C2560&ssl=1","type":"image\/jpeg"}],"author":"Prensa","twitter_card":"summary_large_image","twitter_creator":"@innoticiasbo","twitter_site":"@innoticiasbo","twitter_misc":{"Escrito por":"Prensa","Tiempo de lectura":"3 minutos"},"schema":{"@context":"https:\/\/schema.org","@graph":[{"@type":"Article","@id":"https:\/\/innoticiasbo.com\/index.php\/2024\/10\/05\/fusion-de-creatividad-y-tradicion-la-gran-final-del-concurso-de-cocina-creativa-en-bolivia\/#article","isPartOf":{"@id":"https:\/\/innoticiasbo.com\/index.php\/2024\/10\/05\/fusion-de-creatividad-y-tradicion-la-gran-final-del-concurso-de-cocina-creativa-en-bolivia\/"},"author":{"name":"Prensa","@id":"https:\/\/innoticiasbo.com\/#\/schema\/person\/589cd527c4211df1b943bdad85ec07ce"},"headline":"FUSI\u00d3N DE CREATIVIDAD Y TRADICI\u00d3N: LA GRAN FINAL DEL CONCURSO DE COCINA CREATIVA EN BOLIVIA","datePublished":"2024-10-05T21:38:11+00:00","dateModified":"2024-10-05T21:38:45+00:00","mainEntityOfPage":{"@id":"https:\/\/innoticiasbo.com\/index.php\/2024\/10\/05\/fusion-de-creatividad-y-tradicion-la-gran-final-del-concurso-de-cocina-creativa-en-bolivia\/"},"wordCount":550,"commentCount":0,"publisher":{"@id":"https:\/\/innoticiasbo.com\/#organization"},"image":{"@id":"https:\/\/innoticiasbo.com\/index.php\/2024\/10\/05\/fusion-de-creatividad-y-tradicion-la-gran-final-del-concurso-de-cocina-creativa-en-bolivia\/#primaryimage"},"thumbnailUrl":"https:\/\/i0.wp.com\/innoticiasbo.com\/wp-content\/uploads\/2024\/10\/IMG-20241004-WA0246-scaled.jpg?fit=1928%2C2560&ssl=1","articleSection":["Bolivia"],"inLanguage":"es","potentialAction":[{"@type":"CommentAction","name":"Comment","target":["https:\/\/innoticiasbo.com\/index.php\/2024\/10\/05\/fusion-de-creatividad-y-tradicion-la-gran-final-del-concurso-de-cocina-creativa-en-bolivia\/#respond"]}]},{"@type":"WebPage","@id":"https:\/\/innoticiasbo.com\/index.php\/2024\/10\/05\/fusion-de-creatividad-y-tradicion-la-gran-final-del-concurso-de-cocina-creativa-en-bolivia\/","url":"https:\/\/innoticiasbo.com\/index.php\/2024\/10\/05\/fusion-de-creatividad-y-tradicion-la-gran-final-del-concurso-de-cocina-creativa-en-bolivia\/","name":"FUSI\u00d3N DE CREATIVIDAD Y TRADICI\u00d3N: LA GRAN FINAL DEL CONCURSO DE COCINA CREATIVA EN BOLIVIA - innoticiasbo.com","isPartOf":{"@id":"https:\/\/innoticiasbo.com\/#website"},"primaryImageOfPage":{"@id":"https:\/\/innoticiasbo.com\/index.php\/2024\/10\/05\/fusion-de-creatividad-y-tradicion-la-gran-final-del-concurso-de-cocina-creativa-en-bolivia\/#primaryimage"},"image":{"@id":"https:\/\/innoticiasbo.com\/index.php\/2024\/10\/05\/fusion-de-creatividad-y-tradicion-la-gran-final-del-concurso-de-cocina-creativa-en-bolivia\/#primaryimage"},"thumbnailUrl":"https:\/\/i0.wp.com\/innoticiasbo.com\/wp-content\/uploads\/2024\/10\/IMG-20241004-WA0246-scaled.jpg?fit=1928%2C2560&ssl=1","datePublished":"2024-10-05T21:38:11+00:00","dateModified":"2024-10-05T21:38:45+00:00","breadcrumb":{"@id":"https:\/\/innoticiasbo.com\/index.php\/2024\/10\/05\/fusion-de-creatividad-y-tradicion-la-gran-final-del-concurso-de-cocina-creativa-en-bolivia\/#breadcrumb"},"inLanguage":"es","potentialAction":[{"@type":"ReadAction","target":["https:\/\/innoticiasbo.com\/index.php\/2024\/10\/05\/fusion-de-creatividad-y-tradicion-la-gran-final-del-concurso-de-cocina-creativa-en-bolivia\/"]}]},{"@type":"ImageObject","inLanguage":"es","@id":"https:\/\/innoticiasbo.com\/index.php\/2024\/10\/05\/fusion-de-creatividad-y-tradicion-la-gran-final-del-concurso-de-cocina-creativa-en-bolivia\/#primaryimage","url":"https:\/\/i0.wp.com\/innoticiasbo.com\/wp-content\/uploads\/2024\/10\/IMG-20241004-WA0246-scaled.jpg?fit=1928%2C2560&ssl=1","contentUrl":"https:\/\/i0.wp.com\/innoticiasbo.com\/wp-content\/uploads\/2024\/10\/IMG-20241004-WA0246-scaled.jpg?fit=1928%2C2560&ssl=1","width":1928,"height":2560},{"@type":"BreadcrumbList","@id":"https:\/\/innoticiasbo.com\/index.php\/2024\/10\/05\/fusion-de-creatividad-y-tradicion-la-gran-final-del-concurso-de-cocina-creativa-en-bolivia\/#breadcrumb","itemListElement":[{"@type":"ListItem","position":1,"name":"Portada","item":"https:\/\/innoticiasbo.com\/"},{"@type":"ListItem","position":2,"name":"FUSI\u00d3N DE CREATIVIDAD Y TRADICI\u00d3N: LA GRAN FINAL DEL CONCURSO DE COCINA CREATIVA EN BOLIVIA"}]},{"@type":"WebSite","@id":"https:\/\/innoticiasbo.com\/#website","url":"https:\/\/innoticiasbo.com\/","name":"innoticiasbo.com","description":"","publisher":{"@id":"https:\/\/innoticiasbo.com\/#organization"},"potentialAction":[{"@type":"SearchAction","target":{"@type":"EntryPoint","urlTemplate":"https:\/\/innoticiasbo.com\/?s={search_term_string}"},"query-input":{"@type":"PropertyValueSpecification","valueRequired":true,"valueName":"search_term_string"}}],"inLanguage":"es"},{"@type":"Organization","@id":"https:\/\/innoticiasbo.com\/#organization","name":"innoticiasbo.com","url":"https:\/\/innoticiasbo.com\/","logo":{"@type":"ImageObject","inLanguage":"es","@id":"https:\/\/innoticiasbo.com\/#\/schema\/logo\/image\/","url":"https:\/\/i0.wp.com\/innoticiasbo.com\/wp-content\/uploads\/2026\/04\/cropped-IN-LOGO.png?fit=1476%2C1476&ssl=1","contentUrl":"https:\/\/i0.wp.com\/innoticiasbo.com\/wp-content\/uploads\/2026\/04\/cropped-IN-LOGO.png?fit=1476%2C1476&ssl=1","width":1476,"height":1476,"caption":"innoticiasbo.com"},"image":{"@id":"https:\/\/innoticiasbo.com\/#\/schema\/logo\/image\/"},"sameAs":["https:\/\/www.facebook.com\/innoticiasbolivia","https:\/\/x.com\/innoticiasbo","https:\/\/www.instagram.com\/innoticiasbo","https:\/\/www.youtube.com\/innoticiasbo"]},{"@type":"Person","@id":"https:\/\/innoticiasbo.com\/#\/schema\/person\/589cd527c4211df1b943bdad85ec07ce","name":"Prensa","image":{"@type":"ImageObject","inLanguage":"es","@id":"https:\/\/innoticiasbo.com\/#\/schema\/person\/image\/","url":"https:\/\/secure.gravatar.com\/avatar\/d359bbdf112023c1c0a3ec7fe1600657?s=96&d=mm&r=g","contentUrl":"https:\/\/secure.gravatar.com\/avatar\/d359bbdf112023c1c0a3ec7fe1600657?s=96&d=mm&r=g","caption":"Prensa"},"sameAs":["http:\/\/www.innoticiasbo.com"],"url":"https:\/\/innoticiasbo.com\/index.php\/author\/prensa\/"}]}},"jetpack_featured_media_url":"https:\/\/i0.wp.com\/innoticiasbo.com\/wp-content\/uploads\/2024\/10\/IMG-20241004-WA0246-scaled.jpg?fit=1928%2C2560&ssl=1","jetpack_likes_enabled":true,"jetpack_sharing_enabled":true,"jetpack_shortlink":"https:\/\/wp.me\/pg298x-kU","_links":{"self":[{"href":"https:\/\/innoticiasbo.com\/index.php\/wp-json\/wp\/v2\/posts\/1296","targetHints":{"allow":["GET"]}}],"collection":[{"href":"https:\/\/innoticiasbo.com\/index.php\/wp-json\/wp\/v2\/posts"}],"about":[{"href":"https:\/\/innoticiasbo.com\/index.php\/wp-json\/wp\/v2\/types\/post"}],"author":[{"embeddable":true,"href":"https:\/\/innoticiasbo.com\/index.php\/wp-json\/wp\/v2\/users\/2"}],"replies":[{"embeddable":true,"href":"https:\/\/innoticiasbo.com\/index.php\/wp-json\/wp\/v2\/comments?post=1296"}],"version-history":[{"count":1,"href":"https:\/\/innoticiasbo.com\/index.php\/wp-json\/wp\/v2\/posts\/1296\/revisions"}],"predecessor-version":[{"id":1297,"href":"https:\/\/innoticiasbo.com\/index.php\/wp-json\/wp\/v2\/posts\/1296\/revisions\/1297"}],"wp:featuredmedia":[{"embeddable":true,"href":"https:\/\/innoticiasbo.com\/index.php\/wp-json\/wp\/v2\/media\/1295"}],"wp:attachment":[{"href":"https:\/\/innoticiasbo.com\/index.php\/wp-json\/wp\/v2\/media?parent=1296"}],"wp:term":[{"taxonomy":"category","embeddable":true,"href":"https:\/\/innoticiasbo.com\/index.php\/wp-json\/wp\/v2\/categories?post=1296"},{"taxonomy":"post_tag","embeddable":true,"href":"https:\/\/innoticiasbo.com\/index.php\/wp-json\/wp\/v2\/tags?post=1296"}],"curies":[{"name":"wp","href":"https:\/\/api.w.org\/{rel}","templated":true}]}}