{"id":1288,"date":"2024-10-03T23:15:36","date_gmt":"2024-10-03T23:15:36","guid":{"rendered":"https:\/\/innoticiasbo.com\/?p=1288"},"modified":"2024-10-03T23:15:53","modified_gmt":"2024-10-03T23:15:53","slug":"luis-arce-a-los-ninos-no-se-toca","status":"publish","type":"post","link":"https:\/\/innoticiasbo.com\/index.php\/2024\/10\/03\/luis-arce-a-los-ninos-no-se-toca\/","title":{"rendered":"LUIS ARCE: \u00abA LOS NI\u00d1OS&nbsp; NO SE TOCA\u00bb"},"content":{"rendered":"\n<p>Santa Cruz, 3 de octubre\u00a0 de 2024.- El presidente Luis Arce Catacora solicit\u00f3 este jueves que el proceso judicial contra el expresidente Evo Morales, acusado de presuntos delitos de estupro y trata y tr\u00e1fico de personas, sea declarado en reserva debido a la implicaci\u00f3n de una menor de edad como presunta v\u00edctima. El mandatario expres\u00f3 su preocupaci\u00f3n por la posibilidad de que el caso sea utilizado con fines pol\u00edticos y enfatiz\u00f3 la importancia de proteger a la ni\u00f1ez.<\/p>\n\n\n\n<p class=\"rtejustify\">\u201cA los ni\u00f1os no se toca, esa es nuestra posici\u00f3n\u201d, afirm\u00f3 Arce en declaraciones a los medios durante una visita a Santa Cruz, donde se encontraba supervisando la situaci\u00f3n de los incendios forestales. Se\u00f1al\u00f3 que la prioridad de su gobierno es la protecci\u00f3n de los menores de edad y lament\u00f3 que algunos sectores puedan intentar politizar el caso.<\/p>\n\n\n\n<p class=\"rtejustify\">Arce reiter\u00f3 que su administraci\u00f3n ha promovido diversas normativas en defensa de la ni\u00f1ez, pero que no han recibido la receptividad esperada en la Asamblea Legislativa Plurinacional (ALP). En este sentido, subray\u00f3 la importancia de actuar con responsabilidad en casos que involucran a menores, asegurando que se buscar\u00e1 la protecci\u00f3n de los derechos de la presunta v\u00edctima y su familia.<\/p>\n\n\n\n<p class=\"rtejustify\">El presidente tambi\u00e9n anunci\u00f3 que se solicitar\u00e1 la intervenci\u00f3n del ministro de Justicia, C\u00e9sar Siles, para que conozca y supervise el desarrollo de la investigaci\u00f3n. \u201cEste es un tema delicado. El Gobierno nacional nunca va a utilizar un caso tan sensible como este con fines pol\u00edticos. Vamos a solicitar que el caso sea declarado en reserva para garantizar la protecci\u00f3n de la menor y su familia\u201d, agreg\u00f3 Arce.<\/p>\n\n\n\n<p>Fuente: ABI <\/p>\n","protected":false},"excerpt":{"rendered":"<p>Santa Cruz, 3 de octubre\u00a0 de 2024.- El presidente Luis Arce Catacora solicit\u00f3 este jueves que el proceso judicial contra el expresidente Evo Morales, acusado de presuntos delitos de estupro y trata y tr\u00e1fico de personas, sea declarado en reserva debido a la implicaci\u00f3n de una menor de edad como presunta v\u00edctima. El mandatario expres\u00f3&#8230;<\/p>\n","protected":false},"author":2,"featured_media":1287,"comment_status":"open","ping_status":"open","sticky":false,"template":"","format":"standard","meta":{"_jetpack_memberships_contains_paid_content":false,"footnotes":"","jetpack_publicize_message":"","jetpack_publicize_feature_enabled":true,"jetpack_social_post_already_shared":true,"jetpack_social_options":{"image_generator_settings":{"template":"highway","enabled":false},"version":2}},"categories":[1,3],"tags":[],"class_list":["post-1288","post","type-post","status-publish","format-standard","has-post-thumbnail","hentry","category-bolivia","category-politica"],"jetpack_publicize_connections":[],"yoast_head":"<!-- This site is optimized with the Yoast SEO plugin v23.4 - https:\/\/yoast.com\/wordpress\/plugins\/seo\/ -->\n<title>LUIS ARCE: &quot;A LOS NI\u00d1OS&nbsp; NO SE TOCA&quot; - innoticiasbo.com<\/title>\n<meta name=\"robots\" content=\"index, follow, max-snippet:-1, max-image-preview:large, max-video-preview:-1\" \/>\n<link rel=\"canonical\" href=\"https:\/\/innoticiasbo.com\/index.php\/2024\/10\/03\/luis-arce-a-los-ninos-no-se-toca\/\" \/>\n<meta property=\"og:locale\" content=\"es_ES\" \/>\n<meta property=\"og:type\" content=\"article\" \/>\n<meta property=\"og:title\" content=\"LUIS ARCE: &quot;A LOS NI\u00d1OS&nbsp; NO SE TOCA&quot; - innoticiasbo.com\" \/>\n<meta property=\"og:description\" content=\"Santa Cruz, 3 de octubre\u00a0 de 2024.- El presidente Luis Arce Catacora solicit\u00f3 este jueves que el proceso judicial contra el expresidente Evo Morales, acusado de presuntos delitos de estupro y trata y tr\u00e1fico de personas, sea declarado en reserva debido a la implicaci\u00f3n de una menor de edad como presunta v\u00edctima. El mandatario expres\u00f3...\" \/>\n<meta property=\"og:url\" content=\"https:\/\/innoticiasbo.com\/index.php\/2024\/10\/03\/luis-arce-a-los-ninos-no-se-toca\/\" \/>\n<meta property=\"og:site_name\" content=\"innoticiasbo.com\" \/>\n<meta property=\"article:publisher\" content=\"https:\/\/www.facebook.com\/innoticiasbolivia\" \/>\n<meta property=\"article:published_time\" content=\"2024-10-03T23:15:36+00:00\" \/>\n<meta property=\"article:modified_time\" content=\"2024-10-03T23:15:53+00:00\" \/>\n<meta property=\"og:image\" content=\"https:\/\/i0.wp.com\/innoticiasbo.com\/wp-content\/uploads\/2024\/10\/san_pedro_de_tiquina_tito_yupanqui_achocalla_el_alto_achacachi_-_2024-10-03t184625.185_0.jpg?fit=770%2C430&ssl=1\" \/>\n\t<meta property=\"og:image:width\" content=\"770\" \/>\n\t<meta property=\"og:image:height\" content=\"430\" \/>\n\t<meta property=\"og:image:type\" content=\"image\/jpeg\" \/>\n<meta name=\"author\" content=\"Prensa\" \/>\n<meta name=\"twitter:card\" content=\"summary_large_image\" \/>\n<meta name=\"twitter:creator\" content=\"@innoticiasbo\" \/>\n<meta name=\"twitter:site\" content=\"@innoticiasbo\" \/>\n<meta name=\"twitter:label1\" content=\"Escrito por\" \/>\n\t<meta name=\"twitter:data1\" content=\"Prensa\" \/>\n\t<meta name=\"twitter:label2\" content=\"Tiempo de lectura\" \/>\n\t<meta name=\"twitter:data2\" content=\"1 minuto\" \/>\n<script type=\"application\/ld+json\" class=\"yoast-schema-graph\">{\"@context\":\"https:\/\/schema.org\",\"@graph\":[{\"@type\":\"Article\",\"@id\":\"https:\/\/innoticiasbo.com\/index.php\/2024\/10\/03\/luis-arce-a-los-ninos-no-se-toca\/#article\",\"isPartOf\":{\"@id\":\"https:\/\/innoticiasbo.com\/index.php\/2024\/10\/03\/luis-arce-a-los-ninos-no-se-toca\/\"},\"author\":{\"name\":\"Prensa\",\"@id\":\"https:\/\/innoticiasbo.com\/#\/schema\/person\/589cd527c4211df1b943bdad85ec07ce\"},\"headline\":\"LUIS ARCE: \u00abA LOS NI\u00d1OS&nbsp; NO SE TOCA\u00bb\",\"datePublished\":\"2024-10-03T23:15:36+00:00\",\"dateModified\":\"2024-10-03T23:15:53+00:00\",\"mainEntityOfPage\":{\"@id\":\"https:\/\/innoticiasbo.com\/index.php\/2024\/10\/03\/luis-arce-a-los-ninos-no-se-toca\/\"},\"wordCount\":296,\"commentCount\":0,\"publisher\":{\"@id\":\"https:\/\/innoticiasbo.com\/#organization\"},\"image\":{\"@id\":\"https:\/\/innoticiasbo.com\/index.php\/2024\/10\/03\/luis-arce-a-los-ninos-no-se-toca\/#primaryimage\"},\"thumbnailUrl\":\"https:\/\/i0.wp.com\/innoticiasbo.com\/wp-content\/uploads\/2024\/10\/san_pedro_de_tiquina_tito_yupanqui_achocalla_el_alto_achacachi_-_2024-10-03t184625.185_0.jpg?fit=770%2C430&ssl=1\",\"articleSection\":[\"Bolivia\",\"Pol\u00edtica\"],\"inLanguage\":\"es\",\"potentialAction\":[{\"@type\":\"CommentAction\",\"name\":\"Comment\",\"target\":[\"https:\/\/innoticiasbo.com\/index.php\/2024\/10\/03\/luis-arce-a-los-ninos-no-se-toca\/#respond\"]}]},{\"@type\":\"WebPage\",\"@id\":\"https:\/\/innoticiasbo.com\/index.php\/2024\/10\/03\/luis-arce-a-los-ninos-no-se-toca\/\",\"url\":\"https:\/\/innoticiasbo.com\/index.php\/2024\/10\/03\/luis-arce-a-los-ninos-no-se-toca\/\",\"name\":\"LUIS ARCE: \\\"A LOS NI\u00d1OS&nbsp; NO SE TOCA\\\" - innoticiasbo.com\",\"isPartOf\":{\"@id\":\"https:\/\/innoticiasbo.com\/#website\"},\"primaryImageOfPage\":{\"@id\":\"https:\/\/innoticiasbo.com\/index.php\/2024\/10\/03\/luis-arce-a-los-ninos-no-se-toca\/#primaryimage\"},\"image\":{\"@id\":\"https:\/\/innoticiasbo.com\/index.php\/2024\/10\/03\/luis-arce-a-los-ninos-no-se-toca\/#primaryimage\"},\"thumbnailUrl\":\"https:\/\/i0.wp.com\/innoticiasbo.com\/wp-content\/uploads\/2024\/10\/san_pedro_de_tiquina_tito_yupanqui_achocalla_el_alto_achacachi_-_2024-10-03t184625.185_0.jpg?fit=770%2C430&ssl=1\",\"datePublished\":\"2024-10-03T23:15:36+00:00\",\"dateModified\":\"2024-10-03T23:15:53+00:00\",\"breadcrumb\":{\"@id\":\"https:\/\/innoticiasbo.com\/index.php\/2024\/10\/03\/luis-arce-a-los-ninos-no-se-toca\/#breadcrumb\"},\"inLanguage\":\"es\",\"potentialAction\":[{\"@type\":\"ReadAction\",\"target\":[\"https:\/\/innoticiasbo.com\/index.php\/2024\/10\/03\/luis-arce-a-los-ninos-no-se-toca\/\"]}]},{\"@type\":\"ImageObject\",\"inLanguage\":\"es\",\"@id\":\"https:\/\/innoticiasbo.com\/index.php\/2024\/10\/03\/luis-arce-a-los-ninos-no-se-toca\/#primaryimage\",\"url\":\"https:\/\/i0.wp.com\/innoticiasbo.com\/wp-content\/uploads\/2024\/10\/san_pedro_de_tiquina_tito_yupanqui_achocalla_el_alto_achacachi_-_2024-10-03t184625.185_0.jpg?fit=770%2C430&ssl=1\",\"contentUrl\":\"https:\/\/i0.wp.com\/innoticiasbo.com\/wp-content\/uploads\/2024\/10\/san_pedro_de_tiquina_tito_yupanqui_achocalla_el_alto_achacachi_-_2024-10-03t184625.185_0.jpg?fit=770%2C430&ssl=1\",\"width\":770,\"height\":430},{\"@type\":\"BreadcrumbList\",\"@id\":\"https:\/\/innoticiasbo.com\/index.php\/2024\/10\/03\/luis-arce-a-los-ninos-no-se-toca\/#breadcrumb\",\"itemListElement\":[{\"@type\":\"ListItem\",\"position\":1,\"name\":\"Portada\",\"item\":\"https:\/\/innoticiasbo.com\/\"},{\"@type\":\"ListItem\",\"position\":2,\"name\":\"LUIS ARCE: \u00abA LOS NI\u00d1OS&nbsp; NO SE TOCA\u00bb\"}]},{\"@type\":\"WebSite\",\"@id\":\"https:\/\/innoticiasbo.com\/#website\",\"url\":\"https:\/\/innoticiasbo.com\/\",\"name\":\"innoticiasbo.com\",\"description\":\"\",\"publisher\":{\"@id\":\"https:\/\/innoticiasbo.com\/#organization\"},\"potentialAction\":[{\"@type\":\"SearchAction\",\"target\":{\"@type\":\"EntryPoint\",\"urlTemplate\":\"https:\/\/innoticiasbo.com\/?s={search_term_string}\"},\"query-input\":{\"@type\":\"PropertyValueSpecification\",\"valueRequired\":true,\"valueName\":\"search_term_string\"}}],\"inLanguage\":\"es\"},{\"@type\":\"Organization\",\"@id\":\"https:\/\/innoticiasbo.com\/#organization\",\"name\":\"innoticiasbo.com\",\"url\":\"https:\/\/innoticiasbo.com\/\",\"logo\":{\"@type\":\"ImageObject\",\"inLanguage\":\"es\",\"@id\":\"https:\/\/innoticiasbo.com\/#\/schema\/logo\/image\/\",\"url\":\"https:\/\/i0.wp.com\/innoticiasbo.com\/wp-content\/uploads\/2026\/04\/cropped-IN-LOGO.png?fit=1476%2C1476&ssl=1\",\"contentUrl\":\"https:\/\/i0.wp.com\/innoticiasbo.com\/wp-content\/uploads\/2026\/04\/cropped-IN-LOGO.png?fit=1476%2C1476&ssl=1\",\"width\":1476,\"height\":1476,\"caption\":\"innoticiasbo.com\"},\"image\":{\"@id\":\"https:\/\/innoticiasbo.com\/#\/schema\/logo\/image\/\"},\"sameAs\":[\"https:\/\/www.facebook.com\/innoticiasbolivia\",\"https:\/\/x.com\/innoticiasbo\",\"https:\/\/www.instagram.com\/innoticiasbo\",\"https:\/\/www.youtube.com\/innoticiasbo\"]},{\"@type\":\"Person\",\"@id\":\"https:\/\/innoticiasbo.com\/#\/schema\/person\/589cd527c4211df1b943bdad85ec07ce\",\"name\":\"Prensa\",\"image\":{\"@type\":\"ImageObject\",\"inLanguage\":\"es\",\"@id\":\"https:\/\/innoticiasbo.com\/#\/schema\/person\/image\/\",\"url\":\"https:\/\/secure.gravatar.com\/avatar\/d359bbdf112023c1c0a3ec7fe1600657?s=96&d=mm&r=g\",\"contentUrl\":\"https:\/\/secure.gravatar.com\/avatar\/d359bbdf112023c1c0a3ec7fe1600657?s=96&d=mm&r=g\",\"caption\":\"Prensa\"},\"sameAs\":[\"http:\/\/www.innoticiasbo.com\"],\"url\":\"https:\/\/innoticiasbo.com\/index.php\/author\/prensa\/\"}]}<\/script>\n<!-- \/ Yoast SEO plugin. -->","yoast_head_json":{"title":"LUIS ARCE: \"A LOS NI\u00d1OS&nbsp; NO SE TOCA\" - innoticiasbo.com","robots":{"index":"index","follow":"follow","max-snippet":"max-snippet:-1","max-image-preview":"max-image-preview:large","max-video-preview":"max-video-preview:-1"},"canonical":"https:\/\/innoticiasbo.com\/index.php\/2024\/10\/03\/luis-arce-a-los-ninos-no-se-toca\/","og_locale":"es_ES","og_type":"article","og_title":"LUIS ARCE: \"A LOS NI\u00d1OS&nbsp; NO SE TOCA\" - innoticiasbo.com","og_description":"Santa Cruz, 3 de octubre\u00a0 de 2024.- El presidente Luis Arce Catacora solicit\u00f3 este jueves que el proceso judicial contra el expresidente Evo Morales, acusado de presuntos delitos de estupro y trata y tr\u00e1fico de personas, sea declarado en reserva debido a la implicaci\u00f3n de una menor de edad como presunta v\u00edctima. El mandatario expres\u00f3...","og_url":"https:\/\/innoticiasbo.com\/index.php\/2024\/10\/03\/luis-arce-a-los-ninos-no-se-toca\/","og_site_name":"innoticiasbo.com","article_publisher":"https:\/\/www.facebook.com\/innoticiasbolivia","article_published_time":"2024-10-03T23:15:36+00:00","article_modified_time":"2024-10-03T23:15:53+00:00","og_image":[{"width":770,"height":430,"url":"https:\/\/i0.wp.com\/innoticiasbo.com\/wp-content\/uploads\/2024\/10\/san_pedro_de_tiquina_tito_yupanqui_achocalla_el_alto_achacachi_-_2024-10-03t184625.185_0.jpg?fit=770%2C430&ssl=1","type":"image\/jpeg"}],"author":"Prensa","twitter_card":"summary_large_image","twitter_creator":"@innoticiasbo","twitter_site":"@innoticiasbo","twitter_misc":{"Escrito por":"Prensa","Tiempo de lectura":"1 minuto"},"schema":{"@context":"https:\/\/schema.org","@graph":[{"@type":"Article","@id":"https:\/\/innoticiasbo.com\/index.php\/2024\/10\/03\/luis-arce-a-los-ninos-no-se-toca\/#article","isPartOf":{"@id":"https:\/\/innoticiasbo.com\/index.php\/2024\/10\/03\/luis-arce-a-los-ninos-no-se-toca\/"},"author":{"name":"Prensa","@id":"https:\/\/innoticiasbo.com\/#\/schema\/person\/589cd527c4211df1b943bdad85ec07ce"},"headline":"LUIS ARCE: \u00abA LOS NI\u00d1OS&nbsp; NO SE TOCA\u00bb","datePublished":"2024-10-03T23:15:36+00:00","dateModified":"2024-10-03T23:15:53+00:00","mainEntityOfPage":{"@id":"https:\/\/innoticiasbo.com\/index.php\/2024\/10\/03\/luis-arce-a-los-ninos-no-se-toca\/"},"wordCount":296,"commentCount":0,"publisher":{"@id":"https:\/\/innoticiasbo.com\/#organization"},"image":{"@id":"https:\/\/innoticiasbo.com\/index.php\/2024\/10\/03\/luis-arce-a-los-ninos-no-se-toca\/#primaryimage"},"thumbnailUrl":"https:\/\/i0.wp.com\/innoticiasbo.com\/wp-content\/uploads\/2024\/10\/san_pedro_de_tiquina_tito_yupanqui_achocalla_el_alto_achacachi_-_2024-10-03t184625.185_0.jpg?fit=770%2C430&ssl=1","articleSection":["Bolivia","Pol\u00edtica"],"inLanguage":"es","potentialAction":[{"@type":"CommentAction","name":"Comment","target":["https:\/\/innoticiasbo.com\/index.php\/2024\/10\/03\/luis-arce-a-los-ninos-no-se-toca\/#respond"]}]},{"@type":"WebPage","@id":"https:\/\/innoticiasbo.com\/index.php\/2024\/10\/03\/luis-arce-a-los-ninos-no-se-toca\/","url":"https:\/\/innoticiasbo.com\/index.php\/2024\/10\/03\/luis-arce-a-los-ninos-no-se-toca\/","name":"LUIS ARCE: \"A LOS NI\u00d1OS&nbsp; NO SE TOCA\" - innoticiasbo.com","isPartOf":{"@id":"https:\/\/innoticiasbo.com\/#website"},"primaryImageOfPage":{"@id":"https:\/\/innoticiasbo.com\/index.php\/2024\/10\/03\/luis-arce-a-los-ninos-no-se-toca\/#primaryimage"},"image":{"@id":"https:\/\/innoticiasbo.com\/index.php\/2024\/10\/03\/luis-arce-a-los-ninos-no-se-toca\/#primaryimage"},"thumbnailUrl":"https:\/\/i0.wp.com\/innoticiasbo.com\/wp-content\/uploads\/2024\/10\/san_pedro_de_tiquina_tito_yupanqui_achocalla_el_alto_achacachi_-_2024-10-03t184625.185_0.jpg?fit=770%2C430&ssl=1","datePublished":"2024-10-03T23:15:36+00:00","dateModified":"2024-10-03T23:15:53+00:00","breadcrumb":{"@id":"https:\/\/innoticiasbo.com\/index.php\/2024\/10\/03\/luis-arce-a-los-ninos-no-se-toca\/#breadcrumb"},"inLanguage":"es","potentialAction":[{"@type":"ReadAction","target":["https:\/\/innoticiasbo.com\/index.php\/2024\/10\/03\/luis-arce-a-los-ninos-no-se-toca\/"]}]},{"@type":"ImageObject","inLanguage":"es","@id":"https:\/\/innoticiasbo.com\/index.php\/2024\/10\/03\/luis-arce-a-los-ninos-no-se-toca\/#primaryimage","url":"https:\/\/i0.wp.com\/innoticiasbo.com\/wp-content\/uploads\/2024\/10\/san_pedro_de_tiquina_tito_yupanqui_achocalla_el_alto_achacachi_-_2024-10-03t184625.185_0.jpg?fit=770%2C430&ssl=1","contentUrl":"https:\/\/i0.wp.com\/innoticiasbo.com\/wp-content\/uploads\/2024\/10\/san_pedro_de_tiquina_tito_yupanqui_achocalla_el_alto_achacachi_-_2024-10-03t184625.185_0.jpg?fit=770%2C430&ssl=1","width":770,"height":430},{"@type":"BreadcrumbList","@id":"https:\/\/innoticiasbo.com\/index.php\/2024\/10\/03\/luis-arce-a-los-ninos-no-se-toca\/#breadcrumb","itemListElement":[{"@type":"ListItem","position":1,"name":"Portada","item":"https:\/\/innoticiasbo.com\/"},{"@type":"ListItem","position":2,"name":"LUIS ARCE: \u00abA LOS NI\u00d1OS&nbsp; NO SE TOCA\u00bb"}]},{"@type":"WebSite","@id":"https:\/\/innoticiasbo.com\/#website","url":"https:\/\/innoticiasbo.com\/","name":"innoticiasbo.com","description":"","publisher":{"@id":"https:\/\/innoticiasbo.com\/#organization"},"potentialAction":[{"@type":"SearchAction","target":{"@type":"EntryPoint","urlTemplate":"https:\/\/innoticiasbo.com\/?s={search_term_string}"},"query-input":{"@type":"PropertyValueSpecification","valueRequired":true,"valueName":"search_term_string"}}],"inLanguage":"es"},{"@type":"Organization","@id":"https:\/\/innoticiasbo.com\/#organization","name":"innoticiasbo.com","url":"https:\/\/innoticiasbo.com\/","logo":{"@type":"ImageObject","inLanguage":"es","@id":"https:\/\/innoticiasbo.com\/#\/schema\/logo\/image\/","url":"https:\/\/i0.wp.com\/innoticiasbo.com\/wp-content\/uploads\/2026\/04\/cropped-IN-LOGO.png?fit=1476%2C1476&ssl=1","contentUrl":"https:\/\/i0.wp.com\/innoticiasbo.com\/wp-content\/uploads\/2026\/04\/cropped-IN-LOGO.png?fit=1476%2C1476&ssl=1","width":1476,"height":1476,"caption":"innoticiasbo.com"},"image":{"@id":"https:\/\/innoticiasbo.com\/#\/schema\/logo\/image\/"},"sameAs":["https:\/\/www.facebook.com\/innoticiasbolivia","https:\/\/x.com\/innoticiasbo","https:\/\/www.instagram.com\/innoticiasbo","https:\/\/www.youtube.com\/innoticiasbo"]},{"@type":"Person","@id":"https:\/\/innoticiasbo.com\/#\/schema\/person\/589cd527c4211df1b943bdad85ec07ce","name":"Prensa","image":{"@type":"ImageObject","inLanguage":"es","@id":"https:\/\/innoticiasbo.com\/#\/schema\/person\/image\/","url":"https:\/\/secure.gravatar.com\/avatar\/d359bbdf112023c1c0a3ec7fe1600657?s=96&d=mm&r=g","contentUrl":"https:\/\/secure.gravatar.com\/avatar\/d359bbdf112023c1c0a3ec7fe1600657?s=96&d=mm&r=g","caption":"Prensa"},"sameAs":["http:\/\/www.innoticiasbo.com"],"url":"https:\/\/innoticiasbo.com\/index.php\/author\/prensa\/"}]}},"jetpack_featured_media_url":"https:\/\/i0.wp.com\/innoticiasbo.com\/wp-content\/uploads\/2024\/10\/san_pedro_de_tiquina_tito_yupanqui_achocalla_el_alto_achacachi_-_2024-10-03t184625.185_0.jpg?fit=770%2C430&ssl=1","jetpack_likes_enabled":true,"jetpack_sharing_enabled":true,"jetpack_shortlink":"https:\/\/wp.me\/pg298x-kM","_links":{"self":[{"href":"https:\/\/innoticiasbo.com\/index.php\/wp-json\/wp\/v2\/posts\/1288","targetHints":{"allow":["GET"]}}],"collection":[{"href":"https:\/\/innoticiasbo.com\/index.php\/wp-json\/wp\/v2\/posts"}],"about":[{"href":"https:\/\/innoticiasbo.com\/index.php\/wp-json\/wp\/v2\/types\/post"}],"author":[{"embeddable":true,"href":"https:\/\/innoticiasbo.com\/index.php\/wp-json\/wp\/v2\/users\/2"}],"replies":[{"embeddable":true,"href":"https:\/\/innoticiasbo.com\/index.php\/wp-json\/wp\/v2\/comments?post=1288"}],"version-history":[{"count":1,"href":"https:\/\/innoticiasbo.com\/index.php\/wp-json\/wp\/v2\/posts\/1288\/revisions"}],"predecessor-version":[{"id":1289,"href":"https:\/\/innoticiasbo.com\/index.php\/wp-json\/wp\/v2\/posts\/1288\/revisions\/1289"}],"wp:featuredmedia":[{"embeddable":true,"href":"https:\/\/innoticiasbo.com\/index.php\/wp-json\/wp\/v2\/media\/1287"}],"wp:attachment":[{"href":"https:\/\/innoticiasbo.com\/index.php\/wp-json\/wp\/v2\/media?parent=1288"}],"wp:term":[{"taxonomy":"category","embeddable":true,"href":"https:\/\/innoticiasbo.com\/index.php\/wp-json\/wp\/v2\/categories?post=1288"},{"taxonomy":"post_tag","embeddable":true,"href":"https:\/\/innoticiasbo.com\/index.php\/wp-json\/wp\/v2\/tags?post=1288"}],"curies":[{"name":"wp","href":"https:\/\/api.w.org\/{rel}","templated":true}]}}