{"id":1278,"date":"2024-10-03T20:42:38","date_gmt":"2024-10-03T20:42:38","guid":{"rendered":"https:\/\/innoticiasbo.com\/?p=1278"},"modified":"2024-10-03T20:42:58","modified_gmt":"2024-10-03T20:42:58","slug":"jueza-que-freno-la-aprehension-de-evo-denuncia-presiones-y-al-menos-dos-errores-de-la-fiscalia-asegura-que-el-caso-no-esta-cerrado","status":"publish","type":"post","link":"https:\/\/innoticiasbo.com\/index.php\/2024\/10\/03\/jueza-que-freno-la-aprehension-de-evo-denuncia-presiones-y-al-menos-dos-errores-de-la-fiscalia-asegura-que-el-caso-no-esta-cerrado\/","title":{"rendered":"JUEZA QUE FREN\u00d3 LA APREHENSI\u00d3N DE EVO DENUNCIA PRESIONES Y AL MENOS DOS ERRORES DE LA FISCAL\u00cdA, ASEGURA QUE EL CASO NO EST\u00c1 CERRADO"},"content":{"rendered":"\n<p>Santa Cruz, 3 de octubre de 2024.- Lilian Moreno Cu\u00e9llar es la jueza del Juzgado 14 de Sentencia Penal Anticorrupci\u00f3n y contra la Violencia hacia las Mujeres. Ella acept\u00f3 la acci\u00f3n de libertad que fren\u00f3 el mandamiento de aprehensi\u00f3n contra el expresidente Evo Morales y habl\u00f3 sobre su actuaci\u00f3n.<\/p>\n\n\n\n<p>En un contacto con EL DEBER, asegur\u00f3 que pidi\u00f3 permiso por dos d\u00edas sin goce de haberes para proteger su integridad. Denunci\u00f3 que, antes, durante y despu\u00e9s de la audiencia, recibi\u00f3 amenazas y fue amedrentada. Dijo que se vulner\u00f3 el principio del juez natural y que el caso fue presentado como si fuese en flagrancia cuando ya transcurrieron cinco a\u00f1os.<\/p>\n\n\n\n<p>Se trata de una denuncia por estupro y trata de personas que data de 2019 y que la Fiscal\u00eda comenz\u00f3 a trabajar sobre ella este a\u00f1o. Evo fue acusado de abusar a una ni\u00f1a de 15 a\u00f1os.<\/p>\n\n\n\n<p>\u201cLa audiencia fue virtual, la llev\u00e9 adelante desde un lugar clandestino, me fui a otro lugar, me conect\u00e9, y en plena audiencia mi secretaria me manda el tel\u00e9fono de la persona que lanzaba amenazas para mi familia\u201d, dijo a EL DEBER.<\/p>\n\n\n\n<p>La juzgadora asegur\u00f3 que \u201cpor las repercusiones, presi\u00f3n y amenazas\u201d dijo que evitar\u00e1 poner en riesgo la integridad de su familia y remarc\u00f3 que por eso se ausent\u00f3 de su despacho.<\/p>\n\n\n\n<p>\u201cAyer (por el mi\u00e9rcoles 2 de octubre) en plena audiencia he recibido amenazas de toda clase, he recibido visitas; he recibido llamadas, que usted ni se imagina, sin embargo, se dice que se debe actuar conforme a derecho\u201d, remarc\u00f3.<\/p>\n\n\n\n<p>La jueza continu\u00f3: \u201cCreen que los jueces somos t\u00edteres de los pol\u00edticos; no somos los t\u00edteres de los pol\u00edticos\u201d. Luego cuestion\u00f3 los actuados que llev\u00f3 adelante la destituida fiscal de Tarija, Sandra Guti\u00e9rrez, quien emiti\u00f3 la orden de aprehensi\u00f3n contra Evo.<\/p>\n\n\n\n<p>\u201cEsa se\u00f1ora de Tarija ha salido a decir que la destituyeron por emitir un mandamiento de aprehensi\u00f3n contra un ciudadano, pero no ha sido as\u00ed. Sabe porque se la ha destituido porque su trabajo estaba mal hecho y yo no voy avalar el trabajo mal hecho\u201d, afirm\u00f3 Moreno.<\/p>\n\n\n\n<p>\u201cSi quieren procesar a cualquier ciudadano de este pa\u00eds hagan su trabajo como corresponde y yo, yo como juez de garant\u00eda, no voy avalar el trabajo mal hecho de una fiscal\u201d, subray\u00f3.<\/p>\n\n\n\n<p>\u201cSab\u00eda que iba a estallar una bomba\u2019<br \/>La juez manifest\u00f3 que la audiencia se desarroll\u00f3 desde las 16:30 de ayer y que, las amenazas ya las hab\u00eda recibido desde casi 15:00. \u201cApagu\u00e9 mi tel\u00e9fono sabiendo que, de un lado o del otro, me iban a presionar\u201d.<\/p>\n\n\n\n<p>\u201cSi lleg\u00f3 el caso a mis manos, yo sab\u00eda que iba a estallar una bomba. Me puse a leer y preparar mis fundamentos, pero comenzaron los amedrentamientos. He solicitado las c\u00e1maras del piso para demostrar qu\u00e9 personas han ido avistarme a mi piso\u201d, dijo.<\/p>\n\n\n\n<p>\u201cEstaban del Ministerio de Gobierno, del Ministerio de Justicia y del (viceministerio de) Transparencia. La audiencia fue virtual, la llev\u00e9 desde un lugar clandestino. Yo denunci\u00e9 eso en audiencia, eso va constar en las actas, he denunciado p\u00fablicamente que, cuando estaba resolviendo, estaba sufriendo presi\u00f3n y amedrentamiento\u201d, dijo.<\/p>\n\n\n\n<p>EL PROCESO NO SE HA CERRADO, PERO \u201cNACI\u00d3 MUERTO\u201d<\/p>\n\n\n\n<p>\u201cEl proceso contin\u00faa y no tengo facultades para decir que el proceso se ha cerrado; ahora si se act\u00faa sin control, jurisdiccional yo no s\u00e9 c\u00f3mo lo ir\u00e1n a enderezar ellos, pero eso ya naci\u00f3 muerto\u201d, apostill\u00f3 la juzgadora.<\/p>\n\n\n\n<p>La jueza consider\u00f3 que las actuaciones de la Fiscal\u00eda fueron sin el debido control jurisdiccional, como dice el art\u00edculo 279 del C\u00f3digo de Procedimiento Penal.<\/p>\n\n\n\n<p>\u201cNo se respet\u00f3 el juez natural; ellos, la defensa de Evo Morales, reconocen que tiene domicilio en Cochabamba, pero se apertura un proceso en Tarija y no se respet\u00f3 el juez natural del art\u00edculo 49 del C\u00f3digo de Procedimiento Penal\u201d, se\u00f1al\u00f3.<\/p>\n\n\n\n<p>En su fundamentaci\u00f3n, la juez Moreno expres\u00f3 que se emite aprehensi\u00f3n de cuerdo con el 226 de del C\u00f3digo de Procedimiento Penal y no se cumplieron las reglas pues deben cumplirse requisitos.<\/p>\n\n\n\n<p>En este caso, de acuerdo con la valoraci\u00f3n la jueza, consider\u00f3 que se actu\u00f3 como si fuera un delito flagrante, cuando ya pasaron m\u00e1s de cinco a\u00f1os y ni siquiera se emiti\u00f3 citaci\u00f3n contra Evo Morales.<\/p>\n\n\n\n<p>\u201cEs una persona p\u00fablica, pero dicen en la Fiscal\u00eda que no saben d\u00f3nde encontrarlo y que no tiene domicilio conocido, ni actividad l\u00edcita y por ese motivo emitieron la aprehensi\u00f3n\u201d, dijo.<\/p>\n\n\n\n<p>\u201cNo tengo miedo; s\u00e9 que lo que hice es lo correcto. S\u00e9 que hay gente baja. Hab\u00eda varias personas, hasta que termin\u00f3 la audiencia, pero hay c\u00e1maras y presentar\u00e9 las im\u00e1genes dentro de mi denuncia\u201d, anunci\u00f3.<\/p>\n\n\n\n<p>En ese contexto, anticip\u00f3 que recurrir\u00e1 al Tribunal Constitucional \u201ccomo dice la norma\u201d.<\/p>\n\n\n\n<p>\u201cYo soy de este pueblo (Santa Cruz) nac\u00ed aqu\u00ed, me crie aqu\u00ed, tengo muchos motivos para quedarme, no voy hacer nada incorrecto, no voy a favorecer a nadie ni avalar el trabajo mal hecho\u201d, insisti\u00f3.<\/p>\n\n\n\n<p>Afirm\u00f3, al final, que si los fiscales no tienen la capacidad para cumplir con sus funciones que \u201cvuelvan a la universidad y estudien o (caso contrario) que vayan a su casa\u201d.<br \/>Fuente: El Deber<\/p>\n\n\n\n<p>JUEZA QUE FREN\u00d3 LA APREHENSI\u00d3N DE EVO DENUNCIA PRESIONES Y AL MENOS DOS ERRORES DE LA FISCAL\u00cdA, ASEGURA QUE EL CASO NO EST\u00c1 CERRADO<\/p>\n\n\n\n<p>Santa Cruz, 3 de octubre de 2024.- Lilian Moreno Cu\u00e9llar es la jueza del Juzgado 14 de Sentencia Penal Anticorrupci\u00f3n y contra la Violencia hacia las Mujeres. Ella acept\u00f3 la acci\u00f3n de libertad que fren\u00f3 el mandamiento de aprehensi\u00f3n contra el expresidente Evo Morales y habl\u00f3 sobre su actuaci\u00f3n.<\/p>\n\n\n\n<p>En un contacto con EL DEBER, asegur\u00f3 que pidi\u00f3 permiso por dos d\u00edas sin goce de haberes para proteger su integridad. Denunci\u00f3 que, antes, durante y despu\u00e9s de la audiencia, recibi\u00f3 amenazas y fue amedrentada. Dijo que se vulner\u00f3 el principio del juez natural y que el caso fue presentado como si fuese en flagrancia cuando ya transcurrieron cinco a\u00f1os.<\/p>\n\n\n\n<p>Se trata de una denuncia por estupro y trata de personas que data de 2019 y que la Fiscal\u00eda comenz\u00f3 a trabajar sobre ella este a\u00f1o. Evo fue acusado de abusar a una ni\u00f1a de 15 a\u00f1os.<\/p>\n\n\n\n<p>\u201cLa audiencia fue virtual, la llev\u00e9 adelante desde un lugar clandestino, me fui a otro lugar, me conect\u00e9, y en plena audiencia mi secretaria me manda el tel\u00e9fono de la persona que lanzaba amenazas para mi familia\u201d, dijo a EL DEBER.<\/p>\n\n\n\n<p>La juzgadora asegur\u00f3 que \u201cpor las repercusiones, presi\u00f3n y amenazas\u201d dijo que evitar\u00e1 poner en riesgo la integridad de su familia y remarc\u00f3 que por eso se ausent\u00f3 de su despacho.<\/p>\n\n\n\n<p>\u201cAyer (por el mi\u00e9rcoles 2 de octubre) en plena audiencia he recibido amenazas de toda clase, he recibido visitas; he recibido llamadas, que usted ni se imagina, sin embargo, se dice que se debe actuar conforme a derecho\u201d, remarc\u00f3.<\/p>\n\n\n\n<p>La jueza continu\u00f3: \u201cCreen que los jueces somos t\u00edteres de los pol\u00edticos; no somos los t\u00edteres de los pol\u00edticos\u201d. Luego cuestion\u00f3 los actuados que llev\u00f3 adelante la destituida fiscal de Tarija, Sandra Guti\u00e9rrez, quien emiti\u00f3 la orden de aprehensi\u00f3n contra Evo.<\/p>\n\n\n\n<p>\u201cEsa se\u00f1ora de Tarija ha salido a decir que la destituyeron por emitir un mandamiento de aprehensi\u00f3n contra un ciudadano, pero no ha sido as\u00ed. Sabe porque se la ha destituido porque su trabajo estaba mal hecho y yo no voy avalar el trabajo mal hecho\u201d, afirm\u00f3 Moreno.<\/p>\n\n\n\n<p>\u201cSi quieren procesar a cualquier ciudadano de este pa\u00eds hagan su trabajo como corresponde y yo, yo como juez de garant\u00eda, no voy avalar el trabajo mal hecho de una fiscal\u201d, subray\u00f3.<\/p>\n\n\n\n<p>\u201cSab\u00eda que iba a estallar una bomba\u2019<br \/>La juez manifest\u00f3 que la audiencia se desarroll\u00f3 desde las 16:30 de ayer y que, las amenazas ya las hab\u00eda recibido desde casi 15:00. \u201cApagu\u00e9 mi tel\u00e9fono sabiendo que, de un lado o del otro, me iban a presionar\u201d.<\/p>\n\n\n\n<p>\u201cSi lleg\u00f3 el caso a mis manos, yo sab\u00eda que iba a estallar una bomba. Me puse a leer y preparar mis fundamentos, pero comenzaron los amedrentamientos. He solicitado las c\u00e1maras del piso para demostrar qu\u00e9 personas han ido avistarme a mi piso\u201d, dijo.<\/p>\n\n\n\n<p>\u201cEstaban del Ministerio de Gobierno, del Ministerio de Justicia y del (viceministerio de) Transparencia. La audiencia fue virtual, la llev\u00e9 desde un lugar clandestino. Yo denunci\u00e9 eso en audiencia, eso va constar en las actas, he denunciado p\u00fablicamente que, cuando estaba resolviendo, estaba sufriendo presi\u00f3n y amedrentamiento\u201d, dijo.<\/p>\n\n\n\n<p>EL PROCESO NO SE HA CERRADO, PERO \u201cNACI\u00d3 MUERTO\u201d<\/p>\n\n\n\n<p>\u201cEl proceso contin\u00faa y no tengo facultades para decir que el proceso se ha cerrado; ahora si se act\u00faa sin control, jurisdiccional yo no s\u00e9 c\u00f3mo lo ir\u00e1n a enderezar ellos, pero eso ya naci\u00f3 muerto\u201d, apostill\u00f3 la juzgadora.<\/p>\n\n\n\n<p>La jueza consider\u00f3 que las actuaciones de la Fiscal\u00eda fueron sin el debido control jurisdiccional, como dice el art\u00edculo 279 del C\u00f3digo de Procedimiento Penal.<\/p>\n\n\n\n<p>\u201cNo se respet\u00f3 el juez natural; ellos, la defensa de Evo Morales, reconocen que tiene domicilio en Cochabamba, pero se apertura un proceso en Tarija y no se respet\u00f3 el juez natural del art\u00edculo 49 del C\u00f3digo de Procedimiento Penal\u201d, se\u00f1al\u00f3.<\/p>\n\n\n\n<p>En su fundamentaci\u00f3n, la juez Moreno expres\u00f3 que se emite aprehensi\u00f3n de cuerdo con el 226 de del C\u00f3digo de Procedimiento Penal y no se cumplieron las reglas pues deben cumplirse requisitos.<\/p>\n\n\n\n<p>En este caso, de acuerdo con la valoraci\u00f3n la jueza, consider\u00f3 que se actu\u00f3 como si fuera un delito flagrante, cuando ya pasaron m\u00e1s de cinco a\u00f1os y ni siquiera se emiti\u00f3 citaci\u00f3n contra Evo Morales.<\/p>\n\n\n\n<p>\u201cEs una persona p\u00fablica, pero dicen en la Fiscal\u00eda que no saben d\u00f3nde encontrarlo y que no tiene domicilio conocido, ni actividad l\u00edcita y por ese motivo emitieron la aprehensi\u00f3n\u201d, dijo.<\/p>\n\n\n\n<p>\u201cNo tengo miedo; s\u00e9 que lo que hice es lo correcto. S\u00e9 que hay gente baja. Hab\u00eda varias personas, hasta que termin\u00f3 la audiencia, pero hay c\u00e1maras y presentar\u00e9 las im\u00e1genes dentro de mi denuncia\u201d, anunci\u00f3.<\/p>\n\n\n\n<p>En ese contexto, anticip\u00f3 que recurrir\u00e1 al Tribunal Constitucional \u201ccomo dice la norma\u201d.<\/p>\n\n\n\n<p>\u201cYo soy de este pueblo (Santa Cruz) nac\u00ed aqu\u00ed, me crie aqu\u00ed, tengo muchos motivos para quedarme, no voy hacer nada incorrecto, no voy a favorecer a nadie ni avalar el trabajo mal hecho\u201d, insisti\u00f3.<\/p>\n\n\n\n<p>Afirm\u00f3, al final, que si los fiscales no tienen la capacidad para cumplir con sus funciones que \u201cvuelvan a la universidad y estudien o (caso contrario) que vayan a su casa\u201d.<br \/>Fuente: El Deber<\/p>\n\n\n\n<figure class=\"wp-block-image size-large\"><img data-recalc-dims=\"1\" loading=\"lazy\" decoding=\"async\" width=\"640\" height=\"445\" src=\"https:\/\/i0.wp.com\/innoticiasbo.com\/wp-content\/uploads\/2024\/10\/fb_img_17279876601148733961569626339407.jpg?resize=640%2C445&#038;ssl=1\" alt=\"\" class=\"wp-image-1276\" srcset=\"https:\/\/i0.wp.com\/innoticiasbo.com\/wp-content\/uploads\/2024\/10\/fb_img_17279876601148733961569626339407.jpg?resize=1024%2C712&amp;ssl=1 1024w, https:\/\/i0.wp.com\/innoticiasbo.com\/wp-content\/uploads\/2024\/10\/fb_img_17279876601148733961569626339407.jpg?resize=300%2C209&amp;ssl=1 300w, https:\/\/i0.wp.com\/innoticiasbo.com\/wp-content\/uploads\/2024\/10\/fb_img_17279876601148733961569626339407.jpg?resize=768%2C534&amp;ssl=1 768w, https:\/\/i0.wp.com\/innoticiasbo.com\/wp-content\/uploads\/2024\/10\/fb_img_17279876601148733961569626339407.jpg?w=1080&amp;ssl=1 1080w\" sizes=\"auto, (max-width: 640px) 100vw, 640px\" \/><\/figure>\n","protected":false},"excerpt":{"rendered":"<p>Santa Cruz, 3 de octubre de 2024.- Lilian Moreno Cu\u00e9llar es la jueza del Juzgado 14 de Sentencia Penal Anticorrupci\u00f3n y contra la Violencia hacia las Mujeres. Ella acept\u00f3 la acci\u00f3n de libertad que fren\u00f3 el mandamiento de aprehensi\u00f3n contra el expresidente Evo Morales y habl\u00f3 sobre su actuaci\u00f3n. En un contacto con EL DEBER,&#8230;<\/p>\n","protected":false},"author":2,"featured_media":1277,"comment_status":"open","ping_status":"open","sticky":false,"template":"","format":"standard","meta":{"_jetpack_memberships_contains_paid_content":false,"footnotes":"","jetpack_publicize_message":"","jetpack_publicize_feature_enabled":true,"jetpack_social_post_already_shared":true,"jetpack_social_options":{"image_generator_settings":{"template":"highway","enabled":false},"version":2}},"categories":[1,3],"tags":[],"class_list":["post-1278","post","type-post","status-publish","format-standard","has-post-thumbnail","hentry","category-bolivia","category-politica"],"jetpack_publicize_connections":[],"yoast_head":"<!-- This site is optimized with the Yoast SEO plugin v23.4 - https:\/\/yoast.com\/wordpress\/plugins\/seo\/ -->\n<title>JUEZA QUE FREN\u00d3 LA APREHENSI\u00d3N DE EVO DENUNCIA PRESIONES Y AL MENOS DOS ERRORES DE LA FISCAL\u00cdA, ASEGURA QUE EL CASO NO EST\u00c1 CERRADO - innoticiasbo.com<\/title>\n<meta name=\"robots\" content=\"index, follow, max-snippet:-1, max-image-preview:large, max-video-preview:-1\" \/>\n<link rel=\"canonical\" href=\"https:\/\/innoticiasbo.com\/index.php\/2024\/10\/03\/jueza-que-freno-la-aprehension-de-evo-denuncia-presiones-y-al-menos-dos-errores-de-la-fiscalia-asegura-que-el-caso-no-esta-cerrado\/\" \/>\n<meta property=\"og:locale\" content=\"es_ES\" \/>\n<meta property=\"og:type\" content=\"article\" \/>\n<meta property=\"og:title\" content=\"JUEZA QUE FREN\u00d3 LA APREHENSI\u00d3N DE EVO DENUNCIA PRESIONES Y AL MENOS DOS ERRORES DE LA FISCAL\u00cdA, ASEGURA QUE EL CASO NO EST\u00c1 CERRADO - innoticiasbo.com\" \/>\n<meta property=\"og:description\" content=\"Santa Cruz, 3 de octubre de 2024.- Lilian Moreno Cu\u00e9llar es la jueza del Juzgado 14 de Sentencia Penal Anticorrupci\u00f3n y contra la Violencia hacia las Mujeres. Ella acept\u00f3 la acci\u00f3n de libertad que fren\u00f3 el mandamiento de aprehensi\u00f3n contra el expresidente Evo Morales y habl\u00f3 sobre su actuaci\u00f3n. En un contacto con EL DEBER,...\" \/>\n<meta property=\"og:url\" content=\"https:\/\/innoticiasbo.com\/index.php\/2024\/10\/03\/jueza-que-freno-la-aprehension-de-evo-denuncia-presiones-y-al-menos-dos-errores-de-la-fiscalia-asegura-que-el-caso-no-esta-cerrado\/\" \/>\n<meta property=\"og:site_name\" content=\"innoticiasbo.com\" \/>\n<meta property=\"article:publisher\" content=\"https:\/\/www.facebook.com\/innoticiasbolivia\" \/>\n<meta property=\"article:published_time\" content=\"2024-10-03T20:42:38+00:00\" \/>\n<meta property=\"article:modified_time\" content=\"2024-10-03T20:42:58+00:00\" \/>\n<meta property=\"og:image\" content=\"https:\/\/i0.wp.com\/innoticiasbo.com\/wp-content\/uploads\/2024\/10\/FB_IMG_1727987660114.jpg?fit=1080%2C751&ssl=1\" \/>\n\t<meta property=\"og:image:width\" content=\"1080\" \/>\n\t<meta property=\"og:image:height\" content=\"751\" \/>\n\t<meta property=\"og:image:type\" content=\"image\/jpeg\" \/>\n<meta name=\"author\" content=\"Prensa\" \/>\n<meta name=\"twitter:card\" content=\"summary_large_image\" \/>\n<meta name=\"twitter:creator\" content=\"@innoticiasbo\" \/>\n<meta name=\"twitter:site\" content=\"@innoticiasbo\" \/>\n<meta name=\"twitter:label1\" content=\"Escrito por\" \/>\n\t<meta name=\"twitter:data1\" content=\"Prensa\" \/>\n\t<meta name=\"twitter:label2\" content=\"Tiempo de lectura\" \/>\n\t<meta name=\"twitter:data2\" content=\"9 minutos\" \/>\n<script type=\"application\/ld+json\" class=\"yoast-schema-graph\">{\"@context\":\"https:\/\/schema.org\",\"@graph\":[{\"@type\":\"Article\",\"@id\":\"https:\/\/innoticiasbo.com\/index.php\/2024\/10\/03\/jueza-que-freno-la-aprehension-de-evo-denuncia-presiones-y-al-menos-dos-errores-de-la-fiscalia-asegura-que-el-caso-no-esta-cerrado\/#article\",\"isPartOf\":{\"@id\":\"https:\/\/innoticiasbo.com\/index.php\/2024\/10\/03\/jueza-que-freno-la-aprehension-de-evo-denuncia-presiones-y-al-menos-dos-errores-de-la-fiscalia-asegura-que-el-caso-no-esta-cerrado\/\"},\"author\":{\"name\":\"Prensa\",\"@id\":\"https:\/\/innoticiasbo.com\/#\/schema\/person\/589cd527c4211df1b943bdad85ec07ce\"},\"headline\":\"JUEZA QUE FREN\u00d3 LA APREHENSI\u00d3N DE EVO DENUNCIA PRESIONES Y AL MENOS DOS ERRORES DE LA FISCAL\u00cdA, ASEGURA QUE EL CASO NO EST\u00c1 CERRADO\",\"datePublished\":\"2024-10-03T20:42:38+00:00\",\"dateModified\":\"2024-10-03T20:42:58+00:00\",\"mainEntityOfPage\":{\"@id\":\"https:\/\/innoticiasbo.com\/index.php\/2024\/10\/03\/jueza-que-freno-la-aprehension-de-evo-denuncia-presiones-y-al-menos-dos-errores-de-la-fiscalia-asegura-que-el-caso-no-esta-cerrado\/\"},\"wordCount\":1840,\"commentCount\":0,\"publisher\":{\"@id\":\"https:\/\/innoticiasbo.com\/#organization\"},\"image\":{\"@id\":\"https:\/\/innoticiasbo.com\/index.php\/2024\/10\/03\/jueza-que-freno-la-aprehension-de-evo-denuncia-presiones-y-al-menos-dos-errores-de-la-fiscalia-asegura-que-el-caso-no-esta-cerrado\/#primaryimage\"},\"thumbnailUrl\":\"https:\/\/i0.wp.com\/innoticiasbo.com\/wp-content\/uploads\/2024\/10\/FB_IMG_1727987660114.jpg?fit=1080%2C751&ssl=1\",\"articleSection\":[\"Bolivia\",\"Pol\u00edtica\"],\"inLanguage\":\"es\",\"potentialAction\":[{\"@type\":\"CommentAction\",\"name\":\"Comment\",\"target\":[\"https:\/\/innoticiasbo.com\/index.php\/2024\/10\/03\/jueza-que-freno-la-aprehension-de-evo-denuncia-presiones-y-al-menos-dos-errores-de-la-fiscalia-asegura-que-el-caso-no-esta-cerrado\/#respond\"]}]},{\"@type\":\"WebPage\",\"@id\":\"https:\/\/innoticiasbo.com\/index.php\/2024\/10\/03\/jueza-que-freno-la-aprehension-de-evo-denuncia-presiones-y-al-menos-dos-errores-de-la-fiscalia-asegura-que-el-caso-no-esta-cerrado\/\",\"url\":\"https:\/\/innoticiasbo.com\/index.php\/2024\/10\/03\/jueza-que-freno-la-aprehension-de-evo-denuncia-presiones-y-al-menos-dos-errores-de-la-fiscalia-asegura-que-el-caso-no-esta-cerrado\/\",\"name\":\"JUEZA QUE FREN\u00d3 LA APREHENSI\u00d3N DE EVO DENUNCIA PRESIONES Y AL MENOS DOS ERRORES DE LA FISCAL\u00cdA, ASEGURA QUE EL CASO NO EST\u00c1 CERRADO - innoticiasbo.com\",\"isPartOf\":{\"@id\":\"https:\/\/innoticiasbo.com\/#website\"},\"primaryImageOfPage\":{\"@id\":\"https:\/\/innoticiasbo.com\/index.php\/2024\/10\/03\/jueza-que-freno-la-aprehension-de-evo-denuncia-presiones-y-al-menos-dos-errores-de-la-fiscalia-asegura-que-el-caso-no-esta-cerrado\/#primaryimage\"},\"image\":{\"@id\":\"https:\/\/innoticiasbo.com\/index.php\/2024\/10\/03\/jueza-que-freno-la-aprehension-de-evo-denuncia-presiones-y-al-menos-dos-errores-de-la-fiscalia-asegura-que-el-caso-no-esta-cerrado\/#primaryimage\"},\"thumbnailUrl\":\"https:\/\/i0.wp.com\/innoticiasbo.com\/wp-content\/uploads\/2024\/10\/FB_IMG_1727987660114.jpg?fit=1080%2C751&ssl=1\",\"datePublished\":\"2024-10-03T20:42:38+00:00\",\"dateModified\":\"2024-10-03T20:42:58+00:00\",\"breadcrumb\":{\"@id\":\"https:\/\/innoticiasbo.com\/index.php\/2024\/10\/03\/jueza-que-freno-la-aprehension-de-evo-denuncia-presiones-y-al-menos-dos-errores-de-la-fiscalia-asegura-que-el-caso-no-esta-cerrado\/#breadcrumb\"},\"inLanguage\":\"es\",\"potentialAction\":[{\"@type\":\"ReadAction\",\"target\":[\"https:\/\/innoticiasbo.com\/index.php\/2024\/10\/03\/jueza-que-freno-la-aprehension-de-evo-denuncia-presiones-y-al-menos-dos-errores-de-la-fiscalia-asegura-que-el-caso-no-esta-cerrado\/\"]}]},{\"@type\":\"ImageObject\",\"inLanguage\":\"es\",\"@id\":\"https:\/\/innoticiasbo.com\/index.php\/2024\/10\/03\/jueza-que-freno-la-aprehension-de-evo-denuncia-presiones-y-al-menos-dos-errores-de-la-fiscalia-asegura-que-el-caso-no-esta-cerrado\/#primaryimage\",\"url\":\"https:\/\/i0.wp.com\/innoticiasbo.com\/wp-content\/uploads\/2024\/10\/FB_IMG_1727987660114.jpg?fit=1080%2C751&ssl=1\",\"contentUrl\":\"https:\/\/i0.wp.com\/innoticiasbo.com\/wp-content\/uploads\/2024\/10\/FB_IMG_1727987660114.jpg?fit=1080%2C751&ssl=1\",\"width\":1080,\"height\":751},{\"@type\":\"BreadcrumbList\",\"@id\":\"https:\/\/innoticiasbo.com\/index.php\/2024\/10\/03\/jueza-que-freno-la-aprehension-de-evo-denuncia-presiones-y-al-menos-dos-errores-de-la-fiscalia-asegura-que-el-caso-no-esta-cerrado\/#breadcrumb\",\"itemListElement\":[{\"@type\":\"ListItem\",\"position\":1,\"name\":\"Portada\",\"item\":\"https:\/\/innoticiasbo.com\/\"},{\"@type\":\"ListItem\",\"position\":2,\"name\":\"JUEZA QUE FREN\u00d3 LA APREHENSI\u00d3N DE EVO DENUNCIA PRESIONES Y AL MENOS DOS ERRORES DE LA FISCAL\u00cdA, ASEGURA QUE EL CASO NO EST\u00c1 CERRADO\"}]},{\"@type\":\"WebSite\",\"@id\":\"https:\/\/innoticiasbo.com\/#website\",\"url\":\"https:\/\/innoticiasbo.com\/\",\"name\":\"innoticiasbo.com\",\"description\":\"\",\"publisher\":{\"@id\":\"https:\/\/innoticiasbo.com\/#organization\"},\"potentialAction\":[{\"@type\":\"SearchAction\",\"target\":{\"@type\":\"EntryPoint\",\"urlTemplate\":\"https:\/\/innoticiasbo.com\/?s={search_term_string}\"},\"query-input\":{\"@type\":\"PropertyValueSpecification\",\"valueRequired\":true,\"valueName\":\"search_term_string\"}}],\"inLanguage\":\"es\"},{\"@type\":\"Organization\",\"@id\":\"https:\/\/innoticiasbo.com\/#organization\",\"name\":\"innoticiasbo.com\",\"url\":\"https:\/\/innoticiasbo.com\/\",\"logo\":{\"@type\":\"ImageObject\",\"inLanguage\":\"es\",\"@id\":\"https:\/\/innoticiasbo.com\/#\/schema\/logo\/image\/\",\"url\":\"https:\/\/i0.wp.com\/innoticiasbo.com\/wp-content\/uploads\/2026\/04\/cropped-IN-LOGO.png?fit=1476%2C1476&ssl=1\",\"contentUrl\":\"https:\/\/i0.wp.com\/innoticiasbo.com\/wp-content\/uploads\/2026\/04\/cropped-IN-LOGO.png?fit=1476%2C1476&ssl=1\",\"width\":1476,\"height\":1476,\"caption\":\"innoticiasbo.com\"},\"image\":{\"@id\":\"https:\/\/innoticiasbo.com\/#\/schema\/logo\/image\/\"},\"sameAs\":[\"https:\/\/www.facebook.com\/innoticiasbolivia\",\"https:\/\/x.com\/innoticiasbo\",\"https:\/\/www.instagram.com\/innoticiasbo\",\"https:\/\/www.youtube.com\/innoticiasbo\"]},{\"@type\":\"Person\",\"@id\":\"https:\/\/innoticiasbo.com\/#\/schema\/person\/589cd527c4211df1b943bdad85ec07ce\",\"name\":\"Prensa\",\"image\":{\"@type\":\"ImageObject\",\"inLanguage\":\"es\",\"@id\":\"https:\/\/innoticiasbo.com\/#\/schema\/person\/image\/\",\"url\":\"https:\/\/secure.gravatar.com\/avatar\/d359bbdf112023c1c0a3ec7fe1600657?s=96&d=mm&r=g\",\"contentUrl\":\"https:\/\/secure.gravatar.com\/avatar\/d359bbdf112023c1c0a3ec7fe1600657?s=96&d=mm&r=g\",\"caption\":\"Prensa\"},\"sameAs\":[\"http:\/\/www.innoticiasbo.com\"],\"url\":\"https:\/\/innoticiasbo.com\/index.php\/author\/prensa\/\"}]}<\/script>\n<!-- \/ Yoast SEO plugin. -->","yoast_head_json":{"title":"JUEZA QUE FREN\u00d3 LA APREHENSI\u00d3N DE EVO DENUNCIA PRESIONES Y AL MENOS DOS ERRORES DE LA FISCAL\u00cdA, ASEGURA QUE EL CASO NO EST\u00c1 CERRADO - innoticiasbo.com","robots":{"index":"index","follow":"follow","max-snippet":"max-snippet:-1","max-image-preview":"max-image-preview:large","max-video-preview":"max-video-preview:-1"},"canonical":"https:\/\/innoticiasbo.com\/index.php\/2024\/10\/03\/jueza-que-freno-la-aprehension-de-evo-denuncia-presiones-y-al-menos-dos-errores-de-la-fiscalia-asegura-que-el-caso-no-esta-cerrado\/","og_locale":"es_ES","og_type":"article","og_title":"JUEZA QUE FREN\u00d3 LA APREHENSI\u00d3N DE EVO DENUNCIA PRESIONES Y AL MENOS DOS ERRORES DE LA FISCAL\u00cdA, ASEGURA QUE EL CASO NO EST\u00c1 CERRADO - innoticiasbo.com","og_description":"Santa Cruz, 3 de octubre de 2024.- Lilian Moreno Cu\u00e9llar es la jueza del Juzgado 14 de Sentencia Penal Anticorrupci\u00f3n y contra la Violencia hacia las Mujeres. Ella acept\u00f3 la acci\u00f3n de libertad que fren\u00f3 el mandamiento de aprehensi\u00f3n contra el expresidente Evo Morales y habl\u00f3 sobre su actuaci\u00f3n. En un contacto con EL DEBER,...","og_url":"https:\/\/innoticiasbo.com\/index.php\/2024\/10\/03\/jueza-que-freno-la-aprehension-de-evo-denuncia-presiones-y-al-menos-dos-errores-de-la-fiscalia-asegura-que-el-caso-no-esta-cerrado\/","og_site_name":"innoticiasbo.com","article_publisher":"https:\/\/www.facebook.com\/innoticiasbolivia","article_published_time":"2024-10-03T20:42:38+00:00","article_modified_time":"2024-10-03T20:42:58+00:00","og_image":[{"width":1080,"height":751,"url":"https:\/\/i0.wp.com\/innoticiasbo.com\/wp-content\/uploads\/2024\/10\/FB_IMG_1727987660114.jpg?fit=1080%2C751&ssl=1","type":"image\/jpeg"}],"author":"Prensa","twitter_card":"summary_large_image","twitter_creator":"@innoticiasbo","twitter_site":"@innoticiasbo","twitter_misc":{"Escrito por":"Prensa","Tiempo de lectura":"9 minutos"},"schema":{"@context":"https:\/\/schema.org","@graph":[{"@type":"Article","@id":"https:\/\/innoticiasbo.com\/index.php\/2024\/10\/03\/jueza-que-freno-la-aprehension-de-evo-denuncia-presiones-y-al-menos-dos-errores-de-la-fiscalia-asegura-que-el-caso-no-esta-cerrado\/#article","isPartOf":{"@id":"https:\/\/innoticiasbo.com\/index.php\/2024\/10\/03\/jueza-que-freno-la-aprehension-de-evo-denuncia-presiones-y-al-menos-dos-errores-de-la-fiscalia-asegura-que-el-caso-no-esta-cerrado\/"},"author":{"name":"Prensa","@id":"https:\/\/innoticiasbo.com\/#\/schema\/person\/589cd527c4211df1b943bdad85ec07ce"},"headline":"JUEZA QUE FREN\u00d3 LA APREHENSI\u00d3N DE EVO DENUNCIA PRESIONES Y AL MENOS DOS ERRORES DE LA FISCAL\u00cdA, ASEGURA QUE EL CASO NO EST\u00c1 CERRADO","datePublished":"2024-10-03T20:42:38+00:00","dateModified":"2024-10-03T20:42:58+00:00","mainEntityOfPage":{"@id":"https:\/\/innoticiasbo.com\/index.php\/2024\/10\/03\/jueza-que-freno-la-aprehension-de-evo-denuncia-presiones-y-al-menos-dos-errores-de-la-fiscalia-asegura-que-el-caso-no-esta-cerrado\/"},"wordCount":1840,"commentCount":0,"publisher":{"@id":"https:\/\/innoticiasbo.com\/#organization"},"image":{"@id":"https:\/\/innoticiasbo.com\/index.php\/2024\/10\/03\/jueza-que-freno-la-aprehension-de-evo-denuncia-presiones-y-al-menos-dos-errores-de-la-fiscalia-asegura-que-el-caso-no-esta-cerrado\/#primaryimage"},"thumbnailUrl":"https:\/\/i0.wp.com\/innoticiasbo.com\/wp-content\/uploads\/2024\/10\/FB_IMG_1727987660114.jpg?fit=1080%2C751&ssl=1","articleSection":["Bolivia","Pol\u00edtica"],"inLanguage":"es","potentialAction":[{"@type":"CommentAction","name":"Comment","target":["https:\/\/innoticiasbo.com\/index.php\/2024\/10\/03\/jueza-que-freno-la-aprehension-de-evo-denuncia-presiones-y-al-menos-dos-errores-de-la-fiscalia-asegura-que-el-caso-no-esta-cerrado\/#respond"]}]},{"@type":"WebPage","@id":"https:\/\/innoticiasbo.com\/index.php\/2024\/10\/03\/jueza-que-freno-la-aprehension-de-evo-denuncia-presiones-y-al-menos-dos-errores-de-la-fiscalia-asegura-que-el-caso-no-esta-cerrado\/","url":"https:\/\/innoticiasbo.com\/index.php\/2024\/10\/03\/jueza-que-freno-la-aprehension-de-evo-denuncia-presiones-y-al-menos-dos-errores-de-la-fiscalia-asegura-que-el-caso-no-esta-cerrado\/","name":"JUEZA QUE FREN\u00d3 LA APREHENSI\u00d3N DE EVO DENUNCIA PRESIONES Y AL MENOS DOS ERRORES DE LA FISCAL\u00cdA, ASEGURA QUE EL CASO NO EST\u00c1 CERRADO - innoticiasbo.com","isPartOf":{"@id":"https:\/\/innoticiasbo.com\/#website"},"primaryImageOfPage":{"@id":"https:\/\/innoticiasbo.com\/index.php\/2024\/10\/03\/jueza-que-freno-la-aprehension-de-evo-denuncia-presiones-y-al-menos-dos-errores-de-la-fiscalia-asegura-que-el-caso-no-esta-cerrado\/#primaryimage"},"image":{"@id":"https:\/\/innoticiasbo.com\/index.php\/2024\/10\/03\/jueza-que-freno-la-aprehension-de-evo-denuncia-presiones-y-al-menos-dos-errores-de-la-fiscalia-asegura-que-el-caso-no-esta-cerrado\/#primaryimage"},"thumbnailUrl":"https:\/\/i0.wp.com\/innoticiasbo.com\/wp-content\/uploads\/2024\/10\/FB_IMG_1727987660114.jpg?fit=1080%2C751&ssl=1","datePublished":"2024-10-03T20:42:38+00:00","dateModified":"2024-10-03T20:42:58+00:00","breadcrumb":{"@id":"https:\/\/innoticiasbo.com\/index.php\/2024\/10\/03\/jueza-que-freno-la-aprehension-de-evo-denuncia-presiones-y-al-menos-dos-errores-de-la-fiscalia-asegura-que-el-caso-no-esta-cerrado\/#breadcrumb"},"inLanguage":"es","potentialAction":[{"@type":"ReadAction","target":["https:\/\/innoticiasbo.com\/index.php\/2024\/10\/03\/jueza-que-freno-la-aprehension-de-evo-denuncia-presiones-y-al-menos-dos-errores-de-la-fiscalia-asegura-que-el-caso-no-esta-cerrado\/"]}]},{"@type":"ImageObject","inLanguage":"es","@id":"https:\/\/innoticiasbo.com\/index.php\/2024\/10\/03\/jueza-que-freno-la-aprehension-de-evo-denuncia-presiones-y-al-menos-dos-errores-de-la-fiscalia-asegura-que-el-caso-no-esta-cerrado\/#primaryimage","url":"https:\/\/i0.wp.com\/innoticiasbo.com\/wp-content\/uploads\/2024\/10\/FB_IMG_1727987660114.jpg?fit=1080%2C751&ssl=1","contentUrl":"https:\/\/i0.wp.com\/innoticiasbo.com\/wp-content\/uploads\/2024\/10\/FB_IMG_1727987660114.jpg?fit=1080%2C751&ssl=1","width":1080,"height":751},{"@type":"BreadcrumbList","@id":"https:\/\/innoticiasbo.com\/index.php\/2024\/10\/03\/jueza-que-freno-la-aprehension-de-evo-denuncia-presiones-y-al-menos-dos-errores-de-la-fiscalia-asegura-que-el-caso-no-esta-cerrado\/#breadcrumb","itemListElement":[{"@type":"ListItem","position":1,"name":"Portada","item":"https:\/\/innoticiasbo.com\/"},{"@type":"ListItem","position":2,"name":"JUEZA QUE FREN\u00d3 LA APREHENSI\u00d3N DE EVO DENUNCIA PRESIONES Y AL MENOS DOS ERRORES DE LA FISCAL\u00cdA, ASEGURA QUE EL CASO NO EST\u00c1 CERRADO"}]},{"@type":"WebSite","@id":"https:\/\/innoticiasbo.com\/#website","url":"https:\/\/innoticiasbo.com\/","name":"innoticiasbo.com","description":"","publisher":{"@id":"https:\/\/innoticiasbo.com\/#organization"},"potentialAction":[{"@type":"SearchAction","target":{"@type":"EntryPoint","urlTemplate":"https:\/\/innoticiasbo.com\/?s={search_term_string}"},"query-input":{"@type":"PropertyValueSpecification","valueRequired":true,"valueName":"search_term_string"}}],"inLanguage":"es"},{"@type":"Organization","@id":"https:\/\/innoticiasbo.com\/#organization","name":"innoticiasbo.com","url":"https:\/\/innoticiasbo.com\/","logo":{"@type":"ImageObject","inLanguage":"es","@id":"https:\/\/innoticiasbo.com\/#\/schema\/logo\/image\/","url":"https:\/\/i0.wp.com\/innoticiasbo.com\/wp-content\/uploads\/2026\/04\/cropped-IN-LOGO.png?fit=1476%2C1476&ssl=1","contentUrl":"https:\/\/i0.wp.com\/innoticiasbo.com\/wp-content\/uploads\/2026\/04\/cropped-IN-LOGO.png?fit=1476%2C1476&ssl=1","width":1476,"height":1476,"caption":"innoticiasbo.com"},"image":{"@id":"https:\/\/innoticiasbo.com\/#\/schema\/logo\/image\/"},"sameAs":["https:\/\/www.facebook.com\/innoticiasbolivia","https:\/\/x.com\/innoticiasbo","https:\/\/www.instagram.com\/innoticiasbo","https:\/\/www.youtube.com\/innoticiasbo"]},{"@type":"Person","@id":"https:\/\/innoticiasbo.com\/#\/schema\/person\/589cd527c4211df1b943bdad85ec07ce","name":"Prensa","image":{"@type":"ImageObject","inLanguage":"es","@id":"https:\/\/innoticiasbo.com\/#\/schema\/person\/image\/","url":"https:\/\/secure.gravatar.com\/avatar\/d359bbdf112023c1c0a3ec7fe1600657?s=96&d=mm&r=g","contentUrl":"https:\/\/secure.gravatar.com\/avatar\/d359bbdf112023c1c0a3ec7fe1600657?s=96&d=mm&r=g","caption":"Prensa"},"sameAs":["http:\/\/www.innoticiasbo.com"],"url":"https:\/\/innoticiasbo.com\/index.php\/author\/prensa\/"}]}},"jetpack_featured_media_url":"https:\/\/i0.wp.com\/innoticiasbo.com\/wp-content\/uploads\/2024\/10\/FB_IMG_1727987660114.jpg?fit=1080%2C751&ssl=1","jetpack_likes_enabled":true,"jetpack_sharing_enabled":true,"jetpack_shortlink":"https:\/\/wp.me\/pg298x-kC","_links":{"self":[{"href":"https:\/\/innoticiasbo.com\/index.php\/wp-json\/wp\/v2\/posts\/1278","targetHints":{"allow":["GET"]}}],"collection":[{"href":"https:\/\/innoticiasbo.com\/index.php\/wp-json\/wp\/v2\/posts"}],"about":[{"href":"https:\/\/innoticiasbo.com\/index.php\/wp-json\/wp\/v2\/types\/post"}],"author":[{"embeddable":true,"href":"https:\/\/innoticiasbo.com\/index.php\/wp-json\/wp\/v2\/users\/2"}],"replies":[{"embeddable":true,"href":"https:\/\/innoticiasbo.com\/index.php\/wp-json\/wp\/v2\/comments?post=1278"}],"version-history":[{"count":1,"href":"https:\/\/innoticiasbo.com\/index.php\/wp-json\/wp\/v2\/posts\/1278\/revisions"}],"predecessor-version":[{"id":1279,"href":"https:\/\/innoticiasbo.com\/index.php\/wp-json\/wp\/v2\/posts\/1278\/revisions\/1279"}],"wp:featuredmedia":[{"embeddable":true,"href":"https:\/\/innoticiasbo.com\/index.php\/wp-json\/wp\/v2\/media\/1277"}],"wp:attachment":[{"href":"https:\/\/innoticiasbo.com\/index.php\/wp-json\/wp\/v2\/media?parent=1278"}],"wp:term":[{"taxonomy":"category","embeddable":true,"href":"https:\/\/innoticiasbo.com\/index.php\/wp-json\/wp\/v2\/categories?post=1278"},{"taxonomy":"post_tag","embeddable":true,"href":"https:\/\/innoticiasbo.com\/index.php\/wp-json\/wp\/v2\/tags?post=1278"}],"curies":[{"name":"wp","href":"https:\/\/api.w.org\/{rel}","templated":true}]}}