{"id":1270,"date":"2024-10-03T14:03:10","date_gmt":"2024-10-03T14:03:10","guid":{"rendered":"https:\/\/innoticiasbo.com\/?p=1270"},"modified":"2024-10-03T14:03:31","modified_gmt":"2024-10-03T14:03:31","slug":"que-dice-la-orden-de-aprehension-de-la-fiscalia-contra-evo-morales-por-estupro-y-trata-de-personas","status":"publish","type":"post","link":"https:\/\/innoticiasbo.com\/index.php\/2024\/10\/03\/que-dice-la-orden-de-aprehension-de-la-fiscalia-contra-evo-morales-por-estupro-y-trata-de-personas\/","title":{"rendered":"QU\u00c9 DICE LA ORDEN DE APREHENSI\u00d3N DE LA FISCAL\u00cdA CONTRA EVO MORALES POR ESTUPRO Y TRATA DE PERSONAS?"},"content":{"rendered":"\n<p>La Paz, 3 de octubre de 2024.- Este mi\u00e9rcoles se conoci\u00f3 una nueva denuncia contra Evo Morales. En principio sus abogados informaron que exist\u00eda una orden de aprehensi\u00f3n en su contra que qued\u00f3 sin efecto por una acci\u00f3n de libertad, minutos m\u00e1s tarde la Fiscal\u00eda de Tarija inform\u00f3 que el l\u00edder del MAS tiene en proceso una investigaci\u00f3n por estupro y trata de personas, delitos presuntamente cometidos cuando ejerc\u00eda como presidente.<\/p>\n\n\n\n<figure class=\"wp-block-image size-large\"><img data-recalc-dims=\"1\" loading=\"lazy\" decoding=\"async\" width=\"600\" height=\"450\" src=\"https:\/\/i0.wp.com\/innoticiasbo.com\/wp-content\/uploads\/2024\/10\/evo14289942798555170305.jpg?resize=600%2C450&#038;ssl=1\" alt=\"\" class=\"wp-image-1264\" srcset=\"https:\/\/i0.wp.com\/innoticiasbo.com\/wp-content\/uploads\/2024\/10\/evo14289942798555170305.jpg?w=600&amp;ssl=1 600w, https:\/\/i0.wp.com\/innoticiasbo.com\/wp-content\/uploads\/2024\/10\/evo14289942798555170305.jpg?resize=300%2C225&amp;ssl=1 300w\" sizes=\"auto, (max-width: 600px) 100vw, 600px\" \/><\/figure>\n\n\n\n<p>La orden de aprehensi\u00f3n de la Fiscal\u00eda se\u00f1ala que en mayo del 2018 se emiti\u00f3 una partida de nacimiento en Tarija, en la que figura como padre Evo Morales, y la madre ser\u00eda una adolescente de 16 a\u00f1os. La investigaci\u00f3n tambi\u00e9n concluye que el embarazo se produjo cuando ella ten\u00eda 15 a\u00f1os; es decir, era menor de edad.<\/p>\n\n\n\n<p>El v\u00ednculo de Evo Morales con la adolescente se produjo, seg\u00fan la Fiscal\u00eda, despu\u00e9s de que el l\u00edder del MAS cre\u00f3 un grupo af\u00edn a su persona y que estaba conformado por j\u00f3venes entre los 14 y 15 a\u00f1os.<br>De acuerdo a la Fiscal\u00eda, la adolescente fue inscrita por sus padres a ese grupo \u201cpara escalar pol\u00edticamente\u201d.<\/p>\n\n\n\n<figure class=\"wp-block-image size-large\"><img data-recalc-dims=\"1\" loading=\"lazy\" decoding=\"async\" width=\"318\" height=\"159\" src=\"https:\/\/i0.wp.com\/innoticiasbo.com\/wp-content\/uploads\/2024\/10\/img-20241002-wa02597082447898390598087.jpg?resize=318%2C159&#038;ssl=1\" alt=\"\" class=\"wp-image-1266\" srcset=\"https:\/\/i0.wp.com\/innoticiasbo.com\/wp-content\/uploads\/2024\/10\/img-20241002-wa02597082447898390598087.jpg?w=318&amp;ssl=1 318w, https:\/\/i0.wp.com\/innoticiasbo.com\/wp-content\/uploads\/2024\/10\/img-20241002-wa02597082447898390598087.jpg?resize=300%2C150&amp;ssl=1 300w\" sizes=\"auto, (max-width: 318px) 100vw, 318px\" \/><figcaption class=\"wp-element-caption\">Exfiscal Sandra Gutierrez<\/figcaption><\/figure>\n\n\n\n<p>El documento tambi\u00e9n se\u00f1ala que la adolescente presuntamente \u201cfue presionada y pr\u00e1cticamente forzada\u201d para relacionarse con Morales.<\/p>\n\n\n\n<p><br>\u201cTeniendo como desenlace que la menor (\u2026) de 15 a\u00f1os quede embarazada del se\u00f1or Juan Evo Morales Ayma\u201d, se\u00f1ala la Fiscal\u00eda.<\/p>\n\n\n\n<figure class=\"wp-block-image size-large\"><img data-recalc-dims=\"1\" loading=\"lazy\" decoding=\"async\" width=\"640\" height=\"427\" src=\"https:\/\/i0.wp.com\/innoticiasbo.com\/wp-content\/uploads\/2024\/10\/000639629w1752887459498958174.jpg?resize=640%2C427&#038;ssl=1\" alt=\"\" class=\"wp-image-1268\" srcset=\"https:\/\/i0.wp.com\/innoticiasbo.com\/wp-content\/uploads\/2024\/10\/000639629w1752887459498958174.jpg?resize=1024%2C683&amp;ssl=1 1024w, https:\/\/i0.wp.com\/innoticiasbo.com\/wp-content\/uploads\/2024\/10\/000639629w1752887459498958174.jpg?resize=300%2C200&amp;ssl=1 300w, https:\/\/i0.wp.com\/innoticiasbo.com\/wp-content\/uploads\/2024\/10\/000639629w1752887459498958174.jpg?resize=768%2C512&amp;ssl=1 768w, https:\/\/i0.wp.com\/innoticiasbo.com\/wp-content\/uploads\/2024\/10\/000639629w1752887459498958174.jpg?resize=1536%2C1024&amp;ssl=1 1536w, https:\/\/i0.wp.com\/innoticiasbo.com\/wp-content\/uploads\/2024\/10\/000639629w1752887459498958174.jpg?resize=600%2C400&amp;ssl=1 600w, https:\/\/i0.wp.com\/innoticiasbo.com\/wp-content\/uploads\/2024\/10\/000639629w1752887459498958174.jpg?w=1800&amp;ssl=1 1800w, https:\/\/i0.wp.com\/innoticiasbo.com\/wp-content\/uploads\/2024\/10\/000639629w1752887459498958174.jpg?w=1280&amp;ssl=1 1280w\" sizes=\"auto, (max-width: 640px) 100vw, 640px\" \/><\/figure>\n\n\n\n<p>El Ministerio P\u00fablico tambi\u00e9n sostiene que los padres de la adolescente recibieron beneficios como viajes e incluso acceso a cargos p\u00fablicos, todo facilitado por Morales como una retribuci\u00f3n.<\/p>\n\n\n\n<p>Una parte del documento sostiene que la madre de la adolescente lleg\u00f3 a ser planteada como candidata a un cargo p\u00fablico en las anteriores elecciones; sin embargo, no cumpl\u00eda con los requisitos establecidos por ley.<br \/>Fuente: Unitel<\/p>\n","protected":false},"excerpt":{"rendered":"<p>La Paz, 3 de octubre de 2024.- Este mi\u00e9rcoles se conoci\u00f3 una nueva denuncia contra Evo Morales. En principio sus abogados informaron que exist\u00eda una orden de aprehensi\u00f3n en su contra que qued\u00f3 sin efecto por una acci\u00f3n de libertad, minutos m\u00e1s tarde la Fiscal\u00eda de Tarija inform\u00f3 que el l\u00edder del MAS tiene en&#8230;<\/p>\n","protected":false},"author":2,"featured_media":1269,"comment_status":"open","ping_status":"open","sticky":false,"template":"","format":"standard","meta":{"_jetpack_memberships_contains_paid_content":false,"footnotes":"","jetpack_publicize_message":"","jetpack_publicize_feature_enabled":true,"jetpack_social_post_already_shared":true,"jetpack_social_options":{"image_generator_settings":{"template":"highway","enabled":false},"version":2}},"categories":[1,3],"tags":[],"class_list":["post-1270","post","type-post","status-publish","format-standard","has-post-thumbnail","hentry","category-bolivia","category-politica"],"jetpack_publicize_connections":[],"yoast_head":"<!-- This site is optimized with the Yoast SEO plugin v23.4 - https:\/\/yoast.com\/wordpress\/plugins\/seo\/ -->\n<title>QU\u00c9 DICE LA ORDEN DE APREHENSI\u00d3N DE LA FISCAL\u00cdA CONTRA EVO MORALES POR ESTUPRO Y TRATA DE PERSONAS? - innoticiasbo.com<\/title>\n<meta name=\"robots\" content=\"index, follow, max-snippet:-1, max-image-preview:large, max-video-preview:-1\" \/>\n<link rel=\"canonical\" href=\"https:\/\/innoticiasbo.com\/index.php\/2024\/10\/03\/que-dice-la-orden-de-aprehension-de-la-fiscalia-contra-evo-morales-por-estupro-y-trata-de-personas\/\" \/>\n<meta property=\"og:locale\" content=\"es_ES\" \/>\n<meta property=\"og:type\" content=\"article\" \/>\n<meta property=\"og:title\" content=\"QU\u00c9 DICE LA ORDEN DE APREHENSI\u00d3N DE LA FISCAL\u00cdA CONTRA EVO MORALES POR ESTUPRO Y TRATA DE PERSONAS? - innoticiasbo.com\" \/>\n<meta property=\"og:description\" content=\"La Paz, 3 de octubre de 2024.- Este mi\u00e9rcoles se conoci\u00f3 una nueva denuncia contra Evo Morales. En principio sus abogados informaron que exist\u00eda una orden de aprehensi\u00f3n en su contra que qued\u00f3 sin efecto por una acci\u00f3n de libertad, minutos m\u00e1s tarde la Fiscal\u00eda de Tarija inform\u00f3 que el l\u00edder del MAS tiene en...\" \/>\n<meta property=\"og:url\" content=\"https:\/\/innoticiasbo.com\/index.php\/2024\/10\/03\/que-dice-la-orden-de-aprehension-de-la-fiscalia-contra-evo-morales-por-estupro-y-trata-de-personas\/\" \/>\n<meta property=\"og:site_name\" content=\"innoticiasbo.com\" \/>\n<meta property=\"article:publisher\" content=\"https:\/\/www.facebook.com\/innoticiasbolivia\" \/>\n<meta property=\"article:published_time\" content=\"2024-10-03T14:03:10+00:00\" \/>\n<meta property=\"article:modified_time\" content=\"2024-10-03T14:03:31+00:00\" \/>\n<meta property=\"og:image\" content=\"https:\/\/i0.wp.com\/innoticiasbo.com\/wp-content\/uploads\/2024\/10\/2022110617503122407-1.jpg?fit=992%2C558&ssl=1\" \/>\n\t<meta property=\"og:image:width\" content=\"992\" \/>\n\t<meta property=\"og:image:height\" content=\"558\" \/>\n\t<meta property=\"og:image:type\" content=\"image\/jpeg\" \/>\n<meta name=\"author\" content=\"Prensa\" \/>\n<meta name=\"twitter:card\" content=\"summary_large_image\" \/>\n<meta name=\"twitter:creator\" content=\"@innoticiasbo\" \/>\n<meta name=\"twitter:site\" content=\"@innoticiasbo\" \/>\n<meta name=\"twitter:label1\" content=\"Escrito por\" \/>\n\t<meta name=\"twitter:data1\" content=\"Prensa\" \/>\n\t<meta name=\"twitter:label2\" content=\"Tiempo de lectura\" \/>\n\t<meta name=\"twitter:data2\" content=\"2 minutos\" \/>\n<script type=\"application\/ld+json\" class=\"yoast-schema-graph\">{\"@context\":\"https:\/\/schema.org\",\"@graph\":[{\"@type\":\"Article\",\"@id\":\"https:\/\/innoticiasbo.com\/index.php\/2024\/10\/03\/que-dice-la-orden-de-aprehension-de-la-fiscalia-contra-evo-morales-por-estupro-y-trata-de-personas\/#article\",\"isPartOf\":{\"@id\":\"https:\/\/innoticiasbo.com\/index.php\/2024\/10\/03\/que-dice-la-orden-de-aprehension-de-la-fiscalia-contra-evo-morales-por-estupro-y-trata-de-personas\/\"},\"author\":{\"name\":\"Prensa\",\"@id\":\"https:\/\/innoticiasbo.com\/#\/schema\/person\/589cd527c4211df1b943bdad85ec07ce\"},\"headline\":\"QU\u00c9 DICE LA ORDEN DE APREHENSI\u00d3N DE LA FISCAL\u00cdA CONTRA EVO MORALES POR ESTUPRO Y TRATA DE PERSONAS?\",\"datePublished\":\"2024-10-03T14:03:10+00:00\",\"dateModified\":\"2024-10-03T14:03:31+00:00\",\"mainEntityOfPage\":{\"@id\":\"https:\/\/innoticiasbo.com\/index.php\/2024\/10\/03\/que-dice-la-orden-de-aprehension-de-la-fiscalia-contra-evo-morales-por-estupro-y-trata-de-personas\/\"},\"wordCount\":345,\"commentCount\":0,\"publisher\":{\"@id\":\"https:\/\/innoticiasbo.com\/#organization\"},\"image\":{\"@id\":\"https:\/\/innoticiasbo.com\/index.php\/2024\/10\/03\/que-dice-la-orden-de-aprehension-de-la-fiscalia-contra-evo-morales-por-estupro-y-trata-de-personas\/#primaryimage\"},\"thumbnailUrl\":\"https:\/\/i0.wp.com\/innoticiasbo.com\/wp-content\/uploads\/2024\/10\/2022110617503122407-1.jpg?fit=992%2C558&ssl=1\",\"articleSection\":[\"Bolivia\",\"Pol\u00edtica\"],\"inLanguage\":\"es\",\"potentialAction\":[{\"@type\":\"CommentAction\",\"name\":\"Comment\",\"target\":[\"https:\/\/innoticiasbo.com\/index.php\/2024\/10\/03\/que-dice-la-orden-de-aprehension-de-la-fiscalia-contra-evo-morales-por-estupro-y-trata-de-personas\/#respond\"]}]},{\"@type\":\"WebPage\",\"@id\":\"https:\/\/innoticiasbo.com\/index.php\/2024\/10\/03\/que-dice-la-orden-de-aprehension-de-la-fiscalia-contra-evo-morales-por-estupro-y-trata-de-personas\/\",\"url\":\"https:\/\/innoticiasbo.com\/index.php\/2024\/10\/03\/que-dice-la-orden-de-aprehension-de-la-fiscalia-contra-evo-morales-por-estupro-y-trata-de-personas\/\",\"name\":\"QU\u00c9 DICE LA ORDEN DE APREHENSI\u00d3N DE LA FISCAL\u00cdA CONTRA EVO MORALES POR ESTUPRO Y TRATA DE PERSONAS? - innoticiasbo.com\",\"isPartOf\":{\"@id\":\"https:\/\/innoticiasbo.com\/#website\"},\"primaryImageOfPage\":{\"@id\":\"https:\/\/innoticiasbo.com\/index.php\/2024\/10\/03\/que-dice-la-orden-de-aprehension-de-la-fiscalia-contra-evo-morales-por-estupro-y-trata-de-personas\/#primaryimage\"},\"image\":{\"@id\":\"https:\/\/innoticiasbo.com\/index.php\/2024\/10\/03\/que-dice-la-orden-de-aprehension-de-la-fiscalia-contra-evo-morales-por-estupro-y-trata-de-personas\/#primaryimage\"},\"thumbnailUrl\":\"https:\/\/i0.wp.com\/innoticiasbo.com\/wp-content\/uploads\/2024\/10\/2022110617503122407-1.jpg?fit=992%2C558&ssl=1\",\"datePublished\":\"2024-10-03T14:03:10+00:00\",\"dateModified\":\"2024-10-03T14:03:31+00:00\",\"breadcrumb\":{\"@id\":\"https:\/\/innoticiasbo.com\/index.php\/2024\/10\/03\/que-dice-la-orden-de-aprehension-de-la-fiscalia-contra-evo-morales-por-estupro-y-trata-de-personas\/#breadcrumb\"},\"inLanguage\":\"es\",\"potentialAction\":[{\"@type\":\"ReadAction\",\"target\":[\"https:\/\/innoticiasbo.com\/index.php\/2024\/10\/03\/que-dice-la-orden-de-aprehension-de-la-fiscalia-contra-evo-morales-por-estupro-y-trata-de-personas\/\"]}]},{\"@type\":\"ImageObject\",\"inLanguage\":\"es\",\"@id\":\"https:\/\/innoticiasbo.com\/index.php\/2024\/10\/03\/que-dice-la-orden-de-aprehension-de-la-fiscalia-contra-evo-morales-por-estupro-y-trata-de-personas\/#primaryimage\",\"url\":\"https:\/\/i0.wp.com\/innoticiasbo.com\/wp-content\/uploads\/2024\/10\/2022110617503122407-1.jpg?fit=992%2C558&ssl=1\",\"contentUrl\":\"https:\/\/i0.wp.com\/innoticiasbo.com\/wp-content\/uploads\/2024\/10\/2022110617503122407-1.jpg?fit=992%2C558&ssl=1\",\"width\":992,\"height\":558},{\"@type\":\"BreadcrumbList\",\"@id\":\"https:\/\/innoticiasbo.com\/index.php\/2024\/10\/03\/que-dice-la-orden-de-aprehension-de-la-fiscalia-contra-evo-morales-por-estupro-y-trata-de-personas\/#breadcrumb\",\"itemListElement\":[{\"@type\":\"ListItem\",\"position\":1,\"name\":\"Portada\",\"item\":\"https:\/\/innoticiasbo.com\/\"},{\"@type\":\"ListItem\",\"position\":2,\"name\":\"QU\u00c9 DICE LA ORDEN DE APREHENSI\u00d3N DE LA FISCAL\u00cdA CONTRA EVO MORALES POR ESTUPRO Y TRATA DE PERSONAS?\"}]},{\"@type\":\"WebSite\",\"@id\":\"https:\/\/innoticiasbo.com\/#website\",\"url\":\"https:\/\/innoticiasbo.com\/\",\"name\":\"innoticiasbo.com\",\"description\":\"\",\"publisher\":{\"@id\":\"https:\/\/innoticiasbo.com\/#organization\"},\"potentialAction\":[{\"@type\":\"SearchAction\",\"target\":{\"@type\":\"EntryPoint\",\"urlTemplate\":\"https:\/\/innoticiasbo.com\/?s={search_term_string}\"},\"query-input\":{\"@type\":\"PropertyValueSpecification\",\"valueRequired\":true,\"valueName\":\"search_term_string\"}}],\"inLanguage\":\"es\"},{\"@type\":\"Organization\",\"@id\":\"https:\/\/innoticiasbo.com\/#organization\",\"name\":\"innoticiasbo.com\",\"url\":\"https:\/\/innoticiasbo.com\/\",\"logo\":{\"@type\":\"ImageObject\",\"inLanguage\":\"es\",\"@id\":\"https:\/\/innoticiasbo.com\/#\/schema\/logo\/image\/\",\"url\":\"https:\/\/i0.wp.com\/innoticiasbo.com\/wp-content\/uploads\/2026\/04\/cropped-IN-LOGO.png?fit=1476%2C1476&ssl=1\",\"contentUrl\":\"https:\/\/i0.wp.com\/innoticiasbo.com\/wp-content\/uploads\/2026\/04\/cropped-IN-LOGO.png?fit=1476%2C1476&ssl=1\",\"width\":1476,\"height\":1476,\"caption\":\"innoticiasbo.com\"},\"image\":{\"@id\":\"https:\/\/innoticiasbo.com\/#\/schema\/logo\/image\/\"},\"sameAs\":[\"https:\/\/www.facebook.com\/innoticiasbolivia\",\"https:\/\/x.com\/innoticiasbo\",\"https:\/\/www.instagram.com\/innoticiasbo\",\"https:\/\/www.youtube.com\/innoticiasbo\"]},{\"@type\":\"Person\",\"@id\":\"https:\/\/innoticiasbo.com\/#\/schema\/person\/589cd527c4211df1b943bdad85ec07ce\",\"name\":\"Prensa\",\"image\":{\"@type\":\"ImageObject\",\"inLanguage\":\"es\",\"@id\":\"https:\/\/innoticiasbo.com\/#\/schema\/person\/image\/\",\"url\":\"https:\/\/secure.gravatar.com\/avatar\/d359bbdf112023c1c0a3ec7fe1600657?s=96&d=mm&r=g\",\"contentUrl\":\"https:\/\/secure.gravatar.com\/avatar\/d359bbdf112023c1c0a3ec7fe1600657?s=96&d=mm&r=g\",\"caption\":\"Prensa\"},\"sameAs\":[\"http:\/\/www.innoticiasbo.com\"],\"url\":\"https:\/\/innoticiasbo.com\/index.php\/author\/prensa\/\"}]}<\/script>\n<!-- \/ Yoast SEO plugin. -->","yoast_head_json":{"title":"QU\u00c9 DICE LA ORDEN DE APREHENSI\u00d3N DE LA FISCAL\u00cdA CONTRA EVO MORALES POR ESTUPRO Y TRATA DE PERSONAS? - innoticiasbo.com","robots":{"index":"index","follow":"follow","max-snippet":"max-snippet:-1","max-image-preview":"max-image-preview:large","max-video-preview":"max-video-preview:-1"},"canonical":"https:\/\/innoticiasbo.com\/index.php\/2024\/10\/03\/que-dice-la-orden-de-aprehension-de-la-fiscalia-contra-evo-morales-por-estupro-y-trata-de-personas\/","og_locale":"es_ES","og_type":"article","og_title":"QU\u00c9 DICE LA ORDEN DE APREHENSI\u00d3N DE LA FISCAL\u00cdA CONTRA EVO MORALES POR ESTUPRO Y TRATA DE PERSONAS? - innoticiasbo.com","og_description":"La Paz, 3 de octubre de 2024.- Este mi\u00e9rcoles se conoci\u00f3 una nueva denuncia contra Evo Morales. En principio sus abogados informaron que exist\u00eda una orden de aprehensi\u00f3n en su contra que qued\u00f3 sin efecto por una acci\u00f3n de libertad, minutos m\u00e1s tarde la Fiscal\u00eda de Tarija inform\u00f3 que el l\u00edder del MAS tiene en...","og_url":"https:\/\/innoticiasbo.com\/index.php\/2024\/10\/03\/que-dice-la-orden-de-aprehension-de-la-fiscalia-contra-evo-morales-por-estupro-y-trata-de-personas\/","og_site_name":"innoticiasbo.com","article_publisher":"https:\/\/www.facebook.com\/innoticiasbolivia","article_published_time":"2024-10-03T14:03:10+00:00","article_modified_time":"2024-10-03T14:03:31+00:00","og_image":[{"width":992,"height":558,"url":"https:\/\/i0.wp.com\/innoticiasbo.com\/wp-content\/uploads\/2024\/10\/2022110617503122407-1.jpg?fit=992%2C558&ssl=1","type":"image\/jpeg"}],"author":"Prensa","twitter_card":"summary_large_image","twitter_creator":"@innoticiasbo","twitter_site":"@innoticiasbo","twitter_misc":{"Escrito por":"Prensa","Tiempo de lectura":"2 minutos"},"schema":{"@context":"https:\/\/schema.org","@graph":[{"@type":"Article","@id":"https:\/\/innoticiasbo.com\/index.php\/2024\/10\/03\/que-dice-la-orden-de-aprehension-de-la-fiscalia-contra-evo-morales-por-estupro-y-trata-de-personas\/#article","isPartOf":{"@id":"https:\/\/innoticiasbo.com\/index.php\/2024\/10\/03\/que-dice-la-orden-de-aprehension-de-la-fiscalia-contra-evo-morales-por-estupro-y-trata-de-personas\/"},"author":{"name":"Prensa","@id":"https:\/\/innoticiasbo.com\/#\/schema\/person\/589cd527c4211df1b943bdad85ec07ce"},"headline":"QU\u00c9 DICE LA ORDEN DE APREHENSI\u00d3N DE LA FISCAL\u00cdA CONTRA EVO MORALES POR ESTUPRO Y TRATA DE PERSONAS?","datePublished":"2024-10-03T14:03:10+00:00","dateModified":"2024-10-03T14:03:31+00:00","mainEntityOfPage":{"@id":"https:\/\/innoticiasbo.com\/index.php\/2024\/10\/03\/que-dice-la-orden-de-aprehension-de-la-fiscalia-contra-evo-morales-por-estupro-y-trata-de-personas\/"},"wordCount":345,"commentCount":0,"publisher":{"@id":"https:\/\/innoticiasbo.com\/#organization"},"image":{"@id":"https:\/\/innoticiasbo.com\/index.php\/2024\/10\/03\/que-dice-la-orden-de-aprehension-de-la-fiscalia-contra-evo-morales-por-estupro-y-trata-de-personas\/#primaryimage"},"thumbnailUrl":"https:\/\/i0.wp.com\/innoticiasbo.com\/wp-content\/uploads\/2024\/10\/2022110617503122407-1.jpg?fit=992%2C558&ssl=1","articleSection":["Bolivia","Pol\u00edtica"],"inLanguage":"es","potentialAction":[{"@type":"CommentAction","name":"Comment","target":["https:\/\/innoticiasbo.com\/index.php\/2024\/10\/03\/que-dice-la-orden-de-aprehension-de-la-fiscalia-contra-evo-morales-por-estupro-y-trata-de-personas\/#respond"]}]},{"@type":"WebPage","@id":"https:\/\/innoticiasbo.com\/index.php\/2024\/10\/03\/que-dice-la-orden-de-aprehension-de-la-fiscalia-contra-evo-morales-por-estupro-y-trata-de-personas\/","url":"https:\/\/innoticiasbo.com\/index.php\/2024\/10\/03\/que-dice-la-orden-de-aprehension-de-la-fiscalia-contra-evo-morales-por-estupro-y-trata-de-personas\/","name":"QU\u00c9 DICE LA ORDEN DE APREHENSI\u00d3N DE LA FISCAL\u00cdA CONTRA EVO MORALES POR ESTUPRO Y TRATA DE PERSONAS? - innoticiasbo.com","isPartOf":{"@id":"https:\/\/innoticiasbo.com\/#website"},"primaryImageOfPage":{"@id":"https:\/\/innoticiasbo.com\/index.php\/2024\/10\/03\/que-dice-la-orden-de-aprehension-de-la-fiscalia-contra-evo-morales-por-estupro-y-trata-de-personas\/#primaryimage"},"image":{"@id":"https:\/\/innoticiasbo.com\/index.php\/2024\/10\/03\/que-dice-la-orden-de-aprehension-de-la-fiscalia-contra-evo-morales-por-estupro-y-trata-de-personas\/#primaryimage"},"thumbnailUrl":"https:\/\/i0.wp.com\/innoticiasbo.com\/wp-content\/uploads\/2024\/10\/2022110617503122407-1.jpg?fit=992%2C558&ssl=1","datePublished":"2024-10-03T14:03:10+00:00","dateModified":"2024-10-03T14:03:31+00:00","breadcrumb":{"@id":"https:\/\/innoticiasbo.com\/index.php\/2024\/10\/03\/que-dice-la-orden-de-aprehension-de-la-fiscalia-contra-evo-morales-por-estupro-y-trata-de-personas\/#breadcrumb"},"inLanguage":"es","potentialAction":[{"@type":"ReadAction","target":["https:\/\/innoticiasbo.com\/index.php\/2024\/10\/03\/que-dice-la-orden-de-aprehension-de-la-fiscalia-contra-evo-morales-por-estupro-y-trata-de-personas\/"]}]},{"@type":"ImageObject","inLanguage":"es","@id":"https:\/\/innoticiasbo.com\/index.php\/2024\/10\/03\/que-dice-la-orden-de-aprehension-de-la-fiscalia-contra-evo-morales-por-estupro-y-trata-de-personas\/#primaryimage","url":"https:\/\/i0.wp.com\/innoticiasbo.com\/wp-content\/uploads\/2024\/10\/2022110617503122407-1.jpg?fit=992%2C558&ssl=1","contentUrl":"https:\/\/i0.wp.com\/innoticiasbo.com\/wp-content\/uploads\/2024\/10\/2022110617503122407-1.jpg?fit=992%2C558&ssl=1","width":992,"height":558},{"@type":"BreadcrumbList","@id":"https:\/\/innoticiasbo.com\/index.php\/2024\/10\/03\/que-dice-la-orden-de-aprehension-de-la-fiscalia-contra-evo-morales-por-estupro-y-trata-de-personas\/#breadcrumb","itemListElement":[{"@type":"ListItem","position":1,"name":"Portada","item":"https:\/\/innoticiasbo.com\/"},{"@type":"ListItem","position":2,"name":"QU\u00c9 DICE LA ORDEN DE APREHENSI\u00d3N DE LA FISCAL\u00cdA CONTRA EVO MORALES POR ESTUPRO Y TRATA DE PERSONAS?"}]},{"@type":"WebSite","@id":"https:\/\/innoticiasbo.com\/#website","url":"https:\/\/innoticiasbo.com\/","name":"innoticiasbo.com","description":"","publisher":{"@id":"https:\/\/innoticiasbo.com\/#organization"},"potentialAction":[{"@type":"SearchAction","target":{"@type":"EntryPoint","urlTemplate":"https:\/\/innoticiasbo.com\/?s={search_term_string}"},"query-input":{"@type":"PropertyValueSpecification","valueRequired":true,"valueName":"search_term_string"}}],"inLanguage":"es"},{"@type":"Organization","@id":"https:\/\/innoticiasbo.com\/#organization","name":"innoticiasbo.com","url":"https:\/\/innoticiasbo.com\/","logo":{"@type":"ImageObject","inLanguage":"es","@id":"https:\/\/innoticiasbo.com\/#\/schema\/logo\/image\/","url":"https:\/\/i0.wp.com\/innoticiasbo.com\/wp-content\/uploads\/2026\/04\/cropped-IN-LOGO.png?fit=1476%2C1476&ssl=1","contentUrl":"https:\/\/i0.wp.com\/innoticiasbo.com\/wp-content\/uploads\/2026\/04\/cropped-IN-LOGO.png?fit=1476%2C1476&ssl=1","width":1476,"height":1476,"caption":"innoticiasbo.com"},"image":{"@id":"https:\/\/innoticiasbo.com\/#\/schema\/logo\/image\/"},"sameAs":["https:\/\/www.facebook.com\/innoticiasbolivia","https:\/\/x.com\/innoticiasbo","https:\/\/www.instagram.com\/innoticiasbo","https:\/\/www.youtube.com\/innoticiasbo"]},{"@type":"Person","@id":"https:\/\/innoticiasbo.com\/#\/schema\/person\/589cd527c4211df1b943bdad85ec07ce","name":"Prensa","image":{"@type":"ImageObject","inLanguage":"es","@id":"https:\/\/innoticiasbo.com\/#\/schema\/person\/image\/","url":"https:\/\/secure.gravatar.com\/avatar\/d359bbdf112023c1c0a3ec7fe1600657?s=96&d=mm&r=g","contentUrl":"https:\/\/secure.gravatar.com\/avatar\/d359bbdf112023c1c0a3ec7fe1600657?s=96&d=mm&r=g","caption":"Prensa"},"sameAs":["http:\/\/www.innoticiasbo.com"],"url":"https:\/\/innoticiasbo.com\/index.php\/author\/prensa\/"}]}},"jetpack_featured_media_url":"https:\/\/i0.wp.com\/innoticiasbo.com\/wp-content\/uploads\/2024\/10\/2022110617503122407-1.jpg?fit=992%2C558&ssl=1","jetpack_likes_enabled":true,"jetpack_sharing_enabled":true,"jetpack_shortlink":"https:\/\/wp.me\/pg298x-ku","_links":{"self":[{"href":"https:\/\/innoticiasbo.com\/index.php\/wp-json\/wp\/v2\/posts\/1270","targetHints":{"allow":["GET"]}}],"collection":[{"href":"https:\/\/innoticiasbo.com\/index.php\/wp-json\/wp\/v2\/posts"}],"about":[{"href":"https:\/\/innoticiasbo.com\/index.php\/wp-json\/wp\/v2\/types\/post"}],"author":[{"embeddable":true,"href":"https:\/\/innoticiasbo.com\/index.php\/wp-json\/wp\/v2\/users\/2"}],"replies":[{"embeddable":true,"href":"https:\/\/innoticiasbo.com\/index.php\/wp-json\/wp\/v2\/comments?post=1270"}],"version-history":[{"count":1,"href":"https:\/\/innoticiasbo.com\/index.php\/wp-json\/wp\/v2\/posts\/1270\/revisions"}],"predecessor-version":[{"id":1271,"href":"https:\/\/innoticiasbo.com\/index.php\/wp-json\/wp\/v2\/posts\/1270\/revisions\/1271"}],"wp:featuredmedia":[{"embeddable":true,"href":"https:\/\/innoticiasbo.com\/index.php\/wp-json\/wp\/v2\/media\/1269"}],"wp:attachment":[{"href":"https:\/\/innoticiasbo.com\/index.php\/wp-json\/wp\/v2\/media?parent=1270"}],"wp:term":[{"taxonomy":"category","embeddable":true,"href":"https:\/\/innoticiasbo.com\/index.php\/wp-json\/wp\/v2\/categories?post=1270"},{"taxonomy":"post_tag","embeddable":true,"href":"https:\/\/innoticiasbo.com\/index.php\/wp-json\/wp\/v2\/tags?post=1270"}],"curies":[{"name":"wp","href":"https:\/\/api.w.org\/{rel}","templated":true}]}}