{"id":1262,"date":"2024-10-03T01:47:49","date_gmt":"2024-10-03T01:47:49","guid":{"rendered":"https:\/\/innoticiasbo.com\/?p=1262"},"modified":"2024-10-03T01:48:16","modified_gmt":"2024-10-03T01:48:16","slug":"destituyen-a-la-fiscal-departamental-de-tarija-por-autorizar-la-orden-de-aprehension-contra-evo-morales-por-estupro-y-trata-de-personas","status":"publish","type":"post","link":"https:\/\/innoticiasbo.com\/index.php\/2024\/10\/03\/destituyen-a-la-fiscal-departamental-de-tarija-por-autorizar-la-orden-de-aprehension-contra-evo-morales-por-estupro-y-trata-de-personas\/","title":{"rendered":"DESTITUYEN A LA FISCAL DEPARTAMENTAL DE TARIJA POR AUTORIZAR LA ORDEN DE APREHENSI\u00d3N CONTRA EVO MORALES POR ESTUPRO Y TRATA DE PERSONAS"},"content":{"rendered":"\n<p><\/p>\n\n\n\n<p>Tarija, 3 de octubre de 2024.- Sandra Gutierrez que hasta este mi\u00e9rcoles fue Fiscal Departamental de Tarija fue desvinculada del cargo por haber autorizado y respaldado el trabajo de una comisi\u00f3n de 3 fiscales que emtieron la orden de aprehensi\u00f3n contra Evo Morales por los presuntos delitos de estupro y trata y tr\u00e1fico de personas.<\/p>\n\n\n\n<p>La fiscal departamental Sandra gutierrez y otros dos fiscales de la comisi\u00f3n, Walter Andr\u00e9s Soruco Chamoso y Christian Antonio Guerrero Ticona fueron revelados del cargo, mientras que una tecera fiscal que tambi\u00e9n firm\u00f3 el mandamiento, Pamela Ovando, fue la \u00fanica que qued\u00f3 en el cargo y se sospecha que fue ella quien \u201cfiltr\u00f3\u201d las acciones investigativas contra el exmandatario.<\/p>\n\n\n\n<figure class=\"wp-block-image size-large\"><img data-recalc-dims=\"1\" loading=\"lazy\" decoding=\"async\" width=\"318\" height=\"159\" src=\"https:\/\/i0.wp.com\/innoticiasbo.com\/wp-content\/uploads\/2024\/10\/img-20241002-wa02593862876462353549780.jpg?resize=318%2C159&#038;ssl=1\" alt=\"\" class=\"wp-image-1258\" srcset=\"https:\/\/i0.wp.com\/innoticiasbo.com\/wp-content\/uploads\/2024\/10\/img-20241002-wa02593862876462353549780.jpg?w=318&amp;ssl=1 318w, https:\/\/i0.wp.com\/innoticiasbo.com\/wp-content\/uploads\/2024\/10\/img-20241002-wa02593862876462353549780.jpg?resize=300%2C150&amp;ssl=1 300w\" sizes=\"auto, (max-width: 318px) 100vw, 318px\" \/><figcaption class=\"wp-element-caption\">Sandra Guti\u00e9rrez exfiscal de Tarija<\/figcaption><\/figure>\n\n\n\n<p>LA V\u00cdCTIMA TIENE DE 15 A\u00d1OS Y ES DE PROVINCIA<\/p>\n\n\n\n<p>En una improvisada conferencia de prensa en la calle, porque la exfiscal fue impedida de ingresar a su oficina, Gutierrez inform\u00f3 que la v\u00edctima fue plenamente identificada. Es una adolescente de provincia y que tiene tan solo 15 a\u00f1os. No brind\u00f3 mayores datos para preservar a la menor, sin embargo dijo que existen elementos suficientes para el procesamiento de Morales sustentada en informes de inteligencia.<\/p>\n\n\n\n<p>\u201cDejaron sin efecto esta resoluci\u00f3n fiscal de aprehensi\u00f3n contra Evo Morales por el delito de trata y trafico. De por medio hay una menor y los informes vienen de inteligencia, no daremos datos porque respetamos a las menores, reservamos los hechos\u201d, se\u00f1al\u00f3 a tiempo de informar que el caso habr\u00eda ocurrido cuando la menor ten\u00eda 15 a\u00f1os de edad.<\/p>\n\n\n\n<figure class=\"wp-block-image size-large\"><img data-recalc-dims=\"1\" loading=\"lazy\" decoding=\"async\" width=\"640\" height=\"427\" src=\"https:\/\/i0.wp.com\/innoticiasbo.com\/wp-content\/uploads\/2024\/10\/000639629w396682222601641146.jpg?resize=640%2C427&#038;ssl=1\" alt=\"\" class=\"wp-image-1259\" srcset=\"https:\/\/i0.wp.com\/innoticiasbo.com\/wp-content\/uploads\/2024\/10\/000639629w396682222601641146.jpg?resize=1024%2C683&amp;ssl=1 1024w, https:\/\/i0.wp.com\/innoticiasbo.com\/wp-content\/uploads\/2024\/10\/000639629w396682222601641146.jpg?resize=300%2C200&amp;ssl=1 300w, https:\/\/i0.wp.com\/innoticiasbo.com\/wp-content\/uploads\/2024\/10\/000639629w396682222601641146.jpg?resize=768%2C512&amp;ssl=1 768w, https:\/\/i0.wp.com\/innoticiasbo.com\/wp-content\/uploads\/2024\/10\/000639629w396682222601641146.jpg?resize=1536%2C1024&amp;ssl=1 1536w, https:\/\/i0.wp.com\/innoticiasbo.com\/wp-content\/uploads\/2024\/10\/000639629w396682222601641146.jpg?resize=600%2C400&amp;ssl=1 600w, https:\/\/i0.wp.com\/innoticiasbo.com\/wp-content\/uploads\/2024\/10\/000639629w396682222601641146.jpg?w=1800&amp;ssl=1 1800w, https:\/\/i0.wp.com\/innoticiasbo.com\/wp-content\/uploads\/2024\/10\/000639629w396682222601641146.jpg?w=1280&amp;ssl=1 1280w\" sizes=\"auto, (max-width: 640px) 100vw, 640px\" \/><\/figure>\n\n\n\n<p>LANCHIPA ME ORDEN\u00d3 DEJAR EL CASO\u201d<\/p>\n\n\n\n<p>Sostuvo que Lanchipa orden\u00f3 dejar el caso, junto a los 3 fiscales de la comisi\u00f3n de investigaci\u00f3n, se\u00f1alando que el caso quedar\u00eda en manos de la directora nacional de lal fiscal\u00eda especializada en delitos en raz\u00f3n de g\u00e9nero.<\/p>\n\n\n\n<p>Denunci\u00f3 que iniciaron una persecuci\u00f3n en su contra y que se va con la frente en alto porque cumpli\u00f3 su deber en el cargo. Sostuvo que inicialmente le pidieron su renuncia y como se neg\u00f3 enviaron un agradecimiento de servicios. \u201cNo me dejaron entrar a mi oficina, como si fu\u00e9semos delincuentes, as\u00ed tambi\u00e9n a los otros dos abogados no les dejaron ni sacar sus pertenencias (\u2026 ) es persecuci\u00f3n y lo denuncio p\u00fablicamente, acudir\u00e9 a la comunidad internacional\u201d, advirti\u00f3 a tiempo de lamentar el accionar de Lanchipa Ponce.<\/p>\n\n\n\n<p>\u201cDemostrar\u00e9 con pruebas c\u00f3mo Lanchipa me habl\u00f3, de forma grosera, indic\u00e1ndome que deje el caso. Yo no puedo dejar el caso. Como va a creer la sociedad en el ministerio upblico si hay esa intromisi\u00f3n por parte del jefazo\u201d, afirm\u00f3.<\/p>\n\n\n\n<figure class=\"wp-block-image size-large\"><img data-recalc-dims=\"1\" loading=\"lazy\" decoding=\"async\" width=\"640\" height=\"893\" src=\"https:\/\/i0.wp.com\/innoticiasbo.com\/wp-content\/uploads\/2024\/10\/img-20241002-wa02416334976452592319105.jpg?resize=640%2C893&#038;ssl=1\" alt=\"\" class=\"wp-image-1260\" srcset=\"https:\/\/i0.wp.com\/innoticiasbo.com\/wp-content\/uploads\/2024\/10\/img-20241002-wa02416334976452592319105.jpg?w=645&amp;ssl=1 645w, https:\/\/i0.wp.com\/innoticiasbo.com\/wp-content\/uploads\/2024\/10\/img-20241002-wa02416334976452592319105.jpg?resize=215%2C300&amp;ssl=1 215w\" sizes=\"auto, (max-width: 640px) 100vw, 640px\" \/><\/figure>\n\n\n\n<p>CINCO PROCESOS CONTRA EVO MORALES<\/p>\n\n\n\n<p>Un juicio en El Alto, dos en La Paz, uno en Trinidad, Beni y otro en Tarija son los cinco juicios que se habr\u00edan instaurado en contra del expresidente Evo Morales, la mayor\u00eda despu\u00e9s de la realizaci\u00f3n de la marcha que protagoniz\u00f3 del 17 al 23 de septiembre. En este \u00faltimo juicio en la ciudad de Tarija hay una resoluci\u00f3n fiscal de aprehensi\u00f3n en contra del exmandatario que fue dejada sin efecto tras una acci\u00f3n de libertad presentada en Santa Cruz, tras la cual la Fiscal Departamental de Tarija fue removida de su cargo.<\/p>\n\n\n\n<p>\u201cUna resoluci\u00f3n de aprensi\u00f3n que se ha librado de manera arbitraria en la jurisdicci\u00f3n de Tarija por orden de la fiscal departamental Sandra Guti\u00e9rrez, quien en fecha 26 de septiembre habr\u00eda conformado de manera intempestiva una comisi\u00f3n de fiscales iniciando una acci\u00f3n de oficio contra el expresidente Morales, con una serie de acusaciones, este proceso se ha sustanciado en dos horas\u201d, declar\u00f3 el exministro en conferencia de prensa.<\/p>\n\n\n\n<h1 class=\"wp-block-heading\">SandraGutierrez #EvoMoralesAyma #estupro #tratadepersonas #innoticias #fiscal\u00edadetarija<\/h1>\n","protected":false},"excerpt":{"rendered":"<p>Tarija, 3 de octubre de 2024.- Sandra Gutierrez que hasta este mi\u00e9rcoles fue Fiscal Departamental de Tarija fue desvinculada del cargo por haber autorizado y respaldado el trabajo de una comisi\u00f3n de 3 fiscales que emtieron la orden de aprehensi\u00f3n contra Evo Morales por los presuntos delitos de estupro y trata y tr\u00e1fico de personas&#8230;.<\/p>\n","protected":false},"author":2,"featured_media":1261,"comment_status":"open","ping_status":"open","sticky":false,"template":"","format":"standard","meta":{"_jetpack_memberships_contains_paid_content":false,"footnotes":"","jetpack_publicize_message":"","jetpack_publicize_feature_enabled":true,"jetpack_social_post_already_shared":true,"jetpack_social_options":{"image_generator_settings":{"template":"highway","enabled":false},"version":2}},"categories":[1,3],"tags":[],"class_list":["post-1262","post","type-post","status-publish","format-standard","has-post-thumbnail","hentry","category-bolivia","category-politica"],"jetpack_publicize_connections":[],"yoast_head":"<!-- This site is optimized with the Yoast SEO plugin v23.4 - https:\/\/yoast.com\/wordpress\/plugins\/seo\/ -->\n<title>DESTITUYEN A LA FISCAL DEPARTAMENTAL DE TARIJA POR AUTORIZAR LA ORDEN DE APREHENSI\u00d3N CONTRA EVO MORALES POR ESTUPRO Y TRATA DE PERSONAS - innoticiasbo.com<\/title>\n<meta name=\"robots\" content=\"index, follow, max-snippet:-1, max-image-preview:large, max-video-preview:-1\" \/>\n<link rel=\"canonical\" href=\"https:\/\/innoticiasbo.com\/index.php\/2024\/10\/03\/destituyen-a-la-fiscal-departamental-de-tarija-por-autorizar-la-orden-de-aprehension-contra-evo-morales-por-estupro-y-trata-de-personas\/\" \/>\n<meta property=\"og:locale\" content=\"es_ES\" \/>\n<meta property=\"og:type\" content=\"article\" \/>\n<meta property=\"og:title\" content=\"DESTITUYEN A LA FISCAL DEPARTAMENTAL DE TARIJA POR AUTORIZAR LA ORDEN DE APREHENSI\u00d3N CONTRA EVO MORALES POR ESTUPRO Y TRATA DE PERSONAS - innoticiasbo.com\" \/>\n<meta property=\"og:description\" content=\"Tarija, 3 de octubre de 2024.- Sandra Gutierrez que hasta este mi\u00e9rcoles fue Fiscal Departamental de Tarija fue desvinculada del cargo por haber autorizado y respaldado el trabajo de una comisi\u00f3n de 3 fiscales que emtieron la orden de aprehensi\u00f3n contra Evo Morales por los presuntos delitos de estupro y trata y tr\u00e1fico de personas....\" \/>\n<meta property=\"og:url\" content=\"https:\/\/innoticiasbo.com\/index.php\/2024\/10\/03\/destituyen-a-la-fiscal-departamental-de-tarija-por-autorizar-la-orden-de-aprehension-contra-evo-morales-por-estupro-y-trata-de-personas\/\" \/>\n<meta property=\"og:site_name\" content=\"innoticiasbo.com\" \/>\n<meta property=\"article:publisher\" content=\"https:\/\/www.facebook.com\/innoticiasbolivia\" \/>\n<meta property=\"article:published_time\" content=\"2024-10-03T01:47:49+00:00\" \/>\n<meta property=\"article:modified_time\" content=\"2024-10-03T01:48:16+00:00\" \/>\n<meta property=\"og:image\" content=\"https:\/\/i0.wp.com\/innoticiasbo.com\/wp-content\/uploads\/2024\/10\/2022110617503122407.jpg?fit=992%2C558&ssl=1\" \/>\n\t<meta property=\"og:image:width\" content=\"992\" \/>\n\t<meta property=\"og:image:height\" content=\"558\" \/>\n\t<meta property=\"og:image:type\" content=\"image\/jpeg\" \/>\n<meta name=\"author\" content=\"Prensa\" \/>\n<meta name=\"twitter:card\" content=\"summary_large_image\" \/>\n<meta name=\"twitter:creator\" content=\"@innoticiasbo\" \/>\n<meta name=\"twitter:site\" content=\"@innoticiasbo\" \/>\n<meta name=\"twitter:label1\" content=\"Escrito por\" \/>\n\t<meta name=\"twitter:data1\" content=\"Prensa\" \/>\n\t<meta name=\"twitter:label2\" content=\"Tiempo de lectura\" \/>\n\t<meta name=\"twitter:data2\" content=\"3 minutos\" \/>\n<script type=\"application\/ld+json\" class=\"yoast-schema-graph\">{\"@context\":\"https:\/\/schema.org\",\"@graph\":[{\"@type\":\"Article\",\"@id\":\"https:\/\/innoticiasbo.com\/index.php\/2024\/10\/03\/destituyen-a-la-fiscal-departamental-de-tarija-por-autorizar-la-orden-de-aprehension-contra-evo-morales-por-estupro-y-trata-de-personas\/#article\",\"isPartOf\":{\"@id\":\"https:\/\/innoticiasbo.com\/index.php\/2024\/10\/03\/destituyen-a-la-fiscal-departamental-de-tarija-por-autorizar-la-orden-de-aprehension-contra-evo-morales-por-estupro-y-trata-de-personas\/\"},\"author\":{\"name\":\"Prensa\",\"@id\":\"https:\/\/innoticiasbo.com\/#\/schema\/person\/589cd527c4211df1b943bdad85ec07ce\"},\"headline\":\"DESTITUYEN A LA FISCAL DEPARTAMENTAL DE TARIJA POR AUTORIZAR LA ORDEN DE APREHENSI\u00d3N CONTRA EVO MORALES POR ESTUPRO Y TRATA DE PERSONAS\",\"datePublished\":\"2024-10-03T01:47:49+00:00\",\"dateModified\":\"2024-10-03T01:48:16+00:00\",\"mainEntityOfPage\":{\"@id\":\"https:\/\/innoticiasbo.com\/index.php\/2024\/10\/03\/destituyen-a-la-fiscal-departamental-de-tarija-por-autorizar-la-orden-de-aprehension-contra-evo-morales-por-estupro-y-trata-de-personas\/\"},\"wordCount\":658,\"commentCount\":0,\"publisher\":{\"@id\":\"https:\/\/innoticiasbo.com\/#organization\"},\"image\":{\"@id\":\"https:\/\/innoticiasbo.com\/index.php\/2024\/10\/03\/destituyen-a-la-fiscal-departamental-de-tarija-por-autorizar-la-orden-de-aprehension-contra-evo-morales-por-estupro-y-trata-de-personas\/#primaryimage\"},\"thumbnailUrl\":\"https:\/\/i0.wp.com\/innoticiasbo.com\/wp-content\/uploads\/2024\/10\/2022110617503122407.jpg?fit=992%2C558&ssl=1\",\"articleSection\":[\"Bolivia\",\"Pol\u00edtica\"],\"inLanguage\":\"es\",\"potentialAction\":[{\"@type\":\"CommentAction\",\"name\":\"Comment\",\"target\":[\"https:\/\/innoticiasbo.com\/index.php\/2024\/10\/03\/destituyen-a-la-fiscal-departamental-de-tarija-por-autorizar-la-orden-de-aprehension-contra-evo-morales-por-estupro-y-trata-de-personas\/#respond\"]}]},{\"@type\":\"WebPage\",\"@id\":\"https:\/\/innoticiasbo.com\/index.php\/2024\/10\/03\/destituyen-a-la-fiscal-departamental-de-tarija-por-autorizar-la-orden-de-aprehension-contra-evo-morales-por-estupro-y-trata-de-personas\/\",\"url\":\"https:\/\/innoticiasbo.com\/index.php\/2024\/10\/03\/destituyen-a-la-fiscal-departamental-de-tarija-por-autorizar-la-orden-de-aprehension-contra-evo-morales-por-estupro-y-trata-de-personas\/\",\"name\":\"DESTITUYEN A LA FISCAL DEPARTAMENTAL DE TARIJA POR AUTORIZAR LA ORDEN DE APREHENSI\u00d3N CONTRA EVO MORALES POR ESTUPRO Y TRATA DE PERSONAS - innoticiasbo.com\",\"isPartOf\":{\"@id\":\"https:\/\/innoticiasbo.com\/#website\"},\"primaryImageOfPage\":{\"@id\":\"https:\/\/innoticiasbo.com\/index.php\/2024\/10\/03\/destituyen-a-la-fiscal-departamental-de-tarija-por-autorizar-la-orden-de-aprehension-contra-evo-morales-por-estupro-y-trata-de-personas\/#primaryimage\"},\"image\":{\"@id\":\"https:\/\/innoticiasbo.com\/index.php\/2024\/10\/03\/destituyen-a-la-fiscal-departamental-de-tarija-por-autorizar-la-orden-de-aprehension-contra-evo-morales-por-estupro-y-trata-de-personas\/#primaryimage\"},\"thumbnailUrl\":\"https:\/\/i0.wp.com\/innoticiasbo.com\/wp-content\/uploads\/2024\/10\/2022110617503122407.jpg?fit=992%2C558&ssl=1\",\"datePublished\":\"2024-10-03T01:47:49+00:00\",\"dateModified\":\"2024-10-03T01:48:16+00:00\",\"breadcrumb\":{\"@id\":\"https:\/\/innoticiasbo.com\/index.php\/2024\/10\/03\/destituyen-a-la-fiscal-departamental-de-tarija-por-autorizar-la-orden-de-aprehension-contra-evo-morales-por-estupro-y-trata-de-personas\/#breadcrumb\"},\"inLanguage\":\"es\",\"potentialAction\":[{\"@type\":\"ReadAction\",\"target\":[\"https:\/\/innoticiasbo.com\/index.php\/2024\/10\/03\/destituyen-a-la-fiscal-departamental-de-tarija-por-autorizar-la-orden-de-aprehension-contra-evo-morales-por-estupro-y-trata-de-personas\/\"]}]},{\"@type\":\"ImageObject\",\"inLanguage\":\"es\",\"@id\":\"https:\/\/innoticiasbo.com\/index.php\/2024\/10\/03\/destituyen-a-la-fiscal-departamental-de-tarija-por-autorizar-la-orden-de-aprehension-contra-evo-morales-por-estupro-y-trata-de-personas\/#primaryimage\",\"url\":\"https:\/\/i0.wp.com\/innoticiasbo.com\/wp-content\/uploads\/2024\/10\/2022110617503122407.jpg?fit=992%2C558&ssl=1\",\"contentUrl\":\"https:\/\/i0.wp.com\/innoticiasbo.com\/wp-content\/uploads\/2024\/10\/2022110617503122407.jpg?fit=992%2C558&ssl=1\",\"width\":992,\"height\":558},{\"@type\":\"BreadcrumbList\",\"@id\":\"https:\/\/innoticiasbo.com\/index.php\/2024\/10\/03\/destituyen-a-la-fiscal-departamental-de-tarija-por-autorizar-la-orden-de-aprehension-contra-evo-morales-por-estupro-y-trata-de-personas\/#breadcrumb\",\"itemListElement\":[{\"@type\":\"ListItem\",\"position\":1,\"name\":\"Portada\",\"item\":\"https:\/\/innoticiasbo.com\/\"},{\"@type\":\"ListItem\",\"position\":2,\"name\":\"DESTITUYEN A LA FISCAL DEPARTAMENTAL DE TARIJA POR AUTORIZAR LA ORDEN DE APREHENSI\u00d3N CONTRA EVO MORALES POR ESTUPRO Y TRATA DE PERSONAS\"}]},{\"@type\":\"WebSite\",\"@id\":\"https:\/\/innoticiasbo.com\/#website\",\"url\":\"https:\/\/innoticiasbo.com\/\",\"name\":\"innoticiasbo.com\",\"description\":\"\",\"publisher\":{\"@id\":\"https:\/\/innoticiasbo.com\/#organization\"},\"potentialAction\":[{\"@type\":\"SearchAction\",\"target\":{\"@type\":\"EntryPoint\",\"urlTemplate\":\"https:\/\/innoticiasbo.com\/?s={search_term_string}\"},\"query-input\":{\"@type\":\"PropertyValueSpecification\",\"valueRequired\":true,\"valueName\":\"search_term_string\"}}],\"inLanguage\":\"es\"},{\"@type\":\"Organization\",\"@id\":\"https:\/\/innoticiasbo.com\/#organization\",\"name\":\"innoticiasbo.com\",\"url\":\"https:\/\/innoticiasbo.com\/\",\"logo\":{\"@type\":\"ImageObject\",\"inLanguage\":\"es\",\"@id\":\"https:\/\/innoticiasbo.com\/#\/schema\/logo\/image\/\",\"url\":\"https:\/\/i0.wp.com\/innoticiasbo.com\/wp-content\/uploads\/2026\/04\/cropped-IN-LOGO.png?fit=1476%2C1476&ssl=1\",\"contentUrl\":\"https:\/\/i0.wp.com\/innoticiasbo.com\/wp-content\/uploads\/2026\/04\/cropped-IN-LOGO.png?fit=1476%2C1476&ssl=1\",\"width\":1476,\"height\":1476,\"caption\":\"innoticiasbo.com\"},\"image\":{\"@id\":\"https:\/\/innoticiasbo.com\/#\/schema\/logo\/image\/\"},\"sameAs\":[\"https:\/\/www.facebook.com\/innoticiasbolivia\",\"https:\/\/x.com\/innoticiasbo\",\"https:\/\/www.instagram.com\/innoticiasbo\",\"https:\/\/www.youtube.com\/innoticiasbo\"]},{\"@type\":\"Person\",\"@id\":\"https:\/\/innoticiasbo.com\/#\/schema\/person\/589cd527c4211df1b943bdad85ec07ce\",\"name\":\"Prensa\",\"image\":{\"@type\":\"ImageObject\",\"inLanguage\":\"es\",\"@id\":\"https:\/\/innoticiasbo.com\/#\/schema\/person\/image\/\",\"url\":\"https:\/\/secure.gravatar.com\/avatar\/d359bbdf112023c1c0a3ec7fe1600657?s=96&d=mm&r=g\",\"contentUrl\":\"https:\/\/secure.gravatar.com\/avatar\/d359bbdf112023c1c0a3ec7fe1600657?s=96&d=mm&r=g\",\"caption\":\"Prensa\"},\"sameAs\":[\"http:\/\/www.innoticiasbo.com\"],\"url\":\"https:\/\/innoticiasbo.com\/index.php\/author\/prensa\/\"}]}<\/script>\n<!-- \/ Yoast SEO plugin. -->","yoast_head_json":{"title":"DESTITUYEN A LA FISCAL DEPARTAMENTAL DE TARIJA POR AUTORIZAR LA ORDEN DE APREHENSI\u00d3N CONTRA EVO MORALES POR ESTUPRO Y TRATA DE PERSONAS - innoticiasbo.com","robots":{"index":"index","follow":"follow","max-snippet":"max-snippet:-1","max-image-preview":"max-image-preview:large","max-video-preview":"max-video-preview:-1"},"canonical":"https:\/\/innoticiasbo.com\/index.php\/2024\/10\/03\/destituyen-a-la-fiscal-departamental-de-tarija-por-autorizar-la-orden-de-aprehension-contra-evo-morales-por-estupro-y-trata-de-personas\/","og_locale":"es_ES","og_type":"article","og_title":"DESTITUYEN A LA FISCAL DEPARTAMENTAL DE TARIJA POR AUTORIZAR LA ORDEN DE APREHENSI\u00d3N CONTRA EVO MORALES POR ESTUPRO Y TRATA DE PERSONAS - innoticiasbo.com","og_description":"Tarija, 3 de octubre de 2024.- Sandra Gutierrez que hasta este mi\u00e9rcoles fue Fiscal Departamental de Tarija fue desvinculada del cargo por haber autorizado y respaldado el trabajo de una comisi\u00f3n de 3 fiscales que emtieron la orden de aprehensi\u00f3n contra Evo Morales por los presuntos delitos de estupro y trata y tr\u00e1fico de personas....","og_url":"https:\/\/innoticiasbo.com\/index.php\/2024\/10\/03\/destituyen-a-la-fiscal-departamental-de-tarija-por-autorizar-la-orden-de-aprehension-contra-evo-morales-por-estupro-y-trata-de-personas\/","og_site_name":"innoticiasbo.com","article_publisher":"https:\/\/www.facebook.com\/innoticiasbolivia","article_published_time":"2024-10-03T01:47:49+00:00","article_modified_time":"2024-10-03T01:48:16+00:00","og_image":[{"width":992,"height":558,"url":"https:\/\/i0.wp.com\/innoticiasbo.com\/wp-content\/uploads\/2024\/10\/2022110617503122407.jpg?fit=992%2C558&ssl=1","type":"image\/jpeg"}],"author":"Prensa","twitter_card":"summary_large_image","twitter_creator":"@innoticiasbo","twitter_site":"@innoticiasbo","twitter_misc":{"Escrito por":"Prensa","Tiempo de lectura":"3 minutos"},"schema":{"@context":"https:\/\/schema.org","@graph":[{"@type":"Article","@id":"https:\/\/innoticiasbo.com\/index.php\/2024\/10\/03\/destituyen-a-la-fiscal-departamental-de-tarija-por-autorizar-la-orden-de-aprehension-contra-evo-morales-por-estupro-y-trata-de-personas\/#article","isPartOf":{"@id":"https:\/\/innoticiasbo.com\/index.php\/2024\/10\/03\/destituyen-a-la-fiscal-departamental-de-tarija-por-autorizar-la-orden-de-aprehension-contra-evo-morales-por-estupro-y-trata-de-personas\/"},"author":{"name":"Prensa","@id":"https:\/\/innoticiasbo.com\/#\/schema\/person\/589cd527c4211df1b943bdad85ec07ce"},"headline":"DESTITUYEN A LA FISCAL DEPARTAMENTAL DE TARIJA POR AUTORIZAR LA ORDEN DE APREHENSI\u00d3N CONTRA EVO MORALES POR ESTUPRO Y TRATA DE PERSONAS","datePublished":"2024-10-03T01:47:49+00:00","dateModified":"2024-10-03T01:48:16+00:00","mainEntityOfPage":{"@id":"https:\/\/innoticiasbo.com\/index.php\/2024\/10\/03\/destituyen-a-la-fiscal-departamental-de-tarija-por-autorizar-la-orden-de-aprehension-contra-evo-morales-por-estupro-y-trata-de-personas\/"},"wordCount":658,"commentCount":0,"publisher":{"@id":"https:\/\/innoticiasbo.com\/#organization"},"image":{"@id":"https:\/\/innoticiasbo.com\/index.php\/2024\/10\/03\/destituyen-a-la-fiscal-departamental-de-tarija-por-autorizar-la-orden-de-aprehension-contra-evo-morales-por-estupro-y-trata-de-personas\/#primaryimage"},"thumbnailUrl":"https:\/\/i0.wp.com\/innoticiasbo.com\/wp-content\/uploads\/2024\/10\/2022110617503122407.jpg?fit=992%2C558&ssl=1","articleSection":["Bolivia","Pol\u00edtica"],"inLanguage":"es","potentialAction":[{"@type":"CommentAction","name":"Comment","target":["https:\/\/innoticiasbo.com\/index.php\/2024\/10\/03\/destituyen-a-la-fiscal-departamental-de-tarija-por-autorizar-la-orden-de-aprehension-contra-evo-morales-por-estupro-y-trata-de-personas\/#respond"]}]},{"@type":"WebPage","@id":"https:\/\/innoticiasbo.com\/index.php\/2024\/10\/03\/destituyen-a-la-fiscal-departamental-de-tarija-por-autorizar-la-orden-de-aprehension-contra-evo-morales-por-estupro-y-trata-de-personas\/","url":"https:\/\/innoticiasbo.com\/index.php\/2024\/10\/03\/destituyen-a-la-fiscal-departamental-de-tarija-por-autorizar-la-orden-de-aprehension-contra-evo-morales-por-estupro-y-trata-de-personas\/","name":"DESTITUYEN A LA FISCAL DEPARTAMENTAL DE TARIJA POR AUTORIZAR LA ORDEN DE APREHENSI\u00d3N CONTRA EVO MORALES POR ESTUPRO Y TRATA DE PERSONAS - innoticiasbo.com","isPartOf":{"@id":"https:\/\/innoticiasbo.com\/#website"},"primaryImageOfPage":{"@id":"https:\/\/innoticiasbo.com\/index.php\/2024\/10\/03\/destituyen-a-la-fiscal-departamental-de-tarija-por-autorizar-la-orden-de-aprehension-contra-evo-morales-por-estupro-y-trata-de-personas\/#primaryimage"},"image":{"@id":"https:\/\/innoticiasbo.com\/index.php\/2024\/10\/03\/destituyen-a-la-fiscal-departamental-de-tarija-por-autorizar-la-orden-de-aprehension-contra-evo-morales-por-estupro-y-trata-de-personas\/#primaryimage"},"thumbnailUrl":"https:\/\/i0.wp.com\/innoticiasbo.com\/wp-content\/uploads\/2024\/10\/2022110617503122407.jpg?fit=992%2C558&ssl=1","datePublished":"2024-10-03T01:47:49+00:00","dateModified":"2024-10-03T01:48:16+00:00","breadcrumb":{"@id":"https:\/\/innoticiasbo.com\/index.php\/2024\/10\/03\/destituyen-a-la-fiscal-departamental-de-tarija-por-autorizar-la-orden-de-aprehension-contra-evo-morales-por-estupro-y-trata-de-personas\/#breadcrumb"},"inLanguage":"es","potentialAction":[{"@type":"ReadAction","target":["https:\/\/innoticiasbo.com\/index.php\/2024\/10\/03\/destituyen-a-la-fiscal-departamental-de-tarija-por-autorizar-la-orden-de-aprehension-contra-evo-morales-por-estupro-y-trata-de-personas\/"]}]},{"@type":"ImageObject","inLanguage":"es","@id":"https:\/\/innoticiasbo.com\/index.php\/2024\/10\/03\/destituyen-a-la-fiscal-departamental-de-tarija-por-autorizar-la-orden-de-aprehension-contra-evo-morales-por-estupro-y-trata-de-personas\/#primaryimage","url":"https:\/\/i0.wp.com\/innoticiasbo.com\/wp-content\/uploads\/2024\/10\/2022110617503122407.jpg?fit=992%2C558&ssl=1","contentUrl":"https:\/\/i0.wp.com\/innoticiasbo.com\/wp-content\/uploads\/2024\/10\/2022110617503122407.jpg?fit=992%2C558&ssl=1","width":992,"height":558},{"@type":"BreadcrumbList","@id":"https:\/\/innoticiasbo.com\/index.php\/2024\/10\/03\/destituyen-a-la-fiscal-departamental-de-tarija-por-autorizar-la-orden-de-aprehension-contra-evo-morales-por-estupro-y-trata-de-personas\/#breadcrumb","itemListElement":[{"@type":"ListItem","position":1,"name":"Portada","item":"https:\/\/innoticiasbo.com\/"},{"@type":"ListItem","position":2,"name":"DESTITUYEN A LA FISCAL DEPARTAMENTAL DE TARIJA POR AUTORIZAR LA ORDEN DE APREHENSI\u00d3N CONTRA EVO MORALES POR ESTUPRO Y TRATA DE PERSONAS"}]},{"@type":"WebSite","@id":"https:\/\/innoticiasbo.com\/#website","url":"https:\/\/innoticiasbo.com\/","name":"innoticiasbo.com","description":"","publisher":{"@id":"https:\/\/innoticiasbo.com\/#organization"},"potentialAction":[{"@type":"SearchAction","target":{"@type":"EntryPoint","urlTemplate":"https:\/\/innoticiasbo.com\/?s={search_term_string}"},"query-input":{"@type":"PropertyValueSpecification","valueRequired":true,"valueName":"search_term_string"}}],"inLanguage":"es"},{"@type":"Organization","@id":"https:\/\/innoticiasbo.com\/#organization","name":"innoticiasbo.com","url":"https:\/\/innoticiasbo.com\/","logo":{"@type":"ImageObject","inLanguage":"es","@id":"https:\/\/innoticiasbo.com\/#\/schema\/logo\/image\/","url":"https:\/\/i0.wp.com\/innoticiasbo.com\/wp-content\/uploads\/2026\/04\/cropped-IN-LOGO.png?fit=1476%2C1476&ssl=1","contentUrl":"https:\/\/i0.wp.com\/innoticiasbo.com\/wp-content\/uploads\/2026\/04\/cropped-IN-LOGO.png?fit=1476%2C1476&ssl=1","width":1476,"height":1476,"caption":"innoticiasbo.com"},"image":{"@id":"https:\/\/innoticiasbo.com\/#\/schema\/logo\/image\/"},"sameAs":["https:\/\/www.facebook.com\/innoticiasbolivia","https:\/\/x.com\/innoticiasbo","https:\/\/www.instagram.com\/innoticiasbo","https:\/\/www.youtube.com\/innoticiasbo"]},{"@type":"Person","@id":"https:\/\/innoticiasbo.com\/#\/schema\/person\/589cd527c4211df1b943bdad85ec07ce","name":"Prensa","image":{"@type":"ImageObject","inLanguage":"es","@id":"https:\/\/innoticiasbo.com\/#\/schema\/person\/image\/","url":"https:\/\/secure.gravatar.com\/avatar\/d359bbdf112023c1c0a3ec7fe1600657?s=96&d=mm&r=g","contentUrl":"https:\/\/secure.gravatar.com\/avatar\/d359bbdf112023c1c0a3ec7fe1600657?s=96&d=mm&r=g","caption":"Prensa"},"sameAs":["http:\/\/www.innoticiasbo.com"],"url":"https:\/\/innoticiasbo.com\/index.php\/author\/prensa\/"}]}},"jetpack_featured_media_url":"https:\/\/i0.wp.com\/innoticiasbo.com\/wp-content\/uploads\/2024\/10\/2022110617503122407.jpg?fit=992%2C558&ssl=1","jetpack_likes_enabled":true,"jetpack_sharing_enabled":true,"jetpack_shortlink":"https:\/\/wp.me\/pg298x-km","_links":{"self":[{"href":"https:\/\/innoticiasbo.com\/index.php\/wp-json\/wp\/v2\/posts\/1262","targetHints":{"allow":["GET"]}}],"collection":[{"href":"https:\/\/innoticiasbo.com\/index.php\/wp-json\/wp\/v2\/posts"}],"about":[{"href":"https:\/\/innoticiasbo.com\/index.php\/wp-json\/wp\/v2\/types\/post"}],"author":[{"embeddable":true,"href":"https:\/\/innoticiasbo.com\/index.php\/wp-json\/wp\/v2\/users\/2"}],"replies":[{"embeddable":true,"href":"https:\/\/innoticiasbo.com\/index.php\/wp-json\/wp\/v2\/comments?post=1262"}],"version-history":[{"count":1,"href":"https:\/\/innoticiasbo.com\/index.php\/wp-json\/wp\/v2\/posts\/1262\/revisions"}],"predecessor-version":[{"id":1263,"href":"https:\/\/innoticiasbo.com\/index.php\/wp-json\/wp\/v2\/posts\/1262\/revisions\/1263"}],"wp:featuredmedia":[{"embeddable":true,"href":"https:\/\/innoticiasbo.com\/index.php\/wp-json\/wp\/v2\/media\/1261"}],"wp:attachment":[{"href":"https:\/\/innoticiasbo.com\/index.php\/wp-json\/wp\/v2\/media?parent=1262"}],"wp:term":[{"taxonomy":"category","embeddable":true,"href":"https:\/\/innoticiasbo.com\/index.php\/wp-json\/wp\/v2\/categories?post=1262"},{"taxonomy":"post_tag","embeddable":true,"href":"https:\/\/innoticiasbo.com\/index.php\/wp-json\/wp\/v2\/tags?post=1262"}],"curies":[{"name":"wp","href":"https:\/\/api.w.org\/{rel}","templated":true}]}}