{"id":1256,"date":"2024-10-02T21:56:10","date_gmt":"2024-10-02T21:56:10","guid":{"rendered":"https:\/\/innoticiasbo.com\/?p=1256"},"modified":"2024-10-02T21:56:54","modified_gmt":"2024-10-02T21:56:54","slug":"comunicado-de-la-dgac-sobre-percance-de-aeronave-k8-en-cochabamba","status":"publish","type":"post","link":"https:\/\/innoticiasbo.com\/index.php\/2024\/10\/02\/comunicado-de-la-dgac-sobre-percance-de-aeronave-k8-en-cochabamba\/","title":{"rendered":"COMUNICADO DE LA DGAC SOBRE PERCANCE DE AERONAVE K8 EN COCHABAMBA"},"content":{"rendered":"\n<p>Cochabamba, 2 de octubre del 2024.- Tras el percance registrado la ma\u00f1ana de \u00e9ste mi\u00e9rcoles con una aeronave tipo jet K8 de FAB en el aeropuerto Jorge Wilstermann de Cochabamba, la Direcci\u00f3n General de Aeron\u00e1utica Civil emiti\u00f3 un informe en el que se\u00f1alan que no tienen competencia para investigar Incidentes de aeronaves con matr\u00edcula del Estado. <\/p>\n","protected":false},"excerpt":{"rendered":"<p>Cochabamba, 2 de octubre del 2024.- Tras el percance registrado la ma\u00f1ana de \u00e9ste mi\u00e9rcoles con una aeronave tipo jet K8 de FAB en el aeropuerto Jorge Wilstermann de Cochabamba, la Direcci\u00f3n General de Aeron\u00e1utica Civil emiti\u00f3 un informe en el que se\u00f1alan que no tienen competencia para investigar Incidentes de aeronaves con matr\u00edcula del&#8230;<\/p>\n","protected":false},"author":3,"featured_media":1255,"comment_status":"open","ping_status":"open","sticky":false,"template":"","format":"standard","meta":{"_jetpack_memberships_contains_paid_content":false,"footnotes":"","jetpack_publicize_message":"","jetpack_publicize_feature_enabled":true,"jetpack_social_post_already_shared":true,"jetpack_social_options":{"image_generator_settings":{"template":"highway","enabled":false},"version":2}},"categories":[15],"tags":[6],"class_list":["post-1256","post","type-post","status-publish","format-standard","has-post-thumbnail","hentry","category-seguridad","tag-cochabamba"],"jetpack_publicize_connections":[],"yoast_head":"<!-- This site is optimized with the Yoast SEO plugin v23.4 - https:\/\/yoast.com\/wordpress\/plugins\/seo\/ -->\n<title>COMUNICADO DE LA DGAC SOBRE PERCANCE DE AERONAVE K8 EN COCHABAMBA - innoticiasbo.com<\/title>\n<meta name=\"robots\" content=\"index, follow, max-snippet:-1, max-image-preview:large, max-video-preview:-1\" \/>\n<link rel=\"canonical\" href=\"https:\/\/innoticiasbo.com\/index.php\/2024\/10\/02\/comunicado-de-la-dgac-sobre-percance-de-aeronave-k8-en-cochabamba\/\" \/>\n<meta property=\"og:locale\" content=\"es_ES\" \/>\n<meta property=\"og:type\" content=\"article\" \/>\n<meta property=\"og:title\" content=\"COMUNICADO DE LA DGAC SOBRE PERCANCE DE AERONAVE K8 EN COCHABAMBA - innoticiasbo.com\" \/>\n<meta property=\"og:description\" content=\"Cochabamba, 2 de octubre del 2024.- Tras el percance registrado la ma\u00f1ana de \u00e9ste mi\u00e9rcoles con una aeronave tipo jet K8 de FAB en el aeropuerto Jorge Wilstermann de Cochabamba, la Direcci\u00f3n General de Aeron\u00e1utica Civil emiti\u00f3 un informe en el que se\u00f1alan que no tienen competencia para investigar Incidentes de aeronaves con matr\u00edcula del...\" \/>\n<meta property=\"og:url\" content=\"https:\/\/innoticiasbo.com\/index.php\/2024\/10\/02\/comunicado-de-la-dgac-sobre-percance-de-aeronave-k8-en-cochabamba\/\" \/>\n<meta property=\"og:site_name\" content=\"innoticiasbo.com\" \/>\n<meta property=\"article:publisher\" content=\"https:\/\/www.facebook.com\/innoticiasbolivia\" \/>\n<meta property=\"article:published_time\" content=\"2024-10-02T21:56:10+00:00\" \/>\n<meta property=\"article:modified_time\" content=\"2024-10-02T21:56:54+00:00\" \/>\n<meta property=\"og:image\" content=\"https:\/\/i0.wp.com\/innoticiasbo.com\/wp-content\/uploads\/2024\/10\/FB_IMG_1727905969217.jpg?fit=720%2C604&ssl=1\" \/>\n\t<meta property=\"og:image:width\" content=\"720\" \/>\n\t<meta property=\"og:image:height\" content=\"604\" \/>\n\t<meta property=\"og:image:type\" content=\"image\/jpeg\" \/>\n<meta name=\"author\" content=\"Prensa 2\" \/>\n<meta name=\"twitter:card\" content=\"summary_large_image\" \/>\n<meta name=\"twitter:creator\" content=\"@innoticiasbo\" \/>\n<meta name=\"twitter:site\" content=\"@innoticiasbo\" \/>\n<meta name=\"twitter:label1\" content=\"Escrito por\" \/>\n\t<meta name=\"twitter:data1\" content=\"Prensa 2\" \/>\n<script type=\"application\/ld+json\" class=\"yoast-schema-graph\">{\"@context\":\"https:\/\/schema.org\",\"@graph\":[{\"@type\":\"Article\",\"@id\":\"https:\/\/innoticiasbo.com\/index.php\/2024\/10\/02\/comunicado-de-la-dgac-sobre-percance-de-aeronave-k8-en-cochabamba\/#article\",\"isPartOf\":{\"@id\":\"https:\/\/innoticiasbo.com\/index.php\/2024\/10\/02\/comunicado-de-la-dgac-sobre-percance-de-aeronave-k8-en-cochabamba\/\"},\"author\":{\"name\":\"Prensa 2\",\"@id\":\"https:\/\/innoticiasbo.com\/#\/schema\/person\/6f3e5eca02a7cf7249145609797573f2\"},\"headline\":\"COMUNICADO DE LA DGAC SOBRE PERCANCE DE AERONAVE K8 EN COCHABAMBA\",\"datePublished\":\"2024-10-02T21:56:10+00:00\",\"dateModified\":\"2024-10-02T21:56:54+00:00\",\"mainEntityOfPage\":{\"@id\":\"https:\/\/innoticiasbo.com\/index.php\/2024\/10\/02\/comunicado-de-la-dgac-sobre-percance-de-aeronave-k8-en-cochabamba\/\"},\"wordCount\":72,\"commentCount\":0,\"publisher\":{\"@id\":\"https:\/\/innoticiasbo.com\/#organization\"},\"image\":{\"@id\":\"https:\/\/innoticiasbo.com\/index.php\/2024\/10\/02\/comunicado-de-la-dgac-sobre-percance-de-aeronave-k8-en-cochabamba\/#primaryimage\"},\"thumbnailUrl\":\"https:\/\/i0.wp.com\/innoticiasbo.com\/wp-content\/uploads\/2024\/10\/FB_IMG_1727905969217.jpg?fit=720%2C604&ssl=1\",\"keywords\":[\"Cochabamba\"],\"articleSection\":[\"Seguridad\"],\"inLanguage\":\"es\",\"potentialAction\":[{\"@type\":\"CommentAction\",\"name\":\"Comment\",\"target\":[\"https:\/\/innoticiasbo.com\/index.php\/2024\/10\/02\/comunicado-de-la-dgac-sobre-percance-de-aeronave-k8-en-cochabamba\/#respond\"]}]},{\"@type\":\"WebPage\",\"@id\":\"https:\/\/innoticiasbo.com\/index.php\/2024\/10\/02\/comunicado-de-la-dgac-sobre-percance-de-aeronave-k8-en-cochabamba\/\",\"url\":\"https:\/\/innoticiasbo.com\/index.php\/2024\/10\/02\/comunicado-de-la-dgac-sobre-percance-de-aeronave-k8-en-cochabamba\/\",\"name\":\"COMUNICADO DE LA DGAC SOBRE PERCANCE DE AERONAVE K8 EN COCHABAMBA - innoticiasbo.com\",\"isPartOf\":{\"@id\":\"https:\/\/innoticiasbo.com\/#website\"},\"primaryImageOfPage\":{\"@id\":\"https:\/\/innoticiasbo.com\/index.php\/2024\/10\/02\/comunicado-de-la-dgac-sobre-percance-de-aeronave-k8-en-cochabamba\/#primaryimage\"},\"image\":{\"@id\":\"https:\/\/innoticiasbo.com\/index.php\/2024\/10\/02\/comunicado-de-la-dgac-sobre-percance-de-aeronave-k8-en-cochabamba\/#primaryimage\"},\"thumbnailUrl\":\"https:\/\/i0.wp.com\/innoticiasbo.com\/wp-content\/uploads\/2024\/10\/FB_IMG_1727905969217.jpg?fit=720%2C604&ssl=1\",\"datePublished\":\"2024-10-02T21:56:10+00:00\",\"dateModified\":\"2024-10-02T21:56:54+00:00\",\"breadcrumb\":{\"@id\":\"https:\/\/innoticiasbo.com\/index.php\/2024\/10\/02\/comunicado-de-la-dgac-sobre-percance-de-aeronave-k8-en-cochabamba\/#breadcrumb\"},\"inLanguage\":\"es\",\"potentialAction\":[{\"@type\":\"ReadAction\",\"target\":[\"https:\/\/innoticiasbo.com\/index.php\/2024\/10\/02\/comunicado-de-la-dgac-sobre-percance-de-aeronave-k8-en-cochabamba\/\"]}]},{\"@type\":\"ImageObject\",\"inLanguage\":\"es\",\"@id\":\"https:\/\/innoticiasbo.com\/index.php\/2024\/10\/02\/comunicado-de-la-dgac-sobre-percance-de-aeronave-k8-en-cochabamba\/#primaryimage\",\"url\":\"https:\/\/i0.wp.com\/innoticiasbo.com\/wp-content\/uploads\/2024\/10\/FB_IMG_1727905969217.jpg?fit=720%2C604&ssl=1\",\"contentUrl\":\"https:\/\/i0.wp.com\/innoticiasbo.com\/wp-content\/uploads\/2024\/10\/FB_IMG_1727905969217.jpg?fit=720%2C604&ssl=1\",\"width\":720,\"height\":604},{\"@type\":\"BreadcrumbList\",\"@id\":\"https:\/\/innoticiasbo.com\/index.php\/2024\/10\/02\/comunicado-de-la-dgac-sobre-percance-de-aeronave-k8-en-cochabamba\/#breadcrumb\",\"itemListElement\":[{\"@type\":\"ListItem\",\"position\":1,\"name\":\"Portada\",\"item\":\"https:\/\/innoticiasbo.com\/\"},{\"@type\":\"ListItem\",\"position\":2,\"name\":\"COMUNICADO DE LA DGAC SOBRE PERCANCE DE AERONAVE K8 EN COCHABAMBA\"}]},{\"@type\":\"WebSite\",\"@id\":\"https:\/\/innoticiasbo.com\/#website\",\"url\":\"https:\/\/innoticiasbo.com\/\",\"name\":\"innoticiasbo.com\",\"description\":\"\",\"publisher\":{\"@id\":\"https:\/\/innoticiasbo.com\/#organization\"},\"potentialAction\":[{\"@type\":\"SearchAction\",\"target\":{\"@type\":\"EntryPoint\",\"urlTemplate\":\"https:\/\/innoticiasbo.com\/?s={search_term_string}\"},\"query-input\":{\"@type\":\"PropertyValueSpecification\",\"valueRequired\":true,\"valueName\":\"search_term_string\"}}],\"inLanguage\":\"es\"},{\"@type\":\"Organization\",\"@id\":\"https:\/\/innoticiasbo.com\/#organization\",\"name\":\"innoticiasbo.com\",\"url\":\"https:\/\/innoticiasbo.com\/\",\"logo\":{\"@type\":\"ImageObject\",\"inLanguage\":\"es\",\"@id\":\"https:\/\/innoticiasbo.com\/#\/schema\/logo\/image\/\",\"url\":\"https:\/\/i0.wp.com\/innoticiasbo.com\/wp-content\/uploads\/2026\/04\/cropped-IN-LOGO.png?fit=1476%2C1476&ssl=1\",\"contentUrl\":\"https:\/\/i0.wp.com\/innoticiasbo.com\/wp-content\/uploads\/2026\/04\/cropped-IN-LOGO.png?fit=1476%2C1476&ssl=1\",\"width\":1476,\"height\":1476,\"caption\":\"innoticiasbo.com\"},\"image\":{\"@id\":\"https:\/\/innoticiasbo.com\/#\/schema\/logo\/image\/\"},\"sameAs\":[\"https:\/\/www.facebook.com\/innoticiasbolivia\",\"https:\/\/x.com\/innoticiasbo\",\"https:\/\/www.instagram.com\/innoticiasbo\",\"https:\/\/www.youtube.com\/innoticiasbo\"]},{\"@type\":\"Person\",\"@id\":\"https:\/\/innoticiasbo.com\/#\/schema\/person\/6f3e5eca02a7cf7249145609797573f2\",\"name\":\"Prensa 2\",\"image\":{\"@type\":\"ImageObject\",\"inLanguage\":\"es\",\"@id\":\"https:\/\/innoticiasbo.com\/#\/schema\/person\/image\/\",\"url\":\"https:\/\/secure.gravatar.com\/avatar\/1d189cd124d02eac2fef69ee12563d60?s=96&d=mm&r=g\",\"contentUrl\":\"https:\/\/secure.gravatar.com\/avatar\/1d189cd124d02eac2fef69ee12563d60?s=96&d=mm&r=g\",\"caption\":\"Prensa 2\"},\"sameAs\":[\"http:\/\/www.innoticiasbo.com\"],\"url\":\"https:\/\/innoticiasbo.com\/index.php\/author\/prensa-2\/\"}]}<\/script>\n<!-- \/ Yoast SEO plugin. -->","yoast_head_json":{"title":"COMUNICADO DE LA DGAC SOBRE PERCANCE DE AERONAVE K8 EN COCHABAMBA - innoticiasbo.com","robots":{"index":"index","follow":"follow","max-snippet":"max-snippet:-1","max-image-preview":"max-image-preview:large","max-video-preview":"max-video-preview:-1"},"canonical":"https:\/\/innoticiasbo.com\/index.php\/2024\/10\/02\/comunicado-de-la-dgac-sobre-percance-de-aeronave-k8-en-cochabamba\/","og_locale":"es_ES","og_type":"article","og_title":"COMUNICADO DE LA DGAC SOBRE PERCANCE DE AERONAVE K8 EN COCHABAMBA - innoticiasbo.com","og_description":"Cochabamba, 2 de octubre del 2024.- Tras el percance registrado la ma\u00f1ana de \u00e9ste mi\u00e9rcoles con una aeronave tipo jet K8 de FAB en el aeropuerto Jorge Wilstermann de Cochabamba, la Direcci\u00f3n General de Aeron\u00e1utica Civil emiti\u00f3 un informe en el que se\u00f1alan que no tienen competencia para investigar Incidentes de aeronaves con matr\u00edcula del...","og_url":"https:\/\/innoticiasbo.com\/index.php\/2024\/10\/02\/comunicado-de-la-dgac-sobre-percance-de-aeronave-k8-en-cochabamba\/","og_site_name":"innoticiasbo.com","article_publisher":"https:\/\/www.facebook.com\/innoticiasbolivia","article_published_time":"2024-10-02T21:56:10+00:00","article_modified_time":"2024-10-02T21:56:54+00:00","og_image":[{"width":720,"height":604,"url":"https:\/\/i0.wp.com\/innoticiasbo.com\/wp-content\/uploads\/2024\/10\/FB_IMG_1727905969217.jpg?fit=720%2C604&ssl=1","type":"image\/jpeg"}],"author":"Prensa 2","twitter_card":"summary_large_image","twitter_creator":"@innoticiasbo","twitter_site":"@innoticiasbo","twitter_misc":{"Escrito por":"Prensa 2"},"schema":{"@context":"https:\/\/schema.org","@graph":[{"@type":"Article","@id":"https:\/\/innoticiasbo.com\/index.php\/2024\/10\/02\/comunicado-de-la-dgac-sobre-percance-de-aeronave-k8-en-cochabamba\/#article","isPartOf":{"@id":"https:\/\/innoticiasbo.com\/index.php\/2024\/10\/02\/comunicado-de-la-dgac-sobre-percance-de-aeronave-k8-en-cochabamba\/"},"author":{"name":"Prensa 2","@id":"https:\/\/innoticiasbo.com\/#\/schema\/person\/6f3e5eca02a7cf7249145609797573f2"},"headline":"COMUNICADO DE LA DGAC SOBRE PERCANCE DE AERONAVE K8 EN COCHABAMBA","datePublished":"2024-10-02T21:56:10+00:00","dateModified":"2024-10-02T21:56:54+00:00","mainEntityOfPage":{"@id":"https:\/\/innoticiasbo.com\/index.php\/2024\/10\/02\/comunicado-de-la-dgac-sobre-percance-de-aeronave-k8-en-cochabamba\/"},"wordCount":72,"commentCount":0,"publisher":{"@id":"https:\/\/innoticiasbo.com\/#organization"},"image":{"@id":"https:\/\/innoticiasbo.com\/index.php\/2024\/10\/02\/comunicado-de-la-dgac-sobre-percance-de-aeronave-k8-en-cochabamba\/#primaryimage"},"thumbnailUrl":"https:\/\/i0.wp.com\/innoticiasbo.com\/wp-content\/uploads\/2024\/10\/FB_IMG_1727905969217.jpg?fit=720%2C604&ssl=1","keywords":["Cochabamba"],"articleSection":["Seguridad"],"inLanguage":"es","potentialAction":[{"@type":"CommentAction","name":"Comment","target":["https:\/\/innoticiasbo.com\/index.php\/2024\/10\/02\/comunicado-de-la-dgac-sobre-percance-de-aeronave-k8-en-cochabamba\/#respond"]}]},{"@type":"WebPage","@id":"https:\/\/innoticiasbo.com\/index.php\/2024\/10\/02\/comunicado-de-la-dgac-sobre-percance-de-aeronave-k8-en-cochabamba\/","url":"https:\/\/innoticiasbo.com\/index.php\/2024\/10\/02\/comunicado-de-la-dgac-sobre-percance-de-aeronave-k8-en-cochabamba\/","name":"COMUNICADO DE LA DGAC SOBRE PERCANCE DE AERONAVE K8 EN COCHABAMBA - innoticiasbo.com","isPartOf":{"@id":"https:\/\/innoticiasbo.com\/#website"},"primaryImageOfPage":{"@id":"https:\/\/innoticiasbo.com\/index.php\/2024\/10\/02\/comunicado-de-la-dgac-sobre-percance-de-aeronave-k8-en-cochabamba\/#primaryimage"},"image":{"@id":"https:\/\/innoticiasbo.com\/index.php\/2024\/10\/02\/comunicado-de-la-dgac-sobre-percance-de-aeronave-k8-en-cochabamba\/#primaryimage"},"thumbnailUrl":"https:\/\/i0.wp.com\/innoticiasbo.com\/wp-content\/uploads\/2024\/10\/FB_IMG_1727905969217.jpg?fit=720%2C604&ssl=1","datePublished":"2024-10-02T21:56:10+00:00","dateModified":"2024-10-02T21:56:54+00:00","breadcrumb":{"@id":"https:\/\/innoticiasbo.com\/index.php\/2024\/10\/02\/comunicado-de-la-dgac-sobre-percance-de-aeronave-k8-en-cochabamba\/#breadcrumb"},"inLanguage":"es","potentialAction":[{"@type":"ReadAction","target":["https:\/\/innoticiasbo.com\/index.php\/2024\/10\/02\/comunicado-de-la-dgac-sobre-percance-de-aeronave-k8-en-cochabamba\/"]}]},{"@type":"ImageObject","inLanguage":"es","@id":"https:\/\/innoticiasbo.com\/index.php\/2024\/10\/02\/comunicado-de-la-dgac-sobre-percance-de-aeronave-k8-en-cochabamba\/#primaryimage","url":"https:\/\/i0.wp.com\/innoticiasbo.com\/wp-content\/uploads\/2024\/10\/FB_IMG_1727905969217.jpg?fit=720%2C604&ssl=1","contentUrl":"https:\/\/i0.wp.com\/innoticiasbo.com\/wp-content\/uploads\/2024\/10\/FB_IMG_1727905969217.jpg?fit=720%2C604&ssl=1","width":720,"height":604},{"@type":"BreadcrumbList","@id":"https:\/\/innoticiasbo.com\/index.php\/2024\/10\/02\/comunicado-de-la-dgac-sobre-percance-de-aeronave-k8-en-cochabamba\/#breadcrumb","itemListElement":[{"@type":"ListItem","position":1,"name":"Portada","item":"https:\/\/innoticiasbo.com\/"},{"@type":"ListItem","position":2,"name":"COMUNICADO DE LA DGAC SOBRE PERCANCE DE AERONAVE K8 EN COCHABAMBA"}]},{"@type":"WebSite","@id":"https:\/\/innoticiasbo.com\/#website","url":"https:\/\/innoticiasbo.com\/","name":"innoticiasbo.com","description":"","publisher":{"@id":"https:\/\/innoticiasbo.com\/#organization"},"potentialAction":[{"@type":"SearchAction","target":{"@type":"EntryPoint","urlTemplate":"https:\/\/innoticiasbo.com\/?s={search_term_string}"},"query-input":{"@type":"PropertyValueSpecification","valueRequired":true,"valueName":"search_term_string"}}],"inLanguage":"es"},{"@type":"Organization","@id":"https:\/\/innoticiasbo.com\/#organization","name":"innoticiasbo.com","url":"https:\/\/innoticiasbo.com\/","logo":{"@type":"ImageObject","inLanguage":"es","@id":"https:\/\/innoticiasbo.com\/#\/schema\/logo\/image\/","url":"https:\/\/i0.wp.com\/innoticiasbo.com\/wp-content\/uploads\/2026\/04\/cropped-IN-LOGO.png?fit=1476%2C1476&ssl=1","contentUrl":"https:\/\/i0.wp.com\/innoticiasbo.com\/wp-content\/uploads\/2026\/04\/cropped-IN-LOGO.png?fit=1476%2C1476&ssl=1","width":1476,"height":1476,"caption":"innoticiasbo.com"},"image":{"@id":"https:\/\/innoticiasbo.com\/#\/schema\/logo\/image\/"},"sameAs":["https:\/\/www.facebook.com\/innoticiasbolivia","https:\/\/x.com\/innoticiasbo","https:\/\/www.instagram.com\/innoticiasbo","https:\/\/www.youtube.com\/innoticiasbo"]},{"@type":"Person","@id":"https:\/\/innoticiasbo.com\/#\/schema\/person\/6f3e5eca02a7cf7249145609797573f2","name":"Prensa 2","image":{"@type":"ImageObject","inLanguage":"es","@id":"https:\/\/innoticiasbo.com\/#\/schema\/person\/image\/","url":"https:\/\/secure.gravatar.com\/avatar\/1d189cd124d02eac2fef69ee12563d60?s=96&d=mm&r=g","contentUrl":"https:\/\/secure.gravatar.com\/avatar\/1d189cd124d02eac2fef69ee12563d60?s=96&d=mm&r=g","caption":"Prensa 2"},"sameAs":["http:\/\/www.innoticiasbo.com"],"url":"https:\/\/innoticiasbo.com\/index.php\/author\/prensa-2\/"}]}},"jetpack_featured_media_url":"https:\/\/i0.wp.com\/innoticiasbo.com\/wp-content\/uploads\/2024\/10\/FB_IMG_1727905969217.jpg?fit=720%2C604&ssl=1","jetpack_likes_enabled":true,"jetpack_sharing_enabled":true,"jetpack_shortlink":"https:\/\/wp.me\/pg298x-kg","_links":{"self":[{"href":"https:\/\/innoticiasbo.com\/index.php\/wp-json\/wp\/v2\/posts\/1256","targetHints":{"allow":["GET"]}}],"collection":[{"href":"https:\/\/innoticiasbo.com\/index.php\/wp-json\/wp\/v2\/posts"}],"about":[{"href":"https:\/\/innoticiasbo.com\/index.php\/wp-json\/wp\/v2\/types\/post"}],"author":[{"embeddable":true,"href":"https:\/\/innoticiasbo.com\/index.php\/wp-json\/wp\/v2\/users\/3"}],"replies":[{"embeddable":true,"href":"https:\/\/innoticiasbo.com\/index.php\/wp-json\/wp\/v2\/comments?post=1256"}],"version-history":[{"count":1,"href":"https:\/\/innoticiasbo.com\/index.php\/wp-json\/wp\/v2\/posts\/1256\/revisions"}],"predecessor-version":[{"id":1257,"href":"https:\/\/innoticiasbo.com\/index.php\/wp-json\/wp\/v2\/posts\/1256\/revisions\/1257"}],"wp:featuredmedia":[{"embeddable":true,"href":"https:\/\/innoticiasbo.com\/index.php\/wp-json\/wp\/v2\/media\/1255"}],"wp:attachment":[{"href":"https:\/\/innoticiasbo.com\/index.php\/wp-json\/wp\/v2\/media?parent=1256"}],"wp:term":[{"taxonomy":"category","embeddable":true,"href":"https:\/\/innoticiasbo.com\/index.php\/wp-json\/wp\/v2\/categories?post=1256"},{"taxonomy":"post_tag","embeddable":true,"href":"https:\/\/innoticiasbo.com\/index.php\/wp-json\/wp\/v2\/tags?post=1256"}],"curies":[{"name":"wp","href":"https:\/\/api.w.org\/{rel}","templated":true}]}}