{"id":1246,"date":"2024-10-02T16:36:46","date_gmt":"2024-10-02T16:36:46","guid":{"rendered":"https:\/\/innoticiasbo.com\/?p=1246"},"modified":"2024-10-02T16:36:53","modified_gmt":"2024-10-02T16:36:53","slug":"tse-santa-cruz-suma-un-escano-y-chuquisaca-pierde-un-espacio-en-el-nuevo-diseno-del-legislativo","status":"publish","type":"post","link":"https:\/\/innoticiasbo.com\/index.php\/2024\/10\/02\/tse-santa-cruz-suma-un-escano-y-chuquisaca-pierde-un-espacio-en-el-nuevo-diseno-del-legislativo\/","title":{"rendered":"TSE: SANTA CRUZ SUMA UN ESCA\u00d1O Y CHUQUISACA PIERDE UN ESPACIO EN EL NUEVO DISE\u00d1O DEL LEGISLATIVO"},"content":{"rendered":"\n<p>La Paz, 2 de octubre de 2024.- Con base en un informe t\u00e9cnico, el TSE enviar\u00e1 en las pr\u00f3ximas horas el proyecto de ley al Legislativo para su an\u00e1lisis<\/p>\n\n\n\n<p>El vicepresidente del Tribunal Supremo Electoral (TSE), Francisco Vargas, indic\u00f3 este mi\u00e9rcoles que el \u00f3rgano concluy\u00f3 el nuevo dise\u00f1o de los esca\u00f1os parlamentarios con base en los resultados del Censo 2024.<\/p>\n\n\n\n<p>En ese marco, revel\u00f3 que Santa Cruz suma una curul, mientras que Chuquisaca pierde un esca\u00f1o, seg\u00fan el informe t\u00e9cnico.<\/p>\n\n\n\n<figure class=\"wp-block-image size-large\"><img data-recalc-dims=\"1\" loading=\"lazy\" decoding=\"async\" width=\"640\" height=\"640\" src=\"https:\/\/i0.wp.com\/innoticiasbo.com\/wp-content\/uploads\/2024\/10\/img-20241002-wa0098743942548446364733.jpg?resize=640%2C640&#038;ssl=1\" alt=\"\" class=\"wp-image-1244\" srcset=\"https:\/\/i0.wp.com\/innoticiasbo.com\/wp-content\/uploads\/2024\/10\/img-20241002-wa0098743942548446364733.jpg?resize=1024%2C1024&amp;ssl=1 1024w, https:\/\/i0.wp.com\/innoticiasbo.com\/wp-content\/uploads\/2024\/10\/img-20241002-wa0098743942548446364733.jpg?resize=300%2C300&amp;ssl=1 300w, https:\/\/i0.wp.com\/innoticiasbo.com\/wp-content\/uploads\/2024\/10\/img-20241002-wa0098743942548446364733.jpg?resize=150%2C150&amp;ssl=1 150w, https:\/\/i0.wp.com\/innoticiasbo.com\/wp-content\/uploads\/2024\/10\/img-20241002-wa0098743942548446364733.jpg?resize=768%2C768&amp;ssl=1 768w, https:\/\/i0.wp.com\/innoticiasbo.com\/wp-content\/uploads\/2024\/10\/img-20241002-wa0098743942548446364733.jpg?w=1080&amp;ssl=1 1080w\" sizes=\"auto, (max-width: 640px) 100vw, 640px\" \/><\/figure>\n\n\n\n<p>Con base en ese documento, el TSE enviar\u00e1 en las pr\u00f3ximas horas el proyecto de ley al Legislativo para su an\u00e1lisis.<\/p>\n\n\n\n<p>\u201cUn departamento gana un esca\u00f1o, el departamento de Santa Cruz, y ser\u00eda el departamento de Chuquisaca que perder\u00eda un esca\u00f1o\u201d, dijo Vargas en una conferencia de prensa que brind\u00f3 la Sala Plena sobre las elecciones judiciales.<\/p>\n\n\n\n<h1 class=\"wp-block-heading\">TSE #ESCA\u00d1OS #SantaCruz #Chuquisaca #Censo #innoticias #AsambleaLegislativa<\/h1>\n","protected":false},"excerpt":{"rendered":"<p>La Paz, 2 de octubre de 2024.- Con base en un informe t\u00e9cnico, el TSE enviar\u00e1 en las pr\u00f3ximas horas el proyecto de ley al Legislativo para su an\u00e1lisis El vicepresidente del Tribunal Supremo Electoral (TSE), Francisco Vargas, indic\u00f3 este mi\u00e9rcoles que el \u00f3rgano concluy\u00f3 el nuevo dise\u00f1o de los esca\u00f1os parlamentarios con base en&#8230;<\/p>\n","protected":false},"author":2,"featured_media":1245,"comment_status":"open","ping_status":"open","sticky":false,"template":"","format":"standard","meta":{"_jetpack_memberships_contains_paid_content":false,"footnotes":"","jetpack_publicize_message":"","jetpack_publicize_feature_enabled":true,"jetpack_social_post_already_shared":true,"jetpack_social_options":{"image_generator_settings":{"template":"highway","enabled":false},"version":2}},"categories":[1,3],"tags":[],"class_list":["post-1246","post","type-post","status-publish","format-standard","has-post-thumbnail","hentry","category-bolivia","category-politica"],"jetpack_publicize_connections":[],"yoast_head":"<!-- This site is optimized with the Yoast SEO plugin v23.4 - https:\/\/yoast.com\/wordpress\/plugins\/seo\/ -->\n<title>TSE: SANTA CRUZ SUMA UN ESCA\u00d1O Y CHUQUISACA PIERDE UN ESPACIO EN EL NUEVO DISE\u00d1O DEL LEGISLATIVO - innoticiasbo.com<\/title>\n<meta name=\"robots\" content=\"index, follow, max-snippet:-1, max-image-preview:large, max-video-preview:-1\" \/>\n<link rel=\"canonical\" href=\"https:\/\/innoticiasbo.com\/index.php\/2024\/10\/02\/tse-santa-cruz-suma-un-escano-y-chuquisaca-pierde-un-espacio-en-el-nuevo-diseno-del-legislativo\/\" \/>\n<meta property=\"og:locale\" content=\"es_ES\" \/>\n<meta property=\"og:type\" content=\"article\" \/>\n<meta property=\"og:title\" content=\"TSE: SANTA CRUZ SUMA UN ESCA\u00d1O Y CHUQUISACA PIERDE UN ESPACIO EN EL NUEVO DISE\u00d1O DEL LEGISLATIVO - innoticiasbo.com\" \/>\n<meta property=\"og:description\" content=\"La Paz, 2 de octubre de 2024.- Con base en un informe t\u00e9cnico, el TSE enviar\u00e1 en las pr\u00f3ximas horas el proyecto de ley al Legislativo para su an\u00e1lisis El vicepresidente del Tribunal Supremo Electoral (TSE), Francisco Vargas, indic\u00f3 este mi\u00e9rcoles que el \u00f3rgano concluy\u00f3 el nuevo dise\u00f1o de los esca\u00f1os parlamentarios con base en...\" \/>\n<meta property=\"og:url\" content=\"https:\/\/innoticiasbo.com\/index.php\/2024\/10\/02\/tse-santa-cruz-suma-un-escano-y-chuquisaca-pierde-un-espacio-en-el-nuevo-diseno-del-legislativo\/\" \/>\n<meta property=\"og:site_name\" content=\"innoticiasbo.com\" \/>\n<meta property=\"article:publisher\" content=\"https:\/\/www.facebook.com\/innoticiasbolivia\" \/>\n<meta property=\"article:published_time\" content=\"2024-10-02T16:36:46+00:00\" \/>\n<meta property=\"article:modified_time\" content=\"2024-10-02T16:36:53+00:00\" \/>\n<meta property=\"og:image\" content=\"https:\/\/i0.wp.com\/innoticiasbo.com\/wp-content\/uploads\/2024\/10\/IMG-20241002-WA0098.jpg?fit=1080%2C1080&ssl=1\" \/>\n\t<meta property=\"og:image:width\" content=\"1080\" \/>\n\t<meta property=\"og:image:height\" content=\"1080\" \/>\n\t<meta property=\"og:image:type\" content=\"image\/jpeg\" \/>\n<meta name=\"author\" content=\"Prensa\" \/>\n<meta name=\"twitter:card\" content=\"summary_large_image\" \/>\n<meta name=\"twitter:creator\" content=\"@innoticiasbo\" \/>\n<meta name=\"twitter:site\" content=\"@innoticiasbo\" \/>\n<meta name=\"twitter:label1\" content=\"Escrito por\" \/>\n\t<meta name=\"twitter:data1\" content=\"Prensa\" \/>\n\t<meta name=\"twitter:label2\" content=\"Tiempo de lectura\" \/>\n\t<meta name=\"twitter:data2\" content=\"1 minuto\" \/>\n<script type=\"application\/ld+json\" class=\"yoast-schema-graph\">{\"@context\":\"https:\/\/schema.org\",\"@graph\":[{\"@type\":\"Article\",\"@id\":\"https:\/\/innoticiasbo.com\/index.php\/2024\/10\/02\/tse-santa-cruz-suma-un-escano-y-chuquisaca-pierde-un-espacio-en-el-nuevo-diseno-del-legislativo\/#article\",\"isPartOf\":{\"@id\":\"https:\/\/innoticiasbo.com\/index.php\/2024\/10\/02\/tse-santa-cruz-suma-un-escano-y-chuquisaca-pierde-un-espacio-en-el-nuevo-diseno-del-legislativo\/\"},\"author\":{\"name\":\"Prensa\",\"@id\":\"https:\/\/innoticiasbo.com\/#\/schema\/person\/589cd527c4211df1b943bdad85ec07ce\"},\"headline\":\"TSE: SANTA CRUZ SUMA UN ESCA\u00d1O Y CHUQUISACA PIERDE UN ESPACIO EN EL NUEVO DISE\u00d1O DEL LEGISLATIVO\",\"datePublished\":\"2024-10-02T16:36:46+00:00\",\"dateModified\":\"2024-10-02T16:36:53+00:00\",\"mainEntityOfPage\":{\"@id\":\"https:\/\/innoticiasbo.com\/index.php\/2024\/10\/02\/tse-santa-cruz-suma-un-escano-y-chuquisaca-pierde-un-espacio-en-el-nuevo-diseno-del-legislativo\/\"},\"wordCount\":177,\"commentCount\":0,\"publisher\":{\"@id\":\"https:\/\/innoticiasbo.com\/#organization\"},\"image\":{\"@id\":\"https:\/\/innoticiasbo.com\/index.php\/2024\/10\/02\/tse-santa-cruz-suma-un-escano-y-chuquisaca-pierde-un-espacio-en-el-nuevo-diseno-del-legislativo\/#primaryimage\"},\"thumbnailUrl\":\"https:\/\/i0.wp.com\/innoticiasbo.com\/wp-content\/uploads\/2024\/10\/IMG-20241002-WA0098.jpg?fit=1080%2C1080&ssl=1\",\"articleSection\":[\"Bolivia\",\"Pol\u00edtica\"],\"inLanguage\":\"es\",\"potentialAction\":[{\"@type\":\"CommentAction\",\"name\":\"Comment\",\"target\":[\"https:\/\/innoticiasbo.com\/index.php\/2024\/10\/02\/tse-santa-cruz-suma-un-escano-y-chuquisaca-pierde-un-espacio-en-el-nuevo-diseno-del-legislativo\/#respond\"]}]},{\"@type\":\"WebPage\",\"@id\":\"https:\/\/innoticiasbo.com\/index.php\/2024\/10\/02\/tse-santa-cruz-suma-un-escano-y-chuquisaca-pierde-un-espacio-en-el-nuevo-diseno-del-legislativo\/\",\"url\":\"https:\/\/innoticiasbo.com\/index.php\/2024\/10\/02\/tse-santa-cruz-suma-un-escano-y-chuquisaca-pierde-un-espacio-en-el-nuevo-diseno-del-legislativo\/\",\"name\":\"TSE: SANTA CRUZ SUMA UN ESCA\u00d1O Y CHUQUISACA PIERDE UN ESPACIO EN EL NUEVO DISE\u00d1O DEL LEGISLATIVO - innoticiasbo.com\",\"isPartOf\":{\"@id\":\"https:\/\/innoticiasbo.com\/#website\"},\"primaryImageOfPage\":{\"@id\":\"https:\/\/innoticiasbo.com\/index.php\/2024\/10\/02\/tse-santa-cruz-suma-un-escano-y-chuquisaca-pierde-un-espacio-en-el-nuevo-diseno-del-legislativo\/#primaryimage\"},\"image\":{\"@id\":\"https:\/\/innoticiasbo.com\/index.php\/2024\/10\/02\/tse-santa-cruz-suma-un-escano-y-chuquisaca-pierde-un-espacio-en-el-nuevo-diseno-del-legislativo\/#primaryimage\"},\"thumbnailUrl\":\"https:\/\/i0.wp.com\/innoticiasbo.com\/wp-content\/uploads\/2024\/10\/IMG-20241002-WA0098.jpg?fit=1080%2C1080&ssl=1\",\"datePublished\":\"2024-10-02T16:36:46+00:00\",\"dateModified\":\"2024-10-02T16:36:53+00:00\",\"breadcrumb\":{\"@id\":\"https:\/\/innoticiasbo.com\/index.php\/2024\/10\/02\/tse-santa-cruz-suma-un-escano-y-chuquisaca-pierde-un-espacio-en-el-nuevo-diseno-del-legislativo\/#breadcrumb\"},\"inLanguage\":\"es\",\"potentialAction\":[{\"@type\":\"ReadAction\",\"target\":[\"https:\/\/innoticiasbo.com\/index.php\/2024\/10\/02\/tse-santa-cruz-suma-un-escano-y-chuquisaca-pierde-un-espacio-en-el-nuevo-diseno-del-legislativo\/\"]}]},{\"@type\":\"ImageObject\",\"inLanguage\":\"es\",\"@id\":\"https:\/\/innoticiasbo.com\/index.php\/2024\/10\/02\/tse-santa-cruz-suma-un-escano-y-chuquisaca-pierde-un-espacio-en-el-nuevo-diseno-del-legislativo\/#primaryimage\",\"url\":\"https:\/\/i0.wp.com\/innoticiasbo.com\/wp-content\/uploads\/2024\/10\/IMG-20241002-WA0098.jpg?fit=1080%2C1080&ssl=1\",\"contentUrl\":\"https:\/\/i0.wp.com\/innoticiasbo.com\/wp-content\/uploads\/2024\/10\/IMG-20241002-WA0098.jpg?fit=1080%2C1080&ssl=1\",\"width\":1080,\"height\":1080},{\"@type\":\"BreadcrumbList\",\"@id\":\"https:\/\/innoticiasbo.com\/index.php\/2024\/10\/02\/tse-santa-cruz-suma-un-escano-y-chuquisaca-pierde-un-espacio-en-el-nuevo-diseno-del-legislativo\/#breadcrumb\",\"itemListElement\":[{\"@type\":\"ListItem\",\"position\":1,\"name\":\"Portada\",\"item\":\"https:\/\/innoticiasbo.com\/\"},{\"@type\":\"ListItem\",\"position\":2,\"name\":\"TSE: SANTA CRUZ SUMA UN ESCA\u00d1O Y CHUQUISACA PIERDE UN ESPACIO EN EL NUEVO DISE\u00d1O DEL LEGISLATIVO\"}]},{\"@type\":\"WebSite\",\"@id\":\"https:\/\/innoticiasbo.com\/#website\",\"url\":\"https:\/\/innoticiasbo.com\/\",\"name\":\"innoticiasbo.com\",\"description\":\"\",\"publisher\":{\"@id\":\"https:\/\/innoticiasbo.com\/#organization\"},\"potentialAction\":[{\"@type\":\"SearchAction\",\"target\":{\"@type\":\"EntryPoint\",\"urlTemplate\":\"https:\/\/innoticiasbo.com\/?s={search_term_string}\"},\"query-input\":{\"@type\":\"PropertyValueSpecification\",\"valueRequired\":true,\"valueName\":\"search_term_string\"}}],\"inLanguage\":\"es\"},{\"@type\":\"Organization\",\"@id\":\"https:\/\/innoticiasbo.com\/#organization\",\"name\":\"innoticiasbo.com\",\"url\":\"https:\/\/innoticiasbo.com\/\",\"logo\":{\"@type\":\"ImageObject\",\"inLanguage\":\"es\",\"@id\":\"https:\/\/innoticiasbo.com\/#\/schema\/logo\/image\/\",\"url\":\"https:\/\/i0.wp.com\/innoticiasbo.com\/wp-content\/uploads\/2026\/04\/cropped-IN-LOGO.png?fit=1476%2C1476&ssl=1\",\"contentUrl\":\"https:\/\/i0.wp.com\/innoticiasbo.com\/wp-content\/uploads\/2026\/04\/cropped-IN-LOGO.png?fit=1476%2C1476&ssl=1\",\"width\":1476,\"height\":1476,\"caption\":\"innoticiasbo.com\"},\"image\":{\"@id\":\"https:\/\/innoticiasbo.com\/#\/schema\/logo\/image\/\"},\"sameAs\":[\"https:\/\/www.facebook.com\/innoticiasbolivia\",\"https:\/\/x.com\/innoticiasbo\",\"https:\/\/www.instagram.com\/innoticiasbo\",\"https:\/\/www.youtube.com\/innoticiasbo\"]},{\"@type\":\"Person\",\"@id\":\"https:\/\/innoticiasbo.com\/#\/schema\/person\/589cd527c4211df1b943bdad85ec07ce\",\"name\":\"Prensa\",\"image\":{\"@type\":\"ImageObject\",\"inLanguage\":\"es\",\"@id\":\"https:\/\/innoticiasbo.com\/#\/schema\/person\/image\/\",\"url\":\"https:\/\/secure.gravatar.com\/avatar\/d359bbdf112023c1c0a3ec7fe1600657?s=96&d=mm&r=g\",\"contentUrl\":\"https:\/\/secure.gravatar.com\/avatar\/d359bbdf112023c1c0a3ec7fe1600657?s=96&d=mm&r=g\",\"caption\":\"Prensa\"},\"sameAs\":[\"http:\/\/www.innoticiasbo.com\"],\"url\":\"https:\/\/innoticiasbo.com\/index.php\/author\/prensa\/\"}]}<\/script>\n<!-- \/ Yoast SEO plugin. -->","yoast_head_json":{"title":"TSE: SANTA CRUZ SUMA UN ESCA\u00d1O Y CHUQUISACA PIERDE UN ESPACIO EN EL NUEVO DISE\u00d1O DEL LEGISLATIVO - innoticiasbo.com","robots":{"index":"index","follow":"follow","max-snippet":"max-snippet:-1","max-image-preview":"max-image-preview:large","max-video-preview":"max-video-preview:-1"},"canonical":"https:\/\/innoticiasbo.com\/index.php\/2024\/10\/02\/tse-santa-cruz-suma-un-escano-y-chuquisaca-pierde-un-espacio-en-el-nuevo-diseno-del-legislativo\/","og_locale":"es_ES","og_type":"article","og_title":"TSE: SANTA CRUZ SUMA UN ESCA\u00d1O Y CHUQUISACA PIERDE UN ESPACIO EN EL NUEVO DISE\u00d1O DEL LEGISLATIVO - innoticiasbo.com","og_description":"La Paz, 2 de octubre de 2024.- Con base en un informe t\u00e9cnico, el TSE enviar\u00e1 en las pr\u00f3ximas horas el proyecto de ley al Legislativo para su an\u00e1lisis El vicepresidente del Tribunal Supremo Electoral (TSE), Francisco Vargas, indic\u00f3 este mi\u00e9rcoles que el \u00f3rgano concluy\u00f3 el nuevo dise\u00f1o de los esca\u00f1os parlamentarios con base en...","og_url":"https:\/\/innoticiasbo.com\/index.php\/2024\/10\/02\/tse-santa-cruz-suma-un-escano-y-chuquisaca-pierde-un-espacio-en-el-nuevo-diseno-del-legislativo\/","og_site_name":"innoticiasbo.com","article_publisher":"https:\/\/www.facebook.com\/innoticiasbolivia","article_published_time":"2024-10-02T16:36:46+00:00","article_modified_time":"2024-10-02T16:36:53+00:00","og_image":[{"width":1080,"height":1080,"url":"https:\/\/i0.wp.com\/innoticiasbo.com\/wp-content\/uploads\/2024\/10\/IMG-20241002-WA0098.jpg?fit=1080%2C1080&ssl=1","type":"image\/jpeg"}],"author":"Prensa","twitter_card":"summary_large_image","twitter_creator":"@innoticiasbo","twitter_site":"@innoticiasbo","twitter_misc":{"Escrito por":"Prensa","Tiempo de lectura":"1 minuto"},"schema":{"@context":"https:\/\/schema.org","@graph":[{"@type":"Article","@id":"https:\/\/innoticiasbo.com\/index.php\/2024\/10\/02\/tse-santa-cruz-suma-un-escano-y-chuquisaca-pierde-un-espacio-en-el-nuevo-diseno-del-legislativo\/#article","isPartOf":{"@id":"https:\/\/innoticiasbo.com\/index.php\/2024\/10\/02\/tse-santa-cruz-suma-un-escano-y-chuquisaca-pierde-un-espacio-en-el-nuevo-diseno-del-legislativo\/"},"author":{"name":"Prensa","@id":"https:\/\/innoticiasbo.com\/#\/schema\/person\/589cd527c4211df1b943bdad85ec07ce"},"headline":"TSE: SANTA CRUZ SUMA UN ESCA\u00d1O Y CHUQUISACA PIERDE UN ESPACIO EN EL NUEVO DISE\u00d1O DEL LEGISLATIVO","datePublished":"2024-10-02T16:36:46+00:00","dateModified":"2024-10-02T16:36:53+00:00","mainEntityOfPage":{"@id":"https:\/\/innoticiasbo.com\/index.php\/2024\/10\/02\/tse-santa-cruz-suma-un-escano-y-chuquisaca-pierde-un-espacio-en-el-nuevo-diseno-del-legislativo\/"},"wordCount":177,"commentCount":0,"publisher":{"@id":"https:\/\/innoticiasbo.com\/#organization"},"image":{"@id":"https:\/\/innoticiasbo.com\/index.php\/2024\/10\/02\/tse-santa-cruz-suma-un-escano-y-chuquisaca-pierde-un-espacio-en-el-nuevo-diseno-del-legislativo\/#primaryimage"},"thumbnailUrl":"https:\/\/i0.wp.com\/innoticiasbo.com\/wp-content\/uploads\/2024\/10\/IMG-20241002-WA0098.jpg?fit=1080%2C1080&ssl=1","articleSection":["Bolivia","Pol\u00edtica"],"inLanguage":"es","potentialAction":[{"@type":"CommentAction","name":"Comment","target":["https:\/\/innoticiasbo.com\/index.php\/2024\/10\/02\/tse-santa-cruz-suma-un-escano-y-chuquisaca-pierde-un-espacio-en-el-nuevo-diseno-del-legislativo\/#respond"]}]},{"@type":"WebPage","@id":"https:\/\/innoticiasbo.com\/index.php\/2024\/10\/02\/tse-santa-cruz-suma-un-escano-y-chuquisaca-pierde-un-espacio-en-el-nuevo-diseno-del-legislativo\/","url":"https:\/\/innoticiasbo.com\/index.php\/2024\/10\/02\/tse-santa-cruz-suma-un-escano-y-chuquisaca-pierde-un-espacio-en-el-nuevo-diseno-del-legislativo\/","name":"TSE: SANTA CRUZ SUMA UN ESCA\u00d1O Y CHUQUISACA PIERDE UN ESPACIO EN EL NUEVO DISE\u00d1O DEL LEGISLATIVO - innoticiasbo.com","isPartOf":{"@id":"https:\/\/innoticiasbo.com\/#website"},"primaryImageOfPage":{"@id":"https:\/\/innoticiasbo.com\/index.php\/2024\/10\/02\/tse-santa-cruz-suma-un-escano-y-chuquisaca-pierde-un-espacio-en-el-nuevo-diseno-del-legislativo\/#primaryimage"},"image":{"@id":"https:\/\/innoticiasbo.com\/index.php\/2024\/10\/02\/tse-santa-cruz-suma-un-escano-y-chuquisaca-pierde-un-espacio-en-el-nuevo-diseno-del-legislativo\/#primaryimage"},"thumbnailUrl":"https:\/\/i0.wp.com\/innoticiasbo.com\/wp-content\/uploads\/2024\/10\/IMG-20241002-WA0098.jpg?fit=1080%2C1080&ssl=1","datePublished":"2024-10-02T16:36:46+00:00","dateModified":"2024-10-02T16:36:53+00:00","breadcrumb":{"@id":"https:\/\/innoticiasbo.com\/index.php\/2024\/10\/02\/tse-santa-cruz-suma-un-escano-y-chuquisaca-pierde-un-espacio-en-el-nuevo-diseno-del-legislativo\/#breadcrumb"},"inLanguage":"es","potentialAction":[{"@type":"ReadAction","target":["https:\/\/innoticiasbo.com\/index.php\/2024\/10\/02\/tse-santa-cruz-suma-un-escano-y-chuquisaca-pierde-un-espacio-en-el-nuevo-diseno-del-legislativo\/"]}]},{"@type":"ImageObject","inLanguage":"es","@id":"https:\/\/innoticiasbo.com\/index.php\/2024\/10\/02\/tse-santa-cruz-suma-un-escano-y-chuquisaca-pierde-un-espacio-en-el-nuevo-diseno-del-legislativo\/#primaryimage","url":"https:\/\/i0.wp.com\/innoticiasbo.com\/wp-content\/uploads\/2024\/10\/IMG-20241002-WA0098.jpg?fit=1080%2C1080&ssl=1","contentUrl":"https:\/\/i0.wp.com\/innoticiasbo.com\/wp-content\/uploads\/2024\/10\/IMG-20241002-WA0098.jpg?fit=1080%2C1080&ssl=1","width":1080,"height":1080},{"@type":"BreadcrumbList","@id":"https:\/\/innoticiasbo.com\/index.php\/2024\/10\/02\/tse-santa-cruz-suma-un-escano-y-chuquisaca-pierde-un-espacio-en-el-nuevo-diseno-del-legislativo\/#breadcrumb","itemListElement":[{"@type":"ListItem","position":1,"name":"Portada","item":"https:\/\/innoticiasbo.com\/"},{"@type":"ListItem","position":2,"name":"TSE: SANTA CRUZ SUMA UN ESCA\u00d1O Y CHUQUISACA PIERDE UN ESPACIO EN EL NUEVO DISE\u00d1O DEL LEGISLATIVO"}]},{"@type":"WebSite","@id":"https:\/\/innoticiasbo.com\/#website","url":"https:\/\/innoticiasbo.com\/","name":"innoticiasbo.com","description":"","publisher":{"@id":"https:\/\/innoticiasbo.com\/#organization"},"potentialAction":[{"@type":"SearchAction","target":{"@type":"EntryPoint","urlTemplate":"https:\/\/innoticiasbo.com\/?s={search_term_string}"},"query-input":{"@type":"PropertyValueSpecification","valueRequired":true,"valueName":"search_term_string"}}],"inLanguage":"es"},{"@type":"Organization","@id":"https:\/\/innoticiasbo.com\/#organization","name":"innoticiasbo.com","url":"https:\/\/innoticiasbo.com\/","logo":{"@type":"ImageObject","inLanguage":"es","@id":"https:\/\/innoticiasbo.com\/#\/schema\/logo\/image\/","url":"https:\/\/i0.wp.com\/innoticiasbo.com\/wp-content\/uploads\/2026\/04\/cropped-IN-LOGO.png?fit=1476%2C1476&ssl=1","contentUrl":"https:\/\/i0.wp.com\/innoticiasbo.com\/wp-content\/uploads\/2026\/04\/cropped-IN-LOGO.png?fit=1476%2C1476&ssl=1","width":1476,"height":1476,"caption":"innoticiasbo.com"},"image":{"@id":"https:\/\/innoticiasbo.com\/#\/schema\/logo\/image\/"},"sameAs":["https:\/\/www.facebook.com\/innoticiasbolivia","https:\/\/x.com\/innoticiasbo","https:\/\/www.instagram.com\/innoticiasbo","https:\/\/www.youtube.com\/innoticiasbo"]},{"@type":"Person","@id":"https:\/\/innoticiasbo.com\/#\/schema\/person\/589cd527c4211df1b943bdad85ec07ce","name":"Prensa","image":{"@type":"ImageObject","inLanguage":"es","@id":"https:\/\/innoticiasbo.com\/#\/schema\/person\/image\/","url":"https:\/\/secure.gravatar.com\/avatar\/d359bbdf112023c1c0a3ec7fe1600657?s=96&d=mm&r=g","contentUrl":"https:\/\/secure.gravatar.com\/avatar\/d359bbdf112023c1c0a3ec7fe1600657?s=96&d=mm&r=g","caption":"Prensa"},"sameAs":["http:\/\/www.innoticiasbo.com"],"url":"https:\/\/innoticiasbo.com\/index.php\/author\/prensa\/"}]}},"jetpack_featured_media_url":"https:\/\/i0.wp.com\/innoticiasbo.com\/wp-content\/uploads\/2024\/10\/IMG-20241002-WA0098.jpg?fit=1080%2C1080&ssl=1","jetpack_likes_enabled":true,"jetpack_sharing_enabled":true,"jetpack_shortlink":"https:\/\/wp.me\/pg298x-k6","_links":{"self":[{"href":"https:\/\/innoticiasbo.com\/index.php\/wp-json\/wp\/v2\/posts\/1246","targetHints":{"allow":["GET"]}}],"collection":[{"href":"https:\/\/innoticiasbo.com\/index.php\/wp-json\/wp\/v2\/posts"}],"about":[{"href":"https:\/\/innoticiasbo.com\/index.php\/wp-json\/wp\/v2\/types\/post"}],"author":[{"embeddable":true,"href":"https:\/\/innoticiasbo.com\/index.php\/wp-json\/wp\/v2\/users\/2"}],"replies":[{"embeddable":true,"href":"https:\/\/innoticiasbo.com\/index.php\/wp-json\/wp\/v2\/comments?post=1246"}],"version-history":[{"count":1,"href":"https:\/\/innoticiasbo.com\/index.php\/wp-json\/wp\/v2\/posts\/1246\/revisions"}],"predecessor-version":[{"id":1247,"href":"https:\/\/innoticiasbo.com\/index.php\/wp-json\/wp\/v2\/posts\/1246\/revisions\/1247"}],"wp:featuredmedia":[{"embeddable":true,"href":"https:\/\/innoticiasbo.com\/index.php\/wp-json\/wp\/v2\/media\/1245"}],"wp:attachment":[{"href":"https:\/\/innoticiasbo.com\/index.php\/wp-json\/wp\/v2\/media?parent=1246"}],"wp:term":[{"taxonomy":"category","embeddable":true,"href":"https:\/\/innoticiasbo.com\/index.php\/wp-json\/wp\/v2\/categories?post=1246"},{"taxonomy":"post_tag","embeddable":true,"href":"https:\/\/innoticiasbo.com\/index.php\/wp-json\/wp\/v2\/tags?post=1246"}],"curies":[{"name":"wp","href":"https:\/\/api.w.org\/{rel}","templated":true}]}}