{"id":1202,"date":"2024-10-01T00:09:20","date_gmt":"2024-10-01T00:09:20","guid":{"rendered":"https:\/\/innoticiasbo.com\/?p=1202"},"modified":"2024-10-01T00:09:25","modified_gmt":"2024-10-01T00:09:25","slug":"alcaldia-llega-a-acuerdo-con-vecinos-del-distrito-15-quienes-de-comprometieron-a-no-bloquear-el-relleno-sanitario-de-kara-kara","status":"publish","type":"post","link":"https:\/\/innoticiasbo.com\/index.php\/2024\/10\/01\/alcaldia-llega-a-acuerdo-con-vecinos-del-distrito-15-quienes-de-comprometieron-a-no-bloquear-el-relleno-sanitario-de-kara-kara\/","title":{"rendered":"ALCALD\u00cdA LLEGA A ACUERDO CON VECINOS DEL DISTRITO 15 QUIENES DE COMPROMETIERON A NO BLOQUEAR EL RELLENO SANITARIO DE K\u2019ARA K\u2019ARA"},"content":{"rendered":"\n<p>Cochabamba, 30 de septiembre de 2024.- Tras la reuni\u00f3n entre la Alcald\u00eda de Cochabamba y dirigentes de K\u2019ara K\u2019ara se concluy\u00f3 que durante seis meses se continuar\u00e1 utilizando el relleno sanitario y se realizar\u00e1 una nueva licitaci\u00f3n para la adjudicaci\u00f3n de la empresa que se encargar\u00e1 de la industrializaci\u00f3n de la basura, se\u00f1al\u00f3 el alcalde Manfred Reyes Villa.<\/p>\n\n\n\n<figure class=\"wp-block-image size-large\"><img data-recalc-dims=\"1\" loading=\"lazy\" decoding=\"async\" width=\"640\" height=\"360\" src=\"https:\/\/i0.wp.com\/innoticiasbo.com\/wp-content\/uploads\/2024\/10\/img-20240930-wa01866870313168658834504.jpg?resize=640%2C360&#038;ssl=1\" alt=\"\" class=\"wp-image-1200\" srcset=\"https:\/\/i0.wp.com\/innoticiasbo.com\/wp-content\/uploads\/2024\/10\/img-20240930-wa01866870313168658834504.jpg?resize=1024%2C576&amp;ssl=1 1024w, https:\/\/i0.wp.com\/innoticiasbo.com\/wp-content\/uploads\/2024\/10\/img-20240930-wa01866870313168658834504.jpg?resize=300%2C169&amp;ssl=1 300w, https:\/\/i0.wp.com\/innoticiasbo.com\/wp-content\/uploads\/2024\/10\/img-20240930-wa01866870313168658834504.jpg?resize=768%2C432&amp;ssl=1 768w, https:\/\/i0.wp.com\/innoticiasbo.com\/wp-content\/uploads\/2024\/10\/img-20240930-wa01866870313168658834504.jpg?resize=1536%2C864&amp;ssl=1 1536w, https:\/\/i0.wp.com\/innoticiasbo.com\/wp-content\/uploads\/2024\/10\/img-20240930-wa01866870313168658834504.jpg?w=1600&amp;ssl=1 1600w, https:\/\/i0.wp.com\/innoticiasbo.com\/wp-content\/uploads\/2024\/10\/img-20240930-wa01866870313168658834504.jpg?w=1280&amp;ssl=1 1280w\" sizes=\"auto, (max-width: 640px) 100vw, 640px\" \/><\/figure>\n\n\n\n<p>\u201cBuscaremos otro lugar porque evidentemente en ese sector ya no hay el espacio necesario para continuar con la industrializaci\u00f3n, quedamos en que buscaremos un lugar diferente, ya no habr\u00e1 m\u00e1s relleno sanitario\u201d, explic\u00f3 la primera autoridad.<\/p>\n\n\n\n<p>La planta de tratamiento que proyecta la Alcald\u00eda tendr\u00e1 una capacidad para m\u00e1s de 1000 toneladas de desechos. Actualmente Cochabamba genera aproximadamente 600 toneladas de basura.<\/p>\n\n\n\n<p>En tanto, Ever Quispe en representaci\u00f3n de los vecinos del Distrito 15 expres\u00f3 que se comprometieron a no bloquear el ingreso al relleno sanitario durante seis meses, adem\u00e1s afirmaron que no permitir\u00e1n ning\u00fan bloqueo en el sector.<\/p>\n\n\n\n<p>\u201cAlgunos dirigentes quieren convocar al bloqueo para mantener su negocio de la basura (\u2026) Nosotros dimos nuestra palabra de impedir el bloqueo \u2018nosotros somos la garant\u00eda\u2019\u201d, finaliz\u00f3 Quispe.<\/p>\n","protected":false},"excerpt":{"rendered":"<p>Cochabamba, 30 de septiembre de 2024.- Tras la reuni\u00f3n entre la Alcald\u00eda de Cochabamba y dirigentes de K\u2019ara K\u2019ara se concluy\u00f3 que durante seis meses se continuar\u00e1 utilizando el relleno sanitario y se realizar\u00e1 una nueva licitaci\u00f3n para la adjudicaci\u00f3n de la empresa que se encargar\u00e1 de la industrializaci\u00f3n de la basura, se\u00f1al\u00f3 el alcalde&#8230;<\/p>\n","protected":false},"author":2,"featured_media":1201,"comment_status":"open","ping_status":"open","sticky":false,"template":"","format":"standard","meta":{"_jetpack_memberships_contains_paid_content":false,"footnotes":"","jetpack_publicize_message":"","jetpack_publicize_feature_enabled":true,"jetpack_social_post_already_shared":true,"jetpack_social_options":{"image_generator_settings":{"template":"highway","enabled":false},"version":2}},"categories":[2],"tags":[],"class_list":["post-1202","post","type-post","status-publish","format-standard","has-post-thumbnail","hentry","category-cochabamba"],"jetpack_publicize_connections":[],"yoast_head":"<!-- This site is optimized with the Yoast SEO plugin v23.4 - https:\/\/yoast.com\/wordpress\/plugins\/seo\/ -->\n<title>ALCALD\u00cdA LLEGA A ACUERDO CON VECINOS DEL DISTRITO 15 QUIENES DE COMPROMETIERON A NO BLOQUEAR EL RELLENO SANITARIO DE K\u2019ARA K\u2019ARA - innoticiasbo.com<\/title>\n<meta name=\"robots\" content=\"index, follow, max-snippet:-1, max-image-preview:large, max-video-preview:-1\" \/>\n<link rel=\"canonical\" href=\"https:\/\/innoticiasbo.com\/index.php\/2024\/10\/01\/alcaldia-llega-a-acuerdo-con-vecinos-del-distrito-15-quienes-de-comprometieron-a-no-bloquear-el-relleno-sanitario-de-kara-kara\/\" \/>\n<meta property=\"og:locale\" content=\"es_ES\" \/>\n<meta property=\"og:type\" content=\"article\" \/>\n<meta property=\"og:title\" content=\"ALCALD\u00cdA LLEGA A ACUERDO CON VECINOS DEL DISTRITO 15 QUIENES DE COMPROMETIERON A NO BLOQUEAR EL RELLENO SANITARIO DE K\u2019ARA K\u2019ARA - innoticiasbo.com\" \/>\n<meta property=\"og:description\" content=\"Cochabamba, 30 de septiembre de 2024.- Tras la reuni\u00f3n entre la Alcald\u00eda de Cochabamba y dirigentes de K\u2019ara K\u2019ara se concluy\u00f3 que durante seis meses se continuar\u00e1 utilizando el relleno sanitario y se realizar\u00e1 una nueva licitaci\u00f3n para la adjudicaci\u00f3n de la empresa que se encargar\u00e1 de la industrializaci\u00f3n de la basura, se\u00f1al\u00f3 el alcalde...\" \/>\n<meta property=\"og:url\" content=\"https:\/\/innoticiasbo.com\/index.php\/2024\/10\/01\/alcaldia-llega-a-acuerdo-con-vecinos-del-distrito-15-quienes-de-comprometieron-a-no-bloquear-el-relleno-sanitario-de-kara-kara\/\" \/>\n<meta property=\"og:site_name\" content=\"innoticiasbo.com\" \/>\n<meta property=\"article:publisher\" content=\"https:\/\/www.facebook.com\/innoticiasbolivia\" \/>\n<meta property=\"article:published_time\" content=\"2024-10-01T00:09:20+00:00\" \/>\n<meta property=\"article:modified_time\" content=\"2024-10-01T00:09:25+00:00\" \/>\n<meta property=\"og:image\" content=\"https:\/\/i0.wp.com\/innoticiasbo.com\/wp-content\/uploads\/2024\/10\/IMG-20240930-WA0186.jpg?fit=1600%2C900&ssl=1\" \/>\n\t<meta property=\"og:image:width\" content=\"1600\" \/>\n\t<meta property=\"og:image:height\" content=\"900\" \/>\n\t<meta property=\"og:image:type\" content=\"image\/jpeg\" \/>\n<meta name=\"author\" content=\"Prensa\" \/>\n<meta name=\"twitter:card\" content=\"summary_large_image\" \/>\n<meta name=\"twitter:creator\" content=\"@innoticiasbo\" \/>\n<meta name=\"twitter:site\" content=\"@innoticiasbo\" \/>\n<meta name=\"twitter:label1\" content=\"Escrito por\" \/>\n\t<meta name=\"twitter:data1\" content=\"Prensa\" \/>\n\t<meta name=\"twitter:label2\" content=\"Tiempo de lectura\" \/>\n\t<meta name=\"twitter:data2\" content=\"1 minuto\" \/>\n<script type=\"application\/ld+json\" class=\"yoast-schema-graph\">{\"@context\":\"https:\/\/schema.org\",\"@graph\":[{\"@type\":\"Article\",\"@id\":\"https:\/\/innoticiasbo.com\/index.php\/2024\/10\/01\/alcaldia-llega-a-acuerdo-con-vecinos-del-distrito-15-quienes-de-comprometieron-a-no-bloquear-el-relleno-sanitario-de-kara-kara\/#article\",\"isPartOf\":{\"@id\":\"https:\/\/innoticiasbo.com\/index.php\/2024\/10\/01\/alcaldia-llega-a-acuerdo-con-vecinos-del-distrito-15-quienes-de-comprometieron-a-no-bloquear-el-relleno-sanitario-de-kara-kara\/\"},\"author\":{\"name\":\"Prensa\",\"@id\":\"https:\/\/innoticiasbo.com\/#\/schema\/person\/589cd527c4211df1b943bdad85ec07ce\"},\"headline\":\"ALCALD\u00cdA LLEGA A ACUERDO CON VECINOS DEL DISTRITO 15 QUIENES DE COMPROMETIERON A NO BLOQUEAR EL RELLENO SANITARIO DE K\u2019ARA K\u2019ARA\",\"datePublished\":\"2024-10-01T00:09:20+00:00\",\"dateModified\":\"2024-10-01T00:09:25+00:00\",\"mainEntityOfPage\":{\"@id\":\"https:\/\/innoticiasbo.com\/index.php\/2024\/10\/01\/alcaldia-llega-a-acuerdo-con-vecinos-del-distrito-15-quienes-de-comprometieron-a-no-bloquear-el-relleno-sanitario-de-kara-kara\/\"},\"wordCount\":220,\"commentCount\":0,\"publisher\":{\"@id\":\"https:\/\/innoticiasbo.com\/#organization\"},\"image\":{\"@id\":\"https:\/\/innoticiasbo.com\/index.php\/2024\/10\/01\/alcaldia-llega-a-acuerdo-con-vecinos-del-distrito-15-quienes-de-comprometieron-a-no-bloquear-el-relleno-sanitario-de-kara-kara\/#primaryimage\"},\"thumbnailUrl\":\"https:\/\/i0.wp.com\/innoticiasbo.com\/wp-content\/uploads\/2024\/10\/IMG-20240930-WA0186.jpg?fit=1600%2C900&ssl=1\",\"articleSection\":[\"Cochabamba\"],\"inLanguage\":\"es\",\"potentialAction\":[{\"@type\":\"CommentAction\",\"name\":\"Comment\",\"target\":[\"https:\/\/innoticiasbo.com\/index.php\/2024\/10\/01\/alcaldia-llega-a-acuerdo-con-vecinos-del-distrito-15-quienes-de-comprometieron-a-no-bloquear-el-relleno-sanitario-de-kara-kara\/#respond\"]}]},{\"@type\":\"WebPage\",\"@id\":\"https:\/\/innoticiasbo.com\/index.php\/2024\/10\/01\/alcaldia-llega-a-acuerdo-con-vecinos-del-distrito-15-quienes-de-comprometieron-a-no-bloquear-el-relleno-sanitario-de-kara-kara\/\",\"url\":\"https:\/\/innoticiasbo.com\/index.php\/2024\/10\/01\/alcaldia-llega-a-acuerdo-con-vecinos-del-distrito-15-quienes-de-comprometieron-a-no-bloquear-el-relleno-sanitario-de-kara-kara\/\",\"name\":\"ALCALD\u00cdA LLEGA A ACUERDO CON VECINOS DEL DISTRITO 15 QUIENES DE COMPROMETIERON A NO BLOQUEAR EL RELLENO SANITARIO DE K\u2019ARA K\u2019ARA - innoticiasbo.com\",\"isPartOf\":{\"@id\":\"https:\/\/innoticiasbo.com\/#website\"},\"primaryImageOfPage\":{\"@id\":\"https:\/\/innoticiasbo.com\/index.php\/2024\/10\/01\/alcaldia-llega-a-acuerdo-con-vecinos-del-distrito-15-quienes-de-comprometieron-a-no-bloquear-el-relleno-sanitario-de-kara-kara\/#primaryimage\"},\"image\":{\"@id\":\"https:\/\/innoticiasbo.com\/index.php\/2024\/10\/01\/alcaldia-llega-a-acuerdo-con-vecinos-del-distrito-15-quienes-de-comprometieron-a-no-bloquear-el-relleno-sanitario-de-kara-kara\/#primaryimage\"},\"thumbnailUrl\":\"https:\/\/i0.wp.com\/innoticiasbo.com\/wp-content\/uploads\/2024\/10\/IMG-20240930-WA0186.jpg?fit=1600%2C900&ssl=1\",\"datePublished\":\"2024-10-01T00:09:20+00:00\",\"dateModified\":\"2024-10-01T00:09:25+00:00\",\"breadcrumb\":{\"@id\":\"https:\/\/innoticiasbo.com\/index.php\/2024\/10\/01\/alcaldia-llega-a-acuerdo-con-vecinos-del-distrito-15-quienes-de-comprometieron-a-no-bloquear-el-relleno-sanitario-de-kara-kara\/#breadcrumb\"},\"inLanguage\":\"es\",\"potentialAction\":[{\"@type\":\"ReadAction\",\"target\":[\"https:\/\/innoticiasbo.com\/index.php\/2024\/10\/01\/alcaldia-llega-a-acuerdo-con-vecinos-del-distrito-15-quienes-de-comprometieron-a-no-bloquear-el-relleno-sanitario-de-kara-kara\/\"]}]},{\"@type\":\"ImageObject\",\"inLanguage\":\"es\",\"@id\":\"https:\/\/innoticiasbo.com\/index.php\/2024\/10\/01\/alcaldia-llega-a-acuerdo-con-vecinos-del-distrito-15-quienes-de-comprometieron-a-no-bloquear-el-relleno-sanitario-de-kara-kara\/#primaryimage\",\"url\":\"https:\/\/i0.wp.com\/innoticiasbo.com\/wp-content\/uploads\/2024\/10\/IMG-20240930-WA0186.jpg?fit=1600%2C900&ssl=1\",\"contentUrl\":\"https:\/\/i0.wp.com\/innoticiasbo.com\/wp-content\/uploads\/2024\/10\/IMG-20240930-WA0186.jpg?fit=1600%2C900&ssl=1\",\"width\":1600,\"height\":900},{\"@type\":\"BreadcrumbList\",\"@id\":\"https:\/\/innoticiasbo.com\/index.php\/2024\/10\/01\/alcaldia-llega-a-acuerdo-con-vecinos-del-distrito-15-quienes-de-comprometieron-a-no-bloquear-el-relleno-sanitario-de-kara-kara\/#breadcrumb\",\"itemListElement\":[{\"@type\":\"ListItem\",\"position\":1,\"name\":\"Portada\",\"item\":\"https:\/\/innoticiasbo.com\/\"},{\"@type\":\"ListItem\",\"position\":2,\"name\":\"ALCALD\u00cdA LLEGA A ACUERDO CON VECINOS DEL DISTRITO 15 QUIENES DE COMPROMETIERON A NO BLOQUEAR EL RELLENO SANITARIO DE K\u2019ARA K\u2019ARA\"}]},{\"@type\":\"WebSite\",\"@id\":\"https:\/\/innoticiasbo.com\/#website\",\"url\":\"https:\/\/innoticiasbo.com\/\",\"name\":\"innoticiasbo.com\",\"description\":\"\",\"publisher\":{\"@id\":\"https:\/\/innoticiasbo.com\/#organization\"},\"potentialAction\":[{\"@type\":\"SearchAction\",\"target\":{\"@type\":\"EntryPoint\",\"urlTemplate\":\"https:\/\/innoticiasbo.com\/?s={search_term_string}\"},\"query-input\":{\"@type\":\"PropertyValueSpecification\",\"valueRequired\":true,\"valueName\":\"search_term_string\"}}],\"inLanguage\":\"es\"},{\"@type\":\"Organization\",\"@id\":\"https:\/\/innoticiasbo.com\/#organization\",\"name\":\"innoticiasbo.com\",\"url\":\"https:\/\/innoticiasbo.com\/\",\"logo\":{\"@type\":\"ImageObject\",\"inLanguage\":\"es\",\"@id\":\"https:\/\/innoticiasbo.com\/#\/schema\/logo\/image\/\",\"url\":\"https:\/\/i0.wp.com\/innoticiasbo.com\/wp-content\/uploads\/2026\/04\/cropped-IN-LOGO.png?fit=1476%2C1476&ssl=1\",\"contentUrl\":\"https:\/\/i0.wp.com\/innoticiasbo.com\/wp-content\/uploads\/2026\/04\/cropped-IN-LOGO.png?fit=1476%2C1476&ssl=1\",\"width\":1476,\"height\":1476,\"caption\":\"innoticiasbo.com\"},\"image\":{\"@id\":\"https:\/\/innoticiasbo.com\/#\/schema\/logo\/image\/\"},\"sameAs\":[\"https:\/\/www.facebook.com\/innoticiasbolivia\",\"https:\/\/x.com\/innoticiasbo\",\"https:\/\/www.instagram.com\/innoticiasbo\",\"https:\/\/www.youtube.com\/innoticiasbo\"]},{\"@type\":\"Person\",\"@id\":\"https:\/\/innoticiasbo.com\/#\/schema\/person\/589cd527c4211df1b943bdad85ec07ce\",\"name\":\"Prensa\",\"image\":{\"@type\":\"ImageObject\",\"inLanguage\":\"es\",\"@id\":\"https:\/\/innoticiasbo.com\/#\/schema\/person\/image\/\",\"url\":\"https:\/\/secure.gravatar.com\/avatar\/d359bbdf112023c1c0a3ec7fe1600657?s=96&d=mm&r=g\",\"contentUrl\":\"https:\/\/secure.gravatar.com\/avatar\/d359bbdf112023c1c0a3ec7fe1600657?s=96&d=mm&r=g\",\"caption\":\"Prensa\"},\"sameAs\":[\"http:\/\/www.innoticiasbo.com\"],\"url\":\"https:\/\/innoticiasbo.com\/index.php\/author\/prensa\/\"}]}<\/script>\n<!-- \/ Yoast SEO plugin. -->","yoast_head_json":{"title":"ALCALD\u00cdA LLEGA A ACUERDO CON VECINOS DEL DISTRITO 15 QUIENES DE COMPROMETIERON A NO BLOQUEAR EL RELLENO SANITARIO DE K\u2019ARA K\u2019ARA - innoticiasbo.com","robots":{"index":"index","follow":"follow","max-snippet":"max-snippet:-1","max-image-preview":"max-image-preview:large","max-video-preview":"max-video-preview:-1"},"canonical":"https:\/\/innoticiasbo.com\/index.php\/2024\/10\/01\/alcaldia-llega-a-acuerdo-con-vecinos-del-distrito-15-quienes-de-comprometieron-a-no-bloquear-el-relleno-sanitario-de-kara-kara\/","og_locale":"es_ES","og_type":"article","og_title":"ALCALD\u00cdA LLEGA A ACUERDO CON VECINOS DEL DISTRITO 15 QUIENES DE COMPROMETIERON A NO BLOQUEAR EL RELLENO SANITARIO DE K\u2019ARA K\u2019ARA - innoticiasbo.com","og_description":"Cochabamba, 30 de septiembre de 2024.- Tras la reuni\u00f3n entre la Alcald\u00eda de Cochabamba y dirigentes de K\u2019ara K\u2019ara se concluy\u00f3 que durante seis meses se continuar\u00e1 utilizando el relleno sanitario y se realizar\u00e1 una nueva licitaci\u00f3n para la adjudicaci\u00f3n de la empresa que se encargar\u00e1 de la industrializaci\u00f3n de la basura, se\u00f1al\u00f3 el alcalde...","og_url":"https:\/\/innoticiasbo.com\/index.php\/2024\/10\/01\/alcaldia-llega-a-acuerdo-con-vecinos-del-distrito-15-quienes-de-comprometieron-a-no-bloquear-el-relleno-sanitario-de-kara-kara\/","og_site_name":"innoticiasbo.com","article_publisher":"https:\/\/www.facebook.com\/innoticiasbolivia","article_published_time":"2024-10-01T00:09:20+00:00","article_modified_time":"2024-10-01T00:09:25+00:00","og_image":[{"width":1600,"height":900,"url":"https:\/\/i0.wp.com\/innoticiasbo.com\/wp-content\/uploads\/2024\/10\/IMG-20240930-WA0186.jpg?fit=1600%2C900&ssl=1","type":"image\/jpeg"}],"author":"Prensa","twitter_card":"summary_large_image","twitter_creator":"@innoticiasbo","twitter_site":"@innoticiasbo","twitter_misc":{"Escrito por":"Prensa","Tiempo de lectura":"1 minuto"},"schema":{"@context":"https:\/\/schema.org","@graph":[{"@type":"Article","@id":"https:\/\/innoticiasbo.com\/index.php\/2024\/10\/01\/alcaldia-llega-a-acuerdo-con-vecinos-del-distrito-15-quienes-de-comprometieron-a-no-bloquear-el-relleno-sanitario-de-kara-kara\/#article","isPartOf":{"@id":"https:\/\/innoticiasbo.com\/index.php\/2024\/10\/01\/alcaldia-llega-a-acuerdo-con-vecinos-del-distrito-15-quienes-de-comprometieron-a-no-bloquear-el-relleno-sanitario-de-kara-kara\/"},"author":{"name":"Prensa","@id":"https:\/\/innoticiasbo.com\/#\/schema\/person\/589cd527c4211df1b943bdad85ec07ce"},"headline":"ALCALD\u00cdA LLEGA A ACUERDO CON VECINOS DEL DISTRITO 15 QUIENES DE COMPROMETIERON A NO BLOQUEAR EL RELLENO SANITARIO DE K\u2019ARA K\u2019ARA","datePublished":"2024-10-01T00:09:20+00:00","dateModified":"2024-10-01T00:09:25+00:00","mainEntityOfPage":{"@id":"https:\/\/innoticiasbo.com\/index.php\/2024\/10\/01\/alcaldia-llega-a-acuerdo-con-vecinos-del-distrito-15-quienes-de-comprometieron-a-no-bloquear-el-relleno-sanitario-de-kara-kara\/"},"wordCount":220,"commentCount":0,"publisher":{"@id":"https:\/\/innoticiasbo.com\/#organization"},"image":{"@id":"https:\/\/innoticiasbo.com\/index.php\/2024\/10\/01\/alcaldia-llega-a-acuerdo-con-vecinos-del-distrito-15-quienes-de-comprometieron-a-no-bloquear-el-relleno-sanitario-de-kara-kara\/#primaryimage"},"thumbnailUrl":"https:\/\/i0.wp.com\/innoticiasbo.com\/wp-content\/uploads\/2024\/10\/IMG-20240930-WA0186.jpg?fit=1600%2C900&ssl=1","articleSection":["Cochabamba"],"inLanguage":"es","potentialAction":[{"@type":"CommentAction","name":"Comment","target":["https:\/\/innoticiasbo.com\/index.php\/2024\/10\/01\/alcaldia-llega-a-acuerdo-con-vecinos-del-distrito-15-quienes-de-comprometieron-a-no-bloquear-el-relleno-sanitario-de-kara-kara\/#respond"]}]},{"@type":"WebPage","@id":"https:\/\/innoticiasbo.com\/index.php\/2024\/10\/01\/alcaldia-llega-a-acuerdo-con-vecinos-del-distrito-15-quienes-de-comprometieron-a-no-bloquear-el-relleno-sanitario-de-kara-kara\/","url":"https:\/\/innoticiasbo.com\/index.php\/2024\/10\/01\/alcaldia-llega-a-acuerdo-con-vecinos-del-distrito-15-quienes-de-comprometieron-a-no-bloquear-el-relleno-sanitario-de-kara-kara\/","name":"ALCALD\u00cdA LLEGA A ACUERDO CON VECINOS DEL DISTRITO 15 QUIENES DE COMPROMETIERON A NO BLOQUEAR EL RELLENO SANITARIO DE K\u2019ARA K\u2019ARA - innoticiasbo.com","isPartOf":{"@id":"https:\/\/innoticiasbo.com\/#website"},"primaryImageOfPage":{"@id":"https:\/\/innoticiasbo.com\/index.php\/2024\/10\/01\/alcaldia-llega-a-acuerdo-con-vecinos-del-distrito-15-quienes-de-comprometieron-a-no-bloquear-el-relleno-sanitario-de-kara-kara\/#primaryimage"},"image":{"@id":"https:\/\/innoticiasbo.com\/index.php\/2024\/10\/01\/alcaldia-llega-a-acuerdo-con-vecinos-del-distrito-15-quienes-de-comprometieron-a-no-bloquear-el-relleno-sanitario-de-kara-kara\/#primaryimage"},"thumbnailUrl":"https:\/\/i0.wp.com\/innoticiasbo.com\/wp-content\/uploads\/2024\/10\/IMG-20240930-WA0186.jpg?fit=1600%2C900&ssl=1","datePublished":"2024-10-01T00:09:20+00:00","dateModified":"2024-10-01T00:09:25+00:00","breadcrumb":{"@id":"https:\/\/innoticiasbo.com\/index.php\/2024\/10\/01\/alcaldia-llega-a-acuerdo-con-vecinos-del-distrito-15-quienes-de-comprometieron-a-no-bloquear-el-relleno-sanitario-de-kara-kara\/#breadcrumb"},"inLanguage":"es","potentialAction":[{"@type":"ReadAction","target":["https:\/\/innoticiasbo.com\/index.php\/2024\/10\/01\/alcaldia-llega-a-acuerdo-con-vecinos-del-distrito-15-quienes-de-comprometieron-a-no-bloquear-el-relleno-sanitario-de-kara-kara\/"]}]},{"@type":"ImageObject","inLanguage":"es","@id":"https:\/\/innoticiasbo.com\/index.php\/2024\/10\/01\/alcaldia-llega-a-acuerdo-con-vecinos-del-distrito-15-quienes-de-comprometieron-a-no-bloquear-el-relleno-sanitario-de-kara-kara\/#primaryimage","url":"https:\/\/i0.wp.com\/innoticiasbo.com\/wp-content\/uploads\/2024\/10\/IMG-20240930-WA0186.jpg?fit=1600%2C900&ssl=1","contentUrl":"https:\/\/i0.wp.com\/innoticiasbo.com\/wp-content\/uploads\/2024\/10\/IMG-20240930-WA0186.jpg?fit=1600%2C900&ssl=1","width":1600,"height":900},{"@type":"BreadcrumbList","@id":"https:\/\/innoticiasbo.com\/index.php\/2024\/10\/01\/alcaldia-llega-a-acuerdo-con-vecinos-del-distrito-15-quienes-de-comprometieron-a-no-bloquear-el-relleno-sanitario-de-kara-kara\/#breadcrumb","itemListElement":[{"@type":"ListItem","position":1,"name":"Portada","item":"https:\/\/innoticiasbo.com\/"},{"@type":"ListItem","position":2,"name":"ALCALD\u00cdA LLEGA A ACUERDO CON VECINOS DEL DISTRITO 15 QUIENES DE COMPROMETIERON A NO BLOQUEAR EL RELLENO SANITARIO DE K\u2019ARA K\u2019ARA"}]},{"@type":"WebSite","@id":"https:\/\/innoticiasbo.com\/#website","url":"https:\/\/innoticiasbo.com\/","name":"innoticiasbo.com","description":"","publisher":{"@id":"https:\/\/innoticiasbo.com\/#organization"},"potentialAction":[{"@type":"SearchAction","target":{"@type":"EntryPoint","urlTemplate":"https:\/\/innoticiasbo.com\/?s={search_term_string}"},"query-input":{"@type":"PropertyValueSpecification","valueRequired":true,"valueName":"search_term_string"}}],"inLanguage":"es"},{"@type":"Organization","@id":"https:\/\/innoticiasbo.com\/#organization","name":"innoticiasbo.com","url":"https:\/\/innoticiasbo.com\/","logo":{"@type":"ImageObject","inLanguage":"es","@id":"https:\/\/innoticiasbo.com\/#\/schema\/logo\/image\/","url":"https:\/\/i0.wp.com\/innoticiasbo.com\/wp-content\/uploads\/2026\/04\/cropped-IN-LOGO.png?fit=1476%2C1476&ssl=1","contentUrl":"https:\/\/i0.wp.com\/innoticiasbo.com\/wp-content\/uploads\/2026\/04\/cropped-IN-LOGO.png?fit=1476%2C1476&ssl=1","width":1476,"height":1476,"caption":"innoticiasbo.com"},"image":{"@id":"https:\/\/innoticiasbo.com\/#\/schema\/logo\/image\/"},"sameAs":["https:\/\/www.facebook.com\/innoticiasbolivia","https:\/\/x.com\/innoticiasbo","https:\/\/www.instagram.com\/innoticiasbo","https:\/\/www.youtube.com\/innoticiasbo"]},{"@type":"Person","@id":"https:\/\/innoticiasbo.com\/#\/schema\/person\/589cd527c4211df1b943bdad85ec07ce","name":"Prensa","image":{"@type":"ImageObject","inLanguage":"es","@id":"https:\/\/innoticiasbo.com\/#\/schema\/person\/image\/","url":"https:\/\/secure.gravatar.com\/avatar\/d359bbdf112023c1c0a3ec7fe1600657?s=96&d=mm&r=g","contentUrl":"https:\/\/secure.gravatar.com\/avatar\/d359bbdf112023c1c0a3ec7fe1600657?s=96&d=mm&r=g","caption":"Prensa"},"sameAs":["http:\/\/www.innoticiasbo.com"],"url":"https:\/\/innoticiasbo.com\/index.php\/author\/prensa\/"}]}},"jetpack_featured_media_url":"https:\/\/i0.wp.com\/innoticiasbo.com\/wp-content\/uploads\/2024\/10\/IMG-20240930-WA0186.jpg?fit=1600%2C900&ssl=1","jetpack_likes_enabled":true,"jetpack_sharing_enabled":true,"jetpack_shortlink":"https:\/\/wp.me\/pg298x-jo","_links":{"self":[{"href":"https:\/\/innoticiasbo.com\/index.php\/wp-json\/wp\/v2\/posts\/1202","targetHints":{"allow":["GET"]}}],"collection":[{"href":"https:\/\/innoticiasbo.com\/index.php\/wp-json\/wp\/v2\/posts"}],"about":[{"href":"https:\/\/innoticiasbo.com\/index.php\/wp-json\/wp\/v2\/types\/post"}],"author":[{"embeddable":true,"href":"https:\/\/innoticiasbo.com\/index.php\/wp-json\/wp\/v2\/users\/2"}],"replies":[{"embeddable":true,"href":"https:\/\/innoticiasbo.com\/index.php\/wp-json\/wp\/v2\/comments?post=1202"}],"version-history":[{"count":1,"href":"https:\/\/innoticiasbo.com\/index.php\/wp-json\/wp\/v2\/posts\/1202\/revisions"}],"predecessor-version":[{"id":1203,"href":"https:\/\/innoticiasbo.com\/index.php\/wp-json\/wp\/v2\/posts\/1202\/revisions\/1203"}],"wp:featuredmedia":[{"embeddable":true,"href":"https:\/\/innoticiasbo.com\/index.php\/wp-json\/wp\/v2\/media\/1201"}],"wp:attachment":[{"href":"https:\/\/innoticiasbo.com\/index.php\/wp-json\/wp\/v2\/media?parent=1202"}],"wp:term":[{"taxonomy":"category","embeddable":true,"href":"https:\/\/innoticiasbo.com\/index.php\/wp-json\/wp\/v2\/categories?post=1202"},{"taxonomy":"post_tag","embeddable":true,"href":"https:\/\/innoticiasbo.com\/index.php\/wp-json\/wp\/v2\/tags?post=1202"}],"curies":[{"name":"wp","href":"https:\/\/api.w.org\/{rel}","templated":true}]}}