{"id":11696,"date":"2026-05-03T08:02:43","date_gmt":"2026-05-03T12:02:43","guid":{"rendered":"https:\/\/innoticiasbo.com\/?p=11696"},"modified":"2026-05-03T08:02:43","modified_gmt":"2026-05-03T12:02:43","slug":"emergencia-instituciones-defienden-tres-medidas-para-combatir-el-crimen-organizado","status":"publish","type":"post","link":"https:\/\/innoticiasbo.com\/index.php\/2026\/05\/03\/emergencia-instituciones-defienden-tres-medidas-para-combatir-el-crimen-organizado\/","title":{"rendered":"#emergencia INSTITUCIONES DEFIENDEN TRES MEDIDAS PARA COMBATIR EL CRIMEN ORGANIZADO"},"content":{"rendered":"\n<p class=\"p1\"><\/p>\n\n\n\n<p class=\"p1\">Santa Cruz, 3 de mayo de 2026.- La reuni\u00f3n de emergencia interinstitucional que fue convocada en Santa Cruz, en la que particip\u00f3 el Fiscal General del Estado, Roger Mariaca Montenegro, determin\u00f3 tomar tres medidas para combatir el crimen organizado debido a los asesinatos registrados en esa regi\u00f3n.&nbsp;<\/p>\n\n\n\n<p class=\"p1\">Al cierre del encuentro, el Ministro de Gobierno, Marco Antonio Oviedo, dio a conocer al pa\u00eds las conclusiones acordadas para combatir de manera frontal el crimen organizado.&nbsp;<\/p>\n\n\n\n<p class=\"p1\">Primero, convocar al Consejo Sectorial Nacional de Seguridad Ciudadana, en el marco de la Ley 264, para articular una respuesta coordinada a nivel nacional.<\/p>\n\n\n\n<p class=\"p1\">Segundo, solicitar al Ministro de Defensa el refuerzo inmediato de la presencia militar en las ciudades y poblaciones fronterizas infiltradas por el crimen organizado, que se har\u00e1 de manera inmediata.&nbsp;<\/p>\n\n\n\n<p class=\"p1\">Tercero, conformar en Santa Cruz el Grupo Especial T\u00e1ctico de Lucha contra el Crimen Organizado, con sede en la ciudad, operativo a partir de este d\u00eda.<\/p>\n\n\n\n<p class=\"p1\">Las autoridades presentes suscribieron su compromiso con la defensa del Estado de derecho, la libertad y la democracia frente a la amenaza del narcotr\u00e1fico y el crimen organizado.<\/p>\n\n\n\n<p class=\"p1\">De esa reuni\u00f3n participaron representantes del Gobierno nacional, del \u00d3rgano Judicial, del Ministerio P\u00fablico, la Polic\u00eda Boliviana, junto a las autoridades electas como el gobernador electo del departamento y el alcalde electo de la ciudad de Santa Cruz de la Sierra.<\/p>\n","protected":false},"excerpt":{"rendered":"<p>Santa Cruz, 3 de mayo de 2026.- La reuni\u00f3n de emergencia interinstitucional que fue convocada en Santa Cruz, en la que particip\u00f3 el Fiscal General del Estado, Roger Mariaca Montenegro, determin\u00f3 tomar tres medidas para combatir el crimen organizado debido a los asesinatos registrados en esa regi\u00f3n.&nbsp; Al cierre del encuentro, el Ministro de Gobierno,&#8230;<\/p>\n","protected":false},"author":6,"featured_media":11695,"comment_status":"closed","ping_status":"open","sticky":false,"template":"","format":"standard","meta":{"_jetpack_memberships_contains_paid_content":false,"footnotes":"","jetpack_publicize_message":"#emergencia INSTITUCIONES DEFIENDEN TRES MEDIDAS PARA COMBATIR EL CRIMEN ORGANIZADO","jetpack_publicize_feature_enabled":true,"jetpack_social_post_already_shared":true,"jetpack_social_options":{"image_generator_settings":{"template":"highway","enabled":false},"version":2}},"categories":[1],"tags":[],"class_list":["post-11696","post","type-post","status-publish","format-standard","has-post-thumbnail","hentry","category-bolivia"],"jetpack_publicize_connections":[],"yoast_head":"<!-- This site is optimized with the Yoast SEO plugin v23.4 - https:\/\/yoast.com\/wordpress\/plugins\/seo\/ -->\n<title>#emergencia INSTITUCIONES DEFIENDEN TRES MEDIDAS PARA COMBATIR EL CRIMEN ORGANIZADO - innoticiasbo.com<\/title>\n<meta name=\"robots\" content=\"index, follow, max-snippet:-1, max-image-preview:large, max-video-preview:-1\" \/>\n<link rel=\"canonical\" href=\"https:\/\/innoticiasbo.com\/index.php\/2026\/05\/03\/emergencia-instituciones-defienden-tres-medidas-para-combatir-el-crimen-organizado\/\" \/>\n<meta property=\"og:locale\" content=\"es_ES\" \/>\n<meta property=\"og:type\" content=\"article\" \/>\n<meta property=\"og:title\" content=\"#emergencia INSTITUCIONES DEFIENDEN TRES MEDIDAS PARA COMBATIR EL CRIMEN ORGANIZADO - innoticiasbo.com\" \/>\n<meta property=\"og:description\" content=\"Santa Cruz, 3 de mayo de 2026.- La reuni\u00f3n de emergencia interinstitucional que fue convocada en Santa Cruz, en la que particip\u00f3 el Fiscal General del Estado, Roger Mariaca Montenegro, determin\u00f3 tomar tres medidas para combatir el crimen organizado debido a los asesinatos registrados en esa regi\u00f3n.&nbsp; Al cierre del encuentro, el Ministro de Gobierno,...\" \/>\n<meta property=\"og:url\" content=\"https:\/\/innoticiasbo.com\/index.php\/2026\/05\/03\/emergencia-instituciones-defienden-tres-medidas-para-combatir-el-crimen-organizado\/\" \/>\n<meta property=\"og:site_name\" content=\"innoticiasbo.com\" \/>\n<meta property=\"article:publisher\" content=\"https:\/\/www.facebook.com\/innoticiasbolivia\" \/>\n<meta property=\"article:published_time\" content=\"2026-05-03T12:02:43+00:00\" \/>\n<meta property=\"og:image\" content=\"https:\/\/i0.wp.com\/innoticiasbo.com\/wp-content\/uploads\/2026\/05\/5d49e1da-bac3-4da6-a701-12e656cd5c00.jpg?fit=1280%2C960&ssl=1\" \/>\n\t<meta property=\"og:image:width\" content=\"1280\" \/>\n\t<meta property=\"og:image:height\" content=\"960\" \/>\n\t<meta property=\"og:image:type\" content=\"image\/jpeg\" \/>\n<meta name=\"author\" content=\"Eliza Riva\" \/>\n<meta name=\"twitter:card\" content=\"summary_large_image\" \/>\n<meta name=\"twitter:creator\" content=\"@innoticiasbo\" \/>\n<meta name=\"twitter:site\" content=\"@innoticiasbo\" \/>\n<meta name=\"twitter:label1\" content=\"Escrito por\" \/>\n\t<meta name=\"twitter:data1\" content=\"Eliza Riva\" \/>\n\t<meta name=\"twitter:label2\" content=\"Tiempo de lectura\" \/>\n\t<meta name=\"twitter:data2\" content=\"1 minuto\" \/>\n<script type=\"application\/ld+json\" class=\"yoast-schema-graph\">{\"@context\":\"https:\/\/schema.org\",\"@graph\":[{\"@type\":\"Article\",\"@id\":\"https:\/\/innoticiasbo.com\/index.php\/2026\/05\/03\/emergencia-instituciones-defienden-tres-medidas-para-combatir-el-crimen-organizado\/#article\",\"isPartOf\":{\"@id\":\"https:\/\/innoticiasbo.com\/index.php\/2026\/05\/03\/emergencia-instituciones-defienden-tres-medidas-para-combatir-el-crimen-organizado\/\"},\"author\":{\"name\":\"Eliza Riva\",\"@id\":\"https:\/\/innoticiasbo.com\/#\/schema\/person\/8c935b6b11c0223d8f77dc01fc948202\"},\"headline\":\"#emergencia INSTITUCIONES DEFIENDEN TRES MEDIDAS PARA COMBATIR EL CRIMEN ORGANIZADO\",\"datePublished\":\"2026-05-03T12:02:43+00:00\",\"dateModified\":\"2026-05-03T12:02:43+00:00\",\"mainEntityOfPage\":{\"@id\":\"https:\/\/innoticiasbo.com\/index.php\/2026\/05\/03\/emergencia-instituciones-defienden-tres-medidas-para-combatir-el-crimen-organizado\/\"},\"wordCount\":243,\"publisher\":{\"@id\":\"https:\/\/innoticiasbo.com\/#organization\"},\"image\":{\"@id\":\"https:\/\/innoticiasbo.com\/index.php\/2026\/05\/03\/emergencia-instituciones-defienden-tres-medidas-para-combatir-el-crimen-organizado\/#primaryimage\"},\"thumbnailUrl\":\"https:\/\/i0.wp.com\/innoticiasbo.com\/wp-content\/uploads\/2026\/05\/5d49e1da-bac3-4da6-a701-12e656cd5c00.jpg?fit=1280%2C960&ssl=1\",\"articleSection\":[\"Bolivia\"],\"inLanguage\":\"es\"},{\"@type\":\"WebPage\",\"@id\":\"https:\/\/innoticiasbo.com\/index.php\/2026\/05\/03\/emergencia-instituciones-defienden-tres-medidas-para-combatir-el-crimen-organizado\/\",\"url\":\"https:\/\/innoticiasbo.com\/index.php\/2026\/05\/03\/emergencia-instituciones-defienden-tres-medidas-para-combatir-el-crimen-organizado\/\",\"name\":\"#emergencia INSTITUCIONES DEFIENDEN TRES MEDIDAS PARA COMBATIR EL CRIMEN ORGANIZADO - innoticiasbo.com\",\"isPartOf\":{\"@id\":\"https:\/\/innoticiasbo.com\/#website\"},\"primaryImageOfPage\":{\"@id\":\"https:\/\/innoticiasbo.com\/index.php\/2026\/05\/03\/emergencia-instituciones-defienden-tres-medidas-para-combatir-el-crimen-organizado\/#primaryimage\"},\"image\":{\"@id\":\"https:\/\/innoticiasbo.com\/index.php\/2026\/05\/03\/emergencia-instituciones-defienden-tres-medidas-para-combatir-el-crimen-organizado\/#primaryimage\"},\"thumbnailUrl\":\"https:\/\/i0.wp.com\/innoticiasbo.com\/wp-content\/uploads\/2026\/05\/5d49e1da-bac3-4da6-a701-12e656cd5c00.jpg?fit=1280%2C960&ssl=1\",\"datePublished\":\"2026-05-03T12:02:43+00:00\",\"dateModified\":\"2026-05-03T12:02:43+00:00\",\"breadcrumb\":{\"@id\":\"https:\/\/innoticiasbo.com\/index.php\/2026\/05\/03\/emergencia-instituciones-defienden-tres-medidas-para-combatir-el-crimen-organizado\/#breadcrumb\"},\"inLanguage\":\"es\",\"potentialAction\":[{\"@type\":\"ReadAction\",\"target\":[\"https:\/\/innoticiasbo.com\/index.php\/2026\/05\/03\/emergencia-instituciones-defienden-tres-medidas-para-combatir-el-crimen-organizado\/\"]}]},{\"@type\":\"ImageObject\",\"inLanguage\":\"es\",\"@id\":\"https:\/\/innoticiasbo.com\/index.php\/2026\/05\/03\/emergencia-instituciones-defienden-tres-medidas-para-combatir-el-crimen-organizado\/#primaryimage\",\"url\":\"https:\/\/i0.wp.com\/innoticiasbo.com\/wp-content\/uploads\/2026\/05\/5d49e1da-bac3-4da6-a701-12e656cd5c00.jpg?fit=1280%2C960&ssl=1\",\"contentUrl\":\"https:\/\/i0.wp.com\/innoticiasbo.com\/wp-content\/uploads\/2026\/05\/5d49e1da-bac3-4da6-a701-12e656cd5c00.jpg?fit=1280%2C960&ssl=1\",\"width\":1280,\"height\":960},{\"@type\":\"BreadcrumbList\",\"@id\":\"https:\/\/innoticiasbo.com\/index.php\/2026\/05\/03\/emergencia-instituciones-defienden-tres-medidas-para-combatir-el-crimen-organizado\/#breadcrumb\",\"itemListElement\":[{\"@type\":\"ListItem\",\"position\":1,\"name\":\"Portada\",\"item\":\"https:\/\/innoticiasbo.com\/\"},{\"@type\":\"ListItem\",\"position\":2,\"name\":\"#emergencia INSTITUCIONES DEFIENDEN TRES MEDIDAS PARA COMBATIR EL CRIMEN ORGANIZADO\"}]},{\"@type\":\"WebSite\",\"@id\":\"https:\/\/innoticiasbo.com\/#website\",\"url\":\"https:\/\/innoticiasbo.com\/\",\"name\":\"innoticiasbo.com\",\"description\":\"\",\"publisher\":{\"@id\":\"https:\/\/innoticiasbo.com\/#organization\"},\"potentialAction\":[{\"@type\":\"SearchAction\",\"target\":{\"@type\":\"EntryPoint\",\"urlTemplate\":\"https:\/\/innoticiasbo.com\/?s={search_term_string}\"},\"query-input\":{\"@type\":\"PropertyValueSpecification\",\"valueRequired\":true,\"valueName\":\"search_term_string\"}}],\"inLanguage\":\"es\"},{\"@type\":\"Organization\",\"@id\":\"https:\/\/innoticiasbo.com\/#organization\",\"name\":\"innoticiasbo.com\",\"url\":\"https:\/\/innoticiasbo.com\/\",\"logo\":{\"@type\":\"ImageObject\",\"inLanguage\":\"es\",\"@id\":\"https:\/\/innoticiasbo.com\/#\/schema\/logo\/image\/\",\"url\":\"https:\/\/i0.wp.com\/innoticiasbo.com\/wp-content\/uploads\/2026\/04\/cropped-IN-LOGO.png?fit=1476%2C1476&ssl=1\",\"contentUrl\":\"https:\/\/i0.wp.com\/innoticiasbo.com\/wp-content\/uploads\/2026\/04\/cropped-IN-LOGO.png?fit=1476%2C1476&ssl=1\",\"width\":1476,\"height\":1476,\"caption\":\"innoticiasbo.com\"},\"image\":{\"@id\":\"https:\/\/innoticiasbo.com\/#\/schema\/logo\/image\/\"},\"sameAs\":[\"https:\/\/www.facebook.com\/innoticiasbolivia\",\"https:\/\/x.com\/innoticiasbo\",\"https:\/\/www.instagram.com\/innoticiasbo\",\"https:\/\/www.youtube.com\/innoticiasbo\"]},{\"@type\":\"Person\",\"@id\":\"https:\/\/innoticiasbo.com\/#\/schema\/person\/8c935b6b11c0223d8f77dc01fc948202\",\"name\":\"Eliza Riva\",\"image\":{\"@type\":\"ImageObject\",\"inLanguage\":\"es\",\"@id\":\"https:\/\/innoticiasbo.com\/#\/schema\/person\/image\/\",\"url\":\"https:\/\/secure.gravatar.com\/avatar\/fdc172c2af344133d19e57e4b7acdee4?s=96&d=mm&r=g\",\"contentUrl\":\"https:\/\/secure.gravatar.com\/avatar\/fdc172c2af344133d19e57e4b7acdee4?s=96&d=mm&r=g\",\"caption\":\"Eliza Riva\"},\"sameAs\":[\"http:\/\/www.innoticiasbo.com\"],\"url\":\"https:\/\/innoticiasbo.com\/index.php\/author\/prensa-4\/\"}]}<\/script>\n<!-- \/ Yoast SEO plugin. -->","yoast_head_json":{"title":"#emergencia INSTITUCIONES DEFIENDEN TRES MEDIDAS PARA COMBATIR EL CRIMEN ORGANIZADO - innoticiasbo.com","robots":{"index":"index","follow":"follow","max-snippet":"max-snippet:-1","max-image-preview":"max-image-preview:large","max-video-preview":"max-video-preview:-1"},"canonical":"https:\/\/innoticiasbo.com\/index.php\/2026\/05\/03\/emergencia-instituciones-defienden-tres-medidas-para-combatir-el-crimen-organizado\/","og_locale":"es_ES","og_type":"article","og_title":"#emergencia INSTITUCIONES DEFIENDEN TRES MEDIDAS PARA COMBATIR EL CRIMEN ORGANIZADO - innoticiasbo.com","og_description":"Santa Cruz, 3 de mayo de 2026.- La reuni\u00f3n de emergencia interinstitucional que fue convocada en Santa Cruz, en la que particip\u00f3 el Fiscal General del Estado, Roger Mariaca Montenegro, determin\u00f3 tomar tres medidas para combatir el crimen organizado debido a los asesinatos registrados en esa regi\u00f3n.&nbsp; Al cierre del encuentro, el Ministro de Gobierno,...","og_url":"https:\/\/innoticiasbo.com\/index.php\/2026\/05\/03\/emergencia-instituciones-defienden-tres-medidas-para-combatir-el-crimen-organizado\/","og_site_name":"innoticiasbo.com","article_publisher":"https:\/\/www.facebook.com\/innoticiasbolivia","article_published_time":"2026-05-03T12:02:43+00:00","og_image":[{"width":1280,"height":960,"url":"https:\/\/i0.wp.com\/innoticiasbo.com\/wp-content\/uploads\/2026\/05\/5d49e1da-bac3-4da6-a701-12e656cd5c00.jpg?fit=1280%2C960&ssl=1","type":"image\/jpeg"}],"author":"Eliza Riva","twitter_card":"summary_large_image","twitter_creator":"@innoticiasbo","twitter_site":"@innoticiasbo","twitter_misc":{"Escrito por":"Eliza Riva","Tiempo de lectura":"1 minuto"},"schema":{"@context":"https:\/\/schema.org","@graph":[{"@type":"Article","@id":"https:\/\/innoticiasbo.com\/index.php\/2026\/05\/03\/emergencia-instituciones-defienden-tres-medidas-para-combatir-el-crimen-organizado\/#article","isPartOf":{"@id":"https:\/\/innoticiasbo.com\/index.php\/2026\/05\/03\/emergencia-instituciones-defienden-tres-medidas-para-combatir-el-crimen-organizado\/"},"author":{"name":"Eliza Riva","@id":"https:\/\/innoticiasbo.com\/#\/schema\/person\/8c935b6b11c0223d8f77dc01fc948202"},"headline":"#emergencia INSTITUCIONES DEFIENDEN TRES MEDIDAS PARA COMBATIR EL CRIMEN ORGANIZADO","datePublished":"2026-05-03T12:02:43+00:00","dateModified":"2026-05-03T12:02:43+00:00","mainEntityOfPage":{"@id":"https:\/\/innoticiasbo.com\/index.php\/2026\/05\/03\/emergencia-instituciones-defienden-tres-medidas-para-combatir-el-crimen-organizado\/"},"wordCount":243,"publisher":{"@id":"https:\/\/innoticiasbo.com\/#organization"},"image":{"@id":"https:\/\/innoticiasbo.com\/index.php\/2026\/05\/03\/emergencia-instituciones-defienden-tres-medidas-para-combatir-el-crimen-organizado\/#primaryimage"},"thumbnailUrl":"https:\/\/i0.wp.com\/innoticiasbo.com\/wp-content\/uploads\/2026\/05\/5d49e1da-bac3-4da6-a701-12e656cd5c00.jpg?fit=1280%2C960&ssl=1","articleSection":["Bolivia"],"inLanguage":"es"},{"@type":"WebPage","@id":"https:\/\/innoticiasbo.com\/index.php\/2026\/05\/03\/emergencia-instituciones-defienden-tres-medidas-para-combatir-el-crimen-organizado\/","url":"https:\/\/innoticiasbo.com\/index.php\/2026\/05\/03\/emergencia-instituciones-defienden-tres-medidas-para-combatir-el-crimen-organizado\/","name":"#emergencia INSTITUCIONES DEFIENDEN TRES MEDIDAS PARA COMBATIR EL CRIMEN ORGANIZADO - innoticiasbo.com","isPartOf":{"@id":"https:\/\/innoticiasbo.com\/#website"},"primaryImageOfPage":{"@id":"https:\/\/innoticiasbo.com\/index.php\/2026\/05\/03\/emergencia-instituciones-defienden-tres-medidas-para-combatir-el-crimen-organizado\/#primaryimage"},"image":{"@id":"https:\/\/innoticiasbo.com\/index.php\/2026\/05\/03\/emergencia-instituciones-defienden-tres-medidas-para-combatir-el-crimen-organizado\/#primaryimage"},"thumbnailUrl":"https:\/\/i0.wp.com\/innoticiasbo.com\/wp-content\/uploads\/2026\/05\/5d49e1da-bac3-4da6-a701-12e656cd5c00.jpg?fit=1280%2C960&ssl=1","datePublished":"2026-05-03T12:02:43+00:00","dateModified":"2026-05-03T12:02:43+00:00","breadcrumb":{"@id":"https:\/\/innoticiasbo.com\/index.php\/2026\/05\/03\/emergencia-instituciones-defienden-tres-medidas-para-combatir-el-crimen-organizado\/#breadcrumb"},"inLanguage":"es","potentialAction":[{"@type":"ReadAction","target":["https:\/\/innoticiasbo.com\/index.php\/2026\/05\/03\/emergencia-instituciones-defienden-tres-medidas-para-combatir-el-crimen-organizado\/"]}]},{"@type":"ImageObject","inLanguage":"es","@id":"https:\/\/innoticiasbo.com\/index.php\/2026\/05\/03\/emergencia-instituciones-defienden-tres-medidas-para-combatir-el-crimen-organizado\/#primaryimage","url":"https:\/\/i0.wp.com\/innoticiasbo.com\/wp-content\/uploads\/2026\/05\/5d49e1da-bac3-4da6-a701-12e656cd5c00.jpg?fit=1280%2C960&ssl=1","contentUrl":"https:\/\/i0.wp.com\/innoticiasbo.com\/wp-content\/uploads\/2026\/05\/5d49e1da-bac3-4da6-a701-12e656cd5c00.jpg?fit=1280%2C960&ssl=1","width":1280,"height":960},{"@type":"BreadcrumbList","@id":"https:\/\/innoticiasbo.com\/index.php\/2026\/05\/03\/emergencia-instituciones-defienden-tres-medidas-para-combatir-el-crimen-organizado\/#breadcrumb","itemListElement":[{"@type":"ListItem","position":1,"name":"Portada","item":"https:\/\/innoticiasbo.com\/"},{"@type":"ListItem","position":2,"name":"#emergencia INSTITUCIONES DEFIENDEN TRES MEDIDAS PARA COMBATIR EL CRIMEN ORGANIZADO"}]},{"@type":"WebSite","@id":"https:\/\/innoticiasbo.com\/#website","url":"https:\/\/innoticiasbo.com\/","name":"innoticiasbo.com","description":"","publisher":{"@id":"https:\/\/innoticiasbo.com\/#organization"},"potentialAction":[{"@type":"SearchAction","target":{"@type":"EntryPoint","urlTemplate":"https:\/\/innoticiasbo.com\/?s={search_term_string}"},"query-input":{"@type":"PropertyValueSpecification","valueRequired":true,"valueName":"search_term_string"}}],"inLanguage":"es"},{"@type":"Organization","@id":"https:\/\/innoticiasbo.com\/#organization","name":"innoticiasbo.com","url":"https:\/\/innoticiasbo.com\/","logo":{"@type":"ImageObject","inLanguage":"es","@id":"https:\/\/innoticiasbo.com\/#\/schema\/logo\/image\/","url":"https:\/\/i0.wp.com\/innoticiasbo.com\/wp-content\/uploads\/2026\/04\/cropped-IN-LOGO.png?fit=1476%2C1476&ssl=1","contentUrl":"https:\/\/i0.wp.com\/innoticiasbo.com\/wp-content\/uploads\/2026\/04\/cropped-IN-LOGO.png?fit=1476%2C1476&ssl=1","width":1476,"height":1476,"caption":"innoticiasbo.com"},"image":{"@id":"https:\/\/innoticiasbo.com\/#\/schema\/logo\/image\/"},"sameAs":["https:\/\/www.facebook.com\/innoticiasbolivia","https:\/\/x.com\/innoticiasbo","https:\/\/www.instagram.com\/innoticiasbo","https:\/\/www.youtube.com\/innoticiasbo"]},{"@type":"Person","@id":"https:\/\/innoticiasbo.com\/#\/schema\/person\/8c935b6b11c0223d8f77dc01fc948202","name":"Eliza Riva","image":{"@type":"ImageObject","inLanguage":"es","@id":"https:\/\/innoticiasbo.com\/#\/schema\/person\/image\/","url":"https:\/\/secure.gravatar.com\/avatar\/fdc172c2af344133d19e57e4b7acdee4?s=96&d=mm&r=g","contentUrl":"https:\/\/secure.gravatar.com\/avatar\/fdc172c2af344133d19e57e4b7acdee4?s=96&d=mm&r=g","caption":"Eliza Riva"},"sameAs":["http:\/\/www.innoticiasbo.com"],"url":"https:\/\/innoticiasbo.com\/index.php\/author\/prensa-4\/"}]}},"jetpack_featured_media_url":"https:\/\/i0.wp.com\/innoticiasbo.com\/wp-content\/uploads\/2026\/05\/5d49e1da-bac3-4da6-a701-12e656cd5c00.jpg?fit=1280%2C960&ssl=1","jetpack_likes_enabled":true,"jetpack_sharing_enabled":true,"jetpack_shortlink":"https:\/\/wp.me\/pg298x-32E","_links":{"self":[{"href":"https:\/\/innoticiasbo.com\/index.php\/wp-json\/wp\/v2\/posts\/11696","targetHints":{"allow":["GET"]}}],"collection":[{"href":"https:\/\/innoticiasbo.com\/index.php\/wp-json\/wp\/v2\/posts"}],"about":[{"href":"https:\/\/innoticiasbo.com\/index.php\/wp-json\/wp\/v2\/types\/post"}],"author":[{"embeddable":true,"href":"https:\/\/innoticiasbo.com\/index.php\/wp-json\/wp\/v2\/users\/6"}],"replies":[{"embeddable":true,"href":"https:\/\/innoticiasbo.com\/index.php\/wp-json\/wp\/v2\/comments?post=11696"}],"version-history":[{"count":1,"href":"https:\/\/innoticiasbo.com\/index.php\/wp-json\/wp\/v2\/posts\/11696\/revisions"}],"predecessor-version":[{"id":11697,"href":"https:\/\/innoticiasbo.com\/index.php\/wp-json\/wp\/v2\/posts\/11696\/revisions\/11697"}],"wp:featuredmedia":[{"embeddable":true,"href":"https:\/\/innoticiasbo.com\/index.php\/wp-json\/wp\/v2\/media\/11695"}],"wp:attachment":[{"href":"https:\/\/innoticiasbo.com\/index.php\/wp-json\/wp\/v2\/media?parent=11696"}],"wp:term":[{"taxonomy":"category","embeddable":true,"href":"https:\/\/innoticiasbo.com\/index.php\/wp-json\/wp\/v2\/categories?post=11696"},{"taxonomy":"post_tag","embeddable":true,"href":"https:\/\/innoticiasbo.com\/index.php\/wp-json\/wp\/v2\/tags?post=11696"}],"curies":[{"name":"wp","href":"https:\/\/api.w.org\/{rel}","templated":true}]}}