{"id":11689,"date":"2026-05-01T21:11:54","date_gmt":"2026-05-02T01:11:54","guid":{"rendered":"https:\/\/innoticiasbo.com\/?p=11689"},"modified":"2026-05-01T21:11:54","modified_gmt":"2026-05-02T01:11:54","slug":"no-vamos-a-ceder-vocero-insiste-en-el-dialogo-y-dice-que-pedidos-de-renuncia-rayan-en-la-conspiracion","status":"publish","type":"post","link":"https:\/\/innoticiasbo.com\/index.php\/2026\/05\/01\/no-vamos-a-ceder-vocero-insiste-en-el-dialogo-y-dice-que-pedidos-de-renuncia-rayan-en-la-conspiracion\/","title":{"rendered":"\u201cNO VAMOS A CEDER\u201d: VOCERO INSISTE EN EL DI\u00c1LOGO Y DICE QUE PEDIDOS DE RENUNCIA \u201cRAYAN EN LA CONSPIRACI\u00d3N\u201d"},"content":{"rendered":"\n<figure class=\"wp-block-image size-large\"><img data-recalc-dims=\"1\" loading=\"lazy\" decoding=\"async\" width=\"640\" height=\"360\" src=\"https:\/\/i0.wp.com\/innoticiasbo.com\/wp-content\/uploads\/2026\/05\/image-16.png?resize=640%2C360&#038;ssl=1\" alt=\"\" class=\"wp-image-11690\" srcset=\"https:\/\/i0.wp.com\/innoticiasbo.com\/wp-content\/uploads\/2026\/05\/image-16.png?resize=1024%2C576&amp;ssl=1 1024w, https:\/\/i0.wp.com\/innoticiasbo.com\/wp-content\/uploads\/2026\/05\/image-16.png?resize=300%2C169&amp;ssl=1 300w, https:\/\/i0.wp.com\/innoticiasbo.com\/wp-content\/uploads\/2026\/05\/image-16.png?resize=768%2C432&amp;ssl=1 768w, https:\/\/i0.wp.com\/innoticiasbo.com\/wp-content\/uploads\/2026\/05\/image-16.png?w=1200&amp;ssl=1 1200w\" sizes=\"auto, (max-width: 640px) 100vw, 640px\" \/><\/figure>\n\n\n\n<p><strong>La Paz, 1 de Mayo de 2026.-<\/strong> Tras el anuncio de paro general indefinido de la COB, el Gobierno afirma que esa organizaci\u00f3n \u201cno representa a la gran Bolivia\u201d<\/p>\n\n\n\n<p>Despu\u00e9s de que el cabildo de la Central Obrera Boliviana (COB) declarara \u201cparo general indefinido\u201d desde el s\u00e1bado 2 de mayo, el vocero presidencial Jos\u00e9 Luis G\u00e1lvez volvi\u00f3 a convocar al di\u00e1logo, pero tambi\u00e9n ratific\u00f3 que el Gobierno no ceder\u00e1 en su prop\u00f3sito de hacer cambios en el pa\u00eds.<\/p>\n\n\n\n<p>En una conferencia de prensa realizada la noche de este viernes, el funcionario pidi\u00f3 a los dirigentes sindicales, que cogobernaron con el Movimiento Al Socialismo (MAS) durante casi 20 a\u00f1os, dejar trabajar al pa\u00eds porque es la \u00fanica forma de salir de la \u201ccrisis heredada\u201d.<\/p>\n\n\n\n<p>Consider\u00f3 que, mediante ese cabildo realizado en El Alto, qued\u00f3 \u201cclaramente establecido\u201d que el sector movilizado \u201cno representa a todos los bolivianos que quieren trabajar\u201d.<\/p>\n\n\n\n<p>\u201cSe sale adelante y se avanza trabajando, no parando, no bloqueando (\u2026). Ellos no representan a la gran Bolivia, a los hombres y mujeres que hemos decidido trabajar\u201d, afirm\u00f3.<\/p>\n\n\n\n<p>Dijo que los bolivianos no pueden ceder \u201cante la imposici\u00f3n\u201d o \u201cante el capricho de volver al pasado\u201d.<\/p>\n\n\n\n<p>\u201cPor lo tanto, lo que vamos a hacer es recalcar el mensaje que el se\u00f1or presidente (Rodrigo Paz) dio anoche: es tiempo de conversar, de sentarnos en la mesa a construir la soluci\u00f3n a los problemas que enfrentamos. Nosotros volvemos a reiterar la invitaci\u00f3n al di\u00e1logo, a la construcci\u00f3n conjunta de soluciones\u201d, se\u00f1al\u00f3.<\/p>\n\n\n\n<p>Renuncia<\/p>\n\n\n\n<p>El vocero tambi\u00e9n conden\u00f3 los pedidos de renuncia del presidente Paz, que han surgido en los \u00faltimos d\u00edas en medio de un panorama de conflictos.<\/p>\n\n\n\n<p>\u201cLamentamos profundamente la falta de vocaci\u00f3n democr\u00e1tica de aquellos que se atreven a pedir la renuncia de autoridades electas constitucionalmente. Eso no es correcto, eso raya en la conspiraci\u00f3n, no es lo que el pueblo boliviano espera, no es la manera de guiar al pueblo boliviano\u201d, afirm\u00f3.<\/p>\n\n\n\n<p>\u201cLa respuesta ah\u00ed ser\u00e1 contundente, (\u2026) la respuesta es que no vamos a ceder en nuestro prop\u00f3sito de cambiar el pa\u00eds, porque los bolivianos merecemos una mejor vida\u201d, continu\u00f3.<\/p>\n\n\n\n<p>Fuente: El Deber<\/p>\n","protected":false},"excerpt":{"rendered":"<p>La Paz, 1 de Mayo de 2026.- Tras el anuncio de paro general indefinido de la COB, el Gobierno afirma que esa organizaci\u00f3n \u201cno representa a la gran Bolivia\u201d Despu\u00e9s de que el cabildo de la Central Obrera Boliviana (COB) declarara \u201cparo general indefinido\u201d desde el s\u00e1bado 2 de mayo, el vocero presidencial Jos\u00e9 Luis&#8230;<\/p>\n","protected":false},"author":11,"featured_media":11690,"comment_status":"open","ping_status":"open","sticky":false,"template":"","format":"standard","meta":{"_jetpack_memberships_contains_paid_content":false,"footnotes":"","jetpack_publicize_message":"","jetpack_publicize_feature_enabled":true,"jetpack_social_post_already_shared":true,"jetpack_social_options":{"image_generator_settings":{"template":"highway","enabled":false},"version":2}},"categories":[1,3],"tags":[7,174,2740,10],"class_list":["post-11689","post","type-post","status-publish","format-standard","has-post-thumbnail","hentry","category-bolivia","category-politica","tag-bolivia","tag-cob","tag-paro-nacional","tag-politica"],"jetpack_publicize_connections":[],"yoast_head":"<!-- This site is optimized with the Yoast SEO plugin v23.4 - https:\/\/yoast.com\/wordpress\/plugins\/seo\/ -->\n<title>\u201cNO VAMOS A CEDER\u201d: VOCERO INSISTE EN EL DI\u00c1LOGO Y DICE QUE PEDIDOS DE RENUNCIA \u201cRAYAN EN LA CONSPIRACI\u00d3N\u201d - innoticiasbo.com<\/title>\n<meta name=\"robots\" content=\"index, follow, max-snippet:-1, max-image-preview:large, max-video-preview:-1\" \/>\n<link rel=\"canonical\" href=\"https:\/\/innoticiasbo.com\/index.php\/2026\/05\/01\/no-vamos-a-ceder-vocero-insiste-en-el-dialogo-y-dice-que-pedidos-de-renuncia-rayan-en-la-conspiracion\/\" \/>\n<meta property=\"og:locale\" content=\"es_ES\" \/>\n<meta property=\"og:type\" content=\"article\" \/>\n<meta property=\"og:title\" content=\"\u201cNO VAMOS A CEDER\u201d: VOCERO INSISTE EN EL DI\u00c1LOGO Y DICE QUE PEDIDOS DE RENUNCIA \u201cRAYAN EN LA CONSPIRACI\u00d3N\u201d - innoticiasbo.com\" \/>\n<meta property=\"og:description\" content=\"La Paz, 1 de Mayo de 2026.- Tras el anuncio de paro general indefinido de la COB, el Gobierno afirma que esa organizaci\u00f3n \u201cno representa a la gran Bolivia\u201d Despu\u00e9s de que el cabildo de la Central Obrera Boliviana (COB) declarara \u201cparo general indefinido\u201d desde el s\u00e1bado 2 de mayo, el vocero presidencial Jos\u00e9 Luis...\" \/>\n<meta property=\"og:url\" content=\"https:\/\/innoticiasbo.com\/index.php\/2026\/05\/01\/no-vamos-a-ceder-vocero-insiste-en-el-dialogo-y-dice-que-pedidos-de-renuncia-rayan-en-la-conspiracion\/\" \/>\n<meta property=\"og:site_name\" content=\"innoticiasbo.com\" \/>\n<meta property=\"article:publisher\" content=\"https:\/\/www.facebook.com\/innoticiasbolivia\" \/>\n<meta property=\"article:published_time\" content=\"2026-05-02T01:11:54+00:00\" \/>\n<meta property=\"og:image\" content=\"https:\/\/innoticiasbo.com\/wp-content\/uploads\/2026\/05\/image-16.png\" \/>\n\t<meta property=\"og:image:width\" content=\"1200\" \/>\n\t<meta property=\"og:image:height\" content=\"675\" \/>\n\t<meta property=\"og:image:type\" content=\"image\/png\" \/>\n<meta name=\"author\" content=\"Prensa 11\" \/>\n<meta name=\"twitter:card\" content=\"summary_large_image\" \/>\n<meta name=\"twitter:creator\" content=\"@innoticiasbo\" \/>\n<meta name=\"twitter:site\" content=\"@innoticiasbo\" \/>\n<meta name=\"twitter:label1\" content=\"Escrito por\" \/>\n\t<meta name=\"twitter:data1\" content=\"Prensa 11\" \/>\n\t<meta name=\"twitter:label2\" content=\"Tiempo de lectura\" \/>\n\t<meta name=\"twitter:data2\" content=\"3 minutos\" \/>\n<script type=\"application\/ld+json\" class=\"yoast-schema-graph\">{\"@context\":\"https:\/\/schema.org\",\"@graph\":[{\"@type\":\"Article\",\"@id\":\"https:\/\/innoticiasbo.com\/index.php\/2026\/05\/01\/no-vamos-a-ceder-vocero-insiste-en-el-dialogo-y-dice-que-pedidos-de-renuncia-rayan-en-la-conspiracion\/#article\",\"isPartOf\":{\"@id\":\"https:\/\/innoticiasbo.com\/index.php\/2026\/05\/01\/no-vamos-a-ceder-vocero-insiste-en-el-dialogo-y-dice-que-pedidos-de-renuncia-rayan-en-la-conspiracion\/\"},\"author\":{\"name\":\"Prensa 11\",\"@id\":\"https:\/\/innoticiasbo.com\/#\/schema\/person\/0b28481e8d0316f83a13bc702311def5\"},\"headline\":\"\u201cNO VAMOS A CEDER\u201d: VOCERO INSISTE EN EL DI\u00c1LOGO Y DICE QUE PEDIDOS DE RENUNCIA \u201cRAYAN EN LA CONSPIRACI\u00d3N\u201d\",\"datePublished\":\"2026-05-02T01:11:54+00:00\",\"dateModified\":\"2026-05-02T01:11:54+00:00\",\"mainEntityOfPage\":{\"@id\":\"https:\/\/innoticiasbo.com\/index.php\/2026\/05\/01\/no-vamos-a-ceder-vocero-insiste-en-el-dialogo-y-dice-que-pedidos-de-renuncia-rayan-en-la-conspiracion\/\"},\"wordCount\":393,\"commentCount\":0,\"publisher\":{\"@id\":\"https:\/\/innoticiasbo.com\/#organization\"},\"image\":{\"@id\":\"https:\/\/innoticiasbo.com\/index.php\/2026\/05\/01\/no-vamos-a-ceder-vocero-insiste-en-el-dialogo-y-dice-que-pedidos-de-renuncia-rayan-en-la-conspiracion\/#primaryimage\"},\"thumbnailUrl\":\"https:\/\/i0.wp.com\/innoticiasbo.com\/wp-content\/uploads\/2026\/05\/image-16.png?fit=1200%2C675&ssl=1\",\"keywords\":[\"Bolivia\",\"COB\",\"Paro nacional\",\"Pol\u00edtica\"],\"articleSection\":[\"Bolivia\",\"Pol\u00edtica\"],\"inLanguage\":\"es\",\"potentialAction\":[{\"@type\":\"CommentAction\",\"name\":\"Comment\",\"target\":[\"https:\/\/innoticiasbo.com\/index.php\/2026\/05\/01\/no-vamos-a-ceder-vocero-insiste-en-el-dialogo-y-dice-que-pedidos-de-renuncia-rayan-en-la-conspiracion\/#respond\"]}]},{\"@type\":\"WebPage\",\"@id\":\"https:\/\/innoticiasbo.com\/index.php\/2026\/05\/01\/no-vamos-a-ceder-vocero-insiste-en-el-dialogo-y-dice-que-pedidos-de-renuncia-rayan-en-la-conspiracion\/\",\"url\":\"https:\/\/innoticiasbo.com\/index.php\/2026\/05\/01\/no-vamos-a-ceder-vocero-insiste-en-el-dialogo-y-dice-que-pedidos-de-renuncia-rayan-en-la-conspiracion\/\",\"name\":\"\u201cNO VAMOS A CEDER\u201d: VOCERO INSISTE EN EL DI\u00c1LOGO Y DICE QUE PEDIDOS DE RENUNCIA \u201cRAYAN EN LA CONSPIRACI\u00d3N\u201d - innoticiasbo.com\",\"isPartOf\":{\"@id\":\"https:\/\/innoticiasbo.com\/#website\"},\"primaryImageOfPage\":{\"@id\":\"https:\/\/innoticiasbo.com\/index.php\/2026\/05\/01\/no-vamos-a-ceder-vocero-insiste-en-el-dialogo-y-dice-que-pedidos-de-renuncia-rayan-en-la-conspiracion\/#primaryimage\"},\"image\":{\"@id\":\"https:\/\/innoticiasbo.com\/index.php\/2026\/05\/01\/no-vamos-a-ceder-vocero-insiste-en-el-dialogo-y-dice-que-pedidos-de-renuncia-rayan-en-la-conspiracion\/#primaryimage\"},\"thumbnailUrl\":\"https:\/\/i0.wp.com\/innoticiasbo.com\/wp-content\/uploads\/2026\/05\/image-16.png?fit=1200%2C675&ssl=1\",\"datePublished\":\"2026-05-02T01:11:54+00:00\",\"dateModified\":\"2026-05-02T01:11:54+00:00\",\"breadcrumb\":{\"@id\":\"https:\/\/innoticiasbo.com\/index.php\/2026\/05\/01\/no-vamos-a-ceder-vocero-insiste-en-el-dialogo-y-dice-que-pedidos-de-renuncia-rayan-en-la-conspiracion\/#breadcrumb\"},\"inLanguage\":\"es\",\"potentialAction\":[{\"@type\":\"ReadAction\",\"target\":[\"https:\/\/innoticiasbo.com\/index.php\/2026\/05\/01\/no-vamos-a-ceder-vocero-insiste-en-el-dialogo-y-dice-que-pedidos-de-renuncia-rayan-en-la-conspiracion\/\"]}]},{\"@type\":\"ImageObject\",\"inLanguage\":\"es\",\"@id\":\"https:\/\/innoticiasbo.com\/index.php\/2026\/05\/01\/no-vamos-a-ceder-vocero-insiste-en-el-dialogo-y-dice-que-pedidos-de-renuncia-rayan-en-la-conspiracion\/#primaryimage\",\"url\":\"https:\/\/i0.wp.com\/innoticiasbo.com\/wp-content\/uploads\/2026\/05\/image-16.png?fit=1200%2C675&ssl=1\",\"contentUrl\":\"https:\/\/i0.wp.com\/innoticiasbo.com\/wp-content\/uploads\/2026\/05\/image-16.png?fit=1200%2C675&ssl=1\",\"width\":1200,\"height\":675},{\"@type\":\"BreadcrumbList\",\"@id\":\"https:\/\/innoticiasbo.com\/index.php\/2026\/05\/01\/no-vamos-a-ceder-vocero-insiste-en-el-dialogo-y-dice-que-pedidos-de-renuncia-rayan-en-la-conspiracion\/#breadcrumb\",\"itemListElement\":[{\"@type\":\"ListItem\",\"position\":1,\"name\":\"Portada\",\"item\":\"https:\/\/innoticiasbo.com\/\"},{\"@type\":\"ListItem\",\"position\":2,\"name\":\"\u201cNO VAMOS A CEDER\u201d: VOCERO INSISTE EN EL DI\u00c1LOGO Y DICE QUE PEDIDOS DE RENUNCIA \u201cRAYAN EN LA CONSPIRACI\u00d3N\u201d\"}]},{\"@type\":\"WebSite\",\"@id\":\"https:\/\/innoticiasbo.com\/#website\",\"url\":\"https:\/\/innoticiasbo.com\/\",\"name\":\"innoticiasbo.com\",\"description\":\"\",\"publisher\":{\"@id\":\"https:\/\/innoticiasbo.com\/#organization\"},\"potentialAction\":[{\"@type\":\"SearchAction\",\"target\":{\"@type\":\"EntryPoint\",\"urlTemplate\":\"https:\/\/innoticiasbo.com\/?s={search_term_string}\"},\"query-input\":{\"@type\":\"PropertyValueSpecification\",\"valueRequired\":true,\"valueName\":\"search_term_string\"}}],\"inLanguage\":\"es\"},{\"@type\":\"Organization\",\"@id\":\"https:\/\/innoticiasbo.com\/#organization\",\"name\":\"innoticiasbo.com\",\"url\":\"https:\/\/innoticiasbo.com\/\",\"logo\":{\"@type\":\"ImageObject\",\"inLanguage\":\"es\",\"@id\":\"https:\/\/innoticiasbo.com\/#\/schema\/logo\/image\/\",\"url\":\"https:\/\/i0.wp.com\/innoticiasbo.com\/wp-content\/uploads\/2026\/04\/cropped-IN-LOGO.png?fit=1476%2C1476&ssl=1\",\"contentUrl\":\"https:\/\/i0.wp.com\/innoticiasbo.com\/wp-content\/uploads\/2026\/04\/cropped-IN-LOGO.png?fit=1476%2C1476&ssl=1\",\"width\":1476,\"height\":1476,\"caption\":\"innoticiasbo.com\"},\"image\":{\"@id\":\"https:\/\/innoticiasbo.com\/#\/schema\/logo\/image\/\"},\"sameAs\":[\"https:\/\/www.facebook.com\/innoticiasbolivia\",\"https:\/\/x.com\/innoticiasbo\",\"https:\/\/www.instagram.com\/innoticiasbo\",\"https:\/\/www.youtube.com\/innoticiasbo\"]},{\"@type\":\"Person\",\"@id\":\"https:\/\/innoticiasbo.com\/#\/schema\/person\/0b28481e8d0316f83a13bc702311def5\",\"name\":\"Prensa 11\",\"image\":{\"@type\":\"ImageObject\",\"inLanguage\":\"es\",\"@id\":\"https:\/\/innoticiasbo.com\/#\/schema\/person\/image\/\",\"url\":\"https:\/\/secure.gravatar.com\/avatar\/696560c17349f1807a610bf83832bad0?s=96&d=mm&r=g\",\"contentUrl\":\"https:\/\/secure.gravatar.com\/avatar\/696560c17349f1807a610bf83832bad0?s=96&d=mm&r=g\",\"caption\":\"Prensa 11\"},\"sameAs\":[\"http:\/\/www.innoticiasbo.com\"],\"url\":\"https:\/\/innoticiasbo.com\/index.php\/author\/prensa-11\/\"}]}<\/script>\n<!-- \/ Yoast SEO plugin. -->","yoast_head_json":{"title":"\u201cNO VAMOS A CEDER\u201d: VOCERO INSISTE EN EL DI\u00c1LOGO Y DICE QUE PEDIDOS DE RENUNCIA \u201cRAYAN EN LA CONSPIRACI\u00d3N\u201d - innoticiasbo.com","robots":{"index":"index","follow":"follow","max-snippet":"max-snippet:-1","max-image-preview":"max-image-preview:large","max-video-preview":"max-video-preview:-1"},"canonical":"https:\/\/innoticiasbo.com\/index.php\/2026\/05\/01\/no-vamos-a-ceder-vocero-insiste-en-el-dialogo-y-dice-que-pedidos-de-renuncia-rayan-en-la-conspiracion\/","og_locale":"es_ES","og_type":"article","og_title":"\u201cNO VAMOS A CEDER\u201d: VOCERO INSISTE EN EL DI\u00c1LOGO Y DICE QUE PEDIDOS DE RENUNCIA \u201cRAYAN EN LA CONSPIRACI\u00d3N\u201d - innoticiasbo.com","og_description":"La Paz, 1 de Mayo de 2026.- Tras el anuncio de paro general indefinido de la COB, el Gobierno afirma que esa organizaci\u00f3n \u201cno representa a la gran Bolivia\u201d Despu\u00e9s de que el cabildo de la Central Obrera Boliviana (COB) declarara \u201cparo general indefinido\u201d desde el s\u00e1bado 2 de mayo, el vocero presidencial Jos\u00e9 Luis...","og_url":"https:\/\/innoticiasbo.com\/index.php\/2026\/05\/01\/no-vamos-a-ceder-vocero-insiste-en-el-dialogo-y-dice-que-pedidos-de-renuncia-rayan-en-la-conspiracion\/","og_site_name":"innoticiasbo.com","article_publisher":"https:\/\/www.facebook.com\/innoticiasbolivia","article_published_time":"2026-05-02T01:11:54+00:00","og_image":[{"width":1200,"height":675,"url":"https:\/\/innoticiasbo.com\/wp-content\/uploads\/2026\/05\/image-16.png","type":"image\/png"}],"author":"Prensa 11","twitter_card":"summary_large_image","twitter_creator":"@innoticiasbo","twitter_site":"@innoticiasbo","twitter_misc":{"Escrito por":"Prensa 11","Tiempo de lectura":"3 minutos"},"schema":{"@context":"https:\/\/schema.org","@graph":[{"@type":"Article","@id":"https:\/\/innoticiasbo.com\/index.php\/2026\/05\/01\/no-vamos-a-ceder-vocero-insiste-en-el-dialogo-y-dice-que-pedidos-de-renuncia-rayan-en-la-conspiracion\/#article","isPartOf":{"@id":"https:\/\/innoticiasbo.com\/index.php\/2026\/05\/01\/no-vamos-a-ceder-vocero-insiste-en-el-dialogo-y-dice-que-pedidos-de-renuncia-rayan-en-la-conspiracion\/"},"author":{"name":"Prensa 11","@id":"https:\/\/innoticiasbo.com\/#\/schema\/person\/0b28481e8d0316f83a13bc702311def5"},"headline":"\u201cNO VAMOS A CEDER\u201d: VOCERO INSISTE EN EL DI\u00c1LOGO Y DICE QUE PEDIDOS DE RENUNCIA \u201cRAYAN EN LA CONSPIRACI\u00d3N\u201d","datePublished":"2026-05-02T01:11:54+00:00","dateModified":"2026-05-02T01:11:54+00:00","mainEntityOfPage":{"@id":"https:\/\/innoticiasbo.com\/index.php\/2026\/05\/01\/no-vamos-a-ceder-vocero-insiste-en-el-dialogo-y-dice-que-pedidos-de-renuncia-rayan-en-la-conspiracion\/"},"wordCount":393,"commentCount":0,"publisher":{"@id":"https:\/\/innoticiasbo.com\/#organization"},"image":{"@id":"https:\/\/innoticiasbo.com\/index.php\/2026\/05\/01\/no-vamos-a-ceder-vocero-insiste-en-el-dialogo-y-dice-que-pedidos-de-renuncia-rayan-en-la-conspiracion\/#primaryimage"},"thumbnailUrl":"https:\/\/i0.wp.com\/innoticiasbo.com\/wp-content\/uploads\/2026\/05\/image-16.png?fit=1200%2C675&ssl=1","keywords":["Bolivia","COB","Paro nacional","Pol\u00edtica"],"articleSection":["Bolivia","Pol\u00edtica"],"inLanguage":"es","potentialAction":[{"@type":"CommentAction","name":"Comment","target":["https:\/\/innoticiasbo.com\/index.php\/2026\/05\/01\/no-vamos-a-ceder-vocero-insiste-en-el-dialogo-y-dice-que-pedidos-de-renuncia-rayan-en-la-conspiracion\/#respond"]}]},{"@type":"WebPage","@id":"https:\/\/innoticiasbo.com\/index.php\/2026\/05\/01\/no-vamos-a-ceder-vocero-insiste-en-el-dialogo-y-dice-que-pedidos-de-renuncia-rayan-en-la-conspiracion\/","url":"https:\/\/innoticiasbo.com\/index.php\/2026\/05\/01\/no-vamos-a-ceder-vocero-insiste-en-el-dialogo-y-dice-que-pedidos-de-renuncia-rayan-en-la-conspiracion\/","name":"\u201cNO VAMOS A CEDER\u201d: VOCERO INSISTE EN EL DI\u00c1LOGO Y DICE QUE PEDIDOS DE RENUNCIA \u201cRAYAN EN LA CONSPIRACI\u00d3N\u201d - innoticiasbo.com","isPartOf":{"@id":"https:\/\/innoticiasbo.com\/#website"},"primaryImageOfPage":{"@id":"https:\/\/innoticiasbo.com\/index.php\/2026\/05\/01\/no-vamos-a-ceder-vocero-insiste-en-el-dialogo-y-dice-que-pedidos-de-renuncia-rayan-en-la-conspiracion\/#primaryimage"},"image":{"@id":"https:\/\/innoticiasbo.com\/index.php\/2026\/05\/01\/no-vamos-a-ceder-vocero-insiste-en-el-dialogo-y-dice-que-pedidos-de-renuncia-rayan-en-la-conspiracion\/#primaryimage"},"thumbnailUrl":"https:\/\/i0.wp.com\/innoticiasbo.com\/wp-content\/uploads\/2026\/05\/image-16.png?fit=1200%2C675&ssl=1","datePublished":"2026-05-02T01:11:54+00:00","dateModified":"2026-05-02T01:11:54+00:00","breadcrumb":{"@id":"https:\/\/innoticiasbo.com\/index.php\/2026\/05\/01\/no-vamos-a-ceder-vocero-insiste-en-el-dialogo-y-dice-que-pedidos-de-renuncia-rayan-en-la-conspiracion\/#breadcrumb"},"inLanguage":"es","potentialAction":[{"@type":"ReadAction","target":["https:\/\/innoticiasbo.com\/index.php\/2026\/05\/01\/no-vamos-a-ceder-vocero-insiste-en-el-dialogo-y-dice-que-pedidos-de-renuncia-rayan-en-la-conspiracion\/"]}]},{"@type":"ImageObject","inLanguage":"es","@id":"https:\/\/innoticiasbo.com\/index.php\/2026\/05\/01\/no-vamos-a-ceder-vocero-insiste-en-el-dialogo-y-dice-que-pedidos-de-renuncia-rayan-en-la-conspiracion\/#primaryimage","url":"https:\/\/i0.wp.com\/innoticiasbo.com\/wp-content\/uploads\/2026\/05\/image-16.png?fit=1200%2C675&ssl=1","contentUrl":"https:\/\/i0.wp.com\/innoticiasbo.com\/wp-content\/uploads\/2026\/05\/image-16.png?fit=1200%2C675&ssl=1","width":1200,"height":675},{"@type":"BreadcrumbList","@id":"https:\/\/innoticiasbo.com\/index.php\/2026\/05\/01\/no-vamos-a-ceder-vocero-insiste-en-el-dialogo-y-dice-que-pedidos-de-renuncia-rayan-en-la-conspiracion\/#breadcrumb","itemListElement":[{"@type":"ListItem","position":1,"name":"Portada","item":"https:\/\/innoticiasbo.com\/"},{"@type":"ListItem","position":2,"name":"\u201cNO VAMOS A CEDER\u201d: VOCERO INSISTE EN EL DI\u00c1LOGO Y DICE QUE PEDIDOS DE RENUNCIA \u201cRAYAN EN LA CONSPIRACI\u00d3N\u201d"}]},{"@type":"WebSite","@id":"https:\/\/innoticiasbo.com\/#website","url":"https:\/\/innoticiasbo.com\/","name":"innoticiasbo.com","description":"","publisher":{"@id":"https:\/\/innoticiasbo.com\/#organization"},"potentialAction":[{"@type":"SearchAction","target":{"@type":"EntryPoint","urlTemplate":"https:\/\/innoticiasbo.com\/?s={search_term_string}"},"query-input":{"@type":"PropertyValueSpecification","valueRequired":true,"valueName":"search_term_string"}}],"inLanguage":"es"},{"@type":"Organization","@id":"https:\/\/innoticiasbo.com\/#organization","name":"innoticiasbo.com","url":"https:\/\/innoticiasbo.com\/","logo":{"@type":"ImageObject","inLanguage":"es","@id":"https:\/\/innoticiasbo.com\/#\/schema\/logo\/image\/","url":"https:\/\/i0.wp.com\/innoticiasbo.com\/wp-content\/uploads\/2026\/04\/cropped-IN-LOGO.png?fit=1476%2C1476&ssl=1","contentUrl":"https:\/\/i0.wp.com\/innoticiasbo.com\/wp-content\/uploads\/2026\/04\/cropped-IN-LOGO.png?fit=1476%2C1476&ssl=1","width":1476,"height":1476,"caption":"innoticiasbo.com"},"image":{"@id":"https:\/\/innoticiasbo.com\/#\/schema\/logo\/image\/"},"sameAs":["https:\/\/www.facebook.com\/innoticiasbolivia","https:\/\/x.com\/innoticiasbo","https:\/\/www.instagram.com\/innoticiasbo","https:\/\/www.youtube.com\/innoticiasbo"]},{"@type":"Person","@id":"https:\/\/innoticiasbo.com\/#\/schema\/person\/0b28481e8d0316f83a13bc702311def5","name":"Prensa 11","image":{"@type":"ImageObject","inLanguage":"es","@id":"https:\/\/innoticiasbo.com\/#\/schema\/person\/image\/","url":"https:\/\/secure.gravatar.com\/avatar\/696560c17349f1807a610bf83832bad0?s=96&d=mm&r=g","contentUrl":"https:\/\/secure.gravatar.com\/avatar\/696560c17349f1807a610bf83832bad0?s=96&d=mm&r=g","caption":"Prensa 11"},"sameAs":["http:\/\/www.innoticiasbo.com"],"url":"https:\/\/innoticiasbo.com\/index.php\/author\/prensa-11\/"}]}},"jetpack_featured_media_url":"https:\/\/i0.wp.com\/innoticiasbo.com\/wp-content\/uploads\/2026\/05\/image-16.png?fit=1200%2C675&ssl=1","jetpack_likes_enabled":true,"jetpack_sharing_enabled":true,"jetpack_shortlink":"https:\/\/wp.me\/pg298x-32x","_links":{"self":[{"href":"https:\/\/innoticiasbo.com\/index.php\/wp-json\/wp\/v2\/posts\/11689","targetHints":{"allow":["GET"]}}],"collection":[{"href":"https:\/\/innoticiasbo.com\/index.php\/wp-json\/wp\/v2\/posts"}],"about":[{"href":"https:\/\/innoticiasbo.com\/index.php\/wp-json\/wp\/v2\/types\/post"}],"author":[{"embeddable":true,"href":"https:\/\/innoticiasbo.com\/index.php\/wp-json\/wp\/v2\/users\/11"}],"replies":[{"embeddable":true,"href":"https:\/\/innoticiasbo.com\/index.php\/wp-json\/wp\/v2\/comments?post=11689"}],"version-history":[{"count":1,"href":"https:\/\/innoticiasbo.com\/index.php\/wp-json\/wp\/v2\/posts\/11689\/revisions"}],"predecessor-version":[{"id":11691,"href":"https:\/\/innoticiasbo.com\/index.php\/wp-json\/wp\/v2\/posts\/11689\/revisions\/11691"}],"wp:featuredmedia":[{"embeddable":true,"href":"https:\/\/innoticiasbo.com\/index.php\/wp-json\/wp\/v2\/media\/11690"}],"wp:attachment":[{"href":"https:\/\/innoticiasbo.com\/index.php\/wp-json\/wp\/v2\/media?parent=11689"}],"wp:term":[{"taxonomy":"category","embeddable":true,"href":"https:\/\/innoticiasbo.com\/index.php\/wp-json\/wp\/v2\/categories?post=11689"},{"taxonomy":"post_tag","embeddable":true,"href":"https:\/\/innoticiasbo.com\/index.php\/wp-json\/wp\/v2\/tags?post=11689"}],"curies":[{"name":"wp","href":"https:\/\/api.w.org\/{rel}","templated":true}]}}