{"id":11677,"date":"2026-05-01T19:40:08","date_gmt":"2026-05-01T23:40:08","guid":{"rendered":"https:\/\/innoticiasbo.com\/?p=11677"},"modified":"2026-05-01T19:40:25","modified_gmt":"2026-05-01T23:40:25","slug":"aprehenden-al-piloto-del-avion-hercules-que-se-siniestro-en-el-alto","status":"publish","type":"post","link":"https:\/\/innoticiasbo.com\/index.php\/2026\/05\/01\/aprehenden-al-piloto-del-avion-hercules-que-se-siniestro-en-el-alto\/","title":{"rendered":"APREHENDEN AL PILOTO DEL AVI\u00d3N H\u00c9RCULES QUE SE SINIESTR\u00d3 EN EL ALTO"},"content":{"rendered":"\n<figure class=\"wp-block-image size-large\"><img data-recalc-dims=\"1\" loading=\"lazy\" decoding=\"async\" width=\"640\" height=\"782\" src=\"https:\/\/i0.wp.com\/innoticiasbo.com\/wp-content\/uploads\/2026\/05\/image-11.png?resize=640%2C782&#038;ssl=1\" alt=\"\" class=\"wp-image-11678\" srcset=\"https:\/\/i0.wp.com\/innoticiasbo.com\/wp-content\/uploads\/2026\/05\/image-11.png?resize=838%2C1024&amp;ssl=1 838w, https:\/\/i0.wp.com\/innoticiasbo.com\/wp-content\/uploads\/2026\/05\/image-11.png?resize=245%2C300&amp;ssl=1 245w, https:\/\/i0.wp.com\/innoticiasbo.com\/wp-content\/uploads\/2026\/05\/image-11.png?resize=768%2C939&amp;ssl=1 768w, https:\/\/i0.wp.com\/innoticiasbo.com\/wp-content\/uploads\/2026\/05\/image-11.png?w=1080&amp;ssl=1 1080w\" sizes=\"auto, (max-width: 640px) 100vw, 640px\" \/><figcaption class=\"wp-element-caption\">Foto: BTV<\/figcaption><\/figure>\n\n\n\n<p><strong>La Paz, 1 de Mayo de 2026.- <\/strong>El piloto del avi\u00f3n H\u00e9rcules que se accident\u00f3 el pasado 27 de febrero en la ciudad de El Alto fue aprehendido y trasladado a la Divisi\u00f3n Homicidios de la FELCC en La Paz, el individuo es investigado por los delitos de homicidio y lesiones culposas.<br>Fuente: BTV<\/p>\n\n\n\n<figure class=\"wp-block-image size-large\"><img data-recalc-dims=\"1\" loading=\"lazy\" decoding=\"async\" width=\"640\" height=\"782\" src=\"https:\/\/i0.wp.com\/innoticiasbo.com\/wp-content\/uploads\/2026\/05\/image-12.png?resize=640%2C782&#038;ssl=1\" alt=\"\" class=\"wp-image-11679\" srcset=\"https:\/\/i0.wp.com\/innoticiasbo.com\/wp-content\/uploads\/2026\/05\/image-12.png?resize=838%2C1024&amp;ssl=1 838w, https:\/\/i0.wp.com\/innoticiasbo.com\/wp-content\/uploads\/2026\/05\/image-12.png?resize=245%2C300&amp;ssl=1 245w, https:\/\/i0.wp.com\/innoticiasbo.com\/wp-content\/uploads\/2026\/05\/image-12.png?resize=768%2C939&amp;ssl=1 768w, https:\/\/i0.wp.com\/innoticiasbo.com\/wp-content\/uploads\/2026\/05\/image-12.png?w=1080&amp;ssl=1 1080w\" sizes=\"auto, (max-width: 640px) 100vw, 640px\" \/><figcaption class=\"wp-element-caption\">Foto: BTV<\/figcaption><\/figure>\n\n\n\n<p><\/p>\n","protected":false},"excerpt":{"rendered":"<p>La Paz, 1 de Mayo de 2026.- El piloto del avi\u00f3n H\u00e9rcules que se accident\u00f3 el pasado 27 de febrero en la ciudad de El Alto fue aprehendido y trasladado a la Divisi\u00f3n Homicidios de la FELCC en La Paz, el individuo es investigado por los delitos de homicidio y lesiones culposas.Fuente: BTV<\/p>\n","protected":false},"author":11,"featured_media":11678,"comment_status":"open","ping_status":"open","sticky":false,"template":"","format":"standard","meta":{"_jetpack_memberships_contains_paid_content":false,"footnotes":"","jetpack_publicize_message":"","jetpack_publicize_feature_enabled":true,"jetpack_social_post_already_shared":true,"jetpack_social_options":{"image_generator_settings":{"template":"highway","enabled":false},"version":2}},"categories":[1],"tags":[1217,626,1225,7,22,1221,2307],"class_list":["post-11677","post","type-post","status-publish","format-standard","has-post-thumbnail","hentry","category-bolivia","tag-accidente-aereo","tag-aprehendido","tag-avion-hercules","tag-bolivia","tag-innoticias","tag-siniestro","tag-siniestro-aereo"],"jetpack_publicize_connections":[],"yoast_head":"<!-- This site is optimized with the Yoast SEO plugin v23.4 - https:\/\/yoast.com\/wordpress\/plugins\/seo\/ -->\n<title>APREHENDEN AL PILOTO DEL AVI\u00d3N H\u00c9RCULES QUE SE SINIESTR\u00d3 EN EL ALTO - innoticiasbo.com<\/title>\n<meta name=\"robots\" content=\"index, follow, max-snippet:-1, max-image-preview:large, max-video-preview:-1\" \/>\n<link rel=\"canonical\" href=\"https:\/\/innoticiasbo.com\/index.php\/2026\/05\/01\/aprehenden-al-piloto-del-avion-hercules-que-se-siniestro-en-el-alto\/\" \/>\n<meta property=\"og:locale\" content=\"es_ES\" \/>\n<meta property=\"og:type\" content=\"article\" \/>\n<meta property=\"og:title\" content=\"APREHENDEN AL PILOTO DEL AVI\u00d3N H\u00c9RCULES QUE SE SINIESTR\u00d3 EN EL ALTO - innoticiasbo.com\" \/>\n<meta property=\"og:description\" content=\"La Paz, 1 de Mayo de 2026.- El piloto del avi\u00f3n H\u00e9rcules que se accident\u00f3 el pasado 27 de febrero en la ciudad de El Alto fue aprehendido y trasladado a la Divisi\u00f3n Homicidios de la FELCC en La Paz, el individuo es investigado por los delitos de homicidio y lesiones culposas.Fuente: BTV\" \/>\n<meta property=\"og:url\" content=\"https:\/\/innoticiasbo.com\/index.php\/2026\/05\/01\/aprehenden-al-piloto-del-avion-hercules-que-se-siniestro-en-el-alto\/\" \/>\n<meta property=\"og:site_name\" content=\"innoticiasbo.com\" \/>\n<meta property=\"article:publisher\" content=\"https:\/\/www.facebook.com\/innoticiasbolivia\" \/>\n<meta property=\"article:published_time\" content=\"2026-05-01T23:40:08+00:00\" \/>\n<meta property=\"article:modified_time\" content=\"2026-05-01T23:40:25+00:00\" \/>\n<meta property=\"og:image\" content=\"https:\/\/innoticiasbo.com\/wp-content\/uploads\/2026\/05\/image-11.png\" \/>\n\t<meta property=\"og:image:width\" content=\"1080\" \/>\n\t<meta property=\"og:image:height\" content=\"1320\" \/>\n\t<meta property=\"og:image:type\" content=\"image\/png\" \/>\n<meta name=\"author\" content=\"Prensa 11\" \/>\n<meta name=\"twitter:card\" content=\"summary_large_image\" \/>\n<meta name=\"twitter:creator\" content=\"@innoticiasbo\" \/>\n<meta name=\"twitter:site\" content=\"@innoticiasbo\" \/>\n<meta name=\"twitter:label1\" content=\"Escrito por\" \/>\n\t<meta name=\"twitter:data1\" content=\"Prensa 11\" \/>\n\t<meta name=\"twitter:label2\" content=\"Tiempo de lectura\" \/>\n\t<meta name=\"twitter:data2\" content=\"1 minuto\" \/>\n<script type=\"application\/ld+json\" class=\"yoast-schema-graph\">{\"@context\":\"https:\/\/schema.org\",\"@graph\":[{\"@type\":\"Article\",\"@id\":\"https:\/\/innoticiasbo.com\/index.php\/2026\/05\/01\/aprehenden-al-piloto-del-avion-hercules-que-se-siniestro-en-el-alto\/#article\",\"isPartOf\":{\"@id\":\"https:\/\/innoticiasbo.com\/index.php\/2026\/05\/01\/aprehenden-al-piloto-del-avion-hercules-que-se-siniestro-en-el-alto\/\"},\"author\":{\"name\":\"Prensa 11\",\"@id\":\"https:\/\/innoticiasbo.com\/#\/schema\/person\/0b28481e8d0316f83a13bc702311def5\"},\"headline\":\"APREHENDEN AL PILOTO DEL AVI\u00d3N H\u00c9RCULES QUE SE SINIESTR\u00d3 EN EL ALTO\",\"datePublished\":\"2026-05-01T23:40:08+00:00\",\"dateModified\":\"2026-05-01T23:40:25+00:00\",\"mainEntityOfPage\":{\"@id\":\"https:\/\/innoticiasbo.com\/index.php\/2026\/05\/01\/aprehenden-al-piloto-del-avion-hercules-que-se-siniestro-en-el-alto\/\"},\"wordCount\":73,\"commentCount\":0,\"publisher\":{\"@id\":\"https:\/\/innoticiasbo.com\/#organization\"},\"image\":{\"@id\":\"https:\/\/innoticiasbo.com\/index.php\/2026\/05\/01\/aprehenden-al-piloto-del-avion-hercules-que-se-siniestro-en-el-alto\/#primaryimage\"},\"thumbnailUrl\":\"https:\/\/i0.wp.com\/innoticiasbo.com\/wp-content\/uploads\/2026\/05\/image-11.png?fit=1080%2C1320&ssl=1\",\"keywords\":[\"accidente a\u00e9reo\",\"aprehendido\",\"avi\u00f3n H\u00e9rcules\",\"Bolivia\",\"innoticias\",\"siniestro\",\"siniestro a\u00e9reo\"],\"articleSection\":[\"Bolivia\"],\"inLanguage\":\"es\",\"potentialAction\":[{\"@type\":\"CommentAction\",\"name\":\"Comment\",\"target\":[\"https:\/\/innoticiasbo.com\/index.php\/2026\/05\/01\/aprehenden-al-piloto-del-avion-hercules-que-se-siniestro-en-el-alto\/#respond\"]}]},{\"@type\":\"WebPage\",\"@id\":\"https:\/\/innoticiasbo.com\/index.php\/2026\/05\/01\/aprehenden-al-piloto-del-avion-hercules-que-se-siniestro-en-el-alto\/\",\"url\":\"https:\/\/innoticiasbo.com\/index.php\/2026\/05\/01\/aprehenden-al-piloto-del-avion-hercules-que-se-siniestro-en-el-alto\/\",\"name\":\"APREHENDEN AL PILOTO DEL AVI\u00d3N H\u00c9RCULES QUE SE SINIESTR\u00d3 EN EL ALTO - innoticiasbo.com\",\"isPartOf\":{\"@id\":\"https:\/\/innoticiasbo.com\/#website\"},\"primaryImageOfPage\":{\"@id\":\"https:\/\/innoticiasbo.com\/index.php\/2026\/05\/01\/aprehenden-al-piloto-del-avion-hercules-que-se-siniestro-en-el-alto\/#primaryimage\"},\"image\":{\"@id\":\"https:\/\/innoticiasbo.com\/index.php\/2026\/05\/01\/aprehenden-al-piloto-del-avion-hercules-que-se-siniestro-en-el-alto\/#primaryimage\"},\"thumbnailUrl\":\"https:\/\/i0.wp.com\/innoticiasbo.com\/wp-content\/uploads\/2026\/05\/image-11.png?fit=1080%2C1320&ssl=1\",\"datePublished\":\"2026-05-01T23:40:08+00:00\",\"dateModified\":\"2026-05-01T23:40:25+00:00\",\"breadcrumb\":{\"@id\":\"https:\/\/innoticiasbo.com\/index.php\/2026\/05\/01\/aprehenden-al-piloto-del-avion-hercules-que-se-siniestro-en-el-alto\/#breadcrumb\"},\"inLanguage\":\"es\",\"potentialAction\":[{\"@type\":\"ReadAction\",\"target\":[\"https:\/\/innoticiasbo.com\/index.php\/2026\/05\/01\/aprehenden-al-piloto-del-avion-hercules-que-se-siniestro-en-el-alto\/\"]}]},{\"@type\":\"ImageObject\",\"inLanguage\":\"es\",\"@id\":\"https:\/\/innoticiasbo.com\/index.php\/2026\/05\/01\/aprehenden-al-piloto-del-avion-hercules-que-se-siniestro-en-el-alto\/#primaryimage\",\"url\":\"https:\/\/i0.wp.com\/innoticiasbo.com\/wp-content\/uploads\/2026\/05\/image-11.png?fit=1080%2C1320&ssl=1\",\"contentUrl\":\"https:\/\/i0.wp.com\/innoticiasbo.com\/wp-content\/uploads\/2026\/05\/image-11.png?fit=1080%2C1320&ssl=1\",\"width\":1080,\"height\":1320},{\"@type\":\"BreadcrumbList\",\"@id\":\"https:\/\/innoticiasbo.com\/index.php\/2026\/05\/01\/aprehenden-al-piloto-del-avion-hercules-que-se-siniestro-en-el-alto\/#breadcrumb\",\"itemListElement\":[{\"@type\":\"ListItem\",\"position\":1,\"name\":\"Portada\",\"item\":\"https:\/\/innoticiasbo.com\/\"},{\"@type\":\"ListItem\",\"position\":2,\"name\":\"APREHENDEN AL PILOTO DEL AVI\u00d3N H\u00c9RCULES QUE SE SINIESTR\u00d3 EN EL ALTO\"}]},{\"@type\":\"WebSite\",\"@id\":\"https:\/\/innoticiasbo.com\/#website\",\"url\":\"https:\/\/innoticiasbo.com\/\",\"name\":\"innoticiasbo.com\",\"description\":\"\",\"publisher\":{\"@id\":\"https:\/\/innoticiasbo.com\/#organization\"},\"potentialAction\":[{\"@type\":\"SearchAction\",\"target\":{\"@type\":\"EntryPoint\",\"urlTemplate\":\"https:\/\/innoticiasbo.com\/?s={search_term_string}\"},\"query-input\":{\"@type\":\"PropertyValueSpecification\",\"valueRequired\":true,\"valueName\":\"search_term_string\"}}],\"inLanguage\":\"es\"},{\"@type\":\"Organization\",\"@id\":\"https:\/\/innoticiasbo.com\/#organization\",\"name\":\"innoticiasbo.com\",\"url\":\"https:\/\/innoticiasbo.com\/\",\"logo\":{\"@type\":\"ImageObject\",\"inLanguage\":\"es\",\"@id\":\"https:\/\/innoticiasbo.com\/#\/schema\/logo\/image\/\",\"url\":\"https:\/\/i0.wp.com\/innoticiasbo.com\/wp-content\/uploads\/2026\/04\/cropped-IN-LOGO.png?fit=1476%2C1476&ssl=1\",\"contentUrl\":\"https:\/\/i0.wp.com\/innoticiasbo.com\/wp-content\/uploads\/2026\/04\/cropped-IN-LOGO.png?fit=1476%2C1476&ssl=1\",\"width\":1476,\"height\":1476,\"caption\":\"innoticiasbo.com\"},\"image\":{\"@id\":\"https:\/\/innoticiasbo.com\/#\/schema\/logo\/image\/\"},\"sameAs\":[\"https:\/\/www.facebook.com\/innoticiasbolivia\",\"https:\/\/x.com\/innoticiasbo\",\"https:\/\/www.instagram.com\/innoticiasbo\",\"https:\/\/www.youtube.com\/innoticiasbo\"]},{\"@type\":\"Person\",\"@id\":\"https:\/\/innoticiasbo.com\/#\/schema\/person\/0b28481e8d0316f83a13bc702311def5\",\"name\":\"Prensa 11\",\"image\":{\"@type\":\"ImageObject\",\"inLanguage\":\"es\",\"@id\":\"https:\/\/innoticiasbo.com\/#\/schema\/person\/image\/\",\"url\":\"https:\/\/secure.gravatar.com\/avatar\/696560c17349f1807a610bf83832bad0?s=96&d=mm&r=g\",\"contentUrl\":\"https:\/\/secure.gravatar.com\/avatar\/696560c17349f1807a610bf83832bad0?s=96&d=mm&r=g\",\"caption\":\"Prensa 11\"},\"sameAs\":[\"http:\/\/www.innoticiasbo.com\"],\"url\":\"https:\/\/innoticiasbo.com\/index.php\/author\/prensa-11\/\"}]}<\/script>\n<!-- \/ Yoast SEO plugin. -->","yoast_head_json":{"title":"APREHENDEN AL PILOTO DEL AVI\u00d3N H\u00c9RCULES QUE SE SINIESTR\u00d3 EN EL ALTO - innoticiasbo.com","robots":{"index":"index","follow":"follow","max-snippet":"max-snippet:-1","max-image-preview":"max-image-preview:large","max-video-preview":"max-video-preview:-1"},"canonical":"https:\/\/innoticiasbo.com\/index.php\/2026\/05\/01\/aprehenden-al-piloto-del-avion-hercules-que-se-siniestro-en-el-alto\/","og_locale":"es_ES","og_type":"article","og_title":"APREHENDEN AL PILOTO DEL AVI\u00d3N H\u00c9RCULES QUE SE SINIESTR\u00d3 EN EL ALTO - innoticiasbo.com","og_description":"La Paz, 1 de Mayo de 2026.- El piloto del avi\u00f3n H\u00e9rcules que se accident\u00f3 el pasado 27 de febrero en la ciudad de El Alto fue aprehendido y trasladado a la Divisi\u00f3n Homicidios de la FELCC en La Paz, el individuo es investigado por los delitos de homicidio y lesiones culposas.Fuente: BTV","og_url":"https:\/\/innoticiasbo.com\/index.php\/2026\/05\/01\/aprehenden-al-piloto-del-avion-hercules-que-se-siniestro-en-el-alto\/","og_site_name":"innoticiasbo.com","article_publisher":"https:\/\/www.facebook.com\/innoticiasbolivia","article_published_time":"2026-05-01T23:40:08+00:00","article_modified_time":"2026-05-01T23:40:25+00:00","og_image":[{"width":1080,"height":1320,"url":"https:\/\/innoticiasbo.com\/wp-content\/uploads\/2026\/05\/image-11.png","type":"image\/png"}],"author":"Prensa 11","twitter_card":"summary_large_image","twitter_creator":"@innoticiasbo","twitter_site":"@innoticiasbo","twitter_misc":{"Escrito por":"Prensa 11","Tiempo de lectura":"1 minuto"},"schema":{"@context":"https:\/\/schema.org","@graph":[{"@type":"Article","@id":"https:\/\/innoticiasbo.com\/index.php\/2026\/05\/01\/aprehenden-al-piloto-del-avion-hercules-que-se-siniestro-en-el-alto\/#article","isPartOf":{"@id":"https:\/\/innoticiasbo.com\/index.php\/2026\/05\/01\/aprehenden-al-piloto-del-avion-hercules-que-se-siniestro-en-el-alto\/"},"author":{"name":"Prensa 11","@id":"https:\/\/innoticiasbo.com\/#\/schema\/person\/0b28481e8d0316f83a13bc702311def5"},"headline":"APREHENDEN AL PILOTO DEL AVI\u00d3N H\u00c9RCULES QUE SE SINIESTR\u00d3 EN EL ALTO","datePublished":"2026-05-01T23:40:08+00:00","dateModified":"2026-05-01T23:40:25+00:00","mainEntityOfPage":{"@id":"https:\/\/innoticiasbo.com\/index.php\/2026\/05\/01\/aprehenden-al-piloto-del-avion-hercules-que-se-siniestro-en-el-alto\/"},"wordCount":73,"commentCount":0,"publisher":{"@id":"https:\/\/innoticiasbo.com\/#organization"},"image":{"@id":"https:\/\/innoticiasbo.com\/index.php\/2026\/05\/01\/aprehenden-al-piloto-del-avion-hercules-que-se-siniestro-en-el-alto\/#primaryimage"},"thumbnailUrl":"https:\/\/i0.wp.com\/innoticiasbo.com\/wp-content\/uploads\/2026\/05\/image-11.png?fit=1080%2C1320&ssl=1","keywords":["accidente a\u00e9reo","aprehendido","avi\u00f3n H\u00e9rcules","Bolivia","innoticias","siniestro","siniestro a\u00e9reo"],"articleSection":["Bolivia"],"inLanguage":"es","potentialAction":[{"@type":"CommentAction","name":"Comment","target":["https:\/\/innoticiasbo.com\/index.php\/2026\/05\/01\/aprehenden-al-piloto-del-avion-hercules-que-se-siniestro-en-el-alto\/#respond"]}]},{"@type":"WebPage","@id":"https:\/\/innoticiasbo.com\/index.php\/2026\/05\/01\/aprehenden-al-piloto-del-avion-hercules-que-se-siniestro-en-el-alto\/","url":"https:\/\/innoticiasbo.com\/index.php\/2026\/05\/01\/aprehenden-al-piloto-del-avion-hercules-que-se-siniestro-en-el-alto\/","name":"APREHENDEN AL PILOTO DEL AVI\u00d3N H\u00c9RCULES QUE SE SINIESTR\u00d3 EN EL ALTO - innoticiasbo.com","isPartOf":{"@id":"https:\/\/innoticiasbo.com\/#website"},"primaryImageOfPage":{"@id":"https:\/\/innoticiasbo.com\/index.php\/2026\/05\/01\/aprehenden-al-piloto-del-avion-hercules-que-se-siniestro-en-el-alto\/#primaryimage"},"image":{"@id":"https:\/\/innoticiasbo.com\/index.php\/2026\/05\/01\/aprehenden-al-piloto-del-avion-hercules-que-se-siniestro-en-el-alto\/#primaryimage"},"thumbnailUrl":"https:\/\/i0.wp.com\/innoticiasbo.com\/wp-content\/uploads\/2026\/05\/image-11.png?fit=1080%2C1320&ssl=1","datePublished":"2026-05-01T23:40:08+00:00","dateModified":"2026-05-01T23:40:25+00:00","breadcrumb":{"@id":"https:\/\/innoticiasbo.com\/index.php\/2026\/05\/01\/aprehenden-al-piloto-del-avion-hercules-que-se-siniestro-en-el-alto\/#breadcrumb"},"inLanguage":"es","potentialAction":[{"@type":"ReadAction","target":["https:\/\/innoticiasbo.com\/index.php\/2026\/05\/01\/aprehenden-al-piloto-del-avion-hercules-que-se-siniestro-en-el-alto\/"]}]},{"@type":"ImageObject","inLanguage":"es","@id":"https:\/\/innoticiasbo.com\/index.php\/2026\/05\/01\/aprehenden-al-piloto-del-avion-hercules-que-se-siniestro-en-el-alto\/#primaryimage","url":"https:\/\/i0.wp.com\/innoticiasbo.com\/wp-content\/uploads\/2026\/05\/image-11.png?fit=1080%2C1320&ssl=1","contentUrl":"https:\/\/i0.wp.com\/innoticiasbo.com\/wp-content\/uploads\/2026\/05\/image-11.png?fit=1080%2C1320&ssl=1","width":1080,"height":1320},{"@type":"BreadcrumbList","@id":"https:\/\/innoticiasbo.com\/index.php\/2026\/05\/01\/aprehenden-al-piloto-del-avion-hercules-que-se-siniestro-en-el-alto\/#breadcrumb","itemListElement":[{"@type":"ListItem","position":1,"name":"Portada","item":"https:\/\/innoticiasbo.com\/"},{"@type":"ListItem","position":2,"name":"APREHENDEN AL PILOTO DEL AVI\u00d3N H\u00c9RCULES QUE SE SINIESTR\u00d3 EN EL ALTO"}]},{"@type":"WebSite","@id":"https:\/\/innoticiasbo.com\/#website","url":"https:\/\/innoticiasbo.com\/","name":"innoticiasbo.com","description":"","publisher":{"@id":"https:\/\/innoticiasbo.com\/#organization"},"potentialAction":[{"@type":"SearchAction","target":{"@type":"EntryPoint","urlTemplate":"https:\/\/innoticiasbo.com\/?s={search_term_string}"},"query-input":{"@type":"PropertyValueSpecification","valueRequired":true,"valueName":"search_term_string"}}],"inLanguage":"es"},{"@type":"Organization","@id":"https:\/\/innoticiasbo.com\/#organization","name":"innoticiasbo.com","url":"https:\/\/innoticiasbo.com\/","logo":{"@type":"ImageObject","inLanguage":"es","@id":"https:\/\/innoticiasbo.com\/#\/schema\/logo\/image\/","url":"https:\/\/i0.wp.com\/innoticiasbo.com\/wp-content\/uploads\/2026\/04\/cropped-IN-LOGO.png?fit=1476%2C1476&ssl=1","contentUrl":"https:\/\/i0.wp.com\/innoticiasbo.com\/wp-content\/uploads\/2026\/04\/cropped-IN-LOGO.png?fit=1476%2C1476&ssl=1","width":1476,"height":1476,"caption":"innoticiasbo.com"},"image":{"@id":"https:\/\/innoticiasbo.com\/#\/schema\/logo\/image\/"},"sameAs":["https:\/\/www.facebook.com\/innoticiasbolivia","https:\/\/x.com\/innoticiasbo","https:\/\/www.instagram.com\/innoticiasbo","https:\/\/www.youtube.com\/innoticiasbo"]},{"@type":"Person","@id":"https:\/\/innoticiasbo.com\/#\/schema\/person\/0b28481e8d0316f83a13bc702311def5","name":"Prensa 11","image":{"@type":"ImageObject","inLanguage":"es","@id":"https:\/\/innoticiasbo.com\/#\/schema\/person\/image\/","url":"https:\/\/secure.gravatar.com\/avatar\/696560c17349f1807a610bf83832bad0?s=96&d=mm&r=g","contentUrl":"https:\/\/secure.gravatar.com\/avatar\/696560c17349f1807a610bf83832bad0?s=96&d=mm&r=g","caption":"Prensa 11"},"sameAs":["http:\/\/www.innoticiasbo.com"],"url":"https:\/\/innoticiasbo.com\/index.php\/author\/prensa-11\/"}]}},"jetpack_featured_media_url":"https:\/\/i0.wp.com\/innoticiasbo.com\/wp-content\/uploads\/2026\/05\/image-11.png?fit=1080%2C1320&ssl=1","jetpack_likes_enabled":true,"jetpack_sharing_enabled":true,"jetpack_shortlink":"https:\/\/wp.me\/pg298x-32l","_links":{"self":[{"href":"https:\/\/innoticiasbo.com\/index.php\/wp-json\/wp\/v2\/posts\/11677","targetHints":{"allow":["GET"]}}],"collection":[{"href":"https:\/\/innoticiasbo.com\/index.php\/wp-json\/wp\/v2\/posts"}],"about":[{"href":"https:\/\/innoticiasbo.com\/index.php\/wp-json\/wp\/v2\/types\/post"}],"author":[{"embeddable":true,"href":"https:\/\/innoticiasbo.com\/index.php\/wp-json\/wp\/v2\/users\/11"}],"replies":[{"embeddable":true,"href":"https:\/\/innoticiasbo.com\/index.php\/wp-json\/wp\/v2\/comments?post=11677"}],"version-history":[{"count":1,"href":"https:\/\/innoticiasbo.com\/index.php\/wp-json\/wp\/v2\/posts\/11677\/revisions"}],"predecessor-version":[{"id":11680,"href":"https:\/\/innoticiasbo.com\/index.php\/wp-json\/wp\/v2\/posts\/11677\/revisions\/11680"}],"wp:featuredmedia":[{"embeddable":true,"href":"https:\/\/innoticiasbo.com\/index.php\/wp-json\/wp\/v2\/media\/11678"}],"wp:attachment":[{"href":"https:\/\/innoticiasbo.com\/index.php\/wp-json\/wp\/v2\/media?parent=11677"}],"wp:term":[{"taxonomy":"category","embeddable":true,"href":"https:\/\/innoticiasbo.com\/index.php\/wp-json\/wp\/v2\/categories?post=11677"},{"taxonomy":"post_tag","embeddable":true,"href":"https:\/\/innoticiasbo.com\/index.php\/wp-json\/wp\/v2\/tags?post=11677"}],"curies":[{"name":"wp","href":"https:\/\/api.w.org\/{rel}","templated":true}]}}