{"id":11675,"date":"2026-05-01T19:27:18","date_gmt":"2026-05-01T23:27:18","guid":{"rendered":"https:\/\/innoticiasbo.com\/?p=11675"},"modified":"2026-05-01T19:27:20","modified_gmt":"2026-05-01T23:27:20","slug":"el-magistrado-asesinado-vivia-en-cochabamba-viajo-a-santa-cruz-para-unas-olimpiadas","status":"publish","type":"post","link":"https:\/\/innoticiasbo.com\/index.php\/2026\/05\/01\/el-magistrado-asesinado-vivia-en-cochabamba-viajo-a-santa-cruz-para-unas-olimpiadas\/","title":{"rendered":"EL MAGISTRADO ASESINADO VIV\u00cdA EN COCHABAMBA, VIAJ\u00d3 A SANTA CRUZ PARA UNAS OLIMPIADAS"},"content":{"rendered":"\n<figure class=\"wp-block-image size-full\"><img data-recalc-dims=\"1\" loading=\"lazy\" decoding=\"async\" width=\"640\" height=\"357\" src=\"https:\/\/i0.wp.com\/innoticiasbo.com\/wp-content\/uploads\/2026\/05\/image.png?resize=640%2C357&#038;ssl=1\" alt=\"\" class=\"wp-image-11640\" srcset=\"https:\/\/i0.wp.com\/innoticiasbo.com\/wp-content\/uploads\/2026\/05\/image.png?w=770&amp;ssl=1 770w, https:\/\/i0.wp.com\/innoticiasbo.com\/wp-content\/uploads\/2026\/05\/image.png?resize=300%2C168&amp;ssl=1 300w, https:\/\/i0.wp.com\/innoticiasbo.com\/wp-content\/uploads\/2026\/05\/image.png?resize=768%2C429&amp;ssl=1 768w\" sizes=\"auto, (max-width: 640px) 100vw, 640px\" \/><\/figure>\n\n\n\n<p><strong>Cochabamba, 1 de Mayo de 2026.-<\/strong> El magistrado del Tribunal Agroambiental. V\u00edctor Hugo Claure se encontraba en Santa Cruz por las Olimpiadas Judiciales. Sali\u00f3 a cenar con cuatro personas y luego acompa\u00f1\u00f3 a una de ellas, cuando una motocicleta se aproxim\u00f3 y el acompa\u00f1ante del conductor de dicho motorizado dispar\u00f3 contra la autoridad.<\/p>\n\n\n\n<p><\/p>\n","protected":false},"excerpt":{"rendered":"<p>Cochabamba, 1 de Mayo de 2026.- El magistrado del Tribunal Agroambiental. V\u00edctor Hugo Claure se encontraba en Santa Cruz por las Olimpiadas Judiciales. Sali\u00f3 a cenar con cuatro personas y luego acompa\u00f1\u00f3 a una de ellas, cuando una motocicleta se aproxim\u00f3 y el acompa\u00f1ante del conductor de dicho motorizado dispar\u00f3 contra la autoridad.<\/p>\n","protected":false},"author":11,"featured_media":11640,"comment_status":"open","ping_status":"open","sticky":false,"template":"","format":"standard","meta":{"_jetpack_memberships_contains_paid_content":false,"footnotes":"","jetpack_publicize_message":"","jetpack_publicize_feature_enabled":true,"jetpack_social_post_already_shared":true,"jetpack_social_options":{"image_generator_settings":{"template":"highway","enabled":false},"version":2}},"categories":[15],"tags":[596,7,2810,167,235],"class_list":["post-11675","post","type-post","status-publish","format-standard","has-post-thumbnail","hentry","category-seguridad","tag-asesinato","tag-bolivia","tag-magistrado","tag-santa-cruz","tag-seguridad"],"jetpack_publicize_connections":[],"yoast_head":"<!-- This site is optimized with the Yoast SEO plugin v23.4 - https:\/\/yoast.com\/wordpress\/plugins\/seo\/ -->\n<title>EL MAGISTRADO ASESINADO VIV\u00cdA EN COCHABAMBA, VIAJ\u00d3 A SANTA CRUZ PARA UNAS OLIMPIADAS - innoticiasbo.com<\/title>\n<meta name=\"robots\" content=\"index, follow, max-snippet:-1, max-image-preview:large, max-video-preview:-1\" \/>\n<link rel=\"canonical\" href=\"https:\/\/innoticiasbo.com\/index.php\/2026\/05\/01\/el-magistrado-asesinado-vivia-en-cochabamba-viajo-a-santa-cruz-para-unas-olimpiadas\/\" \/>\n<meta property=\"og:locale\" content=\"es_ES\" \/>\n<meta property=\"og:type\" content=\"article\" \/>\n<meta property=\"og:title\" content=\"EL MAGISTRADO ASESINADO VIV\u00cdA EN COCHABAMBA, VIAJ\u00d3 A SANTA CRUZ PARA UNAS OLIMPIADAS - innoticiasbo.com\" \/>\n<meta property=\"og:description\" content=\"Cochabamba, 1 de Mayo de 2026.- El magistrado del Tribunal Agroambiental. V\u00edctor Hugo Claure se encontraba en Santa Cruz por las Olimpiadas Judiciales. Sali\u00f3 a cenar con cuatro personas y luego acompa\u00f1\u00f3 a una de ellas, cuando una motocicleta se aproxim\u00f3 y el acompa\u00f1ante del conductor de dicho motorizado dispar\u00f3 contra la autoridad.\" \/>\n<meta property=\"og:url\" content=\"https:\/\/innoticiasbo.com\/index.php\/2026\/05\/01\/el-magistrado-asesinado-vivia-en-cochabamba-viajo-a-santa-cruz-para-unas-olimpiadas\/\" \/>\n<meta property=\"og:site_name\" content=\"innoticiasbo.com\" \/>\n<meta property=\"article:publisher\" content=\"https:\/\/www.facebook.com\/innoticiasbolivia\" \/>\n<meta property=\"article:published_time\" content=\"2026-05-01T23:27:18+00:00\" \/>\n<meta property=\"article:modified_time\" content=\"2026-05-01T23:27:20+00:00\" \/>\n<meta property=\"og:image\" content=\"https:\/\/innoticiasbo.com\/wp-content\/uploads\/2026\/05\/image.png\" \/>\n\t<meta property=\"og:image:width\" content=\"770\" \/>\n\t<meta property=\"og:image:height\" content=\"430\" \/>\n\t<meta property=\"og:image:type\" content=\"image\/png\" \/>\n<meta name=\"author\" content=\"Prensa 11\" \/>\n<meta name=\"twitter:card\" content=\"summary_large_image\" \/>\n<meta name=\"twitter:creator\" content=\"@innoticiasbo\" \/>\n<meta name=\"twitter:site\" content=\"@innoticiasbo\" \/>\n<meta name=\"twitter:label1\" content=\"Escrito por\" \/>\n\t<meta name=\"twitter:data1\" content=\"Prensa 11\" \/>\n\t<meta name=\"twitter:label2\" content=\"Tiempo de lectura\" \/>\n\t<meta name=\"twitter:data2\" content=\"1 minuto\" \/>\n<script type=\"application\/ld+json\" class=\"yoast-schema-graph\">{\"@context\":\"https:\/\/schema.org\",\"@graph\":[{\"@type\":\"Article\",\"@id\":\"https:\/\/innoticiasbo.com\/index.php\/2026\/05\/01\/el-magistrado-asesinado-vivia-en-cochabamba-viajo-a-santa-cruz-para-unas-olimpiadas\/#article\",\"isPartOf\":{\"@id\":\"https:\/\/innoticiasbo.com\/index.php\/2026\/05\/01\/el-magistrado-asesinado-vivia-en-cochabamba-viajo-a-santa-cruz-para-unas-olimpiadas\/\"},\"author\":{\"name\":\"Prensa 11\",\"@id\":\"https:\/\/innoticiasbo.com\/#\/schema\/person\/0b28481e8d0316f83a13bc702311def5\"},\"headline\":\"EL MAGISTRADO ASESINADO VIV\u00cdA EN COCHABAMBA, VIAJ\u00d3 A SANTA CRUZ PARA UNAS OLIMPIADAS\",\"datePublished\":\"2026-05-01T23:27:18+00:00\",\"dateModified\":\"2026-05-01T23:27:20+00:00\",\"mainEntityOfPage\":{\"@id\":\"https:\/\/innoticiasbo.com\/index.php\/2026\/05\/01\/el-magistrado-asesinado-vivia-en-cochabamba-viajo-a-santa-cruz-para-unas-olimpiadas\/\"},\"wordCount\":68,\"commentCount\":0,\"publisher\":{\"@id\":\"https:\/\/innoticiasbo.com\/#organization\"},\"image\":{\"@id\":\"https:\/\/innoticiasbo.com\/index.php\/2026\/05\/01\/el-magistrado-asesinado-vivia-en-cochabamba-viajo-a-santa-cruz-para-unas-olimpiadas\/#primaryimage\"},\"thumbnailUrl\":\"https:\/\/i0.wp.com\/innoticiasbo.com\/wp-content\/uploads\/2026\/05\/image.png?fit=770%2C430&ssl=1\",\"keywords\":[\"Asesinato\",\"Bolivia\",\"magistrado\",\"Santa Cruz\",\"seguridad\"],\"articleSection\":[\"Seguridad\"],\"inLanguage\":\"es\",\"potentialAction\":[{\"@type\":\"CommentAction\",\"name\":\"Comment\",\"target\":[\"https:\/\/innoticiasbo.com\/index.php\/2026\/05\/01\/el-magistrado-asesinado-vivia-en-cochabamba-viajo-a-santa-cruz-para-unas-olimpiadas\/#respond\"]}]},{\"@type\":\"WebPage\",\"@id\":\"https:\/\/innoticiasbo.com\/index.php\/2026\/05\/01\/el-magistrado-asesinado-vivia-en-cochabamba-viajo-a-santa-cruz-para-unas-olimpiadas\/\",\"url\":\"https:\/\/innoticiasbo.com\/index.php\/2026\/05\/01\/el-magistrado-asesinado-vivia-en-cochabamba-viajo-a-santa-cruz-para-unas-olimpiadas\/\",\"name\":\"EL MAGISTRADO ASESINADO VIV\u00cdA EN COCHABAMBA, VIAJ\u00d3 A SANTA CRUZ PARA UNAS OLIMPIADAS - innoticiasbo.com\",\"isPartOf\":{\"@id\":\"https:\/\/innoticiasbo.com\/#website\"},\"primaryImageOfPage\":{\"@id\":\"https:\/\/innoticiasbo.com\/index.php\/2026\/05\/01\/el-magistrado-asesinado-vivia-en-cochabamba-viajo-a-santa-cruz-para-unas-olimpiadas\/#primaryimage\"},\"image\":{\"@id\":\"https:\/\/innoticiasbo.com\/index.php\/2026\/05\/01\/el-magistrado-asesinado-vivia-en-cochabamba-viajo-a-santa-cruz-para-unas-olimpiadas\/#primaryimage\"},\"thumbnailUrl\":\"https:\/\/i0.wp.com\/innoticiasbo.com\/wp-content\/uploads\/2026\/05\/image.png?fit=770%2C430&ssl=1\",\"datePublished\":\"2026-05-01T23:27:18+00:00\",\"dateModified\":\"2026-05-01T23:27:20+00:00\",\"breadcrumb\":{\"@id\":\"https:\/\/innoticiasbo.com\/index.php\/2026\/05\/01\/el-magistrado-asesinado-vivia-en-cochabamba-viajo-a-santa-cruz-para-unas-olimpiadas\/#breadcrumb\"},\"inLanguage\":\"es\",\"potentialAction\":[{\"@type\":\"ReadAction\",\"target\":[\"https:\/\/innoticiasbo.com\/index.php\/2026\/05\/01\/el-magistrado-asesinado-vivia-en-cochabamba-viajo-a-santa-cruz-para-unas-olimpiadas\/\"]}]},{\"@type\":\"ImageObject\",\"inLanguage\":\"es\",\"@id\":\"https:\/\/innoticiasbo.com\/index.php\/2026\/05\/01\/el-magistrado-asesinado-vivia-en-cochabamba-viajo-a-santa-cruz-para-unas-olimpiadas\/#primaryimage\",\"url\":\"https:\/\/i0.wp.com\/innoticiasbo.com\/wp-content\/uploads\/2026\/05\/image.png?fit=770%2C430&ssl=1\",\"contentUrl\":\"https:\/\/i0.wp.com\/innoticiasbo.com\/wp-content\/uploads\/2026\/05\/image.png?fit=770%2C430&ssl=1\",\"width\":770,\"height\":430},{\"@type\":\"BreadcrumbList\",\"@id\":\"https:\/\/innoticiasbo.com\/index.php\/2026\/05\/01\/el-magistrado-asesinado-vivia-en-cochabamba-viajo-a-santa-cruz-para-unas-olimpiadas\/#breadcrumb\",\"itemListElement\":[{\"@type\":\"ListItem\",\"position\":1,\"name\":\"Portada\",\"item\":\"https:\/\/innoticiasbo.com\/\"},{\"@type\":\"ListItem\",\"position\":2,\"name\":\"EL MAGISTRADO ASESINADO VIV\u00cdA EN COCHABAMBA, VIAJ\u00d3 A SANTA CRUZ PARA UNAS OLIMPIADAS\"}]},{\"@type\":\"WebSite\",\"@id\":\"https:\/\/innoticiasbo.com\/#website\",\"url\":\"https:\/\/innoticiasbo.com\/\",\"name\":\"innoticiasbo.com\",\"description\":\"\",\"publisher\":{\"@id\":\"https:\/\/innoticiasbo.com\/#organization\"},\"potentialAction\":[{\"@type\":\"SearchAction\",\"target\":{\"@type\":\"EntryPoint\",\"urlTemplate\":\"https:\/\/innoticiasbo.com\/?s={search_term_string}\"},\"query-input\":{\"@type\":\"PropertyValueSpecification\",\"valueRequired\":true,\"valueName\":\"search_term_string\"}}],\"inLanguage\":\"es\"},{\"@type\":\"Organization\",\"@id\":\"https:\/\/innoticiasbo.com\/#organization\",\"name\":\"innoticiasbo.com\",\"url\":\"https:\/\/innoticiasbo.com\/\",\"logo\":{\"@type\":\"ImageObject\",\"inLanguage\":\"es\",\"@id\":\"https:\/\/innoticiasbo.com\/#\/schema\/logo\/image\/\",\"url\":\"https:\/\/i0.wp.com\/innoticiasbo.com\/wp-content\/uploads\/2026\/04\/cropped-IN-LOGO.png?fit=1476%2C1476&ssl=1\",\"contentUrl\":\"https:\/\/i0.wp.com\/innoticiasbo.com\/wp-content\/uploads\/2026\/04\/cropped-IN-LOGO.png?fit=1476%2C1476&ssl=1\",\"width\":1476,\"height\":1476,\"caption\":\"innoticiasbo.com\"},\"image\":{\"@id\":\"https:\/\/innoticiasbo.com\/#\/schema\/logo\/image\/\"},\"sameAs\":[\"https:\/\/www.facebook.com\/innoticiasbolivia\",\"https:\/\/x.com\/innoticiasbo\",\"https:\/\/www.instagram.com\/innoticiasbo\",\"https:\/\/www.youtube.com\/innoticiasbo\"]},{\"@type\":\"Person\",\"@id\":\"https:\/\/innoticiasbo.com\/#\/schema\/person\/0b28481e8d0316f83a13bc702311def5\",\"name\":\"Prensa 11\",\"image\":{\"@type\":\"ImageObject\",\"inLanguage\":\"es\",\"@id\":\"https:\/\/innoticiasbo.com\/#\/schema\/person\/image\/\",\"url\":\"https:\/\/secure.gravatar.com\/avatar\/696560c17349f1807a610bf83832bad0?s=96&d=mm&r=g\",\"contentUrl\":\"https:\/\/secure.gravatar.com\/avatar\/696560c17349f1807a610bf83832bad0?s=96&d=mm&r=g\",\"caption\":\"Prensa 11\"},\"sameAs\":[\"http:\/\/www.innoticiasbo.com\"],\"url\":\"https:\/\/innoticiasbo.com\/index.php\/author\/prensa-11\/\"}]}<\/script>\n<!-- \/ Yoast SEO plugin. -->","yoast_head_json":{"title":"EL MAGISTRADO ASESINADO VIV\u00cdA EN COCHABAMBA, VIAJ\u00d3 A SANTA CRUZ PARA UNAS OLIMPIADAS - innoticiasbo.com","robots":{"index":"index","follow":"follow","max-snippet":"max-snippet:-1","max-image-preview":"max-image-preview:large","max-video-preview":"max-video-preview:-1"},"canonical":"https:\/\/innoticiasbo.com\/index.php\/2026\/05\/01\/el-magistrado-asesinado-vivia-en-cochabamba-viajo-a-santa-cruz-para-unas-olimpiadas\/","og_locale":"es_ES","og_type":"article","og_title":"EL MAGISTRADO ASESINADO VIV\u00cdA EN COCHABAMBA, VIAJ\u00d3 A SANTA CRUZ PARA UNAS OLIMPIADAS - innoticiasbo.com","og_description":"Cochabamba, 1 de Mayo de 2026.- El magistrado del Tribunal Agroambiental. V\u00edctor Hugo Claure se encontraba en Santa Cruz por las Olimpiadas Judiciales. Sali\u00f3 a cenar con cuatro personas y luego acompa\u00f1\u00f3 a una de ellas, cuando una motocicleta se aproxim\u00f3 y el acompa\u00f1ante del conductor de dicho motorizado dispar\u00f3 contra la autoridad.","og_url":"https:\/\/innoticiasbo.com\/index.php\/2026\/05\/01\/el-magistrado-asesinado-vivia-en-cochabamba-viajo-a-santa-cruz-para-unas-olimpiadas\/","og_site_name":"innoticiasbo.com","article_publisher":"https:\/\/www.facebook.com\/innoticiasbolivia","article_published_time":"2026-05-01T23:27:18+00:00","article_modified_time":"2026-05-01T23:27:20+00:00","og_image":[{"width":770,"height":430,"url":"https:\/\/innoticiasbo.com\/wp-content\/uploads\/2026\/05\/image.png","type":"image\/png"}],"author":"Prensa 11","twitter_card":"summary_large_image","twitter_creator":"@innoticiasbo","twitter_site":"@innoticiasbo","twitter_misc":{"Escrito por":"Prensa 11","Tiempo de lectura":"1 minuto"},"schema":{"@context":"https:\/\/schema.org","@graph":[{"@type":"Article","@id":"https:\/\/innoticiasbo.com\/index.php\/2026\/05\/01\/el-magistrado-asesinado-vivia-en-cochabamba-viajo-a-santa-cruz-para-unas-olimpiadas\/#article","isPartOf":{"@id":"https:\/\/innoticiasbo.com\/index.php\/2026\/05\/01\/el-magistrado-asesinado-vivia-en-cochabamba-viajo-a-santa-cruz-para-unas-olimpiadas\/"},"author":{"name":"Prensa 11","@id":"https:\/\/innoticiasbo.com\/#\/schema\/person\/0b28481e8d0316f83a13bc702311def5"},"headline":"EL MAGISTRADO ASESINADO VIV\u00cdA EN COCHABAMBA, VIAJ\u00d3 A SANTA CRUZ PARA UNAS OLIMPIADAS","datePublished":"2026-05-01T23:27:18+00:00","dateModified":"2026-05-01T23:27:20+00:00","mainEntityOfPage":{"@id":"https:\/\/innoticiasbo.com\/index.php\/2026\/05\/01\/el-magistrado-asesinado-vivia-en-cochabamba-viajo-a-santa-cruz-para-unas-olimpiadas\/"},"wordCount":68,"commentCount":0,"publisher":{"@id":"https:\/\/innoticiasbo.com\/#organization"},"image":{"@id":"https:\/\/innoticiasbo.com\/index.php\/2026\/05\/01\/el-magistrado-asesinado-vivia-en-cochabamba-viajo-a-santa-cruz-para-unas-olimpiadas\/#primaryimage"},"thumbnailUrl":"https:\/\/i0.wp.com\/innoticiasbo.com\/wp-content\/uploads\/2026\/05\/image.png?fit=770%2C430&ssl=1","keywords":["Asesinato","Bolivia","magistrado","Santa Cruz","seguridad"],"articleSection":["Seguridad"],"inLanguage":"es","potentialAction":[{"@type":"CommentAction","name":"Comment","target":["https:\/\/innoticiasbo.com\/index.php\/2026\/05\/01\/el-magistrado-asesinado-vivia-en-cochabamba-viajo-a-santa-cruz-para-unas-olimpiadas\/#respond"]}]},{"@type":"WebPage","@id":"https:\/\/innoticiasbo.com\/index.php\/2026\/05\/01\/el-magistrado-asesinado-vivia-en-cochabamba-viajo-a-santa-cruz-para-unas-olimpiadas\/","url":"https:\/\/innoticiasbo.com\/index.php\/2026\/05\/01\/el-magistrado-asesinado-vivia-en-cochabamba-viajo-a-santa-cruz-para-unas-olimpiadas\/","name":"EL MAGISTRADO ASESINADO VIV\u00cdA EN COCHABAMBA, VIAJ\u00d3 A SANTA CRUZ PARA UNAS OLIMPIADAS - innoticiasbo.com","isPartOf":{"@id":"https:\/\/innoticiasbo.com\/#website"},"primaryImageOfPage":{"@id":"https:\/\/innoticiasbo.com\/index.php\/2026\/05\/01\/el-magistrado-asesinado-vivia-en-cochabamba-viajo-a-santa-cruz-para-unas-olimpiadas\/#primaryimage"},"image":{"@id":"https:\/\/innoticiasbo.com\/index.php\/2026\/05\/01\/el-magistrado-asesinado-vivia-en-cochabamba-viajo-a-santa-cruz-para-unas-olimpiadas\/#primaryimage"},"thumbnailUrl":"https:\/\/i0.wp.com\/innoticiasbo.com\/wp-content\/uploads\/2026\/05\/image.png?fit=770%2C430&ssl=1","datePublished":"2026-05-01T23:27:18+00:00","dateModified":"2026-05-01T23:27:20+00:00","breadcrumb":{"@id":"https:\/\/innoticiasbo.com\/index.php\/2026\/05\/01\/el-magistrado-asesinado-vivia-en-cochabamba-viajo-a-santa-cruz-para-unas-olimpiadas\/#breadcrumb"},"inLanguage":"es","potentialAction":[{"@type":"ReadAction","target":["https:\/\/innoticiasbo.com\/index.php\/2026\/05\/01\/el-magistrado-asesinado-vivia-en-cochabamba-viajo-a-santa-cruz-para-unas-olimpiadas\/"]}]},{"@type":"ImageObject","inLanguage":"es","@id":"https:\/\/innoticiasbo.com\/index.php\/2026\/05\/01\/el-magistrado-asesinado-vivia-en-cochabamba-viajo-a-santa-cruz-para-unas-olimpiadas\/#primaryimage","url":"https:\/\/i0.wp.com\/innoticiasbo.com\/wp-content\/uploads\/2026\/05\/image.png?fit=770%2C430&ssl=1","contentUrl":"https:\/\/i0.wp.com\/innoticiasbo.com\/wp-content\/uploads\/2026\/05\/image.png?fit=770%2C430&ssl=1","width":770,"height":430},{"@type":"BreadcrumbList","@id":"https:\/\/innoticiasbo.com\/index.php\/2026\/05\/01\/el-magistrado-asesinado-vivia-en-cochabamba-viajo-a-santa-cruz-para-unas-olimpiadas\/#breadcrumb","itemListElement":[{"@type":"ListItem","position":1,"name":"Portada","item":"https:\/\/innoticiasbo.com\/"},{"@type":"ListItem","position":2,"name":"EL MAGISTRADO ASESINADO VIV\u00cdA EN COCHABAMBA, VIAJ\u00d3 A SANTA CRUZ PARA UNAS OLIMPIADAS"}]},{"@type":"WebSite","@id":"https:\/\/innoticiasbo.com\/#website","url":"https:\/\/innoticiasbo.com\/","name":"innoticiasbo.com","description":"","publisher":{"@id":"https:\/\/innoticiasbo.com\/#organization"},"potentialAction":[{"@type":"SearchAction","target":{"@type":"EntryPoint","urlTemplate":"https:\/\/innoticiasbo.com\/?s={search_term_string}"},"query-input":{"@type":"PropertyValueSpecification","valueRequired":true,"valueName":"search_term_string"}}],"inLanguage":"es"},{"@type":"Organization","@id":"https:\/\/innoticiasbo.com\/#organization","name":"innoticiasbo.com","url":"https:\/\/innoticiasbo.com\/","logo":{"@type":"ImageObject","inLanguage":"es","@id":"https:\/\/innoticiasbo.com\/#\/schema\/logo\/image\/","url":"https:\/\/i0.wp.com\/innoticiasbo.com\/wp-content\/uploads\/2026\/04\/cropped-IN-LOGO.png?fit=1476%2C1476&ssl=1","contentUrl":"https:\/\/i0.wp.com\/innoticiasbo.com\/wp-content\/uploads\/2026\/04\/cropped-IN-LOGO.png?fit=1476%2C1476&ssl=1","width":1476,"height":1476,"caption":"innoticiasbo.com"},"image":{"@id":"https:\/\/innoticiasbo.com\/#\/schema\/logo\/image\/"},"sameAs":["https:\/\/www.facebook.com\/innoticiasbolivia","https:\/\/x.com\/innoticiasbo","https:\/\/www.instagram.com\/innoticiasbo","https:\/\/www.youtube.com\/innoticiasbo"]},{"@type":"Person","@id":"https:\/\/innoticiasbo.com\/#\/schema\/person\/0b28481e8d0316f83a13bc702311def5","name":"Prensa 11","image":{"@type":"ImageObject","inLanguage":"es","@id":"https:\/\/innoticiasbo.com\/#\/schema\/person\/image\/","url":"https:\/\/secure.gravatar.com\/avatar\/696560c17349f1807a610bf83832bad0?s=96&d=mm&r=g","contentUrl":"https:\/\/secure.gravatar.com\/avatar\/696560c17349f1807a610bf83832bad0?s=96&d=mm&r=g","caption":"Prensa 11"},"sameAs":["http:\/\/www.innoticiasbo.com"],"url":"https:\/\/innoticiasbo.com\/index.php\/author\/prensa-11\/"}]}},"jetpack_featured_media_url":"https:\/\/i0.wp.com\/innoticiasbo.com\/wp-content\/uploads\/2026\/05\/image.png?fit=770%2C430&ssl=1","jetpack_likes_enabled":true,"jetpack_sharing_enabled":true,"jetpack_shortlink":"https:\/\/wp.me\/pg298x-32j","_links":{"self":[{"href":"https:\/\/innoticiasbo.com\/index.php\/wp-json\/wp\/v2\/posts\/11675","targetHints":{"allow":["GET"]}}],"collection":[{"href":"https:\/\/innoticiasbo.com\/index.php\/wp-json\/wp\/v2\/posts"}],"about":[{"href":"https:\/\/innoticiasbo.com\/index.php\/wp-json\/wp\/v2\/types\/post"}],"author":[{"embeddable":true,"href":"https:\/\/innoticiasbo.com\/index.php\/wp-json\/wp\/v2\/users\/11"}],"replies":[{"embeddable":true,"href":"https:\/\/innoticiasbo.com\/index.php\/wp-json\/wp\/v2\/comments?post=11675"}],"version-history":[{"count":1,"href":"https:\/\/innoticiasbo.com\/index.php\/wp-json\/wp\/v2\/posts\/11675\/revisions"}],"predecessor-version":[{"id":11676,"href":"https:\/\/innoticiasbo.com\/index.php\/wp-json\/wp\/v2\/posts\/11675\/revisions\/11676"}],"wp:featuredmedia":[{"embeddable":true,"href":"https:\/\/innoticiasbo.com\/index.php\/wp-json\/wp\/v2\/media\/11640"}],"wp:attachment":[{"href":"https:\/\/innoticiasbo.com\/index.php\/wp-json\/wp\/v2\/media?parent=11675"}],"wp:term":[{"taxonomy":"category","embeddable":true,"href":"https:\/\/innoticiasbo.com\/index.php\/wp-json\/wp\/v2\/categories?post=11675"},{"taxonomy":"post_tag","embeddable":true,"href":"https:\/\/innoticiasbo.com\/index.php\/wp-json\/wp\/v2\/tags?post=11675"}],"curies":[{"name":"wp","href":"https:\/\/api.w.org\/{rel}","templated":true}]}}