{"id":11671,"date":"2026-05-01T19:02:11","date_gmt":"2026-05-01T23:02:11","guid":{"rendered":"https:\/\/innoticiasbo.com\/?p=11671"},"modified":"2026-05-01T19:02:13","modified_gmt":"2026-05-01T23:02:13","slug":"diputada-es-captada-en-situacion-comprometedora-en-plena-via-publica","status":"publish","type":"post","link":"https:\/\/innoticiasbo.com\/index.php\/2026\/05\/01\/diputada-es-captada-en-situacion-comprometedora-en-plena-via-publica\/","title":{"rendered":"DIPUTADA ES CAPTADA EN SITUACI\u00d3N COMPROMETEDORA EN PLENA V\u00cdA P\u00daBLICA"},"content":{"rendered":"\n<figure class=\"wp-block-video\"><video controls src=\"https:\/\/innoticiasbo.com\/wp-content\/uploads\/2026\/05\/AQN9SKdWlAdoD-DolL93vkhpp4c4dtaxsegd5-SOu42Dm3TvMWSWzZ2j58nfVUgVUaSUCev_aNiVyjhRB9YPQovE3y_YfsL7h26I-yaccZNWJg.mp4\"><\/video><\/figure>\n\n\n\n<p><strong>La Paz, 1 de Mayo de 2026.\u2013<\/strong> La diputada alte\u00f1a del Partido Dem\u00f3crata Cristiano, Claudia Bilbao, se encuentra en el centro de la pol\u00e9mica tras la difusi\u00f3n de un video en el que aparece realizando sus necesidades biol\u00f3gicas en plena v\u00eda p\u00fablica.<br>En las im\u00e1genes, que r\u00e1pidamente se viralizaron en redes sociales, la parlamentaria luce con mixtura en la cabeza y presenta dificultades para mantenerse en pie, lo que ha llevado a especulaciones sobre un presunto estado inconveniente. El hecho ha generado una ola de cr\u00edticas por parte de la ciudadan\u00eda, quienes consideran que su conducta afecta no solo su imagen personal, sino tambi\u00e9n la investidura que representa.<br>Sin embargo, el caso tambi\u00e9n ha abierto otro frente de debate: sectores de opini\u00f3n cuestionan la filtraci\u00f3n del video, sugiriendo que podr\u00eda tratarse de una traici\u00f3n desde su entorno cercano.<br>Bilbao, conocida por cuestionar a figuras como Evo Morales y Edmand Lara, podr\u00eda enfrentar repercusiones pol\u00edticas a futuro, ya que este episodio podr\u00eda ser utilizado para cuestionar su autoridad moral en debates venideros.<\/p>\n","protected":false},"excerpt":{"rendered":"<p>La Paz, 1 de Mayo de 2026.\u2013 La diputada alte\u00f1a del Partido Dem\u00f3crata Cristiano, Claudia Bilbao, se encuentra en el centro de la pol\u00e9mica tras la difusi\u00f3n de un video en el que aparece realizando sus necesidades biol\u00f3gicas en plena v\u00eda p\u00fablica.En las im\u00e1genes, que r\u00e1pidamente se viralizaron en redes sociales, la parlamentaria luce con&#8230;<\/p>\n","protected":false},"author":11,"featured_media":11673,"comment_status":"open","ping_status":"open","sticky":false,"template":"","format":"standard","meta":{"_jetpack_memberships_contains_paid_content":false,"footnotes":"","jetpack_publicize_message":"","jetpack_publicize_feature_enabled":true,"jetpack_social_post_already_shared":true,"jetpack_social_options":{"image_generator_settings":{"template":"highway","enabled":false},"version":2}},"categories":[1],"tags":[59,7,2168,1129,2809,22,2542],"class_list":["post-11671","post","type-post","status-publish","format-standard","has-post-thumbnail","hentry","category-bolivia","tag-asamblea-legislativa","tag-bolivia","tag-claudia-bilbao","tag-el-avispero","tag-escandalo-politico","tag-innoticias","tag-partido-democrata-cristiano"],"jetpack_publicize_connections":[],"yoast_head":"<!-- This site is optimized with the Yoast SEO plugin v23.4 - https:\/\/yoast.com\/wordpress\/plugins\/seo\/ -->\n<title>DIPUTADA ES CAPTADA EN SITUACI\u00d3N COMPROMETEDORA EN PLENA V\u00cdA P\u00daBLICA - innoticiasbo.com<\/title>\n<meta name=\"robots\" content=\"index, follow, max-snippet:-1, max-image-preview:large, max-video-preview:-1\" \/>\n<link rel=\"canonical\" href=\"https:\/\/innoticiasbo.com\/index.php\/2026\/05\/01\/diputada-es-captada-en-situacion-comprometedora-en-plena-via-publica\/\" \/>\n<meta property=\"og:locale\" content=\"es_ES\" \/>\n<meta property=\"og:type\" content=\"article\" \/>\n<meta property=\"og:title\" content=\"DIPUTADA ES CAPTADA EN SITUACI\u00d3N COMPROMETEDORA EN PLENA V\u00cdA P\u00daBLICA - innoticiasbo.com\" \/>\n<meta property=\"og:description\" content=\"La Paz, 1 de Mayo de 2026.\u2013 La diputada alte\u00f1a del Partido Dem\u00f3crata Cristiano, Claudia Bilbao, se encuentra en el centro de la pol\u00e9mica tras la difusi\u00f3n de un video en el que aparece realizando sus necesidades biol\u00f3gicas en plena v\u00eda p\u00fablica.En las im\u00e1genes, que r\u00e1pidamente se viralizaron en redes sociales, la parlamentaria luce con...\" \/>\n<meta property=\"og:url\" content=\"https:\/\/innoticiasbo.com\/index.php\/2026\/05\/01\/diputada-es-captada-en-situacion-comprometedora-en-plena-via-publica\/\" \/>\n<meta property=\"og:site_name\" content=\"innoticiasbo.com\" \/>\n<meta property=\"article:publisher\" content=\"https:\/\/www.facebook.com\/innoticiasbolivia\" \/>\n<meta property=\"article:published_time\" content=\"2026-05-01T23:02:11+00:00\" \/>\n<meta property=\"article:modified_time\" content=\"2026-05-01T23:02:13+00:00\" \/>\n<meta property=\"og:image\" content=\"https:\/\/innoticiasbo.com\/wp-content\/uploads\/2026\/05\/image-10.png\" \/>\n\t<meta property=\"og:image:width\" content=\"406\" \/>\n\t<meta property=\"og:image:height\" content=\"223\" \/>\n\t<meta property=\"og:image:type\" content=\"image\/png\" \/>\n<meta name=\"author\" content=\"Prensa 11\" \/>\n<meta name=\"twitter:card\" content=\"summary_large_image\" \/>\n<meta name=\"twitter:creator\" content=\"@innoticiasbo\" \/>\n<meta name=\"twitter:site\" content=\"@innoticiasbo\" \/>\n<meta name=\"twitter:label1\" content=\"Escrito por\" \/>\n\t<meta name=\"twitter:data1\" content=\"Prensa 11\" \/>\n\t<meta name=\"twitter:label2\" content=\"Tiempo de lectura\" \/>\n\t<meta name=\"twitter:data2\" content=\"1 minuto\" \/>\n<script type=\"application\/ld+json\" class=\"yoast-schema-graph\">{\"@context\":\"https:\/\/schema.org\",\"@graph\":[{\"@type\":\"Article\",\"@id\":\"https:\/\/innoticiasbo.com\/index.php\/2026\/05\/01\/diputada-es-captada-en-situacion-comprometedora-en-plena-via-publica\/#article\",\"isPartOf\":{\"@id\":\"https:\/\/innoticiasbo.com\/index.php\/2026\/05\/01\/diputada-es-captada-en-situacion-comprometedora-en-plena-via-publica\/\"},\"author\":{\"name\":\"Prensa 11\",\"@id\":\"https:\/\/innoticiasbo.com\/#\/schema\/person\/0b28481e8d0316f83a13bc702311def5\"},\"headline\":\"DIPUTADA ES CAPTADA EN SITUACI\u00d3N COMPROMETEDORA EN PLENA V\u00cdA P\u00daBLICA\",\"datePublished\":\"2026-05-01T23:02:11+00:00\",\"dateModified\":\"2026-05-01T23:02:13+00:00\",\"mainEntityOfPage\":{\"@id\":\"https:\/\/innoticiasbo.com\/index.php\/2026\/05\/01\/diputada-es-captada-en-situacion-comprometedora-en-plena-via-publica\/\"},\"wordCount\":202,\"commentCount\":0,\"publisher\":{\"@id\":\"https:\/\/innoticiasbo.com\/#organization\"},\"image\":{\"@id\":\"https:\/\/innoticiasbo.com\/index.php\/2026\/05\/01\/diputada-es-captada-en-situacion-comprometedora-en-plena-via-publica\/#primaryimage\"},\"thumbnailUrl\":\"https:\/\/i0.wp.com\/innoticiasbo.com\/wp-content\/uploads\/2026\/05\/image-10.png?fit=406%2C223&ssl=1\",\"keywords\":[\"Asamblea Legislativa\",\"Bolivia\",\"Claudia Bilbao\",\"El Avispero\",\"Esc\u00e1ndalo Pol\u00edtico\",\"innoticias\",\"Partido Dem\u00f3crata Cristiano\"],\"articleSection\":[\"Bolivia\"],\"inLanguage\":\"es\",\"potentialAction\":[{\"@type\":\"CommentAction\",\"name\":\"Comment\",\"target\":[\"https:\/\/innoticiasbo.com\/index.php\/2026\/05\/01\/diputada-es-captada-en-situacion-comprometedora-en-plena-via-publica\/#respond\"]}]},{\"@type\":\"WebPage\",\"@id\":\"https:\/\/innoticiasbo.com\/index.php\/2026\/05\/01\/diputada-es-captada-en-situacion-comprometedora-en-plena-via-publica\/\",\"url\":\"https:\/\/innoticiasbo.com\/index.php\/2026\/05\/01\/diputada-es-captada-en-situacion-comprometedora-en-plena-via-publica\/\",\"name\":\"DIPUTADA ES CAPTADA EN SITUACI\u00d3N COMPROMETEDORA EN PLENA V\u00cdA P\u00daBLICA - innoticiasbo.com\",\"isPartOf\":{\"@id\":\"https:\/\/innoticiasbo.com\/#website\"},\"primaryImageOfPage\":{\"@id\":\"https:\/\/innoticiasbo.com\/index.php\/2026\/05\/01\/diputada-es-captada-en-situacion-comprometedora-en-plena-via-publica\/#primaryimage\"},\"image\":{\"@id\":\"https:\/\/innoticiasbo.com\/index.php\/2026\/05\/01\/diputada-es-captada-en-situacion-comprometedora-en-plena-via-publica\/#primaryimage\"},\"thumbnailUrl\":\"https:\/\/i0.wp.com\/innoticiasbo.com\/wp-content\/uploads\/2026\/05\/image-10.png?fit=406%2C223&ssl=1\",\"datePublished\":\"2026-05-01T23:02:11+00:00\",\"dateModified\":\"2026-05-01T23:02:13+00:00\",\"breadcrumb\":{\"@id\":\"https:\/\/innoticiasbo.com\/index.php\/2026\/05\/01\/diputada-es-captada-en-situacion-comprometedora-en-plena-via-publica\/#breadcrumb\"},\"inLanguage\":\"es\",\"potentialAction\":[{\"@type\":\"ReadAction\",\"target\":[\"https:\/\/innoticiasbo.com\/index.php\/2026\/05\/01\/diputada-es-captada-en-situacion-comprometedora-en-plena-via-publica\/\"]}]},{\"@type\":\"ImageObject\",\"inLanguage\":\"es\",\"@id\":\"https:\/\/innoticiasbo.com\/index.php\/2026\/05\/01\/diputada-es-captada-en-situacion-comprometedora-en-plena-via-publica\/#primaryimage\",\"url\":\"https:\/\/i0.wp.com\/innoticiasbo.com\/wp-content\/uploads\/2026\/05\/image-10.png?fit=406%2C223&ssl=1\",\"contentUrl\":\"https:\/\/i0.wp.com\/innoticiasbo.com\/wp-content\/uploads\/2026\/05\/image-10.png?fit=406%2C223&ssl=1\",\"width\":406,\"height\":223},{\"@type\":\"BreadcrumbList\",\"@id\":\"https:\/\/innoticiasbo.com\/index.php\/2026\/05\/01\/diputada-es-captada-en-situacion-comprometedora-en-plena-via-publica\/#breadcrumb\",\"itemListElement\":[{\"@type\":\"ListItem\",\"position\":1,\"name\":\"Portada\",\"item\":\"https:\/\/innoticiasbo.com\/\"},{\"@type\":\"ListItem\",\"position\":2,\"name\":\"DIPUTADA ES CAPTADA EN SITUACI\u00d3N COMPROMETEDORA EN PLENA V\u00cdA P\u00daBLICA\"}]},{\"@type\":\"WebSite\",\"@id\":\"https:\/\/innoticiasbo.com\/#website\",\"url\":\"https:\/\/innoticiasbo.com\/\",\"name\":\"innoticiasbo.com\",\"description\":\"\",\"publisher\":{\"@id\":\"https:\/\/innoticiasbo.com\/#organization\"},\"potentialAction\":[{\"@type\":\"SearchAction\",\"target\":{\"@type\":\"EntryPoint\",\"urlTemplate\":\"https:\/\/innoticiasbo.com\/?s={search_term_string}\"},\"query-input\":{\"@type\":\"PropertyValueSpecification\",\"valueRequired\":true,\"valueName\":\"search_term_string\"}}],\"inLanguage\":\"es\"},{\"@type\":\"Organization\",\"@id\":\"https:\/\/innoticiasbo.com\/#organization\",\"name\":\"innoticiasbo.com\",\"url\":\"https:\/\/innoticiasbo.com\/\",\"logo\":{\"@type\":\"ImageObject\",\"inLanguage\":\"es\",\"@id\":\"https:\/\/innoticiasbo.com\/#\/schema\/logo\/image\/\",\"url\":\"https:\/\/i0.wp.com\/innoticiasbo.com\/wp-content\/uploads\/2026\/04\/cropped-IN-LOGO.png?fit=1476%2C1476&ssl=1\",\"contentUrl\":\"https:\/\/i0.wp.com\/innoticiasbo.com\/wp-content\/uploads\/2026\/04\/cropped-IN-LOGO.png?fit=1476%2C1476&ssl=1\",\"width\":1476,\"height\":1476,\"caption\":\"innoticiasbo.com\"},\"image\":{\"@id\":\"https:\/\/innoticiasbo.com\/#\/schema\/logo\/image\/\"},\"sameAs\":[\"https:\/\/www.facebook.com\/innoticiasbolivia\",\"https:\/\/x.com\/innoticiasbo\",\"https:\/\/www.instagram.com\/innoticiasbo\",\"https:\/\/www.youtube.com\/innoticiasbo\"]},{\"@type\":\"Person\",\"@id\":\"https:\/\/innoticiasbo.com\/#\/schema\/person\/0b28481e8d0316f83a13bc702311def5\",\"name\":\"Prensa 11\",\"image\":{\"@type\":\"ImageObject\",\"inLanguage\":\"es\",\"@id\":\"https:\/\/innoticiasbo.com\/#\/schema\/person\/image\/\",\"url\":\"https:\/\/secure.gravatar.com\/avatar\/696560c17349f1807a610bf83832bad0?s=96&d=mm&r=g\",\"contentUrl\":\"https:\/\/secure.gravatar.com\/avatar\/696560c17349f1807a610bf83832bad0?s=96&d=mm&r=g\",\"caption\":\"Prensa 11\"},\"sameAs\":[\"http:\/\/www.innoticiasbo.com\"],\"url\":\"https:\/\/innoticiasbo.com\/index.php\/author\/prensa-11\/\"}]}<\/script>\n<!-- \/ Yoast SEO plugin. -->","yoast_head_json":{"title":"DIPUTADA ES CAPTADA EN SITUACI\u00d3N COMPROMETEDORA EN PLENA V\u00cdA P\u00daBLICA - innoticiasbo.com","robots":{"index":"index","follow":"follow","max-snippet":"max-snippet:-1","max-image-preview":"max-image-preview:large","max-video-preview":"max-video-preview:-1"},"canonical":"https:\/\/innoticiasbo.com\/index.php\/2026\/05\/01\/diputada-es-captada-en-situacion-comprometedora-en-plena-via-publica\/","og_locale":"es_ES","og_type":"article","og_title":"DIPUTADA ES CAPTADA EN SITUACI\u00d3N COMPROMETEDORA EN PLENA V\u00cdA P\u00daBLICA - innoticiasbo.com","og_description":"La Paz, 1 de Mayo de 2026.\u2013 La diputada alte\u00f1a del Partido Dem\u00f3crata Cristiano, Claudia Bilbao, se encuentra en el centro de la pol\u00e9mica tras la difusi\u00f3n de un video en el que aparece realizando sus necesidades biol\u00f3gicas en plena v\u00eda p\u00fablica.En las im\u00e1genes, que r\u00e1pidamente se viralizaron en redes sociales, la parlamentaria luce con...","og_url":"https:\/\/innoticiasbo.com\/index.php\/2026\/05\/01\/diputada-es-captada-en-situacion-comprometedora-en-plena-via-publica\/","og_site_name":"innoticiasbo.com","article_publisher":"https:\/\/www.facebook.com\/innoticiasbolivia","article_published_time":"2026-05-01T23:02:11+00:00","article_modified_time":"2026-05-01T23:02:13+00:00","og_image":[{"width":406,"height":223,"url":"https:\/\/innoticiasbo.com\/wp-content\/uploads\/2026\/05\/image-10.png","type":"image\/png"}],"author":"Prensa 11","twitter_card":"summary_large_image","twitter_creator":"@innoticiasbo","twitter_site":"@innoticiasbo","twitter_misc":{"Escrito por":"Prensa 11","Tiempo de lectura":"1 minuto"},"schema":{"@context":"https:\/\/schema.org","@graph":[{"@type":"Article","@id":"https:\/\/innoticiasbo.com\/index.php\/2026\/05\/01\/diputada-es-captada-en-situacion-comprometedora-en-plena-via-publica\/#article","isPartOf":{"@id":"https:\/\/innoticiasbo.com\/index.php\/2026\/05\/01\/diputada-es-captada-en-situacion-comprometedora-en-plena-via-publica\/"},"author":{"name":"Prensa 11","@id":"https:\/\/innoticiasbo.com\/#\/schema\/person\/0b28481e8d0316f83a13bc702311def5"},"headline":"DIPUTADA ES CAPTADA EN SITUACI\u00d3N COMPROMETEDORA EN PLENA V\u00cdA P\u00daBLICA","datePublished":"2026-05-01T23:02:11+00:00","dateModified":"2026-05-01T23:02:13+00:00","mainEntityOfPage":{"@id":"https:\/\/innoticiasbo.com\/index.php\/2026\/05\/01\/diputada-es-captada-en-situacion-comprometedora-en-plena-via-publica\/"},"wordCount":202,"commentCount":0,"publisher":{"@id":"https:\/\/innoticiasbo.com\/#organization"},"image":{"@id":"https:\/\/innoticiasbo.com\/index.php\/2026\/05\/01\/diputada-es-captada-en-situacion-comprometedora-en-plena-via-publica\/#primaryimage"},"thumbnailUrl":"https:\/\/i0.wp.com\/innoticiasbo.com\/wp-content\/uploads\/2026\/05\/image-10.png?fit=406%2C223&ssl=1","keywords":["Asamblea Legislativa","Bolivia","Claudia Bilbao","El Avispero","Esc\u00e1ndalo Pol\u00edtico","innoticias","Partido Dem\u00f3crata Cristiano"],"articleSection":["Bolivia"],"inLanguage":"es","potentialAction":[{"@type":"CommentAction","name":"Comment","target":["https:\/\/innoticiasbo.com\/index.php\/2026\/05\/01\/diputada-es-captada-en-situacion-comprometedora-en-plena-via-publica\/#respond"]}]},{"@type":"WebPage","@id":"https:\/\/innoticiasbo.com\/index.php\/2026\/05\/01\/diputada-es-captada-en-situacion-comprometedora-en-plena-via-publica\/","url":"https:\/\/innoticiasbo.com\/index.php\/2026\/05\/01\/diputada-es-captada-en-situacion-comprometedora-en-plena-via-publica\/","name":"DIPUTADA ES CAPTADA EN SITUACI\u00d3N COMPROMETEDORA EN PLENA V\u00cdA P\u00daBLICA - innoticiasbo.com","isPartOf":{"@id":"https:\/\/innoticiasbo.com\/#website"},"primaryImageOfPage":{"@id":"https:\/\/innoticiasbo.com\/index.php\/2026\/05\/01\/diputada-es-captada-en-situacion-comprometedora-en-plena-via-publica\/#primaryimage"},"image":{"@id":"https:\/\/innoticiasbo.com\/index.php\/2026\/05\/01\/diputada-es-captada-en-situacion-comprometedora-en-plena-via-publica\/#primaryimage"},"thumbnailUrl":"https:\/\/i0.wp.com\/innoticiasbo.com\/wp-content\/uploads\/2026\/05\/image-10.png?fit=406%2C223&ssl=1","datePublished":"2026-05-01T23:02:11+00:00","dateModified":"2026-05-01T23:02:13+00:00","breadcrumb":{"@id":"https:\/\/innoticiasbo.com\/index.php\/2026\/05\/01\/diputada-es-captada-en-situacion-comprometedora-en-plena-via-publica\/#breadcrumb"},"inLanguage":"es","potentialAction":[{"@type":"ReadAction","target":["https:\/\/innoticiasbo.com\/index.php\/2026\/05\/01\/diputada-es-captada-en-situacion-comprometedora-en-plena-via-publica\/"]}]},{"@type":"ImageObject","inLanguage":"es","@id":"https:\/\/innoticiasbo.com\/index.php\/2026\/05\/01\/diputada-es-captada-en-situacion-comprometedora-en-plena-via-publica\/#primaryimage","url":"https:\/\/i0.wp.com\/innoticiasbo.com\/wp-content\/uploads\/2026\/05\/image-10.png?fit=406%2C223&ssl=1","contentUrl":"https:\/\/i0.wp.com\/innoticiasbo.com\/wp-content\/uploads\/2026\/05\/image-10.png?fit=406%2C223&ssl=1","width":406,"height":223},{"@type":"BreadcrumbList","@id":"https:\/\/innoticiasbo.com\/index.php\/2026\/05\/01\/diputada-es-captada-en-situacion-comprometedora-en-plena-via-publica\/#breadcrumb","itemListElement":[{"@type":"ListItem","position":1,"name":"Portada","item":"https:\/\/innoticiasbo.com\/"},{"@type":"ListItem","position":2,"name":"DIPUTADA ES CAPTADA EN SITUACI\u00d3N COMPROMETEDORA EN PLENA V\u00cdA P\u00daBLICA"}]},{"@type":"WebSite","@id":"https:\/\/innoticiasbo.com\/#website","url":"https:\/\/innoticiasbo.com\/","name":"innoticiasbo.com","description":"","publisher":{"@id":"https:\/\/innoticiasbo.com\/#organization"},"potentialAction":[{"@type":"SearchAction","target":{"@type":"EntryPoint","urlTemplate":"https:\/\/innoticiasbo.com\/?s={search_term_string}"},"query-input":{"@type":"PropertyValueSpecification","valueRequired":true,"valueName":"search_term_string"}}],"inLanguage":"es"},{"@type":"Organization","@id":"https:\/\/innoticiasbo.com\/#organization","name":"innoticiasbo.com","url":"https:\/\/innoticiasbo.com\/","logo":{"@type":"ImageObject","inLanguage":"es","@id":"https:\/\/innoticiasbo.com\/#\/schema\/logo\/image\/","url":"https:\/\/i0.wp.com\/innoticiasbo.com\/wp-content\/uploads\/2026\/04\/cropped-IN-LOGO.png?fit=1476%2C1476&ssl=1","contentUrl":"https:\/\/i0.wp.com\/innoticiasbo.com\/wp-content\/uploads\/2026\/04\/cropped-IN-LOGO.png?fit=1476%2C1476&ssl=1","width":1476,"height":1476,"caption":"innoticiasbo.com"},"image":{"@id":"https:\/\/innoticiasbo.com\/#\/schema\/logo\/image\/"},"sameAs":["https:\/\/www.facebook.com\/innoticiasbolivia","https:\/\/x.com\/innoticiasbo","https:\/\/www.instagram.com\/innoticiasbo","https:\/\/www.youtube.com\/innoticiasbo"]},{"@type":"Person","@id":"https:\/\/innoticiasbo.com\/#\/schema\/person\/0b28481e8d0316f83a13bc702311def5","name":"Prensa 11","image":{"@type":"ImageObject","inLanguage":"es","@id":"https:\/\/innoticiasbo.com\/#\/schema\/person\/image\/","url":"https:\/\/secure.gravatar.com\/avatar\/696560c17349f1807a610bf83832bad0?s=96&d=mm&r=g","contentUrl":"https:\/\/secure.gravatar.com\/avatar\/696560c17349f1807a610bf83832bad0?s=96&d=mm&r=g","caption":"Prensa 11"},"sameAs":["http:\/\/www.innoticiasbo.com"],"url":"https:\/\/innoticiasbo.com\/index.php\/author\/prensa-11\/"}]}},"jetpack_featured_media_url":"https:\/\/i0.wp.com\/innoticiasbo.com\/wp-content\/uploads\/2026\/05\/image-10.png?fit=406%2C223&ssl=1","jetpack_likes_enabled":true,"jetpack_sharing_enabled":true,"jetpack_shortlink":"https:\/\/wp.me\/pg298x-32f","_links":{"self":[{"href":"https:\/\/innoticiasbo.com\/index.php\/wp-json\/wp\/v2\/posts\/11671","targetHints":{"allow":["GET"]}}],"collection":[{"href":"https:\/\/innoticiasbo.com\/index.php\/wp-json\/wp\/v2\/posts"}],"about":[{"href":"https:\/\/innoticiasbo.com\/index.php\/wp-json\/wp\/v2\/types\/post"}],"author":[{"embeddable":true,"href":"https:\/\/innoticiasbo.com\/index.php\/wp-json\/wp\/v2\/users\/11"}],"replies":[{"embeddable":true,"href":"https:\/\/innoticiasbo.com\/index.php\/wp-json\/wp\/v2\/comments?post=11671"}],"version-history":[{"count":1,"href":"https:\/\/innoticiasbo.com\/index.php\/wp-json\/wp\/v2\/posts\/11671\/revisions"}],"predecessor-version":[{"id":11674,"href":"https:\/\/innoticiasbo.com\/index.php\/wp-json\/wp\/v2\/posts\/11671\/revisions\/11674"}],"wp:featuredmedia":[{"embeddable":true,"href":"https:\/\/innoticiasbo.com\/index.php\/wp-json\/wp\/v2\/media\/11673"}],"wp:attachment":[{"href":"https:\/\/innoticiasbo.com\/index.php\/wp-json\/wp\/v2\/media?parent=11671"}],"wp:term":[{"taxonomy":"category","embeddable":true,"href":"https:\/\/innoticiasbo.com\/index.php\/wp-json\/wp\/v2\/categories?post=11671"},{"taxonomy":"post_tag","embeddable":true,"href":"https:\/\/innoticiasbo.com\/index.php\/wp-json\/wp\/v2\/tags?post=11671"}],"curies":[{"name":"wp","href":"https:\/\/api.w.org\/{rel}","templated":true}]}}