{"id":11669,"date":"2026-05-01T18:50:05","date_gmt":"2026-05-01T22:50:05","guid":{"rendered":"https:\/\/innoticiasbo.com\/?p=11669"},"modified":"2026-05-01T18:50:55","modified_gmt":"2026-05-01T22:50:55","slug":"celebrando-la-exclusion-por-que-la-cob-y-la-ley-del-trabajo-son-los-peores-enemigos-del-empleo","status":"publish","type":"post","link":"https:\/\/innoticiasbo.com\/index.php\/2026\/05\/01\/celebrando-la-exclusion-por-que-la-cob-y-la-ley-del-trabajo-son-los-peores-enemigos-del-empleo\/","title":{"rendered":"CELEBRANDO LA EXCLUSI\u00d3N: POR QU\u00c9 LA COB Y LA LEY DEL TRABAJO SON LOS PEORES ENEMIGOS DEL EMPLEO"},"content":{"rendered":"<p><img data-recalc-dims=\"1\" loading=\"lazy\" decoding=\"async\" src=\"https:\/\/i0.wp.com\/innoticiasbo.com\/wp-content\/uploads\/2026\/05\/1_20260501_183910_00004588349750935257662.png?resize=640%2C640&#038;ssl=1\" class=\"wp-image-11667 alignnone size-full\" width=\"640\" height=\"640\" srcset=\"https:\/\/i0.wp.com\/innoticiasbo.com\/wp-content\/uploads\/2026\/05\/1_20260501_183910_00004588349750935257662.png?w=1080&amp;ssl=1 1080w, https:\/\/i0.wp.com\/innoticiasbo.com\/wp-content\/uploads\/2026\/05\/1_20260501_183910_00004588349750935257662.png?resize=300%2C300&amp;ssl=1 300w, https:\/\/i0.wp.com\/innoticiasbo.com\/wp-content\/uploads\/2026\/05\/1_20260501_183910_00004588349750935257662.png?resize=1024%2C1024&amp;ssl=1 1024w, https:\/\/i0.wp.com\/innoticiasbo.com\/wp-content\/uploads\/2026\/05\/1_20260501_183910_00004588349750935257662.png?resize=150%2C150&amp;ssl=1 150w, https:\/\/i0.wp.com\/innoticiasbo.com\/wp-content\/uploads\/2026\/05\/1_20260501_183910_00004588349750935257662.png?resize=768%2C768&amp;ssl=1 768w\" sizes=\"auto, (max-width: 640px) 100vw, 640px\" \/><\/p>\n<p>Mientras una minor\u00eda marcha cada primero de mayo para celebrar incrementos salariales y conquistas sindicales, la cruda realidad es que la inmensa mayor\u00eda del pa\u00eds est\u00e1 en las calles buscando el pan del d\u00eda. La legislaci\u00f3n actual y la dirigencia tradicional se han convertido en un club exclusivo que defiende a capa y espada los privilegios de apenas un 10% formal. Con esto, se condena al 90% de la poblaci\u00f3n a la precariedad total, sin acceso a un seguro social ni beneficios b\u00e1sicos. Las leyes pesadas y el hiperproteccionismo estatal, ir\u00f3nicamente, se han vuelto el mayor enemigo de la creaci\u00f3n de empleo digno.Desde la experiencia en la administraci\u00f3n p\u00fablica y el an\u00e1lisis t\u00e9cnicojur\u00eddico, es evidente que intentar regular la econom\u00eda del 2026 con la Ley General del Trabajo de 1939 es como tratar de operar una computadora cu\u00e1ntica con un manual de una m\u00e1quina de vapor.<\/p>\n<p>LA HIPOCRES\u00cdA DEL ESTADO Y EL EXTRAV\u00cdO DE LA COB<\/p>\n<p>La Central Obrera Boliviana (COB) fue hist\u00f3ricamente un instrumento de lucha forjado en la Tesis de Pulacayo, de Colquiri, Socialista. Hoy, sin embargo, ha pasado de ser un actor social a un brazo pol\u00edtico. Sus exigencias de incrementos irresponsables asfixian la estructura de costos de las Peque\u00f1as y Medianas Empresas (PyMEs) y fomentan que m\u00e1s empresas cierren o se informalicen.Pero la mayor paradoja radica en el doble est\u00e1ndar del Estado. Mientras el Gobierno exige estabilidad laboral absoluta al privado, el propio Estado es el principal precarizador de empleo. Al utilizar contratos de l\u00ednea o consultor\u00edas, niega a miles de servidores p\u00fablicos el derecho a la estabilidad laboral y los beneficios que la propia Constituci\u00f3n Pol\u00edtica del Estado (CPE) declara como \u00abirrenunciables\u00bb.<\/p>\n<p>EL SINCERAMIENTO: UN \u00ab21060 LABORAL\u00bb PARA LA INCLUSI\u00d3N<\/p>\n<p>En 1985, el pa\u00eds se desangraba econ\u00f3micamente por la hiperinflaci\u00f3n y requiri\u00f3 una medida dr\u00e1stica y realista para salvar el aparato productivo. Hoy, el mercado laboral boliviano est\u00e1 sufriendo una hemorragia similar, ahog\u00e1ndose en la informalidad.No se trata de pedir una flexibilizaci\u00f3n salvaje para precarizar el trabajo, que es el miedo cl\u00e1sico, sino de aplicar una l\u00f3gica de sinceramiento. Debemos aceptar que el modelo actual fracas\u00f3 y que necesitamos desburocratizar y modernizar las normas para incluir a todos, no para excluir, esta es una responsabilidad del actual gobierno.En lugar de discursos anacr\u00f3nicos, es imperativo ejecutar propuestas quir\u00fargicas que impacten la norma nacional. Las siguientes modificaciones normativas, compiladas y unificadas pueden resolver el caos actual y son esenciales:<\/p>\n<p>I. Reestructuraci\u00f3n de la Compensaci\u00f3n, la Jornada y los Beneficios<\/p>\n<p>&#8211; Jornada de Trabajo y Equidad: Unificar la jornada laboral m\u00e1xima a 44 horas semanales tanto para hombres como para mujeres. Debemos reforzar el principio de \u00abmismo trabajo, mismo sueldo\u00bb y dejar sin efecto la noci\u00f3n de que existen trabajos y jornadas distintas seg\u00fan el g\u00e9nero.<\/p>\n<p>&#8211; Vacaciones Universales:Establecer 20 d\u00edas h\u00e1biles de vacaci\u00f3n como est\u00e1ndar normativo, independiente de la antig\u00fcedad del trabajador.<\/p>\n<p>&#8211; Fraccionamiento del Aguinaldo y Bonos: Modificar el pago del Aguinaldo permitiendo su divisi\u00f3n en dos cuotas obligatorias (junio y diciembre) para dar liquidez al trabajador y reducir el \u00abcuello de botella\u00bb financiero de fin de a\u00f1o en las empresas.<\/p>\n<p>&#8211; C\u00e1lculo L\u00f3gico del Bono de Antig\u00fcedad: El bono de antig\u00fcedad debe calcularse obligatoriamente sobre porcentajes establecidos de dos (2) salarios m\u00ednimos nacionales, aplicable a todo tipo de empresas (con y sin fines de lucro) y otras instituciones.<\/p>\n<p>&#8211; Eliminaci\u00f3n de Derechos Anacr\u00f3nicos: Es vital suprimir definitivamente el pago del Segundo Aguinaldo y eliminar la figura del Salario Dominical por considerarse figuras obsoletas.<\/p>\n<p>&#8211; Asignaciones Familiares Compartidas: Modificar el sistema para que estas asignaciones sean solventadas en porcentajes justos por el Estado, el empleador y el Ente Gestor de Corto Plazo.<\/p>\n<p>II. Descompresi\u00f3n de la Seguridad Social y el Bienestar<\/p>\n<p>&#8211; Eficiencia en el Aporte de Salud: Permitir un modelo mixto donde el trabajador decida si el 10% del aporte patronal va a las Cajas de Salud tradicionales o a un Seguro de Salud Privado regulado. Esto frenar\u00e1 el monopolio y obligar\u00e1 a los entes a competir por calidad de servicio.<\/p>\n<p>III. Nuevas Modalidades de Contrataci\u00f3n y Seguridad Jur\u00eddica<\/p>\n<p>&#8211; Contratos Causales: Implementar el \u00abContrato por Necesidad de Mercado\u00bb para incrementos coyunturales y el \u00abContrato de Reconversi\u00f3n Productiva\u00bb para transiciones tecnol\u00f3gicas. La clave es la causalidad: si no se prueba la necesidad, el contrato se convierte autom\u00e1ticamente en indefinido.<\/p>\n<p>-Teletrabajo y Desconexi\u00f3n Digital: Regular expresamente el \u00abDerecho a la Desconexi\u00f3n\u00bb dentro de una nueva normativa permanente, desvinculando jur\u00eddicamente la figura del teletrabajo de las extintas medidas de emergencia del COVID-19.<\/p>\n<p>&#8211; Jurisdiccionalizaci\u00f3n del Despido y Estabilidad: Modificar las causales de despido para adecuarlas a los tiempos actuales, incorporando motivos econ\u00f3micos empresariales, de edad o reestructuraci\u00f3n. Se deben implementar procesos jurisdiccionales donde sea el empleador quien demande y justifique el despido en sede judicial.<\/p>\n<p>&#8211; Reglas Claras de Reincorporaci\u00f3n: Para la reincorporaci\u00f3n laboral judicial, el c\u00f3mputo de los sueldos devengados debe iniciar estrictamente desde la citaci\u00f3n oficial con la demanda.<\/p>\n<p>&#8211; Seguridad Jur\u00eddica y Prescripci\u00f3n: Modificar la incomprensible imprescriptibilidad de los derechos laborales y sociales en la CPE, estableciendo un plazo de prescripci\u00f3n razonable de 10 a\u00f1os, evitando as\u00ed contingencias jur\u00eddicas infinitas.<\/p>\n<p>IV. Orden Interno, Desburocratizaci\u00f3n e Incentivos<\/p>\n<p>&#8211; Restablecimiento de Reglamentos Internos: Restablecer urgentemente la aprobaci\u00f3n de reglamentos internos ante el Ministerio de Trabajo, tr\u00e1mite absurdamente suspendido desde el 2009. Esto es vital para evitar el caos y establecer reglas claras sobre sanciones, atrasos, horarios y convivencia laboral.<\/p>\n<p>&#8211; An\u00e1lisis de la Estabilidad: Es imperativo analizar a profundidad la inviabilidad de la estabilidad laboral absoluta versus modelos modernos de estabilidad relativa y reforzada.<\/p>\n<p>&#8211; Abrogaci\u00f3n del \u00abHorario de Invierno\u00bb: Eliminar la imposici\u00f3n del \u00abhorario laboral de invierno\u00bb, considerando il\u00f3gico obligar a las empresas a ingresar a partir de las 9:00 a.m. cuando industrias vitales necesitan funcionar seg\u00fan sus propias necesidades operativas.<\/p>\n<p>&#8211; Tr\u00e1mites 100% virtuales y Desburocratizaci\u00f3n: Facilitar el cumplimiento normativo mediante sistemas totalmente virtualesbasados en declaraciones juradas (ej. para finiquitos, refrendadosde contratos y otros). El objetivo es evitar que los ciudadanos tengan que abandonar sus puestos de trabajo para lidiar con burocracia presencial, lo cual solo fomenta la informalidad generalizada.<\/p>\n<p>&#8211; Incentivos para la Formalizaci\u00f3n:Establecer liberalidades impositivas directas para proteger e incentivar a los emprendedores y a las PyMEs.El verdadero proteccionismo hoy no es hacer leyes m\u00e1s duras que nadie cumple, sino hacer leyes reales, t\u00e9cnicas y sostenibles que abarquen a todos. Celebrar el 1 de mayo abrazando una legislaci\u00f3n que excluye a 9 de cada 10 bolivianos no es justicia social, es hipocres\u00eda. Es hora de nuestro sinceramiento laboral\u2026.<\/p>\n","protected":false},"excerpt":{"rendered":"<p>Mientras una minor\u00eda marcha cada primero de mayo para celebrar incrementos salariales y conquistas sindicales, la cruda realidad es que la inmensa mayor\u00eda del pa\u00eds est\u00e1 en las calles buscando el pan del d\u00eda. La legislaci\u00f3n actual y la dirigencia tradicional se han convertido en un club exclusivo que defiende a capa y espada los&#8230;<\/p>\n","protected":false},"author":2,"featured_media":11668,"comment_status":"open","ping_status":"open","sticky":false,"template":"","format":"standard","meta":{"_jetpack_memberships_contains_paid_content":false,"footnotes":"","jetpack_publicize_message":"","jetpack_publicize_feature_enabled":true,"jetpack_social_post_already_shared":true,"jetpack_social_options":{"image_generator_settings":{"template":"highway","enabled":false},"version":2}},"categories":[1,17],"tags":[174,193,2241,1733,2808],"class_list":["post-11669","post","type-post","status-publish","format-standard","has-post-thumbnail","hentry","category-bolivia","category-opinion","tag-cob","tag-dia-del-trabajo","tag-empleo","tag-ley-del-trabajo","tag-wilge-lizarazu-loza"],"jetpack_publicize_connections":[],"yoast_head":"<!-- This site is optimized with the Yoast SEO plugin v23.4 - https:\/\/yoast.com\/wordpress\/plugins\/seo\/ -->\n<title>CELEBRANDO LA EXCLUSI\u00d3N: POR QU\u00c9 LA COB Y LA LEY DEL TRABAJO SON LOS PEORES ENEMIGOS DEL EMPLEO - innoticiasbo.com<\/title>\n<meta name=\"robots\" content=\"index, follow, max-snippet:-1, max-image-preview:large, max-video-preview:-1\" \/>\n<link rel=\"canonical\" href=\"https:\/\/innoticiasbo.com\/index.php\/2026\/05\/01\/celebrando-la-exclusion-por-que-la-cob-y-la-ley-del-trabajo-son-los-peores-enemigos-del-empleo\/\" \/>\n<meta property=\"og:locale\" content=\"es_ES\" \/>\n<meta property=\"og:type\" content=\"article\" \/>\n<meta property=\"og:title\" content=\"CELEBRANDO LA EXCLUSI\u00d3N: POR QU\u00c9 LA COB Y LA LEY DEL TRABAJO SON LOS PEORES ENEMIGOS DEL EMPLEO - innoticiasbo.com\" \/>\n<meta property=\"og:description\" content=\"Mientras una minor\u00eda marcha cada primero de mayo para celebrar incrementos salariales y conquistas sindicales, la cruda realidad es que la inmensa mayor\u00eda del pa\u00eds est\u00e1 en las calles buscando el pan del d\u00eda. La legislaci\u00f3n actual y la dirigencia tradicional se han convertido en un club exclusivo que defiende a capa y espada los...\" \/>\n<meta property=\"og:url\" content=\"https:\/\/innoticiasbo.com\/index.php\/2026\/05\/01\/celebrando-la-exclusion-por-que-la-cob-y-la-ley-del-trabajo-son-los-peores-enemigos-del-empleo\/\" \/>\n<meta property=\"og:site_name\" content=\"innoticiasbo.com\" \/>\n<meta property=\"article:publisher\" content=\"https:\/\/www.facebook.com\/innoticiasbolivia\" \/>\n<meta property=\"article:published_time\" content=\"2026-05-01T22:50:05+00:00\" \/>\n<meta property=\"article:modified_time\" content=\"2026-05-01T22:50:55+00:00\" \/>\n<meta property=\"og:image\" content=\"https:\/\/i0.wp.com\/innoticiasbo.com\/wp-content\/uploads\/2026\/05\/1_20260501_183910_0000.png?fit=1080%2C1080&ssl=1\" \/>\n\t<meta property=\"og:image:width\" content=\"1080\" \/>\n\t<meta property=\"og:image:height\" content=\"1080\" \/>\n\t<meta property=\"og:image:type\" content=\"image\/png\" \/>\n<meta name=\"author\" content=\"Prensa\" \/>\n<meta name=\"twitter:card\" content=\"summary_large_image\" \/>\n<meta name=\"twitter:creator\" content=\"@innoticiasbo\" \/>\n<meta name=\"twitter:site\" content=\"@innoticiasbo\" \/>\n<meta name=\"twitter:label1\" content=\"Escrito por\" \/>\n\t<meta name=\"twitter:data1\" content=\"Prensa\" \/>\n\t<meta name=\"twitter:label2\" content=\"Tiempo de lectura\" \/>\n\t<meta name=\"twitter:data2\" content=\"6 minutos\" \/>\n<script type=\"application\/ld+json\" class=\"yoast-schema-graph\">{\"@context\":\"https:\/\/schema.org\",\"@graph\":[{\"@type\":\"Article\",\"@id\":\"https:\/\/innoticiasbo.com\/index.php\/2026\/05\/01\/celebrando-la-exclusion-por-que-la-cob-y-la-ley-del-trabajo-son-los-peores-enemigos-del-empleo\/#article\",\"isPartOf\":{\"@id\":\"https:\/\/innoticiasbo.com\/index.php\/2026\/05\/01\/celebrando-la-exclusion-por-que-la-cob-y-la-ley-del-trabajo-son-los-peores-enemigos-del-empleo\/\"},\"author\":{\"name\":\"Prensa\",\"@id\":\"https:\/\/innoticiasbo.com\/#\/schema\/person\/589cd527c4211df1b943bdad85ec07ce\"},\"headline\":\"CELEBRANDO LA EXCLUSI\u00d3N: POR QU\u00c9 LA COB Y LA LEY DEL TRABAJO SON LOS PEORES ENEMIGOS DEL EMPLEO\",\"datePublished\":\"2026-05-01T22:50:05+00:00\",\"dateModified\":\"2026-05-01T22:50:55+00:00\",\"mainEntityOfPage\":{\"@id\":\"https:\/\/innoticiasbo.com\/index.php\/2026\/05\/01\/celebrando-la-exclusion-por-que-la-cob-y-la-ley-del-trabajo-son-los-peores-enemigos-del-empleo\/\"},\"wordCount\":1182,\"commentCount\":0,\"publisher\":{\"@id\":\"https:\/\/innoticiasbo.com\/#organization\"},\"image\":{\"@id\":\"https:\/\/innoticiasbo.com\/index.php\/2026\/05\/01\/celebrando-la-exclusion-por-que-la-cob-y-la-ley-del-trabajo-son-los-peores-enemigos-del-empleo\/#primaryimage\"},\"thumbnailUrl\":\"https:\/\/i0.wp.com\/innoticiasbo.com\/wp-content\/uploads\/2026\/05\/1_20260501_183910_0000.png?fit=1080%2C1080&ssl=1\",\"keywords\":[\"COB\",\"D\u00eda del Trabajo\",\"empleo\",\"Ley del trabajo\",\"Wilge Lizarazu Loza\"],\"articleSection\":[\"Bolivia\",\"Opini\u00f3n\"],\"inLanguage\":\"es\",\"potentialAction\":[{\"@type\":\"CommentAction\",\"name\":\"Comment\",\"target\":[\"https:\/\/innoticiasbo.com\/index.php\/2026\/05\/01\/celebrando-la-exclusion-por-que-la-cob-y-la-ley-del-trabajo-son-los-peores-enemigos-del-empleo\/#respond\"]}]},{\"@type\":\"WebPage\",\"@id\":\"https:\/\/innoticiasbo.com\/index.php\/2026\/05\/01\/celebrando-la-exclusion-por-que-la-cob-y-la-ley-del-trabajo-son-los-peores-enemigos-del-empleo\/\",\"url\":\"https:\/\/innoticiasbo.com\/index.php\/2026\/05\/01\/celebrando-la-exclusion-por-que-la-cob-y-la-ley-del-trabajo-son-los-peores-enemigos-del-empleo\/\",\"name\":\"CELEBRANDO LA EXCLUSI\u00d3N: POR QU\u00c9 LA COB Y LA LEY DEL TRABAJO SON LOS PEORES ENEMIGOS DEL EMPLEO - innoticiasbo.com\",\"isPartOf\":{\"@id\":\"https:\/\/innoticiasbo.com\/#website\"},\"primaryImageOfPage\":{\"@id\":\"https:\/\/innoticiasbo.com\/index.php\/2026\/05\/01\/celebrando-la-exclusion-por-que-la-cob-y-la-ley-del-trabajo-son-los-peores-enemigos-del-empleo\/#primaryimage\"},\"image\":{\"@id\":\"https:\/\/innoticiasbo.com\/index.php\/2026\/05\/01\/celebrando-la-exclusion-por-que-la-cob-y-la-ley-del-trabajo-son-los-peores-enemigos-del-empleo\/#primaryimage\"},\"thumbnailUrl\":\"https:\/\/i0.wp.com\/innoticiasbo.com\/wp-content\/uploads\/2026\/05\/1_20260501_183910_0000.png?fit=1080%2C1080&ssl=1\",\"datePublished\":\"2026-05-01T22:50:05+00:00\",\"dateModified\":\"2026-05-01T22:50:55+00:00\",\"breadcrumb\":{\"@id\":\"https:\/\/innoticiasbo.com\/index.php\/2026\/05\/01\/celebrando-la-exclusion-por-que-la-cob-y-la-ley-del-trabajo-son-los-peores-enemigos-del-empleo\/#breadcrumb\"},\"inLanguage\":\"es\",\"potentialAction\":[{\"@type\":\"ReadAction\",\"target\":[\"https:\/\/innoticiasbo.com\/index.php\/2026\/05\/01\/celebrando-la-exclusion-por-que-la-cob-y-la-ley-del-trabajo-son-los-peores-enemigos-del-empleo\/\"]}]},{\"@type\":\"ImageObject\",\"inLanguage\":\"es\",\"@id\":\"https:\/\/innoticiasbo.com\/index.php\/2026\/05\/01\/celebrando-la-exclusion-por-que-la-cob-y-la-ley-del-trabajo-son-los-peores-enemigos-del-empleo\/#primaryimage\",\"url\":\"https:\/\/i0.wp.com\/innoticiasbo.com\/wp-content\/uploads\/2026\/05\/1_20260501_183910_0000.png?fit=1080%2C1080&ssl=1\",\"contentUrl\":\"https:\/\/i0.wp.com\/innoticiasbo.com\/wp-content\/uploads\/2026\/05\/1_20260501_183910_0000.png?fit=1080%2C1080&ssl=1\",\"width\":1080,\"height\":1080},{\"@type\":\"BreadcrumbList\",\"@id\":\"https:\/\/innoticiasbo.com\/index.php\/2026\/05\/01\/celebrando-la-exclusion-por-que-la-cob-y-la-ley-del-trabajo-son-los-peores-enemigos-del-empleo\/#breadcrumb\",\"itemListElement\":[{\"@type\":\"ListItem\",\"position\":1,\"name\":\"Portada\",\"item\":\"https:\/\/innoticiasbo.com\/\"},{\"@type\":\"ListItem\",\"position\":2,\"name\":\"CELEBRANDO LA EXCLUSI\u00d3N: POR QU\u00c9 LA COB Y LA LEY DEL TRABAJO SON LOS PEORES ENEMIGOS DEL EMPLEO\"}]},{\"@type\":\"WebSite\",\"@id\":\"https:\/\/innoticiasbo.com\/#website\",\"url\":\"https:\/\/innoticiasbo.com\/\",\"name\":\"innoticiasbo.com\",\"description\":\"\",\"publisher\":{\"@id\":\"https:\/\/innoticiasbo.com\/#organization\"},\"potentialAction\":[{\"@type\":\"SearchAction\",\"target\":{\"@type\":\"EntryPoint\",\"urlTemplate\":\"https:\/\/innoticiasbo.com\/?s={search_term_string}\"},\"query-input\":{\"@type\":\"PropertyValueSpecification\",\"valueRequired\":true,\"valueName\":\"search_term_string\"}}],\"inLanguage\":\"es\"},{\"@type\":\"Organization\",\"@id\":\"https:\/\/innoticiasbo.com\/#organization\",\"name\":\"innoticiasbo.com\",\"url\":\"https:\/\/innoticiasbo.com\/\",\"logo\":{\"@type\":\"ImageObject\",\"inLanguage\":\"es\",\"@id\":\"https:\/\/innoticiasbo.com\/#\/schema\/logo\/image\/\",\"url\":\"https:\/\/i0.wp.com\/innoticiasbo.com\/wp-content\/uploads\/2026\/04\/cropped-IN-LOGO.png?fit=1476%2C1476&ssl=1\",\"contentUrl\":\"https:\/\/i0.wp.com\/innoticiasbo.com\/wp-content\/uploads\/2026\/04\/cropped-IN-LOGO.png?fit=1476%2C1476&ssl=1\",\"width\":1476,\"height\":1476,\"caption\":\"innoticiasbo.com\"},\"image\":{\"@id\":\"https:\/\/innoticiasbo.com\/#\/schema\/logo\/image\/\"},\"sameAs\":[\"https:\/\/www.facebook.com\/innoticiasbolivia\",\"https:\/\/x.com\/innoticiasbo\",\"https:\/\/www.instagram.com\/innoticiasbo\",\"https:\/\/www.youtube.com\/innoticiasbo\"]},{\"@type\":\"Person\",\"@id\":\"https:\/\/innoticiasbo.com\/#\/schema\/person\/589cd527c4211df1b943bdad85ec07ce\",\"name\":\"Prensa\",\"image\":{\"@type\":\"ImageObject\",\"inLanguage\":\"es\",\"@id\":\"https:\/\/innoticiasbo.com\/#\/schema\/person\/image\/\",\"url\":\"https:\/\/secure.gravatar.com\/avatar\/d359bbdf112023c1c0a3ec7fe1600657?s=96&d=mm&r=g\",\"contentUrl\":\"https:\/\/secure.gravatar.com\/avatar\/d359bbdf112023c1c0a3ec7fe1600657?s=96&d=mm&r=g\",\"caption\":\"Prensa\"},\"sameAs\":[\"http:\/\/www.innoticiasbo.com\"],\"url\":\"https:\/\/innoticiasbo.com\/index.php\/author\/prensa\/\"}]}<\/script>\n<!-- \/ Yoast SEO plugin. -->","yoast_head_json":{"title":"CELEBRANDO LA EXCLUSI\u00d3N: POR QU\u00c9 LA COB Y LA LEY DEL TRABAJO SON LOS PEORES ENEMIGOS DEL EMPLEO - innoticiasbo.com","robots":{"index":"index","follow":"follow","max-snippet":"max-snippet:-1","max-image-preview":"max-image-preview:large","max-video-preview":"max-video-preview:-1"},"canonical":"https:\/\/innoticiasbo.com\/index.php\/2026\/05\/01\/celebrando-la-exclusion-por-que-la-cob-y-la-ley-del-trabajo-son-los-peores-enemigos-del-empleo\/","og_locale":"es_ES","og_type":"article","og_title":"CELEBRANDO LA EXCLUSI\u00d3N: POR QU\u00c9 LA COB Y LA LEY DEL TRABAJO SON LOS PEORES ENEMIGOS DEL EMPLEO - innoticiasbo.com","og_description":"Mientras una minor\u00eda marcha cada primero de mayo para celebrar incrementos salariales y conquistas sindicales, la cruda realidad es que la inmensa mayor\u00eda del pa\u00eds est\u00e1 en las calles buscando el pan del d\u00eda. La legislaci\u00f3n actual y la dirigencia tradicional se han convertido en un club exclusivo que defiende a capa y espada los...","og_url":"https:\/\/innoticiasbo.com\/index.php\/2026\/05\/01\/celebrando-la-exclusion-por-que-la-cob-y-la-ley-del-trabajo-son-los-peores-enemigos-del-empleo\/","og_site_name":"innoticiasbo.com","article_publisher":"https:\/\/www.facebook.com\/innoticiasbolivia","article_published_time":"2026-05-01T22:50:05+00:00","article_modified_time":"2026-05-01T22:50:55+00:00","og_image":[{"width":1080,"height":1080,"url":"https:\/\/i0.wp.com\/innoticiasbo.com\/wp-content\/uploads\/2026\/05\/1_20260501_183910_0000.png?fit=1080%2C1080&ssl=1","type":"image\/png"}],"author":"Prensa","twitter_card":"summary_large_image","twitter_creator":"@innoticiasbo","twitter_site":"@innoticiasbo","twitter_misc":{"Escrito por":"Prensa","Tiempo de lectura":"6 minutos"},"schema":{"@context":"https:\/\/schema.org","@graph":[{"@type":"Article","@id":"https:\/\/innoticiasbo.com\/index.php\/2026\/05\/01\/celebrando-la-exclusion-por-que-la-cob-y-la-ley-del-trabajo-son-los-peores-enemigos-del-empleo\/#article","isPartOf":{"@id":"https:\/\/innoticiasbo.com\/index.php\/2026\/05\/01\/celebrando-la-exclusion-por-que-la-cob-y-la-ley-del-trabajo-son-los-peores-enemigos-del-empleo\/"},"author":{"name":"Prensa","@id":"https:\/\/innoticiasbo.com\/#\/schema\/person\/589cd527c4211df1b943bdad85ec07ce"},"headline":"CELEBRANDO LA EXCLUSI\u00d3N: POR QU\u00c9 LA COB Y LA LEY DEL TRABAJO SON LOS PEORES ENEMIGOS DEL EMPLEO","datePublished":"2026-05-01T22:50:05+00:00","dateModified":"2026-05-01T22:50:55+00:00","mainEntityOfPage":{"@id":"https:\/\/innoticiasbo.com\/index.php\/2026\/05\/01\/celebrando-la-exclusion-por-que-la-cob-y-la-ley-del-trabajo-son-los-peores-enemigos-del-empleo\/"},"wordCount":1182,"commentCount":0,"publisher":{"@id":"https:\/\/innoticiasbo.com\/#organization"},"image":{"@id":"https:\/\/innoticiasbo.com\/index.php\/2026\/05\/01\/celebrando-la-exclusion-por-que-la-cob-y-la-ley-del-trabajo-son-los-peores-enemigos-del-empleo\/#primaryimage"},"thumbnailUrl":"https:\/\/i0.wp.com\/innoticiasbo.com\/wp-content\/uploads\/2026\/05\/1_20260501_183910_0000.png?fit=1080%2C1080&ssl=1","keywords":["COB","D\u00eda del Trabajo","empleo","Ley del trabajo","Wilge Lizarazu Loza"],"articleSection":["Bolivia","Opini\u00f3n"],"inLanguage":"es","potentialAction":[{"@type":"CommentAction","name":"Comment","target":["https:\/\/innoticiasbo.com\/index.php\/2026\/05\/01\/celebrando-la-exclusion-por-que-la-cob-y-la-ley-del-trabajo-son-los-peores-enemigos-del-empleo\/#respond"]}]},{"@type":"WebPage","@id":"https:\/\/innoticiasbo.com\/index.php\/2026\/05\/01\/celebrando-la-exclusion-por-que-la-cob-y-la-ley-del-trabajo-son-los-peores-enemigos-del-empleo\/","url":"https:\/\/innoticiasbo.com\/index.php\/2026\/05\/01\/celebrando-la-exclusion-por-que-la-cob-y-la-ley-del-trabajo-son-los-peores-enemigos-del-empleo\/","name":"CELEBRANDO LA EXCLUSI\u00d3N: POR QU\u00c9 LA COB Y LA LEY DEL TRABAJO SON LOS PEORES ENEMIGOS DEL EMPLEO - innoticiasbo.com","isPartOf":{"@id":"https:\/\/innoticiasbo.com\/#website"},"primaryImageOfPage":{"@id":"https:\/\/innoticiasbo.com\/index.php\/2026\/05\/01\/celebrando-la-exclusion-por-que-la-cob-y-la-ley-del-trabajo-son-los-peores-enemigos-del-empleo\/#primaryimage"},"image":{"@id":"https:\/\/innoticiasbo.com\/index.php\/2026\/05\/01\/celebrando-la-exclusion-por-que-la-cob-y-la-ley-del-trabajo-son-los-peores-enemigos-del-empleo\/#primaryimage"},"thumbnailUrl":"https:\/\/i0.wp.com\/innoticiasbo.com\/wp-content\/uploads\/2026\/05\/1_20260501_183910_0000.png?fit=1080%2C1080&ssl=1","datePublished":"2026-05-01T22:50:05+00:00","dateModified":"2026-05-01T22:50:55+00:00","breadcrumb":{"@id":"https:\/\/innoticiasbo.com\/index.php\/2026\/05\/01\/celebrando-la-exclusion-por-que-la-cob-y-la-ley-del-trabajo-son-los-peores-enemigos-del-empleo\/#breadcrumb"},"inLanguage":"es","potentialAction":[{"@type":"ReadAction","target":["https:\/\/innoticiasbo.com\/index.php\/2026\/05\/01\/celebrando-la-exclusion-por-que-la-cob-y-la-ley-del-trabajo-son-los-peores-enemigos-del-empleo\/"]}]},{"@type":"ImageObject","inLanguage":"es","@id":"https:\/\/innoticiasbo.com\/index.php\/2026\/05\/01\/celebrando-la-exclusion-por-que-la-cob-y-la-ley-del-trabajo-son-los-peores-enemigos-del-empleo\/#primaryimage","url":"https:\/\/i0.wp.com\/innoticiasbo.com\/wp-content\/uploads\/2026\/05\/1_20260501_183910_0000.png?fit=1080%2C1080&ssl=1","contentUrl":"https:\/\/i0.wp.com\/innoticiasbo.com\/wp-content\/uploads\/2026\/05\/1_20260501_183910_0000.png?fit=1080%2C1080&ssl=1","width":1080,"height":1080},{"@type":"BreadcrumbList","@id":"https:\/\/innoticiasbo.com\/index.php\/2026\/05\/01\/celebrando-la-exclusion-por-que-la-cob-y-la-ley-del-trabajo-son-los-peores-enemigos-del-empleo\/#breadcrumb","itemListElement":[{"@type":"ListItem","position":1,"name":"Portada","item":"https:\/\/innoticiasbo.com\/"},{"@type":"ListItem","position":2,"name":"CELEBRANDO LA EXCLUSI\u00d3N: POR QU\u00c9 LA COB Y LA LEY DEL TRABAJO SON LOS PEORES ENEMIGOS DEL EMPLEO"}]},{"@type":"WebSite","@id":"https:\/\/innoticiasbo.com\/#website","url":"https:\/\/innoticiasbo.com\/","name":"innoticiasbo.com","description":"","publisher":{"@id":"https:\/\/innoticiasbo.com\/#organization"},"potentialAction":[{"@type":"SearchAction","target":{"@type":"EntryPoint","urlTemplate":"https:\/\/innoticiasbo.com\/?s={search_term_string}"},"query-input":{"@type":"PropertyValueSpecification","valueRequired":true,"valueName":"search_term_string"}}],"inLanguage":"es"},{"@type":"Organization","@id":"https:\/\/innoticiasbo.com\/#organization","name":"innoticiasbo.com","url":"https:\/\/innoticiasbo.com\/","logo":{"@type":"ImageObject","inLanguage":"es","@id":"https:\/\/innoticiasbo.com\/#\/schema\/logo\/image\/","url":"https:\/\/i0.wp.com\/innoticiasbo.com\/wp-content\/uploads\/2026\/04\/cropped-IN-LOGO.png?fit=1476%2C1476&ssl=1","contentUrl":"https:\/\/i0.wp.com\/innoticiasbo.com\/wp-content\/uploads\/2026\/04\/cropped-IN-LOGO.png?fit=1476%2C1476&ssl=1","width":1476,"height":1476,"caption":"innoticiasbo.com"},"image":{"@id":"https:\/\/innoticiasbo.com\/#\/schema\/logo\/image\/"},"sameAs":["https:\/\/www.facebook.com\/innoticiasbolivia","https:\/\/x.com\/innoticiasbo","https:\/\/www.instagram.com\/innoticiasbo","https:\/\/www.youtube.com\/innoticiasbo"]},{"@type":"Person","@id":"https:\/\/innoticiasbo.com\/#\/schema\/person\/589cd527c4211df1b943bdad85ec07ce","name":"Prensa","image":{"@type":"ImageObject","inLanguage":"es","@id":"https:\/\/innoticiasbo.com\/#\/schema\/person\/image\/","url":"https:\/\/secure.gravatar.com\/avatar\/d359bbdf112023c1c0a3ec7fe1600657?s=96&d=mm&r=g","contentUrl":"https:\/\/secure.gravatar.com\/avatar\/d359bbdf112023c1c0a3ec7fe1600657?s=96&d=mm&r=g","caption":"Prensa"},"sameAs":["http:\/\/www.innoticiasbo.com"],"url":"https:\/\/innoticiasbo.com\/index.php\/author\/prensa\/"}]}},"jetpack_featured_media_url":"https:\/\/i0.wp.com\/innoticiasbo.com\/wp-content\/uploads\/2026\/05\/1_20260501_183910_0000.png?fit=1080%2C1080&ssl=1","jetpack_likes_enabled":true,"jetpack_sharing_enabled":true,"jetpack_shortlink":"https:\/\/wp.me\/pg298x-32d","_links":{"self":[{"href":"https:\/\/innoticiasbo.com\/index.php\/wp-json\/wp\/v2\/posts\/11669","targetHints":{"allow":["GET"]}}],"collection":[{"href":"https:\/\/innoticiasbo.com\/index.php\/wp-json\/wp\/v2\/posts"}],"about":[{"href":"https:\/\/innoticiasbo.com\/index.php\/wp-json\/wp\/v2\/types\/post"}],"author":[{"embeddable":true,"href":"https:\/\/innoticiasbo.com\/index.php\/wp-json\/wp\/v2\/users\/2"}],"replies":[{"embeddable":true,"href":"https:\/\/innoticiasbo.com\/index.php\/wp-json\/wp\/v2\/comments?post=11669"}],"version-history":[{"count":1,"href":"https:\/\/innoticiasbo.com\/index.php\/wp-json\/wp\/v2\/posts\/11669\/revisions"}],"predecessor-version":[{"id":11670,"href":"https:\/\/innoticiasbo.com\/index.php\/wp-json\/wp\/v2\/posts\/11669\/revisions\/11670"}],"wp:featuredmedia":[{"embeddable":true,"href":"https:\/\/innoticiasbo.com\/index.php\/wp-json\/wp\/v2\/media\/11668"}],"wp:attachment":[{"href":"https:\/\/innoticiasbo.com\/index.php\/wp-json\/wp\/v2\/media?parent=11669"}],"wp:term":[{"taxonomy":"category","embeddable":true,"href":"https:\/\/innoticiasbo.com\/index.php\/wp-json\/wp\/v2\/categories?post=11669"},{"taxonomy":"post_tag","embeddable":true,"href":"https:\/\/innoticiasbo.com\/index.php\/wp-json\/wp\/v2\/tags?post=11669"}],"curies":[{"name":"wp","href":"https:\/\/api.w.org\/{rel}","templated":true}]}}