{"id":11656,"date":"2026-05-01T12:18:58","date_gmt":"2026-05-01T16:18:58","guid":{"rendered":"https:\/\/innoticiasbo.com\/?p=11656"},"modified":"2026-05-01T12:18:59","modified_gmt":"2026-05-01T16:18:59","slug":"primicia-un-tribunal-agroambiental-amplio-el-ingreso-de-basura-a-kara-kara-con-autorizacion-excepcional-y-respaldo-de-fuerza-publica","status":"publish","type":"post","link":"https:\/\/innoticiasbo.com\/index.php\/2026\/05\/01\/primicia-un-tribunal-agroambiental-amplio-el-ingreso-de-basura-a-kara-kara-con-autorizacion-excepcional-y-respaldo-de-fuerza-publica\/","title":{"rendered":"PRIMICIA: UN TRIBUNAL AGROAMBIENTAL AMPLI\u00d3 EL INGRESO DE BASURA A K\u2019ARA K\u2019ARA CON AUTORIZACI\u00d3N EXCEPCIONAL Y RESPALDO DE FUERZA P\u00daBLICA"},"content":{"rendered":"\n<figure class=\"wp-block-image size-large\"><img data-recalc-dims=\"1\" loading=\"lazy\" decoding=\"async\" width=\"640\" height=\"1011\" src=\"https:\/\/i0.wp.com\/innoticiasbo.com\/wp-content\/uploads\/2026\/05\/image-6.png?resize=640%2C1011&#038;ssl=1\" alt=\"\" class=\"wp-image-11657\" srcset=\"https:\/\/i0.wp.com\/innoticiasbo.com\/wp-content\/uploads\/2026\/05\/image-6.png?resize=648%2C1024&amp;ssl=1 648w, https:\/\/i0.wp.com\/innoticiasbo.com\/wp-content\/uploads\/2026\/05\/image-6.png?resize=190%2C300&amp;ssl=1 190w, https:\/\/i0.wp.com\/innoticiasbo.com\/wp-content\/uploads\/2026\/05\/image-6.png?w=667&amp;ssl=1 667w\" sizes=\"auto, (max-width: 640px) 100vw, 640px\" \/><\/figure>\n\n\n\n<p><strong>Cochabamba, 1 de Mayo de 2026.- <\/strong>La Sala Primera del Tribunal Agroambiental determin\u00f3, mediante una resoluci\u00f3n emitida este 27 de abril, autorizar de manera excepcional y transitoria la continuidad del ingreso de residuos s\u00f3lidos al relleno sanitario de Caracara, pese a que el pasado 30 de abril se cumpli\u00f3 el plazo previamente establecido para el cierre de las macroceldas.<\/p>\n\n\n\n<figure class=\"wp-block-image size-full\"><img data-recalc-dims=\"1\" loading=\"lazy\" decoding=\"async\" width=\"630\" height=\"838\" src=\"https:\/\/i0.wp.com\/innoticiasbo.com\/wp-content\/uploads\/2026\/05\/image-7.png?resize=630%2C838&#038;ssl=1\" alt=\"\" class=\"wp-image-11658\" srcset=\"https:\/\/i0.wp.com\/innoticiasbo.com\/wp-content\/uploads\/2026\/05\/image-7.png?w=630&amp;ssl=1 630w, https:\/\/i0.wp.com\/innoticiasbo.com\/wp-content\/uploads\/2026\/05\/image-7.png?resize=226%2C300&amp;ssl=1 226w\" sizes=\"auto, (max-width: 630px) 100vw, 630px\" \/><\/figure>\n\n\n\n<p>La decisi\u00f3n se sustenta en la imposibilidad t\u00e9cnica de establecer con precisi\u00f3n el tiempo restante de operaci\u00f3n y la capacidad disponible. Seg\u00fan el dictamen, el departamento t\u00e9cnico no cuenta con un informe \u201ccuantitativo, volum\u00e9trico, fidedigno respecto al n\u00famero exacto de d\u00edas de operaci\u00f3n y del porcentaje remanente\u201d para el dep\u00f3sito de basura.<\/p>\n\n\n\n<p>Ante esta situaci\u00f3n, el Tribunal dispuso un plazo estimado de dos semanas para la realizaci\u00f3n de un relevamiento topogr\u00e1fico que permita verificar la cantidad real de residuos que a\u00fan pueden ser ingresados. Este proceso ser\u00e1 clave para definir los l\u00edmites t\u00e9cnicos bajo los cuales se mantendr\u00e1 la operaci\u00f3n del botadero.<\/p>\n\n\n\n<p>En ese marco, la resoluci\u00f3n establece de forma textual que \u201cse autoriza la continuidad del ingreso de residuos s\u00f3lidos al botadero de manera excepcional y transitoria\u201d, condicionando esta permisibilidad al cumplimiento estricto de par\u00e1metros t\u00e9cnicos relacionados con el volumen autorizado y el tiempo de operaci\u00f3n.<\/p>\n\n\n\n<p>Asimismo, se determina que estas acciones deber\u00e1n ejecutarse en coordinaci\u00f3n con el equipo t\u00e9cnico del propio Tribunal, que ser\u00e1 el encargado de validar los datos obtenidos y garantizar que se respeten las condiciones establecidas.<\/p>\n\n\n\n<figure class=\"wp-block-image size-full\"><img data-recalc-dims=\"1\" loading=\"lazy\" decoding=\"async\" width=\"573\" height=\"832\" src=\"https:\/\/i0.wp.com\/innoticiasbo.com\/wp-content\/uploads\/2026\/05\/image-8.png?resize=573%2C832&#038;ssl=1\" alt=\"\" class=\"wp-image-11659\" srcset=\"https:\/\/i0.wp.com\/innoticiasbo.com\/wp-content\/uploads\/2026\/05\/image-8.png?w=573&amp;ssl=1 573w, https:\/\/i0.wp.com\/innoticiasbo.com\/wp-content\/uploads\/2026\/05\/image-8.png?resize=207%2C300&amp;ssl=1 207w\" sizes=\"auto, (max-width: 573px) 100vw, 573px\" \/><\/figure>\n\n\n\n<p>El fallo tambi\u00e9n advierte que cualquier intento de impedir el ingreso de residuos ser\u00e1 considerado un incumplimiento, por lo que se dispone el auxilio de la fuerza p\u00fablica a trav\u00e9s de la Polic\u00eda Boliviana, instruyendo adem\u00e1s la notificaci\u00f3n al Comando Departamental para garantizar la ejecuci\u00f3n de la medida.<\/p>\n\n\n\n<p>La resoluci\u00f3n fue firmada por el decano del Tribunal Agroambiental, V\u00edctor Hugo Claure Hinojoza, asesinado por sicarios en las \u00faltimas horas en Santa Cruz.<\/p>\n","protected":false},"excerpt":{"rendered":"<p>Cochabamba, 1 de Mayo de 2026.- La Sala Primera del Tribunal Agroambiental determin\u00f3, mediante una resoluci\u00f3n emitida este 27 de abril, autorizar de manera excepcional y transitoria la continuidad del ingreso de residuos s\u00f3lidos al relleno sanitario de Caracara, pese a que el pasado 30 de abril se cumpli\u00f3 el plazo previamente establecido para el&#8230;<\/p>\n","protected":false},"author":11,"featured_media":11657,"comment_status":"open","ping_status":"open","sticky":false,"template":"","format":"standard","meta":{"_jetpack_memberships_contains_paid_content":false,"footnotes":"","jetpack_publicize_message":"","jetpack_publicize_feature_enabled":true,"jetpack_social_post_already_shared":true,"jetpack_social_options":{"image_generator_settings":{"template":"highway","enabled":false},"version":2}},"categories":[2],"tags":[2367,65,6,1129,22,66,298],"class_list":["post-11656","post","type-post","status-publish","format-standard","has-post-thumbnail","hentry","category-cochabamba","tag-ampliacion","tag-basura","tag-cochabamba","tag-el-avispero","tag-innoticias","tag-kara-kara","tag-tribunal-agroambiental"],"jetpack_publicize_connections":[],"yoast_head":"<!-- This site is optimized with the Yoast SEO plugin v23.4 - https:\/\/yoast.com\/wordpress\/plugins\/seo\/ -->\n<title>PRIMICIA: UN TRIBUNAL AGROAMBIENTAL AMPLI\u00d3 EL INGRESO DE BASURA A K\u2019ARA K\u2019ARA CON AUTORIZACI\u00d3N EXCEPCIONAL Y RESPALDO DE FUERZA P\u00daBLICA - innoticiasbo.com<\/title>\n<meta name=\"robots\" content=\"index, follow, max-snippet:-1, max-image-preview:large, max-video-preview:-1\" \/>\n<link rel=\"canonical\" href=\"https:\/\/innoticiasbo.com\/index.php\/2026\/05\/01\/primicia-un-tribunal-agroambiental-amplio-el-ingreso-de-basura-a-kara-kara-con-autorizacion-excepcional-y-respaldo-de-fuerza-publica\/\" \/>\n<meta property=\"og:locale\" content=\"es_ES\" \/>\n<meta property=\"og:type\" content=\"article\" \/>\n<meta property=\"og:title\" content=\"PRIMICIA: UN TRIBUNAL AGROAMBIENTAL AMPLI\u00d3 EL INGRESO DE BASURA A K\u2019ARA K\u2019ARA CON AUTORIZACI\u00d3N EXCEPCIONAL Y RESPALDO DE FUERZA P\u00daBLICA - innoticiasbo.com\" \/>\n<meta property=\"og:description\" content=\"Cochabamba, 1 de Mayo de 2026.- La Sala Primera del Tribunal Agroambiental determin\u00f3, mediante una resoluci\u00f3n emitida este 27 de abril, autorizar de manera excepcional y transitoria la continuidad del ingreso de residuos s\u00f3lidos al relleno sanitario de Caracara, pese a que el pasado 30 de abril se cumpli\u00f3 el plazo previamente establecido para el...\" \/>\n<meta property=\"og:url\" content=\"https:\/\/innoticiasbo.com\/index.php\/2026\/05\/01\/primicia-un-tribunal-agroambiental-amplio-el-ingreso-de-basura-a-kara-kara-con-autorizacion-excepcional-y-respaldo-de-fuerza-publica\/\" \/>\n<meta property=\"og:site_name\" content=\"innoticiasbo.com\" \/>\n<meta property=\"article:publisher\" content=\"https:\/\/www.facebook.com\/innoticiasbolivia\" \/>\n<meta property=\"article:published_time\" content=\"2026-05-01T16:18:58+00:00\" \/>\n<meta property=\"article:modified_time\" content=\"2026-05-01T16:18:59+00:00\" \/>\n<meta property=\"og:image\" content=\"https:\/\/innoticiasbo.com\/wp-content\/uploads\/2026\/05\/image-6.png\" \/>\n\t<meta property=\"og:image:width\" content=\"667\" \/>\n\t<meta property=\"og:image:height\" content=\"1054\" \/>\n\t<meta property=\"og:image:type\" content=\"image\/png\" \/>\n<meta name=\"author\" content=\"Prensa 11\" \/>\n<meta name=\"twitter:card\" content=\"summary_large_image\" \/>\n<meta name=\"twitter:creator\" content=\"@innoticiasbo\" \/>\n<meta name=\"twitter:site\" content=\"@innoticiasbo\" \/>\n<meta name=\"twitter:label1\" content=\"Escrito por\" \/>\n\t<meta name=\"twitter:data1\" content=\"Prensa 11\" \/>\n\t<meta name=\"twitter:label2\" content=\"Tiempo de lectura\" \/>\n\t<meta name=\"twitter:data2\" content=\"3 minutos\" \/>\n<script type=\"application\/ld+json\" class=\"yoast-schema-graph\">{\"@context\":\"https:\/\/schema.org\",\"@graph\":[{\"@type\":\"Article\",\"@id\":\"https:\/\/innoticiasbo.com\/index.php\/2026\/05\/01\/primicia-un-tribunal-agroambiental-amplio-el-ingreso-de-basura-a-kara-kara-con-autorizacion-excepcional-y-respaldo-de-fuerza-publica\/#article\",\"isPartOf\":{\"@id\":\"https:\/\/innoticiasbo.com\/index.php\/2026\/05\/01\/primicia-un-tribunal-agroambiental-amplio-el-ingreso-de-basura-a-kara-kara-con-autorizacion-excepcional-y-respaldo-de-fuerza-publica\/\"},\"author\":{\"name\":\"Prensa 11\",\"@id\":\"https:\/\/innoticiasbo.com\/#\/schema\/person\/0b28481e8d0316f83a13bc702311def5\"},\"headline\":\"PRIMICIA: UN TRIBUNAL AGROAMBIENTAL AMPLI\u00d3 EL INGRESO DE BASURA A K\u2019ARA K\u2019ARA CON AUTORIZACI\u00d3N EXCEPCIONAL Y RESPALDO DE FUERZA P\u00daBLICA\",\"datePublished\":\"2026-05-01T16:18:58+00:00\",\"dateModified\":\"2026-05-01T16:18:59+00:00\",\"mainEntityOfPage\":{\"@id\":\"https:\/\/innoticiasbo.com\/index.php\/2026\/05\/01\/primicia-un-tribunal-agroambiental-amplio-el-ingreso-de-basura-a-kara-kara-con-autorizacion-excepcional-y-respaldo-de-fuerza-publica\/\"},\"wordCount\":370,\"commentCount\":0,\"publisher\":{\"@id\":\"https:\/\/innoticiasbo.com\/#organization\"},\"image\":{\"@id\":\"https:\/\/innoticiasbo.com\/index.php\/2026\/05\/01\/primicia-un-tribunal-agroambiental-amplio-el-ingreso-de-basura-a-kara-kara-con-autorizacion-excepcional-y-respaldo-de-fuerza-publica\/#primaryimage\"},\"thumbnailUrl\":\"https:\/\/i0.wp.com\/innoticiasbo.com\/wp-content\/uploads\/2026\/05\/image-6.png?fit=667%2C1054&ssl=1\",\"keywords\":[\"ampliaci\u00f3n\",\"basura\",\"Cochabamba\",\"El Avispero\",\"innoticias\",\"k'ara k'ara\",\"Tribunal Agroambiental\"],\"articleSection\":[\"Cochabamba\"],\"inLanguage\":\"es\",\"potentialAction\":[{\"@type\":\"CommentAction\",\"name\":\"Comment\",\"target\":[\"https:\/\/innoticiasbo.com\/index.php\/2026\/05\/01\/primicia-un-tribunal-agroambiental-amplio-el-ingreso-de-basura-a-kara-kara-con-autorizacion-excepcional-y-respaldo-de-fuerza-publica\/#respond\"]}]},{\"@type\":\"WebPage\",\"@id\":\"https:\/\/innoticiasbo.com\/index.php\/2026\/05\/01\/primicia-un-tribunal-agroambiental-amplio-el-ingreso-de-basura-a-kara-kara-con-autorizacion-excepcional-y-respaldo-de-fuerza-publica\/\",\"url\":\"https:\/\/innoticiasbo.com\/index.php\/2026\/05\/01\/primicia-un-tribunal-agroambiental-amplio-el-ingreso-de-basura-a-kara-kara-con-autorizacion-excepcional-y-respaldo-de-fuerza-publica\/\",\"name\":\"PRIMICIA: UN TRIBUNAL AGROAMBIENTAL AMPLI\u00d3 EL INGRESO DE BASURA A K\u2019ARA K\u2019ARA CON AUTORIZACI\u00d3N EXCEPCIONAL Y RESPALDO DE FUERZA P\u00daBLICA - innoticiasbo.com\",\"isPartOf\":{\"@id\":\"https:\/\/innoticiasbo.com\/#website\"},\"primaryImageOfPage\":{\"@id\":\"https:\/\/innoticiasbo.com\/index.php\/2026\/05\/01\/primicia-un-tribunal-agroambiental-amplio-el-ingreso-de-basura-a-kara-kara-con-autorizacion-excepcional-y-respaldo-de-fuerza-publica\/#primaryimage\"},\"image\":{\"@id\":\"https:\/\/innoticiasbo.com\/index.php\/2026\/05\/01\/primicia-un-tribunal-agroambiental-amplio-el-ingreso-de-basura-a-kara-kara-con-autorizacion-excepcional-y-respaldo-de-fuerza-publica\/#primaryimage\"},\"thumbnailUrl\":\"https:\/\/i0.wp.com\/innoticiasbo.com\/wp-content\/uploads\/2026\/05\/image-6.png?fit=667%2C1054&ssl=1\",\"datePublished\":\"2026-05-01T16:18:58+00:00\",\"dateModified\":\"2026-05-01T16:18:59+00:00\",\"breadcrumb\":{\"@id\":\"https:\/\/innoticiasbo.com\/index.php\/2026\/05\/01\/primicia-un-tribunal-agroambiental-amplio-el-ingreso-de-basura-a-kara-kara-con-autorizacion-excepcional-y-respaldo-de-fuerza-publica\/#breadcrumb\"},\"inLanguage\":\"es\",\"potentialAction\":[{\"@type\":\"ReadAction\",\"target\":[\"https:\/\/innoticiasbo.com\/index.php\/2026\/05\/01\/primicia-un-tribunal-agroambiental-amplio-el-ingreso-de-basura-a-kara-kara-con-autorizacion-excepcional-y-respaldo-de-fuerza-publica\/\"]}]},{\"@type\":\"ImageObject\",\"inLanguage\":\"es\",\"@id\":\"https:\/\/innoticiasbo.com\/index.php\/2026\/05\/01\/primicia-un-tribunal-agroambiental-amplio-el-ingreso-de-basura-a-kara-kara-con-autorizacion-excepcional-y-respaldo-de-fuerza-publica\/#primaryimage\",\"url\":\"https:\/\/i0.wp.com\/innoticiasbo.com\/wp-content\/uploads\/2026\/05\/image-6.png?fit=667%2C1054&ssl=1\",\"contentUrl\":\"https:\/\/i0.wp.com\/innoticiasbo.com\/wp-content\/uploads\/2026\/05\/image-6.png?fit=667%2C1054&ssl=1\",\"width\":667,\"height\":1054},{\"@type\":\"BreadcrumbList\",\"@id\":\"https:\/\/innoticiasbo.com\/index.php\/2026\/05\/01\/primicia-un-tribunal-agroambiental-amplio-el-ingreso-de-basura-a-kara-kara-con-autorizacion-excepcional-y-respaldo-de-fuerza-publica\/#breadcrumb\",\"itemListElement\":[{\"@type\":\"ListItem\",\"position\":1,\"name\":\"Portada\",\"item\":\"https:\/\/innoticiasbo.com\/\"},{\"@type\":\"ListItem\",\"position\":2,\"name\":\"PRIMICIA: UN TRIBUNAL AGROAMBIENTAL AMPLI\u00d3 EL INGRESO DE BASURA A K\u2019ARA K\u2019ARA CON AUTORIZACI\u00d3N EXCEPCIONAL Y RESPALDO DE FUERZA P\u00daBLICA\"}]},{\"@type\":\"WebSite\",\"@id\":\"https:\/\/innoticiasbo.com\/#website\",\"url\":\"https:\/\/innoticiasbo.com\/\",\"name\":\"innoticiasbo.com\",\"description\":\"\",\"publisher\":{\"@id\":\"https:\/\/innoticiasbo.com\/#organization\"},\"potentialAction\":[{\"@type\":\"SearchAction\",\"target\":{\"@type\":\"EntryPoint\",\"urlTemplate\":\"https:\/\/innoticiasbo.com\/?s={search_term_string}\"},\"query-input\":{\"@type\":\"PropertyValueSpecification\",\"valueRequired\":true,\"valueName\":\"search_term_string\"}}],\"inLanguage\":\"es\"},{\"@type\":\"Organization\",\"@id\":\"https:\/\/innoticiasbo.com\/#organization\",\"name\":\"innoticiasbo.com\",\"url\":\"https:\/\/innoticiasbo.com\/\",\"logo\":{\"@type\":\"ImageObject\",\"inLanguage\":\"es\",\"@id\":\"https:\/\/innoticiasbo.com\/#\/schema\/logo\/image\/\",\"url\":\"https:\/\/i0.wp.com\/innoticiasbo.com\/wp-content\/uploads\/2026\/04\/cropped-IN-LOGO.png?fit=1476%2C1476&ssl=1\",\"contentUrl\":\"https:\/\/i0.wp.com\/innoticiasbo.com\/wp-content\/uploads\/2026\/04\/cropped-IN-LOGO.png?fit=1476%2C1476&ssl=1\",\"width\":1476,\"height\":1476,\"caption\":\"innoticiasbo.com\"},\"image\":{\"@id\":\"https:\/\/innoticiasbo.com\/#\/schema\/logo\/image\/\"},\"sameAs\":[\"https:\/\/www.facebook.com\/innoticiasbolivia\",\"https:\/\/x.com\/innoticiasbo\",\"https:\/\/www.instagram.com\/innoticiasbo\",\"https:\/\/www.youtube.com\/innoticiasbo\"]},{\"@type\":\"Person\",\"@id\":\"https:\/\/innoticiasbo.com\/#\/schema\/person\/0b28481e8d0316f83a13bc702311def5\",\"name\":\"Prensa 11\",\"image\":{\"@type\":\"ImageObject\",\"inLanguage\":\"es\",\"@id\":\"https:\/\/innoticiasbo.com\/#\/schema\/person\/image\/\",\"url\":\"https:\/\/secure.gravatar.com\/avatar\/696560c17349f1807a610bf83832bad0?s=96&d=mm&r=g\",\"contentUrl\":\"https:\/\/secure.gravatar.com\/avatar\/696560c17349f1807a610bf83832bad0?s=96&d=mm&r=g\",\"caption\":\"Prensa 11\"},\"sameAs\":[\"http:\/\/www.innoticiasbo.com\"],\"url\":\"https:\/\/innoticiasbo.com\/index.php\/author\/prensa-11\/\"}]}<\/script>\n<!-- \/ Yoast SEO plugin. -->","yoast_head_json":{"title":"PRIMICIA: UN TRIBUNAL AGROAMBIENTAL AMPLI\u00d3 EL INGRESO DE BASURA A K\u2019ARA K\u2019ARA CON AUTORIZACI\u00d3N EXCEPCIONAL Y RESPALDO DE FUERZA P\u00daBLICA - innoticiasbo.com","robots":{"index":"index","follow":"follow","max-snippet":"max-snippet:-1","max-image-preview":"max-image-preview:large","max-video-preview":"max-video-preview:-1"},"canonical":"https:\/\/innoticiasbo.com\/index.php\/2026\/05\/01\/primicia-un-tribunal-agroambiental-amplio-el-ingreso-de-basura-a-kara-kara-con-autorizacion-excepcional-y-respaldo-de-fuerza-publica\/","og_locale":"es_ES","og_type":"article","og_title":"PRIMICIA: UN TRIBUNAL AGROAMBIENTAL AMPLI\u00d3 EL INGRESO DE BASURA A K\u2019ARA K\u2019ARA CON AUTORIZACI\u00d3N EXCEPCIONAL Y RESPALDO DE FUERZA P\u00daBLICA - innoticiasbo.com","og_description":"Cochabamba, 1 de Mayo de 2026.- La Sala Primera del Tribunal Agroambiental determin\u00f3, mediante una resoluci\u00f3n emitida este 27 de abril, autorizar de manera excepcional y transitoria la continuidad del ingreso de residuos s\u00f3lidos al relleno sanitario de Caracara, pese a que el pasado 30 de abril se cumpli\u00f3 el plazo previamente establecido para el...","og_url":"https:\/\/innoticiasbo.com\/index.php\/2026\/05\/01\/primicia-un-tribunal-agroambiental-amplio-el-ingreso-de-basura-a-kara-kara-con-autorizacion-excepcional-y-respaldo-de-fuerza-publica\/","og_site_name":"innoticiasbo.com","article_publisher":"https:\/\/www.facebook.com\/innoticiasbolivia","article_published_time":"2026-05-01T16:18:58+00:00","article_modified_time":"2026-05-01T16:18:59+00:00","og_image":[{"width":667,"height":1054,"url":"https:\/\/innoticiasbo.com\/wp-content\/uploads\/2026\/05\/image-6.png","type":"image\/png"}],"author":"Prensa 11","twitter_card":"summary_large_image","twitter_creator":"@innoticiasbo","twitter_site":"@innoticiasbo","twitter_misc":{"Escrito por":"Prensa 11","Tiempo de lectura":"3 minutos"},"schema":{"@context":"https:\/\/schema.org","@graph":[{"@type":"Article","@id":"https:\/\/innoticiasbo.com\/index.php\/2026\/05\/01\/primicia-un-tribunal-agroambiental-amplio-el-ingreso-de-basura-a-kara-kara-con-autorizacion-excepcional-y-respaldo-de-fuerza-publica\/#article","isPartOf":{"@id":"https:\/\/innoticiasbo.com\/index.php\/2026\/05\/01\/primicia-un-tribunal-agroambiental-amplio-el-ingreso-de-basura-a-kara-kara-con-autorizacion-excepcional-y-respaldo-de-fuerza-publica\/"},"author":{"name":"Prensa 11","@id":"https:\/\/innoticiasbo.com\/#\/schema\/person\/0b28481e8d0316f83a13bc702311def5"},"headline":"PRIMICIA: UN TRIBUNAL AGROAMBIENTAL AMPLI\u00d3 EL INGRESO DE BASURA A K\u2019ARA K\u2019ARA CON AUTORIZACI\u00d3N EXCEPCIONAL Y RESPALDO DE FUERZA P\u00daBLICA","datePublished":"2026-05-01T16:18:58+00:00","dateModified":"2026-05-01T16:18:59+00:00","mainEntityOfPage":{"@id":"https:\/\/innoticiasbo.com\/index.php\/2026\/05\/01\/primicia-un-tribunal-agroambiental-amplio-el-ingreso-de-basura-a-kara-kara-con-autorizacion-excepcional-y-respaldo-de-fuerza-publica\/"},"wordCount":370,"commentCount":0,"publisher":{"@id":"https:\/\/innoticiasbo.com\/#organization"},"image":{"@id":"https:\/\/innoticiasbo.com\/index.php\/2026\/05\/01\/primicia-un-tribunal-agroambiental-amplio-el-ingreso-de-basura-a-kara-kara-con-autorizacion-excepcional-y-respaldo-de-fuerza-publica\/#primaryimage"},"thumbnailUrl":"https:\/\/i0.wp.com\/innoticiasbo.com\/wp-content\/uploads\/2026\/05\/image-6.png?fit=667%2C1054&ssl=1","keywords":["ampliaci\u00f3n","basura","Cochabamba","El Avispero","innoticias","k'ara k'ara","Tribunal Agroambiental"],"articleSection":["Cochabamba"],"inLanguage":"es","potentialAction":[{"@type":"CommentAction","name":"Comment","target":["https:\/\/innoticiasbo.com\/index.php\/2026\/05\/01\/primicia-un-tribunal-agroambiental-amplio-el-ingreso-de-basura-a-kara-kara-con-autorizacion-excepcional-y-respaldo-de-fuerza-publica\/#respond"]}]},{"@type":"WebPage","@id":"https:\/\/innoticiasbo.com\/index.php\/2026\/05\/01\/primicia-un-tribunal-agroambiental-amplio-el-ingreso-de-basura-a-kara-kara-con-autorizacion-excepcional-y-respaldo-de-fuerza-publica\/","url":"https:\/\/innoticiasbo.com\/index.php\/2026\/05\/01\/primicia-un-tribunal-agroambiental-amplio-el-ingreso-de-basura-a-kara-kara-con-autorizacion-excepcional-y-respaldo-de-fuerza-publica\/","name":"PRIMICIA: UN TRIBUNAL AGROAMBIENTAL AMPLI\u00d3 EL INGRESO DE BASURA A K\u2019ARA K\u2019ARA CON AUTORIZACI\u00d3N EXCEPCIONAL Y RESPALDO DE FUERZA P\u00daBLICA - innoticiasbo.com","isPartOf":{"@id":"https:\/\/innoticiasbo.com\/#website"},"primaryImageOfPage":{"@id":"https:\/\/innoticiasbo.com\/index.php\/2026\/05\/01\/primicia-un-tribunal-agroambiental-amplio-el-ingreso-de-basura-a-kara-kara-con-autorizacion-excepcional-y-respaldo-de-fuerza-publica\/#primaryimage"},"image":{"@id":"https:\/\/innoticiasbo.com\/index.php\/2026\/05\/01\/primicia-un-tribunal-agroambiental-amplio-el-ingreso-de-basura-a-kara-kara-con-autorizacion-excepcional-y-respaldo-de-fuerza-publica\/#primaryimage"},"thumbnailUrl":"https:\/\/i0.wp.com\/innoticiasbo.com\/wp-content\/uploads\/2026\/05\/image-6.png?fit=667%2C1054&ssl=1","datePublished":"2026-05-01T16:18:58+00:00","dateModified":"2026-05-01T16:18:59+00:00","breadcrumb":{"@id":"https:\/\/innoticiasbo.com\/index.php\/2026\/05\/01\/primicia-un-tribunal-agroambiental-amplio-el-ingreso-de-basura-a-kara-kara-con-autorizacion-excepcional-y-respaldo-de-fuerza-publica\/#breadcrumb"},"inLanguage":"es","potentialAction":[{"@type":"ReadAction","target":["https:\/\/innoticiasbo.com\/index.php\/2026\/05\/01\/primicia-un-tribunal-agroambiental-amplio-el-ingreso-de-basura-a-kara-kara-con-autorizacion-excepcional-y-respaldo-de-fuerza-publica\/"]}]},{"@type":"ImageObject","inLanguage":"es","@id":"https:\/\/innoticiasbo.com\/index.php\/2026\/05\/01\/primicia-un-tribunal-agroambiental-amplio-el-ingreso-de-basura-a-kara-kara-con-autorizacion-excepcional-y-respaldo-de-fuerza-publica\/#primaryimage","url":"https:\/\/i0.wp.com\/innoticiasbo.com\/wp-content\/uploads\/2026\/05\/image-6.png?fit=667%2C1054&ssl=1","contentUrl":"https:\/\/i0.wp.com\/innoticiasbo.com\/wp-content\/uploads\/2026\/05\/image-6.png?fit=667%2C1054&ssl=1","width":667,"height":1054},{"@type":"BreadcrumbList","@id":"https:\/\/innoticiasbo.com\/index.php\/2026\/05\/01\/primicia-un-tribunal-agroambiental-amplio-el-ingreso-de-basura-a-kara-kara-con-autorizacion-excepcional-y-respaldo-de-fuerza-publica\/#breadcrumb","itemListElement":[{"@type":"ListItem","position":1,"name":"Portada","item":"https:\/\/innoticiasbo.com\/"},{"@type":"ListItem","position":2,"name":"PRIMICIA: UN TRIBUNAL AGROAMBIENTAL AMPLI\u00d3 EL INGRESO DE BASURA A K\u2019ARA K\u2019ARA CON AUTORIZACI\u00d3N EXCEPCIONAL Y RESPALDO DE FUERZA P\u00daBLICA"}]},{"@type":"WebSite","@id":"https:\/\/innoticiasbo.com\/#website","url":"https:\/\/innoticiasbo.com\/","name":"innoticiasbo.com","description":"","publisher":{"@id":"https:\/\/innoticiasbo.com\/#organization"},"potentialAction":[{"@type":"SearchAction","target":{"@type":"EntryPoint","urlTemplate":"https:\/\/innoticiasbo.com\/?s={search_term_string}"},"query-input":{"@type":"PropertyValueSpecification","valueRequired":true,"valueName":"search_term_string"}}],"inLanguage":"es"},{"@type":"Organization","@id":"https:\/\/innoticiasbo.com\/#organization","name":"innoticiasbo.com","url":"https:\/\/innoticiasbo.com\/","logo":{"@type":"ImageObject","inLanguage":"es","@id":"https:\/\/innoticiasbo.com\/#\/schema\/logo\/image\/","url":"https:\/\/i0.wp.com\/innoticiasbo.com\/wp-content\/uploads\/2026\/04\/cropped-IN-LOGO.png?fit=1476%2C1476&ssl=1","contentUrl":"https:\/\/i0.wp.com\/innoticiasbo.com\/wp-content\/uploads\/2026\/04\/cropped-IN-LOGO.png?fit=1476%2C1476&ssl=1","width":1476,"height":1476,"caption":"innoticiasbo.com"},"image":{"@id":"https:\/\/innoticiasbo.com\/#\/schema\/logo\/image\/"},"sameAs":["https:\/\/www.facebook.com\/innoticiasbolivia","https:\/\/x.com\/innoticiasbo","https:\/\/www.instagram.com\/innoticiasbo","https:\/\/www.youtube.com\/innoticiasbo"]},{"@type":"Person","@id":"https:\/\/innoticiasbo.com\/#\/schema\/person\/0b28481e8d0316f83a13bc702311def5","name":"Prensa 11","image":{"@type":"ImageObject","inLanguage":"es","@id":"https:\/\/innoticiasbo.com\/#\/schema\/person\/image\/","url":"https:\/\/secure.gravatar.com\/avatar\/696560c17349f1807a610bf83832bad0?s=96&d=mm&r=g","contentUrl":"https:\/\/secure.gravatar.com\/avatar\/696560c17349f1807a610bf83832bad0?s=96&d=mm&r=g","caption":"Prensa 11"},"sameAs":["http:\/\/www.innoticiasbo.com"],"url":"https:\/\/innoticiasbo.com\/index.php\/author\/prensa-11\/"}]}},"jetpack_featured_media_url":"https:\/\/i0.wp.com\/innoticiasbo.com\/wp-content\/uploads\/2026\/05\/image-6.png?fit=667%2C1054&ssl=1","jetpack_likes_enabled":true,"jetpack_sharing_enabled":true,"jetpack_shortlink":"https:\/\/wp.me\/pg298x-320","_links":{"self":[{"href":"https:\/\/innoticiasbo.com\/index.php\/wp-json\/wp\/v2\/posts\/11656","targetHints":{"allow":["GET"]}}],"collection":[{"href":"https:\/\/innoticiasbo.com\/index.php\/wp-json\/wp\/v2\/posts"}],"about":[{"href":"https:\/\/innoticiasbo.com\/index.php\/wp-json\/wp\/v2\/types\/post"}],"author":[{"embeddable":true,"href":"https:\/\/innoticiasbo.com\/index.php\/wp-json\/wp\/v2\/users\/11"}],"replies":[{"embeddable":true,"href":"https:\/\/innoticiasbo.com\/index.php\/wp-json\/wp\/v2\/comments?post=11656"}],"version-history":[{"count":1,"href":"https:\/\/innoticiasbo.com\/index.php\/wp-json\/wp\/v2\/posts\/11656\/revisions"}],"predecessor-version":[{"id":11660,"href":"https:\/\/innoticiasbo.com\/index.php\/wp-json\/wp\/v2\/posts\/11656\/revisions\/11660"}],"wp:featuredmedia":[{"embeddable":true,"href":"https:\/\/innoticiasbo.com\/index.php\/wp-json\/wp\/v2\/media\/11657"}],"wp:attachment":[{"href":"https:\/\/innoticiasbo.com\/index.php\/wp-json\/wp\/v2\/media?parent=11656"}],"wp:term":[{"taxonomy":"category","embeddable":true,"href":"https:\/\/innoticiasbo.com\/index.php\/wp-json\/wp\/v2\/categories?post=11656"},{"taxonomy":"post_tag","embeddable":true,"href":"https:\/\/innoticiasbo.com\/index.php\/wp-json\/wp\/v2\/tags?post=11656"}],"curies":[{"name":"wp","href":"https:\/\/api.w.org\/{rel}","templated":true}]}}