{"id":11648,"date":"2026-05-01T11:41:44","date_gmt":"2026-05-01T15:41:44","guid":{"rendered":"https:\/\/innoticiasbo.com\/?p=11648"},"modified":"2026-05-01T11:41:46","modified_gmt":"2026-05-01T15:41:46","slug":"bolivia-conmemora-el-primero-de-mayo-marcado-por-movilizaciones-y-el-llamado-del-gobierno-para-reconstruir-el-pais","status":"publish","type":"post","link":"https:\/\/innoticiasbo.com\/index.php\/2026\/05\/01\/bolivia-conmemora-el-primero-de-mayo-marcado-por-movilizaciones-y-el-llamado-del-gobierno-para-reconstruir-el-pais\/","title":{"rendered":"BOLIVIA CONMEMORA EL PRIMERO DE MAYO MARCADO POR MOVILIZACIONES Y EL LLAMADO DEL GOBIERNO PARA RECONSTRUIR EL PA\u00cdS"},"content":{"rendered":"\n<figure class=\"wp-block-image size-large\"><img data-recalc-dims=\"1\" loading=\"lazy\" decoding=\"async\" width=\"640\" height=\"273\" src=\"https:\/\/i0.wp.com\/innoticiasbo.com\/wp-content\/uploads\/2026\/05\/image-3.png?resize=640%2C273&#038;ssl=1\" alt=\"\" class=\"wp-image-11649\" srcset=\"https:\/\/i0.wp.com\/innoticiasbo.com\/wp-content\/uploads\/2026\/05\/image-3.png?resize=1024%2C436&amp;ssl=1 1024w, https:\/\/i0.wp.com\/innoticiasbo.com\/wp-content\/uploads\/2026\/05\/image-3.png?resize=300%2C128&amp;ssl=1 300w, https:\/\/i0.wp.com\/innoticiasbo.com\/wp-content\/uploads\/2026\/05\/image-3.png?resize=768%2C327&amp;ssl=1 768w, https:\/\/i0.wp.com\/innoticiasbo.com\/wp-content\/uploads\/2026\/05\/image-3.png?w=1280&amp;ssl=1 1280w\" sizes=\"auto, (max-width: 640px) 100vw, 640px\" \/><\/figure>\n\n\n\n<p><strong>Pa\u00eds, 1 de Mayo de 2026.-<\/strong> Este viernes Primero de Mayo se conmemora el D\u00eda del Trabajo. En Bolivia, sectores como la Central Obrera Boliviana (COB), el magisterio urbano, choferes, ind\u00edgenas y campesinos llegan a esta fecha con una serie de pedidos y demandas al Gobierno central.<\/p>\n\n\n\n<p>Marchas y protestas<\/p>\n\n\n\n<p>Como todos los a\u00f1os, la COB marchar\u00e1 en esta jornada, pero ahora reclama una supuesta desatenci\u00f3n de parte del Gobierno al pliego, que incluye un pedido de incremento salarial.<\/p>\n\n\n\n<p>Por ello, han convocado a los afiliados al ente matriz a un cabildo en el cual pretenden determinar las acciones que asumir\u00e1n frente a la postura del Gobierno.<\/p>\n\n\n\n<p>El presidente Rodrigo Paz se\u00f1al\u00f3 la noche del jueves que recibi\u00f3 un pa\u00eds \u201cquebrado\u201d y, debido a la compleja situaci\u00f3n econ\u00f3mica del pa\u00eds, descart\u00f3 el pedido de los asalariados.<\/p>\n\n\n\n<p>\u00bfQu\u00e9 pide la COB?<\/p>\n\n\n\n<p>Para esta gesti\u00f3n piden un incremento salarial del 20% al salario m\u00ednimo nacional y al haber b\u00e1sico. Asimismo, solicitan el recorte de salarios para los altos cargos del sector p\u00fablico y piden cambios en el gabinete econ\u00f3mico y de trabajo.<\/p>\n\n\n\n<p><strong>Magisterio<\/strong><\/p>\n\n\n\n<p>Con una marcha, que parti\u00f3 el pasado martes desde Calamarca, en la carretera que une a La Paz con Oruro, el magisterio urbano el exige al Ejecutivo que cumpla una serie de demandas, entre ellas el incremento salarial.<\/p>\n\n\n\n<p>La movilizaci\u00f3n se dirige este viernes al cabildo a la Ceja para participar en el cabildo de la COB.<\/p>\n\n\n\n<p>Los maestros piden adem\u00e1s mayor inversi\u00f3n en la educaci\u00f3n p\u00fablica; dotaci\u00f3n de \u00edtems; nivelaci\u00f3n de horas; mejoras en infraestructura e incremento salarial acorde a la situaci\u00f3n econ\u00f3mica del pa\u00eds.<\/p>\n\n\n\n<p>Choferes convocan a paro<\/p>\n\n\n\n<p>En Santa Cruz de la Sierra, la Confederaci\u00f3n Sindical de Choferes de Bolivia, realiz\u00f3 un ampliado nacional en el que determin\u00f3 un paro de transporte para el martes 5 de mayo, debido al supuesto \u201cincumplimiento\u201d del Gobierno para solucionar los problemas con la calidad de la gasolina, el resarcimiento de los da\u00f1os y el deterioro en carreteras del pa\u00eds.<\/p>\n\n\n\n<p>Marcha ind\u00edgena campesina<\/p>\n\n\n\n<p>Otro de los sectores con demandas hacia el Gobierno son los ind\u00edgenas y campesinos que partieron desde Pando con rumbo a la ciudad de La Paz, para exigir la abrogaci\u00f3n de la Ley 1720, que regula la conversi\u00f3n de peque\u00f1a a mediana propiedad.<\/p>\n\n\n\n<p>En medio de la movilizaci\u00f3n, el Gobierno aprob\u00f3 el Decreto Supremo 5613, que autoriza la dotaci\u00f3n de tierras en Pando y Beni.<\/p>\n\n\n\n<p>Los privados cuestionan la norma al considerar que afecta a la seguridad jur\u00eddica, seg\u00fan la C\u00e1mara Forestal de Bolivia (CFB), que ya emiti\u00f3 una declaratoria de emergencia ante este escenario.<\/p>\n\n\n\n<p>Respuesta del Gobierno<\/p>\n\n\n\n<p>Ante las protestas, el presidente Rodrigo Paz, en un mensaje difundido la noche de este jueves, se\u00f1al\u00f3 que inicia el sexto mes de su Gobierno y, con la elecci\u00f3n de las nuevas autoridades subnacionales, comienza una nueva etapa para sacar adelante el pa\u00eds.<\/p>\n\n\n\n<p>Anunci\u00f3 un paquete de leyes que ser\u00e1 enviado a Asamblea Legislativa Plurinacional y convoc\u00f3 a un gran encuentro nacional.<\/p>\n\n\n\n<p>\u201cDesde el 1 de mayo vamos a abrir una nueva etapa en Bolivia\u201d, manifest\u00f3 Paz durante su discurso presidencial.<\/p>\n\n\n\n<p>Fuente: Unitel<\/p>\n","protected":false},"excerpt":{"rendered":"<p>Pa\u00eds, 1 de Mayo de 2026.- Este viernes Primero de Mayo se conmemora el D\u00eda del Trabajo. En Bolivia, sectores como la Central Obrera Boliviana (COB), el magisterio urbano, choferes, ind\u00edgenas y campesinos llegan a esta fecha con una serie de pedidos y demandas al Gobierno central. Marchas y protestas Como todos los a\u00f1os, la&#8230;<\/p>\n","protected":false},"author":11,"featured_media":11649,"comment_status":"open","ping_status":"open","sticky":false,"template":"","format":"standard","meta":{"_jetpack_memberships_contains_paid_content":false,"footnotes":"","jetpack_publicize_message":"","jetpack_publicize_feature_enabled":true,"jetpack_social_post_already_shared":true,"jetpack_social_options":{"image_generator_settings":{"template":"highway","enabled":false},"version":2}},"categories":[1],"tags":[2803,7,174,81,2802,2392,528,38],"class_list":["post-11648","post","type-post","status-publish","format-standard","has-post-thumbnail","hentry","category-bolivia","tag-1ro-de-mayo","tag-bolivia","tag-cob","tag-magisterio","tag-marcha-indigena-campesina","tag-marchas","tag-movilizaciones","tag-paro"],"jetpack_publicize_connections":[],"yoast_head":"<!-- This site is optimized with the Yoast SEO plugin v23.4 - https:\/\/yoast.com\/wordpress\/plugins\/seo\/ -->\n<title>BOLIVIA CONMEMORA EL PRIMERO DE MAYO MARCADO POR MOVILIZACIONES Y EL LLAMADO DEL GOBIERNO PARA RECONSTRUIR EL PA\u00cdS - innoticiasbo.com<\/title>\n<meta name=\"robots\" content=\"index, follow, max-snippet:-1, max-image-preview:large, max-video-preview:-1\" \/>\n<link rel=\"canonical\" href=\"https:\/\/innoticiasbo.com\/index.php\/2026\/05\/01\/bolivia-conmemora-el-primero-de-mayo-marcado-por-movilizaciones-y-el-llamado-del-gobierno-para-reconstruir-el-pais\/\" \/>\n<meta property=\"og:locale\" content=\"es_ES\" \/>\n<meta property=\"og:type\" content=\"article\" \/>\n<meta property=\"og:title\" content=\"BOLIVIA CONMEMORA EL PRIMERO DE MAYO MARCADO POR MOVILIZACIONES Y EL LLAMADO DEL GOBIERNO PARA RECONSTRUIR EL PA\u00cdS - innoticiasbo.com\" \/>\n<meta property=\"og:description\" content=\"Pa\u00eds, 1 de Mayo de 2026.- Este viernes Primero de Mayo se conmemora el D\u00eda del Trabajo. En Bolivia, sectores como la Central Obrera Boliviana (COB), el magisterio urbano, choferes, ind\u00edgenas y campesinos llegan a esta fecha con una serie de pedidos y demandas al Gobierno central. Marchas y protestas Como todos los a\u00f1os, la...\" \/>\n<meta property=\"og:url\" content=\"https:\/\/innoticiasbo.com\/index.php\/2026\/05\/01\/bolivia-conmemora-el-primero-de-mayo-marcado-por-movilizaciones-y-el-llamado-del-gobierno-para-reconstruir-el-pais\/\" \/>\n<meta property=\"og:site_name\" content=\"innoticiasbo.com\" \/>\n<meta property=\"article:publisher\" content=\"https:\/\/www.facebook.com\/innoticiasbolivia\" \/>\n<meta property=\"article:published_time\" content=\"2026-05-01T15:41:44+00:00\" \/>\n<meta property=\"article:modified_time\" content=\"2026-05-01T15:41:46+00:00\" \/>\n<meta property=\"og:image\" content=\"https:\/\/innoticiasbo.com\/wp-content\/uploads\/2026\/05\/image-3.png\" \/>\n\t<meta property=\"og:image:width\" content=\"1280\" \/>\n\t<meta property=\"og:image:height\" content=\"545\" \/>\n\t<meta property=\"og:image:type\" content=\"image\/png\" \/>\n<meta name=\"author\" content=\"Prensa 11\" \/>\n<meta name=\"twitter:card\" content=\"summary_large_image\" \/>\n<meta name=\"twitter:creator\" content=\"@innoticiasbo\" \/>\n<meta name=\"twitter:site\" content=\"@innoticiasbo\" \/>\n<meta name=\"twitter:label1\" content=\"Escrito por\" \/>\n\t<meta name=\"twitter:data1\" content=\"Prensa 11\" \/>\n\t<meta name=\"twitter:label2\" content=\"Tiempo de lectura\" \/>\n\t<meta name=\"twitter:data2\" content=\"3 minutos\" \/>\n<script type=\"application\/ld+json\" class=\"yoast-schema-graph\">{\"@context\":\"https:\/\/schema.org\",\"@graph\":[{\"@type\":\"Article\",\"@id\":\"https:\/\/innoticiasbo.com\/index.php\/2026\/05\/01\/bolivia-conmemora-el-primero-de-mayo-marcado-por-movilizaciones-y-el-llamado-del-gobierno-para-reconstruir-el-pais\/#article\",\"isPartOf\":{\"@id\":\"https:\/\/innoticiasbo.com\/index.php\/2026\/05\/01\/bolivia-conmemora-el-primero-de-mayo-marcado-por-movilizaciones-y-el-llamado-del-gobierno-para-reconstruir-el-pais\/\"},\"author\":{\"name\":\"Prensa 11\",\"@id\":\"https:\/\/innoticiasbo.com\/#\/schema\/person\/0b28481e8d0316f83a13bc702311def5\"},\"headline\":\"BOLIVIA CONMEMORA EL PRIMERO DE MAYO MARCADO POR MOVILIZACIONES Y EL LLAMADO DEL GOBIERNO PARA RECONSTRUIR EL PA\u00cdS\",\"datePublished\":\"2026-05-01T15:41:44+00:00\",\"dateModified\":\"2026-05-01T15:41:46+00:00\",\"mainEntityOfPage\":{\"@id\":\"https:\/\/innoticiasbo.com\/index.php\/2026\/05\/01\/bolivia-conmemora-el-primero-de-mayo-marcado-por-movilizaciones-y-el-llamado-del-gobierno-para-reconstruir-el-pais\/\"},\"wordCount\":569,\"commentCount\":0,\"publisher\":{\"@id\":\"https:\/\/innoticiasbo.com\/#organization\"},\"image\":{\"@id\":\"https:\/\/innoticiasbo.com\/index.php\/2026\/05\/01\/bolivia-conmemora-el-primero-de-mayo-marcado-por-movilizaciones-y-el-llamado-del-gobierno-para-reconstruir-el-pais\/#primaryimage\"},\"thumbnailUrl\":\"https:\/\/i0.wp.com\/innoticiasbo.com\/wp-content\/uploads\/2026\/05\/image-3.png?fit=1280%2C545&ssl=1\",\"keywords\":[\"1ro de Mayo\",\"Bolivia\",\"COB\",\"magisterio\",\"Marcha ind\u00edgena campesina\",\"Marchas\",\"movilizaciones\",\"paro\"],\"articleSection\":[\"Bolivia\"],\"inLanguage\":\"es\",\"potentialAction\":[{\"@type\":\"CommentAction\",\"name\":\"Comment\",\"target\":[\"https:\/\/innoticiasbo.com\/index.php\/2026\/05\/01\/bolivia-conmemora-el-primero-de-mayo-marcado-por-movilizaciones-y-el-llamado-del-gobierno-para-reconstruir-el-pais\/#respond\"]}]},{\"@type\":\"WebPage\",\"@id\":\"https:\/\/innoticiasbo.com\/index.php\/2026\/05\/01\/bolivia-conmemora-el-primero-de-mayo-marcado-por-movilizaciones-y-el-llamado-del-gobierno-para-reconstruir-el-pais\/\",\"url\":\"https:\/\/innoticiasbo.com\/index.php\/2026\/05\/01\/bolivia-conmemora-el-primero-de-mayo-marcado-por-movilizaciones-y-el-llamado-del-gobierno-para-reconstruir-el-pais\/\",\"name\":\"BOLIVIA CONMEMORA EL PRIMERO DE MAYO MARCADO POR MOVILIZACIONES Y EL LLAMADO DEL GOBIERNO PARA RECONSTRUIR EL PA\u00cdS - innoticiasbo.com\",\"isPartOf\":{\"@id\":\"https:\/\/innoticiasbo.com\/#website\"},\"primaryImageOfPage\":{\"@id\":\"https:\/\/innoticiasbo.com\/index.php\/2026\/05\/01\/bolivia-conmemora-el-primero-de-mayo-marcado-por-movilizaciones-y-el-llamado-del-gobierno-para-reconstruir-el-pais\/#primaryimage\"},\"image\":{\"@id\":\"https:\/\/innoticiasbo.com\/index.php\/2026\/05\/01\/bolivia-conmemora-el-primero-de-mayo-marcado-por-movilizaciones-y-el-llamado-del-gobierno-para-reconstruir-el-pais\/#primaryimage\"},\"thumbnailUrl\":\"https:\/\/i0.wp.com\/innoticiasbo.com\/wp-content\/uploads\/2026\/05\/image-3.png?fit=1280%2C545&ssl=1\",\"datePublished\":\"2026-05-01T15:41:44+00:00\",\"dateModified\":\"2026-05-01T15:41:46+00:00\",\"breadcrumb\":{\"@id\":\"https:\/\/innoticiasbo.com\/index.php\/2026\/05\/01\/bolivia-conmemora-el-primero-de-mayo-marcado-por-movilizaciones-y-el-llamado-del-gobierno-para-reconstruir-el-pais\/#breadcrumb\"},\"inLanguage\":\"es\",\"potentialAction\":[{\"@type\":\"ReadAction\",\"target\":[\"https:\/\/innoticiasbo.com\/index.php\/2026\/05\/01\/bolivia-conmemora-el-primero-de-mayo-marcado-por-movilizaciones-y-el-llamado-del-gobierno-para-reconstruir-el-pais\/\"]}]},{\"@type\":\"ImageObject\",\"inLanguage\":\"es\",\"@id\":\"https:\/\/innoticiasbo.com\/index.php\/2026\/05\/01\/bolivia-conmemora-el-primero-de-mayo-marcado-por-movilizaciones-y-el-llamado-del-gobierno-para-reconstruir-el-pais\/#primaryimage\",\"url\":\"https:\/\/i0.wp.com\/innoticiasbo.com\/wp-content\/uploads\/2026\/05\/image-3.png?fit=1280%2C545&ssl=1\",\"contentUrl\":\"https:\/\/i0.wp.com\/innoticiasbo.com\/wp-content\/uploads\/2026\/05\/image-3.png?fit=1280%2C545&ssl=1\",\"width\":1280,\"height\":545},{\"@type\":\"BreadcrumbList\",\"@id\":\"https:\/\/innoticiasbo.com\/index.php\/2026\/05\/01\/bolivia-conmemora-el-primero-de-mayo-marcado-por-movilizaciones-y-el-llamado-del-gobierno-para-reconstruir-el-pais\/#breadcrumb\",\"itemListElement\":[{\"@type\":\"ListItem\",\"position\":1,\"name\":\"Portada\",\"item\":\"https:\/\/innoticiasbo.com\/\"},{\"@type\":\"ListItem\",\"position\":2,\"name\":\"BOLIVIA CONMEMORA EL PRIMERO DE MAYO MARCADO POR MOVILIZACIONES Y EL LLAMADO DEL GOBIERNO PARA RECONSTRUIR EL PA\u00cdS\"}]},{\"@type\":\"WebSite\",\"@id\":\"https:\/\/innoticiasbo.com\/#website\",\"url\":\"https:\/\/innoticiasbo.com\/\",\"name\":\"innoticiasbo.com\",\"description\":\"\",\"publisher\":{\"@id\":\"https:\/\/innoticiasbo.com\/#organization\"},\"potentialAction\":[{\"@type\":\"SearchAction\",\"target\":{\"@type\":\"EntryPoint\",\"urlTemplate\":\"https:\/\/innoticiasbo.com\/?s={search_term_string}\"},\"query-input\":{\"@type\":\"PropertyValueSpecification\",\"valueRequired\":true,\"valueName\":\"search_term_string\"}}],\"inLanguage\":\"es\"},{\"@type\":\"Organization\",\"@id\":\"https:\/\/innoticiasbo.com\/#organization\",\"name\":\"innoticiasbo.com\",\"url\":\"https:\/\/innoticiasbo.com\/\",\"logo\":{\"@type\":\"ImageObject\",\"inLanguage\":\"es\",\"@id\":\"https:\/\/innoticiasbo.com\/#\/schema\/logo\/image\/\",\"url\":\"https:\/\/i0.wp.com\/innoticiasbo.com\/wp-content\/uploads\/2026\/04\/cropped-IN-LOGO.png?fit=1476%2C1476&ssl=1\",\"contentUrl\":\"https:\/\/i0.wp.com\/innoticiasbo.com\/wp-content\/uploads\/2026\/04\/cropped-IN-LOGO.png?fit=1476%2C1476&ssl=1\",\"width\":1476,\"height\":1476,\"caption\":\"innoticiasbo.com\"},\"image\":{\"@id\":\"https:\/\/innoticiasbo.com\/#\/schema\/logo\/image\/\"},\"sameAs\":[\"https:\/\/www.facebook.com\/innoticiasbolivia\",\"https:\/\/x.com\/innoticiasbo\",\"https:\/\/www.instagram.com\/innoticiasbo\",\"https:\/\/www.youtube.com\/innoticiasbo\"]},{\"@type\":\"Person\",\"@id\":\"https:\/\/innoticiasbo.com\/#\/schema\/person\/0b28481e8d0316f83a13bc702311def5\",\"name\":\"Prensa 11\",\"image\":{\"@type\":\"ImageObject\",\"inLanguage\":\"es\",\"@id\":\"https:\/\/innoticiasbo.com\/#\/schema\/person\/image\/\",\"url\":\"https:\/\/secure.gravatar.com\/avatar\/696560c17349f1807a610bf83832bad0?s=96&d=mm&r=g\",\"contentUrl\":\"https:\/\/secure.gravatar.com\/avatar\/696560c17349f1807a610bf83832bad0?s=96&d=mm&r=g\",\"caption\":\"Prensa 11\"},\"sameAs\":[\"http:\/\/www.innoticiasbo.com\"],\"url\":\"https:\/\/innoticiasbo.com\/index.php\/author\/prensa-11\/\"}]}<\/script>\n<!-- \/ Yoast SEO plugin. -->","yoast_head_json":{"title":"BOLIVIA CONMEMORA EL PRIMERO DE MAYO MARCADO POR MOVILIZACIONES Y EL LLAMADO DEL GOBIERNO PARA RECONSTRUIR EL PA\u00cdS - innoticiasbo.com","robots":{"index":"index","follow":"follow","max-snippet":"max-snippet:-1","max-image-preview":"max-image-preview:large","max-video-preview":"max-video-preview:-1"},"canonical":"https:\/\/innoticiasbo.com\/index.php\/2026\/05\/01\/bolivia-conmemora-el-primero-de-mayo-marcado-por-movilizaciones-y-el-llamado-del-gobierno-para-reconstruir-el-pais\/","og_locale":"es_ES","og_type":"article","og_title":"BOLIVIA CONMEMORA EL PRIMERO DE MAYO MARCADO POR MOVILIZACIONES Y EL LLAMADO DEL GOBIERNO PARA RECONSTRUIR EL PA\u00cdS - innoticiasbo.com","og_description":"Pa\u00eds, 1 de Mayo de 2026.- Este viernes Primero de Mayo se conmemora el D\u00eda del Trabajo. En Bolivia, sectores como la Central Obrera Boliviana (COB), el magisterio urbano, choferes, ind\u00edgenas y campesinos llegan a esta fecha con una serie de pedidos y demandas al Gobierno central. Marchas y protestas Como todos los a\u00f1os, la...","og_url":"https:\/\/innoticiasbo.com\/index.php\/2026\/05\/01\/bolivia-conmemora-el-primero-de-mayo-marcado-por-movilizaciones-y-el-llamado-del-gobierno-para-reconstruir-el-pais\/","og_site_name":"innoticiasbo.com","article_publisher":"https:\/\/www.facebook.com\/innoticiasbolivia","article_published_time":"2026-05-01T15:41:44+00:00","article_modified_time":"2026-05-01T15:41:46+00:00","og_image":[{"width":1280,"height":545,"url":"https:\/\/innoticiasbo.com\/wp-content\/uploads\/2026\/05\/image-3.png","type":"image\/png"}],"author":"Prensa 11","twitter_card":"summary_large_image","twitter_creator":"@innoticiasbo","twitter_site":"@innoticiasbo","twitter_misc":{"Escrito por":"Prensa 11","Tiempo de lectura":"3 minutos"},"schema":{"@context":"https:\/\/schema.org","@graph":[{"@type":"Article","@id":"https:\/\/innoticiasbo.com\/index.php\/2026\/05\/01\/bolivia-conmemora-el-primero-de-mayo-marcado-por-movilizaciones-y-el-llamado-del-gobierno-para-reconstruir-el-pais\/#article","isPartOf":{"@id":"https:\/\/innoticiasbo.com\/index.php\/2026\/05\/01\/bolivia-conmemora-el-primero-de-mayo-marcado-por-movilizaciones-y-el-llamado-del-gobierno-para-reconstruir-el-pais\/"},"author":{"name":"Prensa 11","@id":"https:\/\/innoticiasbo.com\/#\/schema\/person\/0b28481e8d0316f83a13bc702311def5"},"headline":"BOLIVIA CONMEMORA EL PRIMERO DE MAYO MARCADO POR MOVILIZACIONES Y EL LLAMADO DEL GOBIERNO PARA RECONSTRUIR EL PA\u00cdS","datePublished":"2026-05-01T15:41:44+00:00","dateModified":"2026-05-01T15:41:46+00:00","mainEntityOfPage":{"@id":"https:\/\/innoticiasbo.com\/index.php\/2026\/05\/01\/bolivia-conmemora-el-primero-de-mayo-marcado-por-movilizaciones-y-el-llamado-del-gobierno-para-reconstruir-el-pais\/"},"wordCount":569,"commentCount":0,"publisher":{"@id":"https:\/\/innoticiasbo.com\/#organization"},"image":{"@id":"https:\/\/innoticiasbo.com\/index.php\/2026\/05\/01\/bolivia-conmemora-el-primero-de-mayo-marcado-por-movilizaciones-y-el-llamado-del-gobierno-para-reconstruir-el-pais\/#primaryimage"},"thumbnailUrl":"https:\/\/i0.wp.com\/innoticiasbo.com\/wp-content\/uploads\/2026\/05\/image-3.png?fit=1280%2C545&ssl=1","keywords":["1ro de Mayo","Bolivia","COB","magisterio","Marcha ind\u00edgena campesina","Marchas","movilizaciones","paro"],"articleSection":["Bolivia"],"inLanguage":"es","potentialAction":[{"@type":"CommentAction","name":"Comment","target":["https:\/\/innoticiasbo.com\/index.php\/2026\/05\/01\/bolivia-conmemora-el-primero-de-mayo-marcado-por-movilizaciones-y-el-llamado-del-gobierno-para-reconstruir-el-pais\/#respond"]}]},{"@type":"WebPage","@id":"https:\/\/innoticiasbo.com\/index.php\/2026\/05\/01\/bolivia-conmemora-el-primero-de-mayo-marcado-por-movilizaciones-y-el-llamado-del-gobierno-para-reconstruir-el-pais\/","url":"https:\/\/innoticiasbo.com\/index.php\/2026\/05\/01\/bolivia-conmemora-el-primero-de-mayo-marcado-por-movilizaciones-y-el-llamado-del-gobierno-para-reconstruir-el-pais\/","name":"BOLIVIA CONMEMORA EL PRIMERO DE MAYO MARCADO POR MOVILIZACIONES Y EL LLAMADO DEL GOBIERNO PARA RECONSTRUIR EL PA\u00cdS - innoticiasbo.com","isPartOf":{"@id":"https:\/\/innoticiasbo.com\/#website"},"primaryImageOfPage":{"@id":"https:\/\/innoticiasbo.com\/index.php\/2026\/05\/01\/bolivia-conmemora-el-primero-de-mayo-marcado-por-movilizaciones-y-el-llamado-del-gobierno-para-reconstruir-el-pais\/#primaryimage"},"image":{"@id":"https:\/\/innoticiasbo.com\/index.php\/2026\/05\/01\/bolivia-conmemora-el-primero-de-mayo-marcado-por-movilizaciones-y-el-llamado-del-gobierno-para-reconstruir-el-pais\/#primaryimage"},"thumbnailUrl":"https:\/\/i0.wp.com\/innoticiasbo.com\/wp-content\/uploads\/2026\/05\/image-3.png?fit=1280%2C545&ssl=1","datePublished":"2026-05-01T15:41:44+00:00","dateModified":"2026-05-01T15:41:46+00:00","breadcrumb":{"@id":"https:\/\/innoticiasbo.com\/index.php\/2026\/05\/01\/bolivia-conmemora-el-primero-de-mayo-marcado-por-movilizaciones-y-el-llamado-del-gobierno-para-reconstruir-el-pais\/#breadcrumb"},"inLanguage":"es","potentialAction":[{"@type":"ReadAction","target":["https:\/\/innoticiasbo.com\/index.php\/2026\/05\/01\/bolivia-conmemora-el-primero-de-mayo-marcado-por-movilizaciones-y-el-llamado-del-gobierno-para-reconstruir-el-pais\/"]}]},{"@type":"ImageObject","inLanguage":"es","@id":"https:\/\/innoticiasbo.com\/index.php\/2026\/05\/01\/bolivia-conmemora-el-primero-de-mayo-marcado-por-movilizaciones-y-el-llamado-del-gobierno-para-reconstruir-el-pais\/#primaryimage","url":"https:\/\/i0.wp.com\/innoticiasbo.com\/wp-content\/uploads\/2026\/05\/image-3.png?fit=1280%2C545&ssl=1","contentUrl":"https:\/\/i0.wp.com\/innoticiasbo.com\/wp-content\/uploads\/2026\/05\/image-3.png?fit=1280%2C545&ssl=1","width":1280,"height":545},{"@type":"BreadcrumbList","@id":"https:\/\/innoticiasbo.com\/index.php\/2026\/05\/01\/bolivia-conmemora-el-primero-de-mayo-marcado-por-movilizaciones-y-el-llamado-del-gobierno-para-reconstruir-el-pais\/#breadcrumb","itemListElement":[{"@type":"ListItem","position":1,"name":"Portada","item":"https:\/\/innoticiasbo.com\/"},{"@type":"ListItem","position":2,"name":"BOLIVIA CONMEMORA EL PRIMERO DE MAYO MARCADO POR MOVILIZACIONES Y EL LLAMADO DEL GOBIERNO PARA RECONSTRUIR EL PA\u00cdS"}]},{"@type":"WebSite","@id":"https:\/\/innoticiasbo.com\/#website","url":"https:\/\/innoticiasbo.com\/","name":"innoticiasbo.com","description":"","publisher":{"@id":"https:\/\/innoticiasbo.com\/#organization"},"potentialAction":[{"@type":"SearchAction","target":{"@type":"EntryPoint","urlTemplate":"https:\/\/innoticiasbo.com\/?s={search_term_string}"},"query-input":{"@type":"PropertyValueSpecification","valueRequired":true,"valueName":"search_term_string"}}],"inLanguage":"es"},{"@type":"Organization","@id":"https:\/\/innoticiasbo.com\/#organization","name":"innoticiasbo.com","url":"https:\/\/innoticiasbo.com\/","logo":{"@type":"ImageObject","inLanguage":"es","@id":"https:\/\/innoticiasbo.com\/#\/schema\/logo\/image\/","url":"https:\/\/i0.wp.com\/innoticiasbo.com\/wp-content\/uploads\/2026\/04\/cropped-IN-LOGO.png?fit=1476%2C1476&ssl=1","contentUrl":"https:\/\/i0.wp.com\/innoticiasbo.com\/wp-content\/uploads\/2026\/04\/cropped-IN-LOGO.png?fit=1476%2C1476&ssl=1","width":1476,"height":1476,"caption":"innoticiasbo.com"},"image":{"@id":"https:\/\/innoticiasbo.com\/#\/schema\/logo\/image\/"},"sameAs":["https:\/\/www.facebook.com\/innoticiasbolivia","https:\/\/x.com\/innoticiasbo","https:\/\/www.instagram.com\/innoticiasbo","https:\/\/www.youtube.com\/innoticiasbo"]},{"@type":"Person","@id":"https:\/\/innoticiasbo.com\/#\/schema\/person\/0b28481e8d0316f83a13bc702311def5","name":"Prensa 11","image":{"@type":"ImageObject","inLanguage":"es","@id":"https:\/\/innoticiasbo.com\/#\/schema\/person\/image\/","url":"https:\/\/secure.gravatar.com\/avatar\/696560c17349f1807a610bf83832bad0?s=96&d=mm&r=g","contentUrl":"https:\/\/secure.gravatar.com\/avatar\/696560c17349f1807a610bf83832bad0?s=96&d=mm&r=g","caption":"Prensa 11"},"sameAs":["http:\/\/www.innoticiasbo.com"],"url":"https:\/\/innoticiasbo.com\/index.php\/author\/prensa-11\/"}]}},"jetpack_featured_media_url":"https:\/\/i0.wp.com\/innoticiasbo.com\/wp-content\/uploads\/2026\/05\/image-3.png?fit=1280%2C545&ssl=1","jetpack_likes_enabled":true,"jetpack_sharing_enabled":true,"jetpack_shortlink":"https:\/\/wp.me\/pg298x-31S","_links":{"self":[{"href":"https:\/\/innoticiasbo.com\/index.php\/wp-json\/wp\/v2\/posts\/11648","targetHints":{"allow":["GET"]}}],"collection":[{"href":"https:\/\/innoticiasbo.com\/index.php\/wp-json\/wp\/v2\/posts"}],"about":[{"href":"https:\/\/innoticiasbo.com\/index.php\/wp-json\/wp\/v2\/types\/post"}],"author":[{"embeddable":true,"href":"https:\/\/innoticiasbo.com\/index.php\/wp-json\/wp\/v2\/users\/11"}],"replies":[{"embeddable":true,"href":"https:\/\/innoticiasbo.com\/index.php\/wp-json\/wp\/v2\/comments?post=11648"}],"version-history":[{"count":1,"href":"https:\/\/innoticiasbo.com\/index.php\/wp-json\/wp\/v2\/posts\/11648\/revisions"}],"predecessor-version":[{"id":11650,"href":"https:\/\/innoticiasbo.com\/index.php\/wp-json\/wp\/v2\/posts\/11648\/revisions\/11650"}],"wp:featuredmedia":[{"embeddable":true,"href":"https:\/\/innoticiasbo.com\/index.php\/wp-json\/wp\/v2\/media\/11649"}],"wp:attachment":[{"href":"https:\/\/innoticiasbo.com\/index.php\/wp-json\/wp\/v2\/media?parent=11648"}],"wp:term":[{"taxonomy":"category","embeddable":true,"href":"https:\/\/innoticiasbo.com\/index.php\/wp-json\/wp\/v2\/categories?post=11648"},{"taxonomy":"post_tag","embeddable":true,"href":"https:\/\/innoticiasbo.com\/index.php\/wp-json\/wp\/v2\/tags?post=11648"}],"curies":[{"name":"wp","href":"https:\/\/api.w.org\/{rel}","templated":true}]}}