{"id":11645,"date":"2026-05-01T11:19:16","date_gmt":"2026-05-01T15:19:16","guid":{"rendered":"https:\/\/innoticiasbo.com\/?p=11645"},"modified":"2026-05-01T11:19:16","modified_gmt":"2026-05-01T15:19:16","slug":"el-ministerio-publico-activa-una-comision-para-esclarecer-el-asesinato-del-magistrado-claure","status":"publish","type":"post","link":"https:\/\/innoticiasbo.com\/index.php\/2026\/05\/01\/el-ministerio-publico-activa-una-comision-para-esclarecer-el-asesinato-del-magistrado-claure\/","title":{"rendered":"EL MINISTERIO P\u00daBLICO ACTIVA UNA COMISI\u00d3N PARA ESCLARECER EL ASESINATO DEL MAGISTRADO CLAURE"},"content":{"rendered":"\n<figure class=\"wp-block-image size-full is-resized\"><img data-recalc-dims=\"1\" loading=\"lazy\" decoding=\"async\" width=\"640\" height=\"357\" src=\"https:\/\/i0.wp.com\/innoticiasbo.com\/wp-content\/uploads\/2026\/05\/image-2.png?resize=640%2C357&#038;ssl=1\" alt=\"\" class=\"wp-image-11646\" style=\"width:840px;height:auto\" srcset=\"https:\/\/i0.wp.com\/innoticiasbo.com\/wp-content\/uploads\/2026\/05\/image-2.png?w=770&amp;ssl=1 770w, https:\/\/i0.wp.com\/innoticiasbo.com\/wp-content\/uploads\/2026\/05\/image-2.png?resize=300%2C168&amp;ssl=1 300w, https:\/\/i0.wp.com\/innoticiasbo.com\/wp-content\/uploads\/2026\/05\/image-2.png?resize=768%2C429&amp;ssl=1 768w\" sizes=\"auto, (max-width: 640px) 100vw, 640px\" \/><\/figure>\n\n\n\n<p><strong>Pa\u00eds, 1 de Mayo de 2026.- <\/strong>La Fiscal\u00eda General del Estado inform\u00f3 este viernes que conform\u00f3 una Comisi\u00f3n de Fiscales y la participaci\u00f3n de peritos del Instituto de Investigaciones Forenses (IDIF) para esclarecer el asesinato del magistrado V\u00edctor Hugo Claure, decano del Tribunal Agroambiental, ocurrido la noche del jueves en el cuarto anilla de Santa Cruz de la Sierra.<\/p>\n\n\n\n<p>\u201cLa Fiscal\u00eda General del Estado comunica que, luego del lamentable fallecimiento del Decano del Tribunal Agroambiental de Bolivia, V\u00edctor H. Claure, ocurrido en la ciudad de Santa Cruz de la Sierra a consecuencia de un hecho violento, se activaron de manera inmediata todos los mecanismos de investigaci\u00f3n correspondientes\u201d, se\u00f1ala un comunicado.<\/p>\n\n\n\n<p>\u201cAsimismo, se dispuso el despliegue de una Comisi\u00f3n de Fiscales y peritos del IDIF para lograr el esclarecimiento de este hecho, con el compromiso de llevar adelante una investigaci\u00f3n exhaustiva y minuciosa, orientada a identificar a los responsables materiales e intelectuales y ponerlos ante la justicia\u201d, detalla.<\/p>\n\n\n\n<p>Claure Hinojoza fue asesinado a tiros por un sicario la noche del jueves en la ciudad de Santa Cruz de la Sierra, cuando llegaba a un condominio cercano a la avenida Busch.<\/p>\n\n\n\n<p>\u201cEste hecho no solo enluta a una familia, sino tambi\u00e9n al sistema de justicia del pa\u00eds, por ello, expresamos nuestras m\u00e1s sinceras condolencias a sus seres queridos, acompa\u00f1\u00e1ndolos en este momento de profundo dolor\u201d, se\u00f1al\u00f3 la Fiscal\u00eda.<\/p>\n\n\n\n<p>\u201cEl Ministerio P\u00fablico garantiza que este caso ser\u00e1 investigado con la rigurosidad que corresponde, con el respeto que merece la familia de la v\u00edctima y con la responsabilidad que exige la sociedad\u201d, comprometi\u00f3.<\/p>\n\n\n\n<p>Fuente: Los Tiempos<\/p>\n","protected":false},"excerpt":{"rendered":"<p>Pa\u00eds, 1 de Mayo de 2026.- La Fiscal\u00eda General del Estado inform\u00f3 este viernes que conform\u00f3 una Comisi\u00f3n de Fiscales y la participaci\u00f3n de peritos del Instituto de Investigaciones Forenses (IDIF) para esclarecer el asesinato del magistrado V\u00edctor Hugo Claure, decano del Tribunal Agroambiental, ocurrido la noche del jueves en el cuarto anilla de Santa&#8230;<\/p>\n","protected":false},"author":11,"featured_media":11646,"comment_status":"open","ping_status":"open","sticky":false,"template":"","format":"standard","meta":{"_jetpack_memberships_contains_paid_content":false,"footnotes":"","jetpack_publicize_message":"","jetpack_publicize_feature_enabled":true,"jetpack_social_post_already_shared":true,"jetpack_social_options":{"image_generator_settings":{"template":"highway","enabled":false},"version":2}},"categories":[1,15],"tags":[596,7,2800,2793,2797,2799,2798,86,167,235,2801],"class_list":["post-11645","post","type-post","status-publish","format-standard","has-post-thumbnail","hentry","category-bolivia","category-seguridad","tag-asesinato","tag-bolivia","tag-comision-de-fiscales","tag-decano-del-tribunal-agroambiental","tag-fiscalia-general-del-estado","tag-idif","tag-instituto-de-investigaciones-forenses","tag-investigacion","tag-santa-cruz","tag-seguridad","tag-victor-hugo-claure"],"jetpack_publicize_connections":[],"yoast_head":"<!-- This site is optimized with the Yoast SEO plugin v23.4 - https:\/\/yoast.com\/wordpress\/plugins\/seo\/ -->\n<title>EL MINISTERIO P\u00daBLICO ACTIVA UNA COMISI\u00d3N PARA ESCLARECER EL ASESINATO DEL MAGISTRADO CLAURE - innoticiasbo.com<\/title>\n<meta name=\"robots\" content=\"index, follow, max-snippet:-1, max-image-preview:large, max-video-preview:-1\" \/>\n<link rel=\"canonical\" href=\"https:\/\/innoticiasbo.com\/index.php\/2026\/05\/01\/el-ministerio-publico-activa-una-comision-para-esclarecer-el-asesinato-del-magistrado-claure\/\" \/>\n<meta property=\"og:locale\" content=\"es_ES\" \/>\n<meta property=\"og:type\" content=\"article\" \/>\n<meta property=\"og:title\" content=\"EL MINISTERIO P\u00daBLICO ACTIVA UNA COMISI\u00d3N PARA ESCLARECER EL ASESINATO DEL MAGISTRADO CLAURE - innoticiasbo.com\" \/>\n<meta property=\"og:description\" content=\"Pa\u00eds, 1 de Mayo de 2026.- La Fiscal\u00eda General del Estado inform\u00f3 este viernes que conform\u00f3 una Comisi\u00f3n de Fiscales y la participaci\u00f3n de peritos del Instituto de Investigaciones Forenses (IDIF) para esclarecer el asesinato del magistrado V\u00edctor Hugo Claure, decano del Tribunal Agroambiental, ocurrido la noche del jueves en el cuarto anilla de Santa...\" \/>\n<meta property=\"og:url\" content=\"https:\/\/innoticiasbo.com\/index.php\/2026\/05\/01\/el-ministerio-publico-activa-una-comision-para-esclarecer-el-asesinato-del-magistrado-claure\/\" \/>\n<meta property=\"og:site_name\" content=\"innoticiasbo.com\" \/>\n<meta property=\"article:publisher\" content=\"https:\/\/www.facebook.com\/innoticiasbolivia\" \/>\n<meta property=\"article:published_time\" content=\"2026-05-01T15:19:16+00:00\" \/>\n<meta property=\"og:image\" content=\"https:\/\/innoticiasbo.com\/wp-content\/uploads\/2026\/05\/image-2.png\" \/>\n\t<meta property=\"og:image:width\" content=\"770\" \/>\n\t<meta property=\"og:image:height\" content=\"430\" \/>\n\t<meta property=\"og:image:type\" content=\"image\/png\" \/>\n<meta name=\"author\" content=\"Prensa 11\" \/>\n<meta name=\"twitter:card\" content=\"summary_large_image\" \/>\n<meta name=\"twitter:creator\" content=\"@innoticiasbo\" \/>\n<meta name=\"twitter:site\" content=\"@innoticiasbo\" \/>\n<meta name=\"twitter:label1\" content=\"Escrito por\" \/>\n\t<meta name=\"twitter:data1\" content=\"Prensa 11\" \/>\n\t<meta name=\"twitter:label2\" content=\"Tiempo de lectura\" \/>\n\t<meta name=\"twitter:data2\" content=\"2 minutos\" \/>\n<script type=\"application\/ld+json\" class=\"yoast-schema-graph\">{\"@context\":\"https:\/\/schema.org\",\"@graph\":[{\"@type\":\"Article\",\"@id\":\"https:\/\/innoticiasbo.com\/index.php\/2026\/05\/01\/el-ministerio-publico-activa-una-comision-para-esclarecer-el-asesinato-del-magistrado-claure\/#article\",\"isPartOf\":{\"@id\":\"https:\/\/innoticiasbo.com\/index.php\/2026\/05\/01\/el-ministerio-publico-activa-una-comision-para-esclarecer-el-asesinato-del-magistrado-claure\/\"},\"author\":{\"name\":\"Prensa 11\",\"@id\":\"https:\/\/innoticiasbo.com\/#\/schema\/person\/0b28481e8d0316f83a13bc702311def5\"},\"headline\":\"EL MINISTERIO P\u00daBLICO ACTIVA UNA COMISI\u00d3N PARA ESCLARECER EL ASESINATO DEL MAGISTRADO CLAURE\",\"datePublished\":\"2026-05-01T15:19:16+00:00\",\"dateModified\":\"2026-05-01T15:19:16+00:00\",\"mainEntityOfPage\":{\"@id\":\"https:\/\/innoticiasbo.com\/index.php\/2026\/05\/01\/el-ministerio-publico-activa-una-comision-para-esclarecer-el-asesinato-del-magistrado-claure\/\"},\"wordCount\":295,\"commentCount\":0,\"publisher\":{\"@id\":\"https:\/\/innoticiasbo.com\/#organization\"},\"image\":{\"@id\":\"https:\/\/innoticiasbo.com\/index.php\/2026\/05\/01\/el-ministerio-publico-activa-una-comision-para-esclarecer-el-asesinato-del-magistrado-claure\/#primaryimage\"},\"thumbnailUrl\":\"https:\/\/i0.wp.com\/innoticiasbo.com\/wp-content\/uploads\/2026\/05\/image-2.png?fit=770%2C430&ssl=1\",\"keywords\":[\"Asesinato\",\"Bolivia\",\"Comisi\u00f3n de Fiscales\",\"decano del Tribunal Agroambiental\",\"Fiscal\u00eda General del Estado\",\"IDIF\",\"Instituto de Investigaciones Forenses\",\"investigaci\u00f3n\",\"Santa Cruz\",\"seguridad\",\"V\u00edctor Hugo Claure\"],\"articleSection\":[\"Bolivia\",\"Seguridad\"],\"inLanguage\":\"es\",\"potentialAction\":[{\"@type\":\"CommentAction\",\"name\":\"Comment\",\"target\":[\"https:\/\/innoticiasbo.com\/index.php\/2026\/05\/01\/el-ministerio-publico-activa-una-comision-para-esclarecer-el-asesinato-del-magistrado-claure\/#respond\"]}]},{\"@type\":\"WebPage\",\"@id\":\"https:\/\/innoticiasbo.com\/index.php\/2026\/05\/01\/el-ministerio-publico-activa-una-comision-para-esclarecer-el-asesinato-del-magistrado-claure\/\",\"url\":\"https:\/\/innoticiasbo.com\/index.php\/2026\/05\/01\/el-ministerio-publico-activa-una-comision-para-esclarecer-el-asesinato-del-magistrado-claure\/\",\"name\":\"EL MINISTERIO P\u00daBLICO ACTIVA UNA COMISI\u00d3N PARA ESCLARECER EL ASESINATO DEL MAGISTRADO CLAURE - innoticiasbo.com\",\"isPartOf\":{\"@id\":\"https:\/\/innoticiasbo.com\/#website\"},\"primaryImageOfPage\":{\"@id\":\"https:\/\/innoticiasbo.com\/index.php\/2026\/05\/01\/el-ministerio-publico-activa-una-comision-para-esclarecer-el-asesinato-del-magistrado-claure\/#primaryimage\"},\"image\":{\"@id\":\"https:\/\/innoticiasbo.com\/index.php\/2026\/05\/01\/el-ministerio-publico-activa-una-comision-para-esclarecer-el-asesinato-del-magistrado-claure\/#primaryimage\"},\"thumbnailUrl\":\"https:\/\/i0.wp.com\/innoticiasbo.com\/wp-content\/uploads\/2026\/05\/image-2.png?fit=770%2C430&ssl=1\",\"datePublished\":\"2026-05-01T15:19:16+00:00\",\"dateModified\":\"2026-05-01T15:19:16+00:00\",\"breadcrumb\":{\"@id\":\"https:\/\/innoticiasbo.com\/index.php\/2026\/05\/01\/el-ministerio-publico-activa-una-comision-para-esclarecer-el-asesinato-del-magistrado-claure\/#breadcrumb\"},\"inLanguage\":\"es\",\"potentialAction\":[{\"@type\":\"ReadAction\",\"target\":[\"https:\/\/innoticiasbo.com\/index.php\/2026\/05\/01\/el-ministerio-publico-activa-una-comision-para-esclarecer-el-asesinato-del-magistrado-claure\/\"]}]},{\"@type\":\"ImageObject\",\"inLanguage\":\"es\",\"@id\":\"https:\/\/innoticiasbo.com\/index.php\/2026\/05\/01\/el-ministerio-publico-activa-una-comision-para-esclarecer-el-asesinato-del-magistrado-claure\/#primaryimage\",\"url\":\"https:\/\/i0.wp.com\/innoticiasbo.com\/wp-content\/uploads\/2026\/05\/image-2.png?fit=770%2C430&ssl=1\",\"contentUrl\":\"https:\/\/i0.wp.com\/innoticiasbo.com\/wp-content\/uploads\/2026\/05\/image-2.png?fit=770%2C430&ssl=1\",\"width\":770,\"height\":430},{\"@type\":\"BreadcrumbList\",\"@id\":\"https:\/\/innoticiasbo.com\/index.php\/2026\/05\/01\/el-ministerio-publico-activa-una-comision-para-esclarecer-el-asesinato-del-magistrado-claure\/#breadcrumb\",\"itemListElement\":[{\"@type\":\"ListItem\",\"position\":1,\"name\":\"Portada\",\"item\":\"https:\/\/innoticiasbo.com\/\"},{\"@type\":\"ListItem\",\"position\":2,\"name\":\"EL MINISTERIO P\u00daBLICO ACTIVA UNA COMISI\u00d3N PARA ESCLARECER EL ASESINATO DEL MAGISTRADO CLAURE\"}]},{\"@type\":\"WebSite\",\"@id\":\"https:\/\/innoticiasbo.com\/#website\",\"url\":\"https:\/\/innoticiasbo.com\/\",\"name\":\"innoticiasbo.com\",\"description\":\"\",\"publisher\":{\"@id\":\"https:\/\/innoticiasbo.com\/#organization\"},\"potentialAction\":[{\"@type\":\"SearchAction\",\"target\":{\"@type\":\"EntryPoint\",\"urlTemplate\":\"https:\/\/innoticiasbo.com\/?s={search_term_string}\"},\"query-input\":{\"@type\":\"PropertyValueSpecification\",\"valueRequired\":true,\"valueName\":\"search_term_string\"}}],\"inLanguage\":\"es\"},{\"@type\":\"Organization\",\"@id\":\"https:\/\/innoticiasbo.com\/#organization\",\"name\":\"innoticiasbo.com\",\"url\":\"https:\/\/innoticiasbo.com\/\",\"logo\":{\"@type\":\"ImageObject\",\"inLanguage\":\"es\",\"@id\":\"https:\/\/innoticiasbo.com\/#\/schema\/logo\/image\/\",\"url\":\"https:\/\/i0.wp.com\/innoticiasbo.com\/wp-content\/uploads\/2026\/04\/cropped-IN-LOGO.png?fit=1476%2C1476&ssl=1\",\"contentUrl\":\"https:\/\/i0.wp.com\/innoticiasbo.com\/wp-content\/uploads\/2026\/04\/cropped-IN-LOGO.png?fit=1476%2C1476&ssl=1\",\"width\":1476,\"height\":1476,\"caption\":\"innoticiasbo.com\"},\"image\":{\"@id\":\"https:\/\/innoticiasbo.com\/#\/schema\/logo\/image\/\"},\"sameAs\":[\"https:\/\/www.facebook.com\/innoticiasbolivia\",\"https:\/\/x.com\/innoticiasbo\",\"https:\/\/www.instagram.com\/innoticiasbo\",\"https:\/\/www.youtube.com\/innoticiasbo\"]},{\"@type\":\"Person\",\"@id\":\"https:\/\/innoticiasbo.com\/#\/schema\/person\/0b28481e8d0316f83a13bc702311def5\",\"name\":\"Prensa 11\",\"image\":{\"@type\":\"ImageObject\",\"inLanguage\":\"es\",\"@id\":\"https:\/\/innoticiasbo.com\/#\/schema\/person\/image\/\",\"url\":\"https:\/\/secure.gravatar.com\/avatar\/696560c17349f1807a610bf83832bad0?s=96&d=mm&r=g\",\"contentUrl\":\"https:\/\/secure.gravatar.com\/avatar\/696560c17349f1807a610bf83832bad0?s=96&d=mm&r=g\",\"caption\":\"Prensa 11\"},\"sameAs\":[\"http:\/\/www.innoticiasbo.com\"],\"url\":\"https:\/\/innoticiasbo.com\/index.php\/author\/prensa-11\/\"}]}<\/script>\n<!-- \/ Yoast SEO plugin. -->","yoast_head_json":{"title":"EL MINISTERIO P\u00daBLICO ACTIVA UNA COMISI\u00d3N PARA ESCLARECER EL ASESINATO DEL MAGISTRADO CLAURE - innoticiasbo.com","robots":{"index":"index","follow":"follow","max-snippet":"max-snippet:-1","max-image-preview":"max-image-preview:large","max-video-preview":"max-video-preview:-1"},"canonical":"https:\/\/innoticiasbo.com\/index.php\/2026\/05\/01\/el-ministerio-publico-activa-una-comision-para-esclarecer-el-asesinato-del-magistrado-claure\/","og_locale":"es_ES","og_type":"article","og_title":"EL MINISTERIO P\u00daBLICO ACTIVA UNA COMISI\u00d3N PARA ESCLARECER EL ASESINATO DEL MAGISTRADO CLAURE - innoticiasbo.com","og_description":"Pa\u00eds, 1 de Mayo de 2026.- La Fiscal\u00eda General del Estado inform\u00f3 este viernes que conform\u00f3 una Comisi\u00f3n de Fiscales y la participaci\u00f3n de peritos del Instituto de Investigaciones Forenses (IDIF) para esclarecer el asesinato del magistrado V\u00edctor Hugo Claure, decano del Tribunal Agroambiental, ocurrido la noche del jueves en el cuarto anilla de Santa...","og_url":"https:\/\/innoticiasbo.com\/index.php\/2026\/05\/01\/el-ministerio-publico-activa-una-comision-para-esclarecer-el-asesinato-del-magistrado-claure\/","og_site_name":"innoticiasbo.com","article_publisher":"https:\/\/www.facebook.com\/innoticiasbolivia","article_published_time":"2026-05-01T15:19:16+00:00","og_image":[{"width":770,"height":430,"url":"https:\/\/innoticiasbo.com\/wp-content\/uploads\/2026\/05\/image-2.png","type":"image\/png"}],"author":"Prensa 11","twitter_card":"summary_large_image","twitter_creator":"@innoticiasbo","twitter_site":"@innoticiasbo","twitter_misc":{"Escrito por":"Prensa 11","Tiempo de lectura":"2 minutos"},"schema":{"@context":"https:\/\/schema.org","@graph":[{"@type":"Article","@id":"https:\/\/innoticiasbo.com\/index.php\/2026\/05\/01\/el-ministerio-publico-activa-una-comision-para-esclarecer-el-asesinato-del-magistrado-claure\/#article","isPartOf":{"@id":"https:\/\/innoticiasbo.com\/index.php\/2026\/05\/01\/el-ministerio-publico-activa-una-comision-para-esclarecer-el-asesinato-del-magistrado-claure\/"},"author":{"name":"Prensa 11","@id":"https:\/\/innoticiasbo.com\/#\/schema\/person\/0b28481e8d0316f83a13bc702311def5"},"headline":"EL MINISTERIO P\u00daBLICO ACTIVA UNA COMISI\u00d3N PARA ESCLARECER EL ASESINATO DEL MAGISTRADO CLAURE","datePublished":"2026-05-01T15:19:16+00:00","dateModified":"2026-05-01T15:19:16+00:00","mainEntityOfPage":{"@id":"https:\/\/innoticiasbo.com\/index.php\/2026\/05\/01\/el-ministerio-publico-activa-una-comision-para-esclarecer-el-asesinato-del-magistrado-claure\/"},"wordCount":295,"commentCount":0,"publisher":{"@id":"https:\/\/innoticiasbo.com\/#organization"},"image":{"@id":"https:\/\/innoticiasbo.com\/index.php\/2026\/05\/01\/el-ministerio-publico-activa-una-comision-para-esclarecer-el-asesinato-del-magistrado-claure\/#primaryimage"},"thumbnailUrl":"https:\/\/i0.wp.com\/innoticiasbo.com\/wp-content\/uploads\/2026\/05\/image-2.png?fit=770%2C430&ssl=1","keywords":["Asesinato","Bolivia","Comisi\u00f3n de Fiscales","decano del Tribunal Agroambiental","Fiscal\u00eda General del Estado","IDIF","Instituto de Investigaciones Forenses","investigaci\u00f3n","Santa Cruz","seguridad","V\u00edctor Hugo Claure"],"articleSection":["Bolivia","Seguridad"],"inLanguage":"es","potentialAction":[{"@type":"CommentAction","name":"Comment","target":["https:\/\/innoticiasbo.com\/index.php\/2026\/05\/01\/el-ministerio-publico-activa-una-comision-para-esclarecer-el-asesinato-del-magistrado-claure\/#respond"]}]},{"@type":"WebPage","@id":"https:\/\/innoticiasbo.com\/index.php\/2026\/05\/01\/el-ministerio-publico-activa-una-comision-para-esclarecer-el-asesinato-del-magistrado-claure\/","url":"https:\/\/innoticiasbo.com\/index.php\/2026\/05\/01\/el-ministerio-publico-activa-una-comision-para-esclarecer-el-asesinato-del-magistrado-claure\/","name":"EL MINISTERIO P\u00daBLICO ACTIVA UNA COMISI\u00d3N PARA ESCLARECER EL ASESINATO DEL MAGISTRADO CLAURE - innoticiasbo.com","isPartOf":{"@id":"https:\/\/innoticiasbo.com\/#website"},"primaryImageOfPage":{"@id":"https:\/\/innoticiasbo.com\/index.php\/2026\/05\/01\/el-ministerio-publico-activa-una-comision-para-esclarecer-el-asesinato-del-magistrado-claure\/#primaryimage"},"image":{"@id":"https:\/\/innoticiasbo.com\/index.php\/2026\/05\/01\/el-ministerio-publico-activa-una-comision-para-esclarecer-el-asesinato-del-magistrado-claure\/#primaryimage"},"thumbnailUrl":"https:\/\/i0.wp.com\/innoticiasbo.com\/wp-content\/uploads\/2026\/05\/image-2.png?fit=770%2C430&ssl=1","datePublished":"2026-05-01T15:19:16+00:00","dateModified":"2026-05-01T15:19:16+00:00","breadcrumb":{"@id":"https:\/\/innoticiasbo.com\/index.php\/2026\/05\/01\/el-ministerio-publico-activa-una-comision-para-esclarecer-el-asesinato-del-magistrado-claure\/#breadcrumb"},"inLanguage":"es","potentialAction":[{"@type":"ReadAction","target":["https:\/\/innoticiasbo.com\/index.php\/2026\/05\/01\/el-ministerio-publico-activa-una-comision-para-esclarecer-el-asesinato-del-magistrado-claure\/"]}]},{"@type":"ImageObject","inLanguage":"es","@id":"https:\/\/innoticiasbo.com\/index.php\/2026\/05\/01\/el-ministerio-publico-activa-una-comision-para-esclarecer-el-asesinato-del-magistrado-claure\/#primaryimage","url":"https:\/\/i0.wp.com\/innoticiasbo.com\/wp-content\/uploads\/2026\/05\/image-2.png?fit=770%2C430&ssl=1","contentUrl":"https:\/\/i0.wp.com\/innoticiasbo.com\/wp-content\/uploads\/2026\/05\/image-2.png?fit=770%2C430&ssl=1","width":770,"height":430},{"@type":"BreadcrumbList","@id":"https:\/\/innoticiasbo.com\/index.php\/2026\/05\/01\/el-ministerio-publico-activa-una-comision-para-esclarecer-el-asesinato-del-magistrado-claure\/#breadcrumb","itemListElement":[{"@type":"ListItem","position":1,"name":"Portada","item":"https:\/\/innoticiasbo.com\/"},{"@type":"ListItem","position":2,"name":"EL MINISTERIO P\u00daBLICO ACTIVA UNA COMISI\u00d3N PARA ESCLARECER EL ASESINATO DEL MAGISTRADO CLAURE"}]},{"@type":"WebSite","@id":"https:\/\/innoticiasbo.com\/#website","url":"https:\/\/innoticiasbo.com\/","name":"innoticiasbo.com","description":"","publisher":{"@id":"https:\/\/innoticiasbo.com\/#organization"},"potentialAction":[{"@type":"SearchAction","target":{"@type":"EntryPoint","urlTemplate":"https:\/\/innoticiasbo.com\/?s={search_term_string}"},"query-input":{"@type":"PropertyValueSpecification","valueRequired":true,"valueName":"search_term_string"}}],"inLanguage":"es"},{"@type":"Organization","@id":"https:\/\/innoticiasbo.com\/#organization","name":"innoticiasbo.com","url":"https:\/\/innoticiasbo.com\/","logo":{"@type":"ImageObject","inLanguage":"es","@id":"https:\/\/innoticiasbo.com\/#\/schema\/logo\/image\/","url":"https:\/\/i0.wp.com\/innoticiasbo.com\/wp-content\/uploads\/2026\/04\/cropped-IN-LOGO.png?fit=1476%2C1476&ssl=1","contentUrl":"https:\/\/i0.wp.com\/innoticiasbo.com\/wp-content\/uploads\/2026\/04\/cropped-IN-LOGO.png?fit=1476%2C1476&ssl=1","width":1476,"height":1476,"caption":"innoticiasbo.com"},"image":{"@id":"https:\/\/innoticiasbo.com\/#\/schema\/logo\/image\/"},"sameAs":["https:\/\/www.facebook.com\/innoticiasbolivia","https:\/\/x.com\/innoticiasbo","https:\/\/www.instagram.com\/innoticiasbo","https:\/\/www.youtube.com\/innoticiasbo"]},{"@type":"Person","@id":"https:\/\/innoticiasbo.com\/#\/schema\/person\/0b28481e8d0316f83a13bc702311def5","name":"Prensa 11","image":{"@type":"ImageObject","inLanguage":"es","@id":"https:\/\/innoticiasbo.com\/#\/schema\/person\/image\/","url":"https:\/\/secure.gravatar.com\/avatar\/696560c17349f1807a610bf83832bad0?s=96&d=mm&r=g","contentUrl":"https:\/\/secure.gravatar.com\/avatar\/696560c17349f1807a610bf83832bad0?s=96&d=mm&r=g","caption":"Prensa 11"},"sameAs":["http:\/\/www.innoticiasbo.com"],"url":"https:\/\/innoticiasbo.com\/index.php\/author\/prensa-11\/"}]}},"jetpack_featured_media_url":"https:\/\/i0.wp.com\/innoticiasbo.com\/wp-content\/uploads\/2026\/05\/image-2.png?fit=770%2C430&ssl=1","jetpack_likes_enabled":true,"jetpack_sharing_enabled":true,"jetpack_shortlink":"https:\/\/wp.me\/pg298x-31P","_links":{"self":[{"href":"https:\/\/innoticiasbo.com\/index.php\/wp-json\/wp\/v2\/posts\/11645","targetHints":{"allow":["GET"]}}],"collection":[{"href":"https:\/\/innoticiasbo.com\/index.php\/wp-json\/wp\/v2\/posts"}],"about":[{"href":"https:\/\/innoticiasbo.com\/index.php\/wp-json\/wp\/v2\/types\/post"}],"author":[{"embeddable":true,"href":"https:\/\/innoticiasbo.com\/index.php\/wp-json\/wp\/v2\/users\/11"}],"replies":[{"embeddable":true,"href":"https:\/\/innoticiasbo.com\/index.php\/wp-json\/wp\/v2\/comments?post=11645"}],"version-history":[{"count":1,"href":"https:\/\/innoticiasbo.com\/index.php\/wp-json\/wp\/v2\/posts\/11645\/revisions"}],"predecessor-version":[{"id":11647,"href":"https:\/\/innoticiasbo.com\/index.php\/wp-json\/wp\/v2\/posts\/11645\/revisions\/11647"}],"wp:featuredmedia":[{"embeddable":true,"href":"https:\/\/innoticiasbo.com\/index.php\/wp-json\/wp\/v2\/media\/11646"}],"wp:attachment":[{"href":"https:\/\/innoticiasbo.com\/index.php\/wp-json\/wp\/v2\/media?parent=11645"}],"wp:term":[{"taxonomy":"category","embeddable":true,"href":"https:\/\/innoticiasbo.com\/index.php\/wp-json\/wp\/v2\/categories?post=11645"},{"taxonomy":"post_tag","embeddable":true,"href":"https:\/\/innoticiasbo.com\/index.php\/wp-json\/wp\/v2\/tags?post=11645"}],"curies":[{"name":"wp","href":"https:\/\/api.w.org\/{rel}","templated":true}]}}