{"id":11639,"date":"2026-05-01T10:34:16","date_gmt":"2026-05-01T14:34:16","guid":{"rendered":"https:\/\/innoticiasbo.com\/?p=11639"},"modified":"2026-05-01T10:34:16","modified_gmt":"2026-05-01T14:34:16","slug":"matan-al-decano-del-tribunal-agroambiental-victor-hugo-claure-en-santa-cruz","status":"publish","type":"post","link":"https:\/\/innoticiasbo.com\/index.php\/2026\/05\/01\/matan-al-decano-del-tribunal-agroambiental-victor-hugo-claure-en-santa-cruz\/","title":{"rendered":"MATAN AL DECANO DEL TRIBUNAL AGROAMBIENTAL, V\u00cdCTOR HUGO CLAURE, EN SANTA CRUZ"},"content":{"rendered":"\n<figure class=\"wp-block-image size-full is-resized\"><img data-recalc-dims=\"1\" loading=\"lazy\" decoding=\"async\" width=\"640\" height=\"357\" src=\"https:\/\/i0.wp.com\/innoticiasbo.com\/wp-content\/uploads\/2026\/05\/image.png?resize=640%2C357&#038;ssl=1\" alt=\"\" class=\"wp-image-11640\" style=\"width:840px;height:auto\" srcset=\"https:\/\/i0.wp.com\/innoticiasbo.com\/wp-content\/uploads\/2026\/05\/image.png?w=770&amp;ssl=1 770w, https:\/\/i0.wp.com\/innoticiasbo.com\/wp-content\/uploads\/2026\/05\/image.png?resize=300%2C168&amp;ssl=1 300w, https:\/\/i0.wp.com\/innoticiasbo.com\/wp-content\/uploads\/2026\/05\/image.png?resize=768%2C429&amp;ssl=1 768w\" sizes=\"auto, (max-width: 640px) 100vw, 640px\" \/><\/figure>\n\n\n\n<p><strong>Santa Cruz, 1 de Mayo de 2026.- <\/strong>La Polic\u00eda Boliviana se encuentra movilizada en la ciudad de Santa Cruz de la Sierra tras el asesinato del decano del Tribunal Agroambiental, V\u00edctor Hugo Claure Hinojoza, quien fue atacado presuntamente por sicarios que se desplazaban en una motocicleta, seg\u00fan un reporte de la Red DTV.<\/p>\n\n\n\n<p>El jurista recibi\u00f3 al menos seis impactos de bala. En el marco de los operativos de b\u00fasqueda se han instalado retenes m\u00f3viles en distintos puntos de la ciudad para dar con los responsables del hecho. Las autoridades mantienen hermetismo sobre las causas del crimen. El hecho ocurri\u00f3 en el cuarto anillo, a la altura de la avenida Busch.<\/p>\n\n\n\n<p>Claure fue elegido decano en enero de 2025 y estaba a cardo de la Sala Primera del Tribunal Agroambiental. Fue electo en las pasadas Elecciones Judiciales. Entre los asuntos sensibles que conoc\u00eda Claure y otros integrantes del Tribunal Agroambiental estaban las actividades de la miner\u00eda ilegal en Pando, donde realiz\u00f3 una inspecci\u00f3n en el r\u00edo Madre Dios, en febrero pasado.<\/p>\n\n\n\n<p>Noticia en desarrollo\u2026<\/p>\n\n\n\n<p>Fuente: Los Tiempos<\/p>\n","protected":false},"excerpt":{"rendered":"<p>Santa Cruz, 1 de Mayo de 2026.- La Polic\u00eda Boliviana se encuentra movilizada en la ciudad de Santa Cruz de la Sierra tras el asesinato del decano del Tribunal Agroambiental, V\u00edctor Hugo Claure Hinojoza, quien fue atacado presuntamente por sicarios que se desplazaban en una motocicleta, seg\u00fan un reporte de la Red DTV. El jurista&#8230;<\/p>\n","protected":false},"author":11,"featured_media":11640,"comment_status":"open","ping_status":"open","sticky":false,"template":"","format":"standard","meta":{"_jetpack_memberships_contains_paid_content":false,"footnotes":"","jetpack_publicize_message":"","jetpack_publicize_feature_enabled":true,"jetpack_social_post_already_shared":true,"jetpack_social_options":{"image_generator_settings":{"template":"highway","enabled":false},"version":2}},"categories":[1,15],"tags":[596,7,2793,167,235,662,2792],"class_list":["post-11639","post","type-post","status-publish","format-standard","has-post-thumbnail","hentry","category-bolivia","category-seguridad","tag-asesinato","tag-bolivia","tag-decano-del-tribunal-agroambiental","tag-santa-cruz","tag-seguridad","tag-sicarios","tag-victor-hugo-claure-hinojoza"],"jetpack_publicize_connections":[],"yoast_head":"<!-- This site is optimized with the Yoast SEO plugin v23.4 - https:\/\/yoast.com\/wordpress\/plugins\/seo\/ -->\n<title>MATAN AL DECANO DEL TRIBUNAL AGROAMBIENTAL, V\u00cdCTOR HUGO CLAURE, EN SANTA CRUZ - innoticiasbo.com<\/title>\n<meta name=\"robots\" content=\"index, follow, max-snippet:-1, max-image-preview:large, max-video-preview:-1\" \/>\n<link rel=\"canonical\" href=\"https:\/\/innoticiasbo.com\/index.php\/2026\/05\/01\/matan-al-decano-del-tribunal-agroambiental-victor-hugo-claure-en-santa-cruz\/\" \/>\n<meta property=\"og:locale\" content=\"es_ES\" \/>\n<meta property=\"og:type\" content=\"article\" \/>\n<meta property=\"og:title\" content=\"MATAN AL DECANO DEL TRIBUNAL AGROAMBIENTAL, V\u00cdCTOR HUGO CLAURE, EN SANTA CRUZ - innoticiasbo.com\" \/>\n<meta property=\"og:description\" content=\"Santa Cruz, 1 de Mayo de 2026.- La Polic\u00eda Boliviana se encuentra movilizada en la ciudad de Santa Cruz de la Sierra tras el asesinato del decano del Tribunal Agroambiental, V\u00edctor Hugo Claure Hinojoza, quien fue atacado presuntamente por sicarios que se desplazaban en una motocicleta, seg\u00fan un reporte de la Red DTV. El jurista...\" \/>\n<meta property=\"og:url\" content=\"https:\/\/innoticiasbo.com\/index.php\/2026\/05\/01\/matan-al-decano-del-tribunal-agroambiental-victor-hugo-claure-en-santa-cruz\/\" \/>\n<meta property=\"og:site_name\" content=\"innoticiasbo.com\" \/>\n<meta property=\"article:publisher\" content=\"https:\/\/www.facebook.com\/innoticiasbolivia\" \/>\n<meta property=\"article:published_time\" content=\"2026-05-01T14:34:16+00:00\" \/>\n<meta property=\"og:image\" content=\"https:\/\/innoticiasbo.com\/wp-content\/uploads\/2026\/05\/image.png\" \/>\n\t<meta property=\"og:image:width\" content=\"770\" \/>\n\t<meta property=\"og:image:height\" content=\"430\" \/>\n\t<meta property=\"og:image:type\" content=\"image\/png\" \/>\n<meta name=\"author\" content=\"Prensa 11\" \/>\n<meta name=\"twitter:card\" content=\"summary_large_image\" \/>\n<meta name=\"twitter:creator\" content=\"@innoticiasbo\" \/>\n<meta name=\"twitter:site\" content=\"@innoticiasbo\" \/>\n<meta name=\"twitter:label1\" content=\"Escrito por\" \/>\n\t<meta name=\"twitter:data1\" content=\"Prensa 11\" \/>\n\t<meta name=\"twitter:label2\" content=\"Tiempo de lectura\" \/>\n\t<meta name=\"twitter:data2\" content=\"2 minutos\" \/>\n<script type=\"application\/ld+json\" class=\"yoast-schema-graph\">{\"@context\":\"https:\/\/schema.org\",\"@graph\":[{\"@type\":\"Article\",\"@id\":\"https:\/\/innoticiasbo.com\/index.php\/2026\/05\/01\/matan-al-decano-del-tribunal-agroambiental-victor-hugo-claure-en-santa-cruz\/#article\",\"isPartOf\":{\"@id\":\"https:\/\/innoticiasbo.com\/index.php\/2026\/05\/01\/matan-al-decano-del-tribunal-agroambiental-victor-hugo-claure-en-santa-cruz\/\"},\"author\":{\"name\":\"Prensa 11\",\"@id\":\"https:\/\/innoticiasbo.com\/#\/schema\/person\/0b28481e8d0316f83a13bc702311def5\"},\"headline\":\"MATAN AL DECANO DEL TRIBUNAL AGROAMBIENTAL, V\u00cdCTOR HUGO CLAURE, EN SANTA CRUZ\",\"datePublished\":\"2026-05-01T14:34:16+00:00\",\"dateModified\":\"2026-05-01T14:34:16+00:00\",\"mainEntityOfPage\":{\"@id\":\"https:\/\/innoticiasbo.com\/index.php\/2026\/05\/01\/matan-al-decano-del-tribunal-agroambiental-victor-hugo-claure-en-santa-cruz\/\"},\"wordCount\":197,\"commentCount\":0,\"publisher\":{\"@id\":\"https:\/\/innoticiasbo.com\/#organization\"},\"image\":{\"@id\":\"https:\/\/innoticiasbo.com\/index.php\/2026\/05\/01\/matan-al-decano-del-tribunal-agroambiental-victor-hugo-claure-en-santa-cruz\/#primaryimage\"},\"thumbnailUrl\":\"https:\/\/i0.wp.com\/innoticiasbo.com\/wp-content\/uploads\/2026\/05\/image.png?fit=770%2C430&ssl=1\",\"keywords\":[\"Asesinato\",\"Bolivia\",\"decano del Tribunal Agroambiental\",\"Santa Cruz\",\"seguridad\",\"sicarios\",\"V\u00edctor Hugo Claure Hinojoza\"],\"articleSection\":[\"Bolivia\",\"Seguridad\"],\"inLanguage\":\"es\",\"potentialAction\":[{\"@type\":\"CommentAction\",\"name\":\"Comment\",\"target\":[\"https:\/\/innoticiasbo.com\/index.php\/2026\/05\/01\/matan-al-decano-del-tribunal-agroambiental-victor-hugo-claure-en-santa-cruz\/#respond\"]}]},{\"@type\":\"WebPage\",\"@id\":\"https:\/\/innoticiasbo.com\/index.php\/2026\/05\/01\/matan-al-decano-del-tribunal-agroambiental-victor-hugo-claure-en-santa-cruz\/\",\"url\":\"https:\/\/innoticiasbo.com\/index.php\/2026\/05\/01\/matan-al-decano-del-tribunal-agroambiental-victor-hugo-claure-en-santa-cruz\/\",\"name\":\"MATAN AL DECANO DEL TRIBUNAL AGROAMBIENTAL, V\u00cdCTOR HUGO CLAURE, EN SANTA CRUZ - innoticiasbo.com\",\"isPartOf\":{\"@id\":\"https:\/\/innoticiasbo.com\/#website\"},\"primaryImageOfPage\":{\"@id\":\"https:\/\/innoticiasbo.com\/index.php\/2026\/05\/01\/matan-al-decano-del-tribunal-agroambiental-victor-hugo-claure-en-santa-cruz\/#primaryimage\"},\"image\":{\"@id\":\"https:\/\/innoticiasbo.com\/index.php\/2026\/05\/01\/matan-al-decano-del-tribunal-agroambiental-victor-hugo-claure-en-santa-cruz\/#primaryimage\"},\"thumbnailUrl\":\"https:\/\/i0.wp.com\/innoticiasbo.com\/wp-content\/uploads\/2026\/05\/image.png?fit=770%2C430&ssl=1\",\"datePublished\":\"2026-05-01T14:34:16+00:00\",\"dateModified\":\"2026-05-01T14:34:16+00:00\",\"breadcrumb\":{\"@id\":\"https:\/\/innoticiasbo.com\/index.php\/2026\/05\/01\/matan-al-decano-del-tribunal-agroambiental-victor-hugo-claure-en-santa-cruz\/#breadcrumb\"},\"inLanguage\":\"es\",\"potentialAction\":[{\"@type\":\"ReadAction\",\"target\":[\"https:\/\/innoticiasbo.com\/index.php\/2026\/05\/01\/matan-al-decano-del-tribunal-agroambiental-victor-hugo-claure-en-santa-cruz\/\"]}]},{\"@type\":\"ImageObject\",\"inLanguage\":\"es\",\"@id\":\"https:\/\/innoticiasbo.com\/index.php\/2026\/05\/01\/matan-al-decano-del-tribunal-agroambiental-victor-hugo-claure-en-santa-cruz\/#primaryimage\",\"url\":\"https:\/\/i0.wp.com\/innoticiasbo.com\/wp-content\/uploads\/2026\/05\/image.png?fit=770%2C430&ssl=1\",\"contentUrl\":\"https:\/\/i0.wp.com\/innoticiasbo.com\/wp-content\/uploads\/2026\/05\/image.png?fit=770%2C430&ssl=1\",\"width\":770,\"height\":430},{\"@type\":\"BreadcrumbList\",\"@id\":\"https:\/\/innoticiasbo.com\/index.php\/2026\/05\/01\/matan-al-decano-del-tribunal-agroambiental-victor-hugo-claure-en-santa-cruz\/#breadcrumb\",\"itemListElement\":[{\"@type\":\"ListItem\",\"position\":1,\"name\":\"Portada\",\"item\":\"https:\/\/innoticiasbo.com\/\"},{\"@type\":\"ListItem\",\"position\":2,\"name\":\"MATAN AL DECANO DEL TRIBUNAL AGROAMBIENTAL, V\u00cdCTOR HUGO CLAURE, EN SANTA CRUZ\"}]},{\"@type\":\"WebSite\",\"@id\":\"https:\/\/innoticiasbo.com\/#website\",\"url\":\"https:\/\/innoticiasbo.com\/\",\"name\":\"innoticiasbo.com\",\"description\":\"\",\"publisher\":{\"@id\":\"https:\/\/innoticiasbo.com\/#organization\"},\"potentialAction\":[{\"@type\":\"SearchAction\",\"target\":{\"@type\":\"EntryPoint\",\"urlTemplate\":\"https:\/\/innoticiasbo.com\/?s={search_term_string}\"},\"query-input\":{\"@type\":\"PropertyValueSpecification\",\"valueRequired\":true,\"valueName\":\"search_term_string\"}}],\"inLanguage\":\"es\"},{\"@type\":\"Organization\",\"@id\":\"https:\/\/innoticiasbo.com\/#organization\",\"name\":\"innoticiasbo.com\",\"url\":\"https:\/\/innoticiasbo.com\/\",\"logo\":{\"@type\":\"ImageObject\",\"inLanguage\":\"es\",\"@id\":\"https:\/\/innoticiasbo.com\/#\/schema\/logo\/image\/\",\"url\":\"https:\/\/i0.wp.com\/innoticiasbo.com\/wp-content\/uploads\/2026\/04\/cropped-IN-LOGO.png?fit=1476%2C1476&ssl=1\",\"contentUrl\":\"https:\/\/i0.wp.com\/innoticiasbo.com\/wp-content\/uploads\/2026\/04\/cropped-IN-LOGO.png?fit=1476%2C1476&ssl=1\",\"width\":1476,\"height\":1476,\"caption\":\"innoticiasbo.com\"},\"image\":{\"@id\":\"https:\/\/innoticiasbo.com\/#\/schema\/logo\/image\/\"},\"sameAs\":[\"https:\/\/www.facebook.com\/innoticiasbolivia\",\"https:\/\/x.com\/innoticiasbo\",\"https:\/\/www.instagram.com\/innoticiasbo\",\"https:\/\/www.youtube.com\/innoticiasbo\"]},{\"@type\":\"Person\",\"@id\":\"https:\/\/innoticiasbo.com\/#\/schema\/person\/0b28481e8d0316f83a13bc702311def5\",\"name\":\"Prensa 11\",\"image\":{\"@type\":\"ImageObject\",\"inLanguage\":\"es\",\"@id\":\"https:\/\/innoticiasbo.com\/#\/schema\/person\/image\/\",\"url\":\"https:\/\/secure.gravatar.com\/avatar\/696560c17349f1807a610bf83832bad0?s=96&d=mm&r=g\",\"contentUrl\":\"https:\/\/secure.gravatar.com\/avatar\/696560c17349f1807a610bf83832bad0?s=96&d=mm&r=g\",\"caption\":\"Prensa 11\"},\"sameAs\":[\"http:\/\/www.innoticiasbo.com\"],\"url\":\"https:\/\/innoticiasbo.com\/index.php\/author\/prensa-11\/\"}]}<\/script>\n<!-- \/ Yoast SEO plugin. -->","yoast_head_json":{"title":"MATAN AL DECANO DEL TRIBUNAL AGROAMBIENTAL, V\u00cdCTOR HUGO CLAURE, EN SANTA CRUZ - innoticiasbo.com","robots":{"index":"index","follow":"follow","max-snippet":"max-snippet:-1","max-image-preview":"max-image-preview:large","max-video-preview":"max-video-preview:-1"},"canonical":"https:\/\/innoticiasbo.com\/index.php\/2026\/05\/01\/matan-al-decano-del-tribunal-agroambiental-victor-hugo-claure-en-santa-cruz\/","og_locale":"es_ES","og_type":"article","og_title":"MATAN AL DECANO DEL TRIBUNAL AGROAMBIENTAL, V\u00cdCTOR HUGO CLAURE, EN SANTA CRUZ - innoticiasbo.com","og_description":"Santa Cruz, 1 de Mayo de 2026.- La Polic\u00eda Boliviana se encuentra movilizada en la ciudad de Santa Cruz de la Sierra tras el asesinato del decano del Tribunal Agroambiental, V\u00edctor Hugo Claure Hinojoza, quien fue atacado presuntamente por sicarios que se desplazaban en una motocicleta, seg\u00fan un reporte de la Red DTV. El jurista...","og_url":"https:\/\/innoticiasbo.com\/index.php\/2026\/05\/01\/matan-al-decano-del-tribunal-agroambiental-victor-hugo-claure-en-santa-cruz\/","og_site_name":"innoticiasbo.com","article_publisher":"https:\/\/www.facebook.com\/innoticiasbolivia","article_published_time":"2026-05-01T14:34:16+00:00","og_image":[{"width":770,"height":430,"url":"https:\/\/innoticiasbo.com\/wp-content\/uploads\/2026\/05\/image.png","type":"image\/png"}],"author":"Prensa 11","twitter_card":"summary_large_image","twitter_creator":"@innoticiasbo","twitter_site":"@innoticiasbo","twitter_misc":{"Escrito por":"Prensa 11","Tiempo de lectura":"2 minutos"},"schema":{"@context":"https:\/\/schema.org","@graph":[{"@type":"Article","@id":"https:\/\/innoticiasbo.com\/index.php\/2026\/05\/01\/matan-al-decano-del-tribunal-agroambiental-victor-hugo-claure-en-santa-cruz\/#article","isPartOf":{"@id":"https:\/\/innoticiasbo.com\/index.php\/2026\/05\/01\/matan-al-decano-del-tribunal-agroambiental-victor-hugo-claure-en-santa-cruz\/"},"author":{"name":"Prensa 11","@id":"https:\/\/innoticiasbo.com\/#\/schema\/person\/0b28481e8d0316f83a13bc702311def5"},"headline":"MATAN AL DECANO DEL TRIBUNAL AGROAMBIENTAL, V\u00cdCTOR HUGO CLAURE, EN SANTA CRUZ","datePublished":"2026-05-01T14:34:16+00:00","dateModified":"2026-05-01T14:34:16+00:00","mainEntityOfPage":{"@id":"https:\/\/innoticiasbo.com\/index.php\/2026\/05\/01\/matan-al-decano-del-tribunal-agroambiental-victor-hugo-claure-en-santa-cruz\/"},"wordCount":197,"commentCount":0,"publisher":{"@id":"https:\/\/innoticiasbo.com\/#organization"},"image":{"@id":"https:\/\/innoticiasbo.com\/index.php\/2026\/05\/01\/matan-al-decano-del-tribunal-agroambiental-victor-hugo-claure-en-santa-cruz\/#primaryimage"},"thumbnailUrl":"https:\/\/i0.wp.com\/innoticiasbo.com\/wp-content\/uploads\/2026\/05\/image.png?fit=770%2C430&ssl=1","keywords":["Asesinato","Bolivia","decano del Tribunal Agroambiental","Santa Cruz","seguridad","sicarios","V\u00edctor Hugo Claure Hinojoza"],"articleSection":["Bolivia","Seguridad"],"inLanguage":"es","potentialAction":[{"@type":"CommentAction","name":"Comment","target":["https:\/\/innoticiasbo.com\/index.php\/2026\/05\/01\/matan-al-decano-del-tribunal-agroambiental-victor-hugo-claure-en-santa-cruz\/#respond"]}]},{"@type":"WebPage","@id":"https:\/\/innoticiasbo.com\/index.php\/2026\/05\/01\/matan-al-decano-del-tribunal-agroambiental-victor-hugo-claure-en-santa-cruz\/","url":"https:\/\/innoticiasbo.com\/index.php\/2026\/05\/01\/matan-al-decano-del-tribunal-agroambiental-victor-hugo-claure-en-santa-cruz\/","name":"MATAN AL DECANO DEL TRIBUNAL AGROAMBIENTAL, V\u00cdCTOR HUGO CLAURE, EN SANTA CRUZ - innoticiasbo.com","isPartOf":{"@id":"https:\/\/innoticiasbo.com\/#website"},"primaryImageOfPage":{"@id":"https:\/\/innoticiasbo.com\/index.php\/2026\/05\/01\/matan-al-decano-del-tribunal-agroambiental-victor-hugo-claure-en-santa-cruz\/#primaryimage"},"image":{"@id":"https:\/\/innoticiasbo.com\/index.php\/2026\/05\/01\/matan-al-decano-del-tribunal-agroambiental-victor-hugo-claure-en-santa-cruz\/#primaryimage"},"thumbnailUrl":"https:\/\/i0.wp.com\/innoticiasbo.com\/wp-content\/uploads\/2026\/05\/image.png?fit=770%2C430&ssl=1","datePublished":"2026-05-01T14:34:16+00:00","dateModified":"2026-05-01T14:34:16+00:00","breadcrumb":{"@id":"https:\/\/innoticiasbo.com\/index.php\/2026\/05\/01\/matan-al-decano-del-tribunal-agroambiental-victor-hugo-claure-en-santa-cruz\/#breadcrumb"},"inLanguage":"es","potentialAction":[{"@type":"ReadAction","target":["https:\/\/innoticiasbo.com\/index.php\/2026\/05\/01\/matan-al-decano-del-tribunal-agroambiental-victor-hugo-claure-en-santa-cruz\/"]}]},{"@type":"ImageObject","inLanguage":"es","@id":"https:\/\/innoticiasbo.com\/index.php\/2026\/05\/01\/matan-al-decano-del-tribunal-agroambiental-victor-hugo-claure-en-santa-cruz\/#primaryimage","url":"https:\/\/i0.wp.com\/innoticiasbo.com\/wp-content\/uploads\/2026\/05\/image.png?fit=770%2C430&ssl=1","contentUrl":"https:\/\/i0.wp.com\/innoticiasbo.com\/wp-content\/uploads\/2026\/05\/image.png?fit=770%2C430&ssl=1","width":770,"height":430},{"@type":"BreadcrumbList","@id":"https:\/\/innoticiasbo.com\/index.php\/2026\/05\/01\/matan-al-decano-del-tribunal-agroambiental-victor-hugo-claure-en-santa-cruz\/#breadcrumb","itemListElement":[{"@type":"ListItem","position":1,"name":"Portada","item":"https:\/\/innoticiasbo.com\/"},{"@type":"ListItem","position":2,"name":"MATAN AL DECANO DEL TRIBUNAL AGROAMBIENTAL, V\u00cdCTOR HUGO CLAURE, EN SANTA CRUZ"}]},{"@type":"WebSite","@id":"https:\/\/innoticiasbo.com\/#website","url":"https:\/\/innoticiasbo.com\/","name":"innoticiasbo.com","description":"","publisher":{"@id":"https:\/\/innoticiasbo.com\/#organization"},"potentialAction":[{"@type":"SearchAction","target":{"@type":"EntryPoint","urlTemplate":"https:\/\/innoticiasbo.com\/?s={search_term_string}"},"query-input":{"@type":"PropertyValueSpecification","valueRequired":true,"valueName":"search_term_string"}}],"inLanguage":"es"},{"@type":"Organization","@id":"https:\/\/innoticiasbo.com\/#organization","name":"innoticiasbo.com","url":"https:\/\/innoticiasbo.com\/","logo":{"@type":"ImageObject","inLanguage":"es","@id":"https:\/\/innoticiasbo.com\/#\/schema\/logo\/image\/","url":"https:\/\/i0.wp.com\/innoticiasbo.com\/wp-content\/uploads\/2026\/04\/cropped-IN-LOGO.png?fit=1476%2C1476&ssl=1","contentUrl":"https:\/\/i0.wp.com\/innoticiasbo.com\/wp-content\/uploads\/2026\/04\/cropped-IN-LOGO.png?fit=1476%2C1476&ssl=1","width":1476,"height":1476,"caption":"innoticiasbo.com"},"image":{"@id":"https:\/\/innoticiasbo.com\/#\/schema\/logo\/image\/"},"sameAs":["https:\/\/www.facebook.com\/innoticiasbolivia","https:\/\/x.com\/innoticiasbo","https:\/\/www.instagram.com\/innoticiasbo","https:\/\/www.youtube.com\/innoticiasbo"]},{"@type":"Person","@id":"https:\/\/innoticiasbo.com\/#\/schema\/person\/0b28481e8d0316f83a13bc702311def5","name":"Prensa 11","image":{"@type":"ImageObject","inLanguage":"es","@id":"https:\/\/innoticiasbo.com\/#\/schema\/person\/image\/","url":"https:\/\/secure.gravatar.com\/avatar\/696560c17349f1807a610bf83832bad0?s=96&d=mm&r=g","contentUrl":"https:\/\/secure.gravatar.com\/avatar\/696560c17349f1807a610bf83832bad0?s=96&d=mm&r=g","caption":"Prensa 11"},"sameAs":["http:\/\/www.innoticiasbo.com"],"url":"https:\/\/innoticiasbo.com\/index.php\/author\/prensa-11\/"}]}},"jetpack_featured_media_url":"https:\/\/i0.wp.com\/innoticiasbo.com\/wp-content\/uploads\/2026\/05\/image.png?fit=770%2C430&ssl=1","jetpack_likes_enabled":true,"jetpack_sharing_enabled":true,"jetpack_shortlink":"https:\/\/wp.me\/pg298x-31J","_links":{"self":[{"href":"https:\/\/innoticiasbo.com\/index.php\/wp-json\/wp\/v2\/posts\/11639","targetHints":{"allow":["GET"]}}],"collection":[{"href":"https:\/\/innoticiasbo.com\/index.php\/wp-json\/wp\/v2\/posts"}],"about":[{"href":"https:\/\/innoticiasbo.com\/index.php\/wp-json\/wp\/v2\/types\/post"}],"author":[{"embeddable":true,"href":"https:\/\/innoticiasbo.com\/index.php\/wp-json\/wp\/v2\/users\/11"}],"replies":[{"embeddable":true,"href":"https:\/\/innoticiasbo.com\/index.php\/wp-json\/wp\/v2\/comments?post=11639"}],"version-history":[{"count":1,"href":"https:\/\/innoticiasbo.com\/index.php\/wp-json\/wp\/v2\/posts\/11639\/revisions"}],"predecessor-version":[{"id":11641,"href":"https:\/\/innoticiasbo.com\/index.php\/wp-json\/wp\/v2\/posts\/11639\/revisions\/11641"}],"wp:featuredmedia":[{"embeddable":true,"href":"https:\/\/innoticiasbo.com\/index.php\/wp-json\/wp\/v2\/media\/11640"}],"wp:attachment":[{"href":"https:\/\/innoticiasbo.com\/index.php\/wp-json\/wp\/v2\/media?parent=11639"}],"wp:term":[{"taxonomy":"category","embeddable":true,"href":"https:\/\/innoticiasbo.com\/index.php\/wp-json\/wp\/v2\/categories?post=11639"},{"taxonomy":"post_tag","embeddable":true,"href":"https:\/\/innoticiasbo.com\/index.php\/wp-json\/wp\/v2\/tags?post=11639"}],"curies":[{"name":"wp","href":"https:\/\/api.w.org\/{rel}","templated":true}]}}