{"id":11635,"date":"2026-04-30T21:37:09","date_gmt":"2026-05-01T01:37:09","guid":{"rendered":"https:\/\/innoticiasbo.com\/?p=11635"},"modified":"2026-04-30T21:37:11","modified_gmt":"2026-05-01T01:37:11","slug":"movilizaciones-deterioran-la-imagen-del-gobierno-pero-la-de-paz-aun-no-es-afectada","status":"publish","type":"post","link":"https:\/\/innoticiasbo.com\/index.php\/2026\/04\/30\/movilizaciones-deterioran-la-imagen-del-gobierno-pero-la-de-paz-aun-no-es-afectada\/","title":{"rendered":"MOVILIZACIONES \u201cDETERIORAN\u201d LA IMAGEN DEL GOBIERNO, PERO LA DE PAZ A\u00daN NO ES AFECTADA"},"content":{"rendered":"\n<figure class=\"wp-block-image size-large\"><img data-recalc-dims=\"1\" loading=\"lazy\" decoding=\"async\" width=\"640\" height=\"427\" src=\"https:\/\/i0.wp.com\/innoticiasbo.com\/wp-content\/uploads\/2026\/04\/image-362.png?resize=640%2C427&#038;ssl=1\" alt=\"\" class=\"wp-image-11636\" srcset=\"https:\/\/i0.wp.com\/innoticiasbo.com\/wp-content\/uploads\/2026\/04\/image-362.png?resize=1024%2C683&amp;ssl=1 1024w, https:\/\/i0.wp.com\/innoticiasbo.com\/wp-content\/uploads\/2026\/04\/image-362.png?resize=300%2C200&amp;ssl=1 300w, https:\/\/i0.wp.com\/innoticiasbo.com\/wp-content\/uploads\/2026\/04\/image-362.png?resize=768%2C512&amp;ssl=1 768w, https:\/\/i0.wp.com\/innoticiasbo.com\/wp-content\/uploads\/2026\/04\/image-362.png?resize=600%2C400&amp;ssl=1 600w, https:\/\/i0.wp.com\/innoticiasbo.com\/wp-content\/uploads\/2026\/04\/image-362.png?w=1440&amp;ssl=1 1440w, https:\/\/i0.wp.com\/innoticiasbo.com\/wp-content\/uploads\/2026\/04\/image-362.png?w=1280&amp;ssl=1 1280w\" sizes=\"auto, (max-width: 640px) 100vw, 640px\" \/><\/figure>\n\n\n\n<p><strong>Pa\u00eds, 30 de Abril de 2026.-<\/strong> Marchas, cabildos y bloqueos son algunas de las medidas que rechazan decisiones asumidas por el Gobierno de Rodrigo Paz. Ante este panorama, el analista pol\u00edtico Marcelo Arequipa afirm\u00f3 que estas movilizaciones reflejan que el nivel de tolerancia de la poblaci\u00f3n se ha agotado y que estos conflictos pueden deteriorar a\u00fan m\u00e1s la gesti\u00f3n gubernamental, pero no as\u00ed la de Paz.<\/p>\n\n\n\n<p>\u201cLa imagen sobre el Gobierno nacional ahora mismo est\u00e1 deteriorada, pero la imagen sobre Rodrigo todav\u00eda no. Son temas que complican al Gobierno y lo van a probablemente deteriorar a\u00fan m\u00e1s de lo que ya est\u00e1\u201d, dijo Arequipa a Urgente.bo.<\/p>\n\n\n\n<p>Arequipa se\u00f1al\u00f3 que se esperaba un mayor grado de tolerancia de la poblaci\u00f3n hacia el Gobierno nacional; sin embargo, considera que ese margen ya se termin\u00f3. Asimismo, el analista resalt\u00f3 que la imagen del Gobierno atraviesa un momento de desgaste, aunque la figura del presidente a\u00fan se mantiene.<\/p>\n\n\n\n<p>\u201cSe pod\u00eda esperar un mayor grado de tolerancia respecto de las acciones que pod\u00eda estar realizando el Gobierno nacional. Ese nivel de tolerancia que todav\u00eda manten\u00eda la poblaci\u00f3n sobre el gobierno se ha terminado\u201d, resalt\u00f3.<\/p>\n\n\n\n<p>Este 1 de mayo, la Central Obrera Boliviana (COB) realizar\u00e1 un cabildo en la ciudad de El Alto. El m\u00e1ximo ente de los trabajadores afirm\u00f3 que su convocatoria contar\u00e1 con el respaldo de sus m\u00e1s de 80 afiliados y la participaci\u00f3n de sectores como gremiales, transportistas y juntas vecinales, entre otros. En este espacio, la COB plantear\u00e1 una agenda de protestas ante la negativa del Gobierno a su pliego petitorio.<\/p>\n\n\n\n<p>Paralelamente, se desarrolla una marcha de maestros quienes exigen demandas salariales y que se sumar\u00e1n a la COB en su cabildo. Asimismo, ind\u00edgenas marchan rumbo a la sede de gobierno exigiendo la abrogaci\u00f3n de la ley 1720 (ley de tierras). La pr\u00f3xima semana, los choferes protagonizar\u00edan un paro nacional en reclamo a temas de combustible.<\/p>\n\n\n\n<p>Ante este panorama, Arequipa se\u00f1al\u00f3 que algunas declaraciones desde el Gobierno no responden a lo que se esperar\u00eda en este contexto. \u201cPrimero con esa declaraci\u00f3n de que no le tiene miedo a las movilizaciones y segundo con la declaraci\u00f3n del vocero de que todo est\u00e1 cerrado, es decir, ellos ya han tomado una posici\u00f3n y no van a retroceder. No son necesariamente las acciones que uno esperar\u00eda en la posici\u00f3n ahora mismo un poco delicada que tiene el Gobierno nacional\u201d, puntualiz\u00f3.<\/p>\n\n\n\n<p>En puertas del cabildo de la COB, Arequipa sostuvo que \u201cnos estamos enfrentando a un escenario en el que probablemente la COB siga siendo el actor pol\u00edtico que tome la iniciativa y lo empuje al gobierno solamente a responder\u201d.<\/p>\n\n\n\n<p>Fuente: Urgente.bo<\/p>\n","protected":false},"excerpt":{"rendered":"<p>Pa\u00eds, 30 de Abril de 2026.- Marchas, cabildos y bloqueos son algunas de las medidas que rechazan decisiones asumidas por el Gobierno de Rodrigo Paz. Ante este panorama, el analista pol\u00edtico Marcelo Arequipa afirm\u00f3 que estas movilizaciones reflejan que el nivel de tolerancia de la poblaci\u00f3n se ha agotado y que estos conflictos pueden deteriorar&#8230;<\/p>\n","protected":false},"author":11,"featured_media":11636,"comment_status":"open","ping_status":"open","sticky":false,"template":"","format":"standard","meta":{"_jetpack_memberships_contains_paid_content":false,"footnotes":"","jetpack_publicize_message":"","jetpack_publicize_feature_enabled":true,"jetpack_social_post_already_shared":true,"jetpack_social_options":{"image_generator_settings":{"template":"highway","enabled":false},"version":2}},"categories":[3],"tags":[339,7,2790,2791,2392,10,345],"class_list":["post-11635","post","type-post","status-publish","format-standard","has-post-thumbnail","hentry","category-politica","tag-bloqueos","tag-bolivia","tag-cabildos","tag-marcelo-arequipa","tag-marchas","tag-politica","tag-rodrigo-paz"],"jetpack_publicize_connections":[],"yoast_head":"<!-- This site is optimized with the Yoast SEO plugin v23.4 - https:\/\/yoast.com\/wordpress\/plugins\/seo\/ -->\n<title>MOVILIZACIONES \u201cDETERIORAN\u201d LA IMAGEN DEL GOBIERNO, PERO LA DE PAZ A\u00daN NO ES AFECTADA - innoticiasbo.com<\/title>\n<meta name=\"robots\" content=\"index, follow, max-snippet:-1, max-image-preview:large, max-video-preview:-1\" \/>\n<link rel=\"canonical\" href=\"https:\/\/innoticiasbo.com\/index.php\/2026\/04\/30\/movilizaciones-deterioran-la-imagen-del-gobierno-pero-la-de-paz-aun-no-es-afectada\/\" \/>\n<meta property=\"og:locale\" content=\"es_ES\" \/>\n<meta property=\"og:type\" content=\"article\" \/>\n<meta property=\"og:title\" content=\"MOVILIZACIONES \u201cDETERIORAN\u201d LA IMAGEN DEL GOBIERNO, PERO LA DE PAZ A\u00daN NO ES AFECTADA - innoticiasbo.com\" \/>\n<meta property=\"og:description\" content=\"Pa\u00eds, 30 de Abril de 2026.- Marchas, cabildos y bloqueos son algunas de las medidas que rechazan decisiones asumidas por el Gobierno de Rodrigo Paz. Ante este panorama, el analista pol\u00edtico Marcelo Arequipa afirm\u00f3 que estas movilizaciones reflejan que el nivel de tolerancia de la poblaci\u00f3n se ha agotado y que estos conflictos pueden deteriorar...\" \/>\n<meta property=\"og:url\" content=\"https:\/\/innoticiasbo.com\/index.php\/2026\/04\/30\/movilizaciones-deterioran-la-imagen-del-gobierno-pero-la-de-paz-aun-no-es-afectada\/\" \/>\n<meta property=\"og:site_name\" content=\"innoticiasbo.com\" \/>\n<meta property=\"article:publisher\" content=\"https:\/\/www.facebook.com\/innoticiasbolivia\" \/>\n<meta property=\"article:published_time\" content=\"2026-05-01T01:37:09+00:00\" \/>\n<meta property=\"article:modified_time\" content=\"2026-05-01T01:37:11+00:00\" \/>\n<meta property=\"og:image\" content=\"https:\/\/innoticiasbo.com\/wp-content\/uploads\/2026\/04\/image-362.png\" \/>\n\t<meta property=\"og:image:width\" content=\"1440\" \/>\n\t<meta property=\"og:image:height\" content=\"960\" \/>\n\t<meta property=\"og:image:type\" content=\"image\/png\" \/>\n<meta name=\"author\" content=\"Prensa 11\" \/>\n<meta name=\"twitter:card\" content=\"summary_large_image\" \/>\n<meta name=\"twitter:creator\" content=\"@innoticiasbo\" \/>\n<meta name=\"twitter:site\" content=\"@innoticiasbo\" \/>\n<meta name=\"twitter:label1\" content=\"Escrito por\" \/>\n\t<meta name=\"twitter:data1\" content=\"Prensa 11\" \/>\n\t<meta name=\"twitter:label2\" content=\"Tiempo de lectura\" \/>\n\t<meta name=\"twitter:data2\" content=\"3 minutos\" \/>\n<script type=\"application\/ld+json\" class=\"yoast-schema-graph\">{\"@context\":\"https:\/\/schema.org\",\"@graph\":[{\"@type\":\"Article\",\"@id\":\"https:\/\/innoticiasbo.com\/index.php\/2026\/04\/30\/movilizaciones-deterioran-la-imagen-del-gobierno-pero-la-de-paz-aun-no-es-afectada\/#article\",\"isPartOf\":{\"@id\":\"https:\/\/innoticiasbo.com\/index.php\/2026\/04\/30\/movilizaciones-deterioran-la-imagen-del-gobierno-pero-la-de-paz-aun-no-es-afectada\/\"},\"author\":{\"name\":\"Prensa 11\",\"@id\":\"https:\/\/innoticiasbo.com\/#\/schema\/person\/0b28481e8d0316f83a13bc702311def5\"},\"headline\":\"MOVILIZACIONES \u201cDETERIORAN\u201d LA IMAGEN DEL GOBIERNO, PERO LA DE PAZ A\u00daN NO ES AFECTADA\",\"datePublished\":\"2026-05-01T01:37:09+00:00\",\"dateModified\":\"2026-05-01T01:37:11+00:00\",\"mainEntityOfPage\":{\"@id\":\"https:\/\/innoticiasbo.com\/index.php\/2026\/04\/30\/movilizaciones-deterioran-la-imagen-del-gobierno-pero-la-de-paz-aun-no-es-afectada\/\"},\"wordCount\":482,\"commentCount\":0,\"publisher\":{\"@id\":\"https:\/\/innoticiasbo.com\/#organization\"},\"image\":{\"@id\":\"https:\/\/innoticiasbo.com\/index.php\/2026\/04\/30\/movilizaciones-deterioran-la-imagen-del-gobierno-pero-la-de-paz-aun-no-es-afectada\/#primaryimage\"},\"thumbnailUrl\":\"https:\/\/i0.wp.com\/innoticiasbo.com\/wp-content\/uploads\/2026\/04\/image-362.png?fit=1440%2C960&ssl=1\",\"keywords\":[\"bloqueos\",\"Bolivia\",\"cabildos\",\"Marcelo Arequipa\",\"Marchas\",\"Pol\u00edtica\",\"Rodrigo Paz\"],\"articleSection\":[\"Pol\u00edtica\"],\"inLanguage\":\"es\",\"potentialAction\":[{\"@type\":\"CommentAction\",\"name\":\"Comment\",\"target\":[\"https:\/\/innoticiasbo.com\/index.php\/2026\/04\/30\/movilizaciones-deterioran-la-imagen-del-gobierno-pero-la-de-paz-aun-no-es-afectada\/#respond\"]}]},{\"@type\":\"WebPage\",\"@id\":\"https:\/\/innoticiasbo.com\/index.php\/2026\/04\/30\/movilizaciones-deterioran-la-imagen-del-gobierno-pero-la-de-paz-aun-no-es-afectada\/\",\"url\":\"https:\/\/innoticiasbo.com\/index.php\/2026\/04\/30\/movilizaciones-deterioran-la-imagen-del-gobierno-pero-la-de-paz-aun-no-es-afectada\/\",\"name\":\"MOVILIZACIONES \u201cDETERIORAN\u201d LA IMAGEN DEL GOBIERNO, PERO LA DE PAZ A\u00daN NO ES AFECTADA - innoticiasbo.com\",\"isPartOf\":{\"@id\":\"https:\/\/innoticiasbo.com\/#website\"},\"primaryImageOfPage\":{\"@id\":\"https:\/\/innoticiasbo.com\/index.php\/2026\/04\/30\/movilizaciones-deterioran-la-imagen-del-gobierno-pero-la-de-paz-aun-no-es-afectada\/#primaryimage\"},\"image\":{\"@id\":\"https:\/\/innoticiasbo.com\/index.php\/2026\/04\/30\/movilizaciones-deterioran-la-imagen-del-gobierno-pero-la-de-paz-aun-no-es-afectada\/#primaryimage\"},\"thumbnailUrl\":\"https:\/\/i0.wp.com\/innoticiasbo.com\/wp-content\/uploads\/2026\/04\/image-362.png?fit=1440%2C960&ssl=1\",\"datePublished\":\"2026-05-01T01:37:09+00:00\",\"dateModified\":\"2026-05-01T01:37:11+00:00\",\"breadcrumb\":{\"@id\":\"https:\/\/innoticiasbo.com\/index.php\/2026\/04\/30\/movilizaciones-deterioran-la-imagen-del-gobierno-pero-la-de-paz-aun-no-es-afectada\/#breadcrumb\"},\"inLanguage\":\"es\",\"potentialAction\":[{\"@type\":\"ReadAction\",\"target\":[\"https:\/\/innoticiasbo.com\/index.php\/2026\/04\/30\/movilizaciones-deterioran-la-imagen-del-gobierno-pero-la-de-paz-aun-no-es-afectada\/\"]}]},{\"@type\":\"ImageObject\",\"inLanguage\":\"es\",\"@id\":\"https:\/\/innoticiasbo.com\/index.php\/2026\/04\/30\/movilizaciones-deterioran-la-imagen-del-gobierno-pero-la-de-paz-aun-no-es-afectada\/#primaryimage\",\"url\":\"https:\/\/i0.wp.com\/innoticiasbo.com\/wp-content\/uploads\/2026\/04\/image-362.png?fit=1440%2C960&ssl=1\",\"contentUrl\":\"https:\/\/i0.wp.com\/innoticiasbo.com\/wp-content\/uploads\/2026\/04\/image-362.png?fit=1440%2C960&ssl=1\",\"width\":1440,\"height\":960},{\"@type\":\"BreadcrumbList\",\"@id\":\"https:\/\/innoticiasbo.com\/index.php\/2026\/04\/30\/movilizaciones-deterioran-la-imagen-del-gobierno-pero-la-de-paz-aun-no-es-afectada\/#breadcrumb\",\"itemListElement\":[{\"@type\":\"ListItem\",\"position\":1,\"name\":\"Portada\",\"item\":\"https:\/\/innoticiasbo.com\/\"},{\"@type\":\"ListItem\",\"position\":2,\"name\":\"MOVILIZACIONES \u201cDETERIORAN\u201d LA IMAGEN DEL GOBIERNO, PERO LA DE PAZ A\u00daN NO ES AFECTADA\"}]},{\"@type\":\"WebSite\",\"@id\":\"https:\/\/innoticiasbo.com\/#website\",\"url\":\"https:\/\/innoticiasbo.com\/\",\"name\":\"innoticiasbo.com\",\"description\":\"\",\"publisher\":{\"@id\":\"https:\/\/innoticiasbo.com\/#organization\"},\"potentialAction\":[{\"@type\":\"SearchAction\",\"target\":{\"@type\":\"EntryPoint\",\"urlTemplate\":\"https:\/\/innoticiasbo.com\/?s={search_term_string}\"},\"query-input\":{\"@type\":\"PropertyValueSpecification\",\"valueRequired\":true,\"valueName\":\"search_term_string\"}}],\"inLanguage\":\"es\"},{\"@type\":\"Organization\",\"@id\":\"https:\/\/innoticiasbo.com\/#organization\",\"name\":\"innoticiasbo.com\",\"url\":\"https:\/\/innoticiasbo.com\/\",\"logo\":{\"@type\":\"ImageObject\",\"inLanguage\":\"es\",\"@id\":\"https:\/\/innoticiasbo.com\/#\/schema\/logo\/image\/\",\"url\":\"https:\/\/i0.wp.com\/innoticiasbo.com\/wp-content\/uploads\/2026\/04\/cropped-IN-LOGO.png?fit=1476%2C1476&ssl=1\",\"contentUrl\":\"https:\/\/i0.wp.com\/innoticiasbo.com\/wp-content\/uploads\/2026\/04\/cropped-IN-LOGO.png?fit=1476%2C1476&ssl=1\",\"width\":1476,\"height\":1476,\"caption\":\"innoticiasbo.com\"},\"image\":{\"@id\":\"https:\/\/innoticiasbo.com\/#\/schema\/logo\/image\/\"},\"sameAs\":[\"https:\/\/www.facebook.com\/innoticiasbolivia\",\"https:\/\/x.com\/innoticiasbo\",\"https:\/\/www.instagram.com\/innoticiasbo\",\"https:\/\/www.youtube.com\/innoticiasbo\"]},{\"@type\":\"Person\",\"@id\":\"https:\/\/innoticiasbo.com\/#\/schema\/person\/0b28481e8d0316f83a13bc702311def5\",\"name\":\"Prensa 11\",\"image\":{\"@type\":\"ImageObject\",\"inLanguage\":\"es\",\"@id\":\"https:\/\/innoticiasbo.com\/#\/schema\/person\/image\/\",\"url\":\"https:\/\/secure.gravatar.com\/avatar\/696560c17349f1807a610bf83832bad0?s=96&d=mm&r=g\",\"contentUrl\":\"https:\/\/secure.gravatar.com\/avatar\/696560c17349f1807a610bf83832bad0?s=96&d=mm&r=g\",\"caption\":\"Prensa 11\"},\"sameAs\":[\"http:\/\/www.innoticiasbo.com\"],\"url\":\"https:\/\/innoticiasbo.com\/index.php\/author\/prensa-11\/\"}]}<\/script>\n<!-- \/ Yoast SEO plugin. -->","yoast_head_json":{"title":"MOVILIZACIONES \u201cDETERIORAN\u201d LA IMAGEN DEL GOBIERNO, PERO LA DE PAZ A\u00daN NO ES AFECTADA - innoticiasbo.com","robots":{"index":"index","follow":"follow","max-snippet":"max-snippet:-1","max-image-preview":"max-image-preview:large","max-video-preview":"max-video-preview:-1"},"canonical":"https:\/\/innoticiasbo.com\/index.php\/2026\/04\/30\/movilizaciones-deterioran-la-imagen-del-gobierno-pero-la-de-paz-aun-no-es-afectada\/","og_locale":"es_ES","og_type":"article","og_title":"MOVILIZACIONES \u201cDETERIORAN\u201d LA IMAGEN DEL GOBIERNO, PERO LA DE PAZ A\u00daN NO ES AFECTADA - innoticiasbo.com","og_description":"Pa\u00eds, 30 de Abril de 2026.- Marchas, cabildos y bloqueos son algunas de las medidas que rechazan decisiones asumidas por el Gobierno de Rodrigo Paz. Ante este panorama, el analista pol\u00edtico Marcelo Arequipa afirm\u00f3 que estas movilizaciones reflejan que el nivel de tolerancia de la poblaci\u00f3n se ha agotado y que estos conflictos pueden deteriorar...","og_url":"https:\/\/innoticiasbo.com\/index.php\/2026\/04\/30\/movilizaciones-deterioran-la-imagen-del-gobierno-pero-la-de-paz-aun-no-es-afectada\/","og_site_name":"innoticiasbo.com","article_publisher":"https:\/\/www.facebook.com\/innoticiasbolivia","article_published_time":"2026-05-01T01:37:09+00:00","article_modified_time":"2026-05-01T01:37:11+00:00","og_image":[{"width":1440,"height":960,"url":"https:\/\/innoticiasbo.com\/wp-content\/uploads\/2026\/04\/image-362.png","type":"image\/png"}],"author":"Prensa 11","twitter_card":"summary_large_image","twitter_creator":"@innoticiasbo","twitter_site":"@innoticiasbo","twitter_misc":{"Escrito por":"Prensa 11","Tiempo de lectura":"3 minutos"},"schema":{"@context":"https:\/\/schema.org","@graph":[{"@type":"Article","@id":"https:\/\/innoticiasbo.com\/index.php\/2026\/04\/30\/movilizaciones-deterioran-la-imagen-del-gobierno-pero-la-de-paz-aun-no-es-afectada\/#article","isPartOf":{"@id":"https:\/\/innoticiasbo.com\/index.php\/2026\/04\/30\/movilizaciones-deterioran-la-imagen-del-gobierno-pero-la-de-paz-aun-no-es-afectada\/"},"author":{"name":"Prensa 11","@id":"https:\/\/innoticiasbo.com\/#\/schema\/person\/0b28481e8d0316f83a13bc702311def5"},"headline":"MOVILIZACIONES \u201cDETERIORAN\u201d LA IMAGEN DEL GOBIERNO, PERO LA DE PAZ A\u00daN NO ES AFECTADA","datePublished":"2026-05-01T01:37:09+00:00","dateModified":"2026-05-01T01:37:11+00:00","mainEntityOfPage":{"@id":"https:\/\/innoticiasbo.com\/index.php\/2026\/04\/30\/movilizaciones-deterioran-la-imagen-del-gobierno-pero-la-de-paz-aun-no-es-afectada\/"},"wordCount":482,"commentCount":0,"publisher":{"@id":"https:\/\/innoticiasbo.com\/#organization"},"image":{"@id":"https:\/\/innoticiasbo.com\/index.php\/2026\/04\/30\/movilizaciones-deterioran-la-imagen-del-gobierno-pero-la-de-paz-aun-no-es-afectada\/#primaryimage"},"thumbnailUrl":"https:\/\/i0.wp.com\/innoticiasbo.com\/wp-content\/uploads\/2026\/04\/image-362.png?fit=1440%2C960&ssl=1","keywords":["bloqueos","Bolivia","cabildos","Marcelo Arequipa","Marchas","Pol\u00edtica","Rodrigo Paz"],"articleSection":["Pol\u00edtica"],"inLanguage":"es","potentialAction":[{"@type":"CommentAction","name":"Comment","target":["https:\/\/innoticiasbo.com\/index.php\/2026\/04\/30\/movilizaciones-deterioran-la-imagen-del-gobierno-pero-la-de-paz-aun-no-es-afectada\/#respond"]}]},{"@type":"WebPage","@id":"https:\/\/innoticiasbo.com\/index.php\/2026\/04\/30\/movilizaciones-deterioran-la-imagen-del-gobierno-pero-la-de-paz-aun-no-es-afectada\/","url":"https:\/\/innoticiasbo.com\/index.php\/2026\/04\/30\/movilizaciones-deterioran-la-imagen-del-gobierno-pero-la-de-paz-aun-no-es-afectada\/","name":"MOVILIZACIONES \u201cDETERIORAN\u201d LA IMAGEN DEL GOBIERNO, PERO LA DE PAZ A\u00daN NO ES AFECTADA - innoticiasbo.com","isPartOf":{"@id":"https:\/\/innoticiasbo.com\/#website"},"primaryImageOfPage":{"@id":"https:\/\/innoticiasbo.com\/index.php\/2026\/04\/30\/movilizaciones-deterioran-la-imagen-del-gobierno-pero-la-de-paz-aun-no-es-afectada\/#primaryimage"},"image":{"@id":"https:\/\/innoticiasbo.com\/index.php\/2026\/04\/30\/movilizaciones-deterioran-la-imagen-del-gobierno-pero-la-de-paz-aun-no-es-afectada\/#primaryimage"},"thumbnailUrl":"https:\/\/i0.wp.com\/innoticiasbo.com\/wp-content\/uploads\/2026\/04\/image-362.png?fit=1440%2C960&ssl=1","datePublished":"2026-05-01T01:37:09+00:00","dateModified":"2026-05-01T01:37:11+00:00","breadcrumb":{"@id":"https:\/\/innoticiasbo.com\/index.php\/2026\/04\/30\/movilizaciones-deterioran-la-imagen-del-gobierno-pero-la-de-paz-aun-no-es-afectada\/#breadcrumb"},"inLanguage":"es","potentialAction":[{"@type":"ReadAction","target":["https:\/\/innoticiasbo.com\/index.php\/2026\/04\/30\/movilizaciones-deterioran-la-imagen-del-gobierno-pero-la-de-paz-aun-no-es-afectada\/"]}]},{"@type":"ImageObject","inLanguage":"es","@id":"https:\/\/innoticiasbo.com\/index.php\/2026\/04\/30\/movilizaciones-deterioran-la-imagen-del-gobierno-pero-la-de-paz-aun-no-es-afectada\/#primaryimage","url":"https:\/\/i0.wp.com\/innoticiasbo.com\/wp-content\/uploads\/2026\/04\/image-362.png?fit=1440%2C960&ssl=1","contentUrl":"https:\/\/i0.wp.com\/innoticiasbo.com\/wp-content\/uploads\/2026\/04\/image-362.png?fit=1440%2C960&ssl=1","width":1440,"height":960},{"@type":"BreadcrumbList","@id":"https:\/\/innoticiasbo.com\/index.php\/2026\/04\/30\/movilizaciones-deterioran-la-imagen-del-gobierno-pero-la-de-paz-aun-no-es-afectada\/#breadcrumb","itemListElement":[{"@type":"ListItem","position":1,"name":"Portada","item":"https:\/\/innoticiasbo.com\/"},{"@type":"ListItem","position":2,"name":"MOVILIZACIONES \u201cDETERIORAN\u201d LA IMAGEN DEL GOBIERNO, PERO LA DE PAZ A\u00daN NO ES AFECTADA"}]},{"@type":"WebSite","@id":"https:\/\/innoticiasbo.com\/#website","url":"https:\/\/innoticiasbo.com\/","name":"innoticiasbo.com","description":"","publisher":{"@id":"https:\/\/innoticiasbo.com\/#organization"},"potentialAction":[{"@type":"SearchAction","target":{"@type":"EntryPoint","urlTemplate":"https:\/\/innoticiasbo.com\/?s={search_term_string}"},"query-input":{"@type":"PropertyValueSpecification","valueRequired":true,"valueName":"search_term_string"}}],"inLanguage":"es"},{"@type":"Organization","@id":"https:\/\/innoticiasbo.com\/#organization","name":"innoticiasbo.com","url":"https:\/\/innoticiasbo.com\/","logo":{"@type":"ImageObject","inLanguage":"es","@id":"https:\/\/innoticiasbo.com\/#\/schema\/logo\/image\/","url":"https:\/\/i0.wp.com\/innoticiasbo.com\/wp-content\/uploads\/2026\/04\/cropped-IN-LOGO.png?fit=1476%2C1476&ssl=1","contentUrl":"https:\/\/i0.wp.com\/innoticiasbo.com\/wp-content\/uploads\/2026\/04\/cropped-IN-LOGO.png?fit=1476%2C1476&ssl=1","width":1476,"height":1476,"caption":"innoticiasbo.com"},"image":{"@id":"https:\/\/innoticiasbo.com\/#\/schema\/logo\/image\/"},"sameAs":["https:\/\/www.facebook.com\/innoticiasbolivia","https:\/\/x.com\/innoticiasbo","https:\/\/www.instagram.com\/innoticiasbo","https:\/\/www.youtube.com\/innoticiasbo"]},{"@type":"Person","@id":"https:\/\/innoticiasbo.com\/#\/schema\/person\/0b28481e8d0316f83a13bc702311def5","name":"Prensa 11","image":{"@type":"ImageObject","inLanguage":"es","@id":"https:\/\/innoticiasbo.com\/#\/schema\/person\/image\/","url":"https:\/\/secure.gravatar.com\/avatar\/696560c17349f1807a610bf83832bad0?s=96&d=mm&r=g","contentUrl":"https:\/\/secure.gravatar.com\/avatar\/696560c17349f1807a610bf83832bad0?s=96&d=mm&r=g","caption":"Prensa 11"},"sameAs":["http:\/\/www.innoticiasbo.com"],"url":"https:\/\/innoticiasbo.com\/index.php\/author\/prensa-11\/"}]}},"jetpack_featured_media_url":"https:\/\/i0.wp.com\/innoticiasbo.com\/wp-content\/uploads\/2026\/04\/image-362.png?fit=1440%2C960&ssl=1","jetpack_likes_enabled":true,"jetpack_sharing_enabled":true,"jetpack_shortlink":"https:\/\/wp.me\/pg298x-31F","_links":{"self":[{"href":"https:\/\/innoticiasbo.com\/index.php\/wp-json\/wp\/v2\/posts\/11635","targetHints":{"allow":["GET"]}}],"collection":[{"href":"https:\/\/innoticiasbo.com\/index.php\/wp-json\/wp\/v2\/posts"}],"about":[{"href":"https:\/\/innoticiasbo.com\/index.php\/wp-json\/wp\/v2\/types\/post"}],"author":[{"embeddable":true,"href":"https:\/\/innoticiasbo.com\/index.php\/wp-json\/wp\/v2\/users\/11"}],"replies":[{"embeddable":true,"href":"https:\/\/innoticiasbo.com\/index.php\/wp-json\/wp\/v2\/comments?post=11635"}],"version-history":[{"count":1,"href":"https:\/\/innoticiasbo.com\/index.php\/wp-json\/wp\/v2\/posts\/11635\/revisions"}],"predecessor-version":[{"id":11637,"href":"https:\/\/innoticiasbo.com\/index.php\/wp-json\/wp\/v2\/posts\/11635\/revisions\/11637"}],"wp:featuredmedia":[{"embeddable":true,"href":"https:\/\/innoticiasbo.com\/index.php\/wp-json\/wp\/v2\/media\/11636"}],"wp:attachment":[{"href":"https:\/\/innoticiasbo.com\/index.php\/wp-json\/wp\/v2\/media?parent=11635"}],"wp:term":[{"taxonomy":"category","embeddable":true,"href":"https:\/\/innoticiasbo.com\/index.php\/wp-json\/wp\/v2\/categories?post=11635"},{"taxonomy":"post_tag","embeddable":true,"href":"https:\/\/innoticiasbo.com\/index.php\/wp-json\/wp\/v2\/tags?post=11635"}],"curies":[{"name":"wp","href":"https:\/\/api.w.org\/{rel}","templated":true}]}}