{"id":1163,"date":"2024-09-30T15:16:51","date_gmt":"2024-09-30T15:16:51","guid":{"rendered":"https:\/\/innoticiasbo.com\/?p=1163"},"modified":"2024-09-30T15:44:41","modified_gmt":"2024-09-30T15:44:41","slug":"tras-tres-meses-y-mas-de-7-millones-de-hectareas-perdidas-gobierno-declara-desastre-nacional-por-incendios","status":"publish","type":"post","link":"https:\/\/innoticiasbo.com\/index.php\/2024\/09\/30\/tras-tres-meses-y-mas-de-7-millones-de-hectareas-perdidas-gobierno-declara-desastre-nacional-por-incendios\/","title":{"rendered":"TRAS TRES MESES Y M\u00c1S DE 7 MILLONES DE HECT\u00c1REAS PERDIDAS, GOBIERNO DECLARA DESASTRE NACIONAL POR INCENDIOS"},"content":{"rendered":"\n<p><\/p>\n\n\n\n<p>La Paz, 30 de septiembre de 2024.- Tuvieron que arder m\u00e1s de 7 millones de hect\u00e1reas en mas de 3 meses de emergencia para que el gobierno tomara la decisi\u00f3n de declarar este lunes desastre nacional por los incendios que azotan al pa\u00eds, principalmente al oriente, desde hace al menos tres meses.<\/p>\n\n\n\n<figure class=\"wp-block-image size-large\"><img data-recalc-dims=\"1\" loading=\"lazy\" decoding=\"async\" width=\"640\" height=\"357\" src=\"https:\/\/i0.wp.com\/innoticiasbo.com\/wp-content\/uploads\/2024\/09\/captura-de-pantalla-2024-09-30-14212649770795771537.jpg?resize=640%2C357&#038;ssl=1\" alt=\"\" class=\"wp-image-1168\" srcset=\"https:\/\/i0.wp.com\/innoticiasbo.com\/wp-content\/uploads\/2024\/09\/captura-de-pantalla-2024-09-30-14212649770795771537.jpg?w=770&amp;ssl=1 770w, https:\/\/i0.wp.com\/innoticiasbo.com\/wp-content\/uploads\/2024\/09\/captura-de-pantalla-2024-09-30-14212649770795771537.jpg?resize=300%2C168&amp;ssl=1 300w, https:\/\/i0.wp.com\/innoticiasbo.com\/wp-content\/uploads\/2024\/09\/captura-de-pantalla-2024-09-30-14212649770795771537.jpg?resize=768%2C429&amp;ssl=1 768w\" sizes=\"auto, (max-width: 640px) 100vw, 640px\" \/><\/figure>\n\n\n\n<p>La ministra de la Presidencia, Mar\u00eda Nela Prada, transmiti\u00f3 el mensaje que asumi\u00f3 el Gobierno del presidente Luis Arce.<\/p>\n\n\n\n<p>El gobierno emiti\u00f3 el Decreto Supremo 5235, declarando desastre nacional debido a los incendios forestales que afectan varias regiones del pa\u00eds. Esta medida permitir\u00e1 gestionar la cooperaci\u00f3n internacional para enfrentar la crisis, en coordinaci\u00f3n con los ministerios. Se extremar\u00e1n los recursos para combatir el fuego y reconstruir viviendas, adem\u00e1s de garantizar la seguridad alimentaria.<\/p>\n\n\n\n<p><br>El presidente Luis Arce explic\u00f3 que ya se enviaron dos cr\u00e9ditos a la Asamblea Legislativa, destinados a contratar m\u00e1s aviones, adaptar helic\u00f3pteros y cubrir los gastos necesarios para combatir los incendios. Hizo un llamado a los legisladores, quienes previamente manifestaron preocupaci\u00f3n por la situaci\u00f3n, para que aprueben estos fondos lo m\u00e1s pronto posible.<\/p>\n\n\n\n<figure class=\"wp-block-image size-large\"><img data-recalc-dims=\"1\" loading=\"lazy\" decoding=\"async\" width=\"640\" height=\"360\" src=\"https:\/\/i0.wp.com\/innoticiasbo.com\/wp-content\/uploads\/2024\/09\/20240825203916925679010606309491609603.jpg?resize=640%2C360&#038;ssl=1\" alt=\"\" class=\"wp-image-1167\" srcset=\"https:\/\/i0.wp.com\/innoticiasbo.com\/wp-content\/uploads\/2024\/09\/20240825203916925679010606309491609603.jpg?w=768&amp;ssl=1 768w, https:\/\/i0.wp.com\/innoticiasbo.com\/wp-content\/uploads\/2024\/09\/20240825203916925679010606309491609603.jpg?resize=300%2C169&amp;ssl=1 300w\" sizes=\"auto, (max-width: 640px) 100vw, 640px\" \/><\/figure>\n\n\n\n<p><br>Asimismo, Arce inform\u00f3 sobre un proyecto de ley que endurecer\u00e1 las penas por quemas no controladas, aumentando las sanciones y prohibiendo la distribuci\u00f3n de tierras incendiadas durante un periodo de entre 5 y 10 a\u00f1os. La propuesta busca frenar la pr\u00e1ctica de quemas ilegales, que agravan la crisis ambiental.<\/p>\n\n\n\n<p><br>El mandatario tambi\u00e9n exhort\u00f3 al sistema de justicia a imponer castigos ejemplares contra los responsables de estos incendios, destacando la necesidad de una acci\u00f3n firme para prevenir futuras cat\u00e1strofes ambientales en el pa\u00eds.<\/p>\n","protected":false},"excerpt":{"rendered":"<p>La Paz, 30 de septiembre de 2024.- Tuvieron que arder m\u00e1s de 7 millones de hect\u00e1reas en mas de 3 meses de emergencia para que el gobierno tomara la decisi\u00f3n de declarar este lunes desastre nacional por los incendios que azotan al pa\u00eds, principalmente al oriente, desde hace al menos tres meses. La ministra de&#8230;<\/p>\n","protected":false},"author":1,"featured_media":1164,"comment_status":"open","ping_status":"open","sticky":false,"template":"","format":"standard","meta":{"_jetpack_memberships_contains_paid_content":false,"footnotes":"","jetpack_publicize_message":"","jetpack_publicize_feature_enabled":true,"jetpack_social_post_already_shared":true,"jetpack_social_options":{"image_generator_settings":{"template":"highway","enabled":false},"version":2}},"categories":[1],"tags":[],"class_list":["post-1163","post","type-post","status-publish","format-standard","has-post-thumbnail","hentry","category-bolivia"],"jetpack_publicize_connections":[],"yoast_head":"<!-- This site is optimized with the Yoast SEO plugin v23.4 - https:\/\/yoast.com\/wordpress\/plugins\/seo\/ -->\n<title>TRAS TRES MESES Y M\u00c1S DE 7 MILLONES DE HECT\u00c1REAS PERDIDAS, GOBIERNO DECLARA DESASTRE NACIONAL POR INCENDIOS - innoticiasbo.com<\/title>\n<meta name=\"robots\" content=\"index, follow, max-snippet:-1, max-image-preview:large, max-video-preview:-1\" \/>\n<link rel=\"canonical\" href=\"https:\/\/innoticiasbo.com\/index.php\/2024\/09\/30\/tras-tres-meses-y-mas-de-7-millones-de-hectareas-perdidas-gobierno-declara-desastre-nacional-por-incendios\/\" \/>\n<meta property=\"og:locale\" content=\"es_ES\" \/>\n<meta property=\"og:type\" content=\"article\" \/>\n<meta property=\"og:title\" content=\"TRAS TRES MESES Y M\u00c1S DE 7 MILLONES DE HECT\u00c1REAS PERDIDAS, GOBIERNO DECLARA DESASTRE NACIONAL POR INCENDIOS - innoticiasbo.com\" \/>\n<meta property=\"og:description\" content=\"La Paz, 30 de septiembre de 2024.- Tuvieron que arder m\u00e1s de 7 millones de hect\u00e1reas en mas de 3 meses de emergencia para que el gobierno tomara la decisi\u00f3n de declarar este lunes desastre nacional por los incendios que azotan al pa\u00eds, principalmente al oriente, desde hace al menos tres meses. La ministra de...\" \/>\n<meta property=\"og:url\" content=\"https:\/\/innoticiasbo.com\/index.php\/2024\/09\/30\/tras-tres-meses-y-mas-de-7-millones-de-hectareas-perdidas-gobierno-declara-desastre-nacional-por-incendios\/\" \/>\n<meta property=\"og:site_name\" content=\"innoticiasbo.com\" \/>\n<meta property=\"article:publisher\" content=\"https:\/\/www.facebook.com\/innoticiasbolivia\" \/>\n<meta property=\"article:published_time\" content=\"2024-09-30T15:16:51+00:00\" \/>\n<meta property=\"article:modified_time\" content=\"2024-09-30T15:44:41+00:00\" \/>\n<meta property=\"og:image\" content=\"https:\/\/i0.wp.com\/innoticiasbo.com\/wp-content\/uploads\/2024\/09\/WhatsApp-Image-2024-09-10-at-19.31.40.jpeg?fit=1600%2C989&ssl=1\" \/>\n\t<meta property=\"og:image:width\" content=\"1600\" \/>\n\t<meta property=\"og:image:height\" content=\"989\" \/>\n\t<meta property=\"og:image:type\" content=\"image\/jpeg\" \/>\n<meta name=\"author\" content=\"nextgenmediabo@gmail.com\" \/>\n<meta name=\"twitter:card\" content=\"summary_large_image\" \/>\n<meta name=\"twitter:creator\" content=\"@innoticiasbo\" \/>\n<meta name=\"twitter:site\" content=\"@innoticiasbo\" \/>\n<meta name=\"twitter:label1\" content=\"Escrito por\" \/>\n\t<meta name=\"twitter:data1\" content=\"nextgenmediabo@gmail.com\" \/>\n\t<meta name=\"twitter:label2\" content=\"Tiempo de lectura\" \/>\n\t<meta name=\"twitter:data2\" content=\"1 minuto\" \/>\n<script type=\"application\/ld+json\" class=\"yoast-schema-graph\">{\"@context\":\"https:\/\/schema.org\",\"@graph\":[{\"@type\":\"Article\",\"@id\":\"https:\/\/innoticiasbo.com\/index.php\/2024\/09\/30\/tras-tres-meses-y-mas-de-7-millones-de-hectareas-perdidas-gobierno-declara-desastre-nacional-por-incendios\/#article\",\"isPartOf\":{\"@id\":\"https:\/\/innoticiasbo.com\/index.php\/2024\/09\/30\/tras-tres-meses-y-mas-de-7-millones-de-hectareas-perdidas-gobierno-declara-desastre-nacional-por-incendios\/\"},\"author\":{\"name\":\"nextgenmediabo@gmail.com\",\"@id\":\"https:\/\/innoticiasbo.com\/#\/schema\/person\/5b237f0d6af3fa0f0cc8b9f6da0e8473\"},\"headline\":\"TRAS TRES MESES Y M\u00c1S DE 7 MILLONES DE HECT\u00c1REAS PERDIDAS, GOBIERNO DECLARA DESASTRE NACIONAL POR INCENDIOS\",\"datePublished\":\"2024-09-30T15:16:51+00:00\",\"dateModified\":\"2024-09-30T15:44:41+00:00\",\"mainEntityOfPage\":{\"@id\":\"https:\/\/innoticiasbo.com\/index.php\/2024\/09\/30\/tras-tres-meses-y-mas-de-7-millones-de-hectareas-perdidas-gobierno-declara-desastre-nacional-por-incendios\/\"},\"wordCount\":295,\"commentCount\":0,\"publisher\":{\"@id\":\"https:\/\/innoticiasbo.com\/#organization\"},\"image\":{\"@id\":\"https:\/\/innoticiasbo.com\/index.php\/2024\/09\/30\/tras-tres-meses-y-mas-de-7-millones-de-hectareas-perdidas-gobierno-declara-desastre-nacional-por-incendios\/#primaryimage\"},\"thumbnailUrl\":\"https:\/\/i0.wp.com\/innoticiasbo.com\/wp-content\/uploads\/2024\/09\/WhatsApp-Image-2024-09-10-at-19.31.40.jpeg?fit=1600%2C989&ssl=1\",\"articleSection\":[\"Bolivia\"],\"inLanguage\":\"es\",\"potentialAction\":[{\"@type\":\"CommentAction\",\"name\":\"Comment\",\"target\":[\"https:\/\/innoticiasbo.com\/index.php\/2024\/09\/30\/tras-tres-meses-y-mas-de-7-millones-de-hectareas-perdidas-gobierno-declara-desastre-nacional-por-incendios\/#respond\"]}]},{\"@type\":\"WebPage\",\"@id\":\"https:\/\/innoticiasbo.com\/index.php\/2024\/09\/30\/tras-tres-meses-y-mas-de-7-millones-de-hectareas-perdidas-gobierno-declara-desastre-nacional-por-incendios\/\",\"url\":\"https:\/\/innoticiasbo.com\/index.php\/2024\/09\/30\/tras-tres-meses-y-mas-de-7-millones-de-hectareas-perdidas-gobierno-declara-desastre-nacional-por-incendios\/\",\"name\":\"TRAS TRES MESES Y M\u00c1S DE 7 MILLONES DE HECT\u00c1REAS PERDIDAS, GOBIERNO DECLARA DESASTRE NACIONAL POR INCENDIOS - innoticiasbo.com\",\"isPartOf\":{\"@id\":\"https:\/\/innoticiasbo.com\/#website\"},\"primaryImageOfPage\":{\"@id\":\"https:\/\/innoticiasbo.com\/index.php\/2024\/09\/30\/tras-tres-meses-y-mas-de-7-millones-de-hectareas-perdidas-gobierno-declara-desastre-nacional-por-incendios\/#primaryimage\"},\"image\":{\"@id\":\"https:\/\/innoticiasbo.com\/index.php\/2024\/09\/30\/tras-tres-meses-y-mas-de-7-millones-de-hectareas-perdidas-gobierno-declara-desastre-nacional-por-incendios\/#primaryimage\"},\"thumbnailUrl\":\"https:\/\/i0.wp.com\/innoticiasbo.com\/wp-content\/uploads\/2024\/09\/WhatsApp-Image-2024-09-10-at-19.31.40.jpeg?fit=1600%2C989&ssl=1\",\"datePublished\":\"2024-09-30T15:16:51+00:00\",\"dateModified\":\"2024-09-30T15:44:41+00:00\",\"breadcrumb\":{\"@id\":\"https:\/\/innoticiasbo.com\/index.php\/2024\/09\/30\/tras-tres-meses-y-mas-de-7-millones-de-hectareas-perdidas-gobierno-declara-desastre-nacional-por-incendios\/#breadcrumb\"},\"inLanguage\":\"es\",\"potentialAction\":[{\"@type\":\"ReadAction\",\"target\":[\"https:\/\/innoticiasbo.com\/index.php\/2024\/09\/30\/tras-tres-meses-y-mas-de-7-millones-de-hectareas-perdidas-gobierno-declara-desastre-nacional-por-incendios\/\"]}]},{\"@type\":\"ImageObject\",\"inLanguage\":\"es\",\"@id\":\"https:\/\/innoticiasbo.com\/index.php\/2024\/09\/30\/tras-tres-meses-y-mas-de-7-millones-de-hectareas-perdidas-gobierno-declara-desastre-nacional-por-incendios\/#primaryimage\",\"url\":\"https:\/\/i0.wp.com\/innoticiasbo.com\/wp-content\/uploads\/2024\/09\/WhatsApp-Image-2024-09-10-at-19.31.40.jpeg?fit=1600%2C989&ssl=1\",\"contentUrl\":\"https:\/\/i0.wp.com\/innoticiasbo.com\/wp-content\/uploads\/2024\/09\/WhatsApp-Image-2024-09-10-at-19.31.40.jpeg?fit=1600%2C989&ssl=1\",\"width\":1600,\"height\":989},{\"@type\":\"BreadcrumbList\",\"@id\":\"https:\/\/innoticiasbo.com\/index.php\/2024\/09\/30\/tras-tres-meses-y-mas-de-7-millones-de-hectareas-perdidas-gobierno-declara-desastre-nacional-por-incendios\/#breadcrumb\",\"itemListElement\":[{\"@type\":\"ListItem\",\"position\":1,\"name\":\"Portada\",\"item\":\"https:\/\/innoticiasbo.com\/\"},{\"@type\":\"ListItem\",\"position\":2,\"name\":\"TRAS TRES MESES Y M\u00c1S DE 7 MILLONES DE HECT\u00c1REAS PERDIDAS, GOBIERNO DECLARA DESASTRE NACIONAL POR INCENDIOS\"}]},{\"@type\":\"WebSite\",\"@id\":\"https:\/\/innoticiasbo.com\/#website\",\"url\":\"https:\/\/innoticiasbo.com\/\",\"name\":\"innoticiasbo.com\",\"description\":\"\",\"publisher\":{\"@id\":\"https:\/\/innoticiasbo.com\/#organization\"},\"potentialAction\":[{\"@type\":\"SearchAction\",\"target\":{\"@type\":\"EntryPoint\",\"urlTemplate\":\"https:\/\/innoticiasbo.com\/?s={search_term_string}\"},\"query-input\":{\"@type\":\"PropertyValueSpecification\",\"valueRequired\":true,\"valueName\":\"search_term_string\"}}],\"inLanguage\":\"es\"},{\"@type\":\"Organization\",\"@id\":\"https:\/\/innoticiasbo.com\/#organization\",\"name\":\"innoticiasbo.com\",\"url\":\"https:\/\/innoticiasbo.com\/\",\"logo\":{\"@type\":\"ImageObject\",\"inLanguage\":\"es\",\"@id\":\"https:\/\/innoticiasbo.com\/#\/schema\/logo\/image\/\",\"url\":\"https:\/\/i0.wp.com\/innoticiasbo.com\/wp-content\/uploads\/2026\/04\/cropped-IN-LOGO.png?fit=1476%2C1476&ssl=1\",\"contentUrl\":\"https:\/\/i0.wp.com\/innoticiasbo.com\/wp-content\/uploads\/2026\/04\/cropped-IN-LOGO.png?fit=1476%2C1476&ssl=1\",\"width\":1476,\"height\":1476,\"caption\":\"innoticiasbo.com\"},\"image\":{\"@id\":\"https:\/\/innoticiasbo.com\/#\/schema\/logo\/image\/\"},\"sameAs\":[\"https:\/\/www.facebook.com\/innoticiasbolivia\",\"https:\/\/x.com\/innoticiasbo\",\"https:\/\/www.instagram.com\/innoticiasbo\",\"https:\/\/www.youtube.com\/innoticiasbo\"]},{\"@type\":\"Person\",\"@id\":\"https:\/\/innoticiasbo.com\/#\/schema\/person\/5b237f0d6af3fa0f0cc8b9f6da0e8473\",\"name\":\"nextgenmediabo@gmail.com\",\"image\":{\"@type\":\"ImageObject\",\"inLanguage\":\"es\",\"@id\":\"https:\/\/innoticiasbo.com\/#\/schema\/person\/image\/\",\"url\":\"https:\/\/secure.gravatar.com\/avatar\/6ee38a7c5036e6a8adc6012af874da23?s=96&d=mm&r=g\",\"contentUrl\":\"https:\/\/secure.gravatar.com\/avatar\/6ee38a7c5036e6a8adc6012af874da23?s=96&d=mm&r=g\",\"caption\":\"nextgenmediabo@gmail.com\"},\"sameAs\":[\"http:\/\/innoticiasbo.com\"],\"url\":\"https:\/\/innoticiasbo.com\/index.php\/author\/nextgenmediabogmail-com\/\"}]}<\/script>\n<!-- \/ Yoast SEO plugin. -->","yoast_head_json":{"title":"TRAS TRES MESES Y M\u00c1S DE 7 MILLONES DE HECT\u00c1REAS PERDIDAS, GOBIERNO DECLARA DESASTRE NACIONAL POR INCENDIOS - innoticiasbo.com","robots":{"index":"index","follow":"follow","max-snippet":"max-snippet:-1","max-image-preview":"max-image-preview:large","max-video-preview":"max-video-preview:-1"},"canonical":"https:\/\/innoticiasbo.com\/index.php\/2024\/09\/30\/tras-tres-meses-y-mas-de-7-millones-de-hectareas-perdidas-gobierno-declara-desastre-nacional-por-incendios\/","og_locale":"es_ES","og_type":"article","og_title":"TRAS TRES MESES Y M\u00c1S DE 7 MILLONES DE HECT\u00c1REAS PERDIDAS, GOBIERNO DECLARA DESASTRE NACIONAL POR INCENDIOS - innoticiasbo.com","og_description":"La Paz, 30 de septiembre de 2024.- Tuvieron que arder m\u00e1s de 7 millones de hect\u00e1reas en mas de 3 meses de emergencia para que el gobierno tomara la decisi\u00f3n de declarar este lunes desastre nacional por los incendios que azotan al pa\u00eds, principalmente al oriente, desde hace al menos tres meses. La ministra de...","og_url":"https:\/\/innoticiasbo.com\/index.php\/2024\/09\/30\/tras-tres-meses-y-mas-de-7-millones-de-hectareas-perdidas-gobierno-declara-desastre-nacional-por-incendios\/","og_site_name":"innoticiasbo.com","article_publisher":"https:\/\/www.facebook.com\/innoticiasbolivia","article_published_time":"2024-09-30T15:16:51+00:00","article_modified_time":"2024-09-30T15:44:41+00:00","og_image":[{"width":1600,"height":989,"url":"https:\/\/i0.wp.com\/innoticiasbo.com\/wp-content\/uploads\/2024\/09\/WhatsApp-Image-2024-09-10-at-19.31.40.jpeg?fit=1600%2C989&ssl=1","type":"image\/jpeg"}],"author":"nextgenmediabo@gmail.com","twitter_card":"summary_large_image","twitter_creator":"@innoticiasbo","twitter_site":"@innoticiasbo","twitter_misc":{"Escrito por":"nextgenmediabo@gmail.com","Tiempo de lectura":"1 minuto"},"schema":{"@context":"https:\/\/schema.org","@graph":[{"@type":"Article","@id":"https:\/\/innoticiasbo.com\/index.php\/2024\/09\/30\/tras-tres-meses-y-mas-de-7-millones-de-hectareas-perdidas-gobierno-declara-desastre-nacional-por-incendios\/#article","isPartOf":{"@id":"https:\/\/innoticiasbo.com\/index.php\/2024\/09\/30\/tras-tres-meses-y-mas-de-7-millones-de-hectareas-perdidas-gobierno-declara-desastre-nacional-por-incendios\/"},"author":{"name":"nextgenmediabo@gmail.com","@id":"https:\/\/innoticiasbo.com\/#\/schema\/person\/5b237f0d6af3fa0f0cc8b9f6da0e8473"},"headline":"TRAS TRES MESES Y M\u00c1S DE 7 MILLONES DE HECT\u00c1REAS PERDIDAS, GOBIERNO DECLARA DESASTRE NACIONAL POR INCENDIOS","datePublished":"2024-09-30T15:16:51+00:00","dateModified":"2024-09-30T15:44:41+00:00","mainEntityOfPage":{"@id":"https:\/\/innoticiasbo.com\/index.php\/2024\/09\/30\/tras-tres-meses-y-mas-de-7-millones-de-hectareas-perdidas-gobierno-declara-desastre-nacional-por-incendios\/"},"wordCount":295,"commentCount":0,"publisher":{"@id":"https:\/\/innoticiasbo.com\/#organization"},"image":{"@id":"https:\/\/innoticiasbo.com\/index.php\/2024\/09\/30\/tras-tres-meses-y-mas-de-7-millones-de-hectareas-perdidas-gobierno-declara-desastre-nacional-por-incendios\/#primaryimage"},"thumbnailUrl":"https:\/\/i0.wp.com\/innoticiasbo.com\/wp-content\/uploads\/2024\/09\/WhatsApp-Image-2024-09-10-at-19.31.40.jpeg?fit=1600%2C989&ssl=1","articleSection":["Bolivia"],"inLanguage":"es","potentialAction":[{"@type":"CommentAction","name":"Comment","target":["https:\/\/innoticiasbo.com\/index.php\/2024\/09\/30\/tras-tres-meses-y-mas-de-7-millones-de-hectareas-perdidas-gobierno-declara-desastre-nacional-por-incendios\/#respond"]}]},{"@type":"WebPage","@id":"https:\/\/innoticiasbo.com\/index.php\/2024\/09\/30\/tras-tres-meses-y-mas-de-7-millones-de-hectareas-perdidas-gobierno-declara-desastre-nacional-por-incendios\/","url":"https:\/\/innoticiasbo.com\/index.php\/2024\/09\/30\/tras-tres-meses-y-mas-de-7-millones-de-hectareas-perdidas-gobierno-declara-desastre-nacional-por-incendios\/","name":"TRAS TRES MESES Y M\u00c1S DE 7 MILLONES DE HECT\u00c1REAS PERDIDAS, GOBIERNO DECLARA DESASTRE NACIONAL POR INCENDIOS - innoticiasbo.com","isPartOf":{"@id":"https:\/\/innoticiasbo.com\/#website"},"primaryImageOfPage":{"@id":"https:\/\/innoticiasbo.com\/index.php\/2024\/09\/30\/tras-tres-meses-y-mas-de-7-millones-de-hectareas-perdidas-gobierno-declara-desastre-nacional-por-incendios\/#primaryimage"},"image":{"@id":"https:\/\/innoticiasbo.com\/index.php\/2024\/09\/30\/tras-tres-meses-y-mas-de-7-millones-de-hectareas-perdidas-gobierno-declara-desastre-nacional-por-incendios\/#primaryimage"},"thumbnailUrl":"https:\/\/i0.wp.com\/innoticiasbo.com\/wp-content\/uploads\/2024\/09\/WhatsApp-Image-2024-09-10-at-19.31.40.jpeg?fit=1600%2C989&ssl=1","datePublished":"2024-09-30T15:16:51+00:00","dateModified":"2024-09-30T15:44:41+00:00","breadcrumb":{"@id":"https:\/\/innoticiasbo.com\/index.php\/2024\/09\/30\/tras-tres-meses-y-mas-de-7-millones-de-hectareas-perdidas-gobierno-declara-desastre-nacional-por-incendios\/#breadcrumb"},"inLanguage":"es","potentialAction":[{"@type":"ReadAction","target":["https:\/\/innoticiasbo.com\/index.php\/2024\/09\/30\/tras-tres-meses-y-mas-de-7-millones-de-hectareas-perdidas-gobierno-declara-desastre-nacional-por-incendios\/"]}]},{"@type":"ImageObject","inLanguage":"es","@id":"https:\/\/innoticiasbo.com\/index.php\/2024\/09\/30\/tras-tres-meses-y-mas-de-7-millones-de-hectareas-perdidas-gobierno-declara-desastre-nacional-por-incendios\/#primaryimage","url":"https:\/\/i0.wp.com\/innoticiasbo.com\/wp-content\/uploads\/2024\/09\/WhatsApp-Image-2024-09-10-at-19.31.40.jpeg?fit=1600%2C989&ssl=1","contentUrl":"https:\/\/i0.wp.com\/innoticiasbo.com\/wp-content\/uploads\/2024\/09\/WhatsApp-Image-2024-09-10-at-19.31.40.jpeg?fit=1600%2C989&ssl=1","width":1600,"height":989},{"@type":"BreadcrumbList","@id":"https:\/\/innoticiasbo.com\/index.php\/2024\/09\/30\/tras-tres-meses-y-mas-de-7-millones-de-hectareas-perdidas-gobierno-declara-desastre-nacional-por-incendios\/#breadcrumb","itemListElement":[{"@type":"ListItem","position":1,"name":"Portada","item":"https:\/\/innoticiasbo.com\/"},{"@type":"ListItem","position":2,"name":"TRAS TRES MESES Y M\u00c1S DE 7 MILLONES DE HECT\u00c1REAS PERDIDAS, GOBIERNO DECLARA DESASTRE NACIONAL POR INCENDIOS"}]},{"@type":"WebSite","@id":"https:\/\/innoticiasbo.com\/#website","url":"https:\/\/innoticiasbo.com\/","name":"innoticiasbo.com","description":"","publisher":{"@id":"https:\/\/innoticiasbo.com\/#organization"},"potentialAction":[{"@type":"SearchAction","target":{"@type":"EntryPoint","urlTemplate":"https:\/\/innoticiasbo.com\/?s={search_term_string}"},"query-input":{"@type":"PropertyValueSpecification","valueRequired":true,"valueName":"search_term_string"}}],"inLanguage":"es"},{"@type":"Organization","@id":"https:\/\/innoticiasbo.com\/#organization","name":"innoticiasbo.com","url":"https:\/\/innoticiasbo.com\/","logo":{"@type":"ImageObject","inLanguage":"es","@id":"https:\/\/innoticiasbo.com\/#\/schema\/logo\/image\/","url":"https:\/\/i0.wp.com\/innoticiasbo.com\/wp-content\/uploads\/2026\/04\/cropped-IN-LOGO.png?fit=1476%2C1476&ssl=1","contentUrl":"https:\/\/i0.wp.com\/innoticiasbo.com\/wp-content\/uploads\/2026\/04\/cropped-IN-LOGO.png?fit=1476%2C1476&ssl=1","width":1476,"height":1476,"caption":"innoticiasbo.com"},"image":{"@id":"https:\/\/innoticiasbo.com\/#\/schema\/logo\/image\/"},"sameAs":["https:\/\/www.facebook.com\/innoticiasbolivia","https:\/\/x.com\/innoticiasbo","https:\/\/www.instagram.com\/innoticiasbo","https:\/\/www.youtube.com\/innoticiasbo"]},{"@type":"Person","@id":"https:\/\/innoticiasbo.com\/#\/schema\/person\/5b237f0d6af3fa0f0cc8b9f6da0e8473","name":"nextgenmediabo@gmail.com","image":{"@type":"ImageObject","inLanguage":"es","@id":"https:\/\/innoticiasbo.com\/#\/schema\/person\/image\/","url":"https:\/\/secure.gravatar.com\/avatar\/6ee38a7c5036e6a8adc6012af874da23?s=96&d=mm&r=g","contentUrl":"https:\/\/secure.gravatar.com\/avatar\/6ee38a7c5036e6a8adc6012af874da23?s=96&d=mm&r=g","caption":"nextgenmediabo@gmail.com"},"sameAs":["http:\/\/innoticiasbo.com"],"url":"https:\/\/innoticiasbo.com\/index.php\/author\/nextgenmediabogmail-com\/"}]}},"jetpack_featured_media_url":"https:\/\/i0.wp.com\/innoticiasbo.com\/wp-content\/uploads\/2024\/09\/WhatsApp-Image-2024-09-10-at-19.31.40.jpeg?fit=1600%2C989&ssl=1","jetpack_likes_enabled":true,"jetpack_sharing_enabled":true,"jetpack_shortlink":"https:\/\/wp.me\/pg298x-iL","_links":{"self":[{"href":"https:\/\/innoticiasbo.com\/index.php\/wp-json\/wp\/v2\/posts\/1163","targetHints":{"allow":["GET"]}}],"collection":[{"href":"https:\/\/innoticiasbo.com\/index.php\/wp-json\/wp\/v2\/posts"}],"about":[{"href":"https:\/\/innoticiasbo.com\/index.php\/wp-json\/wp\/v2\/types\/post"}],"author":[{"embeddable":true,"href":"https:\/\/innoticiasbo.com\/index.php\/wp-json\/wp\/v2\/users\/1"}],"replies":[{"embeddable":true,"href":"https:\/\/innoticiasbo.com\/index.php\/wp-json\/wp\/v2\/comments?post=1163"}],"version-history":[{"count":2,"href":"https:\/\/innoticiasbo.com\/index.php\/wp-json\/wp\/v2\/posts\/1163\/revisions"}],"predecessor-version":[{"id":1169,"href":"https:\/\/innoticiasbo.com\/index.php\/wp-json\/wp\/v2\/posts\/1163\/revisions\/1169"}],"wp:featuredmedia":[{"embeddable":true,"href":"https:\/\/innoticiasbo.com\/index.php\/wp-json\/wp\/v2\/media\/1164"}],"wp:attachment":[{"href":"https:\/\/innoticiasbo.com\/index.php\/wp-json\/wp\/v2\/media?parent=1163"}],"wp:term":[{"taxonomy":"category","embeddable":true,"href":"https:\/\/innoticiasbo.com\/index.php\/wp-json\/wp\/v2\/categories?post=1163"},{"taxonomy":"post_tag","embeddable":true,"href":"https:\/\/innoticiasbo.com\/index.php\/wp-json\/wp\/v2\/tags?post=1163"}],"curies":[{"name":"wp","href":"https:\/\/api.w.org\/{rel}","templated":true}]}}