{"id":11626,"date":"2026-04-30T20:22:55","date_gmt":"2026-05-01T00:22:55","guid":{"rendered":"https:\/\/innoticiasbo.com\/?p=11626"},"modified":"2026-04-30T20:22:56","modified_gmt":"2026-05-01T00:22:56","slug":"nueva-orden-de-aprehension-frustra-excarcelacion-de-exministro-montano","status":"publish","type":"post","link":"https:\/\/innoticiasbo.com\/index.php\/2026\/04\/30\/nueva-orden-de-aprehension-frustra-excarcelacion-de-exministro-montano\/","title":{"rendered":"NUEVA ORDEN DE APREHENSI\u00d3N FRUSTRA EXCARCELACI\u00d3N DE EXMINISTRO MONTA\u00d1O"},"content":{"rendered":"\n<figure class=\"wp-block-image size-full is-resized\"><img data-recalc-dims=\"1\" loading=\"lazy\" decoding=\"async\" width=\"640\" height=\"357\" src=\"https:\/\/i0.wp.com\/innoticiasbo.com\/wp-content\/uploads\/2026\/04\/image-359.png?resize=640%2C357&#038;ssl=1\" alt=\"\" class=\"wp-image-11627\" style=\"width:840px;height:auto\" srcset=\"https:\/\/i0.wp.com\/innoticiasbo.com\/wp-content\/uploads\/2026\/04\/image-359.png?w=770&amp;ssl=1 770w, https:\/\/i0.wp.com\/innoticiasbo.com\/wp-content\/uploads\/2026\/04\/image-359.png?resize=300%2C168&amp;ssl=1 300w, https:\/\/i0.wp.com\/innoticiasbo.com\/wp-content\/uploads\/2026\/04\/image-359.png?resize=768%2C429&amp;ssl=1 768w\" sizes=\"auto, (max-width: 640px) 100vw, 640px\" \/><\/figure>\n\n\n\n<p><strong>Pa\u00eds, 30 de Abril de 2026.-<\/strong> Al cabo de tres meses de prisi\u00f3n preventiva, el exministro de Obras P\u00fablicas, \u00c9dgar Monta\u00f1o, estaba por salir de la c\u00e1rcel de San Pedro, en la Paz, para cumplir detenci\u00f3n domiciliaria, sin embargo, la Fiscal\u00eda emiti\u00f3 otra orden de aprehensi\u00f3n en su contra, de modo que comparecer\u00e1 nuevamente ante un juez.<\/p>\n\n\n\n<p>Monta\u00f1o fue detenido en el penal de San Pedro en enero de este a\u00f1o, investigado por la presunta comisi\u00f3n de delitos en la ejecuci\u00f3n del proyecto del tramo El Sillar. Recientemente, una Sala Penal le otorg\u00f3 la detenci\u00f3n domiciliaria, con lo cual el exministro pod\u00eda salir de la c\u00e1rcel.<\/p>\n\n\n\n<p>Sin embargo, la Fiscal\u00eda notific\u00f3 a Monta\u00f1o el mi\u00e9rcoles 29 de abril con otra orden de aprehensi\u00f3n. Esto se desarroll\u00f3 en el mismo penal de San Pedro.<\/p>\n\n\n\n<p>El fiscal departamental Luis Carlos T\u00f3rrez explic\u00f3 que la nueva orden de aprehensi\u00f3n corresponde a un caso distinto, por los delitos de incumplimiento de deberes y contratos lesivos al Estado, aunque tambi\u00e9n est\u00e1 relacionado con El Sillar.<\/p>\n\n\n\n<p>T\u00f3rrez indic\u00f3 que este jueves se toma la declaraci\u00f3n al exministro y se proceder\u00e1 con su imputaci\u00f3n, para solicitar medidas cautelares.<\/p>\n\n\n\n<p>Con esta figura, Monta\u00f1o ser\u00e1 puesto nuevamente ante un juez que determine su situaci\u00f3n jur\u00eddica.<\/p>\n\n\n\n<p>El fiscal se\u00f1al\u00f3 que otras personas tambi\u00e9n est\u00e1n implicadas en este nuevo caso y que ser\u00e1n citadas.<\/p>\n\n\n\n<p>Fuente: Los Tiempos<\/p>\n","protected":false},"excerpt":{"rendered":"<p>Pa\u00eds, 30 de Abril de 2026.- Al cabo de tres meses de prisi\u00f3n preventiva, el exministro de Obras P\u00fablicas, \u00c9dgar Monta\u00f1o, estaba por salir de la c\u00e1rcel de San Pedro, en la Paz, para cumplir detenci\u00f3n domiciliaria, sin embargo, la Fiscal\u00eda emiti\u00f3 otra orden de aprehensi\u00f3n en su contra, de modo que comparecer\u00e1 nuevamente ante&#8230;<\/p>\n","protected":false},"author":11,"featured_media":11627,"comment_status":"open","ping_status":"open","sticky":false,"template":"","format":"standard","meta":{"_jetpack_memberships_contains_paid_content":false,"footnotes":"","jetpack_publicize_message":"","jetpack_publicize_feature_enabled":true,"jetpack_social_post_already_shared":true,"jetpack_social_options":{"image_generator_settings":{"template":"highway","enabled":false},"version":2}},"categories":[3],"tags":[7,2785,2784,2786,70,10],"class_list":["post-11626","post","type-post","status-publish","format-standard","has-post-thumbnail","hentry","category-politica","tag-bolivia","tag-edgar-montano","tag-exministro-de-obras-publicas","tag-luis-carlos-torrez","tag-orden-de-aprehension","tag-politica"],"jetpack_publicize_connections":[],"yoast_head":"<!-- This site is optimized with the Yoast SEO plugin v23.4 - https:\/\/yoast.com\/wordpress\/plugins\/seo\/ -->\n<title>NUEVA ORDEN DE APREHENSI\u00d3N FRUSTRA EXCARCELACI\u00d3N DE EXMINISTRO MONTA\u00d1O - innoticiasbo.com<\/title>\n<meta name=\"robots\" content=\"index, follow, max-snippet:-1, max-image-preview:large, max-video-preview:-1\" \/>\n<link rel=\"canonical\" href=\"https:\/\/innoticiasbo.com\/index.php\/2026\/04\/30\/nueva-orden-de-aprehension-frustra-excarcelacion-de-exministro-montano\/\" \/>\n<meta property=\"og:locale\" content=\"es_ES\" \/>\n<meta property=\"og:type\" content=\"article\" \/>\n<meta property=\"og:title\" content=\"NUEVA ORDEN DE APREHENSI\u00d3N FRUSTRA EXCARCELACI\u00d3N DE EXMINISTRO MONTA\u00d1O - innoticiasbo.com\" \/>\n<meta property=\"og:description\" content=\"Pa\u00eds, 30 de Abril de 2026.- Al cabo de tres meses de prisi\u00f3n preventiva, el exministro de Obras P\u00fablicas, \u00c9dgar Monta\u00f1o, estaba por salir de la c\u00e1rcel de San Pedro, en la Paz, para cumplir detenci\u00f3n domiciliaria, sin embargo, la Fiscal\u00eda emiti\u00f3 otra orden de aprehensi\u00f3n en su contra, de modo que comparecer\u00e1 nuevamente ante...\" \/>\n<meta property=\"og:url\" content=\"https:\/\/innoticiasbo.com\/index.php\/2026\/04\/30\/nueva-orden-de-aprehension-frustra-excarcelacion-de-exministro-montano\/\" \/>\n<meta property=\"og:site_name\" content=\"innoticiasbo.com\" \/>\n<meta property=\"article:publisher\" content=\"https:\/\/www.facebook.com\/innoticiasbolivia\" \/>\n<meta property=\"article:published_time\" content=\"2026-05-01T00:22:55+00:00\" \/>\n<meta property=\"article:modified_time\" content=\"2026-05-01T00:22:56+00:00\" \/>\n<meta property=\"og:image\" content=\"https:\/\/innoticiasbo.com\/wp-content\/uploads\/2026\/04\/image-359.png\" \/>\n\t<meta property=\"og:image:width\" content=\"770\" \/>\n\t<meta property=\"og:image:height\" content=\"430\" \/>\n\t<meta property=\"og:image:type\" content=\"image\/png\" \/>\n<meta name=\"author\" content=\"Prensa 11\" \/>\n<meta name=\"twitter:card\" content=\"summary_large_image\" \/>\n<meta name=\"twitter:creator\" content=\"@innoticiasbo\" \/>\n<meta name=\"twitter:site\" content=\"@innoticiasbo\" \/>\n<meta name=\"twitter:label1\" content=\"Escrito por\" \/>\n\t<meta name=\"twitter:data1\" content=\"Prensa 11\" \/>\n\t<meta name=\"twitter:label2\" content=\"Tiempo de lectura\" \/>\n\t<meta name=\"twitter:data2\" content=\"2 minutos\" \/>\n<script type=\"application\/ld+json\" class=\"yoast-schema-graph\">{\"@context\":\"https:\/\/schema.org\",\"@graph\":[{\"@type\":\"Article\",\"@id\":\"https:\/\/innoticiasbo.com\/index.php\/2026\/04\/30\/nueva-orden-de-aprehension-frustra-excarcelacion-de-exministro-montano\/#article\",\"isPartOf\":{\"@id\":\"https:\/\/innoticiasbo.com\/index.php\/2026\/04\/30\/nueva-orden-de-aprehension-frustra-excarcelacion-de-exministro-montano\/\"},\"author\":{\"name\":\"Prensa 11\",\"@id\":\"https:\/\/innoticiasbo.com\/#\/schema\/person\/0b28481e8d0316f83a13bc702311def5\"},\"headline\":\"NUEVA ORDEN DE APREHENSI\u00d3N FRUSTRA EXCARCELACI\u00d3N DE EXMINISTRO MONTA\u00d1O\",\"datePublished\":\"2026-05-01T00:22:55+00:00\",\"dateModified\":\"2026-05-01T00:22:56+00:00\",\"mainEntityOfPage\":{\"@id\":\"https:\/\/innoticiasbo.com\/index.php\/2026\/04\/30\/nueva-orden-de-aprehension-frustra-excarcelacion-de-exministro-montano\/\"},\"wordCount\":268,\"commentCount\":0,\"publisher\":{\"@id\":\"https:\/\/innoticiasbo.com\/#organization\"},\"image\":{\"@id\":\"https:\/\/innoticiasbo.com\/index.php\/2026\/04\/30\/nueva-orden-de-aprehension-frustra-excarcelacion-de-exministro-montano\/#primaryimage\"},\"thumbnailUrl\":\"https:\/\/i0.wp.com\/innoticiasbo.com\/wp-content\/uploads\/2026\/04\/image-359.png?fit=770%2C430&ssl=1\",\"keywords\":[\"Bolivia\",\"\u00c9dgar Monta\u00f1o\",\"exministro de Obras P\u00fablicas\",\"Luis Carlos T\u00f3rrez\",\"orden de aprehensi\u00f3n\",\"Pol\u00edtica\"],\"articleSection\":[\"Pol\u00edtica\"],\"inLanguage\":\"es\",\"potentialAction\":[{\"@type\":\"CommentAction\",\"name\":\"Comment\",\"target\":[\"https:\/\/innoticiasbo.com\/index.php\/2026\/04\/30\/nueva-orden-de-aprehension-frustra-excarcelacion-de-exministro-montano\/#respond\"]}]},{\"@type\":\"WebPage\",\"@id\":\"https:\/\/innoticiasbo.com\/index.php\/2026\/04\/30\/nueva-orden-de-aprehension-frustra-excarcelacion-de-exministro-montano\/\",\"url\":\"https:\/\/innoticiasbo.com\/index.php\/2026\/04\/30\/nueva-orden-de-aprehension-frustra-excarcelacion-de-exministro-montano\/\",\"name\":\"NUEVA ORDEN DE APREHENSI\u00d3N FRUSTRA EXCARCELACI\u00d3N DE EXMINISTRO MONTA\u00d1O - innoticiasbo.com\",\"isPartOf\":{\"@id\":\"https:\/\/innoticiasbo.com\/#website\"},\"primaryImageOfPage\":{\"@id\":\"https:\/\/innoticiasbo.com\/index.php\/2026\/04\/30\/nueva-orden-de-aprehension-frustra-excarcelacion-de-exministro-montano\/#primaryimage\"},\"image\":{\"@id\":\"https:\/\/innoticiasbo.com\/index.php\/2026\/04\/30\/nueva-orden-de-aprehension-frustra-excarcelacion-de-exministro-montano\/#primaryimage\"},\"thumbnailUrl\":\"https:\/\/i0.wp.com\/innoticiasbo.com\/wp-content\/uploads\/2026\/04\/image-359.png?fit=770%2C430&ssl=1\",\"datePublished\":\"2026-05-01T00:22:55+00:00\",\"dateModified\":\"2026-05-01T00:22:56+00:00\",\"breadcrumb\":{\"@id\":\"https:\/\/innoticiasbo.com\/index.php\/2026\/04\/30\/nueva-orden-de-aprehension-frustra-excarcelacion-de-exministro-montano\/#breadcrumb\"},\"inLanguage\":\"es\",\"potentialAction\":[{\"@type\":\"ReadAction\",\"target\":[\"https:\/\/innoticiasbo.com\/index.php\/2026\/04\/30\/nueva-orden-de-aprehension-frustra-excarcelacion-de-exministro-montano\/\"]}]},{\"@type\":\"ImageObject\",\"inLanguage\":\"es\",\"@id\":\"https:\/\/innoticiasbo.com\/index.php\/2026\/04\/30\/nueva-orden-de-aprehension-frustra-excarcelacion-de-exministro-montano\/#primaryimage\",\"url\":\"https:\/\/i0.wp.com\/innoticiasbo.com\/wp-content\/uploads\/2026\/04\/image-359.png?fit=770%2C430&ssl=1\",\"contentUrl\":\"https:\/\/i0.wp.com\/innoticiasbo.com\/wp-content\/uploads\/2026\/04\/image-359.png?fit=770%2C430&ssl=1\",\"width\":770,\"height\":430},{\"@type\":\"BreadcrumbList\",\"@id\":\"https:\/\/innoticiasbo.com\/index.php\/2026\/04\/30\/nueva-orden-de-aprehension-frustra-excarcelacion-de-exministro-montano\/#breadcrumb\",\"itemListElement\":[{\"@type\":\"ListItem\",\"position\":1,\"name\":\"Portada\",\"item\":\"https:\/\/innoticiasbo.com\/\"},{\"@type\":\"ListItem\",\"position\":2,\"name\":\"NUEVA ORDEN DE APREHENSI\u00d3N FRUSTRA EXCARCELACI\u00d3N DE EXMINISTRO MONTA\u00d1O\"}]},{\"@type\":\"WebSite\",\"@id\":\"https:\/\/innoticiasbo.com\/#website\",\"url\":\"https:\/\/innoticiasbo.com\/\",\"name\":\"innoticiasbo.com\",\"description\":\"\",\"publisher\":{\"@id\":\"https:\/\/innoticiasbo.com\/#organization\"},\"potentialAction\":[{\"@type\":\"SearchAction\",\"target\":{\"@type\":\"EntryPoint\",\"urlTemplate\":\"https:\/\/innoticiasbo.com\/?s={search_term_string}\"},\"query-input\":{\"@type\":\"PropertyValueSpecification\",\"valueRequired\":true,\"valueName\":\"search_term_string\"}}],\"inLanguage\":\"es\"},{\"@type\":\"Organization\",\"@id\":\"https:\/\/innoticiasbo.com\/#organization\",\"name\":\"innoticiasbo.com\",\"url\":\"https:\/\/innoticiasbo.com\/\",\"logo\":{\"@type\":\"ImageObject\",\"inLanguage\":\"es\",\"@id\":\"https:\/\/innoticiasbo.com\/#\/schema\/logo\/image\/\",\"url\":\"https:\/\/i0.wp.com\/innoticiasbo.com\/wp-content\/uploads\/2026\/04\/cropped-IN-LOGO.png?fit=1476%2C1476&ssl=1\",\"contentUrl\":\"https:\/\/i0.wp.com\/innoticiasbo.com\/wp-content\/uploads\/2026\/04\/cropped-IN-LOGO.png?fit=1476%2C1476&ssl=1\",\"width\":1476,\"height\":1476,\"caption\":\"innoticiasbo.com\"},\"image\":{\"@id\":\"https:\/\/innoticiasbo.com\/#\/schema\/logo\/image\/\"},\"sameAs\":[\"https:\/\/www.facebook.com\/innoticiasbolivia\",\"https:\/\/x.com\/innoticiasbo\",\"https:\/\/www.instagram.com\/innoticiasbo\",\"https:\/\/www.youtube.com\/innoticiasbo\"]},{\"@type\":\"Person\",\"@id\":\"https:\/\/innoticiasbo.com\/#\/schema\/person\/0b28481e8d0316f83a13bc702311def5\",\"name\":\"Prensa 11\",\"image\":{\"@type\":\"ImageObject\",\"inLanguage\":\"es\",\"@id\":\"https:\/\/innoticiasbo.com\/#\/schema\/person\/image\/\",\"url\":\"https:\/\/secure.gravatar.com\/avatar\/696560c17349f1807a610bf83832bad0?s=96&d=mm&r=g\",\"contentUrl\":\"https:\/\/secure.gravatar.com\/avatar\/696560c17349f1807a610bf83832bad0?s=96&d=mm&r=g\",\"caption\":\"Prensa 11\"},\"sameAs\":[\"http:\/\/www.innoticiasbo.com\"],\"url\":\"https:\/\/innoticiasbo.com\/index.php\/author\/prensa-11\/\"}]}<\/script>\n<!-- \/ Yoast SEO plugin. -->","yoast_head_json":{"title":"NUEVA ORDEN DE APREHENSI\u00d3N FRUSTRA EXCARCELACI\u00d3N DE EXMINISTRO MONTA\u00d1O - innoticiasbo.com","robots":{"index":"index","follow":"follow","max-snippet":"max-snippet:-1","max-image-preview":"max-image-preview:large","max-video-preview":"max-video-preview:-1"},"canonical":"https:\/\/innoticiasbo.com\/index.php\/2026\/04\/30\/nueva-orden-de-aprehension-frustra-excarcelacion-de-exministro-montano\/","og_locale":"es_ES","og_type":"article","og_title":"NUEVA ORDEN DE APREHENSI\u00d3N FRUSTRA EXCARCELACI\u00d3N DE EXMINISTRO MONTA\u00d1O - innoticiasbo.com","og_description":"Pa\u00eds, 30 de Abril de 2026.- Al cabo de tres meses de prisi\u00f3n preventiva, el exministro de Obras P\u00fablicas, \u00c9dgar Monta\u00f1o, estaba por salir de la c\u00e1rcel de San Pedro, en la Paz, para cumplir detenci\u00f3n domiciliaria, sin embargo, la Fiscal\u00eda emiti\u00f3 otra orden de aprehensi\u00f3n en su contra, de modo que comparecer\u00e1 nuevamente ante...","og_url":"https:\/\/innoticiasbo.com\/index.php\/2026\/04\/30\/nueva-orden-de-aprehension-frustra-excarcelacion-de-exministro-montano\/","og_site_name":"innoticiasbo.com","article_publisher":"https:\/\/www.facebook.com\/innoticiasbolivia","article_published_time":"2026-05-01T00:22:55+00:00","article_modified_time":"2026-05-01T00:22:56+00:00","og_image":[{"width":770,"height":430,"url":"https:\/\/innoticiasbo.com\/wp-content\/uploads\/2026\/04\/image-359.png","type":"image\/png"}],"author":"Prensa 11","twitter_card":"summary_large_image","twitter_creator":"@innoticiasbo","twitter_site":"@innoticiasbo","twitter_misc":{"Escrito por":"Prensa 11","Tiempo de lectura":"2 minutos"},"schema":{"@context":"https:\/\/schema.org","@graph":[{"@type":"Article","@id":"https:\/\/innoticiasbo.com\/index.php\/2026\/04\/30\/nueva-orden-de-aprehension-frustra-excarcelacion-de-exministro-montano\/#article","isPartOf":{"@id":"https:\/\/innoticiasbo.com\/index.php\/2026\/04\/30\/nueva-orden-de-aprehension-frustra-excarcelacion-de-exministro-montano\/"},"author":{"name":"Prensa 11","@id":"https:\/\/innoticiasbo.com\/#\/schema\/person\/0b28481e8d0316f83a13bc702311def5"},"headline":"NUEVA ORDEN DE APREHENSI\u00d3N FRUSTRA EXCARCELACI\u00d3N DE EXMINISTRO MONTA\u00d1O","datePublished":"2026-05-01T00:22:55+00:00","dateModified":"2026-05-01T00:22:56+00:00","mainEntityOfPage":{"@id":"https:\/\/innoticiasbo.com\/index.php\/2026\/04\/30\/nueva-orden-de-aprehension-frustra-excarcelacion-de-exministro-montano\/"},"wordCount":268,"commentCount":0,"publisher":{"@id":"https:\/\/innoticiasbo.com\/#organization"},"image":{"@id":"https:\/\/innoticiasbo.com\/index.php\/2026\/04\/30\/nueva-orden-de-aprehension-frustra-excarcelacion-de-exministro-montano\/#primaryimage"},"thumbnailUrl":"https:\/\/i0.wp.com\/innoticiasbo.com\/wp-content\/uploads\/2026\/04\/image-359.png?fit=770%2C430&ssl=1","keywords":["Bolivia","\u00c9dgar Monta\u00f1o","exministro de Obras P\u00fablicas","Luis Carlos T\u00f3rrez","orden de aprehensi\u00f3n","Pol\u00edtica"],"articleSection":["Pol\u00edtica"],"inLanguage":"es","potentialAction":[{"@type":"CommentAction","name":"Comment","target":["https:\/\/innoticiasbo.com\/index.php\/2026\/04\/30\/nueva-orden-de-aprehension-frustra-excarcelacion-de-exministro-montano\/#respond"]}]},{"@type":"WebPage","@id":"https:\/\/innoticiasbo.com\/index.php\/2026\/04\/30\/nueva-orden-de-aprehension-frustra-excarcelacion-de-exministro-montano\/","url":"https:\/\/innoticiasbo.com\/index.php\/2026\/04\/30\/nueva-orden-de-aprehension-frustra-excarcelacion-de-exministro-montano\/","name":"NUEVA ORDEN DE APREHENSI\u00d3N FRUSTRA EXCARCELACI\u00d3N DE EXMINISTRO MONTA\u00d1O - innoticiasbo.com","isPartOf":{"@id":"https:\/\/innoticiasbo.com\/#website"},"primaryImageOfPage":{"@id":"https:\/\/innoticiasbo.com\/index.php\/2026\/04\/30\/nueva-orden-de-aprehension-frustra-excarcelacion-de-exministro-montano\/#primaryimage"},"image":{"@id":"https:\/\/innoticiasbo.com\/index.php\/2026\/04\/30\/nueva-orden-de-aprehension-frustra-excarcelacion-de-exministro-montano\/#primaryimage"},"thumbnailUrl":"https:\/\/i0.wp.com\/innoticiasbo.com\/wp-content\/uploads\/2026\/04\/image-359.png?fit=770%2C430&ssl=1","datePublished":"2026-05-01T00:22:55+00:00","dateModified":"2026-05-01T00:22:56+00:00","breadcrumb":{"@id":"https:\/\/innoticiasbo.com\/index.php\/2026\/04\/30\/nueva-orden-de-aprehension-frustra-excarcelacion-de-exministro-montano\/#breadcrumb"},"inLanguage":"es","potentialAction":[{"@type":"ReadAction","target":["https:\/\/innoticiasbo.com\/index.php\/2026\/04\/30\/nueva-orden-de-aprehension-frustra-excarcelacion-de-exministro-montano\/"]}]},{"@type":"ImageObject","inLanguage":"es","@id":"https:\/\/innoticiasbo.com\/index.php\/2026\/04\/30\/nueva-orden-de-aprehension-frustra-excarcelacion-de-exministro-montano\/#primaryimage","url":"https:\/\/i0.wp.com\/innoticiasbo.com\/wp-content\/uploads\/2026\/04\/image-359.png?fit=770%2C430&ssl=1","contentUrl":"https:\/\/i0.wp.com\/innoticiasbo.com\/wp-content\/uploads\/2026\/04\/image-359.png?fit=770%2C430&ssl=1","width":770,"height":430},{"@type":"BreadcrumbList","@id":"https:\/\/innoticiasbo.com\/index.php\/2026\/04\/30\/nueva-orden-de-aprehension-frustra-excarcelacion-de-exministro-montano\/#breadcrumb","itemListElement":[{"@type":"ListItem","position":1,"name":"Portada","item":"https:\/\/innoticiasbo.com\/"},{"@type":"ListItem","position":2,"name":"NUEVA ORDEN DE APREHENSI\u00d3N FRUSTRA EXCARCELACI\u00d3N DE EXMINISTRO MONTA\u00d1O"}]},{"@type":"WebSite","@id":"https:\/\/innoticiasbo.com\/#website","url":"https:\/\/innoticiasbo.com\/","name":"innoticiasbo.com","description":"","publisher":{"@id":"https:\/\/innoticiasbo.com\/#organization"},"potentialAction":[{"@type":"SearchAction","target":{"@type":"EntryPoint","urlTemplate":"https:\/\/innoticiasbo.com\/?s={search_term_string}"},"query-input":{"@type":"PropertyValueSpecification","valueRequired":true,"valueName":"search_term_string"}}],"inLanguage":"es"},{"@type":"Organization","@id":"https:\/\/innoticiasbo.com\/#organization","name":"innoticiasbo.com","url":"https:\/\/innoticiasbo.com\/","logo":{"@type":"ImageObject","inLanguage":"es","@id":"https:\/\/innoticiasbo.com\/#\/schema\/logo\/image\/","url":"https:\/\/i0.wp.com\/innoticiasbo.com\/wp-content\/uploads\/2026\/04\/cropped-IN-LOGO.png?fit=1476%2C1476&ssl=1","contentUrl":"https:\/\/i0.wp.com\/innoticiasbo.com\/wp-content\/uploads\/2026\/04\/cropped-IN-LOGO.png?fit=1476%2C1476&ssl=1","width":1476,"height":1476,"caption":"innoticiasbo.com"},"image":{"@id":"https:\/\/innoticiasbo.com\/#\/schema\/logo\/image\/"},"sameAs":["https:\/\/www.facebook.com\/innoticiasbolivia","https:\/\/x.com\/innoticiasbo","https:\/\/www.instagram.com\/innoticiasbo","https:\/\/www.youtube.com\/innoticiasbo"]},{"@type":"Person","@id":"https:\/\/innoticiasbo.com\/#\/schema\/person\/0b28481e8d0316f83a13bc702311def5","name":"Prensa 11","image":{"@type":"ImageObject","inLanguage":"es","@id":"https:\/\/innoticiasbo.com\/#\/schema\/person\/image\/","url":"https:\/\/secure.gravatar.com\/avatar\/696560c17349f1807a610bf83832bad0?s=96&d=mm&r=g","contentUrl":"https:\/\/secure.gravatar.com\/avatar\/696560c17349f1807a610bf83832bad0?s=96&d=mm&r=g","caption":"Prensa 11"},"sameAs":["http:\/\/www.innoticiasbo.com"],"url":"https:\/\/innoticiasbo.com\/index.php\/author\/prensa-11\/"}]}},"jetpack_featured_media_url":"https:\/\/i0.wp.com\/innoticiasbo.com\/wp-content\/uploads\/2026\/04\/image-359.png?fit=770%2C430&ssl=1","jetpack_likes_enabled":true,"jetpack_sharing_enabled":true,"jetpack_shortlink":"https:\/\/wp.me\/pg298x-31w","_links":{"self":[{"href":"https:\/\/innoticiasbo.com\/index.php\/wp-json\/wp\/v2\/posts\/11626","targetHints":{"allow":["GET"]}}],"collection":[{"href":"https:\/\/innoticiasbo.com\/index.php\/wp-json\/wp\/v2\/posts"}],"about":[{"href":"https:\/\/innoticiasbo.com\/index.php\/wp-json\/wp\/v2\/types\/post"}],"author":[{"embeddable":true,"href":"https:\/\/innoticiasbo.com\/index.php\/wp-json\/wp\/v2\/users\/11"}],"replies":[{"embeddable":true,"href":"https:\/\/innoticiasbo.com\/index.php\/wp-json\/wp\/v2\/comments?post=11626"}],"version-history":[{"count":1,"href":"https:\/\/innoticiasbo.com\/index.php\/wp-json\/wp\/v2\/posts\/11626\/revisions"}],"predecessor-version":[{"id":11628,"href":"https:\/\/innoticiasbo.com\/index.php\/wp-json\/wp\/v2\/posts\/11626\/revisions\/11628"}],"wp:featuredmedia":[{"embeddable":true,"href":"https:\/\/innoticiasbo.com\/index.php\/wp-json\/wp\/v2\/media\/11627"}],"wp:attachment":[{"href":"https:\/\/innoticiasbo.com\/index.php\/wp-json\/wp\/v2\/media?parent=11626"}],"wp:term":[{"taxonomy":"category","embeddable":true,"href":"https:\/\/innoticiasbo.com\/index.php\/wp-json\/wp\/v2\/categories?post=11626"},{"taxonomy":"post_tag","embeddable":true,"href":"https:\/\/innoticiasbo.com\/index.php\/wp-json\/wp\/v2\/tags?post=11626"}],"curies":[{"name":"wp","href":"https:\/\/api.w.org\/{rel}","templated":true}]}}