{"id":11620,"date":"2026-04-30T19:29:57","date_gmt":"2026-04-30T23:29:57","guid":{"rendered":"https:\/\/innoticiasbo.com\/?p=11620"},"modified":"2026-04-30T19:29:57","modified_gmt":"2026-04-30T23:29:57","slug":"desalojan-a-avasalladores-del-parque-tunari-en-zona-amancayas-con-un-gran-operativo-policial","status":"publish","type":"post","link":"https:\/\/innoticiasbo.com\/index.php\/2026\/04\/30\/desalojan-a-avasalladores-del-parque-tunari-en-zona-amancayas-con-un-gran-operativo-policial\/","title":{"rendered":"DESALOJAN A AVASALLADORES DEL PARQUE TUNARI, EN ZONA AMANCAYAS, CON UN GRAN OPERATIVO POLICIAL"},"content":{"rendered":"\n<p>Cochabamba, 30 de abril de 2026.- En un operativo de gran magnitud y en estricto cumplimiento de la normativa ambiental vigente, el Servicio Nacional de \u00c1reas Protegidas (SERNAP) procedi\u00f3 a la restituci\u00f3n de predios que hab\u00edan sido avasallados ilegalmente dentro del Parque Nacional Tunari (PNT). La intervenci\u00f3n se realiz\u00f3 en la zona de Amancayas, perteneciente al municipio de Sacaba, un \u00e1rea identificada como Zona de Protecci\u00f3n Estricta dentro del l\u00edmite del \u00e1rea protegida.<\/p>\n\n\n\n<p>Esta acci\u00f3n institucional es el resultado de una gesti\u00f3n legal impulsada por el SERNAP en aplicaci\u00f3n de la Sentencia N\u00ba 04\/2025, emitida por el Juzgado Agroambiental de Sacaba. Dicha resoluci\u00f3n fue confirmada posteriormente por el Tribunal Agroambiental de Sucre tras un recurso de apelaci\u00f3n, ratificando la propiedad y el derecho de conservaci\u00f3n a favor del Parque Nacional Tunari.&nbsp;<\/p>\n\n\n\n<p>El operativo se enmarca en el \u00abPlan de Intervenci\u00f3n y Defensa Legal en la Ladera Sud del PNT\u00bb, una estrategia integral del SERNAP para frenar el crecimiento de asentamientos irregulares.<\/p>\n\n\n\n<p>\u201cEl desapoderamiento cont\u00f3 con un contingente de 250 efectivos de la Polic\u00eda Nacional para garantizar la seguridad y el orden p\u00fablico. Asimismo, con el objetivo de resguardar los derechos de personas en situaci\u00f3n de vulnerabilidad, la intervenci\u00f3n fue coordinada con personal de la Defensor\u00eda de la Ni\u00f1ez y Adolescencia, el Servicio de Adulto Mayor y Zoonosis del Gobierno Aut\u00f3nomo Municipal de Sacaba\u201d, inform\u00f3 la directora ejecutiva del SERNAP, Msc. Cecilia Miranda Ch\u00e1vez.<\/p>\n\n\n\n<p>Durante la jornada, se procedi\u00f3 al desalojo de 11 viviendas y 50 personas que opon\u00edan resistencia, entre las cuales se identificaron individuos con antecedentes de avasallamiento recurrente en diversos sectores de la ladera sud.<\/p>\n\n\n\n<p>Fuente: Sernap<\/p>\n","protected":false},"excerpt":{"rendered":"<p>Cochabamba, 30 de abril de 2026.- En un operativo de gran magnitud y en estricto cumplimiento de la normativa ambiental vigente, el Servicio Nacional de \u00c1reas Protegidas (SERNAP) procedi\u00f3 a la restituci\u00f3n de predios que hab\u00edan sido avasallados ilegalmente dentro del Parque Nacional Tunari (PNT). La intervenci\u00f3n se realiz\u00f3 en la zona de Amancayas, perteneciente&#8230;<\/p>\n","protected":false},"author":6,"featured_media":11618,"comment_status":"closed","ping_status":"open","sticky":false,"template":"","format":"standard","meta":{"_jetpack_memberships_contains_paid_content":false,"footnotes":"","jetpack_publicize_message":"DESALOJAN A AVASALLADORES DEL PARQUE TUNARI, EN ZONA AMANCAYAS, CON UN GRAN OPERATIVO POLICIAL","jetpack_publicize_feature_enabled":true,"jetpack_social_post_already_shared":true,"jetpack_social_options":{"image_generator_settings":{"template":"highway","enabled":false},"version":2}},"categories":[1],"tags":[],"class_list":["post-11620","post","type-post","status-publish","format-standard","has-post-thumbnail","hentry","category-bolivia"],"jetpack_publicize_connections":[],"yoast_head":"<!-- This site is optimized with the Yoast SEO plugin v23.4 - https:\/\/yoast.com\/wordpress\/plugins\/seo\/ -->\n<title>DESALOJAN A AVASALLADORES DEL PARQUE TUNARI, EN ZONA AMANCAYAS, CON UN GRAN OPERATIVO POLICIAL - innoticiasbo.com<\/title>\n<meta name=\"robots\" content=\"index, follow, max-snippet:-1, max-image-preview:large, max-video-preview:-1\" \/>\n<link rel=\"canonical\" href=\"https:\/\/innoticiasbo.com\/index.php\/2026\/04\/30\/desalojan-a-avasalladores-del-parque-tunari-en-zona-amancayas-con-un-gran-operativo-policial\/\" \/>\n<meta property=\"og:locale\" content=\"es_ES\" \/>\n<meta property=\"og:type\" content=\"article\" \/>\n<meta property=\"og:title\" content=\"DESALOJAN A AVASALLADORES DEL PARQUE TUNARI, EN ZONA AMANCAYAS, CON UN GRAN OPERATIVO POLICIAL - innoticiasbo.com\" \/>\n<meta property=\"og:description\" content=\"Cochabamba, 30 de abril de 2026.- En un operativo de gran magnitud y en estricto cumplimiento de la normativa ambiental vigente, el Servicio Nacional de \u00c1reas Protegidas (SERNAP) procedi\u00f3 a la restituci\u00f3n de predios que hab\u00edan sido avasallados ilegalmente dentro del Parque Nacional Tunari (PNT). La intervenci\u00f3n se realiz\u00f3 en la zona de Amancayas, perteneciente...\" \/>\n<meta property=\"og:url\" content=\"https:\/\/innoticiasbo.com\/index.php\/2026\/04\/30\/desalojan-a-avasalladores-del-parque-tunari-en-zona-amancayas-con-un-gran-operativo-policial\/\" \/>\n<meta property=\"og:site_name\" content=\"innoticiasbo.com\" \/>\n<meta property=\"article:publisher\" content=\"https:\/\/www.facebook.com\/innoticiasbolivia\" \/>\n<meta property=\"article:published_time\" content=\"2026-04-30T23:29:57+00:00\" \/>\n<meta property=\"og:image\" content=\"https:\/\/i0.wp.com\/innoticiasbo.com\/wp-content\/uploads\/2026\/04\/img_8867.jpg?fit=1600%2C900&ssl=1\" \/>\n\t<meta property=\"og:image:width\" content=\"1600\" \/>\n\t<meta property=\"og:image:height\" content=\"900\" \/>\n\t<meta property=\"og:image:type\" content=\"image\/jpeg\" \/>\n<meta name=\"author\" content=\"Eliza Riva\" \/>\n<meta name=\"twitter:card\" content=\"summary_large_image\" \/>\n<meta name=\"twitter:creator\" content=\"@innoticiasbo\" \/>\n<meta name=\"twitter:site\" content=\"@innoticiasbo\" \/>\n<meta name=\"twitter:label1\" content=\"Escrito por\" \/>\n\t<meta name=\"twitter:data1\" content=\"Eliza Riva\" \/>\n\t<meta name=\"twitter:label2\" content=\"Tiempo de lectura\" \/>\n\t<meta name=\"twitter:data2\" content=\"1 minuto\" \/>\n<script type=\"application\/ld+json\" class=\"yoast-schema-graph\">{\"@context\":\"https:\/\/schema.org\",\"@graph\":[{\"@type\":\"Article\",\"@id\":\"https:\/\/innoticiasbo.com\/index.php\/2026\/04\/30\/desalojan-a-avasalladores-del-parque-tunari-en-zona-amancayas-con-un-gran-operativo-policial\/#article\",\"isPartOf\":{\"@id\":\"https:\/\/innoticiasbo.com\/index.php\/2026\/04\/30\/desalojan-a-avasalladores-del-parque-tunari-en-zona-amancayas-con-un-gran-operativo-policial\/\"},\"author\":{\"name\":\"Eliza Riva\",\"@id\":\"https:\/\/innoticiasbo.com\/#\/schema\/person\/8c935b6b11c0223d8f77dc01fc948202\"},\"headline\":\"DESALOJAN A AVASALLADORES DEL PARQUE TUNARI, EN ZONA AMANCAYAS, CON UN GRAN OPERATIVO POLICIAL\",\"datePublished\":\"2026-04-30T23:29:57+00:00\",\"dateModified\":\"2026-04-30T23:29:57+00:00\",\"mainEntityOfPage\":{\"@id\":\"https:\/\/innoticiasbo.com\/index.php\/2026\/04\/30\/desalojan-a-avasalladores-del-parque-tunari-en-zona-amancayas-con-un-gran-operativo-policial\/\"},\"wordCount\":300,\"publisher\":{\"@id\":\"https:\/\/innoticiasbo.com\/#organization\"},\"image\":{\"@id\":\"https:\/\/innoticiasbo.com\/index.php\/2026\/04\/30\/desalojan-a-avasalladores-del-parque-tunari-en-zona-amancayas-con-un-gran-operativo-policial\/#primaryimage\"},\"thumbnailUrl\":\"https:\/\/i0.wp.com\/innoticiasbo.com\/wp-content\/uploads\/2026\/04\/img_8867.jpg?fit=1600%2C900&ssl=1\",\"articleSection\":[\"Bolivia\"],\"inLanguage\":\"es\"},{\"@type\":\"WebPage\",\"@id\":\"https:\/\/innoticiasbo.com\/index.php\/2026\/04\/30\/desalojan-a-avasalladores-del-parque-tunari-en-zona-amancayas-con-un-gran-operativo-policial\/\",\"url\":\"https:\/\/innoticiasbo.com\/index.php\/2026\/04\/30\/desalojan-a-avasalladores-del-parque-tunari-en-zona-amancayas-con-un-gran-operativo-policial\/\",\"name\":\"DESALOJAN A AVASALLADORES DEL PARQUE TUNARI, EN ZONA AMANCAYAS, CON UN GRAN OPERATIVO POLICIAL - innoticiasbo.com\",\"isPartOf\":{\"@id\":\"https:\/\/innoticiasbo.com\/#website\"},\"primaryImageOfPage\":{\"@id\":\"https:\/\/innoticiasbo.com\/index.php\/2026\/04\/30\/desalojan-a-avasalladores-del-parque-tunari-en-zona-amancayas-con-un-gran-operativo-policial\/#primaryimage\"},\"image\":{\"@id\":\"https:\/\/innoticiasbo.com\/index.php\/2026\/04\/30\/desalojan-a-avasalladores-del-parque-tunari-en-zona-amancayas-con-un-gran-operativo-policial\/#primaryimage\"},\"thumbnailUrl\":\"https:\/\/i0.wp.com\/innoticiasbo.com\/wp-content\/uploads\/2026\/04\/img_8867.jpg?fit=1600%2C900&ssl=1\",\"datePublished\":\"2026-04-30T23:29:57+00:00\",\"dateModified\":\"2026-04-30T23:29:57+00:00\",\"breadcrumb\":{\"@id\":\"https:\/\/innoticiasbo.com\/index.php\/2026\/04\/30\/desalojan-a-avasalladores-del-parque-tunari-en-zona-amancayas-con-un-gran-operativo-policial\/#breadcrumb\"},\"inLanguage\":\"es\",\"potentialAction\":[{\"@type\":\"ReadAction\",\"target\":[\"https:\/\/innoticiasbo.com\/index.php\/2026\/04\/30\/desalojan-a-avasalladores-del-parque-tunari-en-zona-amancayas-con-un-gran-operativo-policial\/\"]}]},{\"@type\":\"ImageObject\",\"inLanguage\":\"es\",\"@id\":\"https:\/\/innoticiasbo.com\/index.php\/2026\/04\/30\/desalojan-a-avasalladores-del-parque-tunari-en-zona-amancayas-con-un-gran-operativo-policial\/#primaryimage\",\"url\":\"https:\/\/i0.wp.com\/innoticiasbo.com\/wp-content\/uploads\/2026\/04\/img_8867.jpg?fit=1600%2C900&ssl=1\",\"contentUrl\":\"https:\/\/i0.wp.com\/innoticiasbo.com\/wp-content\/uploads\/2026\/04\/img_8867.jpg?fit=1600%2C900&ssl=1\",\"width\":1600,\"height\":900},{\"@type\":\"BreadcrumbList\",\"@id\":\"https:\/\/innoticiasbo.com\/index.php\/2026\/04\/30\/desalojan-a-avasalladores-del-parque-tunari-en-zona-amancayas-con-un-gran-operativo-policial\/#breadcrumb\",\"itemListElement\":[{\"@type\":\"ListItem\",\"position\":1,\"name\":\"Portada\",\"item\":\"https:\/\/innoticiasbo.com\/\"},{\"@type\":\"ListItem\",\"position\":2,\"name\":\"DESALOJAN A AVASALLADORES DEL PARQUE TUNARI, EN ZONA AMANCAYAS, CON UN GRAN OPERATIVO POLICIAL\"}]},{\"@type\":\"WebSite\",\"@id\":\"https:\/\/innoticiasbo.com\/#website\",\"url\":\"https:\/\/innoticiasbo.com\/\",\"name\":\"innoticiasbo.com\",\"description\":\"\",\"publisher\":{\"@id\":\"https:\/\/innoticiasbo.com\/#organization\"},\"potentialAction\":[{\"@type\":\"SearchAction\",\"target\":{\"@type\":\"EntryPoint\",\"urlTemplate\":\"https:\/\/innoticiasbo.com\/?s={search_term_string}\"},\"query-input\":{\"@type\":\"PropertyValueSpecification\",\"valueRequired\":true,\"valueName\":\"search_term_string\"}}],\"inLanguage\":\"es\"},{\"@type\":\"Organization\",\"@id\":\"https:\/\/innoticiasbo.com\/#organization\",\"name\":\"innoticiasbo.com\",\"url\":\"https:\/\/innoticiasbo.com\/\",\"logo\":{\"@type\":\"ImageObject\",\"inLanguage\":\"es\",\"@id\":\"https:\/\/innoticiasbo.com\/#\/schema\/logo\/image\/\",\"url\":\"https:\/\/i0.wp.com\/innoticiasbo.com\/wp-content\/uploads\/2026\/04\/cropped-IN-LOGO.png?fit=1476%2C1476&ssl=1\",\"contentUrl\":\"https:\/\/i0.wp.com\/innoticiasbo.com\/wp-content\/uploads\/2026\/04\/cropped-IN-LOGO.png?fit=1476%2C1476&ssl=1\",\"width\":1476,\"height\":1476,\"caption\":\"innoticiasbo.com\"},\"image\":{\"@id\":\"https:\/\/innoticiasbo.com\/#\/schema\/logo\/image\/\"},\"sameAs\":[\"https:\/\/www.facebook.com\/innoticiasbolivia\",\"https:\/\/x.com\/innoticiasbo\",\"https:\/\/www.instagram.com\/innoticiasbo\",\"https:\/\/www.youtube.com\/innoticiasbo\"]},{\"@type\":\"Person\",\"@id\":\"https:\/\/innoticiasbo.com\/#\/schema\/person\/8c935b6b11c0223d8f77dc01fc948202\",\"name\":\"Eliza Riva\",\"image\":{\"@type\":\"ImageObject\",\"inLanguage\":\"es\",\"@id\":\"https:\/\/innoticiasbo.com\/#\/schema\/person\/image\/\",\"url\":\"https:\/\/secure.gravatar.com\/avatar\/fdc172c2af344133d19e57e4b7acdee4?s=96&d=mm&r=g\",\"contentUrl\":\"https:\/\/secure.gravatar.com\/avatar\/fdc172c2af344133d19e57e4b7acdee4?s=96&d=mm&r=g\",\"caption\":\"Eliza Riva\"},\"sameAs\":[\"http:\/\/www.innoticiasbo.com\"],\"url\":\"https:\/\/innoticiasbo.com\/index.php\/author\/prensa-4\/\"}]}<\/script>\n<!-- \/ Yoast SEO plugin. -->","yoast_head_json":{"title":"DESALOJAN A AVASALLADORES DEL PARQUE TUNARI, EN ZONA AMANCAYAS, CON UN GRAN OPERATIVO POLICIAL - innoticiasbo.com","robots":{"index":"index","follow":"follow","max-snippet":"max-snippet:-1","max-image-preview":"max-image-preview:large","max-video-preview":"max-video-preview:-1"},"canonical":"https:\/\/innoticiasbo.com\/index.php\/2026\/04\/30\/desalojan-a-avasalladores-del-parque-tunari-en-zona-amancayas-con-un-gran-operativo-policial\/","og_locale":"es_ES","og_type":"article","og_title":"DESALOJAN A AVASALLADORES DEL PARQUE TUNARI, EN ZONA AMANCAYAS, CON UN GRAN OPERATIVO POLICIAL - innoticiasbo.com","og_description":"Cochabamba, 30 de abril de 2026.- En un operativo de gran magnitud y en estricto cumplimiento de la normativa ambiental vigente, el Servicio Nacional de \u00c1reas Protegidas (SERNAP) procedi\u00f3 a la restituci\u00f3n de predios que hab\u00edan sido avasallados ilegalmente dentro del Parque Nacional Tunari (PNT). La intervenci\u00f3n se realiz\u00f3 en la zona de Amancayas, perteneciente...","og_url":"https:\/\/innoticiasbo.com\/index.php\/2026\/04\/30\/desalojan-a-avasalladores-del-parque-tunari-en-zona-amancayas-con-un-gran-operativo-policial\/","og_site_name":"innoticiasbo.com","article_publisher":"https:\/\/www.facebook.com\/innoticiasbolivia","article_published_time":"2026-04-30T23:29:57+00:00","og_image":[{"width":1600,"height":900,"url":"https:\/\/i0.wp.com\/innoticiasbo.com\/wp-content\/uploads\/2026\/04\/img_8867.jpg?fit=1600%2C900&ssl=1","type":"image\/jpeg"}],"author":"Eliza Riva","twitter_card":"summary_large_image","twitter_creator":"@innoticiasbo","twitter_site":"@innoticiasbo","twitter_misc":{"Escrito por":"Eliza Riva","Tiempo de lectura":"1 minuto"},"schema":{"@context":"https:\/\/schema.org","@graph":[{"@type":"Article","@id":"https:\/\/innoticiasbo.com\/index.php\/2026\/04\/30\/desalojan-a-avasalladores-del-parque-tunari-en-zona-amancayas-con-un-gran-operativo-policial\/#article","isPartOf":{"@id":"https:\/\/innoticiasbo.com\/index.php\/2026\/04\/30\/desalojan-a-avasalladores-del-parque-tunari-en-zona-amancayas-con-un-gran-operativo-policial\/"},"author":{"name":"Eliza Riva","@id":"https:\/\/innoticiasbo.com\/#\/schema\/person\/8c935b6b11c0223d8f77dc01fc948202"},"headline":"DESALOJAN A AVASALLADORES DEL PARQUE TUNARI, EN ZONA AMANCAYAS, CON UN GRAN OPERATIVO POLICIAL","datePublished":"2026-04-30T23:29:57+00:00","dateModified":"2026-04-30T23:29:57+00:00","mainEntityOfPage":{"@id":"https:\/\/innoticiasbo.com\/index.php\/2026\/04\/30\/desalojan-a-avasalladores-del-parque-tunari-en-zona-amancayas-con-un-gran-operativo-policial\/"},"wordCount":300,"publisher":{"@id":"https:\/\/innoticiasbo.com\/#organization"},"image":{"@id":"https:\/\/innoticiasbo.com\/index.php\/2026\/04\/30\/desalojan-a-avasalladores-del-parque-tunari-en-zona-amancayas-con-un-gran-operativo-policial\/#primaryimage"},"thumbnailUrl":"https:\/\/i0.wp.com\/innoticiasbo.com\/wp-content\/uploads\/2026\/04\/img_8867.jpg?fit=1600%2C900&ssl=1","articleSection":["Bolivia"],"inLanguage":"es"},{"@type":"WebPage","@id":"https:\/\/innoticiasbo.com\/index.php\/2026\/04\/30\/desalojan-a-avasalladores-del-parque-tunari-en-zona-amancayas-con-un-gran-operativo-policial\/","url":"https:\/\/innoticiasbo.com\/index.php\/2026\/04\/30\/desalojan-a-avasalladores-del-parque-tunari-en-zona-amancayas-con-un-gran-operativo-policial\/","name":"DESALOJAN A AVASALLADORES DEL PARQUE TUNARI, EN ZONA AMANCAYAS, CON UN GRAN OPERATIVO POLICIAL - innoticiasbo.com","isPartOf":{"@id":"https:\/\/innoticiasbo.com\/#website"},"primaryImageOfPage":{"@id":"https:\/\/innoticiasbo.com\/index.php\/2026\/04\/30\/desalojan-a-avasalladores-del-parque-tunari-en-zona-amancayas-con-un-gran-operativo-policial\/#primaryimage"},"image":{"@id":"https:\/\/innoticiasbo.com\/index.php\/2026\/04\/30\/desalojan-a-avasalladores-del-parque-tunari-en-zona-amancayas-con-un-gran-operativo-policial\/#primaryimage"},"thumbnailUrl":"https:\/\/i0.wp.com\/innoticiasbo.com\/wp-content\/uploads\/2026\/04\/img_8867.jpg?fit=1600%2C900&ssl=1","datePublished":"2026-04-30T23:29:57+00:00","dateModified":"2026-04-30T23:29:57+00:00","breadcrumb":{"@id":"https:\/\/innoticiasbo.com\/index.php\/2026\/04\/30\/desalojan-a-avasalladores-del-parque-tunari-en-zona-amancayas-con-un-gran-operativo-policial\/#breadcrumb"},"inLanguage":"es","potentialAction":[{"@type":"ReadAction","target":["https:\/\/innoticiasbo.com\/index.php\/2026\/04\/30\/desalojan-a-avasalladores-del-parque-tunari-en-zona-amancayas-con-un-gran-operativo-policial\/"]}]},{"@type":"ImageObject","inLanguage":"es","@id":"https:\/\/innoticiasbo.com\/index.php\/2026\/04\/30\/desalojan-a-avasalladores-del-parque-tunari-en-zona-amancayas-con-un-gran-operativo-policial\/#primaryimage","url":"https:\/\/i0.wp.com\/innoticiasbo.com\/wp-content\/uploads\/2026\/04\/img_8867.jpg?fit=1600%2C900&ssl=1","contentUrl":"https:\/\/i0.wp.com\/innoticiasbo.com\/wp-content\/uploads\/2026\/04\/img_8867.jpg?fit=1600%2C900&ssl=1","width":1600,"height":900},{"@type":"BreadcrumbList","@id":"https:\/\/innoticiasbo.com\/index.php\/2026\/04\/30\/desalojan-a-avasalladores-del-parque-tunari-en-zona-amancayas-con-un-gran-operativo-policial\/#breadcrumb","itemListElement":[{"@type":"ListItem","position":1,"name":"Portada","item":"https:\/\/innoticiasbo.com\/"},{"@type":"ListItem","position":2,"name":"DESALOJAN A AVASALLADORES DEL PARQUE TUNARI, EN ZONA AMANCAYAS, CON UN GRAN OPERATIVO POLICIAL"}]},{"@type":"WebSite","@id":"https:\/\/innoticiasbo.com\/#website","url":"https:\/\/innoticiasbo.com\/","name":"innoticiasbo.com","description":"","publisher":{"@id":"https:\/\/innoticiasbo.com\/#organization"},"potentialAction":[{"@type":"SearchAction","target":{"@type":"EntryPoint","urlTemplate":"https:\/\/innoticiasbo.com\/?s={search_term_string}"},"query-input":{"@type":"PropertyValueSpecification","valueRequired":true,"valueName":"search_term_string"}}],"inLanguage":"es"},{"@type":"Organization","@id":"https:\/\/innoticiasbo.com\/#organization","name":"innoticiasbo.com","url":"https:\/\/innoticiasbo.com\/","logo":{"@type":"ImageObject","inLanguage":"es","@id":"https:\/\/innoticiasbo.com\/#\/schema\/logo\/image\/","url":"https:\/\/i0.wp.com\/innoticiasbo.com\/wp-content\/uploads\/2026\/04\/cropped-IN-LOGO.png?fit=1476%2C1476&ssl=1","contentUrl":"https:\/\/i0.wp.com\/innoticiasbo.com\/wp-content\/uploads\/2026\/04\/cropped-IN-LOGO.png?fit=1476%2C1476&ssl=1","width":1476,"height":1476,"caption":"innoticiasbo.com"},"image":{"@id":"https:\/\/innoticiasbo.com\/#\/schema\/logo\/image\/"},"sameAs":["https:\/\/www.facebook.com\/innoticiasbolivia","https:\/\/x.com\/innoticiasbo","https:\/\/www.instagram.com\/innoticiasbo","https:\/\/www.youtube.com\/innoticiasbo"]},{"@type":"Person","@id":"https:\/\/innoticiasbo.com\/#\/schema\/person\/8c935b6b11c0223d8f77dc01fc948202","name":"Eliza Riva","image":{"@type":"ImageObject","inLanguage":"es","@id":"https:\/\/innoticiasbo.com\/#\/schema\/person\/image\/","url":"https:\/\/secure.gravatar.com\/avatar\/fdc172c2af344133d19e57e4b7acdee4?s=96&d=mm&r=g","contentUrl":"https:\/\/secure.gravatar.com\/avatar\/fdc172c2af344133d19e57e4b7acdee4?s=96&d=mm&r=g","caption":"Eliza Riva"},"sameAs":["http:\/\/www.innoticiasbo.com"],"url":"https:\/\/innoticiasbo.com\/index.php\/author\/prensa-4\/"}]}},"jetpack_featured_media_url":"https:\/\/i0.wp.com\/innoticiasbo.com\/wp-content\/uploads\/2026\/04\/img_8867.jpg?fit=1600%2C900&ssl=1","jetpack_likes_enabled":true,"jetpack_sharing_enabled":true,"jetpack_shortlink":"https:\/\/wp.me\/pg298x-31q","_links":{"self":[{"href":"https:\/\/innoticiasbo.com\/index.php\/wp-json\/wp\/v2\/posts\/11620","targetHints":{"allow":["GET"]}}],"collection":[{"href":"https:\/\/innoticiasbo.com\/index.php\/wp-json\/wp\/v2\/posts"}],"about":[{"href":"https:\/\/innoticiasbo.com\/index.php\/wp-json\/wp\/v2\/types\/post"}],"author":[{"embeddable":true,"href":"https:\/\/innoticiasbo.com\/index.php\/wp-json\/wp\/v2\/users\/6"}],"replies":[{"embeddable":true,"href":"https:\/\/innoticiasbo.com\/index.php\/wp-json\/wp\/v2\/comments?post=11620"}],"version-history":[{"count":1,"href":"https:\/\/innoticiasbo.com\/index.php\/wp-json\/wp\/v2\/posts\/11620\/revisions"}],"predecessor-version":[{"id":11621,"href":"https:\/\/innoticiasbo.com\/index.php\/wp-json\/wp\/v2\/posts\/11620\/revisions\/11621"}],"wp:featuredmedia":[{"embeddable":true,"href":"https:\/\/innoticiasbo.com\/index.php\/wp-json\/wp\/v2\/media\/11618"}],"wp:attachment":[{"href":"https:\/\/innoticiasbo.com\/index.php\/wp-json\/wp\/v2\/media?parent=11620"}],"wp:term":[{"taxonomy":"category","embeddable":true,"href":"https:\/\/innoticiasbo.com\/index.php\/wp-json\/wp\/v2\/categories?post=11620"},{"taxonomy":"post_tag","embeddable":true,"href":"https:\/\/innoticiasbo.com\/index.php\/wp-json\/wp\/v2\/tags?post=11620"}],"curies":[{"name":"wp","href":"https:\/\/api.w.org\/{rel}","templated":true}]}}