{"id":11617,"date":"2026-04-30T19:34:42","date_gmt":"2026-04-30T23:34:42","guid":{"rendered":"https:\/\/innoticiasbo.com\/?p=11617"},"modified":"2026-04-30T19:34:44","modified_gmt":"2026-04-30T23:34:44","slug":"el-exministro-lopez-reaparece-y-anuncia-su-retorno-a-bolivia-con-un-mensaje-en-sus-redes","status":"publish","type":"post","link":"https:\/\/innoticiasbo.com\/index.php\/2026\/04\/30\/el-exministro-lopez-reaparece-y-anuncia-su-retorno-a-bolivia-con-un-mensaje-en-sus-redes\/","title":{"rendered":"EL EXMINISTRO L\u00d3PEZ REAPARECE Y ANUNCIA SU RETORNO A BOLIVIA CON UN MENSAJE EN SUS REDES"},"content":{"rendered":"\n<figure class=\"wp-block-image size-large\"><img data-recalc-dims=\"1\" loading=\"lazy\" decoding=\"async\" width=\"640\" height=\"273\" src=\"https:\/\/i0.wp.com\/innoticiasbo.com\/wp-content\/uploads\/2026\/04\/image-357.png?resize=640%2C273&#038;ssl=1\" alt=\"\" class=\"wp-image-11619\" srcset=\"https:\/\/i0.wp.com\/innoticiasbo.com\/wp-content\/uploads\/2026\/04\/image-357.png?resize=1024%2C436&amp;ssl=1 1024w, https:\/\/i0.wp.com\/innoticiasbo.com\/wp-content\/uploads\/2026\/04\/image-357.png?resize=300%2C128&amp;ssl=1 300w, https:\/\/i0.wp.com\/innoticiasbo.com\/wp-content\/uploads\/2026\/04\/image-357.png?resize=768%2C327&amp;ssl=1 768w, https:\/\/i0.wp.com\/innoticiasbo.com\/wp-content\/uploads\/2026\/04\/image-357.png?w=1280&amp;ssl=1 1280w\" sizes=\"auto, (max-width: 640px) 100vw, 640px\" \/><\/figure>\n\n\n\n<p><strong>Pa\u00eds, 30 de Abril de 2026.-<\/strong> Con una breve, pero contundente publicaci\u00f3n en las redes sociales, el exministro del Gobierno de transici\u00f3n Fernando L\u00f3pez Julio anunci\u00f3 su retorno a Bolivia. <strong>Fue procesado en el pa\u00eds por el caso \u201cgolpe\u201d y \u201cgases Ecuador\u201d<\/strong>.<\/p>\n\n\n\n<p>\u201c\u00a1Hola, qu\u00e9 tal, Bolivia! \u00a1Nos preparamos para volver!\u201d, se lee en la cuenta de Facebook del exministro del Gobierno de Jeanine A\u00f1ez.<\/p>\n\n\n\n<p>Antes del retorno del Movimiento Al Socialismo (MAS) al poder, en 2020, L\u00f3pez sali\u00f3 de Bolivia supuestamente hacia Brasil.<\/p>\n\n\n\n<p>En 2024, se conoci\u00f3 que el exministro de Defensa de Bolivia estaba en Paraguay y solicit\u00f3 refugio. Debido a ese tr\u00e1mite, la Fiscal\u00eda de ese pa\u00eds solicit\u00f3 paralizar el proceso de extradici\u00f3n que sigue el Estado boliviano.<\/p>\n\n\n\n<p>Sentencia<\/p>\n\n\n\n<p>En febrero de 2025, L\u00f3pez y los exministros Arturo Murillo y Roxana Liz\u00e1rraga, del Gobierno A\u00f1ez, fueron sentenciados a cinco a\u00f1os y cuatro meses de prisi\u00f3n por el caso de la internaci\u00f3n a Bolivia de manera \u201cirregular\u201d de gases lacrim\u00f3genos desde Ecuador.<\/p>\n\n\n\n<p>La sentencia establec\u00eda que las exautoridades deb\u00edan cumplir su detenci\u00f3n en los penales de San Pedro y el Centro de Orientaci\u00f3n Femenina (COF) de Obrajes, ambos en la sede de gobierno.<\/p>\n\n\n\n<p>\u201cCumplimos con el pueblo boliviano por los lamentables hechos ocurridos en a\u00f1o 2019 (sic)\u201d, public\u00f3 en ese entonces el ahora exministro de Gobierno, Eduardo del Castillo.<\/p>\n\n\n\n<p>Murillo fue expulsado de Estados Unidas tras cumplir sentencia por el caso de lavado de dinero vinculado con la compra de gases, en la cual tambi\u00e9n fue mencionado L\u00f3pez.<\/p>\n\n\n\n<p>Liz\u00e1rraga est\u00e1 fuera del pa\u00eds y ha denunciado persecuci\u00f3n pol\u00edtica.<\/p>\n\n\n\n<p>Fuente: Unitel<\/p>\n","protected":false},"excerpt":{"rendered":"<p>Pa\u00eds, 30 de Abril de 2026.- Con una breve, pero contundente publicaci\u00f3n en las redes sociales, el exministro del Gobierno de transici\u00f3n Fernando L\u00f3pez Julio anunci\u00f3 su retorno a Bolivia. Fue procesado en el pa\u00eds por el caso \u201cgolpe\u201d y \u201cgases Ecuador\u201d. \u201c\u00a1Hola, qu\u00e9 tal, Bolivia! \u00a1Nos preparamos para volver!\u201d, se lee en la cuenta&#8230;<\/p>\n","protected":false},"author":11,"featured_media":11619,"comment_status":"open","ping_status":"open","sticky":false,"template":"","format":"standard","meta":{"_jetpack_memberships_contains_paid_content":false,"footnotes":"","jetpack_publicize_message":"","jetpack_publicize_feature_enabled":true,"jetpack_social_post_already_shared":true,"jetpack_social_options":{"image_generator_settings":{"template":"highway","enabled":false},"version":2}},"categories":[1,3],"tags":[7,1029,206,2250,2782,10,2381],"class_list":["post-11617","post","type-post","status-publish","format-standard","has-post-thumbnail","hentry","category-bolivia","category-politica","tag-bolivia","tag-caso-gases-ecuador","tag-caso-golpe","tag-exministro","tag-fernando-lopez","tag-politica","tag-reaparicion"],"jetpack_publicize_connections":[],"yoast_head":"<!-- This site is optimized with the Yoast SEO plugin v23.4 - https:\/\/yoast.com\/wordpress\/plugins\/seo\/ -->\n<title>EL EXMINISTRO L\u00d3PEZ REAPARECE Y ANUNCIA SU RETORNO A BOLIVIA CON UN MENSAJE EN SUS REDES - innoticiasbo.com<\/title>\n<meta name=\"robots\" content=\"index, follow, max-snippet:-1, max-image-preview:large, max-video-preview:-1\" \/>\n<link rel=\"canonical\" href=\"https:\/\/innoticiasbo.com\/index.php\/2026\/04\/30\/el-exministro-lopez-reaparece-y-anuncia-su-retorno-a-bolivia-con-un-mensaje-en-sus-redes\/\" \/>\n<meta property=\"og:locale\" content=\"es_ES\" \/>\n<meta property=\"og:type\" content=\"article\" \/>\n<meta property=\"og:title\" content=\"EL EXMINISTRO L\u00d3PEZ REAPARECE Y ANUNCIA SU RETORNO A BOLIVIA CON UN MENSAJE EN SUS REDES - innoticiasbo.com\" \/>\n<meta property=\"og:description\" content=\"Pa\u00eds, 30 de Abril de 2026.- Con una breve, pero contundente publicaci\u00f3n en las redes sociales, el exministro del Gobierno de transici\u00f3n Fernando L\u00f3pez Julio anunci\u00f3 su retorno a Bolivia. Fue procesado en el pa\u00eds por el caso \u201cgolpe\u201d y \u201cgases Ecuador\u201d. \u201c\u00a1Hola, qu\u00e9 tal, Bolivia! \u00a1Nos preparamos para volver!\u201d, se lee en la cuenta...\" \/>\n<meta property=\"og:url\" content=\"https:\/\/innoticiasbo.com\/index.php\/2026\/04\/30\/el-exministro-lopez-reaparece-y-anuncia-su-retorno-a-bolivia-con-un-mensaje-en-sus-redes\/\" \/>\n<meta property=\"og:site_name\" content=\"innoticiasbo.com\" \/>\n<meta property=\"article:publisher\" content=\"https:\/\/www.facebook.com\/innoticiasbolivia\" \/>\n<meta property=\"article:published_time\" content=\"2026-04-30T23:34:42+00:00\" \/>\n<meta property=\"article:modified_time\" content=\"2026-04-30T23:34:44+00:00\" \/>\n<meta property=\"og:image\" content=\"https:\/\/innoticiasbo.com\/wp-content\/uploads\/2026\/04\/image-357.png\" \/>\n\t<meta property=\"og:image:width\" content=\"1280\" \/>\n\t<meta property=\"og:image:height\" content=\"545\" \/>\n\t<meta property=\"og:image:type\" content=\"image\/png\" \/>\n<meta name=\"author\" content=\"Prensa 11\" \/>\n<meta name=\"twitter:card\" content=\"summary_large_image\" \/>\n<meta name=\"twitter:creator\" content=\"@innoticiasbo\" \/>\n<meta name=\"twitter:site\" content=\"@innoticiasbo\" \/>\n<meta name=\"twitter:label1\" content=\"Escrito por\" \/>\n\t<meta name=\"twitter:data1\" content=\"Prensa 11\" \/>\n\t<meta name=\"twitter:label2\" content=\"Tiempo de lectura\" \/>\n\t<meta name=\"twitter:data2\" content=\"2 minutos\" \/>\n<script type=\"application\/ld+json\" class=\"yoast-schema-graph\">{\"@context\":\"https:\/\/schema.org\",\"@graph\":[{\"@type\":\"Article\",\"@id\":\"https:\/\/innoticiasbo.com\/index.php\/2026\/04\/30\/el-exministro-lopez-reaparece-y-anuncia-su-retorno-a-bolivia-con-un-mensaje-en-sus-redes\/#article\",\"isPartOf\":{\"@id\":\"https:\/\/innoticiasbo.com\/index.php\/2026\/04\/30\/el-exministro-lopez-reaparece-y-anuncia-su-retorno-a-bolivia-con-un-mensaje-en-sus-redes\/\"},\"author\":{\"name\":\"Prensa 11\",\"@id\":\"https:\/\/innoticiasbo.com\/#\/schema\/person\/0b28481e8d0316f83a13bc702311def5\"},\"headline\":\"EL EXMINISTRO L\u00d3PEZ REAPARECE Y ANUNCIA SU RETORNO A BOLIVIA CON UN MENSAJE EN SUS REDES\",\"datePublished\":\"2026-04-30T23:34:42+00:00\",\"dateModified\":\"2026-04-30T23:34:44+00:00\",\"mainEntityOfPage\":{\"@id\":\"https:\/\/innoticiasbo.com\/index.php\/2026\/04\/30\/el-exministro-lopez-reaparece-y-anuncia-su-retorno-a-bolivia-con-un-mensaje-en-sus-redes\/\"},\"wordCount\":302,\"commentCount\":0,\"publisher\":{\"@id\":\"https:\/\/innoticiasbo.com\/#organization\"},\"image\":{\"@id\":\"https:\/\/innoticiasbo.com\/index.php\/2026\/04\/30\/el-exministro-lopez-reaparece-y-anuncia-su-retorno-a-bolivia-con-un-mensaje-en-sus-redes\/#primaryimage\"},\"thumbnailUrl\":\"https:\/\/i0.wp.com\/innoticiasbo.com\/wp-content\/uploads\/2026\/04\/image-357.png?fit=1280%2C545&ssl=1\",\"keywords\":[\"Bolivia\",\"Caso gases Ecuador\",\"caso Golpe\",\"Exministro\",\"Fernando L\u00f3pez\",\"Pol\u00edtica\",\"reaparici\u00f3n\"],\"articleSection\":[\"Bolivia\",\"Pol\u00edtica\"],\"inLanguage\":\"es\",\"potentialAction\":[{\"@type\":\"CommentAction\",\"name\":\"Comment\",\"target\":[\"https:\/\/innoticiasbo.com\/index.php\/2026\/04\/30\/el-exministro-lopez-reaparece-y-anuncia-su-retorno-a-bolivia-con-un-mensaje-en-sus-redes\/#respond\"]}]},{\"@type\":\"WebPage\",\"@id\":\"https:\/\/innoticiasbo.com\/index.php\/2026\/04\/30\/el-exministro-lopez-reaparece-y-anuncia-su-retorno-a-bolivia-con-un-mensaje-en-sus-redes\/\",\"url\":\"https:\/\/innoticiasbo.com\/index.php\/2026\/04\/30\/el-exministro-lopez-reaparece-y-anuncia-su-retorno-a-bolivia-con-un-mensaje-en-sus-redes\/\",\"name\":\"EL EXMINISTRO L\u00d3PEZ REAPARECE Y ANUNCIA SU RETORNO A BOLIVIA CON UN MENSAJE EN SUS REDES - innoticiasbo.com\",\"isPartOf\":{\"@id\":\"https:\/\/innoticiasbo.com\/#website\"},\"primaryImageOfPage\":{\"@id\":\"https:\/\/innoticiasbo.com\/index.php\/2026\/04\/30\/el-exministro-lopez-reaparece-y-anuncia-su-retorno-a-bolivia-con-un-mensaje-en-sus-redes\/#primaryimage\"},\"image\":{\"@id\":\"https:\/\/innoticiasbo.com\/index.php\/2026\/04\/30\/el-exministro-lopez-reaparece-y-anuncia-su-retorno-a-bolivia-con-un-mensaje-en-sus-redes\/#primaryimage\"},\"thumbnailUrl\":\"https:\/\/i0.wp.com\/innoticiasbo.com\/wp-content\/uploads\/2026\/04\/image-357.png?fit=1280%2C545&ssl=1\",\"datePublished\":\"2026-04-30T23:34:42+00:00\",\"dateModified\":\"2026-04-30T23:34:44+00:00\",\"breadcrumb\":{\"@id\":\"https:\/\/innoticiasbo.com\/index.php\/2026\/04\/30\/el-exministro-lopez-reaparece-y-anuncia-su-retorno-a-bolivia-con-un-mensaje-en-sus-redes\/#breadcrumb\"},\"inLanguage\":\"es\",\"potentialAction\":[{\"@type\":\"ReadAction\",\"target\":[\"https:\/\/innoticiasbo.com\/index.php\/2026\/04\/30\/el-exministro-lopez-reaparece-y-anuncia-su-retorno-a-bolivia-con-un-mensaje-en-sus-redes\/\"]}]},{\"@type\":\"ImageObject\",\"inLanguage\":\"es\",\"@id\":\"https:\/\/innoticiasbo.com\/index.php\/2026\/04\/30\/el-exministro-lopez-reaparece-y-anuncia-su-retorno-a-bolivia-con-un-mensaje-en-sus-redes\/#primaryimage\",\"url\":\"https:\/\/i0.wp.com\/innoticiasbo.com\/wp-content\/uploads\/2026\/04\/image-357.png?fit=1280%2C545&ssl=1\",\"contentUrl\":\"https:\/\/i0.wp.com\/innoticiasbo.com\/wp-content\/uploads\/2026\/04\/image-357.png?fit=1280%2C545&ssl=1\",\"width\":1280,\"height\":545},{\"@type\":\"BreadcrumbList\",\"@id\":\"https:\/\/innoticiasbo.com\/index.php\/2026\/04\/30\/el-exministro-lopez-reaparece-y-anuncia-su-retorno-a-bolivia-con-un-mensaje-en-sus-redes\/#breadcrumb\",\"itemListElement\":[{\"@type\":\"ListItem\",\"position\":1,\"name\":\"Portada\",\"item\":\"https:\/\/innoticiasbo.com\/\"},{\"@type\":\"ListItem\",\"position\":2,\"name\":\"EL EXMINISTRO L\u00d3PEZ REAPARECE Y ANUNCIA SU RETORNO A BOLIVIA CON UN MENSAJE EN SUS REDES\"}]},{\"@type\":\"WebSite\",\"@id\":\"https:\/\/innoticiasbo.com\/#website\",\"url\":\"https:\/\/innoticiasbo.com\/\",\"name\":\"innoticiasbo.com\",\"description\":\"\",\"publisher\":{\"@id\":\"https:\/\/innoticiasbo.com\/#organization\"},\"potentialAction\":[{\"@type\":\"SearchAction\",\"target\":{\"@type\":\"EntryPoint\",\"urlTemplate\":\"https:\/\/innoticiasbo.com\/?s={search_term_string}\"},\"query-input\":{\"@type\":\"PropertyValueSpecification\",\"valueRequired\":true,\"valueName\":\"search_term_string\"}}],\"inLanguage\":\"es\"},{\"@type\":\"Organization\",\"@id\":\"https:\/\/innoticiasbo.com\/#organization\",\"name\":\"innoticiasbo.com\",\"url\":\"https:\/\/innoticiasbo.com\/\",\"logo\":{\"@type\":\"ImageObject\",\"inLanguage\":\"es\",\"@id\":\"https:\/\/innoticiasbo.com\/#\/schema\/logo\/image\/\",\"url\":\"https:\/\/i0.wp.com\/innoticiasbo.com\/wp-content\/uploads\/2026\/04\/cropped-IN-LOGO.png?fit=1476%2C1476&ssl=1\",\"contentUrl\":\"https:\/\/i0.wp.com\/innoticiasbo.com\/wp-content\/uploads\/2026\/04\/cropped-IN-LOGO.png?fit=1476%2C1476&ssl=1\",\"width\":1476,\"height\":1476,\"caption\":\"innoticiasbo.com\"},\"image\":{\"@id\":\"https:\/\/innoticiasbo.com\/#\/schema\/logo\/image\/\"},\"sameAs\":[\"https:\/\/www.facebook.com\/innoticiasbolivia\",\"https:\/\/x.com\/innoticiasbo\",\"https:\/\/www.instagram.com\/innoticiasbo\",\"https:\/\/www.youtube.com\/innoticiasbo\"]},{\"@type\":\"Person\",\"@id\":\"https:\/\/innoticiasbo.com\/#\/schema\/person\/0b28481e8d0316f83a13bc702311def5\",\"name\":\"Prensa 11\",\"image\":{\"@type\":\"ImageObject\",\"inLanguage\":\"es\",\"@id\":\"https:\/\/innoticiasbo.com\/#\/schema\/person\/image\/\",\"url\":\"https:\/\/secure.gravatar.com\/avatar\/696560c17349f1807a610bf83832bad0?s=96&d=mm&r=g\",\"contentUrl\":\"https:\/\/secure.gravatar.com\/avatar\/696560c17349f1807a610bf83832bad0?s=96&d=mm&r=g\",\"caption\":\"Prensa 11\"},\"sameAs\":[\"http:\/\/www.innoticiasbo.com\"],\"url\":\"https:\/\/innoticiasbo.com\/index.php\/author\/prensa-11\/\"}]}<\/script>\n<!-- \/ Yoast SEO plugin. -->","yoast_head_json":{"title":"EL EXMINISTRO L\u00d3PEZ REAPARECE Y ANUNCIA SU RETORNO A BOLIVIA CON UN MENSAJE EN SUS REDES - innoticiasbo.com","robots":{"index":"index","follow":"follow","max-snippet":"max-snippet:-1","max-image-preview":"max-image-preview:large","max-video-preview":"max-video-preview:-1"},"canonical":"https:\/\/innoticiasbo.com\/index.php\/2026\/04\/30\/el-exministro-lopez-reaparece-y-anuncia-su-retorno-a-bolivia-con-un-mensaje-en-sus-redes\/","og_locale":"es_ES","og_type":"article","og_title":"EL EXMINISTRO L\u00d3PEZ REAPARECE Y ANUNCIA SU RETORNO A BOLIVIA CON UN MENSAJE EN SUS REDES - innoticiasbo.com","og_description":"Pa\u00eds, 30 de Abril de 2026.- Con una breve, pero contundente publicaci\u00f3n en las redes sociales, el exministro del Gobierno de transici\u00f3n Fernando L\u00f3pez Julio anunci\u00f3 su retorno a Bolivia. Fue procesado en el pa\u00eds por el caso \u201cgolpe\u201d y \u201cgases Ecuador\u201d. \u201c\u00a1Hola, qu\u00e9 tal, Bolivia! \u00a1Nos preparamos para volver!\u201d, se lee en la cuenta...","og_url":"https:\/\/innoticiasbo.com\/index.php\/2026\/04\/30\/el-exministro-lopez-reaparece-y-anuncia-su-retorno-a-bolivia-con-un-mensaje-en-sus-redes\/","og_site_name":"innoticiasbo.com","article_publisher":"https:\/\/www.facebook.com\/innoticiasbolivia","article_published_time":"2026-04-30T23:34:42+00:00","article_modified_time":"2026-04-30T23:34:44+00:00","og_image":[{"width":1280,"height":545,"url":"https:\/\/innoticiasbo.com\/wp-content\/uploads\/2026\/04\/image-357.png","type":"image\/png"}],"author":"Prensa 11","twitter_card":"summary_large_image","twitter_creator":"@innoticiasbo","twitter_site":"@innoticiasbo","twitter_misc":{"Escrito por":"Prensa 11","Tiempo de lectura":"2 minutos"},"schema":{"@context":"https:\/\/schema.org","@graph":[{"@type":"Article","@id":"https:\/\/innoticiasbo.com\/index.php\/2026\/04\/30\/el-exministro-lopez-reaparece-y-anuncia-su-retorno-a-bolivia-con-un-mensaje-en-sus-redes\/#article","isPartOf":{"@id":"https:\/\/innoticiasbo.com\/index.php\/2026\/04\/30\/el-exministro-lopez-reaparece-y-anuncia-su-retorno-a-bolivia-con-un-mensaje-en-sus-redes\/"},"author":{"name":"Prensa 11","@id":"https:\/\/innoticiasbo.com\/#\/schema\/person\/0b28481e8d0316f83a13bc702311def5"},"headline":"EL EXMINISTRO L\u00d3PEZ REAPARECE Y ANUNCIA SU RETORNO A BOLIVIA CON UN MENSAJE EN SUS REDES","datePublished":"2026-04-30T23:34:42+00:00","dateModified":"2026-04-30T23:34:44+00:00","mainEntityOfPage":{"@id":"https:\/\/innoticiasbo.com\/index.php\/2026\/04\/30\/el-exministro-lopez-reaparece-y-anuncia-su-retorno-a-bolivia-con-un-mensaje-en-sus-redes\/"},"wordCount":302,"commentCount":0,"publisher":{"@id":"https:\/\/innoticiasbo.com\/#organization"},"image":{"@id":"https:\/\/innoticiasbo.com\/index.php\/2026\/04\/30\/el-exministro-lopez-reaparece-y-anuncia-su-retorno-a-bolivia-con-un-mensaje-en-sus-redes\/#primaryimage"},"thumbnailUrl":"https:\/\/i0.wp.com\/innoticiasbo.com\/wp-content\/uploads\/2026\/04\/image-357.png?fit=1280%2C545&ssl=1","keywords":["Bolivia","Caso gases Ecuador","caso Golpe","Exministro","Fernando L\u00f3pez","Pol\u00edtica","reaparici\u00f3n"],"articleSection":["Bolivia","Pol\u00edtica"],"inLanguage":"es","potentialAction":[{"@type":"CommentAction","name":"Comment","target":["https:\/\/innoticiasbo.com\/index.php\/2026\/04\/30\/el-exministro-lopez-reaparece-y-anuncia-su-retorno-a-bolivia-con-un-mensaje-en-sus-redes\/#respond"]}]},{"@type":"WebPage","@id":"https:\/\/innoticiasbo.com\/index.php\/2026\/04\/30\/el-exministro-lopez-reaparece-y-anuncia-su-retorno-a-bolivia-con-un-mensaje-en-sus-redes\/","url":"https:\/\/innoticiasbo.com\/index.php\/2026\/04\/30\/el-exministro-lopez-reaparece-y-anuncia-su-retorno-a-bolivia-con-un-mensaje-en-sus-redes\/","name":"EL EXMINISTRO L\u00d3PEZ REAPARECE Y ANUNCIA SU RETORNO A BOLIVIA CON UN MENSAJE EN SUS REDES - innoticiasbo.com","isPartOf":{"@id":"https:\/\/innoticiasbo.com\/#website"},"primaryImageOfPage":{"@id":"https:\/\/innoticiasbo.com\/index.php\/2026\/04\/30\/el-exministro-lopez-reaparece-y-anuncia-su-retorno-a-bolivia-con-un-mensaje-en-sus-redes\/#primaryimage"},"image":{"@id":"https:\/\/innoticiasbo.com\/index.php\/2026\/04\/30\/el-exministro-lopez-reaparece-y-anuncia-su-retorno-a-bolivia-con-un-mensaje-en-sus-redes\/#primaryimage"},"thumbnailUrl":"https:\/\/i0.wp.com\/innoticiasbo.com\/wp-content\/uploads\/2026\/04\/image-357.png?fit=1280%2C545&ssl=1","datePublished":"2026-04-30T23:34:42+00:00","dateModified":"2026-04-30T23:34:44+00:00","breadcrumb":{"@id":"https:\/\/innoticiasbo.com\/index.php\/2026\/04\/30\/el-exministro-lopez-reaparece-y-anuncia-su-retorno-a-bolivia-con-un-mensaje-en-sus-redes\/#breadcrumb"},"inLanguage":"es","potentialAction":[{"@type":"ReadAction","target":["https:\/\/innoticiasbo.com\/index.php\/2026\/04\/30\/el-exministro-lopez-reaparece-y-anuncia-su-retorno-a-bolivia-con-un-mensaje-en-sus-redes\/"]}]},{"@type":"ImageObject","inLanguage":"es","@id":"https:\/\/innoticiasbo.com\/index.php\/2026\/04\/30\/el-exministro-lopez-reaparece-y-anuncia-su-retorno-a-bolivia-con-un-mensaje-en-sus-redes\/#primaryimage","url":"https:\/\/i0.wp.com\/innoticiasbo.com\/wp-content\/uploads\/2026\/04\/image-357.png?fit=1280%2C545&ssl=1","contentUrl":"https:\/\/i0.wp.com\/innoticiasbo.com\/wp-content\/uploads\/2026\/04\/image-357.png?fit=1280%2C545&ssl=1","width":1280,"height":545},{"@type":"BreadcrumbList","@id":"https:\/\/innoticiasbo.com\/index.php\/2026\/04\/30\/el-exministro-lopez-reaparece-y-anuncia-su-retorno-a-bolivia-con-un-mensaje-en-sus-redes\/#breadcrumb","itemListElement":[{"@type":"ListItem","position":1,"name":"Portada","item":"https:\/\/innoticiasbo.com\/"},{"@type":"ListItem","position":2,"name":"EL EXMINISTRO L\u00d3PEZ REAPARECE Y ANUNCIA SU RETORNO A BOLIVIA CON UN MENSAJE EN SUS REDES"}]},{"@type":"WebSite","@id":"https:\/\/innoticiasbo.com\/#website","url":"https:\/\/innoticiasbo.com\/","name":"innoticiasbo.com","description":"","publisher":{"@id":"https:\/\/innoticiasbo.com\/#organization"},"potentialAction":[{"@type":"SearchAction","target":{"@type":"EntryPoint","urlTemplate":"https:\/\/innoticiasbo.com\/?s={search_term_string}"},"query-input":{"@type":"PropertyValueSpecification","valueRequired":true,"valueName":"search_term_string"}}],"inLanguage":"es"},{"@type":"Organization","@id":"https:\/\/innoticiasbo.com\/#organization","name":"innoticiasbo.com","url":"https:\/\/innoticiasbo.com\/","logo":{"@type":"ImageObject","inLanguage":"es","@id":"https:\/\/innoticiasbo.com\/#\/schema\/logo\/image\/","url":"https:\/\/i0.wp.com\/innoticiasbo.com\/wp-content\/uploads\/2026\/04\/cropped-IN-LOGO.png?fit=1476%2C1476&ssl=1","contentUrl":"https:\/\/i0.wp.com\/innoticiasbo.com\/wp-content\/uploads\/2026\/04\/cropped-IN-LOGO.png?fit=1476%2C1476&ssl=1","width":1476,"height":1476,"caption":"innoticiasbo.com"},"image":{"@id":"https:\/\/innoticiasbo.com\/#\/schema\/logo\/image\/"},"sameAs":["https:\/\/www.facebook.com\/innoticiasbolivia","https:\/\/x.com\/innoticiasbo","https:\/\/www.instagram.com\/innoticiasbo","https:\/\/www.youtube.com\/innoticiasbo"]},{"@type":"Person","@id":"https:\/\/innoticiasbo.com\/#\/schema\/person\/0b28481e8d0316f83a13bc702311def5","name":"Prensa 11","image":{"@type":"ImageObject","inLanguage":"es","@id":"https:\/\/innoticiasbo.com\/#\/schema\/person\/image\/","url":"https:\/\/secure.gravatar.com\/avatar\/696560c17349f1807a610bf83832bad0?s=96&d=mm&r=g","contentUrl":"https:\/\/secure.gravatar.com\/avatar\/696560c17349f1807a610bf83832bad0?s=96&d=mm&r=g","caption":"Prensa 11"},"sameAs":["http:\/\/www.innoticiasbo.com"],"url":"https:\/\/innoticiasbo.com\/index.php\/author\/prensa-11\/"}]}},"jetpack_featured_media_url":"https:\/\/i0.wp.com\/innoticiasbo.com\/wp-content\/uploads\/2026\/04\/image-357.png?fit=1280%2C545&ssl=1","jetpack_likes_enabled":true,"jetpack_sharing_enabled":true,"jetpack_shortlink":"https:\/\/wp.me\/pg298x-31n","_links":{"self":[{"href":"https:\/\/innoticiasbo.com\/index.php\/wp-json\/wp\/v2\/posts\/11617","targetHints":{"allow":["GET"]}}],"collection":[{"href":"https:\/\/innoticiasbo.com\/index.php\/wp-json\/wp\/v2\/posts"}],"about":[{"href":"https:\/\/innoticiasbo.com\/index.php\/wp-json\/wp\/v2\/types\/post"}],"author":[{"embeddable":true,"href":"https:\/\/innoticiasbo.com\/index.php\/wp-json\/wp\/v2\/users\/11"}],"replies":[{"embeddable":true,"href":"https:\/\/innoticiasbo.com\/index.php\/wp-json\/wp\/v2\/comments?post=11617"}],"version-history":[{"count":1,"href":"https:\/\/innoticiasbo.com\/index.php\/wp-json\/wp\/v2\/posts\/11617\/revisions"}],"predecessor-version":[{"id":11622,"href":"https:\/\/innoticiasbo.com\/index.php\/wp-json\/wp\/v2\/posts\/11617\/revisions\/11622"}],"wp:featuredmedia":[{"embeddable":true,"href":"https:\/\/innoticiasbo.com\/index.php\/wp-json\/wp\/v2\/media\/11619"}],"wp:attachment":[{"href":"https:\/\/innoticiasbo.com\/index.php\/wp-json\/wp\/v2\/media?parent=11617"}],"wp:term":[{"taxonomy":"category","embeddable":true,"href":"https:\/\/innoticiasbo.com\/index.php\/wp-json\/wp\/v2\/categories?post=11617"},{"taxonomy":"post_tag","embeddable":true,"href":"https:\/\/innoticiasbo.com\/index.php\/wp-json\/wp\/v2\/tags?post=11617"}],"curies":[{"name":"wp","href":"https:\/\/api.w.org\/{rel}","templated":true}]}}