{"id":11602,"date":"2026-04-30T12:25:57","date_gmt":"2026-04-30T16:25:57","guid":{"rendered":"https:\/\/innoticiasbo.com\/?p=11602"},"modified":"2026-04-30T12:25:58","modified_gmt":"2026-04-30T16:25:58","slug":"crisis-politica-contreras-advierte-perdida-de-apoyo-y-dudas-sobre-gobernabilidad","status":"publish","type":"post","link":"https:\/\/innoticiasbo.com\/index.php\/2026\/04\/30\/crisis-politica-contreras-advierte-perdida-de-apoyo-y-dudas-sobre-gobernabilidad\/","title":{"rendered":"CRISIS POL\u00cdTICA: CONTRERAS ADVIERTE P\u00c9RDIDA DE APOYO Y DUDAS SOBRE GOBERNABILIDAD"},"content":{"rendered":"\n<figure class=\"wp-block-video\"><video controls src=\"https:\/\/innoticiasbo.com\/wp-content\/uploads\/2026\/04\/AQNkvXt_EQdFI4vmbgFti46Te-uQQMd1nb5ZvlsD37e_gUvPHCz25e6_m2T9J0p5pEk5CZjrltq-yBna3PSgtlYBM_41oc-KBHSe7GBvi9ddyQ111.mp4\"><\/video><\/figure>\n\n\n\n<p><strong>Cochabamba, 30 de Abril de 2026.- <\/strong>El analista pol\u00edtico y exvocero presidencial, Alex Contreras, evalu\u00f3 el momento que atraviesa el presidente Rodrigo Paz, marcado por tensiones internas, crisis en el abastecimiento de combustible y distanciamiento de aliados clave.<br>\u201cSe est\u00e1 acabando la luna de miel pol\u00edtica\u201d, afirm\u00f3, se\u00f1alando que el mandatario enfrenta un desgaste acelerado en su gesti\u00f3n.<br>Sobre la relaci\u00f3n con Samuel Doria Medina, indic\u00f3 que \u201cla distancia genera dudas y debilita el bloque pol\u00edtico\u201d, sugiriendo que detr\u00e1s existen tanto diferencias econ\u00f3micas como c\u00e1lculos estrat\u00e9gicos.<br>Contreras advirti\u00f3 que \u201ccuando los aliados comienzan a alejarse, el margen de maniobra se reduce\u201d, afectando directamente la estabilidad del gobierno en un contexto cr\u00edtico.<br>En cuanto a las cr\u00edticas de Jorge Tuto Quiroga, sostuvo que \u201cno es solo estrategia, hay un quiebre pol\u00edtico m\u00e1s profundo\u201d, evidenciando fracturas dentro del espectro opositor.<br>Respecto a una posible alianza con Manfred Reyes Villa, se\u00f1al\u00f3 que \u201cpodr\u00eda reconfigurar el equilibrio pol\u00edtico\u201d, aunque aclar\u00f3 que depender\u00e1 de acuerdos concretos y del contexto nacional.<br>Finalmente, destac\u00f3 el contraste con el escenario econ\u00f3mico en Cochabamba. \u201cla fexco muestra que hay dinamismo econ\u00f3mico pese a la crisis\u201d, remarc\u00f3.<br>El an\u00e1lisis refleja un panorama complejo para el gobierno, con presiones pol\u00edticas crecientes y la necesidad de recomponer alianzas para sostener la gobernabilidad.<\/p>\n","protected":false},"excerpt":{"rendered":"<p>Cochabamba, 30 de Abril de 2026.- El analista pol\u00edtico y exvocero presidencial, Alex Contreras, evalu\u00f3 el momento que atraviesa el presidente Rodrigo Paz, marcado por tensiones internas, crisis en el abastecimiento de combustible y distanciamiento de aliados clave.\u201cSe est\u00e1 acabando la luna de miel pol\u00edtica\u201d, afirm\u00f3, se\u00f1alando que el mandatario enfrenta un desgaste acelerado en&#8230;<\/p>\n","protected":false},"author":11,"featured_media":11603,"comment_status":"open","ping_status":"open","sticky":false,"template":"","format":"standard","meta":{"_jetpack_memberships_contains_paid_content":false,"footnotes":"","jetpack_publicize_message":"","jetpack_publicize_feature_enabled":true,"jetpack_social_post_already_shared":true,"jetpack_social_options":{"image_generator_settings":{"template":"highway","enabled":false},"version":2}},"categories":[3],"tags":[2777,7,2101,2778,1129,2233,1987,22,10,345,44],"class_list":["post-11602","post","type-post","status-publish","format-standard","has-post-thumbnail","hentry","category-politica","tag-actualidad","tag-bolivia","tag-crisis","tag-dudas","tag-el-avispero","tag-fexco-2026","tag-gobernabilidad","tag-innoticias","tag-politica","tag-rodrigo-paz","tag-samuel-doria-medina"],"jetpack_publicize_connections":[],"yoast_head":"<!-- This site is optimized with the Yoast SEO plugin v23.4 - https:\/\/yoast.com\/wordpress\/plugins\/seo\/ -->\n<title>CRISIS POL\u00cdTICA: CONTRERAS ADVIERTE P\u00c9RDIDA DE APOYO Y DUDAS SOBRE GOBERNABILIDAD - innoticiasbo.com<\/title>\n<meta name=\"robots\" content=\"index, follow, max-snippet:-1, max-image-preview:large, max-video-preview:-1\" \/>\n<link rel=\"canonical\" href=\"https:\/\/innoticiasbo.com\/index.php\/2026\/04\/30\/crisis-politica-contreras-advierte-perdida-de-apoyo-y-dudas-sobre-gobernabilidad\/\" \/>\n<meta property=\"og:locale\" content=\"es_ES\" \/>\n<meta property=\"og:type\" content=\"article\" \/>\n<meta property=\"og:title\" content=\"CRISIS POL\u00cdTICA: CONTRERAS ADVIERTE P\u00c9RDIDA DE APOYO Y DUDAS SOBRE GOBERNABILIDAD - innoticiasbo.com\" \/>\n<meta property=\"og:description\" content=\"Cochabamba, 30 de Abril de 2026.- El analista pol\u00edtico y exvocero presidencial, Alex Contreras, evalu\u00f3 el momento que atraviesa el presidente Rodrigo Paz, marcado por tensiones internas, crisis en el abastecimiento de combustible y distanciamiento de aliados clave.\u201cSe est\u00e1 acabando la luna de miel pol\u00edtica\u201d, afirm\u00f3, se\u00f1alando que el mandatario enfrenta un desgaste acelerado en...\" \/>\n<meta property=\"og:url\" content=\"https:\/\/innoticiasbo.com\/index.php\/2026\/04\/30\/crisis-politica-contreras-advierte-perdida-de-apoyo-y-dudas-sobre-gobernabilidad\/\" \/>\n<meta property=\"og:site_name\" content=\"innoticiasbo.com\" \/>\n<meta property=\"article:publisher\" content=\"https:\/\/www.facebook.com\/innoticiasbolivia\" \/>\n<meta property=\"article:published_time\" content=\"2026-04-30T16:25:57+00:00\" \/>\n<meta property=\"article:modified_time\" content=\"2026-04-30T16:25:58+00:00\" \/>\n<meta property=\"og:image\" content=\"https:\/\/innoticiasbo.com\/wp-content\/uploads\/2026\/04\/image-355-1024x576.png\" \/>\n\t<meta property=\"og:image:width\" content=\"1024\" \/>\n\t<meta property=\"og:image:height\" content=\"576\" \/>\n\t<meta property=\"og:image:type\" content=\"image\/png\" \/>\n<meta name=\"author\" content=\"Prensa 11\" \/>\n<meta name=\"twitter:card\" content=\"summary_large_image\" \/>\n<meta name=\"twitter:creator\" content=\"@innoticiasbo\" \/>\n<meta name=\"twitter:site\" content=\"@innoticiasbo\" \/>\n<meta name=\"twitter:label1\" content=\"Escrito por\" \/>\n\t<meta name=\"twitter:data1\" content=\"Prensa 11\" \/>\n\t<meta name=\"twitter:label2\" content=\"Tiempo de lectura\" \/>\n\t<meta name=\"twitter:data2\" content=\"2 minutos\" \/>\n<script type=\"application\/ld+json\" class=\"yoast-schema-graph\">{\"@context\":\"https:\/\/schema.org\",\"@graph\":[{\"@type\":\"Article\",\"@id\":\"https:\/\/innoticiasbo.com\/index.php\/2026\/04\/30\/crisis-politica-contreras-advierte-perdida-de-apoyo-y-dudas-sobre-gobernabilidad\/#article\",\"isPartOf\":{\"@id\":\"https:\/\/innoticiasbo.com\/index.php\/2026\/04\/30\/crisis-politica-contreras-advierte-perdida-de-apoyo-y-dudas-sobre-gobernabilidad\/\"},\"author\":{\"name\":\"Prensa 11\",\"@id\":\"https:\/\/innoticiasbo.com\/#\/schema\/person\/0b28481e8d0316f83a13bc702311def5\"},\"headline\":\"CRISIS POL\u00cdTICA: CONTRERAS ADVIERTE P\u00c9RDIDA DE APOYO Y DUDAS SOBRE GOBERNABILIDAD\",\"datePublished\":\"2026-04-30T16:25:57+00:00\",\"dateModified\":\"2026-04-30T16:25:58+00:00\",\"mainEntityOfPage\":{\"@id\":\"https:\/\/innoticiasbo.com\/index.php\/2026\/04\/30\/crisis-politica-contreras-advierte-perdida-de-apoyo-y-dudas-sobre-gobernabilidad\/\"},\"wordCount\":243,\"commentCount\":0,\"publisher\":{\"@id\":\"https:\/\/innoticiasbo.com\/#organization\"},\"image\":{\"@id\":\"https:\/\/innoticiasbo.com\/index.php\/2026\/04\/30\/crisis-politica-contreras-advierte-perdida-de-apoyo-y-dudas-sobre-gobernabilidad\/#primaryimage\"},\"thumbnailUrl\":\"https:\/\/i0.wp.com\/innoticiasbo.com\/wp-content\/uploads\/2026\/04\/image-355.png?fit=1920%2C1080&ssl=1\",\"keywords\":[\"actualidad\",\"Bolivia\",\"crisis\",\"dudas\",\"El Avispero\",\"FEXCO 2026\",\"gobernabilidad\",\"innoticias\",\"Pol\u00edtica\",\"Rodrigo Paz\",\"Samuel Doria Medina\"],\"articleSection\":[\"Pol\u00edtica\"],\"inLanguage\":\"es\",\"potentialAction\":[{\"@type\":\"CommentAction\",\"name\":\"Comment\",\"target\":[\"https:\/\/innoticiasbo.com\/index.php\/2026\/04\/30\/crisis-politica-contreras-advierte-perdida-de-apoyo-y-dudas-sobre-gobernabilidad\/#respond\"]}]},{\"@type\":\"WebPage\",\"@id\":\"https:\/\/innoticiasbo.com\/index.php\/2026\/04\/30\/crisis-politica-contreras-advierte-perdida-de-apoyo-y-dudas-sobre-gobernabilidad\/\",\"url\":\"https:\/\/innoticiasbo.com\/index.php\/2026\/04\/30\/crisis-politica-contreras-advierte-perdida-de-apoyo-y-dudas-sobre-gobernabilidad\/\",\"name\":\"CRISIS POL\u00cdTICA: CONTRERAS ADVIERTE P\u00c9RDIDA DE APOYO Y DUDAS SOBRE GOBERNABILIDAD - innoticiasbo.com\",\"isPartOf\":{\"@id\":\"https:\/\/innoticiasbo.com\/#website\"},\"primaryImageOfPage\":{\"@id\":\"https:\/\/innoticiasbo.com\/index.php\/2026\/04\/30\/crisis-politica-contreras-advierte-perdida-de-apoyo-y-dudas-sobre-gobernabilidad\/#primaryimage\"},\"image\":{\"@id\":\"https:\/\/innoticiasbo.com\/index.php\/2026\/04\/30\/crisis-politica-contreras-advierte-perdida-de-apoyo-y-dudas-sobre-gobernabilidad\/#primaryimage\"},\"thumbnailUrl\":\"https:\/\/i0.wp.com\/innoticiasbo.com\/wp-content\/uploads\/2026\/04\/image-355.png?fit=1920%2C1080&ssl=1\",\"datePublished\":\"2026-04-30T16:25:57+00:00\",\"dateModified\":\"2026-04-30T16:25:58+00:00\",\"breadcrumb\":{\"@id\":\"https:\/\/innoticiasbo.com\/index.php\/2026\/04\/30\/crisis-politica-contreras-advierte-perdida-de-apoyo-y-dudas-sobre-gobernabilidad\/#breadcrumb\"},\"inLanguage\":\"es\",\"potentialAction\":[{\"@type\":\"ReadAction\",\"target\":[\"https:\/\/innoticiasbo.com\/index.php\/2026\/04\/30\/crisis-politica-contreras-advierte-perdida-de-apoyo-y-dudas-sobre-gobernabilidad\/\"]}]},{\"@type\":\"ImageObject\",\"inLanguage\":\"es\",\"@id\":\"https:\/\/innoticiasbo.com\/index.php\/2026\/04\/30\/crisis-politica-contreras-advierte-perdida-de-apoyo-y-dudas-sobre-gobernabilidad\/#primaryimage\",\"url\":\"https:\/\/i0.wp.com\/innoticiasbo.com\/wp-content\/uploads\/2026\/04\/image-355.png?fit=1920%2C1080&ssl=1\",\"contentUrl\":\"https:\/\/i0.wp.com\/innoticiasbo.com\/wp-content\/uploads\/2026\/04\/image-355.png?fit=1920%2C1080&ssl=1\",\"width\":1920,\"height\":1080},{\"@type\":\"BreadcrumbList\",\"@id\":\"https:\/\/innoticiasbo.com\/index.php\/2026\/04\/30\/crisis-politica-contreras-advierte-perdida-de-apoyo-y-dudas-sobre-gobernabilidad\/#breadcrumb\",\"itemListElement\":[{\"@type\":\"ListItem\",\"position\":1,\"name\":\"Portada\",\"item\":\"https:\/\/innoticiasbo.com\/\"},{\"@type\":\"ListItem\",\"position\":2,\"name\":\"CRISIS POL\u00cdTICA: CONTRERAS ADVIERTE P\u00c9RDIDA DE APOYO Y DUDAS SOBRE GOBERNABILIDAD\"}]},{\"@type\":\"WebSite\",\"@id\":\"https:\/\/innoticiasbo.com\/#website\",\"url\":\"https:\/\/innoticiasbo.com\/\",\"name\":\"innoticiasbo.com\",\"description\":\"\",\"publisher\":{\"@id\":\"https:\/\/innoticiasbo.com\/#organization\"},\"potentialAction\":[{\"@type\":\"SearchAction\",\"target\":{\"@type\":\"EntryPoint\",\"urlTemplate\":\"https:\/\/innoticiasbo.com\/?s={search_term_string}\"},\"query-input\":{\"@type\":\"PropertyValueSpecification\",\"valueRequired\":true,\"valueName\":\"search_term_string\"}}],\"inLanguage\":\"es\"},{\"@type\":\"Organization\",\"@id\":\"https:\/\/innoticiasbo.com\/#organization\",\"name\":\"innoticiasbo.com\",\"url\":\"https:\/\/innoticiasbo.com\/\",\"logo\":{\"@type\":\"ImageObject\",\"inLanguage\":\"es\",\"@id\":\"https:\/\/innoticiasbo.com\/#\/schema\/logo\/image\/\",\"url\":\"https:\/\/i0.wp.com\/innoticiasbo.com\/wp-content\/uploads\/2026\/04\/cropped-IN-LOGO.png?fit=1476%2C1476&ssl=1\",\"contentUrl\":\"https:\/\/i0.wp.com\/innoticiasbo.com\/wp-content\/uploads\/2026\/04\/cropped-IN-LOGO.png?fit=1476%2C1476&ssl=1\",\"width\":1476,\"height\":1476,\"caption\":\"innoticiasbo.com\"},\"image\":{\"@id\":\"https:\/\/innoticiasbo.com\/#\/schema\/logo\/image\/\"},\"sameAs\":[\"https:\/\/www.facebook.com\/innoticiasbolivia\",\"https:\/\/x.com\/innoticiasbo\",\"https:\/\/www.instagram.com\/innoticiasbo\",\"https:\/\/www.youtube.com\/innoticiasbo\"]},{\"@type\":\"Person\",\"@id\":\"https:\/\/innoticiasbo.com\/#\/schema\/person\/0b28481e8d0316f83a13bc702311def5\",\"name\":\"Prensa 11\",\"image\":{\"@type\":\"ImageObject\",\"inLanguage\":\"es\",\"@id\":\"https:\/\/innoticiasbo.com\/#\/schema\/person\/image\/\",\"url\":\"https:\/\/secure.gravatar.com\/avatar\/696560c17349f1807a610bf83832bad0?s=96&d=mm&r=g\",\"contentUrl\":\"https:\/\/secure.gravatar.com\/avatar\/696560c17349f1807a610bf83832bad0?s=96&d=mm&r=g\",\"caption\":\"Prensa 11\"},\"sameAs\":[\"http:\/\/www.innoticiasbo.com\"],\"url\":\"https:\/\/innoticiasbo.com\/index.php\/author\/prensa-11\/\"}]}<\/script>\n<!-- \/ Yoast SEO plugin. -->","yoast_head_json":{"title":"CRISIS POL\u00cdTICA: CONTRERAS ADVIERTE P\u00c9RDIDA DE APOYO Y DUDAS SOBRE GOBERNABILIDAD - innoticiasbo.com","robots":{"index":"index","follow":"follow","max-snippet":"max-snippet:-1","max-image-preview":"max-image-preview:large","max-video-preview":"max-video-preview:-1"},"canonical":"https:\/\/innoticiasbo.com\/index.php\/2026\/04\/30\/crisis-politica-contreras-advierte-perdida-de-apoyo-y-dudas-sobre-gobernabilidad\/","og_locale":"es_ES","og_type":"article","og_title":"CRISIS POL\u00cdTICA: CONTRERAS ADVIERTE P\u00c9RDIDA DE APOYO Y DUDAS SOBRE GOBERNABILIDAD - innoticiasbo.com","og_description":"Cochabamba, 30 de Abril de 2026.- El analista pol\u00edtico y exvocero presidencial, Alex Contreras, evalu\u00f3 el momento que atraviesa el presidente Rodrigo Paz, marcado por tensiones internas, crisis en el abastecimiento de combustible y distanciamiento de aliados clave.\u201cSe est\u00e1 acabando la luna de miel pol\u00edtica\u201d, afirm\u00f3, se\u00f1alando que el mandatario enfrenta un desgaste acelerado en...","og_url":"https:\/\/innoticiasbo.com\/index.php\/2026\/04\/30\/crisis-politica-contreras-advierte-perdida-de-apoyo-y-dudas-sobre-gobernabilidad\/","og_site_name":"innoticiasbo.com","article_publisher":"https:\/\/www.facebook.com\/innoticiasbolivia","article_published_time":"2026-04-30T16:25:57+00:00","article_modified_time":"2026-04-30T16:25:58+00:00","og_image":[{"width":1024,"height":576,"url":"https:\/\/innoticiasbo.com\/wp-content\/uploads\/2026\/04\/image-355-1024x576.png","type":"image\/png"}],"author":"Prensa 11","twitter_card":"summary_large_image","twitter_creator":"@innoticiasbo","twitter_site":"@innoticiasbo","twitter_misc":{"Escrito por":"Prensa 11","Tiempo de lectura":"2 minutos"},"schema":{"@context":"https:\/\/schema.org","@graph":[{"@type":"Article","@id":"https:\/\/innoticiasbo.com\/index.php\/2026\/04\/30\/crisis-politica-contreras-advierte-perdida-de-apoyo-y-dudas-sobre-gobernabilidad\/#article","isPartOf":{"@id":"https:\/\/innoticiasbo.com\/index.php\/2026\/04\/30\/crisis-politica-contreras-advierte-perdida-de-apoyo-y-dudas-sobre-gobernabilidad\/"},"author":{"name":"Prensa 11","@id":"https:\/\/innoticiasbo.com\/#\/schema\/person\/0b28481e8d0316f83a13bc702311def5"},"headline":"CRISIS POL\u00cdTICA: CONTRERAS ADVIERTE P\u00c9RDIDA DE APOYO Y DUDAS SOBRE GOBERNABILIDAD","datePublished":"2026-04-30T16:25:57+00:00","dateModified":"2026-04-30T16:25:58+00:00","mainEntityOfPage":{"@id":"https:\/\/innoticiasbo.com\/index.php\/2026\/04\/30\/crisis-politica-contreras-advierte-perdida-de-apoyo-y-dudas-sobre-gobernabilidad\/"},"wordCount":243,"commentCount":0,"publisher":{"@id":"https:\/\/innoticiasbo.com\/#organization"},"image":{"@id":"https:\/\/innoticiasbo.com\/index.php\/2026\/04\/30\/crisis-politica-contreras-advierte-perdida-de-apoyo-y-dudas-sobre-gobernabilidad\/#primaryimage"},"thumbnailUrl":"https:\/\/i0.wp.com\/innoticiasbo.com\/wp-content\/uploads\/2026\/04\/image-355.png?fit=1920%2C1080&ssl=1","keywords":["actualidad","Bolivia","crisis","dudas","El Avispero","FEXCO 2026","gobernabilidad","innoticias","Pol\u00edtica","Rodrigo Paz","Samuel Doria Medina"],"articleSection":["Pol\u00edtica"],"inLanguage":"es","potentialAction":[{"@type":"CommentAction","name":"Comment","target":["https:\/\/innoticiasbo.com\/index.php\/2026\/04\/30\/crisis-politica-contreras-advierte-perdida-de-apoyo-y-dudas-sobre-gobernabilidad\/#respond"]}]},{"@type":"WebPage","@id":"https:\/\/innoticiasbo.com\/index.php\/2026\/04\/30\/crisis-politica-contreras-advierte-perdida-de-apoyo-y-dudas-sobre-gobernabilidad\/","url":"https:\/\/innoticiasbo.com\/index.php\/2026\/04\/30\/crisis-politica-contreras-advierte-perdida-de-apoyo-y-dudas-sobre-gobernabilidad\/","name":"CRISIS POL\u00cdTICA: CONTRERAS ADVIERTE P\u00c9RDIDA DE APOYO Y DUDAS SOBRE GOBERNABILIDAD - innoticiasbo.com","isPartOf":{"@id":"https:\/\/innoticiasbo.com\/#website"},"primaryImageOfPage":{"@id":"https:\/\/innoticiasbo.com\/index.php\/2026\/04\/30\/crisis-politica-contreras-advierte-perdida-de-apoyo-y-dudas-sobre-gobernabilidad\/#primaryimage"},"image":{"@id":"https:\/\/innoticiasbo.com\/index.php\/2026\/04\/30\/crisis-politica-contreras-advierte-perdida-de-apoyo-y-dudas-sobre-gobernabilidad\/#primaryimage"},"thumbnailUrl":"https:\/\/i0.wp.com\/innoticiasbo.com\/wp-content\/uploads\/2026\/04\/image-355.png?fit=1920%2C1080&ssl=1","datePublished":"2026-04-30T16:25:57+00:00","dateModified":"2026-04-30T16:25:58+00:00","breadcrumb":{"@id":"https:\/\/innoticiasbo.com\/index.php\/2026\/04\/30\/crisis-politica-contreras-advierte-perdida-de-apoyo-y-dudas-sobre-gobernabilidad\/#breadcrumb"},"inLanguage":"es","potentialAction":[{"@type":"ReadAction","target":["https:\/\/innoticiasbo.com\/index.php\/2026\/04\/30\/crisis-politica-contreras-advierte-perdida-de-apoyo-y-dudas-sobre-gobernabilidad\/"]}]},{"@type":"ImageObject","inLanguage":"es","@id":"https:\/\/innoticiasbo.com\/index.php\/2026\/04\/30\/crisis-politica-contreras-advierte-perdida-de-apoyo-y-dudas-sobre-gobernabilidad\/#primaryimage","url":"https:\/\/i0.wp.com\/innoticiasbo.com\/wp-content\/uploads\/2026\/04\/image-355.png?fit=1920%2C1080&ssl=1","contentUrl":"https:\/\/i0.wp.com\/innoticiasbo.com\/wp-content\/uploads\/2026\/04\/image-355.png?fit=1920%2C1080&ssl=1","width":1920,"height":1080},{"@type":"BreadcrumbList","@id":"https:\/\/innoticiasbo.com\/index.php\/2026\/04\/30\/crisis-politica-contreras-advierte-perdida-de-apoyo-y-dudas-sobre-gobernabilidad\/#breadcrumb","itemListElement":[{"@type":"ListItem","position":1,"name":"Portada","item":"https:\/\/innoticiasbo.com\/"},{"@type":"ListItem","position":2,"name":"CRISIS POL\u00cdTICA: CONTRERAS ADVIERTE P\u00c9RDIDA DE APOYO Y DUDAS SOBRE GOBERNABILIDAD"}]},{"@type":"WebSite","@id":"https:\/\/innoticiasbo.com\/#website","url":"https:\/\/innoticiasbo.com\/","name":"innoticiasbo.com","description":"","publisher":{"@id":"https:\/\/innoticiasbo.com\/#organization"},"potentialAction":[{"@type":"SearchAction","target":{"@type":"EntryPoint","urlTemplate":"https:\/\/innoticiasbo.com\/?s={search_term_string}"},"query-input":{"@type":"PropertyValueSpecification","valueRequired":true,"valueName":"search_term_string"}}],"inLanguage":"es"},{"@type":"Organization","@id":"https:\/\/innoticiasbo.com\/#organization","name":"innoticiasbo.com","url":"https:\/\/innoticiasbo.com\/","logo":{"@type":"ImageObject","inLanguage":"es","@id":"https:\/\/innoticiasbo.com\/#\/schema\/logo\/image\/","url":"https:\/\/i0.wp.com\/innoticiasbo.com\/wp-content\/uploads\/2026\/04\/cropped-IN-LOGO.png?fit=1476%2C1476&ssl=1","contentUrl":"https:\/\/i0.wp.com\/innoticiasbo.com\/wp-content\/uploads\/2026\/04\/cropped-IN-LOGO.png?fit=1476%2C1476&ssl=1","width":1476,"height":1476,"caption":"innoticiasbo.com"},"image":{"@id":"https:\/\/innoticiasbo.com\/#\/schema\/logo\/image\/"},"sameAs":["https:\/\/www.facebook.com\/innoticiasbolivia","https:\/\/x.com\/innoticiasbo","https:\/\/www.instagram.com\/innoticiasbo","https:\/\/www.youtube.com\/innoticiasbo"]},{"@type":"Person","@id":"https:\/\/innoticiasbo.com\/#\/schema\/person\/0b28481e8d0316f83a13bc702311def5","name":"Prensa 11","image":{"@type":"ImageObject","inLanguage":"es","@id":"https:\/\/innoticiasbo.com\/#\/schema\/person\/image\/","url":"https:\/\/secure.gravatar.com\/avatar\/696560c17349f1807a610bf83832bad0?s=96&d=mm&r=g","contentUrl":"https:\/\/secure.gravatar.com\/avatar\/696560c17349f1807a610bf83832bad0?s=96&d=mm&r=g","caption":"Prensa 11"},"sameAs":["http:\/\/www.innoticiasbo.com"],"url":"https:\/\/innoticiasbo.com\/index.php\/author\/prensa-11\/"}]}},"jetpack_featured_media_url":"https:\/\/i0.wp.com\/innoticiasbo.com\/wp-content\/uploads\/2026\/04\/image-355.png?fit=1920%2C1080&ssl=1","jetpack_likes_enabled":true,"jetpack_sharing_enabled":true,"jetpack_shortlink":"https:\/\/wp.me\/pg298x-318","_links":{"self":[{"href":"https:\/\/innoticiasbo.com\/index.php\/wp-json\/wp\/v2\/posts\/11602","targetHints":{"allow":["GET"]}}],"collection":[{"href":"https:\/\/innoticiasbo.com\/index.php\/wp-json\/wp\/v2\/posts"}],"about":[{"href":"https:\/\/innoticiasbo.com\/index.php\/wp-json\/wp\/v2\/types\/post"}],"author":[{"embeddable":true,"href":"https:\/\/innoticiasbo.com\/index.php\/wp-json\/wp\/v2\/users\/11"}],"replies":[{"embeddable":true,"href":"https:\/\/innoticiasbo.com\/index.php\/wp-json\/wp\/v2\/comments?post=11602"}],"version-history":[{"count":1,"href":"https:\/\/innoticiasbo.com\/index.php\/wp-json\/wp\/v2\/posts\/11602\/revisions"}],"predecessor-version":[{"id":11605,"href":"https:\/\/innoticiasbo.com\/index.php\/wp-json\/wp\/v2\/posts\/11602\/revisions\/11605"}],"wp:featuredmedia":[{"embeddable":true,"href":"https:\/\/innoticiasbo.com\/index.php\/wp-json\/wp\/v2\/media\/11603"}],"wp:attachment":[{"href":"https:\/\/innoticiasbo.com\/index.php\/wp-json\/wp\/v2\/media?parent=11602"}],"wp:term":[{"taxonomy":"category","embeddable":true,"href":"https:\/\/innoticiasbo.com\/index.php\/wp-json\/wp\/v2\/categories?post=11602"},{"taxonomy":"post_tag","embeddable":true,"href":"https:\/\/innoticiasbo.com\/index.php\/wp-json\/wp\/v2\/tags?post=11602"}],"curies":[{"name":"wp","href":"https:\/\/api.w.org\/{rel}","templated":true}]}}