{"id":11595,"date":"2026-04-30T12:05:53","date_gmt":"2026-04-30T16:05:53","guid":{"rendered":"https:\/\/innoticiasbo.com\/?p=11595"},"modified":"2026-04-30T12:05:55","modified_gmt":"2026-04-30T16:05:55","slug":"denuncian-a-enrique-siles-ante-la-contraloria-por-presunto-dano-economico-al-estado-y-uso-de-documentacion-irregular","status":"publish","type":"post","link":"https:\/\/innoticiasbo.com\/index.php\/2026\/04\/30\/denuncian-a-enrique-siles-ante-la-contraloria-por-presunto-dano-economico-al-estado-y-uso-de-documentacion-irregular\/","title":{"rendered":"DENUNCIAN A ENRIQUE SILES ANTE LA CONTRALOR\u00cdA POR PRESUNTO DA\u00d1O ECON\u00d3MICO AL ESTADO Y USO DE DOCUMENTACI\u00d3N IRREGULAR"},"content":{"rendered":"\n<figure class=\"wp-block-image size-large\"><img data-recalc-dims=\"1\" loading=\"lazy\" decoding=\"async\" width=\"640\" height=\"1013\" src=\"https:\/\/i0.wp.com\/innoticiasbo.com\/wp-content\/uploads\/2026\/04\/image-351.png?resize=640%2C1013&#038;ssl=1\" alt=\"\" class=\"wp-image-11597\" srcset=\"https:\/\/i0.wp.com\/innoticiasbo.com\/wp-content\/uploads\/2026\/04\/image-351.png?resize=647%2C1024&amp;ssl=1 647w, https:\/\/i0.wp.com\/innoticiasbo.com\/wp-content\/uploads\/2026\/04\/image-351.png?resize=189%2C300&amp;ssl=1 189w, https:\/\/i0.wp.com\/innoticiasbo.com\/wp-content\/uploads\/2026\/04\/image-351.png?resize=768%2C1216&amp;ssl=1 768w, https:\/\/i0.wp.com\/innoticiasbo.com\/wp-content\/uploads\/2026\/04\/image-351.png?w=962&amp;ssl=1 962w\" sizes=\"auto, (max-width: 640px) 100vw, 640px\" \/><\/figure>\n\n\n\n<p><strong>Santa Cruz, 30 de abril de 2026.- <\/strong>El asamble\u00edsta departamental Pedro Badr\u00e1n present\u00f3 una denuncia formal ante la Contralor\u00eda General del Estado contra el asamble\u00edsta Enrique Siles, actual concejal por Libre para el periodo 2031\u20132026, por la presunta comisi\u00f3n de graves irregularidades administrativas y econ\u00f3micas.<\/p>\n\n\n\n<figure class=\"wp-block-image size-large is-resized\"><img data-recalc-dims=\"1\" loading=\"lazy\" decoding=\"async\" width=\"640\" height=\"908\" src=\"https:\/\/i0.wp.com\/innoticiasbo.com\/wp-content\/uploads\/2026\/04\/image-352.png?resize=640%2C908&#038;ssl=1\" alt=\"\" class=\"wp-image-11598\" style=\"width:840px;height:auto\" srcset=\"https:\/\/i0.wp.com\/innoticiasbo.com\/wp-content\/uploads\/2026\/04\/image-352.png?resize=722%2C1024&amp;ssl=1 722w, https:\/\/i0.wp.com\/innoticiasbo.com\/wp-content\/uploads\/2026\/04\/image-352.png?resize=212%2C300&amp;ssl=1 212w, https:\/\/i0.wp.com\/innoticiasbo.com\/wp-content\/uploads\/2026\/04\/image-352.png?resize=768%2C1089&amp;ssl=1 768w, https:\/\/i0.wp.com\/innoticiasbo.com\/wp-content\/uploads\/2026\/04\/image-352.png?w=1079&amp;ssl=1 1079w\" sizes=\"auto, (max-width: 640px) 100vw, 640px\" \/><\/figure>\n\n\n\n<p><br>De acuerdo con el documento presentado, Siles es investigado por supuesta conducta antiecon\u00f3mica, da\u00f1o econ\u00f3mico al Estado, incumplimiento de deberes y el posible uso de documentaci\u00f3n ideol\u00f3gicamente falsa. La denuncia plantea serias dudas sobre el manejo de sus funciones p\u00fablicas y el impacto de sus acciones en los recursos estatales.<br>El denunciante solicita a la Contralor\u00eda la admisi\u00f3n inmediata del caso, la apertura de una auditor\u00eda especial y la determinaci\u00f3n de responsabilidades en las v\u00edas civil, penal y administrativa. Asimismo, exige la calificaci\u00f3n formal del da\u00f1o econ\u00f3mico, el inicio de acciones para la recuperaci\u00f3n de recursos p\u00fablicos y la remisi\u00f3n de antecedentes al Ministerio P\u00fablico para la correspondiente investigaci\u00f3n penal.<\/p>\n\n\n\n<figure class=\"wp-block-image size-large\"><img data-recalc-dims=\"1\" loading=\"lazy\" decoding=\"async\" width=\"640\" height=\"904\" src=\"https:\/\/i0.wp.com\/innoticiasbo.com\/wp-content\/uploads\/2026\/04\/image-353.png?resize=640%2C904&#038;ssl=1\" alt=\"\" class=\"wp-image-11599\" srcset=\"https:\/\/i0.wp.com\/innoticiasbo.com\/wp-content\/uploads\/2026\/04\/image-353.png?resize=725%2C1024&amp;ssl=1 725w, https:\/\/i0.wp.com\/innoticiasbo.com\/wp-content\/uploads\/2026\/04\/image-353.png?resize=212%2C300&amp;ssl=1 212w, https:\/\/i0.wp.com\/innoticiasbo.com\/wp-content\/uploads\/2026\/04\/image-353.png?resize=768%2C1085&amp;ssl=1 768w, https:\/\/i0.wp.com\/innoticiasbo.com\/wp-content\/uploads\/2026\/04\/image-353.png?w=1079&amp;ssl=1 1079w\" sizes=\"auto, (max-width: 640px) 100vw, 640px\" \/><\/figure>\n\n\n\n<p><br>Seg\u00fan los antecedentes expuestos, Enrique Siles habr\u00eda incurrido en 29 inasistencias a sesiones de la Asamblea Legislativa entre mayo y diciembre de 2025. De estas, 25 estar\u00edan justificadas mediante licencias e invitaciones calificadas como de \u201cdudosa procedencia\u201d, lo que ha encendido las alertas sobre una posible irregularidad sistem\u00e1tica en el ejercicio de sus funciones.<\/p>\n\n\n\n<figure class=\"wp-block-image size-large\"><img data-recalc-dims=\"1\" loading=\"lazy\" decoding=\"async\" width=\"640\" height=\"819\" src=\"https:\/\/i0.wp.com\/innoticiasbo.com\/wp-content\/uploads\/2026\/04\/image-354.png?resize=640%2C819&#038;ssl=1\" alt=\"\" class=\"wp-image-11600\" srcset=\"https:\/\/i0.wp.com\/innoticiasbo.com\/wp-content\/uploads\/2026\/04\/image-354.png?resize=800%2C1024&amp;ssl=1 800w, https:\/\/i0.wp.com\/innoticiasbo.com\/wp-content\/uploads\/2026\/04\/image-354.png?resize=234%2C300&amp;ssl=1 234w, https:\/\/i0.wp.com\/innoticiasbo.com\/wp-content\/uploads\/2026\/04\/image-354.png?resize=768%2C983&amp;ssl=1 768w, https:\/\/i0.wp.com\/innoticiasbo.com\/wp-content\/uploads\/2026\/04\/image-354.png?w=1080&amp;ssl=1 1080w\" sizes=\"auto, (max-width: 640px) 100vw, 640px\" \/><\/figure>\n\n\n\n<p><br>El caso ahora queda en manos de la Contralor\u00eda, que deber\u00e1 evaluar la consistencia de la denuncia y definir las acciones a seguir en uno de los procesos que podr\u00eda convertirse en un nuevo foco de controversia pol\u00edtica y administrativa en el pa\u00eds.<\/p>\n","protected":false},"excerpt":{"rendered":"<p>Santa Cruz, 30 de abril de 2026.- El asamble\u00edsta departamental Pedro Badr\u00e1n present\u00f3 una denuncia formal ante la Contralor\u00eda General del Estado contra el asamble\u00edsta Enrique Siles, actual concejal por Libre para el periodo 2031\u20132026, por la presunta comisi\u00f3n de graves irregularidades administrativas y econ\u00f3micas. De acuerdo con el documento presentado, Siles es investigado por&#8230;<\/p>\n","protected":false},"author":11,"featured_media":11596,"comment_status":"open","ping_status":"open","sticky":false,"template":"","format":"standard","meta":{"_jetpack_memberships_contains_paid_content":false,"footnotes":"","jetpack_publicize_message":"","jetpack_publicize_feature_enabled":true,"jetpack_social_post_already_shared":true,"jetpack_social_options":{"image_generator_settings":{"template":"highway","enabled":false},"version":2}},"categories":[3],"tags":[7,2567,26,2775,2776,2774,10,167],"class_list":["post-11595","post","type-post","status-publish","format-standard","has-post-thumbnail","hentry","category-politica","tag-bolivia","tag-dano-economico","tag-denuncia","tag-enrique-siles","tag-incumplimiento-de-deberes","tag-pedro-badran","tag-politica","tag-santa-cruz"],"jetpack_publicize_connections":[],"yoast_head":"<!-- This site is optimized with the Yoast SEO plugin v23.4 - https:\/\/yoast.com\/wordpress\/plugins\/seo\/ -->\n<title>DENUNCIAN A ENRIQUE SILES ANTE LA CONTRALOR\u00cdA POR PRESUNTO DA\u00d1O ECON\u00d3MICO AL ESTADO Y USO DE DOCUMENTACI\u00d3N IRREGULAR - innoticiasbo.com<\/title>\n<meta name=\"robots\" content=\"index, follow, max-snippet:-1, max-image-preview:large, max-video-preview:-1\" \/>\n<link rel=\"canonical\" href=\"https:\/\/innoticiasbo.com\/index.php\/2026\/04\/30\/denuncian-a-enrique-siles-ante-la-contraloria-por-presunto-dano-economico-al-estado-y-uso-de-documentacion-irregular\/\" \/>\n<meta property=\"og:locale\" content=\"es_ES\" \/>\n<meta property=\"og:type\" content=\"article\" \/>\n<meta property=\"og:title\" content=\"DENUNCIAN A ENRIQUE SILES ANTE LA CONTRALOR\u00cdA POR PRESUNTO DA\u00d1O ECON\u00d3MICO AL ESTADO Y USO DE DOCUMENTACI\u00d3N IRREGULAR - innoticiasbo.com\" \/>\n<meta property=\"og:description\" content=\"Santa Cruz, 30 de abril de 2026.- El asamble\u00edsta departamental Pedro Badr\u00e1n present\u00f3 una denuncia formal ante la Contralor\u00eda General del Estado contra el asamble\u00edsta Enrique Siles, actual concejal por Libre para el periodo 2031\u20132026, por la presunta comisi\u00f3n de graves irregularidades administrativas y econ\u00f3micas. De acuerdo con el documento presentado, Siles es investigado por...\" \/>\n<meta property=\"og:url\" content=\"https:\/\/innoticiasbo.com\/index.php\/2026\/04\/30\/denuncian-a-enrique-siles-ante-la-contraloria-por-presunto-dano-economico-al-estado-y-uso-de-documentacion-irregular\/\" \/>\n<meta property=\"og:site_name\" content=\"innoticiasbo.com\" \/>\n<meta property=\"article:publisher\" content=\"https:\/\/www.facebook.com\/innoticiasbolivia\" \/>\n<meta property=\"article:published_time\" content=\"2026-04-30T16:05:53+00:00\" \/>\n<meta property=\"article:modified_time\" content=\"2026-04-30T16:05:55+00:00\" \/>\n<meta property=\"og:image\" content=\"https:\/\/innoticiasbo.com\/wp-content\/uploads\/2026\/04\/image-350.png\" \/>\n\t<meta property=\"og:image:width\" content=\"294\" \/>\n\t<meta property=\"og:image:height\" content=\"280\" \/>\n\t<meta property=\"og:image:type\" content=\"image\/png\" \/>\n<meta name=\"author\" content=\"Prensa 11\" \/>\n<meta name=\"twitter:card\" content=\"summary_large_image\" \/>\n<meta name=\"twitter:creator\" content=\"@innoticiasbo\" \/>\n<meta name=\"twitter:site\" content=\"@innoticiasbo\" \/>\n<meta name=\"twitter:label1\" content=\"Escrito por\" \/>\n\t<meta name=\"twitter:data1\" content=\"Prensa 11\" \/>\n\t<meta name=\"twitter:label2\" content=\"Tiempo de lectura\" \/>\n\t<meta name=\"twitter:data2\" content=\"3 minutos\" \/>\n<script type=\"application\/ld+json\" class=\"yoast-schema-graph\">{\"@context\":\"https:\/\/schema.org\",\"@graph\":[{\"@type\":\"Article\",\"@id\":\"https:\/\/innoticiasbo.com\/index.php\/2026\/04\/30\/denuncian-a-enrique-siles-ante-la-contraloria-por-presunto-dano-economico-al-estado-y-uso-de-documentacion-irregular\/#article\",\"isPartOf\":{\"@id\":\"https:\/\/innoticiasbo.com\/index.php\/2026\/04\/30\/denuncian-a-enrique-siles-ante-la-contraloria-por-presunto-dano-economico-al-estado-y-uso-de-documentacion-irregular\/\"},\"author\":{\"name\":\"Prensa 11\",\"@id\":\"https:\/\/innoticiasbo.com\/#\/schema\/person\/0b28481e8d0316f83a13bc702311def5\"},\"headline\":\"DENUNCIAN A ENRIQUE SILES ANTE LA CONTRALOR\u00cdA POR PRESUNTO DA\u00d1O ECON\u00d3MICO AL ESTADO Y USO DE DOCUMENTACI\u00d3N IRREGULAR\",\"datePublished\":\"2026-04-30T16:05:53+00:00\",\"dateModified\":\"2026-04-30T16:05:55+00:00\",\"mainEntityOfPage\":{\"@id\":\"https:\/\/innoticiasbo.com\/index.php\/2026\/04\/30\/denuncian-a-enrique-siles-ante-la-contraloria-por-presunto-dano-economico-al-estado-y-uso-de-documentacion-irregular\/\"},\"wordCount\":302,\"commentCount\":0,\"publisher\":{\"@id\":\"https:\/\/innoticiasbo.com\/#organization\"},\"image\":{\"@id\":\"https:\/\/innoticiasbo.com\/index.php\/2026\/04\/30\/denuncian-a-enrique-siles-ante-la-contraloria-por-presunto-dano-economico-al-estado-y-uso-de-documentacion-irregular\/#primaryimage\"},\"thumbnailUrl\":\"https:\/\/i0.wp.com\/innoticiasbo.com\/wp-content\/uploads\/2026\/04\/image-350.png?fit=294%2C280&ssl=1\",\"keywords\":[\"Bolivia\",\"da\u00f1o econ\u00f3mico\",\"denuncia\",\"Enrique Siles\",\"Incumplimiento de deberes\",\"Pedro Badran\",\"Pol\u00edtica\",\"Santa Cruz\"],\"articleSection\":[\"Pol\u00edtica\"],\"inLanguage\":\"es\",\"potentialAction\":[{\"@type\":\"CommentAction\",\"name\":\"Comment\",\"target\":[\"https:\/\/innoticiasbo.com\/index.php\/2026\/04\/30\/denuncian-a-enrique-siles-ante-la-contraloria-por-presunto-dano-economico-al-estado-y-uso-de-documentacion-irregular\/#respond\"]}]},{\"@type\":\"WebPage\",\"@id\":\"https:\/\/innoticiasbo.com\/index.php\/2026\/04\/30\/denuncian-a-enrique-siles-ante-la-contraloria-por-presunto-dano-economico-al-estado-y-uso-de-documentacion-irregular\/\",\"url\":\"https:\/\/innoticiasbo.com\/index.php\/2026\/04\/30\/denuncian-a-enrique-siles-ante-la-contraloria-por-presunto-dano-economico-al-estado-y-uso-de-documentacion-irregular\/\",\"name\":\"DENUNCIAN A ENRIQUE SILES ANTE LA CONTRALOR\u00cdA POR PRESUNTO DA\u00d1O ECON\u00d3MICO AL ESTADO Y USO DE DOCUMENTACI\u00d3N IRREGULAR - innoticiasbo.com\",\"isPartOf\":{\"@id\":\"https:\/\/innoticiasbo.com\/#website\"},\"primaryImageOfPage\":{\"@id\":\"https:\/\/innoticiasbo.com\/index.php\/2026\/04\/30\/denuncian-a-enrique-siles-ante-la-contraloria-por-presunto-dano-economico-al-estado-y-uso-de-documentacion-irregular\/#primaryimage\"},\"image\":{\"@id\":\"https:\/\/innoticiasbo.com\/index.php\/2026\/04\/30\/denuncian-a-enrique-siles-ante-la-contraloria-por-presunto-dano-economico-al-estado-y-uso-de-documentacion-irregular\/#primaryimage\"},\"thumbnailUrl\":\"https:\/\/i0.wp.com\/innoticiasbo.com\/wp-content\/uploads\/2026\/04\/image-350.png?fit=294%2C280&ssl=1\",\"datePublished\":\"2026-04-30T16:05:53+00:00\",\"dateModified\":\"2026-04-30T16:05:55+00:00\",\"breadcrumb\":{\"@id\":\"https:\/\/innoticiasbo.com\/index.php\/2026\/04\/30\/denuncian-a-enrique-siles-ante-la-contraloria-por-presunto-dano-economico-al-estado-y-uso-de-documentacion-irregular\/#breadcrumb\"},\"inLanguage\":\"es\",\"potentialAction\":[{\"@type\":\"ReadAction\",\"target\":[\"https:\/\/innoticiasbo.com\/index.php\/2026\/04\/30\/denuncian-a-enrique-siles-ante-la-contraloria-por-presunto-dano-economico-al-estado-y-uso-de-documentacion-irregular\/\"]}]},{\"@type\":\"ImageObject\",\"inLanguage\":\"es\",\"@id\":\"https:\/\/innoticiasbo.com\/index.php\/2026\/04\/30\/denuncian-a-enrique-siles-ante-la-contraloria-por-presunto-dano-economico-al-estado-y-uso-de-documentacion-irregular\/#primaryimage\",\"url\":\"https:\/\/i0.wp.com\/innoticiasbo.com\/wp-content\/uploads\/2026\/04\/image-350.png?fit=294%2C280&ssl=1\",\"contentUrl\":\"https:\/\/i0.wp.com\/innoticiasbo.com\/wp-content\/uploads\/2026\/04\/image-350.png?fit=294%2C280&ssl=1\",\"width\":294,\"height\":280},{\"@type\":\"BreadcrumbList\",\"@id\":\"https:\/\/innoticiasbo.com\/index.php\/2026\/04\/30\/denuncian-a-enrique-siles-ante-la-contraloria-por-presunto-dano-economico-al-estado-y-uso-de-documentacion-irregular\/#breadcrumb\",\"itemListElement\":[{\"@type\":\"ListItem\",\"position\":1,\"name\":\"Portada\",\"item\":\"https:\/\/innoticiasbo.com\/\"},{\"@type\":\"ListItem\",\"position\":2,\"name\":\"DENUNCIAN A ENRIQUE SILES ANTE LA CONTRALOR\u00cdA POR PRESUNTO DA\u00d1O ECON\u00d3MICO AL ESTADO Y USO DE DOCUMENTACI\u00d3N IRREGULAR\"}]},{\"@type\":\"WebSite\",\"@id\":\"https:\/\/innoticiasbo.com\/#website\",\"url\":\"https:\/\/innoticiasbo.com\/\",\"name\":\"innoticiasbo.com\",\"description\":\"\",\"publisher\":{\"@id\":\"https:\/\/innoticiasbo.com\/#organization\"},\"potentialAction\":[{\"@type\":\"SearchAction\",\"target\":{\"@type\":\"EntryPoint\",\"urlTemplate\":\"https:\/\/innoticiasbo.com\/?s={search_term_string}\"},\"query-input\":{\"@type\":\"PropertyValueSpecification\",\"valueRequired\":true,\"valueName\":\"search_term_string\"}}],\"inLanguage\":\"es\"},{\"@type\":\"Organization\",\"@id\":\"https:\/\/innoticiasbo.com\/#organization\",\"name\":\"innoticiasbo.com\",\"url\":\"https:\/\/innoticiasbo.com\/\",\"logo\":{\"@type\":\"ImageObject\",\"inLanguage\":\"es\",\"@id\":\"https:\/\/innoticiasbo.com\/#\/schema\/logo\/image\/\",\"url\":\"https:\/\/i0.wp.com\/innoticiasbo.com\/wp-content\/uploads\/2026\/04\/cropped-IN-LOGO.png?fit=1476%2C1476&ssl=1\",\"contentUrl\":\"https:\/\/i0.wp.com\/innoticiasbo.com\/wp-content\/uploads\/2026\/04\/cropped-IN-LOGO.png?fit=1476%2C1476&ssl=1\",\"width\":1476,\"height\":1476,\"caption\":\"innoticiasbo.com\"},\"image\":{\"@id\":\"https:\/\/innoticiasbo.com\/#\/schema\/logo\/image\/\"},\"sameAs\":[\"https:\/\/www.facebook.com\/innoticiasbolivia\",\"https:\/\/x.com\/innoticiasbo\",\"https:\/\/www.instagram.com\/innoticiasbo\",\"https:\/\/www.youtube.com\/innoticiasbo\"]},{\"@type\":\"Person\",\"@id\":\"https:\/\/innoticiasbo.com\/#\/schema\/person\/0b28481e8d0316f83a13bc702311def5\",\"name\":\"Prensa 11\",\"image\":{\"@type\":\"ImageObject\",\"inLanguage\":\"es\",\"@id\":\"https:\/\/innoticiasbo.com\/#\/schema\/person\/image\/\",\"url\":\"https:\/\/secure.gravatar.com\/avatar\/696560c17349f1807a610bf83832bad0?s=96&d=mm&r=g\",\"contentUrl\":\"https:\/\/secure.gravatar.com\/avatar\/696560c17349f1807a610bf83832bad0?s=96&d=mm&r=g\",\"caption\":\"Prensa 11\"},\"sameAs\":[\"http:\/\/www.innoticiasbo.com\"],\"url\":\"https:\/\/innoticiasbo.com\/index.php\/author\/prensa-11\/\"}]}<\/script>\n<!-- \/ Yoast SEO plugin. -->","yoast_head_json":{"title":"DENUNCIAN A ENRIQUE SILES ANTE LA CONTRALOR\u00cdA POR PRESUNTO DA\u00d1O ECON\u00d3MICO AL ESTADO Y USO DE DOCUMENTACI\u00d3N IRREGULAR - innoticiasbo.com","robots":{"index":"index","follow":"follow","max-snippet":"max-snippet:-1","max-image-preview":"max-image-preview:large","max-video-preview":"max-video-preview:-1"},"canonical":"https:\/\/innoticiasbo.com\/index.php\/2026\/04\/30\/denuncian-a-enrique-siles-ante-la-contraloria-por-presunto-dano-economico-al-estado-y-uso-de-documentacion-irregular\/","og_locale":"es_ES","og_type":"article","og_title":"DENUNCIAN A ENRIQUE SILES ANTE LA CONTRALOR\u00cdA POR PRESUNTO DA\u00d1O ECON\u00d3MICO AL ESTADO Y USO DE DOCUMENTACI\u00d3N IRREGULAR - innoticiasbo.com","og_description":"Santa Cruz, 30 de abril de 2026.- El asamble\u00edsta departamental Pedro Badr\u00e1n present\u00f3 una denuncia formal ante la Contralor\u00eda General del Estado contra el asamble\u00edsta Enrique Siles, actual concejal por Libre para el periodo 2031\u20132026, por la presunta comisi\u00f3n de graves irregularidades administrativas y econ\u00f3micas. De acuerdo con el documento presentado, Siles es investigado por...","og_url":"https:\/\/innoticiasbo.com\/index.php\/2026\/04\/30\/denuncian-a-enrique-siles-ante-la-contraloria-por-presunto-dano-economico-al-estado-y-uso-de-documentacion-irregular\/","og_site_name":"innoticiasbo.com","article_publisher":"https:\/\/www.facebook.com\/innoticiasbolivia","article_published_time":"2026-04-30T16:05:53+00:00","article_modified_time":"2026-04-30T16:05:55+00:00","og_image":[{"width":294,"height":280,"url":"https:\/\/innoticiasbo.com\/wp-content\/uploads\/2026\/04\/image-350.png","type":"image\/png"}],"author":"Prensa 11","twitter_card":"summary_large_image","twitter_creator":"@innoticiasbo","twitter_site":"@innoticiasbo","twitter_misc":{"Escrito por":"Prensa 11","Tiempo de lectura":"3 minutos"},"schema":{"@context":"https:\/\/schema.org","@graph":[{"@type":"Article","@id":"https:\/\/innoticiasbo.com\/index.php\/2026\/04\/30\/denuncian-a-enrique-siles-ante-la-contraloria-por-presunto-dano-economico-al-estado-y-uso-de-documentacion-irregular\/#article","isPartOf":{"@id":"https:\/\/innoticiasbo.com\/index.php\/2026\/04\/30\/denuncian-a-enrique-siles-ante-la-contraloria-por-presunto-dano-economico-al-estado-y-uso-de-documentacion-irregular\/"},"author":{"name":"Prensa 11","@id":"https:\/\/innoticiasbo.com\/#\/schema\/person\/0b28481e8d0316f83a13bc702311def5"},"headline":"DENUNCIAN A ENRIQUE SILES ANTE LA CONTRALOR\u00cdA POR PRESUNTO DA\u00d1O ECON\u00d3MICO AL ESTADO Y USO DE DOCUMENTACI\u00d3N IRREGULAR","datePublished":"2026-04-30T16:05:53+00:00","dateModified":"2026-04-30T16:05:55+00:00","mainEntityOfPage":{"@id":"https:\/\/innoticiasbo.com\/index.php\/2026\/04\/30\/denuncian-a-enrique-siles-ante-la-contraloria-por-presunto-dano-economico-al-estado-y-uso-de-documentacion-irregular\/"},"wordCount":302,"commentCount":0,"publisher":{"@id":"https:\/\/innoticiasbo.com\/#organization"},"image":{"@id":"https:\/\/innoticiasbo.com\/index.php\/2026\/04\/30\/denuncian-a-enrique-siles-ante-la-contraloria-por-presunto-dano-economico-al-estado-y-uso-de-documentacion-irregular\/#primaryimage"},"thumbnailUrl":"https:\/\/i0.wp.com\/innoticiasbo.com\/wp-content\/uploads\/2026\/04\/image-350.png?fit=294%2C280&ssl=1","keywords":["Bolivia","da\u00f1o econ\u00f3mico","denuncia","Enrique Siles","Incumplimiento de deberes","Pedro Badran","Pol\u00edtica","Santa Cruz"],"articleSection":["Pol\u00edtica"],"inLanguage":"es","potentialAction":[{"@type":"CommentAction","name":"Comment","target":["https:\/\/innoticiasbo.com\/index.php\/2026\/04\/30\/denuncian-a-enrique-siles-ante-la-contraloria-por-presunto-dano-economico-al-estado-y-uso-de-documentacion-irregular\/#respond"]}]},{"@type":"WebPage","@id":"https:\/\/innoticiasbo.com\/index.php\/2026\/04\/30\/denuncian-a-enrique-siles-ante-la-contraloria-por-presunto-dano-economico-al-estado-y-uso-de-documentacion-irregular\/","url":"https:\/\/innoticiasbo.com\/index.php\/2026\/04\/30\/denuncian-a-enrique-siles-ante-la-contraloria-por-presunto-dano-economico-al-estado-y-uso-de-documentacion-irregular\/","name":"DENUNCIAN A ENRIQUE SILES ANTE LA CONTRALOR\u00cdA POR PRESUNTO DA\u00d1O ECON\u00d3MICO AL ESTADO Y USO DE DOCUMENTACI\u00d3N IRREGULAR - innoticiasbo.com","isPartOf":{"@id":"https:\/\/innoticiasbo.com\/#website"},"primaryImageOfPage":{"@id":"https:\/\/innoticiasbo.com\/index.php\/2026\/04\/30\/denuncian-a-enrique-siles-ante-la-contraloria-por-presunto-dano-economico-al-estado-y-uso-de-documentacion-irregular\/#primaryimage"},"image":{"@id":"https:\/\/innoticiasbo.com\/index.php\/2026\/04\/30\/denuncian-a-enrique-siles-ante-la-contraloria-por-presunto-dano-economico-al-estado-y-uso-de-documentacion-irregular\/#primaryimage"},"thumbnailUrl":"https:\/\/i0.wp.com\/innoticiasbo.com\/wp-content\/uploads\/2026\/04\/image-350.png?fit=294%2C280&ssl=1","datePublished":"2026-04-30T16:05:53+00:00","dateModified":"2026-04-30T16:05:55+00:00","breadcrumb":{"@id":"https:\/\/innoticiasbo.com\/index.php\/2026\/04\/30\/denuncian-a-enrique-siles-ante-la-contraloria-por-presunto-dano-economico-al-estado-y-uso-de-documentacion-irregular\/#breadcrumb"},"inLanguage":"es","potentialAction":[{"@type":"ReadAction","target":["https:\/\/innoticiasbo.com\/index.php\/2026\/04\/30\/denuncian-a-enrique-siles-ante-la-contraloria-por-presunto-dano-economico-al-estado-y-uso-de-documentacion-irregular\/"]}]},{"@type":"ImageObject","inLanguage":"es","@id":"https:\/\/innoticiasbo.com\/index.php\/2026\/04\/30\/denuncian-a-enrique-siles-ante-la-contraloria-por-presunto-dano-economico-al-estado-y-uso-de-documentacion-irregular\/#primaryimage","url":"https:\/\/i0.wp.com\/innoticiasbo.com\/wp-content\/uploads\/2026\/04\/image-350.png?fit=294%2C280&ssl=1","contentUrl":"https:\/\/i0.wp.com\/innoticiasbo.com\/wp-content\/uploads\/2026\/04\/image-350.png?fit=294%2C280&ssl=1","width":294,"height":280},{"@type":"BreadcrumbList","@id":"https:\/\/innoticiasbo.com\/index.php\/2026\/04\/30\/denuncian-a-enrique-siles-ante-la-contraloria-por-presunto-dano-economico-al-estado-y-uso-de-documentacion-irregular\/#breadcrumb","itemListElement":[{"@type":"ListItem","position":1,"name":"Portada","item":"https:\/\/innoticiasbo.com\/"},{"@type":"ListItem","position":2,"name":"DENUNCIAN A ENRIQUE SILES ANTE LA CONTRALOR\u00cdA POR PRESUNTO DA\u00d1O ECON\u00d3MICO AL ESTADO Y USO DE DOCUMENTACI\u00d3N IRREGULAR"}]},{"@type":"WebSite","@id":"https:\/\/innoticiasbo.com\/#website","url":"https:\/\/innoticiasbo.com\/","name":"innoticiasbo.com","description":"","publisher":{"@id":"https:\/\/innoticiasbo.com\/#organization"},"potentialAction":[{"@type":"SearchAction","target":{"@type":"EntryPoint","urlTemplate":"https:\/\/innoticiasbo.com\/?s={search_term_string}"},"query-input":{"@type":"PropertyValueSpecification","valueRequired":true,"valueName":"search_term_string"}}],"inLanguage":"es"},{"@type":"Organization","@id":"https:\/\/innoticiasbo.com\/#organization","name":"innoticiasbo.com","url":"https:\/\/innoticiasbo.com\/","logo":{"@type":"ImageObject","inLanguage":"es","@id":"https:\/\/innoticiasbo.com\/#\/schema\/logo\/image\/","url":"https:\/\/i0.wp.com\/innoticiasbo.com\/wp-content\/uploads\/2026\/04\/cropped-IN-LOGO.png?fit=1476%2C1476&ssl=1","contentUrl":"https:\/\/i0.wp.com\/innoticiasbo.com\/wp-content\/uploads\/2026\/04\/cropped-IN-LOGO.png?fit=1476%2C1476&ssl=1","width":1476,"height":1476,"caption":"innoticiasbo.com"},"image":{"@id":"https:\/\/innoticiasbo.com\/#\/schema\/logo\/image\/"},"sameAs":["https:\/\/www.facebook.com\/innoticiasbolivia","https:\/\/x.com\/innoticiasbo","https:\/\/www.instagram.com\/innoticiasbo","https:\/\/www.youtube.com\/innoticiasbo"]},{"@type":"Person","@id":"https:\/\/innoticiasbo.com\/#\/schema\/person\/0b28481e8d0316f83a13bc702311def5","name":"Prensa 11","image":{"@type":"ImageObject","inLanguage":"es","@id":"https:\/\/innoticiasbo.com\/#\/schema\/person\/image\/","url":"https:\/\/secure.gravatar.com\/avatar\/696560c17349f1807a610bf83832bad0?s=96&d=mm&r=g","contentUrl":"https:\/\/secure.gravatar.com\/avatar\/696560c17349f1807a610bf83832bad0?s=96&d=mm&r=g","caption":"Prensa 11"},"sameAs":["http:\/\/www.innoticiasbo.com"],"url":"https:\/\/innoticiasbo.com\/index.php\/author\/prensa-11\/"}]}},"jetpack_featured_media_url":"https:\/\/i0.wp.com\/innoticiasbo.com\/wp-content\/uploads\/2026\/04\/image-350.png?fit=294%2C280&ssl=1","jetpack_likes_enabled":true,"jetpack_sharing_enabled":true,"jetpack_shortlink":"https:\/\/wp.me\/pg298x-311","_links":{"self":[{"href":"https:\/\/innoticiasbo.com\/index.php\/wp-json\/wp\/v2\/posts\/11595","targetHints":{"allow":["GET"]}}],"collection":[{"href":"https:\/\/innoticiasbo.com\/index.php\/wp-json\/wp\/v2\/posts"}],"about":[{"href":"https:\/\/innoticiasbo.com\/index.php\/wp-json\/wp\/v2\/types\/post"}],"author":[{"embeddable":true,"href":"https:\/\/innoticiasbo.com\/index.php\/wp-json\/wp\/v2\/users\/11"}],"replies":[{"embeddable":true,"href":"https:\/\/innoticiasbo.com\/index.php\/wp-json\/wp\/v2\/comments?post=11595"}],"version-history":[{"count":1,"href":"https:\/\/innoticiasbo.com\/index.php\/wp-json\/wp\/v2\/posts\/11595\/revisions"}],"predecessor-version":[{"id":11601,"href":"https:\/\/innoticiasbo.com\/index.php\/wp-json\/wp\/v2\/posts\/11595\/revisions\/11601"}],"wp:featuredmedia":[{"embeddable":true,"href":"https:\/\/innoticiasbo.com\/index.php\/wp-json\/wp\/v2\/media\/11596"}],"wp:attachment":[{"href":"https:\/\/innoticiasbo.com\/index.php\/wp-json\/wp\/v2\/media?parent=11595"}],"wp:term":[{"taxonomy":"category","embeddable":true,"href":"https:\/\/innoticiasbo.com\/index.php\/wp-json\/wp\/v2\/categories?post=11595"},{"taxonomy":"post_tag","embeddable":true,"href":"https:\/\/innoticiasbo.com\/index.php\/wp-json\/wp\/v2\/tags?post=11595"}],"curies":[{"name":"wp","href":"https:\/\/api.w.org\/{rel}","templated":true}]}}